{"id":251786,"date":"2024-01-23T08:42:17","date_gmt":"2024-01-23T11:42:17","guid":{"rendered":"https:\/\/diariotextual.com\/inicio\/?p=251786"},"modified":"2024-01-23T08:54:31","modified_gmt":"2024-01-23T11:54:31","slug":"milei-encabeza-una-reunion-de-gabinete-para-analizar-el-avance-de-la-ley-omnibus","status":"publish","type":"post","link":"https:\/\/diariotextual.com\/inicio\/index.php\/2024\/01\/23\/milei-encabeza-una-reunion-de-gabinete-para-analizar-el-avance-de-la-ley-omnibus\/","title":{"rendered":"Milei encabeza una reuni\u00f3n de gabinete para analizar el avance de la ley \u00f3mnibus"},"content":{"rendered":"\n<p>El presidente Javier Milei encabeza en la Casa Rosada una reuni\u00f3n del gabinete nacional con foco en el Congreso nacional, donde el Gobierno espera que haya dictamen y pronto tratamiento de la\u00a0<strong>ley de \u201cBases y Puntos de Partida para la Libertad de los Argentinos\u201d, tambi\u00e9n conocida como ley \u00f3mnibus<\/strong>.<\/p>\n\n\n\n<figure class=\"wp-block-embed is-type-wp-embed is-provider-diario-textual wp-block-embed-diario-textual\"><div class=\"wp-block-embed__wrapper\">\n<blockquote class=\"wp-embedded-content\" data-secret=\"JE2BYkjiEG\"><a href=\"https:\/\/diariotextual.com\/inicio\/index.php\/2024\/01\/22\/el-gobierno-envio-al-congreso-un-nuevo-proyecto-de-ley-omnibus-con-cambios\/\">Ley \u00d3mnibus: uno por uno, todos los cambios que introdujo el Gobierno<\/a><\/blockquote><iframe class=\"wp-embedded-content\" sandbox=\"allow-scripts\" security=\"restricted\" style=\"position: absolute; clip: rect(1px, 1px, 1px, 1px);\" title=\"\u00abLey \u00d3mnibus: uno por uno, todos los cambios que introdujo el Gobierno\u00bb \u2014 Diario Textual\" src=\"https:\/\/diariotextual.com\/inicio\/index.php\/2024\/01\/22\/el-gobierno-envio-al-congreso-un-nuevo-proyecto-de-ley-omnibus-con-cambios\/embed\/#?secret=rOEP3eQcXs#?secret=JE2BYkjiEG\" data-secret=\"JE2BYkjiEG\" width=\"600\" height=\"338\" frameborder=\"0\" marginwidth=\"0\" marginheight=\"0\" scrolling=\"no\"><\/iframe>\n<\/div><\/figure>\n\n\n\n<p><br><br>La reuni\u00f3n se desarrolla a partir de las 8.30 de este martes en el Sal\u00f3n Eva Per\u00f3n de Casa de Gobierno y, de esa forma, el gabinete volver\u00e1 a deliberar tras haberlo por hecho por \u00faltima vez el domingo 14 de enero en la residencia presidencial de Olivos.<\/p>\n\n\n\n<p><br>Ese encuentro se llev\u00f3 a cabo horas antes de que Milei partiera a Davos, donde la semana pasada particip\u00f3 del Foro Econ\u00f3mico Mundial que se realiza anualmente en esa ciudad de Suiza.<br><br>Por su parte, el vocero presidencial,&nbsp;<strong>Manuel Adorni<\/strong>, tiene previsto ofrecer su conferencia de prensa a las 11, como lo hace habitualmente, en la Casa de Gobierno.<br><br>A su vez, el secretario de Comunicaci\u00f3n y Prensa,&nbsp;<strong>Eduardo Serenellini<\/strong>, recibir\u00e1 a las 12 a miembros de la Asociaci\u00f3n Radiodifusoras Privadas de Argentina (ARPA).<br><br>M\u00e1s tarde, a las 14.30, tiene pautado entrevistarse con autoridades de las Confederaciones Rurales Argentinas (CRA); y las 15 con directivos del Consejo Profesional de Ciencias Econ\u00f3micas (CPCE).<br><br>En tanto, el ministro de Infraestructura,&nbsp;<strong>Guillermo Ferraro<\/strong>, a las 16 mantendr\u00e1 un encuentro de trabajo con el gobernador de Corrientes,&nbsp;<strong>Gustavo Vald\u00e9s<\/strong>, para analizar las obras en la provincia.<br><br>De acuerdo a lo informado a T\u00e9lam, la titular de la cartera de Seguridad,&nbsp;<strong>Patricia Bullrich<\/strong>, a las 17 tiene pautado un encuentro con el intendente de Santa Fe,&nbsp;<strong>Juan Pablo Poletti<\/strong>.<\/p>\n","protected":false},"excerpt":{"rendered":"<p>El presidente Javier Milei encabeza en la Casa Rosada una reuni\u00f3n del gabinete nacional con foco en el Congreso nacional, donde el Gobierno espera que haya dictamen y pronto tratamiento&hellip;<\/p>\n","protected":false},"author":3,"featured_media":251789,"comment_status":"closed","ping_status":"open","sticky":false,"template":"","format":"standard","meta":{"_acf_changed":false,"footnotes":""},"categories":[1,8],"tags":[],"class_list":["post-251786","post","type-post","status-publish","format-standard","has-post-thumbnail","hentry","category-es-noticia","category-politica"],"acf":[],"yoast_head":"<!-- This site is optimized with the Yoast SEO plugin v27.5 - https:\/\/yoast.com\/product\/yoast-seo-wordpress\/ -->\n<title>Milei encabeza una reuni\u00f3n de gabinete para analizar el avance de la ley \u00f3mnibus - Diario Textual<\/title>\n<meta name=\"robots\" content=\"index, follow, max-snippet:-1, max-image-preview:large, max-video-preview:-1\" \/>\n<link rel=\"canonical\" href=\"https:\/\/diariotextual.com\/inicio\/index.php\/2024\/01\/23\/milei-encabeza-una-reunion-de-gabinete-para-analizar-el-avance-de-la-ley-omnibus\/\" \/>\n<meta property=\"og:locale\" content=\"es_ES\" \/>\n<meta property=\"og:type\" content=\"article\" \/>\n<meta property=\"og:title\" content=\"Milei encabeza una reuni\u00f3n de gabinete para analizar el avance de la ley \u00f3mnibus - Diario Textual\" \/>\n<meta property=\"og:description\" content=\"El presidente Javier Milei encabeza en la Casa Rosada una reuni\u00f3n del gabinete nacional con foco en el Congreso nacional, donde el Gobierno espera que haya dictamen y pronto tratamiento&hellip;\" \/>\n<meta property=\"og:url\" content=\"https:\/\/diariotextual.com\/inicio\/index.php\/2024\/01\/23\/milei-encabeza-una-reunion-de-gabinete-para-analizar-el-avance-de-la-ley-omnibus\/\" \/>\n<meta property=\"og:site_name\" content=\"Diario Textual\" \/>\n<meta property=\"article:publisher\" content=\"https:\/\/www.facebook.com\/eltextual\" \/>\n<meta property=\"article:published_time\" content=\"2024-01-23T11:42:17+00:00\" \/>\n<meta property=\"article:modified_time\" content=\"2024-01-23T11:54:31+00:00\" \/>\n<meta property=\"og:image\" content=\"https:\/\/diariotextual.com\/inicio\/wp-content\/uploads\/2024\/01\/mileijavier2024-9808080.jpg\" \/>\n\t<meta property=\"og:image:width\" content=\"1200\" \/>\n\t<meta property=\"og:image:height\" content=\"675\" \/>\n\t<meta property=\"og:image:type\" content=\"image\/jpeg\" \/>\n<meta name=\"author\" content=\"Diario1 Diario1\" \/>\n<meta name=\"twitter:card\" content=\"summary_large_image\" \/>\n<meta name=\"twitter:creator\" content=\"@eltextual\" \/>\n<meta name=\"twitter:site\" content=\"@eltextual\" \/>\n<meta name=\"twitter:label1\" content=\"Escrito por\" \/>\n\t<meta name=\"twitter:data1\" content=\"Diario1 Diario1\" \/>\n\t<meta name=\"twitter:label2\" content=\"Tiempo de lectura\" \/>\n\t<meta name=\"twitter:data2\" content=\"2 minutos\" \/>\n<script type=\"application\/ld+json\" class=\"yoast-schema-graph\">{\"@context\":\"https:\\\/\\\/schema.org\",\"@graph\":[{\"@type\":\"Article\",\"@id\":\"https:\\\/\\\/diariotextual.com\\\/inicio\\\/index.php\\\/2024\\\/01\\\/23\\\/milei-encabeza-una-reunion-de-gabinete-para-analizar-el-avance-de-la-ley-omnibus\\\/#article\",\"isPartOf\":{\"@id\":\"https:\\\/\\\/diariotextual.com\\\/inicio\\\/index.php\\\/2024\\\/01\\\/23\\\/milei-encabeza-una-reunion-de-gabinete-para-analizar-el-avance-de-la-ley-omnibus\\\/\"},\"author\":{\"name\":\"Diario1 Diario1\",\"@id\":\"https:\\\/\\\/diariotextual.com\\\/inicio\\\/#\\\/schema\\\/person\\\/418fc4093c33e86ed41562db3508f958\"},\"headline\":\"Milei encabeza una reuni\u00f3n de gabinete para analizar el avance de la ley \u00f3mnibus\",\"datePublished\":\"2024-01-23T11:42:17+00:00\",\"dateModified\":\"2024-01-23T11:54:31+00:00\",\"mainEntityOfPage\":{\"@id\":\"https:\\\/\\\/diariotextual.com\\\/inicio\\\/index.php\\\/2024\\\/01\\\/23\\\/milei-encabeza-una-reunion-de-gabinete-para-analizar-el-avance-de-la-ley-omnibus\\\/\"},\"wordCount\":304,\"publisher\":{\"@id\":\"https:\\\/\\\/diariotextual.com\\\/inicio\\\/#organization\"},\"image\":{\"@id\":\"https:\\\/\\\/diariotextual.com\\\/inicio\\\/index.php\\\/2024\\\/01\\\/23\\\/milei-encabeza-una-reunion-de-gabinete-para-analizar-el-avance-de-la-ley-omnibus\\\/#primaryimage\"},\"thumbnailUrl\":\"https:\\\/\\\/diariotextual.com\\\/inicio\\\/wp-content\\\/uploads\\\/2024\\\/01\\\/mileijavier2024-9808080.jpg\",\"articleSection\":[\"A - ES NOTICIA (van abajo)\",\"POLITICA\"],\"inLanguage\":\"es\"},{\"@type\":\"WebPage\",\"@id\":\"https:\\\/\\\/diariotextual.com\\\/inicio\\\/index.php\\\/2024\\\/01\\\/23\\\/milei-encabeza-una-reunion-de-gabinete-para-analizar-el-avance-de-la-ley-omnibus\\\/\",\"url\":\"https:\\\/\\\/diariotextual.com\\\/inicio\\\/index.php\\\/2024\\\/01\\\/23\\\/milei-encabeza-una-reunion-de-gabinete-para-analizar-el-avance-de-la-ley-omnibus\\\/\",\"name\":\"Milei encabeza una reuni\u00f3n de gabinete para analizar el avance de la ley \u00f3mnibus - Diario Textual\",\"isPartOf\":{\"@id\":\"https:\\\/\\\/diariotextual.com\\\/inicio\\\/#website\"},\"primaryImageOfPage\":{\"@id\":\"https:\\\/\\\/diariotextual.com\\\/inicio\\\/index.php\\\/2024\\\/01\\\/23\\\/milei-encabeza-una-reunion-de-gabinete-para-analizar-el-avance-de-la-ley-omnibus\\\/#primaryimage\"},\"image\":{\"@id\":\"https:\\\/\\\/diariotextual.com\\\/inicio\\\/index.php\\\/2024\\\/01\\\/23\\\/milei-encabeza-una-reunion-de-gabinete-para-analizar-el-avance-de-la-ley-omnibus\\\/#primaryimage\"},\"thumbnailUrl\":\"https:\\\/\\\/diariotextual.com\\\/inicio\\\/wp-content\\\/uploads\\\/2024\\\/01\\\/mileijavier2024-9808080.jpg\",\"datePublished\":\"2024-01-23T11:42:17+00:00\",\"dateModified\":\"2024-01-23T11:54:31+00:00\",\"breadcrumb\":{\"@id\":\"https:\\\/\\\/diariotextual.com\\\/inicio\\\/index.php\\\/2024\\\/01\\\/23\\\/milei-encabeza-una-reunion-de-gabinete-para-analizar-el-avance-de-la-ley-omnibus\\\/#breadcrumb\"},\"inLanguage\":\"es\",\"potentialAction\":[{\"@type\":\"ReadAction\",\"target\":[\"https:\\\/\\\/diariotextual.com\\\/inicio\\\/index.php\\\/2024\\\/01\\\/23\\\/milei-encabeza-una-reunion-de-gabinete-para-analizar-el-avance-de-la-ley-omnibus\\\/\"]}]},{\"@type\":\"ImageObject\",\"inLanguage\":\"es\",\"@id\":\"https:\\\/\\\/diariotextual.com\\\/inicio\\\/index.php\\\/2024\\\/01\\\/23\\\/milei-encabeza-una-reunion-de-gabinete-para-analizar-el-avance-de-la-ley-omnibus\\\/#primaryimage\",\"url\":\"https:\\\/\\\/diariotextual.com\\\/inicio\\\/wp-content\\\/uploads\\\/2024\\\/01\\\/mileijavier2024-9808080.jpg\",\"contentUrl\":\"https:\\\/\\\/diariotextual.com\\\/inicio\\\/wp-content\\\/uploads\\\/2024\\\/01\\\/mileijavier2024-9808080.jpg\",\"width\":1200,\"height\":675},{\"@type\":\"BreadcrumbList\",\"@id\":\"https:\\\/\\\/diariotextual.com\\\/inicio\\\/index.php\\\/2024\\\/01\\\/23\\\/milei-encabeza-una-reunion-de-gabinete-para-analizar-el-avance-de-la-ley-omnibus\\\/#breadcrumb\",\"itemListElement\":[{\"@type\":\"ListItem\",\"position\":1,\"name\":\"Portada\",\"item\":\"https:\\\/\\\/diariotextual.com\\\/inicio\\\/\"},{\"@type\":\"ListItem\",\"position\":2,\"name\":\"Milei encabeza una reuni\u00f3n de gabinete para analizar el avance de la ley \u00f3mnibus\"}]},{\"@type\":\"WebSite\",\"@id\":\"https:\\\/\\\/diariotextual.com\\\/inicio\\\/#website\",\"url\":\"https:\\\/\\\/diariotextual.com\\\/inicio\\\/\",\"name\":\"Diario Textual\",\"description\":\"\",\"publisher\":{\"@id\":\"https:\\\/\\\/diariotextual.com\\\/inicio\\\/#organization\"},\"potentialAction\":[{\"@type\":\"SearchAction\",\"target\":{\"@type\":\"EntryPoint\",\"urlTemplate\":\"https:\\\/\\\/diariotextual.com\\\/inicio\\\/?s={search_term_string}\"},\"query-input\":{\"@type\":\"PropertyValueSpecification\",\"valueRequired\":true,\"valueName\":\"search_term_string\"}}],\"inLanguage\":\"es\"},{\"@type\":\"Organization\",\"@id\":\"https:\\\/\\\/diariotextual.com\\\/inicio\\\/#organization\",\"name\":\"Diario Textual\",\"url\":\"https:\\\/\\\/diariotextual.com\\\/inicio\\\/\",\"logo\":{\"@type\":\"ImageObject\",\"inLanguage\":\"es\",\"@id\":\"https:\\\/\\\/diariotextual.com\\\/inicio\\\/#\\\/schema\\\/logo\\\/image\\\/\",\"url\":\"https:\\\/\\\/diariotextual.com\\\/inicio\\\/wp-content\\\/uploads\\\/2023\\\/05\\\/logotextual1.jpg\",\"contentUrl\":\"https:\\\/\\\/diariotextual.com\\\/inicio\\\/wp-content\\\/uploads\\\/2023\\\/05\\\/logotextual1.jpg\",\"width\":516,\"height\":76,\"caption\":\"Diario Textual\"},\"image\":{\"@id\":\"https:\\\/\\\/diariotextual.com\\\/inicio\\\/#\\\/schema\\\/logo\\\/image\\\/\"},\"sameAs\":[\"https:\\\/\\\/www.facebook.com\\\/eltextual\",\"https:\\\/\\\/x.com\\\/eltextual\",\"http:\\\/\\\/www.instagram.com\\\/eltextual\"]},{\"@type\":\"Person\",\"@id\":\"https:\\\/\\\/diariotextual.com\\\/inicio\\\/#\\\/schema\\\/person\\\/418fc4093c33e86ed41562db3508f958\",\"name\":\"Diario1 Diario1\",\"image\":{\"@type\":\"ImageObject\",\"inLanguage\":\"es\",\"@id\":\"https:\\\/\\\/secure.gravatar.com\\\/avatar\\\/9167d280179c85bc18be67aa7eda765854300033af4896dd779b608640f2ef7a?s=96&d=mm&r=g\",\"url\":\"https:\\\/\\\/secure.gravatar.com\\\/avatar\\\/9167d280179c85bc18be67aa7eda765854300033af4896dd779b608640f2ef7a?s=96&d=mm&r=g\",\"contentUrl\":\"https:\\\/\\\/secure.gravatar.com\\\/avatar\\\/9167d280179c85bc18be67aa7eda765854300033af4896dd779b608640f2ef7a?s=96&d=mm&r=g\",\"caption\":\"Diario1 Diario1\"},\"url\":\"https:\\\/\\\/diariotextual.com\\\/inicio\\\/index.php\\\/author\\\/diario1\\\/\"}]}<\/script>\n<!-- \/ Yoast SEO plugin. -->","yoast_head_json":{"title":"Milei encabeza una reuni\u00f3n de gabinete para analizar el avance de la ley \u00f3mnibus - Diario Textual","robots":{"index":"index","follow":"follow","max-snippet":"max-snippet:-1","max-image-preview":"max-image-preview:large","max-video-preview":"max-video-preview:-1"},"canonical":"https:\/\/diariotextual.com\/inicio\/index.php\/2024\/01\/23\/milei-encabeza-una-reunion-de-gabinete-para-analizar-el-avance-de-la-ley-omnibus\/","og_locale":"es_ES","og_type":"article","og_title":"Milei encabeza una reuni\u00f3n de gabinete para analizar el avance de la ley \u00f3mnibus - Diario Textual","og_description":"El presidente Javier Milei encabeza en la Casa Rosada una reuni\u00f3n del gabinete nacional con foco en el Congreso nacional, donde el Gobierno espera que haya dictamen y pronto tratamiento&hellip;","og_url":"https:\/\/diariotextual.com\/inicio\/index.php\/2024\/01\/23\/milei-encabeza-una-reunion-de-gabinete-para-analizar-el-avance-de-la-ley-omnibus\/","og_site_name":"Diario Textual","article_publisher":"https:\/\/www.facebook.com\/eltextual","article_published_time":"2024-01-23T11:42:17+00:00","article_modified_time":"2024-01-23T11:54:31+00:00","og_image":[{"width":1200,"height":675,"url":"https:\/\/diariotextual.com\/inicio\/wp-content\/uploads\/2024\/01\/mileijavier2024-9808080.jpg","type":"image\/jpeg"}],"author":"Diario1 Diario1","twitter_card":"summary_large_image","twitter_creator":"@eltextual","twitter_site":"@eltextual","twitter_misc":{"Escrito por":"Diario1 Diario1","Tiempo de lectura":"2 minutos"},"schema":{"@context":"https:\/\/schema.org","@graph":[{"@type":"Article","@id":"https:\/\/diariotextual.com\/inicio\/index.php\/2024\/01\/23\/milei-encabeza-una-reunion-de-gabinete-para-analizar-el-avance-de-la-ley-omnibus\/#article","isPartOf":{"@id":"https:\/\/diariotextual.com\/inicio\/index.php\/2024\/01\/23\/milei-encabeza-una-reunion-de-gabinete-para-analizar-el-avance-de-la-ley-omnibus\/"},"author":{"name":"Diario1 Diario1","@id":"https:\/\/diariotextual.com\/inicio\/#\/schema\/person\/418fc4093c33e86ed41562db3508f958"},"headline":"Milei encabeza una reuni\u00f3n de gabinete para analizar el avance de la ley \u00f3mnibus","datePublished":"2024-01-23T11:42:17+00:00","dateModified":"2024-01-23T11:54:31+00:00","mainEntityOfPage":{"@id":"https:\/\/diariotextual.com\/inicio\/index.php\/2024\/01\/23\/milei-encabeza-una-reunion-de-gabinete-para-analizar-el-avance-de-la-ley-omnibus\/"},"wordCount":304,"publisher":{"@id":"https:\/\/diariotextual.com\/inicio\/#organization"},"image":{"@id":"https:\/\/diariotextual.com\/inicio\/index.php\/2024\/01\/23\/milei-encabeza-una-reunion-de-gabinete-para-analizar-el-avance-de-la-ley-omnibus\/#primaryimage"},"thumbnailUrl":"https:\/\/diariotextual.com\/inicio\/wp-content\/uploads\/2024\/01\/mileijavier2024-9808080.jpg","articleSection":["A - ES NOTICIA (van abajo)","POLITICA"],"inLanguage":"es"},{"@type":"WebPage","@id":"https:\/\/diariotextual.com\/inicio\/index.php\/2024\/01\/23\/milei-encabeza-una-reunion-de-gabinete-para-analizar-el-avance-de-la-ley-omnibus\/","url":"https:\/\/diariotextual.com\/inicio\/index.php\/2024\/01\/23\/milei-encabeza-una-reunion-de-gabinete-para-analizar-el-avance-de-la-ley-omnibus\/","name":"Milei encabeza una reuni\u00f3n de gabinete para analizar el avance de la ley \u00f3mnibus - Diario Textual","isPartOf":{"@id":"https:\/\/diariotextual.com\/inicio\/#website"},"primaryImageOfPage":{"@id":"https:\/\/diariotextual.com\/inicio\/index.php\/2024\/01\/23\/milei-encabeza-una-reunion-de-gabinete-para-analizar-el-avance-de-la-ley-omnibus\/#primaryimage"},"image":{"@id":"https:\/\/diariotextual.com\/inicio\/index.php\/2024\/01\/23\/milei-encabeza-una-reunion-de-gabinete-para-analizar-el-avance-de-la-ley-omnibus\/#primaryimage"},"thumbnailUrl":"https:\/\/diariotextual.com\/inicio\/wp-content\/uploads\/2024\/01\/mileijavier2024-9808080.jpg","datePublished":"2024-01-23T11:42:17+00:00","dateModified":"2024-01-23T11:54:31+00:00","breadcrumb":{"@id":"https:\/\/diariotextual.com\/inicio\/index.php\/2024\/01\/23\/milei-encabeza-una-reunion-de-gabinete-para-analizar-el-avance-de-la-ley-omnibus\/#breadcrumb"},"inLanguage":"es","potentialAction":[{"@type":"ReadAction","target":["https:\/\/diariotextual.com\/inicio\/index.php\/2024\/01\/23\/milei-encabeza-una-reunion-de-gabinete-para-analizar-el-avance-de-la-ley-omnibus\/"]}]},{"@type":"ImageObject","inLanguage":"es","@id":"https:\/\/diariotextual.com\/inicio\/index.php\/2024\/01\/23\/milei-encabeza-una-reunion-de-gabinete-para-analizar-el-avance-de-la-ley-omnibus\/#primaryimage","url":"https:\/\/diariotextual.com\/inicio\/wp-content\/uploads\/2024\/01\/mileijavier2024-9808080.jpg","contentUrl":"https:\/\/diariotextual.com\/inicio\/wp-content\/uploads\/2024\/01\/mileijavier2024-9808080.jpg","width":1200,"height":675},{"@type":"BreadcrumbList","@id":"https:\/\/diariotextual.com\/inicio\/index.php\/2024\/01\/23\/milei-encabeza-una-reunion-de-gabinete-para-analizar-el-avance-de-la-ley-omnibus\/#breadcrumb","itemListElement":[{"@type":"ListItem","position":1,"name":"Portada","item":"https:\/\/diariotextual.com\/inicio\/"},{"@type":"ListItem","position":2,"name":"Milei encabeza una reuni\u00f3n de gabinete para analizar el avance de la ley \u00f3mnibus"}]},{"@type":"WebSite","@id":"https:\/\/diariotextual.com\/inicio\/#website","url":"https:\/\/diariotextual.com\/inicio\/","name":"Diario Textual","description":"","publisher":{"@id":"https:\/\/diariotextual.com\/inicio\/#organization"},"potentialAction":[{"@type":"SearchAction","target":{"@type":"EntryPoint","urlTemplate":"https:\/\/diariotextual.com\/inicio\/?s={search_term_string}"},"query-input":{"@type":"PropertyValueSpecification","valueRequired":true,"valueName":"search_term_string"}}],"inLanguage":"es"},{"@type":"Organization","@id":"https:\/\/diariotextual.com\/inicio\/#organization","name":"Diario Textual","url":"https:\/\/diariotextual.com\/inicio\/","logo":{"@type":"ImageObject","inLanguage":"es","@id":"https:\/\/diariotextual.com\/inicio\/#\/schema\/logo\/image\/","url":"https:\/\/diariotextual.com\/inicio\/wp-content\/uploads\/2023\/05\/logotextual1.jpg","contentUrl":"https:\/\/diariotextual.com\/inicio\/wp-content\/uploads\/2023\/05\/logotextual1.jpg","width":516,"height":76,"caption":"Diario Textual"},"image":{"@id":"https:\/\/diariotextual.com\/inicio\/#\/schema\/logo\/image\/"},"sameAs":["https:\/\/www.facebook.com\/eltextual","https:\/\/x.com\/eltextual","http:\/\/www.instagram.com\/eltextual"]},{"@type":"Person","@id":"https:\/\/diariotextual.com\/inicio\/#\/schema\/person\/418fc4093c33e86ed41562db3508f958","name":"Diario1 Diario1","image":{"@type":"ImageObject","inLanguage":"es","@id":"https:\/\/secure.gravatar.com\/avatar\/9167d280179c85bc18be67aa7eda765854300033af4896dd779b608640f2ef7a?s=96&d=mm&r=g","url":"https:\/\/secure.gravatar.com\/avatar\/9167d280179c85bc18be67aa7eda765854300033af4896dd779b608640f2ef7a?s=96&d=mm&r=g","contentUrl":"https:\/\/secure.gravatar.com\/avatar\/9167d280179c85bc18be67aa7eda765854300033af4896dd779b608640f2ef7a?s=96&d=mm&r=g","caption":"Diario1 Diario1"},"url":"https:\/\/diariotextual.com\/inicio\/index.php\/author\/diario1\/"}]}},"_links":{"self":[{"href":"https:\/\/diariotextual.com\/inicio\/index.php\/wp-json\/wp\/v2\/posts\/251786","targetHints":{"allow":["GET"]}}],"collection":[{"href":"https:\/\/diariotextual.com\/inicio\/index.php\/wp-json\/wp\/v2\/posts"}],"about":[{"href":"https:\/\/diariotextual.com\/inicio\/index.php\/wp-json\/wp\/v2\/types\/post"}],"author":[{"embeddable":true,"href":"https:\/\/diariotextual.com\/inicio\/index.php\/wp-json\/wp\/v2\/users\/3"}],"replies":[{"embeddable":true,"href":"https:\/\/diariotextual.com\/inicio\/index.php\/wp-json\/wp\/v2\/comments?post=251786"}],"version-history":[{"count":2,"href":"https:\/\/diariotextual.com\/inicio\/index.php\/wp-json\/wp\/v2\/posts\/251786\/revisions"}],"predecessor-version":[{"id":251791,"href":"https:\/\/diariotextual.com\/inicio\/index.php\/wp-json\/wp\/v2\/posts\/251786\/revisions\/251791"}],"wp:featuredmedia":[{"embeddable":true,"href":"https:\/\/diariotextual.com\/inicio\/index.php\/wp-json\/wp\/v2\/media\/251789"}],"wp:attachment":[{"href":"https:\/\/diariotextual.com\/inicio\/index.php\/wp-json\/wp\/v2\/media?parent=251786"}],"wp:term":[{"taxonomy":"category","embeddable":true,"href":"https:\/\/diariotextual.com\/inicio\/index.php\/wp-json\/wp\/v2\/categories?post=251786"},{"taxonomy":"post_tag","embeddable":true,"href":"https:\/\/diariotextual.com\/inicio\/index.php\/wp-json\/wp\/v2\/tags?post=251786"}],"curies":[{"name":"wp","href":"https:\/\/api.w.org\/{rel}","templated":true}]}}