{"id":251792,"date":"2024-01-23T09:11:10","date_gmt":"2024-01-23T12:11:10","guid":{"rendered":"https:\/\/diariotextual.com\/inicio\/?p=251792"},"modified":"2024-01-23T13:33:19","modified_gmt":"2024-01-23T16:33:19","slug":"velan-a-la-hija-de-un-custodio-de-bullrich-mientras-esperan-la-indagatoria-del-capturado","status":"publish","type":"post","link":"https:\/\/diariotextual.com\/inicio\/index.php\/2024\/01\/23\/velan-a-la-hija-de-un-custodio-de-bullrich-mientras-esperan-la-indagatoria-del-capturado\/","title":{"rendered":"Velan a la hija de un custodio de Bullrich, mientras esperan la indagatoria del capturado"},"content":{"rendered":"\n<p>Los restos de la hija de 9 a\u00f1os de un polic\u00eda federal de la custodia de la ministra de Seguridad, Patricia Bullrich, asesinada de un balazo en la cabeza durante un intento de robo cometido por delincuentes que dispararon contra el auto en el que se desplazaba con su padre tras salir de su casa de la localidad bonaerense de Villa Centenario, partido de Lomas de Zamora, comenzar\u00e1n a ser velados, mientras que este martes&nbsp;<strong>indagar\u00e1n al \u00fanico aprehendido en la causa<\/strong>, informaron fuentes judiciales.<\/p>\n\n\n\n<p>Por el crimen de Umma Aguilera (9) el lunes por la tarde fue aprehendido un sospechoso que ser\u00e1 indagado, mientras que&nbsp;<strong>los investigadores buscaban a otros tres que ya estar\u00edan identificados<\/strong>.<\/p>\n\n\n\n<p>La nena es velada en la cocher\u00eda Banfield en la calle Zapiola 98 para luego a las 15.30 sus restos ser llevados para el \u00faltimo adios al cementerio de Lomas de Zamora.<\/p>\n\n\n\n<p>El hecho se registr\u00f3 el lunes a las 8.48, cuando el efectivo de la Polic\u00eda Federal Argentina (PFA) Eduardo Aguilera (42), asignado a la custodia de la ministra de Seguridad, sal\u00eda vestido de civil con su hija Umma (9) a bordo de su auto Ford Ka del garaje de su casa situada en P\u00edo Baroja, a pocos metros del cruce con la calle Par\u00eds, del partido de Lomas de Zamora.<\/p>\n\n\n\n<p>Cuando a\u00fan el polic\u00eda no hab\u00eda llegado a tomar la calle, un auto Toyota Corolla negro le interrumpi\u00f3 el paso y dos delincuentes bajaron armados y se aproximaron con intenciones de robo, de acuerdo a lo que qued\u00f3 registrado por una c\u00e1mara de seguridad de la cuadra.<\/p>\n\n\n\n<p>Aguilera aceler\u00f3 con intenciones de huir, momento en el que los asaltantes dispararon hacia la parte trasera del veh\u00edculo.<\/p>\n","protected":false},"excerpt":{"rendered":"<p>Los restos de la hija de 9 a\u00f1os de un polic\u00eda federal de la custodia de la ministra de Seguridad, Patricia Bullrich, asesinada de un balazo en la cabeza durante&hellip;<\/p>\n","protected":false},"author":3,"featured_media":251804,"comment_status":"closed","ping_status":"open","sticky":false,"template":"","format":"standard","meta":{"_acf_changed":false,"footnotes":""},"categories":[1,8],"tags":[],"class_list":["post-251792","post","type-post","status-publish","format-standard","has-post-thumbnail","hentry","category-es-noticia","category-politica"],"acf":[],"yoast_head":"<!-- This site is optimized with the Yoast SEO plugin v27.5 - https:\/\/yoast.com\/product\/yoast-seo-wordpress\/ -->\n<title>Velan a la hija de un custodio de Bullrich, mientras esperan la indagatoria del capturado - Diario Textual<\/title>\n<meta name=\"robots\" content=\"index, follow, max-snippet:-1, max-image-preview:large, max-video-preview:-1\" \/>\n<link rel=\"canonical\" href=\"https:\/\/diariotextual.com\/inicio\/index.php\/2024\/01\/23\/velan-a-la-hija-de-un-custodio-de-bullrich-mientras-esperan-la-indagatoria-del-capturado\/\" \/>\n<meta property=\"og:locale\" content=\"es_ES\" \/>\n<meta property=\"og:type\" content=\"article\" \/>\n<meta property=\"og:title\" content=\"Velan a la hija de un custodio de Bullrich, mientras esperan la indagatoria del capturado - Diario Textual\" \/>\n<meta property=\"og:description\" content=\"Los restos de la hija de 9 a\u00f1os de un polic\u00eda federal de la custodia de la ministra de Seguridad, Patricia Bullrich, asesinada de un balazo en la cabeza durante&hellip;\" \/>\n<meta property=\"og:url\" content=\"https:\/\/diariotextual.com\/inicio\/index.php\/2024\/01\/23\/velan-a-la-hija-de-un-custodio-de-bullrich-mientras-esperan-la-indagatoria-del-capturado\/\" \/>\n<meta property=\"og:site_name\" content=\"Diario Textual\" \/>\n<meta property=\"article:publisher\" content=\"https:\/\/www.facebook.com\/eltextual\" \/>\n<meta property=\"article:published_time\" content=\"2024-01-23T12:11:10+00:00\" \/>\n<meta property=\"article:modified_time\" content=\"2024-01-23T16:33:19+00:00\" \/>\n<meta property=\"og:image\" content=\"https:\/\/diariotextual.com\/inicio\/wp-content\/uploads\/2024\/01\/ummaasesinatovelatoriobullrich2024-2.jpg\" \/>\n\t<meta property=\"og:image:width\" content=\"1200\" \/>\n\t<meta property=\"og:image:height\" content=\"675\" \/>\n\t<meta property=\"og:image:type\" content=\"image\/jpeg\" \/>\n<meta name=\"author\" content=\"Diario1 Diario1\" \/>\n<meta name=\"twitter:card\" content=\"summary_large_image\" \/>\n<meta name=\"twitter:creator\" content=\"@eltextual\" \/>\n<meta name=\"twitter:site\" content=\"@eltextual\" \/>\n<meta name=\"twitter:label1\" content=\"Escrito por\" \/>\n\t<meta name=\"twitter:data1\" content=\"Diario1 Diario1\" \/>\n\t<meta name=\"twitter:label2\" content=\"Tiempo de lectura\" \/>\n\t<meta name=\"twitter:data2\" content=\"2 minutos\" \/>\n<script type=\"application\/ld+json\" class=\"yoast-schema-graph\">{\"@context\":\"https:\\\/\\\/schema.org\",\"@graph\":[{\"@type\":\"Article\",\"@id\":\"https:\\\/\\\/diariotextual.com\\\/inicio\\\/index.php\\\/2024\\\/01\\\/23\\\/velan-a-la-hija-de-un-custodio-de-bullrich-mientras-esperan-la-indagatoria-del-capturado\\\/#article\",\"isPartOf\":{\"@id\":\"https:\\\/\\\/diariotextual.com\\\/inicio\\\/index.php\\\/2024\\\/01\\\/23\\\/velan-a-la-hija-de-un-custodio-de-bullrich-mientras-esperan-la-indagatoria-del-capturado\\\/\"},\"author\":{\"name\":\"Diario1 Diario1\",\"@id\":\"https:\\\/\\\/diariotextual.com\\\/inicio\\\/#\\\/schema\\\/person\\\/418fc4093c33e86ed41562db3508f958\"},\"headline\":\"Velan a la hija de un custodio de Bullrich, mientras esperan la indagatoria del capturado\",\"datePublished\":\"2024-01-23T12:11:10+00:00\",\"dateModified\":\"2024-01-23T16:33:19+00:00\",\"mainEntityOfPage\":{\"@id\":\"https:\\\/\\\/diariotextual.com\\\/inicio\\\/index.php\\\/2024\\\/01\\\/23\\\/velan-a-la-hija-de-un-custodio-de-bullrich-mientras-esperan-la-indagatoria-del-capturado\\\/\"},\"wordCount\":309,\"publisher\":{\"@id\":\"https:\\\/\\\/diariotextual.com\\\/inicio\\\/#organization\"},\"image\":{\"@id\":\"https:\\\/\\\/diariotextual.com\\\/inicio\\\/index.php\\\/2024\\\/01\\\/23\\\/velan-a-la-hija-de-un-custodio-de-bullrich-mientras-esperan-la-indagatoria-del-capturado\\\/#primaryimage\"},\"thumbnailUrl\":\"https:\\\/\\\/diariotextual.com\\\/inicio\\\/wp-content\\\/uploads\\\/2024\\\/01\\\/ummaasesinatovelatoriobullrich2024-2.jpg\",\"articleSection\":[\"A - ES NOTICIA (van abajo)\",\"POLITICA\"],\"inLanguage\":\"es\"},{\"@type\":\"WebPage\",\"@id\":\"https:\\\/\\\/diariotextual.com\\\/inicio\\\/index.php\\\/2024\\\/01\\\/23\\\/velan-a-la-hija-de-un-custodio-de-bullrich-mientras-esperan-la-indagatoria-del-capturado\\\/\",\"url\":\"https:\\\/\\\/diariotextual.com\\\/inicio\\\/index.php\\\/2024\\\/01\\\/23\\\/velan-a-la-hija-de-un-custodio-de-bullrich-mientras-esperan-la-indagatoria-del-capturado\\\/\",\"name\":\"Velan a la hija de un custodio de Bullrich, mientras esperan la indagatoria del capturado - Diario Textual\",\"isPartOf\":{\"@id\":\"https:\\\/\\\/diariotextual.com\\\/inicio\\\/#website\"},\"primaryImageOfPage\":{\"@id\":\"https:\\\/\\\/diariotextual.com\\\/inicio\\\/index.php\\\/2024\\\/01\\\/23\\\/velan-a-la-hija-de-un-custodio-de-bullrich-mientras-esperan-la-indagatoria-del-capturado\\\/#primaryimage\"},\"image\":{\"@id\":\"https:\\\/\\\/diariotextual.com\\\/inicio\\\/index.php\\\/2024\\\/01\\\/23\\\/velan-a-la-hija-de-un-custodio-de-bullrich-mientras-esperan-la-indagatoria-del-capturado\\\/#primaryimage\"},\"thumbnailUrl\":\"https:\\\/\\\/diariotextual.com\\\/inicio\\\/wp-content\\\/uploads\\\/2024\\\/01\\\/ummaasesinatovelatoriobullrich2024-2.jpg\",\"datePublished\":\"2024-01-23T12:11:10+00:00\",\"dateModified\":\"2024-01-23T16:33:19+00:00\",\"breadcrumb\":{\"@id\":\"https:\\\/\\\/diariotextual.com\\\/inicio\\\/index.php\\\/2024\\\/01\\\/23\\\/velan-a-la-hija-de-un-custodio-de-bullrich-mientras-esperan-la-indagatoria-del-capturado\\\/#breadcrumb\"},\"inLanguage\":\"es\",\"potentialAction\":[{\"@type\":\"ReadAction\",\"target\":[\"https:\\\/\\\/diariotextual.com\\\/inicio\\\/index.php\\\/2024\\\/01\\\/23\\\/velan-a-la-hija-de-un-custodio-de-bullrich-mientras-esperan-la-indagatoria-del-capturado\\\/\"]}]},{\"@type\":\"ImageObject\",\"inLanguage\":\"es\",\"@id\":\"https:\\\/\\\/diariotextual.com\\\/inicio\\\/index.php\\\/2024\\\/01\\\/23\\\/velan-a-la-hija-de-un-custodio-de-bullrich-mientras-esperan-la-indagatoria-del-capturado\\\/#primaryimage\",\"url\":\"https:\\\/\\\/diariotextual.com\\\/inicio\\\/wp-content\\\/uploads\\\/2024\\\/01\\\/ummaasesinatovelatoriobullrich2024-2.jpg\",\"contentUrl\":\"https:\\\/\\\/diariotextual.com\\\/inicio\\\/wp-content\\\/uploads\\\/2024\\\/01\\\/ummaasesinatovelatoriobullrich2024-2.jpg\",\"width\":1200,\"height\":675},{\"@type\":\"BreadcrumbList\",\"@id\":\"https:\\\/\\\/diariotextual.com\\\/inicio\\\/index.php\\\/2024\\\/01\\\/23\\\/velan-a-la-hija-de-un-custodio-de-bullrich-mientras-esperan-la-indagatoria-del-capturado\\\/#breadcrumb\",\"itemListElement\":[{\"@type\":\"ListItem\",\"position\":1,\"name\":\"Portada\",\"item\":\"https:\\\/\\\/diariotextual.com\\\/inicio\\\/\"},{\"@type\":\"ListItem\",\"position\":2,\"name\":\"Velan a la hija de un custodio de Bullrich, mientras esperan la indagatoria del capturado\"}]},{\"@type\":\"WebSite\",\"@id\":\"https:\\\/\\\/diariotextual.com\\\/inicio\\\/#website\",\"url\":\"https:\\\/\\\/diariotextual.com\\\/inicio\\\/\",\"name\":\"Diario Textual\",\"description\":\"\",\"publisher\":{\"@id\":\"https:\\\/\\\/diariotextual.com\\\/inicio\\\/#organization\"},\"potentialAction\":[{\"@type\":\"SearchAction\",\"target\":{\"@type\":\"EntryPoint\",\"urlTemplate\":\"https:\\\/\\\/diariotextual.com\\\/inicio\\\/?s={search_term_string}\"},\"query-input\":{\"@type\":\"PropertyValueSpecification\",\"valueRequired\":true,\"valueName\":\"search_term_string\"}}],\"inLanguage\":\"es\"},{\"@type\":\"Organization\",\"@id\":\"https:\\\/\\\/diariotextual.com\\\/inicio\\\/#organization\",\"name\":\"Diario Textual\",\"url\":\"https:\\\/\\\/diariotextual.com\\\/inicio\\\/\",\"logo\":{\"@type\":\"ImageObject\",\"inLanguage\":\"es\",\"@id\":\"https:\\\/\\\/diariotextual.com\\\/inicio\\\/#\\\/schema\\\/logo\\\/image\\\/\",\"url\":\"https:\\\/\\\/diariotextual.com\\\/inicio\\\/wp-content\\\/uploads\\\/2023\\\/05\\\/logotextual1.jpg\",\"contentUrl\":\"https:\\\/\\\/diariotextual.com\\\/inicio\\\/wp-content\\\/uploads\\\/2023\\\/05\\\/logotextual1.jpg\",\"width\":516,\"height\":76,\"caption\":\"Diario Textual\"},\"image\":{\"@id\":\"https:\\\/\\\/diariotextual.com\\\/inicio\\\/#\\\/schema\\\/logo\\\/image\\\/\"},\"sameAs\":[\"https:\\\/\\\/www.facebook.com\\\/eltextual\",\"https:\\\/\\\/x.com\\\/eltextual\",\"http:\\\/\\\/www.instagram.com\\\/eltextual\"]},{\"@type\":\"Person\",\"@id\":\"https:\\\/\\\/diariotextual.com\\\/inicio\\\/#\\\/schema\\\/person\\\/418fc4093c33e86ed41562db3508f958\",\"name\":\"Diario1 Diario1\",\"image\":{\"@type\":\"ImageObject\",\"inLanguage\":\"es\",\"@id\":\"https:\\\/\\\/secure.gravatar.com\\\/avatar\\\/9167d280179c85bc18be67aa7eda765854300033af4896dd779b608640f2ef7a?s=96&d=mm&r=g\",\"url\":\"https:\\\/\\\/secure.gravatar.com\\\/avatar\\\/9167d280179c85bc18be67aa7eda765854300033af4896dd779b608640f2ef7a?s=96&d=mm&r=g\",\"contentUrl\":\"https:\\\/\\\/secure.gravatar.com\\\/avatar\\\/9167d280179c85bc18be67aa7eda765854300033af4896dd779b608640f2ef7a?s=96&d=mm&r=g\",\"caption\":\"Diario1 Diario1\"},\"url\":\"https:\\\/\\\/diariotextual.com\\\/inicio\\\/index.php\\\/author\\\/diario1\\\/\"}]}<\/script>\n<!-- \/ Yoast SEO plugin. -->","yoast_head_json":{"title":"Velan a la hija de un custodio de Bullrich, mientras esperan la indagatoria del capturado - Diario Textual","robots":{"index":"index","follow":"follow","max-snippet":"max-snippet:-1","max-image-preview":"max-image-preview:large","max-video-preview":"max-video-preview:-1"},"canonical":"https:\/\/diariotextual.com\/inicio\/index.php\/2024\/01\/23\/velan-a-la-hija-de-un-custodio-de-bullrich-mientras-esperan-la-indagatoria-del-capturado\/","og_locale":"es_ES","og_type":"article","og_title":"Velan a la hija de un custodio de Bullrich, mientras esperan la indagatoria del capturado - Diario Textual","og_description":"Los restos de la hija de 9 a\u00f1os de un polic\u00eda federal de la custodia de la ministra de Seguridad, Patricia Bullrich, asesinada de un balazo en la cabeza durante&hellip;","og_url":"https:\/\/diariotextual.com\/inicio\/index.php\/2024\/01\/23\/velan-a-la-hija-de-un-custodio-de-bullrich-mientras-esperan-la-indagatoria-del-capturado\/","og_site_name":"Diario Textual","article_publisher":"https:\/\/www.facebook.com\/eltextual","article_published_time":"2024-01-23T12:11:10+00:00","article_modified_time":"2024-01-23T16:33:19+00:00","og_image":[{"width":1200,"height":675,"url":"https:\/\/diariotextual.com\/inicio\/wp-content\/uploads\/2024\/01\/ummaasesinatovelatoriobullrich2024-2.jpg","type":"image\/jpeg"}],"author":"Diario1 Diario1","twitter_card":"summary_large_image","twitter_creator":"@eltextual","twitter_site":"@eltextual","twitter_misc":{"Escrito por":"Diario1 Diario1","Tiempo de lectura":"2 minutos"},"schema":{"@context":"https:\/\/schema.org","@graph":[{"@type":"Article","@id":"https:\/\/diariotextual.com\/inicio\/index.php\/2024\/01\/23\/velan-a-la-hija-de-un-custodio-de-bullrich-mientras-esperan-la-indagatoria-del-capturado\/#article","isPartOf":{"@id":"https:\/\/diariotextual.com\/inicio\/index.php\/2024\/01\/23\/velan-a-la-hija-de-un-custodio-de-bullrich-mientras-esperan-la-indagatoria-del-capturado\/"},"author":{"name":"Diario1 Diario1","@id":"https:\/\/diariotextual.com\/inicio\/#\/schema\/person\/418fc4093c33e86ed41562db3508f958"},"headline":"Velan a la hija de un custodio de Bullrich, mientras esperan la indagatoria del capturado","datePublished":"2024-01-23T12:11:10+00:00","dateModified":"2024-01-23T16:33:19+00:00","mainEntityOfPage":{"@id":"https:\/\/diariotextual.com\/inicio\/index.php\/2024\/01\/23\/velan-a-la-hija-de-un-custodio-de-bullrich-mientras-esperan-la-indagatoria-del-capturado\/"},"wordCount":309,"publisher":{"@id":"https:\/\/diariotextual.com\/inicio\/#organization"},"image":{"@id":"https:\/\/diariotextual.com\/inicio\/index.php\/2024\/01\/23\/velan-a-la-hija-de-un-custodio-de-bullrich-mientras-esperan-la-indagatoria-del-capturado\/#primaryimage"},"thumbnailUrl":"https:\/\/diariotextual.com\/inicio\/wp-content\/uploads\/2024\/01\/ummaasesinatovelatoriobullrich2024-2.jpg","articleSection":["A - ES NOTICIA (van abajo)","POLITICA"],"inLanguage":"es"},{"@type":"WebPage","@id":"https:\/\/diariotextual.com\/inicio\/index.php\/2024\/01\/23\/velan-a-la-hija-de-un-custodio-de-bullrich-mientras-esperan-la-indagatoria-del-capturado\/","url":"https:\/\/diariotextual.com\/inicio\/index.php\/2024\/01\/23\/velan-a-la-hija-de-un-custodio-de-bullrich-mientras-esperan-la-indagatoria-del-capturado\/","name":"Velan a la hija de un custodio de Bullrich, mientras esperan la indagatoria del capturado - Diario Textual","isPartOf":{"@id":"https:\/\/diariotextual.com\/inicio\/#website"},"primaryImageOfPage":{"@id":"https:\/\/diariotextual.com\/inicio\/index.php\/2024\/01\/23\/velan-a-la-hija-de-un-custodio-de-bullrich-mientras-esperan-la-indagatoria-del-capturado\/#primaryimage"},"image":{"@id":"https:\/\/diariotextual.com\/inicio\/index.php\/2024\/01\/23\/velan-a-la-hija-de-un-custodio-de-bullrich-mientras-esperan-la-indagatoria-del-capturado\/#primaryimage"},"thumbnailUrl":"https:\/\/diariotextual.com\/inicio\/wp-content\/uploads\/2024\/01\/ummaasesinatovelatoriobullrich2024-2.jpg","datePublished":"2024-01-23T12:11:10+00:00","dateModified":"2024-01-23T16:33:19+00:00","breadcrumb":{"@id":"https:\/\/diariotextual.com\/inicio\/index.php\/2024\/01\/23\/velan-a-la-hija-de-un-custodio-de-bullrich-mientras-esperan-la-indagatoria-del-capturado\/#breadcrumb"},"inLanguage":"es","potentialAction":[{"@type":"ReadAction","target":["https:\/\/diariotextual.com\/inicio\/index.php\/2024\/01\/23\/velan-a-la-hija-de-un-custodio-de-bullrich-mientras-esperan-la-indagatoria-del-capturado\/"]}]},{"@type":"ImageObject","inLanguage":"es","@id":"https:\/\/diariotextual.com\/inicio\/index.php\/2024\/01\/23\/velan-a-la-hija-de-un-custodio-de-bullrich-mientras-esperan-la-indagatoria-del-capturado\/#primaryimage","url":"https:\/\/diariotextual.com\/inicio\/wp-content\/uploads\/2024\/01\/ummaasesinatovelatoriobullrich2024-2.jpg","contentUrl":"https:\/\/diariotextual.com\/inicio\/wp-content\/uploads\/2024\/01\/ummaasesinatovelatoriobullrich2024-2.jpg","width":1200,"height":675},{"@type":"BreadcrumbList","@id":"https:\/\/diariotextual.com\/inicio\/index.php\/2024\/01\/23\/velan-a-la-hija-de-un-custodio-de-bullrich-mientras-esperan-la-indagatoria-del-capturado\/#breadcrumb","itemListElement":[{"@type":"ListItem","position":1,"name":"Portada","item":"https:\/\/diariotextual.com\/inicio\/"},{"@type":"ListItem","position":2,"name":"Velan a la hija de un custodio de Bullrich, mientras esperan la indagatoria del capturado"}]},{"@type":"WebSite","@id":"https:\/\/diariotextual.com\/inicio\/#website","url":"https:\/\/diariotextual.com\/inicio\/","name":"Diario Textual","description":"","publisher":{"@id":"https:\/\/diariotextual.com\/inicio\/#organization"},"potentialAction":[{"@type":"SearchAction","target":{"@type":"EntryPoint","urlTemplate":"https:\/\/diariotextual.com\/inicio\/?s={search_term_string}"},"query-input":{"@type":"PropertyValueSpecification","valueRequired":true,"valueName":"search_term_string"}}],"inLanguage":"es"},{"@type":"Organization","@id":"https:\/\/diariotextual.com\/inicio\/#organization","name":"Diario Textual","url":"https:\/\/diariotextual.com\/inicio\/","logo":{"@type":"ImageObject","inLanguage":"es","@id":"https:\/\/diariotextual.com\/inicio\/#\/schema\/logo\/image\/","url":"https:\/\/diariotextual.com\/inicio\/wp-content\/uploads\/2023\/05\/logotextual1.jpg","contentUrl":"https:\/\/diariotextual.com\/inicio\/wp-content\/uploads\/2023\/05\/logotextual1.jpg","width":516,"height":76,"caption":"Diario Textual"},"image":{"@id":"https:\/\/diariotextual.com\/inicio\/#\/schema\/logo\/image\/"},"sameAs":["https:\/\/www.facebook.com\/eltextual","https:\/\/x.com\/eltextual","http:\/\/www.instagram.com\/eltextual"]},{"@type":"Person","@id":"https:\/\/diariotextual.com\/inicio\/#\/schema\/person\/418fc4093c33e86ed41562db3508f958","name":"Diario1 Diario1","image":{"@type":"ImageObject","inLanguage":"es","@id":"https:\/\/secure.gravatar.com\/avatar\/9167d280179c85bc18be67aa7eda765854300033af4896dd779b608640f2ef7a?s=96&d=mm&r=g","url":"https:\/\/secure.gravatar.com\/avatar\/9167d280179c85bc18be67aa7eda765854300033af4896dd779b608640f2ef7a?s=96&d=mm&r=g","contentUrl":"https:\/\/secure.gravatar.com\/avatar\/9167d280179c85bc18be67aa7eda765854300033af4896dd779b608640f2ef7a?s=96&d=mm&r=g","caption":"Diario1 Diario1"},"url":"https:\/\/diariotextual.com\/inicio\/index.php\/author\/diario1\/"}]}},"_links":{"self":[{"href":"https:\/\/diariotextual.com\/inicio\/index.php\/wp-json\/wp\/v2\/posts\/251792","targetHints":{"allow":["GET"]}}],"collection":[{"href":"https:\/\/diariotextual.com\/inicio\/index.php\/wp-json\/wp\/v2\/posts"}],"about":[{"href":"https:\/\/diariotextual.com\/inicio\/index.php\/wp-json\/wp\/v2\/types\/post"}],"author":[{"embeddable":true,"href":"https:\/\/diariotextual.com\/inicio\/index.php\/wp-json\/wp\/v2\/users\/3"}],"replies":[{"embeddable":true,"href":"https:\/\/diariotextual.com\/inicio\/index.php\/wp-json\/wp\/v2\/comments?post=251792"}],"version-history":[{"count":2,"href":"https:\/\/diariotextual.com\/inicio\/index.php\/wp-json\/wp\/v2\/posts\/251792\/revisions"}],"predecessor-version":[{"id":251805,"href":"https:\/\/diariotextual.com\/inicio\/index.php\/wp-json\/wp\/v2\/posts\/251792\/revisions\/251805"}],"wp:featuredmedia":[{"embeddable":true,"href":"https:\/\/diariotextual.com\/inicio\/index.php\/wp-json\/wp\/v2\/media\/251804"}],"wp:attachment":[{"href":"https:\/\/diariotextual.com\/inicio\/index.php\/wp-json\/wp\/v2\/media?parent=251792"}],"wp:term":[{"taxonomy":"category","embeddable":true,"href":"https:\/\/diariotextual.com\/inicio\/index.php\/wp-json\/wp\/v2\/categories?post=251792"},{"taxonomy":"post_tag","embeddable":true,"href":"https:\/\/diariotextual.com\/inicio\/index.php\/wp-json\/wp\/v2\/tags?post=251792"}],"curies":[{"name":"wp","href":"https:\/\/api.w.org\/{rel}","templated":true}]}}