{"id":251812,"date":"2024-01-23T10:22:19","date_gmt":"2024-01-23T13:22:19","guid":{"rendered":"https:\/\/diariotextual.com\/inicio\/?p=251812"},"modified":"2024-01-23T10:22:21","modified_gmt":"2024-01-23T13:22:21","slug":"el-mofepa-cuestiona-el-paro-del-24-haganse-a-un-lado","status":"publish","type":"post","link":"https:\/\/diariotextual.com\/inicio\/index.php\/2024\/01\/23\/el-mofepa-cuestiona-el-paro-del-24-haganse-a-un-lado\/","title":{"rendered":"El Mofepa cuestiona el paro del 24: \u201cH\u00e1ganse a un lado\u201d"},"content":{"rendered":"\n<p>El Movimiento Federalista Pampeano (Mofepa) sali\u00f3 a cuestionar el paro de este mi\u00e9rcoles 24 que convoc\u00f3 la CGT.<\/p>\n\n\n\n<p>\u201cParan para mantener los privilegios. Eso es lo que defiende la CGT. Pero la gente ya se dio cuenta\u201d, sostuvo el partido que respalda a Javier Milei, en un comunicado de prensa.<\/p>\n\n\n\n<p>\u201cLos trabajadores pobres que dicen defender, son hijos de trabajadores pobres y padres de hijos pobres. La pobreza no solo es econ\u00f3mica. Han empobrecido la cultura del trabajo, del esfuerzo, del m\u00e9rito, la honorabilidad del compromiso y la responsabilidad. Todo eso destruyeron. Y quieren seguir manejando a la gente con el miedo, pero la gente ya se dio cuenta y pidi\u00f3 cambiar\u201d, insisti\u00f3.<\/p>\n\n\n\n<p>\u201cH\u00e1ganse a un lado. Hace un mes que gobierna Milei. En 4 a\u00f1os no se los escuch\u00f3 decir nada del vacunatorio vip, de la inflaci\u00f3n, de la ca\u00edda terrible del poder adquisitivo del peso, de la corrupci\u00f3n\u2026. Ser\u00eda bueno que la CGT deje en paz a un gobierno democr\u00e1tico que viene a hacer las cosas de otra manera porque a la vista de los resultados si seguimos haciendo lo mismo nada va a cambiar. Hay que cambiar el sindicalismo argentino. Sindicalistas ricos y trabajadores pobres ya es un modelo agotado\u201d, finaliz\u00f3.<\/p>\n\n\n\n<p><\/p>\n","protected":false},"excerpt":{"rendered":"<p>El Movimiento Federalista Pampeano (Mofepa) sali\u00f3 a cuestionar el paro de este mi\u00e9rcoles 24 que convoc\u00f3 la CGT. \u201cParan para mantener los privilegios. Eso es lo que defiende la CGT.&hellip;<\/p>\n","protected":false},"author":3,"featured_media":251814,"comment_status":"closed","ping_status":"open","sticky":false,"template":"","format":"standard","meta":{"_acf_changed":false,"footnotes":""},"categories":[1,8],"tags":[],"class_list":["post-251812","post","type-post","status-publish","format-standard","has-post-thumbnail","hentry","category-es-noticia","category-politica"],"acf":[],"yoast_head":"<!-- This site is optimized with the Yoast SEO plugin v27.5 - https:\/\/yoast.com\/product\/yoast-seo-wordpress\/ -->\n<title>El Mofepa cuestiona el paro del 24: \u201cH\u00e1ganse a un lado\u201d - Diario Textual<\/title>\n<meta name=\"robots\" content=\"index, follow, max-snippet:-1, max-image-preview:large, max-video-preview:-1\" \/>\n<link rel=\"canonical\" href=\"https:\/\/diariotextual.com\/inicio\/index.php\/2024\/01\/23\/el-mofepa-cuestiona-el-paro-del-24-haganse-a-un-lado\/\" \/>\n<meta property=\"og:locale\" content=\"es_ES\" \/>\n<meta property=\"og:type\" content=\"article\" \/>\n<meta property=\"og:title\" content=\"El Mofepa cuestiona el paro del 24: \u201cH\u00e1ganse a un lado\u201d - Diario Textual\" \/>\n<meta property=\"og:description\" content=\"El Movimiento Federalista Pampeano (Mofepa) sali\u00f3 a cuestionar el paro de este mi\u00e9rcoles 24 que convoc\u00f3 la CGT. \u201cParan para mantener los privilegios. Eso es lo que defiende la CGT.&hellip;\" \/>\n<meta property=\"og:url\" content=\"https:\/\/diariotextual.com\/inicio\/index.php\/2024\/01\/23\/el-mofepa-cuestiona-el-paro-del-24-haganse-a-un-lado\/\" \/>\n<meta property=\"og:site_name\" content=\"Diario Textual\" \/>\n<meta property=\"article:publisher\" content=\"https:\/\/www.facebook.com\/eltextual\" \/>\n<meta property=\"article:published_time\" content=\"2024-01-23T13:22:19+00:00\" \/>\n<meta property=\"article:modified_time\" content=\"2024-01-23T13:22:21+00:00\" \/>\n<meta property=\"og:image\" content=\"https:\/\/diariotextual.com\/inicio\/wp-content\/uploads\/2024\/01\/paro24enerocontramilei2024-1.jpg\" \/>\n\t<meta property=\"og:image:width\" content=\"1400\" \/>\n\t<meta property=\"og:image:height\" content=\"788\" \/>\n\t<meta property=\"og:image:type\" content=\"image\/jpeg\" \/>\n<meta name=\"author\" content=\"Diario1 Diario1\" \/>\n<meta name=\"twitter:card\" content=\"summary_large_image\" \/>\n<meta name=\"twitter:creator\" content=\"@eltextual\" \/>\n<meta name=\"twitter:site\" content=\"@eltextual\" \/>\n<meta name=\"twitter:label1\" content=\"Escrito por\" \/>\n\t<meta name=\"twitter:data1\" content=\"Diario1 Diario1\" \/>\n\t<meta name=\"twitter:label2\" content=\"Tiempo de lectura\" \/>\n\t<meta name=\"twitter:data2\" content=\"2 minutos\" \/>\n<script type=\"application\/ld+json\" class=\"yoast-schema-graph\">{\"@context\":\"https:\\\/\\\/schema.org\",\"@graph\":[{\"@type\":\"Article\",\"@id\":\"https:\\\/\\\/diariotextual.com\\\/inicio\\\/index.php\\\/2024\\\/01\\\/23\\\/el-mofepa-cuestiona-el-paro-del-24-haganse-a-un-lado\\\/#article\",\"isPartOf\":{\"@id\":\"https:\\\/\\\/diariotextual.com\\\/inicio\\\/index.php\\\/2024\\\/01\\\/23\\\/el-mofepa-cuestiona-el-paro-del-24-haganse-a-un-lado\\\/\"},\"author\":{\"name\":\"Diario1 Diario1\",\"@id\":\"https:\\\/\\\/diariotextual.com\\\/inicio\\\/#\\\/schema\\\/person\\\/418fc4093c33e86ed41562db3508f958\"},\"headline\":\"El Mofepa cuestiona el paro del 24: \u201cH\u00e1ganse a un lado\u201d\",\"datePublished\":\"2024-01-23T13:22:19+00:00\",\"dateModified\":\"2024-01-23T13:22:21+00:00\",\"mainEntityOfPage\":{\"@id\":\"https:\\\/\\\/diariotextual.com\\\/inicio\\\/index.php\\\/2024\\\/01\\\/23\\\/el-mofepa-cuestiona-el-paro-del-24-haganse-a-un-lado\\\/\"},\"wordCount\":223,\"publisher\":{\"@id\":\"https:\\\/\\\/diariotextual.com\\\/inicio\\\/#organization\"},\"image\":{\"@id\":\"https:\\\/\\\/diariotextual.com\\\/inicio\\\/index.php\\\/2024\\\/01\\\/23\\\/el-mofepa-cuestiona-el-paro-del-24-haganse-a-un-lado\\\/#primaryimage\"},\"thumbnailUrl\":\"https:\\\/\\\/diariotextual.com\\\/inicio\\\/wp-content\\\/uploads\\\/2024\\\/01\\\/paro24enerocontramilei2024-1.jpg\",\"articleSection\":[\"A - ES NOTICIA (van abajo)\",\"POLITICA\"],\"inLanguage\":\"es\"},{\"@type\":\"WebPage\",\"@id\":\"https:\\\/\\\/diariotextual.com\\\/inicio\\\/index.php\\\/2024\\\/01\\\/23\\\/el-mofepa-cuestiona-el-paro-del-24-haganse-a-un-lado\\\/\",\"url\":\"https:\\\/\\\/diariotextual.com\\\/inicio\\\/index.php\\\/2024\\\/01\\\/23\\\/el-mofepa-cuestiona-el-paro-del-24-haganse-a-un-lado\\\/\",\"name\":\"El Mofepa cuestiona el paro del 24: \u201cH\u00e1ganse a un lado\u201d - Diario Textual\",\"isPartOf\":{\"@id\":\"https:\\\/\\\/diariotextual.com\\\/inicio\\\/#website\"},\"primaryImageOfPage\":{\"@id\":\"https:\\\/\\\/diariotextual.com\\\/inicio\\\/index.php\\\/2024\\\/01\\\/23\\\/el-mofepa-cuestiona-el-paro-del-24-haganse-a-un-lado\\\/#primaryimage\"},\"image\":{\"@id\":\"https:\\\/\\\/diariotextual.com\\\/inicio\\\/index.php\\\/2024\\\/01\\\/23\\\/el-mofepa-cuestiona-el-paro-del-24-haganse-a-un-lado\\\/#primaryimage\"},\"thumbnailUrl\":\"https:\\\/\\\/diariotextual.com\\\/inicio\\\/wp-content\\\/uploads\\\/2024\\\/01\\\/paro24enerocontramilei2024-1.jpg\",\"datePublished\":\"2024-01-23T13:22:19+00:00\",\"dateModified\":\"2024-01-23T13:22:21+00:00\",\"breadcrumb\":{\"@id\":\"https:\\\/\\\/diariotextual.com\\\/inicio\\\/index.php\\\/2024\\\/01\\\/23\\\/el-mofepa-cuestiona-el-paro-del-24-haganse-a-un-lado\\\/#breadcrumb\"},\"inLanguage\":\"es\",\"potentialAction\":[{\"@type\":\"ReadAction\",\"target\":[\"https:\\\/\\\/diariotextual.com\\\/inicio\\\/index.php\\\/2024\\\/01\\\/23\\\/el-mofepa-cuestiona-el-paro-del-24-haganse-a-un-lado\\\/\"]}]},{\"@type\":\"ImageObject\",\"inLanguage\":\"es\",\"@id\":\"https:\\\/\\\/diariotextual.com\\\/inicio\\\/index.php\\\/2024\\\/01\\\/23\\\/el-mofepa-cuestiona-el-paro-del-24-haganse-a-un-lado\\\/#primaryimage\",\"url\":\"https:\\\/\\\/diariotextual.com\\\/inicio\\\/wp-content\\\/uploads\\\/2024\\\/01\\\/paro24enerocontramilei2024-1.jpg\",\"contentUrl\":\"https:\\\/\\\/diariotextual.com\\\/inicio\\\/wp-content\\\/uploads\\\/2024\\\/01\\\/paro24enerocontramilei2024-1.jpg\",\"width\":1400,\"height\":788},{\"@type\":\"BreadcrumbList\",\"@id\":\"https:\\\/\\\/diariotextual.com\\\/inicio\\\/index.php\\\/2024\\\/01\\\/23\\\/el-mofepa-cuestiona-el-paro-del-24-haganse-a-un-lado\\\/#breadcrumb\",\"itemListElement\":[{\"@type\":\"ListItem\",\"position\":1,\"name\":\"Portada\",\"item\":\"https:\\\/\\\/diariotextual.com\\\/inicio\\\/\"},{\"@type\":\"ListItem\",\"position\":2,\"name\":\"El Mofepa cuestiona el paro del 24: \u201cH\u00e1ganse a un lado\u201d\"}]},{\"@type\":\"WebSite\",\"@id\":\"https:\\\/\\\/diariotextual.com\\\/inicio\\\/#website\",\"url\":\"https:\\\/\\\/diariotextual.com\\\/inicio\\\/\",\"name\":\"Diario Textual\",\"description\":\"\",\"publisher\":{\"@id\":\"https:\\\/\\\/diariotextual.com\\\/inicio\\\/#organization\"},\"potentialAction\":[{\"@type\":\"SearchAction\",\"target\":{\"@type\":\"EntryPoint\",\"urlTemplate\":\"https:\\\/\\\/diariotextual.com\\\/inicio\\\/?s={search_term_string}\"},\"query-input\":{\"@type\":\"PropertyValueSpecification\",\"valueRequired\":true,\"valueName\":\"search_term_string\"}}],\"inLanguage\":\"es\"},{\"@type\":\"Organization\",\"@id\":\"https:\\\/\\\/diariotextual.com\\\/inicio\\\/#organization\",\"name\":\"Diario Textual\",\"url\":\"https:\\\/\\\/diariotextual.com\\\/inicio\\\/\",\"logo\":{\"@type\":\"ImageObject\",\"inLanguage\":\"es\",\"@id\":\"https:\\\/\\\/diariotextual.com\\\/inicio\\\/#\\\/schema\\\/logo\\\/image\\\/\",\"url\":\"https:\\\/\\\/diariotextual.com\\\/inicio\\\/wp-content\\\/uploads\\\/2023\\\/05\\\/logotextual1.jpg\",\"contentUrl\":\"https:\\\/\\\/diariotextual.com\\\/inicio\\\/wp-content\\\/uploads\\\/2023\\\/05\\\/logotextual1.jpg\",\"width\":516,\"height\":76,\"caption\":\"Diario Textual\"},\"image\":{\"@id\":\"https:\\\/\\\/diariotextual.com\\\/inicio\\\/#\\\/schema\\\/logo\\\/image\\\/\"},\"sameAs\":[\"https:\\\/\\\/www.facebook.com\\\/eltextual\",\"https:\\\/\\\/x.com\\\/eltextual\",\"http:\\\/\\\/www.instagram.com\\\/eltextual\"]},{\"@type\":\"Person\",\"@id\":\"https:\\\/\\\/diariotextual.com\\\/inicio\\\/#\\\/schema\\\/person\\\/418fc4093c33e86ed41562db3508f958\",\"name\":\"Diario1 Diario1\",\"image\":{\"@type\":\"ImageObject\",\"inLanguage\":\"es\",\"@id\":\"https:\\\/\\\/secure.gravatar.com\\\/avatar\\\/9167d280179c85bc18be67aa7eda765854300033af4896dd779b608640f2ef7a?s=96&d=mm&r=g\",\"url\":\"https:\\\/\\\/secure.gravatar.com\\\/avatar\\\/9167d280179c85bc18be67aa7eda765854300033af4896dd779b608640f2ef7a?s=96&d=mm&r=g\",\"contentUrl\":\"https:\\\/\\\/secure.gravatar.com\\\/avatar\\\/9167d280179c85bc18be67aa7eda765854300033af4896dd779b608640f2ef7a?s=96&d=mm&r=g\",\"caption\":\"Diario1 Diario1\"},\"url\":\"https:\\\/\\\/diariotextual.com\\\/inicio\\\/index.php\\\/author\\\/diario1\\\/\"}]}<\/script>\n<!-- \/ Yoast SEO plugin. -->","yoast_head_json":{"title":"El Mofepa cuestiona el paro del 24: \u201cH\u00e1ganse a un lado\u201d - Diario Textual","robots":{"index":"index","follow":"follow","max-snippet":"max-snippet:-1","max-image-preview":"max-image-preview:large","max-video-preview":"max-video-preview:-1"},"canonical":"https:\/\/diariotextual.com\/inicio\/index.php\/2024\/01\/23\/el-mofepa-cuestiona-el-paro-del-24-haganse-a-un-lado\/","og_locale":"es_ES","og_type":"article","og_title":"El Mofepa cuestiona el paro del 24: \u201cH\u00e1ganse a un lado\u201d - Diario Textual","og_description":"El Movimiento Federalista Pampeano (Mofepa) sali\u00f3 a cuestionar el paro de este mi\u00e9rcoles 24 que convoc\u00f3 la CGT. \u201cParan para mantener los privilegios. Eso es lo que defiende la CGT.&hellip;","og_url":"https:\/\/diariotextual.com\/inicio\/index.php\/2024\/01\/23\/el-mofepa-cuestiona-el-paro-del-24-haganse-a-un-lado\/","og_site_name":"Diario Textual","article_publisher":"https:\/\/www.facebook.com\/eltextual","article_published_time":"2024-01-23T13:22:19+00:00","article_modified_time":"2024-01-23T13:22:21+00:00","og_image":[{"width":1400,"height":788,"url":"https:\/\/diariotextual.com\/inicio\/wp-content\/uploads\/2024\/01\/paro24enerocontramilei2024-1.jpg","type":"image\/jpeg"}],"author":"Diario1 Diario1","twitter_card":"summary_large_image","twitter_creator":"@eltextual","twitter_site":"@eltextual","twitter_misc":{"Escrito por":"Diario1 Diario1","Tiempo de lectura":"2 minutos"},"schema":{"@context":"https:\/\/schema.org","@graph":[{"@type":"Article","@id":"https:\/\/diariotextual.com\/inicio\/index.php\/2024\/01\/23\/el-mofepa-cuestiona-el-paro-del-24-haganse-a-un-lado\/#article","isPartOf":{"@id":"https:\/\/diariotextual.com\/inicio\/index.php\/2024\/01\/23\/el-mofepa-cuestiona-el-paro-del-24-haganse-a-un-lado\/"},"author":{"name":"Diario1 Diario1","@id":"https:\/\/diariotextual.com\/inicio\/#\/schema\/person\/418fc4093c33e86ed41562db3508f958"},"headline":"El Mofepa cuestiona el paro del 24: \u201cH\u00e1ganse a un lado\u201d","datePublished":"2024-01-23T13:22:19+00:00","dateModified":"2024-01-23T13:22:21+00:00","mainEntityOfPage":{"@id":"https:\/\/diariotextual.com\/inicio\/index.php\/2024\/01\/23\/el-mofepa-cuestiona-el-paro-del-24-haganse-a-un-lado\/"},"wordCount":223,"publisher":{"@id":"https:\/\/diariotextual.com\/inicio\/#organization"},"image":{"@id":"https:\/\/diariotextual.com\/inicio\/index.php\/2024\/01\/23\/el-mofepa-cuestiona-el-paro-del-24-haganse-a-un-lado\/#primaryimage"},"thumbnailUrl":"https:\/\/diariotextual.com\/inicio\/wp-content\/uploads\/2024\/01\/paro24enerocontramilei2024-1.jpg","articleSection":["A - ES NOTICIA (van abajo)","POLITICA"],"inLanguage":"es"},{"@type":"WebPage","@id":"https:\/\/diariotextual.com\/inicio\/index.php\/2024\/01\/23\/el-mofepa-cuestiona-el-paro-del-24-haganse-a-un-lado\/","url":"https:\/\/diariotextual.com\/inicio\/index.php\/2024\/01\/23\/el-mofepa-cuestiona-el-paro-del-24-haganse-a-un-lado\/","name":"El Mofepa cuestiona el paro del 24: \u201cH\u00e1ganse a un lado\u201d - Diario Textual","isPartOf":{"@id":"https:\/\/diariotextual.com\/inicio\/#website"},"primaryImageOfPage":{"@id":"https:\/\/diariotextual.com\/inicio\/index.php\/2024\/01\/23\/el-mofepa-cuestiona-el-paro-del-24-haganse-a-un-lado\/#primaryimage"},"image":{"@id":"https:\/\/diariotextual.com\/inicio\/index.php\/2024\/01\/23\/el-mofepa-cuestiona-el-paro-del-24-haganse-a-un-lado\/#primaryimage"},"thumbnailUrl":"https:\/\/diariotextual.com\/inicio\/wp-content\/uploads\/2024\/01\/paro24enerocontramilei2024-1.jpg","datePublished":"2024-01-23T13:22:19+00:00","dateModified":"2024-01-23T13:22:21+00:00","breadcrumb":{"@id":"https:\/\/diariotextual.com\/inicio\/index.php\/2024\/01\/23\/el-mofepa-cuestiona-el-paro-del-24-haganse-a-un-lado\/#breadcrumb"},"inLanguage":"es","potentialAction":[{"@type":"ReadAction","target":["https:\/\/diariotextual.com\/inicio\/index.php\/2024\/01\/23\/el-mofepa-cuestiona-el-paro-del-24-haganse-a-un-lado\/"]}]},{"@type":"ImageObject","inLanguage":"es","@id":"https:\/\/diariotextual.com\/inicio\/index.php\/2024\/01\/23\/el-mofepa-cuestiona-el-paro-del-24-haganse-a-un-lado\/#primaryimage","url":"https:\/\/diariotextual.com\/inicio\/wp-content\/uploads\/2024\/01\/paro24enerocontramilei2024-1.jpg","contentUrl":"https:\/\/diariotextual.com\/inicio\/wp-content\/uploads\/2024\/01\/paro24enerocontramilei2024-1.jpg","width":1400,"height":788},{"@type":"BreadcrumbList","@id":"https:\/\/diariotextual.com\/inicio\/index.php\/2024\/01\/23\/el-mofepa-cuestiona-el-paro-del-24-haganse-a-un-lado\/#breadcrumb","itemListElement":[{"@type":"ListItem","position":1,"name":"Portada","item":"https:\/\/diariotextual.com\/inicio\/"},{"@type":"ListItem","position":2,"name":"El Mofepa cuestiona el paro del 24: \u201cH\u00e1ganse a un lado\u201d"}]},{"@type":"WebSite","@id":"https:\/\/diariotextual.com\/inicio\/#website","url":"https:\/\/diariotextual.com\/inicio\/","name":"Diario Textual","description":"","publisher":{"@id":"https:\/\/diariotextual.com\/inicio\/#organization"},"potentialAction":[{"@type":"SearchAction","target":{"@type":"EntryPoint","urlTemplate":"https:\/\/diariotextual.com\/inicio\/?s={search_term_string}"},"query-input":{"@type":"PropertyValueSpecification","valueRequired":true,"valueName":"search_term_string"}}],"inLanguage":"es"},{"@type":"Organization","@id":"https:\/\/diariotextual.com\/inicio\/#organization","name":"Diario Textual","url":"https:\/\/diariotextual.com\/inicio\/","logo":{"@type":"ImageObject","inLanguage":"es","@id":"https:\/\/diariotextual.com\/inicio\/#\/schema\/logo\/image\/","url":"https:\/\/diariotextual.com\/inicio\/wp-content\/uploads\/2023\/05\/logotextual1.jpg","contentUrl":"https:\/\/diariotextual.com\/inicio\/wp-content\/uploads\/2023\/05\/logotextual1.jpg","width":516,"height":76,"caption":"Diario Textual"},"image":{"@id":"https:\/\/diariotextual.com\/inicio\/#\/schema\/logo\/image\/"},"sameAs":["https:\/\/www.facebook.com\/eltextual","https:\/\/x.com\/eltextual","http:\/\/www.instagram.com\/eltextual"]},{"@type":"Person","@id":"https:\/\/diariotextual.com\/inicio\/#\/schema\/person\/418fc4093c33e86ed41562db3508f958","name":"Diario1 Diario1","image":{"@type":"ImageObject","inLanguage":"es","@id":"https:\/\/secure.gravatar.com\/avatar\/9167d280179c85bc18be67aa7eda765854300033af4896dd779b608640f2ef7a?s=96&d=mm&r=g","url":"https:\/\/secure.gravatar.com\/avatar\/9167d280179c85bc18be67aa7eda765854300033af4896dd779b608640f2ef7a?s=96&d=mm&r=g","contentUrl":"https:\/\/secure.gravatar.com\/avatar\/9167d280179c85bc18be67aa7eda765854300033af4896dd779b608640f2ef7a?s=96&d=mm&r=g","caption":"Diario1 Diario1"},"url":"https:\/\/diariotextual.com\/inicio\/index.php\/author\/diario1\/"}]}},"_links":{"self":[{"href":"https:\/\/diariotextual.com\/inicio\/index.php\/wp-json\/wp\/v2\/posts\/251812","targetHints":{"allow":["GET"]}}],"collection":[{"href":"https:\/\/diariotextual.com\/inicio\/index.php\/wp-json\/wp\/v2\/posts"}],"about":[{"href":"https:\/\/diariotextual.com\/inicio\/index.php\/wp-json\/wp\/v2\/types\/post"}],"author":[{"embeddable":true,"href":"https:\/\/diariotextual.com\/inicio\/index.php\/wp-json\/wp\/v2\/users\/3"}],"replies":[{"embeddable":true,"href":"https:\/\/diariotextual.com\/inicio\/index.php\/wp-json\/wp\/v2\/comments?post=251812"}],"version-history":[{"count":1,"href":"https:\/\/diariotextual.com\/inicio\/index.php\/wp-json\/wp\/v2\/posts\/251812\/revisions"}],"predecessor-version":[{"id":251813,"href":"https:\/\/diariotextual.com\/inicio\/index.php\/wp-json\/wp\/v2\/posts\/251812\/revisions\/251813"}],"wp:featuredmedia":[{"embeddable":true,"href":"https:\/\/diariotextual.com\/inicio\/index.php\/wp-json\/wp\/v2\/media\/251814"}],"wp:attachment":[{"href":"https:\/\/diariotextual.com\/inicio\/index.php\/wp-json\/wp\/v2\/media?parent=251812"}],"wp:term":[{"taxonomy":"category","embeddable":true,"href":"https:\/\/diariotextual.com\/inicio\/index.php\/wp-json\/wp\/v2\/categories?post=251812"},{"taxonomy":"post_tag","embeddable":true,"href":"https:\/\/diariotextual.com\/inicio\/index.php\/wp-json\/wp\/v2\/tags?post=251812"}],"curies":[{"name":"wp","href":"https:\/\/api.w.org\/{rel}","templated":true}]}}