{"id":251819,"date":"2024-01-23T12:33:18","date_gmt":"2024-01-23T15:33:18","guid":{"rendered":"https:\/\/diariotextual.com\/inicio\/?p=251819"},"modified":"2024-01-23T19:07:36","modified_gmt":"2024-01-23T22:07:36","slug":"el-gobierno-advirtio-a-los-gobernadores-que-si-no-se-aprueba-la-ley-omnibus-revisara-las-transferencias-a-las-provincias","status":"publish","type":"post","link":"https:\/\/diariotextual.com\/inicio\/index.php\/2024\/01\/23\/el-gobierno-advirtio-a-los-gobernadores-que-si-no-se-aprueba-la-ley-omnibus-revisara-las-transferencias-a-las-provincias\/","title":{"rendered":"El Gobierno amenaz\u00f3 a los gobernadores: si no se aprueba la ley \u00f3mnibus, revisar\u00e1 las transferencias"},"content":{"rendered":"\n<p>En la previa de la sesi\u00f3n en comisi\u00f3n en la que el oficialismo busca obtener dictamen del proyecto de la ley \u00f3mnibus que impulsa<strong> Javier Milei <\/strong>(tras los cambios que se le realizaron al texto), el Gobierno nacional lanz\u00f3 una dura advertencia a los gobernadores, casi en modo extorsivo.<\/p>\n\n\n\n<p>Durante la conferencia de prensa habitual realizada en la Casa Rosada, <strong>el vocero dijo que no manejan la hip\u00f3tesis de que el proyecto de ley bases fracase en el Congreso, pero advirti\u00f3 que, en caso de que eso suceda, el peso recaer\u00e1 sobre las provincias.<\/strong><\/p>\n\n\n\n<p>\u201cM\u00e1s all\u00e1 de que no vemos razones para que el proyecto de ley bases no se termine transformando en ley, en caso de que eso no ocurra, es seguir con el ajuste de las cuentas p\u00fablicas, no va a haber otro camino. <strong>El ajuste de las cuentas p\u00fablicas va a incluir el an\u00e1lisis de todas y cada una de las partidas que el Gobierno nacional transfiere a las provincias, en todos los conceptos que se pueda ocurrir<\/strong>\u201d, dijo Adorni.<\/p>\n\n\n\n<p>\u201cLa ley -sostuvo- es hacer m\u00e1s vulnerable esta transici\u00f3n hacia una Argentina m\u00e1s normal, en crecimiento, que mejore salarios y que mejore el nivel de empleo. En caso de que eso no ocurra, el d\u00e9ficit cero no se negocia. Y dentro de esa no negociaci\u00f3n, efectivamente vamos a revisar cada una de las partidas que el Gobierno nacional aporta a las provincias, sin tener ning\u00fan tipo de contemplaci\u00f3n, a sabiendas de que si no votan la ley, claramente entienden que el ajuste va a ser mayor para todos, no solo para el Gobierno nacional, sino para cada una de las partidas que el Gobierno nacional transfiere a las provincias\u201d.<\/p>\n","protected":false},"excerpt":{"rendered":"<p>En la previa de la sesi\u00f3n en comisi\u00f3n en la que el oficialismo busca obtener dictamen del proyecto de la ley \u00f3mnibus que impulsa Javier Milei (tras los cambios que&hellip;<\/p>\n","protected":false},"author":3,"featured_media":250140,"comment_status":"closed","ping_status":"open","sticky":false,"template":"","format":"standard","meta":{"_acf_changed":false,"footnotes":""},"categories":[1,8],"tags":[],"class_list":["post-251819","post","type-post","status-publish","format-standard","has-post-thumbnail","hentry","category-es-noticia","category-politica"],"acf":[],"yoast_head":"<!-- This site is optimized with the Yoast SEO plugin v27.5 - https:\/\/yoast.com\/product\/yoast-seo-wordpress\/ -->\n<title>El Gobierno amenaz\u00f3 a los gobernadores: si no se aprueba la ley \u00f3mnibus, revisar\u00e1 las transferencias - Diario Textual<\/title>\n<meta name=\"robots\" content=\"index, follow, max-snippet:-1, max-image-preview:large, max-video-preview:-1\" \/>\n<link rel=\"canonical\" href=\"https:\/\/diariotextual.com\/inicio\/index.php\/2024\/01\/23\/el-gobierno-advirtio-a-los-gobernadores-que-si-no-se-aprueba-la-ley-omnibus-revisara-las-transferencias-a-las-provincias\/\" \/>\n<meta property=\"og:locale\" content=\"es_ES\" \/>\n<meta property=\"og:type\" content=\"article\" \/>\n<meta property=\"og:title\" content=\"El Gobierno amenaz\u00f3 a los gobernadores: si no se aprueba la ley \u00f3mnibus, revisar\u00e1 las transferencias - Diario Textual\" \/>\n<meta property=\"og:description\" content=\"En la previa de la sesi\u00f3n en comisi\u00f3n en la que el oficialismo busca obtener dictamen del proyecto de la ley \u00f3mnibus que impulsa Javier Milei (tras los cambios que&hellip;\" \/>\n<meta property=\"og:url\" content=\"https:\/\/diariotextual.com\/inicio\/index.php\/2024\/01\/23\/el-gobierno-advirtio-a-los-gobernadores-que-si-no-se-aprueba-la-ley-omnibus-revisara-las-transferencias-a-las-provincias\/\" \/>\n<meta property=\"og:site_name\" content=\"Diario Textual\" \/>\n<meta property=\"article:publisher\" content=\"https:\/\/www.facebook.com\/eltextual\" \/>\n<meta property=\"article:published_time\" content=\"2024-01-23T15:33:18+00:00\" \/>\n<meta property=\"article:modified_time\" content=\"2024-01-23T22:07:36+00:00\" \/>\n<meta property=\"og:image\" content=\"https:\/\/diariotextual.com\/inicio\/wp-content\/uploads\/2024\/01\/adornimanuel2024-10.jpg\" \/>\n\t<meta property=\"og:image:width\" content=\"1024\" \/>\n\t<meta property=\"og:image:height\" content=\"683\" \/>\n\t<meta property=\"og:image:type\" content=\"image\/jpeg\" \/>\n<meta name=\"author\" content=\"Diario1 Diario1\" \/>\n<meta name=\"twitter:card\" content=\"summary_large_image\" \/>\n<meta name=\"twitter:creator\" content=\"@eltextual\" \/>\n<meta name=\"twitter:site\" content=\"@eltextual\" \/>\n<meta name=\"twitter:label1\" content=\"Escrito por\" \/>\n\t<meta name=\"twitter:data1\" content=\"Diario1 Diario1\" \/>\n\t<meta name=\"twitter:label2\" content=\"Tiempo de lectura\" \/>\n\t<meta name=\"twitter:data2\" content=\"2 minutos\" \/>\n<script type=\"application\/ld+json\" class=\"yoast-schema-graph\">{\"@context\":\"https:\\\/\\\/schema.org\",\"@graph\":[{\"@type\":\"Article\",\"@id\":\"https:\\\/\\\/diariotextual.com\\\/inicio\\\/index.php\\\/2024\\\/01\\\/23\\\/el-gobierno-advirtio-a-los-gobernadores-que-si-no-se-aprueba-la-ley-omnibus-revisara-las-transferencias-a-las-provincias\\\/#article\",\"isPartOf\":{\"@id\":\"https:\\\/\\\/diariotextual.com\\\/inicio\\\/index.php\\\/2024\\\/01\\\/23\\\/el-gobierno-advirtio-a-los-gobernadores-que-si-no-se-aprueba-la-ley-omnibus-revisara-las-transferencias-a-las-provincias\\\/\"},\"author\":{\"name\":\"Diario1 Diario1\",\"@id\":\"https:\\\/\\\/diariotextual.com\\\/inicio\\\/#\\\/schema\\\/person\\\/418fc4093c33e86ed41562db3508f958\"},\"headline\":\"El Gobierno amenaz\u00f3 a los gobernadores: si no se aprueba la ley \u00f3mnibus, revisar\u00e1 las transferencias\",\"datePublished\":\"2024-01-23T15:33:18+00:00\",\"dateModified\":\"2024-01-23T22:07:36+00:00\",\"mainEntityOfPage\":{\"@id\":\"https:\\\/\\\/diariotextual.com\\\/inicio\\\/index.php\\\/2024\\\/01\\\/23\\\/el-gobierno-advirtio-a-los-gobernadores-que-si-no-se-aprueba-la-ley-omnibus-revisara-las-transferencias-a-las-provincias\\\/\"},\"wordCount\":312,\"publisher\":{\"@id\":\"https:\\\/\\\/diariotextual.com\\\/inicio\\\/#organization\"},\"image\":{\"@id\":\"https:\\\/\\\/diariotextual.com\\\/inicio\\\/index.php\\\/2024\\\/01\\\/23\\\/el-gobierno-advirtio-a-los-gobernadores-que-si-no-se-aprueba-la-ley-omnibus-revisara-las-transferencias-a-las-provincias\\\/#primaryimage\"},\"thumbnailUrl\":\"https:\\\/\\\/diariotextual.com\\\/inicio\\\/wp-content\\\/uploads\\\/2024\\\/01\\\/adornimanuel2024-10.jpg\",\"articleSection\":[\"A - ES NOTICIA (van abajo)\",\"POLITICA\"],\"inLanguage\":\"es\"},{\"@type\":\"WebPage\",\"@id\":\"https:\\\/\\\/diariotextual.com\\\/inicio\\\/index.php\\\/2024\\\/01\\\/23\\\/el-gobierno-advirtio-a-los-gobernadores-que-si-no-se-aprueba-la-ley-omnibus-revisara-las-transferencias-a-las-provincias\\\/\",\"url\":\"https:\\\/\\\/diariotextual.com\\\/inicio\\\/index.php\\\/2024\\\/01\\\/23\\\/el-gobierno-advirtio-a-los-gobernadores-que-si-no-se-aprueba-la-ley-omnibus-revisara-las-transferencias-a-las-provincias\\\/\",\"name\":\"El Gobierno amenaz\u00f3 a los gobernadores: si no se aprueba la ley \u00f3mnibus, revisar\u00e1 las transferencias - Diario Textual\",\"isPartOf\":{\"@id\":\"https:\\\/\\\/diariotextual.com\\\/inicio\\\/#website\"},\"primaryImageOfPage\":{\"@id\":\"https:\\\/\\\/diariotextual.com\\\/inicio\\\/index.php\\\/2024\\\/01\\\/23\\\/el-gobierno-advirtio-a-los-gobernadores-que-si-no-se-aprueba-la-ley-omnibus-revisara-las-transferencias-a-las-provincias\\\/#primaryimage\"},\"image\":{\"@id\":\"https:\\\/\\\/diariotextual.com\\\/inicio\\\/index.php\\\/2024\\\/01\\\/23\\\/el-gobierno-advirtio-a-los-gobernadores-que-si-no-se-aprueba-la-ley-omnibus-revisara-las-transferencias-a-las-provincias\\\/#primaryimage\"},\"thumbnailUrl\":\"https:\\\/\\\/diariotextual.com\\\/inicio\\\/wp-content\\\/uploads\\\/2024\\\/01\\\/adornimanuel2024-10.jpg\",\"datePublished\":\"2024-01-23T15:33:18+00:00\",\"dateModified\":\"2024-01-23T22:07:36+00:00\",\"breadcrumb\":{\"@id\":\"https:\\\/\\\/diariotextual.com\\\/inicio\\\/index.php\\\/2024\\\/01\\\/23\\\/el-gobierno-advirtio-a-los-gobernadores-que-si-no-se-aprueba-la-ley-omnibus-revisara-las-transferencias-a-las-provincias\\\/#breadcrumb\"},\"inLanguage\":\"es\",\"potentialAction\":[{\"@type\":\"ReadAction\",\"target\":[\"https:\\\/\\\/diariotextual.com\\\/inicio\\\/index.php\\\/2024\\\/01\\\/23\\\/el-gobierno-advirtio-a-los-gobernadores-que-si-no-se-aprueba-la-ley-omnibus-revisara-las-transferencias-a-las-provincias\\\/\"]}]},{\"@type\":\"ImageObject\",\"inLanguage\":\"es\",\"@id\":\"https:\\\/\\\/diariotextual.com\\\/inicio\\\/index.php\\\/2024\\\/01\\\/23\\\/el-gobierno-advirtio-a-los-gobernadores-que-si-no-se-aprueba-la-ley-omnibus-revisara-las-transferencias-a-las-provincias\\\/#primaryimage\",\"url\":\"https:\\\/\\\/diariotextual.com\\\/inicio\\\/wp-content\\\/uploads\\\/2024\\\/01\\\/adornimanuel2024-10.jpg\",\"contentUrl\":\"https:\\\/\\\/diariotextual.com\\\/inicio\\\/wp-content\\\/uploads\\\/2024\\\/01\\\/adornimanuel2024-10.jpg\",\"width\":1024,\"height\":683},{\"@type\":\"BreadcrumbList\",\"@id\":\"https:\\\/\\\/diariotextual.com\\\/inicio\\\/index.php\\\/2024\\\/01\\\/23\\\/el-gobierno-advirtio-a-los-gobernadores-que-si-no-se-aprueba-la-ley-omnibus-revisara-las-transferencias-a-las-provincias\\\/#breadcrumb\",\"itemListElement\":[{\"@type\":\"ListItem\",\"position\":1,\"name\":\"Portada\",\"item\":\"https:\\\/\\\/diariotextual.com\\\/inicio\\\/\"},{\"@type\":\"ListItem\",\"position\":2,\"name\":\"El Gobierno amenaz\u00f3 a los gobernadores: si no se aprueba la ley \u00f3mnibus, revisar\u00e1 las transferencias\"}]},{\"@type\":\"WebSite\",\"@id\":\"https:\\\/\\\/diariotextual.com\\\/inicio\\\/#website\",\"url\":\"https:\\\/\\\/diariotextual.com\\\/inicio\\\/\",\"name\":\"Diario Textual\",\"description\":\"\",\"publisher\":{\"@id\":\"https:\\\/\\\/diariotextual.com\\\/inicio\\\/#organization\"},\"potentialAction\":[{\"@type\":\"SearchAction\",\"target\":{\"@type\":\"EntryPoint\",\"urlTemplate\":\"https:\\\/\\\/diariotextual.com\\\/inicio\\\/?s={search_term_string}\"},\"query-input\":{\"@type\":\"PropertyValueSpecification\",\"valueRequired\":true,\"valueName\":\"search_term_string\"}}],\"inLanguage\":\"es\"},{\"@type\":\"Organization\",\"@id\":\"https:\\\/\\\/diariotextual.com\\\/inicio\\\/#organization\",\"name\":\"Diario Textual\",\"url\":\"https:\\\/\\\/diariotextual.com\\\/inicio\\\/\",\"logo\":{\"@type\":\"ImageObject\",\"inLanguage\":\"es\",\"@id\":\"https:\\\/\\\/diariotextual.com\\\/inicio\\\/#\\\/schema\\\/logo\\\/image\\\/\",\"url\":\"https:\\\/\\\/diariotextual.com\\\/inicio\\\/wp-content\\\/uploads\\\/2023\\\/05\\\/logotextual1.jpg\",\"contentUrl\":\"https:\\\/\\\/diariotextual.com\\\/inicio\\\/wp-content\\\/uploads\\\/2023\\\/05\\\/logotextual1.jpg\",\"width\":516,\"height\":76,\"caption\":\"Diario Textual\"},\"image\":{\"@id\":\"https:\\\/\\\/diariotextual.com\\\/inicio\\\/#\\\/schema\\\/logo\\\/image\\\/\"},\"sameAs\":[\"https:\\\/\\\/www.facebook.com\\\/eltextual\",\"https:\\\/\\\/x.com\\\/eltextual\",\"http:\\\/\\\/www.instagram.com\\\/eltextual\"]},{\"@type\":\"Person\",\"@id\":\"https:\\\/\\\/diariotextual.com\\\/inicio\\\/#\\\/schema\\\/person\\\/418fc4093c33e86ed41562db3508f958\",\"name\":\"Diario1 Diario1\",\"image\":{\"@type\":\"ImageObject\",\"inLanguage\":\"es\",\"@id\":\"https:\\\/\\\/secure.gravatar.com\\\/avatar\\\/9167d280179c85bc18be67aa7eda765854300033af4896dd779b608640f2ef7a?s=96&d=mm&r=g\",\"url\":\"https:\\\/\\\/secure.gravatar.com\\\/avatar\\\/9167d280179c85bc18be67aa7eda765854300033af4896dd779b608640f2ef7a?s=96&d=mm&r=g\",\"contentUrl\":\"https:\\\/\\\/secure.gravatar.com\\\/avatar\\\/9167d280179c85bc18be67aa7eda765854300033af4896dd779b608640f2ef7a?s=96&d=mm&r=g\",\"caption\":\"Diario1 Diario1\"},\"url\":\"https:\\\/\\\/diariotextual.com\\\/inicio\\\/index.php\\\/author\\\/diario1\\\/\"}]}<\/script>\n<!-- \/ Yoast SEO plugin. -->","yoast_head_json":{"title":"El Gobierno amenaz\u00f3 a los gobernadores: si no se aprueba la ley \u00f3mnibus, revisar\u00e1 las transferencias - Diario Textual","robots":{"index":"index","follow":"follow","max-snippet":"max-snippet:-1","max-image-preview":"max-image-preview:large","max-video-preview":"max-video-preview:-1"},"canonical":"https:\/\/diariotextual.com\/inicio\/index.php\/2024\/01\/23\/el-gobierno-advirtio-a-los-gobernadores-que-si-no-se-aprueba-la-ley-omnibus-revisara-las-transferencias-a-las-provincias\/","og_locale":"es_ES","og_type":"article","og_title":"El Gobierno amenaz\u00f3 a los gobernadores: si no se aprueba la ley \u00f3mnibus, revisar\u00e1 las transferencias - Diario Textual","og_description":"En la previa de la sesi\u00f3n en comisi\u00f3n en la que el oficialismo busca obtener dictamen del proyecto de la ley \u00f3mnibus que impulsa Javier Milei (tras los cambios que&hellip;","og_url":"https:\/\/diariotextual.com\/inicio\/index.php\/2024\/01\/23\/el-gobierno-advirtio-a-los-gobernadores-que-si-no-se-aprueba-la-ley-omnibus-revisara-las-transferencias-a-las-provincias\/","og_site_name":"Diario Textual","article_publisher":"https:\/\/www.facebook.com\/eltextual","article_published_time":"2024-01-23T15:33:18+00:00","article_modified_time":"2024-01-23T22:07:36+00:00","og_image":[{"width":1024,"height":683,"url":"https:\/\/diariotextual.com\/inicio\/wp-content\/uploads\/2024\/01\/adornimanuel2024-10.jpg","type":"image\/jpeg"}],"author":"Diario1 Diario1","twitter_card":"summary_large_image","twitter_creator":"@eltextual","twitter_site":"@eltextual","twitter_misc":{"Escrito por":"Diario1 Diario1","Tiempo de lectura":"2 minutos"},"schema":{"@context":"https:\/\/schema.org","@graph":[{"@type":"Article","@id":"https:\/\/diariotextual.com\/inicio\/index.php\/2024\/01\/23\/el-gobierno-advirtio-a-los-gobernadores-que-si-no-se-aprueba-la-ley-omnibus-revisara-las-transferencias-a-las-provincias\/#article","isPartOf":{"@id":"https:\/\/diariotextual.com\/inicio\/index.php\/2024\/01\/23\/el-gobierno-advirtio-a-los-gobernadores-que-si-no-se-aprueba-la-ley-omnibus-revisara-las-transferencias-a-las-provincias\/"},"author":{"name":"Diario1 Diario1","@id":"https:\/\/diariotextual.com\/inicio\/#\/schema\/person\/418fc4093c33e86ed41562db3508f958"},"headline":"El Gobierno amenaz\u00f3 a los gobernadores: si no se aprueba la ley \u00f3mnibus, revisar\u00e1 las transferencias","datePublished":"2024-01-23T15:33:18+00:00","dateModified":"2024-01-23T22:07:36+00:00","mainEntityOfPage":{"@id":"https:\/\/diariotextual.com\/inicio\/index.php\/2024\/01\/23\/el-gobierno-advirtio-a-los-gobernadores-que-si-no-se-aprueba-la-ley-omnibus-revisara-las-transferencias-a-las-provincias\/"},"wordCount":312,"publisher":{"@id":"https:\/\/diariotextual.com\/inicio\/#organization"},"image":{"@id":"https:\/\/diariotextual.com\/inicio\/index.php\/2024\/01\/23\/el-gobierno-advirtio-a-los-gobernadores-que-si-no-se-aprueba-la-ley-omnibus-revisara-las-transferencias-a-las-provincias\/#primaryimage"},"thumbnailUrl":"https:\/\/diariotextual.com\/inicio\/wp-content\/uploads\/2024\/01\/adornimanuel2024-10.jpg","articleSection":["A - ES NOTICIA (van abajo)","POLITICA"],"inLanguage":"es"},{"@type":"WebPage","@id":"https:\/\/diariotextual.com\/inicio\/index.php\/2024\/01\/23\/el-gobierno-advirtio-a-los-gobernadores-que-si-no-se-aprueba-la-ley-omnibus-revisara-las-transferencias-a-las-provincias\/","url":"https:\/\/diariotextual.com\/inicio\/index.php\/2024\/01\/23\/el-gobierno-advirtio-a-los-gobernadores-que-si-no-se-aprueba-la-ley-omnibus-revisara-las-transferencias-a-las-provincias\/","name":"El Gobierno amenaz\u00f3 a los gobernadores: si no se aprueba la ley \u00f3mnibus, revisar\u00e1 las transferencias - Diario Textual","isPartOf":{"@id":"https:\/\/diariotextual.com\/inicio\/#website"},"primaryImageOfPage":{"@id":"https:\/\/diariotextual.com\/inicio\/index.php\/2024\/01\/23\/el-gobierno-advirtio-a-los-gobernadores-que-si-no-se-aprueba-la-ley-omnibus-revisara-las-transferencias-a-las-provincias\/#primaryimage"},"image":{"@id":"https:\/\/diariotextual.com\/inicio\/index.php\/2024\/01\/23\/el-gobierno-advirtio-a-los-gobernadores-que-si-no-se-aprueba-la-ley-omnibus-revisara-las-transferencias-a-las-provincias\/#primaryimage"},"thumbnailUrl":"https:\/\/diariotextual.com\/inicio\/wp-content\/uploads\/2024\/01\/adornimanuel2024-10.jpg","datePublished":"2024-01-23T15:33:18+00:00","dateModified":"2024-01-23T22:07:36+00:00","breadcrumb":{"@id":"https:\/\/diariotextual.com\/inicio\/index.php\/2024\/01\/23\/el-gobierno-advirtio-a-los-gobernadores-que-si-no-se-aprueba-la-ley-omnibus-revisara-las-transferencias-a-las-provincias\/#breadcrumb"},"inLanguage":"es","potentialAction":[{"@type":"ReadAction","target":["https:\/\/diariotextual.com\/inicio\/index.php\/2024\/01\/23\/el-gobierno-advirtio-a-los-gobernadores-que-si-no-se-aprueba-la-ley-omnibus-revisara-las-transferencias-a-las-provincias\/"]}]},{"@type":"ImageObject","inLanguage":"es","@id":"https:\/\/diariotextual.com\/inicio\/index.php\/2024\/01\/23\/el-gobierno-advirtio-a-los-gobernadores-que-si-no-se-aprueba-la-ley-omnibus-revisara-las-transferencias-a-las-provincias\/#primaryimage","url":"https:\/\/diariotextual.com\/inicio\/wp-content\/uploads\/2024\/01\/adornimanuel2024-10.jpg","contentUrl":"https:\/\/diariotextual.com\/inicio\/wp-content\/uploads\/2024\/01\/adornimanuel2024-10.jpg","width":1024,"height":683},{"@type":"BreadcrumbList","@id":"https:\/\/diariotextual.com\/inicio\/index.php\/2024\/01\/23\/el-gobierno-advirtio-a-los-gobernadores-que-si-no-se-aprueba-la-ley-omnibus-revisara-las-transferencias-a-las-provincias\/#breadcrumb","itemListElement":[{"@type":"ListItem","position":1,"name":"Portada","item":"https:\/\/diariotextual.com\/inicio\/"},{"@type":"ListItem","position":2,"name":"El Gobierno amenaz\u00f3 a los gobernadores: si no se aprueba la ley \u00f3mnibus, revisar\u00e1 las transferencias"}]},{"@type":"WebSite","@id":"https:\/\/diariotextual.com\/inicio\/#website","url":"https:\/\/diariotextual.com\/inicio\/","name":"Diario Textual","description":"","publisher":{"@id":"https:\/\/diariotextual.com\/inicio\/#organization"},"potentialAction":[{"@type":"SearchAction","target":{"@type":"EntryPoint","urlTemplate":"https:\/\/diariotextual.com\/inicio\/?s={search_term_string}"},"query-input":{"@type":"PropertyValueSpecification","valueRequired":true,"valueName":"search_term_string"}}],"inLanguage":"es"},{"@type":"Organization","@id":"https:\/\/diariotextual.com\/inicio\/#organization","name":"Diario Textual","url":"https:\/\/diariotextual.com\/inicio\/","logo":{"@type":"ImageObject","inLanguage":"es","@id":"https:\/\/diariotextual.com\/inicio\/#\/schema\/logo\/image\/","url":"https:\/\/diariotextual.com\/inicio\/wp-content\/uploads\/2023\/05\/logotextual1.jpg","contentUrl":"https:\/\/diariotextual.com\/inicio\/wp-content\/uploads\/2023\/05\/logotextual1.jpg","width":516,"height":76,"caption":"Diario Textual"},"image":{"@id":"https:\/\/diariotextual.com\/inicio\/#\/schema\/logo\/image\/"},"sameAs":["https:\/\/www.facebook.com\/eltextual","https:\/\/x.com\/eltextual","http:\/\/www.instagram.com\/eltextual"]},{"@type":"Person","@id":"https:\/\/diariotextual.com\/inicio\/#\/schema\/person\/418fc4093c33e86ed41562db3508f958","name":"Diario1 Diario1","image":{"@type":"ImageObject","inLanguage":"es","@id":"https:\/\/secure.gravatar.com\/avatar\/9167d280179c85bc18be67aa7eda765854300033af4896dd779b608640f2ef7a?s=96&d=mm&r=g","url":"https:\/\/secure.gravatar.com\/avatar\/9167d280179c85bc18be67aa7eda765854300033af4896dd779b608640f2ef7a?s=96&d=mm&r=g","contentUrl":"https:\/\/secure.gravatar.com\/avatar\/9167d280179c85bc18be67aa7eda765854300033af4896dd779b608640f2ef7a?s=96&d=mm&r=g","caption":"Diario1 Diario1"},"url":"https:\/\/diariotextual.com\/inicio\/index.php\/author\/diario1\/"}]}},"_links":{"self":[{"href":"https:\/\/diariotextual.com\/inicio\/index.php\/wp-json\/wp\/v2\/posts\/251819","targetHints":{"allow":["GET"]}}],"collection":[{"href":"https:\/\/diariotextual.com\/inicio\/index.php\/wp-json\/wp\/v2\/posts"}],"about":[{"href":"https:\/\/diariotextual.com\/inicio\/index.php\/wp-json\/wp\/v2\/types\/post"}],"author":[{"embeddable":true,"href":"https:\/\/diariotextual.com\/inicio\/index.php\/wp-json\/wp\/v2\/users\/3"}],"replies":[{"embeddable":true,"href":"https:\/\/diariotextual.com\/inicio\/index.php\/wp-json\/wp\/v2\/comments?post=251819"}],"version-history":[{"count":3,"href":"https:\/\/diariotextual.com\/inicio\/index.php\/wp-json\/wp\/v2\/posts\/251819\/revisions"}],"predecessor-version":[{"id":251822,"href":"https:\/\/diariotextual.com\/inicio\/index.php\/wp-json\/wp\/v2\/posts\/251819\/revisions\/251822"}],"wp:featuredmedia":[{"embeddable":true,"href":"https:\/\/diariotextual.com\/inicio\/index.php\/wp-json\/wp\/v2\/media\/250140"}],"wp:attachment":[{"href":"https:\/\/diariotextual.com\/inicio\/index.php\/wp-json\/wp\/v2\/media?parent=251819"}],"wp:term":[{"taxonomy":"category","embeddable":true,"href":"https:\/\/diariotextual.com\/inicio\/index.php\/wp-json\/wp\/v2\/categories?post=251819"},{"taxonomy":"post_tag","embeddable":true,"href":"https:\/\/diariotextual.com\/inicio\/index.php\/wp-json\/wp\/v2\/tags?post=251819"}],"curies":[{"name":"wp","href":"https:\/\/api.w.org\/{rel}","templated":true}]}}