{"id":251826,"date":"2024-01-23T13:32:46","date_gmt":"2024-01-23T16:32:46","guid":{"rendered":"https:\/\/diariotextual.com\/inicio\/?p=251826"},"modified":"2024-01-24T07:19:51","modified_gmt":"2024-01-24T10:19:51","slug":"el-pro-la-pampa-dice-que-sus-tres-legisladores-haran-lo-correcto-y-votaran-la-ley-omnibus","status":"publish","type":"post","link":"https:\/\/diariotextual.com\/inicio\/index.php\/2024\/01\/23\/el-pro-la-pampa-dice-que-sus-tres-legisladores-haran-lo-correcto-y-votaran-la-ley-omnibus\/","title":{"rendered":"El PRO La Pampa dice que sus tres legisladores \u201char\u00e1n lo correcto\u201d y votar\u00e1n la ley \u00f3mnibus"},"content":{"rendered":"\n<p>El <strong>PRO La Pampa<\/strong> oficializ\u00f3 que sus tres legisladores nacionales,<strong> Mart\u00edn Ardohain, Mart\u00edn Maquieyra y Victoria Huala<\/strong>, dar\u00e1n<strong> luz verde a la ley \u00f3mnibus <\/strong>del presidente<strong> Javier Milei<\/strong> y, a su vez, cuestion\u00f3 al gobernado<strong>r Sergio Ziliotto <\/strong>por \u201centrometerse\u201d en las \u201crelaciones y decisiones\u201d de otros espacios pol\u00edticos.<\/p>\n\n\n\n<p>\u201cDesde Pro La Pampa y luego de las declaraciones del Gobernador Sergio Ziliotto, entrometi\u00e9ndose en las relaciones y decisiones de otros espacios pol\u00edticos, expresamos nuestra total confianza en los legisladores nacionales del PRO, porque sabemos que a la hora de definir la aprobaci\u00f3n de la Ley Bases, har\u00e1n lo correcto, teniendo en cuenta las modificaciones en las que han estado trabajando arduamente, no solo para el bienestar del pa\u00eds, sino por sobre todo para los intereses de los pampeanos, que en la \u00faltima elecci\u00f3n dejaron bien en claro, el rumbo que desean seguir\u201d, expres\u00f3 el PRO, en un parte de prensa, firmado por el macrista-mile\u00edsta Enrique Juan.<\/p>\n\n\n\n<p>La semana pasada, <strong><a href=\"https:\/\/diariotextual.com\/inicio\/index.php\/2024\/01\/20\/ziliotto-mando-a-los-intendentes-opositores-a-que-lleven-sus-inquietudes-a-los-legisladores-de-jxc\/\" target=\"_blank\" rel=\"noreferrer noopener\">el gobernador les sugiri\u00f3 a los intendentes de Juntos por el Cambio que les pregunten a sus legisladores si iban a votar el ajuste que contiene la ley \u00f3mnibus<\/a><\/strong>. Sus declaraciones generaron un tembladeral en el PRO y la UCR, los socios de Juntos. <\/p>\n\n\n\n<p>El s\u00e1bado <strong><a href=\"https:\/\/diariotextual.com\/inicio\/index.php\/2024\/01\/21\/la-ucr-descolocada-y-furiosa-con-ziliotto-por-sugerir-que-sus-legisladores-son-funcionales-a-milei\/\" target=\"_blank\" rel=\"noreferrer noopener\">respondi\u00f3 la UCR<\/a><\/strong> y hoy fue el turno del PRO. \u201cEstos manotazos de ahogado del Gobernador, solo responden a su desesperaci\u00f3n, la cual en los cuatro a\u00f1os anteriores, con un pa\u00eds destrozado y una provincia detenida, no dud\u00f3 en apoyar con obediencia debida, al gobierno que dej\u00f3 al pa\u00eds con la inflaci\u00f3n m\u00e1s alta del mundo\u201d, expres\u00f3 el partido amarillo.<\/p>\n\n\n\n<p>\u201cLos argentinos han decidido un cambio. Los argentinos no quieren m\u00e1s, convivir con la pobreza, la corrupci\u00f3n, la tremenda inseguridad y la desidia en la que est\u00e1 inmerso hace a\u00f1os el pa\u00eds\u201d, finaliz\u00f3.<\/p>\n\n\n\n<p>Ayer, con modificaciones, el Gobierno envi\u00f3 al Congreso el texto definitivo con las devoluciones a las modificaciones que solicit\u00f3 una parte de la oposici\u00f3n a la Ley Bases y Puntos de Partida para la Libertad de los Argentinos. La iniciativa pas\u00f3 de 664 art\u00edculos a 523.<\/p>\n\n\n\n<p>El Gobierno de\u00a0<strong>Javier Milei\u00a0<\/strong>incluy\u00f3 en la nueva versi\u00f3n del proyecto de\u00a0<strong>ley \u00f3mnibus<\/strong>\u00a0la derogaci\u00f3n de la<strong>\u00a0Ley de Zonas Fr\u00edas<\/strong>, que prev\u00e9\u00a0<strong>subsidios\u00a0<\/strong>de entre 30% y 50% en la tarifa de gas residencial para los habitantes de zonas desfavorecidas en t\u00e9rminos clim\u00e1ticos.\u00a0<strong>En el caso de La Pampa, donde hay 140 mil usuarios, el subsidio es el 50% de la factura.<\/strong> <strong>Hay preocupaci\u00f3n por el escandaloso aumento que tendr\u00edan las medidas: si se eliminan los subsidios, m\u00e1s el aumento del 421% que pidi\u00f3 Camuzzi, un usuario de nuestra provincia que actualmente paga 10.000 pesos, pasar\u00e1n a abonar 84.200 pesos. En tanto, por ejemplo, quien paga $20.000 pasar\u00e1 a $168.000; el de $30 mil tendr\u00e1 que depositar $252.000; y el que hoy paga $50.000 recibir\u00e1 en su casa una factura de $421.000<\/strong>, pudo saber\u00a0<strong>Diario Textual.<\/strong><\/p>\n\n\n\n<p>En tanto, se establecen<strong>\u00a0retenciones del 0% para las econom\u00edas regionales<\/strong>. A su vez,\u00a0<strong>se elimina la facultad del Poder Ejecutivo de poder subir los derechos de exportaci\u00f3n<\/strong>. Solamente se mantiene la facultad para poder reducirlas. De este modo,\u00a0<strong>el proyecto final descarta la posibilidad de aumentar los derechos de exportaci\u00f3n de los productos derivados de la soja\u00a0<\/strong>de un 31 a un 33%.<\/p>\n\n\n\n<figure class=\"wp-block-embed is-type-wp-embed is-provider-diario-textual wp-block-embed-diario-textual\"><div class=\"wp-block-embed__wrapper\">\n<blockquote class=\"wp-embedded-content\" data-secret=\"1nYytKUkrs\"><a href=\"https:\/\/diariotextual.com\/inicio\/index.php\/2024\/01\/20\/ziliotto-mando-a-los-intendentes-opositores-a-que-lleven-sus-inquietudes-a-los-legisladores-de-jxc\/\">Ziliotto sugiri\u00f3 a intendentes de JxC a que lleven los reclamos por el ajuste de Milei a sus legisladores<\/a><\/blockquote><iframe class=\"wp-embedded-content\" sandbox=\"allow-scripts\" security=\"restricted\" style=\"position: absolute; clip: rect(1px, 1px, 1px, 1px);\" title=\"\u00abZiliotto sugiri\u00f3 a intendentes de JxC a que lleven los reclamos por el ajuste de Milei a sus legisladores\u00bb \u2014 Diario Textual\" src=\"https:\/\/diariotextual.com\/inicio\/index.php\/2024\/01\/20\/ziliotto-mando-a-los-intendentes-opositores-a-que-lleven-sus-inquietudes-a-los-legisladores-de-jxc\/embed\/#?secret=LDHC8Yy4kV#?secret=1nYytKUkrs\" data-secret=\"1nYytKUkrs\" width=\"600\" height=\"338\" frameborder=\"0\" marginwidth=\"0\" marginheight=\"0\" scrolling=\"no\"><\/iframe>\n<\/div><\/figure>\n\n\n\n<p><\/p>\n\n\n\n<p>En cuanto a las privatizaciones, se elimin\u00f3 YPF del listado. Para Nucleoel\u00e9ctrica, Banco Naci\u00f3n y ARSAT se estableci\u00f3 que el Estado solamente puede realizar una privatizaci\u00f3n parcial, debiendo mantener el control de la empresa. Adem\u00e1s, se incorpor\u00f3 expresamente, la participaci\u00f3n de la<strong>\u00a0Comisi\u00f3n Bicameral de Privatizaciones\u00a0<\/strong>de la Ley N 23.696 para el seguimiento de los tr\u00e1mites respectivos.<\/p>\n\n\n\n<p>A su vez, el proyecto propicia la licitaci\u00f3n de las cuotas pesqueras y se refiere a la confusi\u00f3n que se produjo en la anterior redacci\u00f3n como consecuencia de la incorporaci\u00f3n de la palabra \u201cinternacional\u201d.<\/p>\n\n\n\n<p>Por su parte, tambi\u00e9n prev\u00e9 cambios en las jubilaciones. En un primer momento aplicar\u00e1 la f\u00f3rmula actual de movilidad previsional\u00a0<strong>hasta abril\u00a0<\/strong>y luego\u00a0<strong>actualizar\u00e1 por la inflaci\u00f3n\u00a0<\/strong>calculada por el INDEC.<\/p>\n\n\n\n<p><\/p>\n\n\n\n<p><\/p>\n","protected":false},"excerpt":{"rendered":"<p>El PRO La Pampa oficializ\u00f3 que sus tres legisladores nacionales, Mart\u00edn Ardohain, Mart\u00edn Maquieyra y Victoria Huala, dar\u00e1n luz verde a la ley \u00f3mnibus del presidente Javier Milei y, a&hellip;<\/p>\n","protected":false},"author":3,"featured_media":233924,"comment_status":"closed","ping_status":"open","sticky":false,"template":"","format":"standard","meta":{"_acf_changed":false,"footnotes":""},"categories":[1,8],"tags":[],"class_list":["post-251826","post","type-post","status-publish","format-standard","has-post-thumbnail","hentry","category-es-noticia","category-politica"],"acf":[],"yoast_head":"<!-- This site is optimized with the Yoast SEO plugin v27.5 - https:\/\/yoast.com\/product\/yoast-seo-wordpress\/ -->\n<title>El PRO La Pampa dice que sus tres legisladores \u201char\u00e1n lo correcto\u201d y votar\u00e1n la ley \u00f3mnibus - Diario Textual<\/title>\n<meta name=\"robots\" content=\"index, follow, max-snippet:-1, max-image-preview:large, max-video-preview:-1\" \/>\n<link rel=\"canonical\" href=\"https:\/\/diariotextual.com\/inicio\/index.php\/2024\/01\/23\/el-pro-la-pampa-dice-que-sus-tres-legisladores-haran-lo-correcto-y-votaran-la-ley-omnibus\/\" \/>\n<meta property=\"og:locale\" content=\"es_ES\" \/>\n<meta property=\"og:type\" content=\"article\" \/>\n<meta property=\"og:title\" content=\"El PRO La Pampa dice que sus tres legisladores \u201char\u00e1n lo correcto\u201d y votar\u00e1n la ley \u00f3mnibus - Diario Textual\" \/>\n<meta property=\"og:description\" content=\"El PRO La Pampa oficializ\u00f3 que sus tres legisladores nacionales, Mart\u00edn Ardohain, Mart\u00edn Maquieyra y Victoria Huala, dar\u00e1n luz verde a la ley \u00f3mnibus del presidente Javier Milei y, a&hellip;\" \/>\n<meta property=\"og:url\" content=\"https:\/\/diariotextual.com\/inicio\/index.php\/2024\/01\/23\/el-pro-la-pampa-dice-que-sus-tres-legisladores-haran-lo-correcto-y-votaran-la-ley-omnibus\/\" \/>\n<meta property=\"og:site_name\" content=\"Diario Textual\" \/>\n<meta property=\"article:publisher\" content=\"https:\/\/www.facebook.com\/eltextual\" \/>\n<meta property=\"article:published_time\" content=\"2024-01-23T16:32:46+00:00\" \/>\n<meta property=\"article:modified_time\" content=\"2024-01-24T10:19:51+00:00\" \/>\n<meta property=\"og:image\" content=\"https:\/\/diariotextual.com\/inicio\/wp-content\/uploads\/2023\/08\/juntosporelcambiolapampa2023-99.jpeg\" \/>\n\t<meta property=\"og:image:width\" content=\"1483\" \/>\n\t<meta property=\"og:image:height\" content=\"1023\" \/>\n\t<meta property=\"og:image:type\" content=\"image\/jpeg\" \/>\n<meta name=\"author\" content=\"Diario1 Diario1\" \/>\n<meta name=\"twitter:card\" content=\"summary_large_image\" \/>\n<meta name=\"twitter:creator\" content=\"@eltextual\" \/>\n<meta name=\"twitter:site\" content=\"@eltextual\" \/>\n<meta name=\"twitter:label1\" content=\"Escrito por\" \/>\n\t<meta name=\"twitter:data1\" content=\"Diario1 Diario1\" \/>\n\t<meta name=\"twitter:label2\" content=\"Tiempo de lectura\" \/>\n\t<meta name=\"twitter:data2\" content=\"4 minutos\" \/>\n<script type=\"application\/ld+json\" class=\"yoast-schema-graph\">{\"@context\":\"https:\\\/\\\/schema.org\",\"@graph\":[{\"@type\":\"Article\",\"@id\":\"https:\\\/\\\/diariotextual.com\\\/inicio\\\/index.php\\\/2024\\\/01\\\/23\\\/el-pro-la-pampa-dice-que-sus-tres-legisladores-haran-lo-correcto-y-votaran-la-ley-omnibus\\\/#article\",\"isPartOf\":{\"@id\":\"https:\\\/\\\/diariotextual.com\\\/inicio\\\/index.php\\\/2024\\\/01\\\/23\\\/el-pro-la-pampa-dice-que-sus-tres-legisladores-haran-lo-correcto-y-votaran-la-ley-omnibus\\\/\"},\"author\":{\"name\":\"Diario1 Diario1\",\"@id\":\"https:\\\/\\\/diariotextual.com\\\/inicio\\\/#\\\/schema\\\/person\\\/418fc4093c33e86ed41562db3508f958\"},\"headline\":\"El PRO La Pampa dice que sus tres legisladores \u201char\u00e1n lo correcto\u201d y votar\u00e1n la ley \u00f3mnibus\",\"datePublished\":\"2024-01-23T16:32:46+00:00\",\"dateModified\":\"2024-01-24T10:19:51+00:00\",\"mainEntityOfPage\":{\"@id\":\"https:\\\/\\\/diariotextual.com\\\/inicio\\\/index.php\\\/2024\\\/01\\\/23\\\/el-pro-la-pampa-dice-que-sus-tres-legisladores-haran-lo-correcto-y-votaran-la-ley-omnibus\\\/\"},\"wordCount\":727,\"publisher\":{\"@id\":\"https:\\\/\\\/diariotextual.com\\\/inicio\\\/#organization\"},\"image\":{\"@id\":\"https:\\\/\\\/diariotextual.com\\\/inicio\\\/index.php\\\/2024\\\/01\\\/23\\\/el-pro-la-pampa-dice-que-sus-tres-legisladores-haran-lo-correcto-y-votaran-la-ley-omnibus\\\/#primaryimage\"},\"thumbnailUrl\":\"https:\\\/\\\/diariotextual.com\\\/inicio\\\/wp-content\\\/uploads\\\/2023\\\/08\\\/juntosporelcambiolapampa2023-99.jpeg\",\"articleSection\":[\"A - ES NOTICIA (van abajo)\",\"POLITICA\"],\"inLanguage\":\"es\"},{\"@type\":\"WebPage\",\"@id\":\"https:\\\/\\\/diariotextual.com\\\/inicio\\\/index.php\\\/2024\\\/01\\\/23\\\/el-pro-la-pampa-dice-que-sus-tres-legisladores-haran-lo-correcto-y-votaran-la-ley-omnibus\\\/\",\"url\":\"https:\\\/\\\/diariotextual.com\\\/inicio\\\/index.php\\\/2024\\\/01\\\/23\\\/el-pro-la-pampa-dice-que-sus-tres-legisladores-haran-lo-correcto-y-votaran-la-ley-omnibus\\\/\",\"name\":\"El PRO La Pampa dice que sus tres legisladores \u201char\u00e1n lo correcto\u201d y votar\u00e1n la ley \u00f3mnibus - Diario Textual\",\"isPartOf\":{\"@id\":\"https:\\\/\\\/diariotextual.com\\\/inicio\\\/#website\"},\"primaryImageOfPage\":{\"@id\":\"https:\\\/\\\/diariotextual.com\\\/inicio\\\/index.php\\\/2024\\\/01\\\/23\\\/el-pro-la-pampa-dice-que-sus-tres-legisladores-haran-lo-correcto-y-votaran-la-ley-omnibus\\\/#primaryimage\"},\"image\":{\"@id\":\"https:\\\/\\\/diariotextual.com\\\/inicio\\\/index.php\\\/2024\\\/01\\\/23\\\/el-pro-la-pampa-dice-que-sus-tres-legisladores-haran-lo-correcto-y-votaran-la-ley-omnibus\\\/#primaryimage\"},\"thumbnailUrl\":\"https:\\\/\\\/diariotextual.com\\\/inicio\\\/wp-content\\\/uploads\\\/2023\\\/08\\\/juntosporelcambiolapampa2023-99.jpeg\",\"datePublished\":\"2024-01-23T16:32:46+00:00\",\"dateModified\":\"2024-01-24T10:19:51+00:00\",\"breadcrumb\":{\"@id\":\"https:\\\/\\\/diariotextual.com\\\/inicio\\\/index.php\\\/2024\\\/01\\\/23\\\/el-pro-la-pampa-dice-que-sus-tres-legisladores-haran-lo-correcto-y-votaran-la-ley-omnibus\\\/#breadcrumb\"},\"inLanguage\":\"es\",\"potentialAction\":[{\"@type\":\"ReadAction\",\"target\":[\"https:\\\/\\\/diariotextual.com\\\/inicio\\\/index.php\\\/2024\\\/01\\\/23\\\/el-pro-la-pampa-dice-que-sus-tres-legisladores-haran-lo-correcto-y-votaran-la-ley-omnibus\\\/\"]}]},{\"@type\":\"ImageObject\",\"inLanguage\":\"es\",\"@id\":\"https:\\\/\\\/diariotextual.com\\\/inicio\\\/index.php\\\/2024\\\/01\\\/23\\\/el-pro-la-pampa-dice-que-sus-tres-legisladores-haran-lo-correcto-y-votaran-la-ley-omnibus\\\/#primaryimage\",\"url\":\"https:\\\/\\\/diariotextual.com\\\/inicio\\\/wp-content\\\/uploads\\\/2023\\\/08\\\/juntosporelcambiolapampa2023-99.jpeg\",\"contentUrl\":\"https:\\\/\\\/diariotextual.com\\\/inicio\\\/wp-content\\\/uploads\\\/2023\\\/08\\\/juntosporelcambiolapampa2023-99.jpeg\",\"width\":1483,\"height\":1023},{\"@type\":\"BreadcrumbList\",\"@id\":\"https:\\\/\\\/diariotextual.com\\\/inicio\\\/index.php\\\/2024\\\/01\\\/23\\\/el-pro-la-pampa-dice-que-sus-tres-legisladores-haran-lo-correcto-y-votaran-la-ley-omnibus\\\/#breadcrumb\",\"itemListElement\":[{\"@type\":\"ListItem\",\"position\":1,\"name\":\"Portada\",\"item\":\"https:\\\/\\\/diariotextual.com\\\/inicio\\\/\"},{\"@type\":\"ListItem\",\"position\":2,\"name\":\"El PRO La Pampa dice que sus tres legisladores \u201char\u00e1n lo correcto\u201d y votar\u00e1n la ley \u00f3mnibus\"}]},{\"@type\":\"WebSite\",\"@id\":\"https:\\\/\\\/diariotextual.com\\\/inicio\\\/#website\",\"url\":\"https:\\\/\\\/diariotextual.com\\\/inicio\\\/\",\"name\":\"Diario Textual\",\"description\":\"\",\"publisher\":{\"@id\":\"https:\\\/\\\/diariotextual.com\\\/inicio\\\/#organization\"},\"potentialAction\":[{\"@type\":\"SearchAction\",\"target\":{\"@type\":\"EntryPoint\",\"urlTemplate\":\"https:\\\/\\\/diariotextual.com\\\/inicio\\\/?s={search_term_string}\"},\"query-input\":{\"@type\":\"PropertyValueSpecification\",\"valueRequired\":true,\"valueName\":\"search_term_string\"}}],\"inLanguage\":\"es\"},{\"@type\":\"Organization\",\"@id\":\"https:\\\/\\\/diariotextual.com\\\/inicio\\\/#organization\",\"name\":\"Diario Textual\",\"url\":\"https:\\\/\\\/diariotextual.com\\\/inicio\\\/\",\"logo\":{\"@type\":\"ImageObject\",\"inLanguage\":\"es\",\"@id\":\"https:\\\/\\\/diariotextual.com\\\/inicio\\\/#\\\/schema\\\/logo\\\/image\\\/\",\"url\":\"https:\\\/\\\/diariotextual.com\\\/inicio\\\/wp-content\\\/uploads\\\/2023\\\/05\\\/logotextual1.jpg\",\"contentUrl\":\"https:\\\/\\\/diariotextual.com\\\/inicio\\\/wp-content\\\/uploads\\\/2023\\\/05\\\/logotextual1.jpg\",\"width\":516,\"height\":76,\"caption\":\"Diario Textual\"},\"image\":{\"@id\":\"https:\\\/\\\/diariotextual.com\\\/inicio\\\/#\\\/schema\\\/logo\\\/image\\\/\"},\"sameAs\":[\"https:\\\/\\\/www.facebook.com\\\/eltextual\",\"https:\\\/\\\/x.com\\\/eltextual\",\"http:\\\/\\\/www.instagram.com\\\/eltextual\"]},{\"@type\":\"Person\",\"@id\":\"https:\\\/\\\/diariotextual.com\\\/inicio\\\/#\\\/schema\\\/person\\\/418fc4093c33e86ed41562db3508f958\",\"name\":\"Diario1 Diario1\",\"image\":{\"@type\":\"ImageObject\",\"inLanguage\":\"es\",\"@id\":\"https:\\\/\\\/secure.gravatar.com\\\/avatar\\\/9167d280179c85bc18be67aa7eda765854300033af4896dd779b608640f2ef7a?s=96&d=mm&r=g\",\"url\":\"https:\\\/\\\/secure.gravatar.com\\\/avatar\\\/9167d280179c85bc18be67aa7eda765854300033af4896dd779b608640f2ef7a?s=96&d=mm&r=g\",\"contentUrl\":\"https:\\\/\\\/secure.gravatar.com\\\/avatar\\\/9167d280179c85bc18be67aa7eda765854300033af4896dd779b608640f2ef7a?s=96&d=mm&r=g\",\"caption\":\"Diario1 Diario1\"},\"url\":\"https:\\\/\\\/diariotextual.com\\\/inicio\\\/index.php\\\/author\\\/diario1\\\/\"}]}<\/script>\n<!-- \/ Yoast SEO plugin. -->","yoast_head_json":{"title":"El PRO La Pampa dice que sus tres legisladores \u201char\u00e1n lo correcto\u201d y votar\u00e1n la ley \u00f3mnibus - Diario Textual","robots":{"index":"index","follow":"follow","max-snippet":"max-snippet:-1","max-image-preview":"max-image-preview:large","max-video-preview":"max-video-preview:-1"},"canonical":"https:\/\/diariotextual.com\/inicio\/index.php\/2024\/01\/23\/el-pro-la-pampa-dice-que-sus-tres-legisladores-haran-lo-correcto-y-votaran-la-ley-omnibus\/","og_locale":"es_ES","og_type":"article","og_title":"El PRO La Pampa dice que sus tres legisladores \u201char\u00e1n lo correcto\u201d y votar\u00e1n la ley \u00f3mnibus - Diario Textual","og_description":"El PRO La Pampa oficializ\u00f3 que sus tres legisladores nacionales, Mart\u00edn Ardohain, Mart\u00edn Maquieyra y Victoria Huala, dar\u00e1n luz verde a la ley \u00f3mnibus del presidente Javier Milei y, a&hellip;","og_url":"https:\/\/diariotextual.com\/inicio\/index.php\/2024\/01\/23\/el-pro-la-pampa-dice-que-sus-tres-legisladores-haran-lo-correcto-y-votaran-la-ley-omnibus\/","og_site_name":"Diario Textual","article_publisher":"https:\/\/www.facebook.com\/eltextual","article_published_time":"2024-01-23T16:32:46+00:00","article_modified_time":"2024-01-24T10:19:51+00:00","og_image":[{"width":1483,"height":1023,"url":"https:\/\/diariotextual.com\/inicio\/wp-content\/uploads\/2023\/08\/juntosporelcambiolapampa2023-99.jpeg","type":"image\/jpeg"}],"author":"Diario1 Diario1","twitter_card":"summary_large_image","twitter_creator":"@eltextual","twitter_site":"@eltextual","twitter_misc":{"Escrito por":"Diario1 Diario1","Tiempo de lectura":"4 minutos"},"schema":{"@context":"https:\/\/schema.org","@graph":[{"@type":"Article","@id":"https:\/\/diariotextual.com\/inicio\/index.php\/2024\/01\/23\/el-pro-la-pampa-dice-que-sus-tres-legisladores-haran-lo-correcto-y-votaran-la-ley-omnibus\/#article","isPartOf":{"@id":"https:\/\/diariotextual.com\/inicio\/index.php\/2024\/01\/23\/el-pro-la-pampa-dice-que-sus-tres-legisladores-haran-lo-correcto-y-votaran-la-ley-omnibus\/"},"author":{"name":"Diario1 Diario1","@id":"https:\/\/diariotextual.com\/inicio\/#\/schema\/person\/418fc4093c33e86ed41562db3508f958"},"headline":"El PRO La Pampa dice que sus tres legisladores \u201char\u00e1n lo correcto\u201d y votar\u00e1n la ley \u00f3mnibus","datePublished":"2024-01-23T16:32:46+00:00","dateModified":"2024-01-24T10:19:51+00:00","mainEntityOfPage":{"@id":"https:\/\/diariotextual.com\/inicio\/index.php\/2024\/01\/23\/el-pro-la-pampa-dice-que-sus-tres-legisladores-haran-lo-correcto-y-votaran-la-ley-omnibus\/"},"wordCount":727,"publisher":{"@id":"https:\/\/diariotextual.com\/inicio\/#organization"},"image":{"@id":"https:\/\/diariotextual.com\/inicio\/index.php\/2024\/01\/23\/el-pro-la-pampa-dice-que-sus-tres-legisladores-haran-lo-correcto-y-votaran-la-ley-omnibus\/#primaryimage"},"thumbnailUrl":"https:\/\/diariotextual.com\/inicio\/wp-content\/uploads\/2023\/08\/juntosporelcambiolapampa2023-99.jpeg","articleSection":["A - ES NOTICIA (van abajo)","POLITICA"],"inLanguage":"es"},{"@type":"WebPage","@id":"https:\/\/diariotextual.com\/inicio\/index.php\/2024\/01\/23\/el-pro-la-pampa-dice-que-sus-tres-legisladores-haran-lo-correcto-y-votaran-la-ley-omnibus\/","url":"https:\/\/diariotextual.com\/inicio\/index.php\/2024\/01\/23\/el-pro-la-pampa-dice-que-sus-tres-legisladores-haran-lo-correcto-y-votaran-la-ley-omnibus\/","name":"El PRO La Pampa dice que sus tres legisladores \u201char\u00e1n lo correcto\u201d y votar\u00e1n la ley \u00f3mnibus - Diario Textual","isPartOf":{"@id":"https:\/\/diariotextual.com\/inicio\/#website"},"primaryImageOfPage":{"@id":"https:\/\/diariotextual.com\/inicio\/index.php\/2024\/01\/23\/el-pro-la-pampa-dice-que-sus-tres-legisladores-haran-lo-correcto-y-votaran-la-ley-omnibus\/#primaryimage"},"image":{"@id":"https:\/\/diariotextual.com\/inicio\/index.php\/2024\/01\/23\/el-pro-la-pampa-dice-que-sus-tres-legisladores-haran-lo-correcto-y-votaran-la-ley-omnibus\/#primaryimage"},"thumbnailUrl":"https:\/\/diariotextual.com\/inicio\/wp-content\/uploads\/2023\/08\/juntosporelcambiolapampa2023-99.jpeg","datePublished":"2024-01-23T16:32:46+00:00","dateModified":"2024-01-24T10:19:51+00:00","breadcrumb":{"@id":"https:\/\/diariotextual.com\/inicio\/index.php\/2024\/01\/23\/el-pro-la-pampa-dice-que-sus-tres-legisladores-haran-lo-correcto-y-votaran-la-ley-omnibus\/#breadcrumb"},"inLanguage":"es","potentialAction":[{"@type":"ReadAction","target":["https:\/\/diariotextual.com\/inicio\/index.php\/2024\/01\/23\/el-pro-la-pampa-dice-que-sus-tres-legisladores-haran-lo-correcto-y-votaran-la-ley-omnibus\/"]}]},{"@type":"ImageObject","inLanguage":"es","@id":"https:\/\/diariotextual.com\/inicio\/index.php\/2024\/01\/23\/el-pro-la-pampa-dice-que-sus-tres-legisladores-haran-lo-correcto-y-votaran-la-ley-omnibus\/#primaryimage","url":"https:\/\/diariotextual.com\/inicio\/wp-content\/uploads\/2023\/08\/juntosporelcambiolapampa2023-99.jpeg","contentUrl":"https:\/\/diariotextual.com\/inicio\/wp-content\/uploads\/2023\/08\/juntosporelcambiolapampa2023-99.jpeg","width":1483,"height":1023},{"@type":"BreadcrumbList","@id":"https:\/\/diariotextual.com\/inicio\/index.php\/2024\/01\/23\/el-pro-la-pampa-dice-que-sus-tres-legisladores-haran-lo-correcto-y-votaran-la-ley-omnibus\/#breadcrumb","itemListElement":[{"@type":"ListItem","position":1,"name":"Portada","item":"https:\/\/diariotextual.com\/inicio\/"},{"@type":"ListItem","position":2,"name":"El PRO La Pampa dice que sus tres legisladores \u201char\u00e1n lo correcto\u201d y votar\u00e1n la ley \u00f3mnibus"}]},{"@type":"WebSite","@id":"https:\/\/diariotextual.com\/inicio\/#website","url":"https:\/\/diariotextual.com\/inicio\/","name":"Diario Textual","description":"","publisher":{"@id":"https:\/\/diariotextual.com\/inicio\/#organization"},"potentialAction":[{"@type":"SearchAction","target":{"@type":"EntryPoint","urlTemplate":"https:\/\/diariotextual.com\/inicio\/?s={search_term_string}"},"query-input":{"@type":"PropertyValueSpecification","valueRequired":true,"valueName":"search_term_string"}}],"inLanguage":"es"},{"@type":"Organization","@id":"https:\/\/diariotextual.com\/inicio\/#organization","name":"Diario Textual","url":"https:\/\/diariotextual.com\/inicio\/","logo":{"@type":"ImageObject","inLanguage":"es","@id":"https:\/\/diariotextual.com\/inicio\/#\/schema\/logo\/image\/","url":"https:\/\/diariotextual.com\/inicio\/wp-content\/uploads\/2023\/05\/logotextual1.jpg","contentUrl":"https:\/\/diariotextual.com\/inicio\/wp-content\/uploads\/2023\/05\/logotextual1.jpg","width":516,"height":76,"caption":"Diario Textual"},"image":{"@id":"https:\/\/diariotextual.com\/inicio\/#\/schema\/logo\/image\/"},"sameAs":["https:\/\/www.facebook.com\/eltextual","https:\/\/x.com\/eltextual","http:\/\/www.instagram.com\/eltextual"]},{"@type":"Person","@id":"https:\/\/diariotextual.com\/inicio\/#\/schema\/person\/418fc4093c33e86ed41562db3508f958","name":"Diario1 Diario1","image":{"@type":"ImageObject","inLanguage":"es","@id":"https:\/\/secure.gravatar.com\/avatar\/9167d280179c85bc18be67aa7eda765854300033af4896dd779b608640f2ef7a?s=96&d=mm&r=g","url":"https:\/\/secure.gravatar.com\/avatar\/9167d280179c85bc18be67aa7eda765854300033af4896dd779b608640f2ef7a?s=96&d=mm&r=g","contentUrl":"https:\/\/secure.gravatar.com\/avatar\/9167d280179c85bc18be67aa7eda765854300033af4896dd779b608640f2ef7a?s=96&d=mm&r=g","caption":"Diario1 Diario1"},"url":"https:\/\/diariotextual.com\/inicio\/index.php\/author\/diario1\/"}]}},"_links":{"self":[{"href":"https:\/\/diariotextual.com\/inicio\/index.php\/wp-json\/wp\/v2\/posts\/251826","targetHints":{"allow":["GET"]}}],"collection":[{"href":"https:\/\/diariotextual.com\/inicio\/index.php\/wp-json\/wp\/v2\/posts"}],"about":[{"href":"https:\/\/diariotextual.com\/inicio\/index.php\/wp-json\/wp\/v2\/types\/post"}],"author":[{"embeddable":true,"href":"https:\/\/diariotextual.com\/inicio\/index.php\/wp-json\/wp\/v2\/users\/3"}],"replies":[{"embeddable":true,"href":"https:\/\/diariotextual.com\/inicio\/index.php\/wp-json\/wp\/v2\/comments?post=251826"}],"version-history":[{"count":10,"href":"https:\/\/diariotextual.com\/inicio\/index.php\/wp-json\/wp\/v2\/posts\/251826\/revisions"}],"predecessor-version":[{"id":251838,"href":"https:\/\/diariotextual.com\/inicio\/index.php\/wp-json\/wp\/v2\/posts\/251826\/revisions\/251838"}],"wp:featuredmedia":[{"embeddable":true,"href":"https:\/\/diariotextual.com\/inicio\/index.php\/wp-json\/wp\/v2\/media\/233924"}],"wp:attachment":[{"href":"https:\/\/diariotextual.com\/inicio\/index.php\/wp-json\/wp\/v2\/media?parent=251826"}],"wp:term":[{"taxonomy":"category","embeddable":true,"href":"https:\/\/diariotextual.com\/inicio\/index.php\/wp-json\/wp\/v2\/categories?post=251826"},{"taxonomy":"post_tag","embeddable":true,"href":"https:\/\/diariotextual.com\/inicio\/index.php\/wp-json\/wp\/v2\/tags?post=251826"}],"curies":[{"name":"wp","href":"https:\/\/api.w.org\/{rel}","templated":true}]}}