{"id":251850,"date":"2024-01-23T17:49:31","date_gmt":"2024-01-23T20:49:31","guid":{"rendered":"https:\/\/diariotextual.com\/inicio\/?p=251850"},"modified":"2024-01-23T21:56:56","modified_gmt":"2024-01-24T00:56:56","slug":"ley-omnibus-acuerdo-con-la-oposicion-dialoguista-y-el-plenario-se-paso-para-las-20-30","status":"publish","type":"post","link":"https:\/\/diariotextual.com\/inicio\/index.php\/2024\/01\/23\/ley-omnibus-acuerdo-con-la-oposicion-dialoguista-y-el-plenario-se-paso-para-las-20-30\/","title":{"rendered":"Ley \u00d3mnibus: acuerdo con la oposici\u00f3n \u201cdialoguista\u201d y el plenario se pas\u00f3 para las 20.30"},"content":{"rendered":"\n<p>En la previa del plenario de comisiones de Legislaci\u00f3n General, Presupuesto y Hacienda y Asuntos Constitucionales para avanzar con el proyecto de ley de Bases y Puntos de Partida para la Libertad de los Argentinos, desde la presidencia de la C\u00e1mara de Diputados, a cargo de Mart\u00edn Menem, confirmaron que <strong>\u201chubo acuerdo\u201d con los bloques de la UCR, HCF e Innovaci\u00f3n Federal, y el dictamen del oficialismo ser\u00e1 acompa\u00f1ado, en disidencia.<\/strong><\/p>\n\n\n\n<p>Del mismo modo, <strong>la reuni\u00f3n plenaria se posterg\u00f3 para las 20.30 cuando originalmente iba a ser a las 18 horas. <\/strong>Esto se debe a que los acuerdos entre el oficialismo y la oposici\u00f3n \u201cdialoguista\u201d deben ser volcados en un texto con el dictamen en com\u00fan, que igualmente, ser\u00e1 firmado en disidencia.<\/p>\n\n\n\n<p>\u201cHabemus acuerdo\u201d, afirmaron desde la Presidencia de la C\u00e1mara baja. Se sab\u00eda que el PRO iba a acompa\u00f1ar el dictamen del oficialismo, pero hasta \u00faltimo momento persist\u00eda la duda respecto a que har\u00edan la UCR, HCF e Innovaci\u00f3n Federal. Fue el propio Miguel \u00c1ngel Pichetto quien confirm\u00f3: \u201cVamos acompa\u00f1ar para que llegue al recinto\u201d, despejando toda duda respecto al dictamen.<\/p>\n\n\n\n<p>As\u00ed las cosas, <strong>la idea del radicalismo y el bloque del Pichetto es \u201cvoltear\u201d los art\u00edculos en donde no hubo acuerdo en la sesi\u00f3n del recinto de la C\u00e1mara de Diputados<\/strong>. De esta manera, la iniciativa lograr\u00eda la media sanci\u00f3n, pero con menos art\u00edculos que los que posee actualmente.<\/p>\n\n\n\n<figure class=\"wp-block-embed is-type-wp-embed is-provider-diario-textual wp-block-embed-diario-textual\"><div class=\"wp-block-embed__wrapper\">\n<blockquote class=\"wp-embedded-content\" data-secret=\"RoDxV1AwsJ\"><a href=\"https:\/\/diariotextual.com\/inicio\/index.php\/2024\/01\/23\/el-pro-la-pampa-dice-que-sus-tres-legisladores-haran-lo-correcto-y-votaran-la-ley-omnibus\/\">El PRO La Pampa dice que sus tres legisladores \u201char\u00e1n lo correcto\u201d y votar\u00e1n la ley \u00f3mnibus<\/a><\/blockquote><iframe class=\"wp-embedded-content\" sandbox=\"allow-scripts\" security=\"restricted\" style=\"position: absolute; clip: rect(1px, 1px, 1px, 1px);\" title=\"\u00abEl PRO La Pampa dice que sus tres legisladores \u201char\u00e1n lo correcto\u201d y votar\u00e1n la ley \u00f3mnibus\u00bb \u2014 Diario Textual\" src=\"https:\/\/diariotextual.com\/inicio\/index.php\/2024\/01\/23\/el-pro-la-pampa-dice-que-sus-tres-legisladores-haran-lo-correcto-y-votaran-la-ley-omnibus\/embed\/#?secret=JRig7bAFnr#?secret=RoDxV1AwsJ\" data-secret=\"RoDxV1AwsJ\" width=\"600\" height=\"338\" frameborder=\"0\" marginwidth=\"0\" marginheight=\"0\" scrolling=\"no\"><\/iframe>\n<\/div><\/figure>\n\n\n\n<p>Tras esto, la posibilidad de que el dictamen de rechazo sea el de mayor\u00eda quedar\u00eda casi nula, y <strong>la idea de La Libertad Avanza es sesionar este jueves, donde se habla de una sesi\u00f3n de m\u00e1s de 48 horas.<\/strong><\/p>\n\n\n\n<p>Seg\u00fan pudo saber el portal Parlamentario.com, desde <strong>Casa Rosada aceptaron algunas sugerencias de los gobernadores provinciales, y los bloques \u201cdialoguistas\u201d advirtieron que firmar\u00e1n en disidencia para terminar de \u201cpulir\u201d cuestiones<\/strong> en la votaci\u00f3n art\u00edculo por art\u00edculo.<\/p>\n\n\n\n<div style=\"height:100px\" aria-hidden=\"true\" class=\"wp-block-spacer\"><\/div>\n\n\n\n<p><strong>Sin retenciones<\/strong><\/p>\n\n\n\n<p>A pocos minutos del inicio del plenario de comisiones para dictaminar la Ley Bases, <strong>el jefe de bloque radical de la C\u00e1mara de Diputados, Rodrigo de Loredo, advirti\u00f3 que su sector no va a acompa\u00f1ar el aumento de retenciones planteado por el Gobierno Nacional.<\/strong><\/p>\n\n\n\n<p>Luego de una reuni\u00f3n con el gobernador santafesino Maximiliano Pullaro, el presidente de bancada de la UCR mencion\u00f3 que analizaron juntos la ley \u00f3mnibus y expres\u00f3: \u201cSu presencia y su defensa por el interior productivo fue determinante para lograr que se retraigan iniciativas contra el potencial de los biocombustibles y las econom\u00edas regionales\u201d.<\/p>\n\n\n\n<p>\u201cSomos conscientes que tenemos la responsabilidad de construir, donde el kirchnerismo solo dej\u00f3 destrucci\u00f3n, pero eso no lo vamos a lograr repitiendo los errores del pasado\u201d, enfatiz\u00f3 el diputado, y a\u00f1adi\u00f3: \u201cLogramos un avance mejorando las condiciones de las econom\u00edas regionales a partir de retenciones 0\u201d.<\/p>\n\n\n\n<figure class=\"wp-block-embed is-type-wp-embed is-provider-diario-textual wp-block-embed-diario-textual\"><div class=\"wp-block-embed__wrapper\">\n<blockquote class=\"wp-embedded-content\" data-secret=\"UQKePCN4qX\"><a href=\"https:\/\/diariotextual.com\/inicio\/index.php\/2024\/01\/23\/milei-quiere-eliminar-el-subsidio-al-gas-y-los-aumentos-serian-escandalosos-en-la-pampa-quien-paga-20-mil-pasaria-a-168-mil\/\">Milei quiere eliminar el subsidio al gas y los aumentos ser\u00edan escandalosos en La Pampa: quien paga $20 mil pasar\u00eda a $168 mil<\/a><\/blockquote><iframe class=\"wp-embedded-content\" sandbox=\"allow-scripts\" security=\"restricted\" style=\"position: absolute; clip: rect(1px, 1px, 1px, 1px);\" title=\"\u00abMilei quiere eliminar el subsidio al gas y los aumentos ser\u00edan escandalosos en La Pampa: quien paga $20 mil pasar\u00eda a $168 mil\u00bb \u2014 Diario Textual\" src=\"https:\/\/diariotextual.com\/inicio\/index.php\/2024\/01\/23\/milei-quiere-eliminar-el-subsidio-al-gas-y-los-aumentos-serian-escandalosos-en-la-pampa-quien-paga-20-mil-pasaria-a-168-mil\/embed\/#?secret=UbCGtGGxqA#?secret=UQKePCN4qX\" data-secret=\"UQKePCN4qX\" width=\"600\" height=\"338\" frameborder=\"0\" marginwidth=\"0\" marginheight=\"0\" scrolling=\"no\"><\/iframe>\n<\/div><\/figure>\n\n\n\n<p>As\u00ed las cosas, De Loredo consider\u00f3:<strong> \u201cAumentar retenciones en los granos implica aumentar la presi\u00f3n sobre un sector que hoy necesitamos que produzcamos m\u00e1s y no menos\u201d.<\/strong><\/p>\n\n\n\n<p>Del mismo modo, plante\u00f3: <strong>\u201cLas provincias productivas son un sujeto de cambio fundamental para la transformaci\u00f3n que necesita Argentina\u201d<\/strong>, y agreg\u00f3: \u201cSon un eslab\u00f3n clave para dinamizar las econom\u00edas, generar fuentes de trabajo y sobre todo para el ingreso de divisas para estabilizar la situaci\u00f3n econ\u00f3mica y social que estamos atravesando\u201d.<\/p>\n\n\n\n<p>Antes del final, el jefe de bancada radical sostuvo: \u201c<strong>Necesitamos que la mirada del interior sea incorporada<\/strong>\u201d, y sigui\u00f3: \u201cEl aumento de retenciones que se proponen en la ley \u00f3mnibus va a afectar gravemente la competitividad de nuestros productores frente al mercado internacional y lo va a hacer por un beneficio escaso y de corto plazo\u201d.<\/p>\n","protected":false},"excerpt":{"rendered":"<p>En la previa del plenario de comisiones de Legislaci\u00f3n General, Presupuesto y Hacienda y Asuntos Constitucionales para avanzar con el proyecto de ley de Bases y Puntos de Partida para&hellip;<\/p>\n","protected":false},"author":5,"featured_media":251851,"comment_status":"closed","ping_status":"open","sticky":false,"template":"","format":"standard","meta":{"_acf_changed":false,"footnotes":""},"categories":[8],"tags":[80,7772],"class_list":["post-251850","post","type-post","status-publish","format-standard","has-post-thumbnail","hentry","category-politica","tag-congreso","tag-ley-omnibus"],"acf":[],"yoast_head":"<!-- This site is optimized with the Yoast SEO plugin v27.5 - https:\/\/yoast.com\/product\/yoast-seo-wordpress\/ -->\n<title>Ley \u00d3mnibus: acuerdo con la oposici\u00f3n \u201cdialoguista\u201d y el plenario se pas\u00f3 para las 20.30 - Diario Textual<\/title>\n<meta name=\"robots\" content=\"index, follow, max-snippet:-1, max-image-preview:large, max-video-preview:-1\" \/>\n<link rel=\"canonical\" href=\"https:\/\/diariotextual.com\/inicio\/index.php\/2024\/01\/23\/ley-omnibus-acuerdo-con-la-oposicion-dialoguista-y-el-plenario-se-paso-para-las-20-30\/\" \/>\n<meta property=\"og:locale\" content=\"es_ES\" \/>\n<meta property=\"og:type\" content=\"article\" \/>\n<meta property=\"og:title\" content=\"Ley \u00d3mnibus: acuerdo con la oposici\u00f3n \u201cdialoguista\u201d y el plenario se pas\u00f3 para las 20.30 - Diario Textual\" \/>\n<meta property=\"og:description\" content=\"En la previa del plenario de comisiones de Legislaci\u00f3n General, Presupuesto y Hacienda y Asuntos Constitucionales para avanzar con el proyecto de ley de Bases y Puntos de Partida para&hellip;\" \/>\n<meta property=\"og:url\" content=\"https:\/\/diariotextual.com\/inicio\/index.php\/2024\/01\/23\/ley-omnibus-acuerdo-con-la-oposicion-dialoguista-y-el-plenario-se-paso-para-las-20-30\/\" \/>\n<meta property=\"og:site_name\" content=\"Diario Textual\" \/>\n<meta property=\"article:publisher\" content=\"https:\/\/www.facebook.com\/eltextual\" \/>\n<meta property=\"article:published_time\" content=\"2024-01-23T20:49:31+00:00\" \/>\n<meta property=\"article:modified_time\" content=\"2024-01-24T00:56:56+00:00\" \/>\n<meta property=\"og:image\" content=\"https:\/\/diariotextual.com\/inicio\/wp-content\/uploads\/2024\/01\/diputadosplenarioenero2024.jpg\" \/>\n\t<meta property=\"og:image:width\" content=\"900\" \/>\n\t<meta property=\"og:image:height\" content=\"506\" \/>\n\t<meta property=\"og:image:type\" content=\"image\/jpeg\" \/>\n<meta name=\"author\" content=\"diario3\" \/>\n<meta name=\"twitter:card\" content=\"summary_large_image\" \/>\n<meta name=\"twitter:creator\" content=\"@eltextual\" \/>\n<meta name=\"twitter:site\" content=\"@eltextual\" \/>\n<meta name=\"twitter:label1\" content=\"Escrito por\" \/>\n\t<meta name=\"twitter:data1\" content=\"diario3\" \/>\n\t<meta name=\"twitter:label2\" content=\"Tiempo de lectura\" \/>\n\t<meta name=\"twitter:data2\" content=\"3 minutos\" \/>\n<script type=\"application\/ld+json\" class=\"yoast-schema-graph\">{\"@context\":\"https:\\\/\\\/schema.org\",\"@graph\":[{\"@type\":\"Article\",\"@id\":\"https:\\\/\\\/diariotextual.com\\\/inicio\\\/index.php\\\/2024\\\/01\\\/23\\\/ley-omnibus-acuerdo-con-la-oposicion-dialoguista-y-el-plenario-se-paso-para-las-20-30\\\/#article\",\"isPartOf\":{\"@id\":\"https:\\\/\\\/diariotextual.com\\\/inicio\\\/index.php\\\/2024\\\/01\\\/23\\\/ley-omnibus-acuerdo-con-la-oposicion-dialoguista-y-el-plenario-se-paso-para-las-20-30\\\/\"},\"author\":{\"name\":\"diario3\",\"@id\":\"https:\\\/\\\/diariotextual.com\\\/inicio\\\/#\\\/schema\\\/person\\\/a1b6f563e0ee944c60f98119389a4d9f\"},\"headline\":\"Ley \u00d3mnibus: acuerdo con la oposici\u00f3n \u201cdialoguista\u201d y el plenario se pas\u00f3 para las 20.30\",\"datePublished\":\"2024-01-23T20:49:31+00:00\",\"dateModified\":\"2024-01-24T00:56:56+00:00\",\"mainEntityOfPage\":{\"@id\":\"https:\\\/\\\/diariotextual.com\\\/inicio\\\/index.php\\\/2024\\\/01\\\/23\\\/ley-omnibus-acuerdo-con-la-oposicion-dialoguista-y-el-plenario-se-paso-para-las-20-30\\\/\"},\"wordCount\":657,\"publisher\":{\"@id\":\"https:\\\/\\\/diariotextual.com\\\/inicio\\\/#organization\"},\"image\":{\"@id\":\"https:\\\/\\\/diariotextual.com\\\/inicio\\\/index.php\\\/2024\\\/01\\\/23\\\/ley-omnibus-acuerdo-con-la-oposicion-dialoguista-y-el-plenario-se-paso-para-las-20-30\\\/#primaryimage\"},\"thumbnailUrl\":\"https:\\\/\\\/diariotextual.com\\\/inicio\\\/wp-content\\\/uploads\\\/2024\\\/01\\\/diputadosplenarioenero2024.jpg\",\"keywords\":[\"congreso\",\"ley omnibus\"],\"articleSection\":[\"POLITICA\"],\"inLanguage\":\"es\"},{\"@type\":\"WebPage\",\"@id\":\"https:\\\/\\\/diariotextual.com\\\/inicio\\\/index.php\\\/2024\\\/01\\\/23\\\/ley-omnibus-acuerdo-con-la-oposicion-dialoguista-y-el-plenario-se-paso-para-las-20-30\\\/\",\"url\":\"https:\\\/\\\/diariotextual.com\\\/inicio\\\/index.php\\\/2024\\\/01\\\/23\\\/ley-omnibus-acuerdo-con-la-oposicion-dialoguista-y-el-plenario-se-paso-para-las-20-30\\\/\",\"name\":\"Ley \u00d3mnibus: acuerdo con la oposici\u00f3n \u201cdialoguista\u201d y el plenario se pas\u00f3 para las 20.30 - Diario Textual\",\"isPartOf\":{\"@id\":\"https:\\\/\\\/diariotextual.com\\\/inicio\\\/#website\"},\"primaryImageOfPage\":{\"@id\":\"https:\\\/\\\/diariotextual.com\\\/inicio\\\/index.php\\\/2024\\\/01\\\/23\\\/ley-omnibus-acuerdo-con-la-oposicion-dialoguista-y-el-plenario-se-paso-para-las-20-30\\\/#primaryimage\"},\"image\":{\"@id\":\"https:\\\/\\\/diariotextual.com\\\/inicio\\\/index.php\\\/2024\\\/01\\\/23\\\/ley-omnibus-acuerdo-con-la-oposicion-dialoguista-y-el-plenario-se-paso-para-las-20-30\\\/#primaryimage\"},\"thumbnailUrl\":\"https:\\\/\\\/diariotextual.com\\\/inicio\\\/wp-content\\\/uploads\\\/2024\\\/01\\\/diputadosplenarioenero2024.jpg\",\"datePublished\":\"2024-01-23T20:49:31+00:00\",\"dateModified\":\"2024-01-24T00:56:56+00:00\",\"breadcrumb\":{\"@id\":\"https:\\\/\\\/diariotextual.com\\\/inicio\\\/index.php\\\/2024\\\/01\\\/23\\\/ley-omnibus-acuerdo-con-la-oposicion-dialoguista-y-el-plenario-se-paso-para-las-20-30\\\/#breadcrumb\"},\"inLanguage\":\"es\",\"potentialAction\":[{\"@type\":\"ReadAction\",\"target\":[\"https:\\\/\\\/diariotextual.com\\\/inicio\\\/index.php\\\/2024\\\/01\\\/23\\\/ley-omnibus-acuerdo-con-la-oposicion-dialoguista-y-el-plenario-se-paso-para-las-20-30\\\/\"]}]},{\"@type\":\"ImageObject\",\"inLanguage\":\"es\",\"@id\":\"https:\\\/\\\/diariotextual.com\\\/inicio\\\/index.php\\\/2024\\\/01\\\/23\\\/ley-omnibus-acuerdo-con-la-oposicion-dialoguista-y-el-plenario-se-paso-para-las-20-30\\\/#primaryimage\",\"url\":\"https:\\\/\\\/diariotextual.com\\\/inicio\\\/wp-content\\\/uploads\\\/2024\\\/01\\\/diputadosplenarioenero2024.jpg\",\"contentUrl\":\"https:\\\/\\\/diariotextual.com\\\/inicio\\\/wp-content\\\/uploads\\\/2024\\\/01\\\/diputadosplenarioenero2024.jpg\",\"width\":900,\"height\":506},{\"@type\":\"BreadcrumbList\",\"@id\":\"https:\\\/\\\/diariotextual.com\\\/inicio\\\/index.php\\\/2024\\\/01\\\/23\\\/ley-omnibus-acuerdo-con-la-oposicion-dialoguista-y-el-plenario-se-paso-para-las-20-30\\\/#breadcrumb\",\"itemListElement\":[{\"@type\":\"ListItem\",\"position\":1,\"name\":\"Portada\",\"item\":\"https:\\\/\\\/diariotextual.com\\\/inicio\\\/\"},{\"@type\":\"ListItem\",\"position\":2,\"name\":\"Ley \u00d3mnibus: acuerdo con la oposici\u00f3n \u201cdialoguista\u201d y el plenario se pas\u00f3 para las 20.30\"}]},{\"@type\":\"WebSite\",\"@id\":\"https:\\\/\\\/diariotextual.com\\\/inicio\\\/#website\",\"url\":\"https:\\\/\\\/diariotextual.com\\\/inicio\\\/\",\"name\":\"Diario Textual\",\"description\":\"\",\"publisher\":{\"@id\":\"https:\\\/\\\/diariotextual.com\\\/inicio\\\/#organization\"},\"potentialAction\":[{\"@type\":\"SearchAction\",\"target\":{\"@type\":\"EntryPoint\",\"urlTemplate\":\"https:\\\/\\\/diariotextual.com\\\/inicio\\\/?s={search_term_string}\"},\"query-input\":{\"@type\":\"PropertyValueSpecification\",\"valueRequired\":true,\"valueName\":\"search_term_string\"}}],\"inLanguage\":\"es\"},{\"@type\":\"Organization\",\"@id\":\"https:\\\/\\\/diariotextual.com\\\/inicio\\\/#organization\",\"name\":\"Diario Textual\",\"url\":\"https:\\\/\\\/diariotextual.com\\\/inicio\\\/\",\"logo\":{\"@type\":\"ImageObject\",\"inLanguage\":\"es\",\"@id\":\"https:\\\/\\\/diariotextual.com\\\/inicio\\\/#\\\/schema\\\/logo\\\/image\\\/\",\"url\":\"https:\\\/\\\/diariotextual.com\\\/inicio\\\/wp-content\\\/uploads\\\/2023\\\/05\\\/logotextual1.jpg\",\"contentUrl\":\"https:\\\/\\\/diariotextual.com\\\/inicio\\\/wp-content\\\/uploads\\\/2023\\\/05\\\/logotextual1.jpg\",\"width\":516,\"height\":76,\"caption\":\"Diario Textual\"},\"image\":{\"@id\":\"https:\\\/\\\/diariotextual.com\\\/inicio\\\/#\\\/schema\\\/logo\\\/image\\\/\"},\"sameAs\":[\"https:\\\/\\\/www.facebook.com\\\/eltextual\",\"https:\\\/\\\/x.com\\\/eltextual\",\"http:\\\/\\\/www.instagram.com\\\/eltextual\"]},{\"@type\":\"Person\",\"@id\":\"https:\\\/\\\/diariotextual.com\\\/inicio\\\/#\\\/schema\\\/person\\\/a1b6f563e0ee944c60f98119389a4d9f\",\"name\":\"diario3\",\"image\":{\"@type\":\"ImageObject\",\"inLanguage\":\"es\",\"@id\":\"https:\\\/\\\/secure.gravatar.com\\\/avatar\\\/5e7ee62c82fc04d9dd79d746a390d93c69c43223e5faeeb3ea9461ef752bfc5d?s=96&d=mm&r=g\",\"url\":\"https:\\\/\\\/secure.gravatar.com\\\/avatar\\\/5e7ee62c82fc04d9dd79d746a390d93c69c43223e5faeeb3ea9461ef752bfc5d?s=96&d=mm&r=g\",\"contentUrl\":\"https:\\\/\\\/secure.gravatar.com\\\/avatar\\\/5e7ee62c82fc04d9dd79d746a390d93c69c43223e5faeeb3ea9461ef752bfc5d?s=96&d=mm&r=g\",\"caption\":\"diario3\"},\"url\":\"https:\\\/\\\/diariotextual.com\\\/inicio\\\/index.php\\\/author\\\/diario3\\\/\"}]}<\/script>\n<!-- \/ Yoast SEO plugin. -->","yoast_head_json":{"title":"Ley \u00d3mnibus: acuerdo con la oposici\u00f3n \u201cdialoguista\u201d y el plenario se pas\u00f3 para las 20.30 - Diario Textual","robots":{"index":"index","follow":"follow","max-snippet":"max-snippet:-1","max-image-preview":"max-image-preview:large","max-video-preview":"max-video-preview:-1"},"canonical":"https:\/\/diariotextual.com\/inicio\/index.php\/2024\/01\/23\/ley-omnibus-acuerdo-con-la-oposicion-dialoguista-y-el-plenario-se-paso-para-las-20-30\/","og_locale":"es_ES","og_type":"article","og_title":"Ley \u00d3mnibus: acuerdo con la oposici\u00f3n \u201cdialoguista\u201d y el plenario se pas\u00f3 para las 20.30 - Diario Textual","og_description":"En la previa del plenario de comisiones de Legislaci\u00f3n General, Presupuesto y Hacienda y Asuntos Constitucionales para avanzar con el proyecto de ley de Bases y Puntos de Partida para&hellip;","og_url":"https:\/\/diariotextual.com\/inicio\/index.php\/2024\/01\/23\/ley-omnibus-acuerdo-con-la-oposicion-dialoguista-y-el-plenario-se-paso-para-las-20-30\/","og_site_name":"Diario Textual","article_publisher":"https:\/\/www.facebook.com\/eltextual","article_published_time":"2024-01-23T20:49:31+00:00","article_modified_time":"2024-01-24T00:56:56+00:00","og_image":[{"width":900,"height":506,"url":"https:\/\/diariotextual.com\/inicio\/wp-content\/uploads\/2024\/01\/diputadosplenarioenero2024.jpg","type":"image\/jpeg"}],"author":"diario3","twitter_card":"summary_large_image","twitter_creator":"@eltextual","twitter_site":"@eltextual","twitter_misc":{"Escrito por":"diario3","Tiempo de lectura":"3 minutos"},"schema":{"@context":"https:\/\/schema.org","@graph":[{"@type":"Article","@id":"https:\/\/diariotextual.com\/inicio\/index.php\/2024\/01\/23\/ley-omnibus-acuerdo-con-la-oposicion-dialoguista-y-el-plenario-se-paso-para-las-20-30\/#article","isPartOf":{"@id":"https:\/\/diariotextual.com\/inicio\/index.php\/2024\/01\/23\/ley-omnibus-acuerdo-con-la-oposicion-dialoguista-y-el-plenario-se-paso-para-las-20-30\/"},"author":{"name":"diario3","@id":"https:\/\/diariotextual.com\/inicio\/#\/schema\/person\/a1b6f563e0ee944c60f98119389a4d9f"},"headline":"Ley \u00d3mnibus: acuerdo con la oposici\u00f3n \u201cdialoguista\u201d y el plenario se pas\u00f3 para las 20.30","datePublished":"2024-01-23T20:49:31+00:00","dateModified":"2024-01-24T00:56:56+00:00","mainEntityOfPage":{"@id":"https:\/\/diariotextual.com\/inicio\/index.php\/2024\/01\/23\/ley-omnibus-acuerdo-con-la-oposicion-dialoguista-y-el-plenario-se-paso-para-las-20-30\/"},"wordCount":657,"publisher":{"@id":"https:\/\/diariotextual.com\/inicio\/#organization"},"image":{"@id":"https:\/\/diariotextual.com\/inicio\/index.php\/2024\/01\/23\/ley-omnibus-acuerdo-con-la-oposicion-dialoguista-y-el-plenario-se-paso-para-las-20-30\/#primaryimage"},"thumbnailUrl":"https:\/\/diariotextual.com\/inicio\/wp-content\/uploads\/2024\/01\/diputadosplenarioenero2024.jpg","keywords":["congreso","ley omnibus"],"articleSection":["POLITICA"],"inLanguage":"es"},{"@type":"WebPage","@id":"https:\/\/diariotextual.com\/inicio\/index.php\/2024\/01\/23\/ley-omnibus-acuerdo-con-la-oposicion-dialoguista-y-el-plenario-se-paso-para-las-20-30\/","url":"https:\/\/diariotextual.com\/inicio\/index.php\/2024\/01\/23\/ley-omnibus-acuerdo-con-la-oposicion-dialoguista-y-el-plenario-se-paso-para-las-20-30\/","name":"Ley \u00d3mnibus: acuerdo con la oposici\u00f3n \u201cdialoguista\u201d y el plenario se pas\u00f3 para las 20.30 - Diario Textual","isPartOf":{"@id":"https:\/\/diariotextual.com\/inicio\/#website"},"primaryImageOfPage":{"@id":"https:\/\/diariotextual.com\/inicio\/index.php\/2024\/01\/23\/ley-omnibus-acuerdo-con-la-oposicion-dialoguista-y-el-plenario-se-paso-para-las-20-30\/#primaryimage"},"image":{"@id":"https:\/\/diariotextual.com\/inicio\/index.php\/2024\/01\/23\/ley-omnibus-acuerdo-con-la-oposicion-dialoguista-y-el-plenario-se-paso-para-las-20-30\/#primaryimage"},"thumbnailUrl":"https:\/\/diariotextual.com\/inicio\/wp-content\/uploads\/2024\/01\/diputadosplenarioenero2024.jpg","datePublished":"2024-01-23T20:49:31+00:00","dateModified":"2024-01-24T00:56:56+00:00","breadcrumb":{"@id":"https:\/\/diariotextual.com\/inicio\/index.php\/2024\/01\/23\/ley-omnibus-acuerdo-con-la-oposicion-dialoguista-y-el-plenario-se-paso-para-las-20-30\/#breadcrumb"},"inLanguage":"es","potentialAction":[{"@type":"ReadAction","target":["https:\/\/diariotextual.com\/inicio\/index.php\/2024\/01\/23\/ley-omnibus-acuerdo-con-la-oposicion-dialoguista-y-el-plenario-se-paso-para-las-20-30\/"]}]},{"@type":"ImageObject","inLanguage":"es","@id":"https:\/\/diariotextual.com\/inicio\/index.php\/2024\/01\/23\/ley-omnibus-acuerdo-con-la-oposicion-dialoguista-y-el-plenario-se-paso-para-las-20-30\/#primaryimage","url":"https:\/\/diariotextual.com\/inicio\/wp-content\/uploads\/2024\/01\/diputadosplenarioenero2024.jpg","contentUrl":"https:\/\/diariotextual.com\/inicio\/wp-content\/uploads\/2024\/01\/diputadosplenarioenero2024.jpg","width":900,"height":506},{"@type":"BreadcrumbList","@id":"https:\/\/diariotextual.com\/inicio\/index.php\/2024\/01\/23\/ley-omnibus-acuerdo-con-la-oposicion-dialoguista-y-el-plenario-se-paso-para-las-20-30\/#breadcrumb","itemListElement":[{"@type":"ListItem","position":1,"name":"Portada","item":"https:\/\/diariotextual.com\/inicio\/"},{"@type":"ListItem","position":2,"name":"Ley \u00d3mnibus: acuerdo con la oposici\u00f3n \u201cdialoguista\u201d y el plenario se pas\u00f3 para las 20.30"}]},{"@type":"WebSite","@id":"https:\/\/diariotextual.com\/inicio\/#website","url":"https:\/\/diariotextual.com\/inicio\/","name":"Diario Textual","description":"","publisher":{"@id":"https:\/\/diariotextual.com\/inicio\/#organization"},"potentialAction":[{"@type":"SearchAction","target":{"@type":"EntryPoint","urlTemplate":"https:\/\/diariotextual.com\/inicio\/?s={search_term_string}"},"query-input":{"@type":"PropertyValueSpecification","valueRequired":true,"valueName":"search_term_string"}}],"inLanguage":"es"},{"@type":"Organization","@id":"https:\/\/diariotextual.com\/inicio\/#organization","name":"Diario Textual","url":"https:\/\/diariotextual.com\/inicio\/","logo":{"@type":"ImageObject","inLanguage":"es","@id":"https:\/\/diariotextual.com\/inicio\/#\/schema\/logo\/image\/","url":"https:\/\/diariotextual.com\/inicio\/wp-content\/uploads\/2023\/05\/logotextual1.jpg","contentUrl":"https:\/\/diariotextual.com\/inicio\/wp-content\/uploads\/2023\/05\/logotextual1.jpg","width":516,"height":76,"caption":"Diario Textual"},"image":{"@id":"https:\/\/diariotextual.com\/inicio\/#\/schema\/logo\/image\/"},"sameAs":["https:\/\/www.facebook.com\/eltextual","https:\/\/x.com\/eltextual","http:\/\/www.instagram.com\/eltextual"]},{"@type":"Person","@id":"https:\/\/diariotextual.com\/inicio\/#\/schema\/person\/a1b6f563e0ee944c60f98119389a4d9f","name":"diario3","image":{"@type":"ImageObject","inLanguage":"es","@id":"https:\/\/secure.gravatar.com\/avatar\/5e7ee62c82fc04d9dd79d746a390d93c69c43223e5faeeb3ea9461ef752bfc5d?s=96&d=mm&r=g","url":"https:\/\/secure.gravatar.com\/avatar\/5e7ee62c82fc04d9dd79d746a390d93c69c43223e5faeeb3ea9461ef752bfc5d?s=96&d=mm&r=g","contentUrl":"https:\/\/secure.gravatar.com\/avatar\/5e7ee62c82fc04d9dd79d746a390d93c69c43223e5faeeb3ea9461ef752bfc5d?s=96&d=mm&r=g","caption":"diario3"},"url":"https:\/\/diariotextual.com\/inicio\/index.php\/author\/diario3\/"}]}},"_links":{"self":[{"href":"https:\/\/diariotextual.com\/inicio\/index.php\/wp-json\/wp\/v2\/posts\/251850","targetHints":{"allow":["GET"]}}],"collection":[{"href":"https:\/\/diariotextual.com\/inicio\/index.php\/wp-json\/wp\/v2\/posts"}],"about":[{"href":"https:\/\/diariotextual.com\/inicio\/index.php\/wp-json\/wp\/v2\/types\/post"}],"author":[{"embeddable":true,"href":"https:\/\/diariotextual.com\/inicio\/index.php\/wp-json\/wp\/v2\/users\/5"}],"replies":[{"embeddable":true,"href":"https:\/\/diariotextual.com\/inicio\/index.php\/wp-json\/wp\/v2\/comments?post=251850"}],"version-history":[{"count":1,"href":"https:\/\/diariotextual.com\/inicio\/index.php\/wp-json\/wp\/v2\/posts\/251850\/revisions"}],"predecessor-version":[{"id":251852,"href":"https:\/\/diariotextual.com\/inicio\/index.php\/wp-json\/wp\/v2\/posts\/251850\/revisions\/251852"}],"wp:featuredmedia":[{"embeddable":true,"href":"https:\/\/diariotextual.com\/inicio\/index.php\/wp-json\/wp\/v2\/media\/251851"}],"wp:attachment":[{"href":"https:\/\/diariotextual.com\/inicio\/index.php\/wp-json\/wp\/v2\/media?parent=251850"}],"wp:term":[{"taxonomy":"category","embeddable":true,"href":"https:\/\/diariotextual.com\/inicio\/index.php\/wp-json\/wp\/v2\/categories?post=251850"},{"taxonomy":"post_tag","embeddable":true,"href":"https:\/\/diariotextual.com\/inicio\/index.php\/wp-json\/wp\/v2\/tags?post=251850"}],"curies":[{"name":"wp","href":"https:\/\/api.w.org\/{rel}","templated":true}]}}