{"id":251887,"date":"2024-01-24T09:18:12","date_gmt":"2024-01-24T12:18:12","guid":{"rendered":"https:\/\/diariotextual.com\/inicio\/?p=251887"},"modified":"2024-01-24T14:00:37","modified_gmt":"2024-01-24T17:00:37","slug":"di-napoli-al-paro-hay-que-acompanarlo-desde-todos-los-sectores","status":"publish","type":"post","link":"https:\/\/diariotextual.com\/inicio\/index.php\/2024\/01\/24\/di-napoli-al-paro-hay-que-acompanarlo-desde-todos-los-sectores\/","title":{"rendered":"Di N\u00e1poli: \u201cAl paro hay que acompa\u00f1arlo desde todos los sectores\u201d"},"content":{"rendered":"\n<p>El intendente de Santa Rosa <strong>Luciano di N\u00e1poli<\/strong> <strong>(PJ-La C\u00e1mpora)<\/strong> llam\u00f3 a <strong>\u201cacompa\u00f1ar desde todos los sectores\u201d<\/strong> al <strong>paro<\/strong> de la CGT y otras centrales obreras contra la pol\u00edtica econ\u00f3mica del Gobierno de Javier Milei. <\/p>\n\n\n\n<p>\u201cEl rumbo que propone el gobierno nacional ataca de manera frontal la estructura social argentina, golpeando centralmente en nuestra clase media y clase trabajadora. Entendemos que al paro convocado por la CGT hay que acompa\u00f1arlo desde todos los sectores\u201d, dijo el jefe comunal.<\/p>\n\n\n\n<p>Este mi\u00e9rcoles la CGT, ambas CTA (de los Trabajadores y Aut\u00f3noma), los trabajadores de la econom\u00eda popular (UTEP), los movimientos sociales y las multisectoriales paralizar\u00e1n las tareas durante 12 horas en todo el pa\u00eds y se movilizar\u00e1n hacia el Congreso en rechazo de las medidas econ\u00f3micas del Gobierno, en lo que constituir\u00e1 la primera gran protesta gremial en contra de\u00a0Javier Milei\u00a0y una medici\u00f3n de fuerzas entre el Ejecutivo y los sindicatos.<\/p>\n\n\n\n<p>Ser\u00e1 una masiva demostraci\u00f3n de fuerza en la antesala al debate legislativo por la ley \u00f3mnibus. Un mensaje directo y contundente al Gobierno nacional, pero tambi\u00e9n a los diputados que deliberar\u00e1n el megaproyecto en el recinto.\u00a0<\/p>\n\n\n\n<p>En Santa Rosa habr\u00e1 concentraci\u00f3n entre las 11 y las 12 en la plaza San Mart\u00edn, para luego marchar. Participar\u00e1n sindicatos, organizaciones sociales, partidos pol\u00edticos y autoconvocados. <\/p>\n\n\n\n<figure class=\"wp-block-embed is-type-rich is-provider-twitter wp-block-embed-twitter\"><div class=\"wp-block-embed__wrapper\">\n<blockquote class=\"twitter-tweet\" data-width=\"550\" data-dnt=\"true\"><p lang=\"es\" dir=\"ltr\">El rumbo que propone el gobierno nacional ataca de manera frontal la estructura social argentina, golpeando centralmente en nuestra clase media y clase trabajadora.<br>Entendemos que al paro convocado por la CGT hay que acompa\u00f1arlo desde todos los sectores.<a href=\"https:\/\/twitter.com\/hashtag\/ParoGeneral?src=hash&amp;ref_src=twsrc%5Etfw\">#ParoGeneral<\/a><\/p>&mdash; Luciano di N\u00e1poli (@copetedinapoli) <a href=\"https:\/\/twitter.com\/copetedinapoli\/status\/1750130698793492734?ref_src=twsrc%5Etfw\">January 24, 2024<\/a><\/blockquote><script async src=\"https:\/\/platform.twitter.com\/widgets.js\" charset=\"utf-8\"><\/script>\n<\/div><\/figure>\n","protected":false},"excerpt":{"rendered":"<p>El intendente de Santa Rosa Luciano di N\u00e1poli (PJ-La C\u00e1mpora) llam\u00f3 a \u201cacompa\u00f1ar desde todos los sectores\u201d al paro de la CGT y otras centrales obreras contra la pol\u00edtica econ\u00f3mica&hellip;<\/p>\n","protected":false},"author":7,"featured_media":223696,"comment_status":"closed","ping_status":"open","sticky":false,"template":"","format":"standard","meta":{"_acf_changed":false,"footnotes":""},"categories":[1,8],"tags":[],"class_list":["post-251887","post","type-post","status-publish","format-standard","has-post-thumbnail","hentry","category-es-noticia","category-politica"],"acf":[],"yoast_head":"<!-- This site is optimized with the Yoast SEO plugin v27.5 - https:\/\/yoast.com\/product\/yoast-seo-wordpress\/ -->\n<title>Di N\u00e1poli: \u201cAl paro hay que acompa\u00f1arlo desde todos los sectores\u201d - Diario Textual<\/title>\n<meta name=\"robots\" content=\"index, follow, max-snippet:-1, max-image-preview:large, max-video-preview:-1\" \/>\n<link rel=\"canonical\" href=\"https:\/\/diariotextual.com\/inicio\/index.php\/2024\/01\/24\/di-napoli-al-paro-hay-que-acompanarlo-desde-todos-los-sectores\/\" \/>\n<meta property=\"og:locale\" content=\"es_ES\" \/>\n<meta property=\"og:type\" content=\"article\" \/>\n<meta property=\"og:title\" content=\"Di N\u00e1poli: \u201cAl paro hay que acompa\u00f1arlo desde todos los sectores\u201d - Diario Textual\" \/>\n<meta property=\"og:description\" content=\"El intendente de Santa Rosa Luciano di N\u00e1poli (PJ-La C\u00e1mpora) llam\u00f3 a \u201cacompa\u00f1ar desde todos los sectores\u201d al paro de la CGT y otras centrales obreras contra la pol\u00edtica econ\u00f3mica&hellip;\" \/>\n<meta property=\"og:url\" content=\"https:\/\/diariotextual.com\/inicio\/index.php\/2024\/01\/24\/di-napoli-al-paro-hay-que-acompanarlo-desde-todos-los-sectores\/\" \/>\n<meta property=\"og:site_name\" content=\"Diario Textual\" \/>\n<meta property=\"article:publisher\" content=\"https:\/\/www.facebook.com\/eltextual\" \/>\n<meta property=\"article:published_time\" content=\"2024-01-24T12:18:12+00:00\" \/>\n<meta property=\"article:modified_time\" content=\"2024-01-24T17:00:37+00:00\" \/>\n<meta property=\"og:image\" content=\"https:\/\/diariotextual.com\/inicio\/wp-content\/uploads\/2023\/04\/dinapoliluciano2023-1002.jpg\" \/>\n\t<meta property=\"og:image:width\" content=\"1023\" \/>\n\t<meta property=\"og:image:height\" content=\"657\" \/>\n\t<meta property=\"og:image:type\" content=\"image\/jpeg\" \/>\n<meta name=\"author\" content=\"diario5\" \/>\n<meta name=\"twitter:card\" content=\"summary_large_image\" \/>\n<meta name=\"twitter:creator\" content=\"@eltextual\" \/>\n<meta name=\"twitter:site\" content=\"@eltextual\" \/>\n<meta name=\"twitter:label1\" content=\"Escrito por\" \/>\n\t<meta name=\"twitter:data1\" content=\"diario5\" \/>\n\t<meta name=\"twitter:label2\" content=\"Tiempo de lectura\" \/>\n\t<meta name=\"twitter:data2\" content=\"2 minutos\" \/>\n<script type=\"application\/ld+json\" class=\"yoast-schema-graph\">{\"@context\":\"https:\\\/\\\/schema.org\",\"@graph\":[{\"@type\":\"Article\",\"@id\":\"https:\\\/\\\/diariotextual.com\\\/inicio\\\/index.php\\\/2024\\\/01\\\/24\\\/di-napoli-al-paro-hay-que-acompanarlo-desde-todos-los-sectores\\\/#article\",\"isPartOf\":{\"@id\":\"https:\\\/\\\/diariotextual.com\\\/inicio\\\/index.php\\\/2024\\\/01\\\/24\\\/di-napoli-al-paro-hay-que-acompanarlo-desde-todos-los-sectores\\\/\"},\"author\":{\"name\":\"diario5\",\"@id\":\"https:\\\/\\\/diariotextual.com\\\/inicio\\\/#\\\/schema\\\/person\\\/c7834961ad8b29b1d9cdbf4571299067\"},\"headline\":\"Di N\u00e1poli: \u201cAl paro hay que acompa\u00f1arlo desde todos los sectores\u201d\",\"datePublished\":\"2024-01-24T12:18:12+00:00\",\"dateModified\":\"2024-01-24T17:00:37+00:00\",\"mainEntityOfPage\":{\"@id\":\"https:\\\/\\\/diariotextual.com\\\/inicio\\\/index.php\\\/2024\\\/01\\\/24\\\/di-napoli-al-paro-hay-que-acompanarlo-desde-todos-los-sectores\\\/\"},\"wordCount\":250,\"publisher\":{\"@id\":\"https:\\\/\\\/diariotextual.com\\\/inicio\\\/#organization\"},\"image\":{\"@id\":\"https:\\\/\\\/diariotextual.com\\\/inicio\\\/index.php\\\/2024\\\/01\\\/24\\\/di-napoli-al-paro-hay-que-acompanarlo-desde-todos-los-sectores\\\/#primaryimage\"},\"thumbnailUrl\":\"https:\\\/\\\/diariotextual.com\\\/inicio\\\/wp-content\\\/uploads\\\/2023\\\/04\\\/dinapoliluciano2023-1002.jpg\",\"articleSection\":[\"A - ES NOTICIA (van abajo)\",\"POLITICA\"],\"inLanguage\":\"es\"},{\"@type\":\"WebPage\",\"@id\":\"https:\\\/\\\/diariotextual.com\\\/inicio\\\/index.php\\\/2024\\\/01\\\/24\\\/di-napoli-al-paro-hay-que-acompanarlo-desde-todos-los-sectores\\\/\",\"url\":\"https:\\\/\\\/diariotextual.com\\\/inicio\\\/index.php\\\/2024\\\/01\\\/24\\\/di-napoli-al-paro-hay-que-acompanarlo-desde-todos-los-sectores\\\/\",\"name\":\"Di N\u00e1poli: \u201cAl paro hay que acompa\u00f1arlo desde todos los sectores\u201d - Diario Textual\",\"isPartOf\":{\"@id\":\"https:\\\/\\\/diariotextual.com\\\/inicio\\\/#website\"},\"primaryImageOfPage\":{\"@id\":\"https:\\\/\\\/diariotextual.com\\\/inicio\\\/index.php\\\/2024\\\/01\\\/24\\\/di-napoli-al-paro-hay-que-acompanarlo-desde-todos-los-sectores\\\/#primaryimage\"},\"image\":{\"@id\":\"https:\\\/\\\/diariotextual.com\\\/inicio\\\/index.php\\\/2024\\\/01\\\/24\\\/di-napoli-al-paro-hay-que-acompanarlo-desde-todos-los-sectores\\\/#primaryimage\"},\"thumbnailUrl\":\"https:\\\/\\\/diariotextual.com\\\/inicio\\\/wp-content\\\/uploads\\\/2023\\\/04\\\/dinapoliluciano2023-1002.jpg\",\"datePublished\":\"2024-01-24T12:18:12+00:00\",\"dateModified\":\"2024-01-24T17:00:37+00:00\",\"breadcrumb\":{\"@id\":\"https:\\\/\\\/diariotextual.com\\\/inicio\\\/index.php\\\/2024\\\/01\\\/24\\\/di-napoli-al-paro-hay-que-acompanarlo-desde-todos-los-sectores\\\/#breadcrumb\"},\"inLanguage\":\"es\",\"potentialAction\":[{\"@type\":\"ReadAction\",\"target\":[\"https:\\\/\\\/diariotextual.com\\\/inicio\\\/index.php\\\/2024\\\/01\\\/24\\\/di-napoli-al-paro-hay-que-acompanarlo-desde-todos-los-sectores\\\/\"]}]},{\"@type\":\"ImageObject\",\"inLanguage\":\"es\",\"@id\":\"https:\\\/\\\/diariotextual.com\\\/inicio\\\/index.php\\\/2024\\\/01\\\/24\\\/di-napoli-al-paro-hay-que-acompanarlo-desde-todos-los-sectores\\\/#primaryimage\",\"url\":\"https:\\\/\\\/diariotextual.com\\\/inicio\\\/wp-content\\\/uploads\\\/2023\\\/04\\\/dinapoliluciano2023-1002.jpg\",\"contentUrl\":\"https:\\\/\\\/diariotextual.com\\\/inicio\\\/wp-content\\\/uploads\\\/2023\\\/04\\\/dinapoliluciano2023-1002.jpg\",\"width\":1023,\"height\":657},{\"@type\":\"BreadcrumbList\",\"@id\":\"https:\\\/\\\/diariotextual.com\\\/inicio\\\/index.php\\\/2024\\\/01\\\/24\\\/di-napoli-al-paro-hay-que-acompanarlo-desde-todos-los-sectores\\\/#breadcrumb\",\"itemListElement\":[{\"@type\":\"ListItem\",\"position\":1,\"name\":\"Portada\",\"item\":\"https:\\\/\\\/diariotextual.com\\\/inicio\\\/\"},{\"@type\":\"ListItem\",\"position\":2,\"name\":\"Di N\u00e1poli: \u201cAl paro hay que acompa\u00f1arlo desde todos los sectores\u201d\"}]},{\"@type\":\"WebSite\",\"@id\":\"https:\\\/\\\/diariotextual.com\\\/inicio\\\/#website\",\"url\":\"https:\\\/\\\/diariotextual.com\\\/inicio\\\/\",\"name\":\"Diario Textual\",\"description\":\"\",\"publisher\":{\"@id\":\"https:\\\/\\\/diariotextual.com\\\/inicio\\\/#organization\"},\"potentialAction\":[{\"@type\":\"SearchAction\",\"target\":{\"@type\":\"EntryPoint\",\"urlTemplate\":\"https:\\\/\\\/diariotextual.com\\\/inicio\\\/?s={search_term_string}\"},\"query-input\":{\"@type\":\"PropertyValueSpecification\",\"valueRequired\":true,\"valueName\":\"search_term_string\"}}],\"inLanguage\":\"es\"},{\"@type\":\"Organization\",\"@id\":\"https:\\\/\\\/diariotextual.com\\\/inicio\\\/#organization\",\"name\":\"Diario Textual\",\"url\":\"https:\\\/\\\/diariotextual.com\\\/inicio\\\/\",\"logo\":{\"@type\":\"ImageObject\",\"inLanguage\":\"es\",\"@id\":\"https:\\\/\\\/diariotextual.com\\\/inicio\\\/#\\\/schema\\\/logo\\\/image\\\/\",\"url\":\"https:\\\/\\\/diariotextual.com\\\/inicio\\\/wp-content\\\/uploads\\\/2023\\\/05\\\/logotextual1.jpg\",\"contentUrl\":\"https:\\\/\\\/diariotextual.com\\\/inicio\\\/wp-content\\\/uploads\\\/2023\\\/05\\\/logotextual1.jpg\",\"width\":516,\"height\":76,\"caption\":\"Diario Textual\"},\"image\":{\"@id\":\"https:\\\/\\\/diariotextual.com\\\/inicio\\\/#\\\/schema\\\/logo\\\/image\\\/\"},\"sameAs\":[\"https:\\\/\\\/www.facebook.com\\\/eltextual\",\"https:\\\/\\\/x.com\\\/eltextual\",\"http:\\\/\\\/www.instagram.com\\\/eltextual\"]},{\"@type\":\"Person\",\"@id\":\"https:\\\/\\\/diariotextual.com\\\/inicio\\\/#\\\/schema\\\/person\\\/c7834961ad8b29b1d9cdbf4571299067\",\"name\":\"diario5\",\"image\":{\"@type\":\"ImageObject\",\"inLanguage\":\"es\",\"@id\":\"https:\\\/\\\/secure.gravatar.com\\\/avatar\\\/948c893b847ca6df68216ead81b63f363408ec9b0f600fefc0641ce78613b111?s=96&d=mm&r=g\",\"url\":\"https:\\\/\\\/secure.gravatar.com\\\/avatar\\\/948c893b847ca6df68216ead81b63f363408ec9b0f600fefc0641ce78613b111?s=96&d=mm&r=g\",\"contentUrl\":\"https:\\\/\\\/secure.gravatar.com\\\/avatar\\\/948c893b847ca6df68216ead81b63f363408ec9b0f600fefc0641ce78613b111?s=96&d=mm&r=g\",\"caption\":\"diario5\"},\"url\":\"https:\\\/\\\/diariotextual.com\\\/inicio\\\/index.php\\\/author\\\/diario5\\\/\"}]}<\/script>\n<!-- \/ Yoast SEO plugin. -->","yoast_head_json":{"title":"Di N\u00e1poli: \u201cAl paro hay que acompa\u00f1arlo desde todos los sectores\u201d - Diario Textual","robots":{"index":"index","follow":"follow","max-snippet":"max-snippet:-1","max-image-preview":"max-image-preview:large","max-video-preview":"max-video-preview:-1"},"canonical":"https:\/\/diariotextual.com\/inicio\/index.php\/2024\/01\/24\/di-napoli-al-paro-hay-que-acompanarlo-desde-todos-los-sectores\/","og_locale":"es_ES","og_type":"article","og_title":"Di N\u00e1poli: \u201cAl paro hay que acompa\u00f1arlo desde todos los sectores\u201d - Diario Textual","og_description":"El intendente de Santa Rosa Luciano di N\u00e1poli (PJ-La C\u00e1mpora) llam\u00f3 a \u201cacompa\u00f1ar desde todos los sectores\u201d al paro de la CGT y otras centrales obreras contra la pol\u00edtica econ\u00f3mica&hellip;","og_url":"https:\/\/diariotextual.com\/inicio\/index.php\/2024\/01\/24\/di-napoli-al-paro-hay-que-acompanarlo-desde-todos-los-sectores\/","og_site_name":"Diario Textual","article_publisher":"https:\/\/www.facebook.com\/eltextual","article_published_time":"2024-01-24T12:18:12+00:00","article_modified_time":"2024-01-24T17:00:37+00:00","og_image":[{"width":1023,"height":657,"url":"https:\/\/diariotextual.com\/inicio\/wp-content\/uploads\/2023\/04\/dinapoliluciano2023-1002.jpg","type":"image\/jpeg"}],"author":"diario5","twitter_card":"summary_large_image","twitter_creator":"@eltextual","twitter_site":"@eltextual","twitter_misc":{"Escrito por":"diario5","Tiempo de lectura":"2 minutos"},"schema":{"@context":"https:\/\/schema.org","@graph":[{"@type":"Article","@id":"https:\/\/diariotextual.com\/inicio\/index.php\/2024\/01\/24\/di-napoli-al-paro-hay-que-acompanarlo-desde-todos-los-sectores\/#article","isPartOf":{"@id":"https:\/\/diariotextual.com\/inicio\/index.php\/2024\/01\/24\/di-napoli-al-paro-hay-que-acompanarlo-desde-todos-los-sectores\/"},"author":{"name":"diario5","@id":"https:\/\/diariotextual.com\/inicio\/#\/schema\/person\/c7834961ad8b29b1d9cdbf4571299067"},"headline":"Di N\u00e1poli: \u201cAl paro hay que acompa\u00f1arlo desde todos los sectores\u201d","datePublished":"2024-01-24T12:18:12+00:00","dateModified":"2024-01-24T17:00:37+00:00","mainEntityOfPage":{"@id":"https:\/\/diariotextual.com\/inicio\/index.php\/2024\/01\/24\/di-napoli-al-paro-hay-que-acompanarlo-desde-todos-los-sectores\/"},"wordCount":250,"publisher":{"@id":"https:\/\/diariotextual.com\/inicio\/#organization"},"image":{"@id":"https:\/\/diariotextual.com\/inicio\/index.php\/2024\/01\/24\/di-napoli-al-paro-hay-que-acompanarlo-desde-todos-los-sectores\/#primaryimage"},"thumbnailUrl":"https:\/\/diariotextual.com\/inicio\/wp-content\/uploads\/2023\/04\/dinapoliluciano2023-1002.jpg","articleSection":["A - ES NOTICIA (van abajo)","POLITICA"],"inLanguage":"es"},{"@type":"WebPage","@id":"https:\/\/diariotextual.com\/inicio\/index.php\/2024\/01\/24\/di-napoli-al-paro-hay-que-acompanarlo-desde-todos-los-sectores\/","url":"https:\/\/diariotextual.com\/inicio\/index.php\/2024\/01\/24\/di-napoli-al-paro-hay-que-acompanarlo-desde-todos-los-sectores\/","name":"Di N\u00e1poli: \u201cAl paro hay que acompa\u00f1arlo desde todos los sectores\u201d - Diario Textual","isPartOf":{"@id":"https:\/\/diariotextual.com\/inicio\/#website"},"primaryImageOfPage":{"@id":"https:\/\/diariotextual.com\/inicio\/index.php\/2024\/01\/24\/di-napoli-al-paro-hay-que-acompanarlo-desde-todos-los-sectores\/#primaryimage"},"image":{"@id":"https:\/\/diariotextual.com\/inicio\/index.php\/2024\/01\/24\/di-napoli-al-paro-hay-que-acompanarlo-desde-todos-los-sectores\/#primaryimage"},"thumbnailUrl":"https:\/\/diariotextual.com\/inicio\/wp-content\/uploads\/2023\/04\/dinapoliluciano2023-1002.jpg","datePublished":"2024-01-24T12:18:12+00:00","dateModified":"2024-01-24T17:00:37+00:00","breadcrumb":{"@id":"https:\/\/diariotextual.com\/inicio\/index.php\/2024\/01\/24\/di-napoli-al-paro-hay-que-acompanarlo-desde-todos-los-sectores\/#breadcrumb"},"inLanguage":"es","potentialAction":[{"@type":"ReadAction","target":["https:\/\/diariotextual.com\/inicio\/index.php\/2024\/01\/24\/di-napoli-al-paro-hay-que-acompanarlo-desde-todos-los-sectores\/"]}]},{"@type":"ImageObject","inLanguage":"es","@id":"https:\/\/diariotextual.com\/inicio\/index.php\/2024\/01\/24\/di-napoli-al-paro-hay-que-acompanarlo-desde-todos-los-sectores\/#primaryimage","url":"https:\/\/diariotextual.com\/inicio\/wp-content\/uploads\/2023\/04\/dinapoliluciano2023-1002.jpg","contentUrl":"https:\/\/diariotextual.com\/inicio\/wp-content\/uploads\/2023\/04\/dinapoliluciano2023-1002.jpg","width":1023,"height":657},{"@type":"BreadcrumbList","@id":"https:\/\/diariotextual.com\/inicio\/index.php\/2024\/01\/24\/di-napoli-al-paro-hay-que-acompanarlo-desde-todos-los-sectores\/#breadcrumb","itemListElement":[{"@type":"ListItem","position":1,"name":"Portada","item":"https:\/\/diariotextual.com\/inicio\/"},{"@type":"ListItem","position":2,"name":"Di N\u00e1poli: \u201cAl paro hay que acompa\u00f1arlo desde todos los sectores\u201d"}]},{"@type":"WebSite","@id":"https:\/\/diariotextual.com\/inicio\/#website","url":"https:\/\/diariotextual.com\/inicio\/","name":"Diario Textual","description":"","publisher":{"@id":"https:\/\/diariotextual.com\/inicio\/#organization"},"potentialAction":[{"@type":"SearchAction","target":{"@type":"EntryPoint","urlTemplate":"https:\/\/diariotextual.com\/inicio\/?s={search_term_string}"},"query-input":{"@type":"PropertyValueSpecification","valueRequired":true,"valueName":"search_term_string"}}],"inLanguage":"es"},{"@type":"Organization","@id":"https:\/\/diariotextual.com\/inicio\/#organization","name":"Diario Textual","url":"https:\/\/diariotextual.com\/inicio\/","logo":{"@type":"ImageObject","inLanguage":"es","@id":"https:\/\/diariotextual.com\/inicio\/#\/schema\/logo\/image\/","url":"https:\/\/diariotextual.com\/inicio\/wp-content\/uploads\/2023\/05\/logotextual1.jpg","contentUrl":"https:\/\/diariotextual.com\/inicio\/wp-content\/uploads\/2023\/05\/logotextual1.jpg","width":516,"height":76,"caption":"Diario Textual"},"image":{"@id":"https:\/\/diariotextual.com\/inicio\/#\/schema\/logo\/image\/"},"sameAs":["https:\/\/www.facebook.com\/eltextual","https:\/\/x.com\/eltextual","http:\/\/www.instagram.com\/eltextual"]},{"@type":"Person","@id":"https:\/\/diariotextual.com\/inicio\/#\/schema\/person\/c7834961ad8b29b1d9cdbf4571299067","name":"diario5","image":{"@type":"ImageObject","inLanguage":"es","@id":"https:\/\/secure.gravatar.com\/avatar\/948c893b847ca6df68216ead81b63f363408ec9b0f600fefc0641ce78613b111?s=96&d=mm&r=g","url":"https:\/\/secure.gravatar.com\/avatar\/948c893b847ca6df68216ead81b63f363408ec9b0f600fefc0641ce78613b111?s=96&d=mm&r=g","contentUrl":"https:\/\/secure.gravatar.com\/avatar\/948c893b847ca6df68216ead81b63f363408ec9b0f600fefc0641ce78613b111?s=96&d=mm&r=g","caption":"diario5"},"url":"https:\/\/diariotextual.com\/inicio\/index.php\/author\/diario5\/"}]}},"_links":{"self":[{"href":"https:\/\/diariotextual.com\/inicio\/index.php\/wp-json\/wp\/v2\/posts\/251887","targetHints":{"allow":["GET"]}}],"collection":[{"href":"https:\/\/diariotextual.com\/inicio\/index.php\/wp-json\/wp\/v2\/posts"}],"about":[{"href":"https:\/\/diariotextual.com\/inicio\/index.php\/wp-json\/wp\/v2\/types\/post"}],"author":[{"embeddable":true,"href":"https:\/\/diariotextual.com\/inicio\/index.php\/wp-json\/wp\/v2\/users\/7"}],"replies":[{"embeddable":true,"href":"https:\/\/diariotextual.com\/inicio\/index.php\/wp-json\/wp\/v2\/comments?post=251887"}],"version-history":[{"count":4,"href":"https:\/\/diariotextual.com\/inicio\/index.php\/wp-json\/wp\/v2\/posts\/251887\/revisions"}],"predecessor-version":[{"id":251892,"href":"https:\/\/diariotextual.com\/inicio\/index.php\/wp-json\/wp\/v2\/posts\/251887\/revisions\/251892"}],"wp:featuredmedia":[{"embeddable":true,"href":"https:\/\/diariotextual.com\/inicio\/index.php\/wp-json\/wp\/v2\/media\/223696"}],"wp:attachment":[{"href":"https:\/\/diariotextual.com\/inicio\/index.php\/wp-json\/wp\/v2\/media?parent=251887"}],"wp:term":[{"taxonomy":"category","embeddable":true,"href":"https:\/\/diariotextual.com\/inicio\/index.php\/wp-json\/wp\/v2\/categories?post=251887"},{"taxonomy":"post_tag","embeddable":true,"href":"https:\/\/diariotextual.com\/inicio\/index.php\/wp-json\/wp\/v2\/tags?post=251887"}],"curies":[{"name":"wp","href":"https:\/\/api.w.org\/{rel}","templated":true}]}}