{"id":251982,"date":"2024-01-24T16:34:13","date_gmt":"2024-01-24T19:34:13","guid":{"rendered":"https:\/\/diariotextual.com\/inicio\/?p=251982"},"modified":"2024-01-24T16:34:40","modified_gmt":"2024-01-24T19:34:40","slug":"la-sesion-por-la-ley-omnibus-se-pospuso-hasta-el-martes-el-gobierno-sigue-negociando-los-articulos-clave","status":"publish","type":"post","link":"https:\/\/diariotextual.com\/inicio\/index.php\/2024\/01\/24\/la-sesion-por-la-ley-omnibus-se-pospuso-hasta-el-martes-el-gobierno-sigue-negociando-los-articulos-clave\/","title":{"rendered":"La sesi\u00f3n por la Ley \u00d3mnibus se pospuso hasta el martes: el Gobierno sigue negociando los art\u00edculos clave"},"content":{"rendered":"\n<p>A pesar de haber logrado una importante victoria pol\u00edtica este martes al conseguir el dictamen de mayor\u00eda del proyecto de la\u00a0<strong>Ley \u00d3mnibus<\/strong>, el Gobierno convocar\u00e1 a sesi\u00f3n en la C\u00e1mara de Diputados reci\u00e9n el\u00a0<strong>martes de la semana que viene.<\/strong>\u00a0Durante los pr\u00f3ximos d\u00edas continuar\u00e1n las fren\u00e9ticas negociaciones con los bloques de la oposici\u00f3n dialoguista y con los gobernadores para<strong>\u00a0evitar que sean rechazados varios de los art\u00edculos\u00a0<\/strong>centrales del proyecto, como la suba de retenciones, la modificaci\u00f3n de la f\u00f3rmula de movilidad jubilatoria y las facultades delegadas.<\/p>\n\n\n\n<p>El plan original del oficialismo era llevar el texto al recinto&nbsp;<strong>este mismo jueves<\/strong>&nbsp;para aprobarlo en una sesi\u00f3n marat\u00f3nica que durar\u00eda hasta el viernes. No obstante, en el plenario de comisiones qued\u00f3 en evidencia que el Gobierno a\u00fan debe recorrer un largo camino para alcanzar consensos m\u00e1s amplios con el PRO, la UCR, el bloque Hacemos Coalici\u00f3n Federal e Innovaci\u00f3n Federal. Todos firmaron con disidencias. De la UCR solo apoy\u00f3 la mitad y un sector de HCF firm\u00f3 un dictamen propio en minor\u00eda.<\/p>\n\n\n\n<p>El Gobierno hab\u00eda recibido buenas noticias desde el Congreso esta ma\u00f1ana al confirmarse la fractura del peronismo. Los tres diputados que responden al gobernador de Tucum\u00e1n\u00a0<strong>Osvaldo Jaldo\u00a0<\/strong>anunciaron que abandonan la bancada de Uni\u00f3n por la Patria para conformar un espacio propio, bautizado Independencia.<\/p>\n\n\n\n<p>Ayer por la madrugada, cuando el oficialismo buscaba desesperadamente las firmas para sacar el dictamen del proyecto, el diputado\u00a0<strong>Agust\u00edn Fern\u00e1ndez<\/strong>\u00a0acompa\u00f1\u00f3 al oficialismo y dio la primera se\u00f1al de que Jaldo votar\u00eda a favor de la Ley \u00d3mnibus.<\/p>\n\n\n\n<p>En paralelo tanto desde el radicalismo como desde Hacemos Coalici\u00f3n Federal solicitaron a Mart\u00edn Menem, titular de la C\u00e1mara de Diputados, que postergue la convocatoria a sesi\u00f3n para<strong>\u00a0\u201cordenar\u201d el panorama<\/strong>\u00a0y evitar que la\u00a0<strong>votaci\u00f3n en particular de los art\u00edculos<\/strong>\u00a0se convierta en una\u00a0<strong>pelea encarnizada.<\/strong><\/p>\n","protected":false},"excerpt":{"rendered":"<p>A pesar de haber logrado una importante victoria pol\u00edtica este martes al conseguir el dictamen de mayor\u00eda del proyecto de la\u00a0Ley \u00d3mnibus, el Gobierno convocar\u00e1 a sesi\u00f3n en la C\u00e1mara&hellip;<\/p>\n","protected":false},"author":3,"featured_media":250628,"comment_status":"closed","ping_status":"open","sticky":false,"template":"","format":"standard","meta":{"_acf_changed":false,"footnotes":""},"categories":[1,8],"tags":[],"class_list":["post-251982","post","type-post","status-publish","format-standard","has-post-thumbnail","hentry","category-es-noticia","category-politica"],"acf":[],"yoast_head":"<!-- This site is optimized with the Yoast SEO plugin v27.5 - https:\/\/yoast.com\/product\/yoast-seo-wordpress\/ -->\n<title>La sesi\u00f3n por la Ley \u00d3mnibus se pospuso hasta el martes: el Gobierno sigue negociando los art\u00edculos clave - Diario Textual<\/title>\n<meta name=\"robots\" content=\"index, follow, max-snippet:-1, max-image-preview:large, max-video-preview:-1\" \/>\n<link rel=\"canonical\" href=\"https:\/\/diariotextual.com\/inicio\/index.php\/2024\/01\/24\/la-sesion-por-la-ley-omnibus-se-pospuso-hasta-el-martes-el-gobierno-sigue-negociando-los-articulos-clave\/\" \/>\n<meta property=\"og:locale\" content=\"es_ES\" \/>\n<meta property=\"og:type\" content=\"article\" \/>\n<meta property=\"og:title\" content=\"La sesi\u00f3n por la Ley \u00d3mnibus se pospuso hasta el martes: el Gobierno sigue negociando los art\u00edculos clave - Diario Textual\" \/>\n<meta property=\"og:description\" content=\"A pesar de haber logrado una importante victoria pol\u00edtica este martes al conseguir el dictamen de mayor\u00eda del proyecto de la\u00a0Ley \u00d3mnibus, el Gobierno convocar\u00e1 a sesi\u00f3n en la C\u00e1mara&hellip;\" \/>\n<meta property=\"og:url\" content=\"https:\/\/diariotextual.com\/inicio\/index.php\/2024\/01\/24\/la-sesion-por-la-ley-omnibus-se-pospuso-hasta-el-martes-el-gobierno-sigue-negociando-los-articulos-clave\/\" \/>\n<meta property=\"og:site_name\" content=\"Diario Textual\" \/>\n<meta property=\"article:publisher\" content=\"https:\/\/www.facebook.com\/eltextual\" \/>\n<meta property=\"article:published_time\" content=\"2024-01-24T19:34:13+00:00\" \/>\n<meta property=\"article:modified_time\" content=\"2024-01-24T19:34:40+00:00\" \/>\n<meta property=\"og:image\" content=\"https:\/\/diariotextual.com\/inicio\/wp-content\/uploads\/2024\/01\/barrarodolfotelam2024-1.jpg\" \/>\n\t<meta property=\"og:image:width\" content=\"1200\" \/>\n\t<meta property=\"og:image:height\" content=\"675\" \/>\n\t<meta property=\"og:image:type\" content=\"image\/jpeg\" \/>\n<meta name=\"author\" content=\"Diario1 Diario1\" \/>\n<meta name=\"twitter:card\" content=\"summary_large_image\" \/>\n<meta name=\"twitter:creator\" content=\"@eltextual\" \/>\n<meta name=\"twitter:site\" content=\"@eltextual\" \/>\n<meta name=\"twitter:label1\" content=\"Escrito por\" \/>\n\t<meta name=\"twitter:data1\" content=\"Diario1 Diario1\" \/>\n\t<meta name=\"twitter:label2\" content=\"Tiempo de lectura\" \/>\n\t<meta name=\"twitter:data2\" content=\"2 minutos\" \/>\n<script type=\"application\/ld+json\" class=\"yoast-schema-graph\">{\"@context\":\"https:\\\/\\\/schema.org\",\"@graph\":[{\"@type\":\"Article\",\"@id\":\"https:\\\/\\\/diariotextual.com\\\/inicio\\\/index.php\\\/2024\\\/01\\\/24\\\/la-sesion-por-la-ley-omnibus-se-pospuso-hasta-el-martes-el-gobierno-sigue-negociando-los-articulos-clave\\\/#article\",\"isPartOf\":{\"@id\":\"https:\\\/\\\/diariotextual.com\\\/inicio\\\/index.php\\\/2024\\\/01\\\/24\\\/la-sesion-por-la-ley-omnibus-se-pospuso-hasta-el-martes-el-gobierno-sigue-negociando-los-articulos-clave\\\/\"},\"author\":{\"name\":\"Diario1 Diario1\",\"@id\":\"https:\\\/\\\/diariotextual.com\\\/inicio\\\/#\\\/schema\\\/person\\\/418fc4093c33e86ed41562db3508f958\"},\"headline\":\"La sesi\u00f3n por la Ley \u00d3mnibus se pospuso hasta el martes: el Gobierno sigue negociando los art\u00edculos clave\",\"datePublished\":\"2024-01-24T19:34:13+00:00\",\"dateModified\":\"2024-01-24T19:34:40+00:00\",\"mainEntityOfPage\":{\"@id\":\"https:\\\/\\\/diariotextual.com\\\/inicio\\\/index.php\\\/2024\\\/01\\\/24\\\/la-sesion-por-la-ley-omnibus-se-pospuso-hasta-el-martes-el-gobierno-sigue-negociando-los-articulos-clave\\\/\"},\"wordCount\":361,\"publisher\":{\"@id\":\"https:\\\/\\\/diariotextual.com\\\/inicio\\\/#organization\"},\"image\":{\"@id\":\"https:\\\/\\\/diariotextual.com\\\/inicio\\\/index.php\\\/2024\\\/01\\\/24\\\/la-sesion-por-la-ley-omnibus-se-pospuso-hasta-el-martes-el-gobierno-sigue-negociando-los-articulos-clave\\\/#primaryimage\"},\"thumbnailUrl\":\"https:\\\/\\\/diariotextual.com\\\/inicio\\\/wp-content\\\/uploads\\\/2024\\\/01\\\/barrarodolfotelam2024-1.jpg\",\"articleSection\":[\"A - ES NOTICIA (van abajo)\",\"POLITICA\"],\"inLanguage\":\"es\"},{\"@type\":\"WebPage\",\"@id\":\"https:\\\/\\\/diariotextual.com\\\/inicio\\\/index.php\\\/2024\\\/01\\\/24\\\/la-sesion-por-la-ley-omnibus-se-pospuso-hasta-el-martes-el-gobierno-sigue-negociando-los-articulos-clave\\\/\",\"url\":\"https:\\\/\\\/diariotextual.com\\\/inicio\\\/index.php\\\/2024\\\/01\\\/24\\\/la-sesion-por-la-ley-omnibus-se-pospuso-hasta-el-martes-el-gobierno-sigue-negociando-los-articulos-clave\\\/\",\"name\":\"La sesi\u00f3n por la Ley \u00d3mnibus se pospuso hasta el martes: el Gobierno sigue negociando los art\u00edculos clave - Diario Textual\",\"isPartOf\":{\"@id\":\"https:\\\/\\\/diariotextual.com\\\/inicio\\\/#website\"},\"primaryImageOfPage\":{\"@id\":\"https:\\\/\\\/diariotextual.com\\\/inicio\\\/index.php\\\/2024\\\/01\\\/24\\\/la-sesion-por-la-ley-omnibus-se-pospuso-hasta-el-martes-el-gobierno-sigue-negociando-los-articulos-clave\\\/#primaryimage\"},\"image\":{\"@id\":\"https:\\\/\\\/diariotextual.com\\\/inicio\\\/index.php\\\/2024\\\/01\\\/24\\\/la-sesion-por-la-ley-omnibus-se-pospuso-hasta-el-martes-el-gobierno-sigue-negociando-los-articulos-clave\\\/#primaryimage\"},\"thumbnailUrl\":\"https:\\\/\\\/diariotextual.com\\\/inicio\\\/wp-content\\\/uploads\\\/2024\\\/01\\\/barrarodolfotelam2024-1.jpg\",\"datePublished\":\"2024-01-24T19:34:13+00:00\",\"dateModified\":\"2024-01-24T19:34:40+00:00\",\"breadcrumb\":{\"@id\":\"https:\\\/\\\/diariotextual.com\\\/inicio\\\/index.php\\\/2024\\\/01\\\/24\\\/la-sesion-por-la-ley-omnibus-se-pospuso-hasta-el-martes-el-gobierno-sigue-negociando-los-articulos-clave\\\/#breadcrumb\"},\"inLanguage\":\"es\",\"potentialAction\":[{\"@type\":\"ReadAction\",\"target\":[\"https:\\\/\\\/diariotextual.com\\\/inicio\\\/index.php\\\/2024\\\/01\\\/24\\\/la-sesion-por-la-ley-omnibus-se-pospuso-hasta-el-martes-el-gobierno-sigue-negociando-los-articulos-clave\\\/\"]}]},{\"@type\":\"ImageObject\",\"inLanguage\":\"es\",\"@id\":\"https:\\\/\\\/diariotextual.com\\\/inicio\\\/index.php\\\/2024\\\/01\\\/24\\\/la-sesion-por-la-ley-omnibus-se-pospuso-hasta-el-martes-el-gobierno-sigue-negociando-los-articulos-clave\\\/#primaryimage\",\"url\":\"https:\\\/\\\/diariotextual.com\\\/inicio\\\/wp-content\\\/uploads\\\/2024\\\/01\\\/barrarodolfotelam2024-1.jpg\",\"contentUrl\":\"https:\\\/\\\/diariotextual.com\\\/inicio\\\/wp-content\\\/uploads\\\/2024\\\/01\\\/barrarodolfotelam2024-1.jpg\",\"width\":1200,\"height\":675},{\"@type\":\"BreadcrumbList\",\"@id\":\"https:\\\/\\\/diariotextual.com\\\/inicio\\\/index.php\\\/2024\\\/01\\\/24\\\/la-sesion-por-la-ley-omnibus-se-pospuso-hasta-el-martes-el-gobierno-sigue-negociando-los-articulos-clave\\\/#breadcrumb\",\"itemListElement\":[{\"@type\":\"ListItem\",\"position\":1,\"name\":\"Portada\",\"item\":\"https:\\\/\\\/diariotextual.com\\\/inicio\\\/\"},{\"@type\":\"ListItem\",\"position\":2,\"name\":\"La sesi\u00f3n por la Ley \u00d3mnibus se pospuso hasta el martes: el Gobierno sigue negociando los art\u00edculos clave\"}]},{\"@type\":\"WebSite\",\"@id\":\"https:\\\/\\\/diariotextual.com\\\/inicio\\\/#website\",\"url\":\"https:\\\/\\\/diariotextual.com\\\/inicio\\\/\",\"name\":\"Diario Textual\",\"description\":\"\",\"publisher\":{\"@id\":\"https:\\\/\\\/diariotextual.com\\\/inicio\\\/#organization\"},\"potentialAction\":[{\"@type\":\"SearchAction\",\"target\":{\"@type\":\"EntryPoint\",\"urlTemplate\":\"https:\\\/\\\/diariotextual.com\\\/inicio\\\/?s={search_term_string}\"},\"query-input\":{\"@type\":\"PropertyValueSpecification\",\"valueRequired\":true,\"valueName\":\"search_term_string\"}}],\"inLanguage\":\"es\"},{\"@type\":\"Organization\",\"@id\":\"https:\\\/\\\/diariotextual.com\\\/inicio\\\/#organization\",\"name\":\"Diario Textual\",\"url\":\"https:\\\/\\\/diariotextual.com\\\/inicio\\\/\",\"logo\":{\"@type\":\"ImageObject\",\"inLanguage\":\"es\",\"@id\":\"https:\\\/\\\/diariotextual.com\\\/inicio\\\/#\\\/schema\\\/logo\\\/image\\\/\",\"url\":\"https:\\\/\\\/diariotextual.com\\\/inicio\\\/wp-content\\\/uploads\\\/2023\\\/05\\\/logotextual1.jpg\",\"contentUrl\":\"https:\\\/\\\/diariotextual.com\\\/inicio\\\/wp-content\\\/uploads\\\/2023\\\/05\\\/logotextual1.jpg\",\"width\":516,\"height\":76,\"caption\":\"Diario Textual\"},\"image\":{\"@id\":\"https:\\\/\\\/diariotextual.com\\\/inicio\\\/#\\\/schema\\\/logo\\\/image\\\/\"},\"sameAs\":[\"https:\\\/\\\/www.facebook.com\\\/eltextual\",\"https:\\\/\\\/x.com\\\/eltextual\",\"http:\\\/\\\/www.instagram.com\\\/eltextual\"]},{\"@type\":\"Person\",\"@id\":\"https:\\\/\\\/diariotextual.com\\\/inicio\\\/#\\\/schema\\\/person\\\/418fc4093c33e86ed41562db3508f958\",\"name\":\"Diario1 Diario1\",\"image\":{\"@type\":\"ImageObject\",\"inLanguage\":\"es\",\"@id\":\"https:\\\/\\\/secure.gravatar.com\\\/avatar\\\/9167d280179c85bc18be67aa7eda765854300033af4896dd779b608640f2ef7a?s=96&d=mm&r=g\",\"url\":\"https:\\\/\\\/secure.gravatar.com\\\/avatar\\\/9167d280179c85bc18be67aa7eda765854300033af4896dd779b608640f2ef7a?s=96&d=mm&r=g\",\"contentUrl\":\"https:\\\/\\\/secure.gravatar.com\\\/avatar\\\/9167d280179c85bc18be67aa7eda765854300033af4896dd779b608640f2ef7a?s=96&d=mm&r=g\",\"caption\":\"Diario1 Diario1\"},\"url\":\"https:\\\/\\\/diariotextual.com\\\/inicio\\\/index.php\\\/author\\\/diario1\\\/\"}]}<\/script>\n<!-- \/ Yoast SEO plugin. -->","yoast_head_json":{"title":"La sesi\u00f3n por la Ley \u00d3mnibus se pospuso hasta el martes: el Gobierno sigue negociando los art\u00edculos clave - Diario Textual","robots":{"index":"index","follow":"follow","max-snippet":"max-snippet:-1","max-image-preview":"max-image-preview:large","max-video-preview":"max-video-preview:-1"},"canonical":"https:\/\/diariotextual.com\/inicio\/index.php\/2024\/01\/24\/la-sesion-por-la-ley-omnibus-se-pospuso-hasta-el-martes-el-gobierno-sigue-negociando-los-articulos-clave\/","og_locale":"es_ES","og_type":"article","og_title":"La sesi\u00f3n por la Ley \u00d3mnibus se pospuso hasta el martes: el Gobierno sigue negociando los art\u00edculos clave - Diario Textual","og_description":"A pesar de haber logrado una importante victoria pol\u00edtica este martes al conseguir el dictamen de mayor\u00eda del proyecto de la\u00a0Ley \u00d3mnibus, el Gobierno convocar\u00e1 a sesi\u00f3n en la C\u00e1mara&hellip;","og_url":"https:\/\/diariotextual.com\/inicio\/index.php\/2024\/01\/24\/la-sesion-por-la-ley-omnibus-se-pospuso-hasta-el-martes-el-gobierno-sigue-negociando-los-articulos-clave\/","og_site_name":"Diario Textual","article_publisher":"https:\/\/www.facebook.com\/eltextual","article_published_time":"2024-01-24T19:34:13+00:00","article_modified_time":"2024-01-24T19:34:40+00:00","og_image":[{"width":1200,"height":675,"url":"https:\/\/diariotextual.com\/inicio\/wp-content\/uploads\/2024\/01\/barrarodolfotelam2024-1.jpg","type":"image\/jpeg"}],"author":"Diario1 Diario1","twitter_card":"summary_large_image","twitter_creator":"@eltextual","twitter_site":"@eltextual","twitter_misc":{"Escrito por":"Diario1 Diario1","Tiempo de lectura":"2 minutos"},"schema":{"@context":"https:\/\/schema.org","@graph":[{"@type":"Article","@id":"https:\/\/diariotextual.com\/inicio\/index.php\/2024\/01\/24\/la-sesion-por-la-ley-omnibus-se-pospuso-hasta-el-martes-el-gobierno-sigue-negociando-los-articulos-clave\/#article","isPartOf":{"@id":"https:\/\/diariotextual.com\/inicio\/index.php\/2024\/01\/24\/la-sesion-por-la-ley-omnibus-se-pospuso-hasta-el-martes-el-gobierno-sigue-negociando-los-articulos-clave\/"},"author":{"name":"Diario1 Diario1","@id":"https:\/\/diariotextual.com\/inicio\/#\/schema\/person\/418fc4093c33e86ed41562db3508f958"},"headline":"La sesi\u00f3n por la Ley \u00d3mnibus se pospuso hasta el martes: el Gobierno sigue negociando los art\u00edculos clave","datePublished":"2024-01-24T19:34:13+00:00","dateModified":"2024-01-24T19:34:40+00:00","mainEntityOfPage":{"@id":"https:\/\/diariotextual.com\/inicio\/index.php\/2024\/01\/24\/la-sesion-por-la-ley-omnibus-se-pospuso-hasta-el-martes-el-gobierno-sigue-negociando-los-articulos-clave\/"},"wordCount":361,"publisher":{"@id":"https:\/\/diariotextual.com\/inicio\/#organization"},"image":{"@id":"https:\/\/diariotextual.com\/inicio\/index.php\/2024\/01\/24\/la-sesion-por-la-ley-omnibus-se-pospuso-hasta-el-martes-el-gobierno-sigue-negociando-los-articulos-clave\/#primaryimage"},"thumbnailUrl":"https:\/\/diariotextual.com\/inicio\/wp-content\/uploads\/2024\/01\/barrarodolfotelam2024-1.jpg","articleSection":["A - ES NOTICIA (van abajo)","POLITICA"],"inLanguage":"es"},{"@type":"WebPage","@id":"https:\/\/diariotextual.com\/inicio\/index.php\/2024\/01\/24\/la-sesion-por-la-ley-omnibus-se-pospuso-hasta-el-martes-el-gobierno-sigue-negociando-los-articulos-clave\/","url":"https:\/\/diariotextual.com\/inicio\/index.php\/2024\/01\/24\/la-sesion-por-la-ley-omnibus-se-pospuso-hasta-el-martes-el-gobierno-sigue-negociando-los-articulos-clave\/","name":"La sesi\u00f3n por la Ley \u00d3mnibus se pospuso hasta el martes: el Gobierno sigue negociando los art\u00edculos clave - Diario Textual","isPartOf":{"@id":"https:\/\/diariotextual.com\/inicio\/#website"},"primaryImageOfPage":{"@id":"https:\/\/diariotextual.com\/inicio\/index.php\/2024\/01\/24\/la-sesion-por-la-ley-omnibus-se-pospuso-hasta-el-martes-el-gobierno-sigue-negociando-los-articulos-clave\/#primaryimage"},"image":{"@id":"https:\/\/diariotextual.com\/inicio\/index.php\/2024\/01\/24\/la-sesion-por-la-ley-omnibus-se-pospuso-hasta-el-martes-el-gobierno-sigue-negociando-los-articulos-clave\/#primaryimage"},"thumbnailUrl":"https:\/\/diariotextual.com\/inicio\/wp-content\/uploads\/2024\/01\/barrarodolfotelam2024-1.jpg","datePublished":"2024-01-24T19:34:13+00:00","dateModified":"2024-01-24T19:34:40+00:00","breadcrumb":{"@id":"https:\/\/diariotextual.com\/inicio\/index.php\/2024\/01\/24\/la-sesion-por-la-ley-omnibus-se-pospuso-hasta-el-martes-el-gobierno-sigue-negociando-los-articulos-clave\/#breadcrumb"},"inLanguage":"es","potentialAction":[{"@type":"ReadAction","target":["https:\/\/diariotextual.com\/inicio\/index.php\/2024\/01\/24\/la-sesion-por-la-ley-omnibus-se-pospuso-hasta-el-martes-el-gobierno-sigue-negociando-los-articulos-clave\/"]}]},{"@type":"ImageObject","inLanguage":"es","@id":"https:\/\/diariotextual.com\/inicio\/index.php\/2024\/01\/24\/la-sesion-por-la-ley-omnibus-se-pospuso-hasta-el-martes-el-gobierno-sigue-negociando-los-articulos-clave\/#primaryimage","url":"https:\/\/diariotextual.com\/inicio\/wp-content\/uploads\/2024\/01\/barrarodolfotelam2024-1.jpg","contentUrl":"https:\/\/diariotextual.com\/inicio\/wp-content\/uploads\/2024\/01\/barrarodolfotelam2024-1.jpg","width":1200,"height":675},{"@type":"BreadcrumbList","@id":"https:\/\/diariotextual.com\/inicio\/index.php\/2024\/01\/24\/la-sesion-por-la-ley-omnibus-se-pospuso-hasta-el-martes-el-gobierno-sigue-negociando-los-articulos-clave\/#breadcrumb","itemListElement":[{"@type":"ListItem","position":1,"name":"Portada","item":"https:\/\/diariotextual.com\/inicio\/"},{"@type":"ListItem","position":2,"name":"La sesi\u00f3n por la Ley \u00d3mnibus se pospuso hasta el martes: el Gobierno sigue negociando los art\u00edculos clave"}]},{"@type":"WebSite","@id":"https:\/\/diariotextual.com\/inicio\/#website","url":"https:\/\/diariotextual.com\/inicio\/","name":"Diario Textual","description":"","publisher":{"@id":"https:\/\/diariotextual.com\/inicio\/#organization"},"potentialAction":[{"@type":"SearchAction","target":{"@type":"EntryPoint","urlTemplate":"https:\/\/diariotextual.com\/inicio\/?s={search_term_string}"},"query-input":{"@type":"PropertyValueSpecification","valueRequired":true,"valueName":"search_term_string"}}],"inLanguage":"es"},{"@type":"Organization","@id":"https:\/\/diariotextual.com\/inicio\/#organization","name":"Diario Textual","url":"https:\/\/diariotextual.com\/inicio\/","logo":{"@type":"ImageObject","inLanguage":"es","@id":"https:\/\/diariotextual.com\/inicio\/#\/schema\/logo\/image\/","url":"https:\/\/diariotextual.com\/inicio\/wp-content\/uploads\/2023\/05\/logotextual1.jpg","contentUrl":"https:\/\/diariotextual.com\/inicio\/wp-content\/uploads\/2023\/05\/logotextual1.jpg","width":516,"height":76,"caption":"Diario Textual"},"image":{"@id":"https:\/\/diariotextual.com\/inicio\/#\/schema\/logo\/image\/"},"sameAs":["https:\/\/www.facebook.com\/eltextual","https:\/\/x.com\/eltextual","http:\/\/www.instagram.com\/eltextual"]},{"@type":"Person","@id":"https:\/\/diariotextual.com\/inicio\/#\/schema\/person\/418fc4093c33e86ed41562db3508f958","name":"Diario1 Diario1","image":{"@type":"ImageObject","inLanguage":"es","@id":"https:\/\/secure.gravatar.com\/avatar\/9167d280179c85bc18be67aa7eda765854300033af4896dd779b608640f2ef7a?s=96&d=mm&r=g","url":"https:\/\/secure.gravatar.com\/avatar\/9167d280179c85bc18be67aa7eda765854300033af4896dd779b608640f2ef7a?s=96&d=mm&r=g","contentUrl":"https:\/\/secure.gravatar.com\/avatar\/9167d280179c85bc18be67aa7eda765854300033af4896dd779b608640f2ef7a?s=96&d=mm&r=g","caption":"Diario1 Diario1"},"url":"https:\/\/diariotextual.com\/inicio\/index.php\/author\/diario1\/"}]}},"_links":{"self":[{"href":"https:\/\/diariotextual.com\/inicio\/index.php\/wp-json\/wp\/v2\/posts\/251982","targetHints":{"allow":["GET"]}}],"collection":[{"href":"https:\/\/diariotextual.com\/inicio\/index.php\/wp-json\/wp\/v2\/posts"}],"about":[{"href":"https:\/\/diariotextual.com\/inicio\/index.php\/wp-json\/wp\/v2\/types\/post"}],"author":[{"embeddable":true,"href":"https:\/\/diariotextual.com\/inicio\/index.php\/wp-json\/wp\/v2\/users\/3"}],"replies":[{"embeddable":true,"href":"https:\/\/diariotextual.com\/inicio\/index.php\/wp-json\/wp\/v2\/comments?post=251982"}],"version-history":[{"count":2,"href":"https:\/\/diariotextual.com\/inicio\/index.php\/wp-json\/wp\/v2\/posts\/251982\/revisions"}],"predecessor-version":[{"id":251984,"href":"https:\/\/diariotextual.com\/inicio\/index.php\/wp-json\/wp\/v2\/posts\/251982\/revisions\/251984"}],"wp:featuredmedia":[{"embeddable":true,"href":"https:\/\/diariotextual.com\/inicio\/index.php\/wp-json\/wp\/v2\/media\/250628"}],"wp:attachment":[{"href":"https:\/\/diariotextual.com\/inicio\/index.php\/wp-json\/wp\/v2\/media?parent=251982"}],"wp:term":[{"taxonomy":"category","embeddable":true,"href":"https:\/\/diariotextual.com\/inicio\/index.php\/wp-json\/wp\/v2\/categories?post=251982"},{"taxonomy":"post_tag","embeddable":true,"href":"https:\/\/diariotextual.com\/inicio\/index.php\/wp-json\/wp\/v2\/tags?post=251982"}],"curies":[{"name":"wp","href":"https:\/\/api.w.org\/{rel}","templated":true}]}}