{"id":252079,"date":"2024-01-25T12:14:22","date_gmt":"2024-01-25T15:14:22","guid":{"rendered":"https:\/\/diariotextual.com\/inicio\/?p=252079"},"modified":"2024-01-25T21:52:28","modified_gmt":"2024-01-26T00:52:28","slug":"diputado-acuso-al-oficialismo-se-realizaron-modificaciones-al-dictamen-firmado","status":"publish","type":"post","link":"https:\/\/diariotextual.com\/inicio\/index.php\/2024\/01\/25\/diputado-acuso-al-oficialismo-se-realizaron-modificaciones-al-dictamen-firmado\/","title":{"rendered":"Diputado acus\u00f3 al oficialismo: \u201cSe realizaron modificaciones al dictamen firmado\u201d"},"content":{"rendered":"\n<p>Con la postergaci\u00f3n para la semana que viene del tratamiento de la ley \u201cBases y puntos de partida para la libertad de los argentinos\u201d, el <strong>diputado nacional Carlos Guti\u00e9rrez (HCF \u2013 C\u00f3rdoba) apunt\u00f3 contra el oficialismo y acus\u00f3 cambios al dictamen firmado el mi\u00e9rcoles de madrugada<\/strong>. \u201cSe realizaron modificaciones que nadie sabe ni qui\u00e9n ni c\u00f3mo se hicieron\u201d, afirm\u00f3.<\/p>\n\n\n\n<p>Sin embargo, el vocero presidencial<strong> Manuel Adorni asegur\u00f3 que el Gobierno no llev\u00f3 adelante cambios en el texto del dictamen de mayor\u00eda aprobado por el plenario de comisiones<\/strong> en la C\u00e1mara de Diputados.<\/p>\n\n\n\n<p>Cercano al Poder Ejecutivo de C\u00f3rdoba, Guti\u00e9rrez manifest\u00f3 su malestar este jueves en X. \u201cCuando cre\u00edamos que en el <strong>cap\u00edtulo Biocombustible<\/strong> se hab\u00edan logrado las condiciones para alcanzar un acuerdo que contenga a todos los sectores,<strong> nos encontramos con que se realizaron modificaciones que nadie sabe ni qui\u00e9n ni c\u00f3mo se hicieron, despu\u00e9s de un dictamen firmado<\/strong>\u201d, dijo.<\/p>\n\n\n\n<p>\u201cEs muy grave y deja claro que al Gobierno Nacional lo \u00fanico que le importa es la recaudaci\u00f3n, careciendo de un plan de desarrollo productivo\u201d, asever\u00f3 el diputado que integra el bloque que preside Miguel \u00c1ngel Pichetto, el cual acompa\u00f1\u00f3 el dictamen en disidencia.<\/p>\n\n\n\n<p>\u201cEs absurdo que una ley proponga que hay que esperar tres a\u00f1os para que se presente otra ley\u201d, dijo. \u201c\u00bfPor qu\u00e9, en cambio, no se plantea ahora un escenario futuro que genere confianza en las leyes, y que garantice previsibilidad, inversi\u00f3n y generaci\u00f3n de empleo?\u201d, cuestion\u00f3.<\/p>\n\n\n\n<p>\u201cEs una aberraci\u00f3n que se haya cambiado la definici\u00f3n de biocombustible cuando se incorpora y se habla de reciclado de pl\u00e1stico. Eso no es biocombustible\u201d, manifest\u00f3.<\/p>\n\n\n\n<p><\/p>\n\n\n\n<figure class=\"wp-block-embed is-type-wp-embed is-provider-diario-textual wp-block-embed-diario-textual\"><div class=\"wp-block-embed__wrapper\">\n<blockquote class=\"wp-embedded-content\" data-secret=\"tGXIk945S3\"><a href=\"https:\/\/diariotextual.com\/inicio\/index.php\/2024\/01\/24\/milei-negocia-otro-dictamen-porque-no-le-sirve-el-que-se-voto-firmaron-un-cheque-en-blanco-dice-rauschenberger\/\">Milei negocia otro dictamen porque no le sirve el que se vot\u00f3: \u201cFirmaron un cheque en blanco\u201d, dice Rauschenberger<\/a><\/blockquote><iframe class=\"wp-embedded-content\" sandbox=\"allow-scripts\" security=\"restricted\" style=\"position: absolute; clip: rect(1px, 1px, 1px, 1px);\" title=\"\u00abMilei negocia otro dictamen porque no le sirve el que se vot\u00f3: \u201cFirmaron un cheque en blanco\u201d, dice Rauschenberger\u00bb \u2014 Diario Textual\" src=\"https:\/\/diariotextual.com\/inicio\/index.php\/2024\/01\/24\/milei-negocia-otro-dictamen-porque-no-le-sirve-el-que-se-voto-firmaron-un-cheque-en-blanco-dice-rauschenberger\/embed\/#?secret=wpYOcZNqzL#?secret=tGXIk945S3\" data-secret=\"tGXIk945S3\" width=\"600\" height=\"338\" frameborder=\"0\" marginwidth=\"0\" marginheight=\"0\" scrolling=\"no\"><\/iframe>\n<\/div><\/figure>\n\n\n\n<p>Si bien la composici\u00f3n de las firmas obtenidas el mi\u00e9rcoles de madrugada le permiten al oficialismo albergar las mejores expectativas, al punto tal de ilusionarse con una base de 135 voluntades para la votaci\u00f3n en general, nada est\u00e1 definido, sobre todo cuando despu\u00e9s los compromisos no se cumplen, detall\u00f3 el portal Parlamentario.com.<\/p>\n\n\n\n<p>Tal cual denunci\u00f3 la oposici\u00f3n m\u00e1s dura el martes a la noche, con <strong>esa in\u00e9dita reuni\u00f3n de comisi\u00f3n convocada para las 9 de la noche, pasaron cosas poco habituales en esos momentos, como cambios de integrantes de las comisiones sobre la marcha, y una reuni\u00f3n que se estir\u00f3 hasta que aparecieron los tres diputados firmantes que faltaban (de Hacemos Coalici\u00f3n Federal)<\/strong> y suscribieron los despachos de parado.<\/p>\n\n\n\n<p>Para ese momento, el <strong>miembro informante no hab\u00eda informado sobre el dictamen y el texto de mayor\u00eda era desconocido por la mayor\u00eda. A la ma\u00f1ana siguiente se difundi\u00f3 por fin un archivo del mismo; luego otro, y m\u00e1s tarde el definitivo.<\/strong> En ese \u00faltimo, <strong>aparec\u00edan cambiados muchos de los \u00edtems prometidos,<\/strong> agreg\u00f3 el portal que se especializa en informaci\u00f3n del Congreso Nacional.<\/p>\n\n\n\n<p>\u201cPor ejemplo,<strong> la no eliminaci\u00f3n de los descuentos al gas por zona fr\u00eda. As\u00ed se hab\u00eda pactado, seg\u00fan sostiene el rionegrino Agust\u00edn Domingo, y en el \u00faltimo texto reapareci\u00f3 la derogaci\u00f3n. No fue el \u00fanico \u00edtem restituido en el texto supuestamente definitivo<\/strong>. Ante las airadas protestas de algunos diputados, se les aclar\u00f3 que las modificaciones ser\u00edan convalidadas directamente en el recinto. Los experimentados en estas lides -y no tanto- advierten que eso se puede convertir en un pandemonio. Cambiar apenas una coma puede resultar un tr\u00e1mite demasiado engorroso\u201d, concluy\u00f3 el periodista Jos\u00e9 Angel Di Mauro del Parlamentario.com.<\/p>\n","protected":false},"excerpt":{"rendered":"<p>Con la postergaci\u00f3n para la semana que viene del tratamiento de la ley \u201cBases y puntos de partida para la libertad de los argentinos\u201d, el diputado nacional Carlos Guti\u00e9rrez (HCF&hellip;<\/p>\n","protected":false},"author":5,"featured_media":252080,"comment_status":"closed","ping_status":"open","sticky":false,"template":"","format":"standard","meta":{"_acf_changed":false,"footnotes":""},"categories":[1,8],"tags":[80,6313],"class_list":["post-252079","post","type-post","status-publish","format-standard","has-post-thumbnail","hentry","category-es-noticia","category-politica","tag-congreso","tag-milei"],"acf":[],"yoast_head":"<!-- This site is optimized with the Yoast SEO plugin v27.5 - https:\/\/yoast.com\/product\/yoast-seo-wordpress\/ -->\n<title>Diputado acus\u00f3 al oficialismo: \u201cSe realizaron modificaciones al dictamen firmado\u201d - Diario Textual<\/title>\n<meta name=\"robots\" content=\"index, follow, max-snippet:-1, max-image-preview:large, max-video-preview:-1\" \/>\n<link rel=\"canonical\" href=\"https:\/\/diariotextual.com\/inicio\/index.php\/2024\/01\/25\/diputado-acuso-al-oficialismo-se-realizaron-modificaciones-al-dictamen-firmado\/\" \/>\n<meta property=\"og:locale\" content=\"es_ES\" \/>\n<meta property=\"og:type\" content=\"article\" \/>\n<meta property=\"og:title\" content=\"Diputado acus\u00f3 al oficialismo: \u201cSe realizaron modificaciones al dictamen firmado\u201d - Diario Textual\" \/>\n<meta property=\"og:description\" content=\"Con la postergaci\u00f3n para la semana que viene del tratamiento de la ley \u201cBases y puntos de partida para la libertad de los argentinos\u201d, el diputado nacional Carlos Guti\u00e9rrez (HCF&hellip;\" \/>\n<meta property=\"og:url\" content=\"https:\/\/diariotextual.com\/inicio\/index.php\/2024\/01\/25\/diputado-acuso-al-oficialismo-se-realizaron-modificaciones-al-dictamen-firmado\/\" \/>\n<meta property=\"og:site_name\" content=\"Diario Textual\" \/>\n<meta property=\"article:publisher\" content=\"https:\/\/www.facebook.com\/eltextual\" \/>\n<meta property=\"article:published_time\" content=\"2024-01-25T15:14:22+00:00\" \/>\n<meta property=\"article:modified_time\" content=\"2024-01-26T00:52:28+00:00\" \/>\n<meta property=\"og:image\" content=\"https:\/\/diariotextual.com\/inicio\/wp-content\/uploads\/2024\/01\/diputadosplenarioeneroo2024.jpg\" \/>\n\t<meta property=\"og:image:width\" content=\"900\" \/>\n\t<meta property=\"og:image:height\" content=\"505\" \/>\n\t<meta property=\"og:image:type\" content=\"image\/jpeg\" \/>\n<meta name=\"author\" content=\"diario3\" \/>\n<meta name=\"twitter:card\" content=\"summary_large_image\" \/>\n<meta name=\"twitter:creator\" content=\"@eltextual\" \/>\n<meta name=\"twitter:site\" content=\"@eltextual\" \/>\n<meta name=\"twitter:label1\" content=\"Escrito por\" \/>\n\t<meta name=\"twitter:data1\" content=\"diario3\" \/>\n\t<meta name=\"twitter:label2\" content=\"Tiempo de lectura\" \/>\n\t<meta name=\"twitter:data2\" content=\"3 minutos\" \/>\n<script type=\"application\/ld+json\" class=\"yoast-schema-graph\">{\"@context\":\"https:\\\/\\\/schema.org\",\"@graph\":[{\"@type\":\"Article\",\"@id\":\"https:\\\/\\\/diariotextual.com\\\/inicio\\\/index.php\\\/2024\\\/01\\\/25\\\/diputado-acuso-al-oficialismo-se-realizaron-modificaciones-al-dictamen-firmado\\\/#article\",\"isPartOf\":{\"@id\":\"https:\\\/\\\/diariotextual.com\\\/inicio\\\/index.php\\\/2024\\\/01\\\/25\\\/diputado-acuso-al-oficialismo-se-realizaron-modificaciones-al-dictamen-firmado\\\/\"},\"author\":{\"name\":\"diario3\",\"@id\":\"https:\\\/\\\/diariotextual.com\\\/inicio\\\/#\\\/schema\\\/person\\\/a1b6f563e0ee944c60f98119389a4d9f\"},\"headline\":\"Diputado acus\u00f3 al oficialismo: \u201cSe realizaron modificaciones al dictamen firmado\u201d\",\"datePublished\":\"2024-01-25T15:14:22+00:00\",\"dateModified\":\"2024-01-26T00:52:28+00:00\",\"mainEntityOfPage\":{\"@id\":\"https:\\\/\\\/diariotextual.com\\\/inicio\\\/index.php\\\/2024\\\/01\\\/25\\\/diputado-acuso-al-oficialismo-se-realizaron-modificaciones-al-dictamen-firmado\\\/\"},\"wordCount\":609,\"publisher\":{\"@id\":\"https:\\\/\\\/diariotextual.com\\\/inicio\\\/#organization\"},\"image\":{\"@id\":\"https:\\\/\\\/diariotextual.com\\\/inicio\\\/index.php\\\/2024\\\/01\\\/25\\\/diputado-acuso-al-oficialismo-se-realizaron-modificaciones-al-dictamen-firmado\\\/#primaryimage\"},\"thumbnailUrl\":\"https:\\\/\\\/diariotextual.com\\\/inicio\\\/wp-content\\\/uploads\\\/2024\\\/01\\\/diputadosplenarioeneroo2024.jpg\",\"keywords\":[\"congreso\",\"milei\"],\"articleSection\":[\"A - ES NOTICIA (van abajo)\",\"POLITICA\"],\"inLanguage\":\"es\"},{\"@type\":\"WebPage\",\"@id\":\"https:\\\/\\\/diariotextual.com\\\/inicio\\\/index.php\\\/2024\\\/01\\\/25\\\/diputado-acuso-al-oficialismo-se-realizaron-modificaciones-al-dictamen-firmado\\\/\",\"url\":\"https:\\\/\\\/diariotextual.com\\\/inicio\\\/index.php\\\/2024\\\/01\\\/25\\\/diputado-acuso-al-oficialismo-se-realizaron-modificaciones-al-dictamen-firmado\\\/\",\"name\":\"Diputado acus\u00f3 al oficialismo: \u201cSe realizaron modificaciones al dictamen firmado\u201d - Diario Textual\",\"isPartOf\":{\"@id\":\"https:\\\/\\\/diariotextual.com\\\/inicio\\\/#website\"},\"primaryImageOfPage\":{\"@id\":\"https:\\\/\\\/diariotextual.com\\\/inicio\\\/index.php\\\/2024\\\/01\\\/25\\\/diputado-acuso-al-oficialismo-se-realizaron-modificaciones-al-dictamen-firmado\\\/#primaryimage\"},\"image\":{\"@id\":\"https:\\\/\\\/diariotextual.com\\\/inicio\\\/index.php\\\/2024\\\/01\\\/25\\\/diputado-acuso-al-oficialismo-se-realizaron-modificaciones-al-dictamen-firmado\\\/#primaryimage\"},\"thumbnailUrl\":\"https:\\\/\\\/diariotextual.com\\\/inicio\\\/wp-content\\\/uploads\\\/2024\\\/01\\\/diputadosplenarioeneroo2024.jpg\",\"datePublished\":\"2024-01-25T15:14:22+00:00\",\"dateModified\":\"2024-01-26T00:52:28+00:00\",\"breadcrumb\":{\"@id\":\"https:\\\/\\\/diariotextual.com\\\/inicio\\\/index.php\\\/2024\\\/01\\\/25\\\/diputado-acuso-al-oficialismo-se-realizaron-modificaciones-al-dictamen-firmado\\\/#breadcrumb\"},\"inLanguage\":\"es\",\"potentialAction\":[{\"@type\":\"ReadAction\",\"target\":[\"https:\\\/\\\/diariotextual.com\\\/inicio\\\/index.php\\\/2024\\\/01\\\/25\\\/diputado-acuso-al-oficialismo-se-realizaron-modificaciones-al-dictamen-firmado\\\/\"]}]},{\"@type\":\"ImageObject\",\"inLanguage\":\"es\",\"@id\":\"https:\\\/\\\/diariotextual.com\\\/inicio\\\/index.php\\\/2024\\\/01\\\/25\\\/diputado-acuso-al-oficialismo-se-realizaron-modificaciones-al-dictamen-firmado\\\/#primaryimage\",\"url\":\"https:\\\/\\\/diariotextual.com\\\/inicio\\\/wp-content\\\/uploads\\\/2024\\\/01\\\/diputadosplenarioeneroo2024.jpg\",\"contentUrl\":\"https:\\\/\\\/diariotextual.com\\\/inicio\\\/wp-content\\\/uploads\\\/2024\\\/01\\\/diputadosplenarioeneroo2024.jpg\",\"width\":900,\"height\":505},{\"@type\":\"BreadcrumbList\",\"@id\":\"https:\\\/\\\/diariotextual.com\\\/inicio\\\/index.php\\\/2024\\\/01\\\/25\\\/diputado-acuso-al-oficialismo-se-realizaron-modificaciones-al-dictamen-firmado\\\/#breadcrumb\",\"itemListElement\":[{\"@type\":\"ListItem\",\"position\":1,\"name\":\"Portada\",\"item\":\"https:\\\/\\\/diariotextual.com\\\/inicio\\\/\"},{\"@type\":\"ListItem\",\"position\":2,\"name\":\"Diputado acus\u00f3 al oficialismo: \u201cSe realizaron modificaciones al dictamen firmado\u201d\"}]},{\"@type\":\"WebSite\",\"@id\":\"https:\\\/\\\/diariotextual.com\\\/inicio\\\/#website\",\"url\":\"https:\\\/\\\/diariotextual.com\\\/inicio\\\/\",\"name\":\"Diario Textual\",\"description\":\"\",\"publisher\":{\"@id\":\"https:\\\/\\\/diariotextual.com\\\/inicio\\\/#organization\"},\"potentialAction\":[{\"@type\":\"SearchAction\",\"target\":{\"@type\":\"EntryPoint\",\"urlTemplate\":\"https:\\\/\\\/diariotextual.com\\\/inicio\\\/?s={search_term_string}\"},\"query-input\":{\"@type\":\"PropertyValueSpecification\",\"valueRequired\":true,\"valueName\":\"search_term_string\"}}],\"inLanguage\":\"es\"},{\"@type\":\"Organization\",\"@id\":\"https:\\\/\\\/diariotextual.com\\\/inicio\\\/#organization\",\"name\":\"Diario Textual\",\"url\":\"https:\\\/\\\/diariotextual.com\\\/inicio\\\/\",\"logo\":{\"@type\":\"ImageObject\",\"inLanguage\":\"es\",\"@id\":\"https:\\\/\\\/diariotextual.com\\\/inicio\\\/#\\\/schema\\\/logo\\\/image\\\/\",\"url\":\"https:\\\/\\\/diariotextual.com\\\/inicio\\\/wp-content\\\/uploads\\\/2023\\\/05\\\/logotextual1.jpg\",\"contentUrl\":\"https:\\\/\\\/diariotextual.com\\\/inicio\\\/wp-content\\\/uploads\\\/2023\\\/05\\\/logotextual1.jpg\",\"width\":516,\"height\":76,\"caption\":\"Diario Textual\"},\"image\":{\"@id\":\"https:\\\/\\\/diariotextual.com\\\/inicio\\\/#\\\/schema\\\/logo\\\/image\\\/\"},\"sameAs\":[\"https:\\\/\\\/www.facebook.com\\\/eltextual\",\"https:\\\/\\\/x.com\\\/eltextual\",\"http:\\\/\\\/www.instagram.com\\\/eltextual\"]},{\"@type\":\"Person\",\"@id\":\"https:\\\/\\\/diariotextual.com\\\/inicio\\\/#\\\/schema\\\/person\\\/a1b6f563e0ee944c60f98119389a4d9f\",\"name\":\"diario3\",\"image\":{\"@type\":\"ImageObject\",\"inLanguage\":\"es\",\"@id\":\"https:\\\/\\\/secure.gravatar.com\\\/avatar\\\/5e7ee62c82fc04d9dd79d746a390d93c69c43223e5faeeb3ea9461ef752bfc5d?s=96&d=mm&r=g\",\"url\":\"https:\\\/\\\/secure.gravatar.com\\\/avatar\\\/5e7ee62c82fc04d9dd79d746a390d93c69c43223e5faeeb3ea9461ef752bfc5d?s=96&d=mm&r=g\",\"contentUrl\":\"https:\\\/\\\/secure.gravatar.com\\\/avatar\\\/5e7ee62c82fc04d9dd79d746a390d93c69c43223e5faeeb3ea9461ef752bfc5d?s=96&d=mm&r=g\",\"caption\":\"diario3\"},\"url\":\"https:\\\/\\\/diariotextual.com\\\/inicio\\\/index.php\\\/author\\\/diario3\\\/\"}]}<\/script>\n<!-- \/ Yoast SEO plugin. -->","yoast_head_json":{"title":"Diputado acus\u00f3 al oficialismo: \u201cSe realizaron modificaciones al dictamen firmado\u201d - Diario Textual","robots":{"index":"index","follow":"follow","max-snippet":"max-snippet:-1","max-image-preview":"max-image-preview:large","max-video-preview":"max-video-preview:-1"},"canonical":"https:\/\/diariotextual.com\/inicio\/index.php\/2024\/01\/25\/diputado-acuso-al-oficialismo-se-realizaron-modificaciones-al-dictamen-firmado\/","og_locale":"es_ES","og_type":"article","og_title":"Diputado acus\u00f3 al oficialismo: \u201cSe realizaron modificaciones al dictamen firmado\u201d - Diario Textual","og_description":"Con la postergaci\u00f3n para la semana que viene del tratamiento de la ley \u201cBases y puntos de partida para la libertad de los argentinos\u201d, el diputado nacional Carlos Guti\u00e9rrez (HCF&hellip;","og_url":"https:\/\/diariotextual.com\/inicio\/index.php\/2024\/01\/25\/diputado-acuso-al-oficialismo-se-realizaron-modificaciones-al-dictamen-firmado\/","og_site_name":"Diario Textual","article_publisher":"https:\/\/www.facebook.com\/eltextual","article_published_time":"2024-01-25T15:14:22+00:00","article_modified_time":"2024-01-26T00:52:28+00:00","og_image":[{"width":900,"height":505,"url":"https:\/\/diariotextual.com\/inicio\/wp-content\/uploads\/2024\/01\/diputadosplenarioeneroo2024.jpg","type":"image\/jpeg"}],"author":"diario3","twitter_card":"summary_large_image","twitter_creator":"@eltextual","twitter_site":"@eltextual","twitter_misc":{"Escrito por":"diario3","Tiempo de lectura":"3 minutos"},"schema":{"@context":"https:\/\/schema.org","@graph":[{"@type":"Article","@id":"https:\/\/diariotextual.com\/inicio\/index.php\/2024\/01\/25\/diputado-acuso-al-oficialismo-se-realizaron-modificaciones-al-dictamen-firmado\/#article","isPartOf":{"@id":"https:\/\/diariotextual.com\/inicio\/index.php\/2024\/01\/25\/diputado-acuso-al-oficialismo-se-realizaron-modificaciones-al-dictamen-firmado\/"},"author":{"name":"diario3","@id":"https:\/\/diariotextual.com\/inicio\/#\/schema\/person\/a1b6f563e0ee944c60f98119389a4d9f"},"headline":"Diputado acus\u00f3 al oficialismo: \u201cSe realizaron modificaciones al dictamen firmado\u201d","datePublished":"2024-01-25T15:14:22+00:00","dateModified":"2024-01-26T00:52:28+00:00","mainEntityOfPage":{"@id":"https:\/\/diariotextual.com\/inicio\/index.php\/2024\/01\/25\/diputado-acuso-al-oficialismo-se-realizaron-modificaciones-al-dictamen-firmado\/"},"wordCount":609,"publisher":{"@id":"https:\/\/diariotextual.com\/inicio\/#organization"},"image":{"@id":"https:\/\/diariotextual.com\/inicio\/index.php\/2024\/01\/25\/diputado-acuso-al-oficialismo-se-realizaron-modificaciones-al-dictamen-firmado\/#primaryimage"},"thumbnailUrl":"https:\/\/diariotextual.com\/inicio\/wp-content\/uploads\/2024\/01\/diputadosplenarioeneroo2024.jpg","keywords":["congreso","milei"],"articleSection":["A - ES NOTICIA (van abajo)","POLITICA"],"inLanguage":"es"},{"@type":"WebPage","@id":"https:\/\/diariotextual.com\/inicio\/index.php\/2024\/01\/25\/diputado-acuso-al-oficialismo-se-realizaron-modificaciones-al-dictamen-firmado\/","url":"https:\/\/diariotextual.com\/inicio\/index.php\/2024\/01\/25\/diputado-acuso-al-oficialismo-se-realizaron-modificaciones-al-dictamen-firmado\/","name":"Diputado acus\u00f3 al oficialismo: \u201cSe realizaron modificaciones al dictamen firmado\u201d - Diario Textual","isPartOf":{"@id":"https:\/\/diariotextual.com\/inicio\/#website"},"primaryImageOfPage":{"@id":"https:\/\/diariotextual.com\/inicio\/index.php\/2024\/01\/25\/diputado-acuso-al-oficialismo-se-realizaron-modificaciones-al-dictamen-firmado\/#primaryimage"},"image":{"@id":"https:\/\/diariotextual.com\/inicio\/index.php\/2024\/01\/25\/diputado-acuso-al-oficialismo-se-realizaron-modificaciones-al-dictamen-firmado\/#primaryimage"},"thumbnailUrl":"https:\/\/diariotextual.com\/inicio\/wp-content\/uploads\/2024\/01\/diputadosplenarioeneroo2024.jpg","datePublished":"2024-01-25T15:14:22+00:00","dateModified":"2024-01-26T00:52:28+00:00","breadcrumb":{"@id":"https:\/\/diariotextual.com\/inicio\/index.php\/2024\/01\/25\/diputado-acuso-al-oficialismo-se-realizaron-modificaciones-al-dictamen-firmado\/#breadcrumb"},"inLanguage":"es","potentialAction":[{"@type":"ReadAction","target":["https:\/\/diariotextual.com\/inicio\/index.php\/2024\/01\/25\/diputado-acuso-al-oficialismo-se-realizaron-modificaciones-al-dictamen-firmado\/"]}]},{"@type":"ImageObject","inLanguage":"es","@id":"https:\/\/diariotextual.com\/inicio\/index.php\/2024\/01\/25\/diputado-acuso-al-oficialismo-se-realizaron-modificaciones-al-dictamen-firmado\/#primaryimage","url":"https:\/\/diariotextual.com\/inicio\/wp-content\/uploads\/2024\/01\/diputadosplenarioeneroo2024.jpg","contentUrl":"https:\/\/diariotextual.com\/inicio\/wp-content\/uploads\/2024\/01\/diputadosplenarioeneroo2024.jpg","width":900,"height":505},{"@type":"BreadcrumbList","@id":"https:\/\/diariotextual.com\/inicio\/index.php\/2024\/01\/25\/diputado-acuso-al-oficialismo-se-realizaron-modificaciones-al-dictamen-firmado\/#breadcrumb","itemListElement":[{"@type":"ListItem","position":1,"name":"Portada","item":"https:\/\/diariotextual.com\/inicio\/"},{"@type":"ListItem","position":2,"name":"Diputado acus\u00f3 al oficialismo: \u201cSe realizaron modificaciones al dictamen firmado\u201d"}]},{"@type":"WebSite","@id":"https:\/\/diariotextual.com\/inicio\/#website","url":"https:\/\/diariotextual.com\/inicio\/","name":"Diario Textual","description":"","publisher":{"@id":"https:\/\/diariotextual.com\/inicio\/#organization"},"potentialAction":[{"@type":"SearchAction","target":{"@type":"EntryPoint","urlTemplate":"https:\/\/diariotextual.com\/inicio\/?s={search_term_string}"},"query-input":{"@type":"PropertyValueSpecification","valueRequired":true,"valueName":"search_term_string"}}],"inLanguage":"es"},{"@type":"Organization","@id":"https:\/\/diariotextual.com\/inicio\/#organization","name":"Diario Textual","url":"https:\/\/diariotextual.com\/inicio\/","logo":{"@type":"ImageObject","inLanguage":"es","@id":"https:\/\/diariotextual.com\/inicio\/#\/schema\/logo\/image\/","url":"https:\/\/diariotextual.com\/inicio\/wp-content\/uploads\/2023\/05\/logotextual1.jpg","contentUrl":"https:\/\/diariotextual.com\/inicio\/wp-content\/uploads\/2023\/05\/logotextual1.jpg","width":516,"height":76,"caption":"Diario Textual"},"image":{"@id":"https:\/\/diariotextual.com\/inicio\/#\/schema\/logo\/image\/"},"sameAs":["https:\/\/www.facebook.com\/eltextual","https:\/\/x.com\/eltextual","http:\/\/www.instagram.com\/eltextual"]},{"@type":"Person","@id":"https:\/\/diariotextual.com\/inicio\/#\/schema\/person\/a1b6f563e0ee944c60f98119389a4d9f","name":"diario3","image":{"@type":"ImageObject","inLanguage":"es","@id":"https:\/\/secure.gravatar.com\/avatar\/5e7ee62c82fc04d9dd79d746a390d93c69c43223e5faeeb3ea9461ef752bfc5d?s=96&d=mm&r=g","url":"https:\/\/secure.gravatar.com\/avatar\/5e7ee62c82fc04d9dd79d746a390d93c69c43223e5faeeb3ea9461ef752bfc5d?s=96&d=mm&r=g","contentUrl":"https:\/\/secure.gravatar.com\/avatar\/5e7ee62c82fc04d9dd79d746a390d93c69c43223e5faeeb3ea9461ef752bfc5d?s=96&d=mm&r=g","caption":"diario3"},"url":"https:\/\/diariotextual.com\/inicio\/index.php\/author\/diario3\/"}]}},"_links":{"self":[{"href":"https:\/\/diariotextual.com\/inicio\/index.php\/wp-json\/wp\/v2\/posts\/252079","targetHints":{"allow":["GET"]}}],"collection":[{"href":"https:\/\/diariotextual.com\/inicio\/index.php\/wp-json\/wp\/v2\/posts"}],"about":[{"href":"https:\/\/diariotextual.com\/inicio\/index.php\/wp-json\/wp\/v2\/types\/post"}],"author":[{"embeddable":true,"href":"https:\/\/diariotextual.com\/inicio\/index.php\/wp-json\/wp\/v2\/users\/5"}],"replies":[{"embeddable":true,"href":"https:\/\/diariotextual.com\/inicio\/index.php\/wp-json\/wp\/v2\/comments?post=252079"}],"version-history":[{"count":2,"href":"https:\/\/diariotextual.com\/inicio\/index.php\/wp-json\/wp\/v2\/posts\/252079\/revisions"}],"predecessor-version":[{"id":252088,"href":"https:\/\/diariotextual.com\/inicio\/index.php\/wp-json\/wp\/v2\/posts\/252079\/revisions\/252088"}],"wp:featuredmedia":[{"embeddable":true,"href":"https:\/\/diariotextual.com\/inicio\/index.php\/wp-json\/wp\/v2\/media\/252080"}],"wp:attachment":[{"href":"https:\/\/diariotextual.com\/inicio\/index.php\/wp-json\/wp\/v2\/media?parent=252079"}],"wp:term":[{"taxonomy":"category","embeddable":true,"href":"https:\/\/diariotextual.com\/inicio\/index.php\/wp-json\/wp\/v2\/categories?post=252079"},{"taxonomy":"post_tag","embeddable":true,"href":"https:\/\/diariotextual.com\/inicio\/index.php\/wp-json\/wp\/v2\/tags?post=252079"}],"curies":[{"name":"wp","href":"https:\/\/api.w.org\/{rel}","templated":true}]}}