{"id":252090,"date":"2024-01-25T14:12:01","date_gmt":"2024-01-25T17:12:01","guid":{"rendered":"https:\/\/diariotextual.com\/inicio\/?p=252090"},"modified":"2024-01-25T14:12:08","modified_gmt":"2024-01-25T17:12:08","slug":"ninguno-de-los-diputados-conocia-lo-que-estaba-firmando-en-el-dictamen","status":"publish","type":"post","link":"https:\/\/diariotextual.com\/inicio\/index.php\/2024\/01\/25\/ninguno-de-los-diputados-conocia-lo-que-estaba-firmando-en-el-dictamen\/","title":{"rendered":"\u201cNinguno de los diputados conoc\u00eda lo que estaba firmando en el dictamen\u201d"},"content":{"rendered":"\n<p>El titular del bloque de diputados de Uni\u00f3n por la Patria (UxP), Germ\u00e1n Mart\u00ednez, sostuvo este jueves que <strong>\u201cninguno\u201d de los legisladores que suscribieron el dictamen de mayor\u00eda del proyecto de ley \u201cBases y puntos de partida para la libertad de los argentinos\u201d <\/strong>en el plenario de comisiones de la C\u00e1mara baja \u201cconoc\u00eda lo que estaba firmando\u201d.<\/p>\n\n\n\n<p>Adem\u00e1s, advirti\u00f3 que <strong>desde La Libertad Avanza (LLA) tienen una \u201cvocaci\u00f3n de extorsi\u00f3n infinita\u201d porque ese espacio \u201cno cumpli\u00f3 su palabra\u201d durante las negociaciones <\/strong>que se entablaron con otras bancadas en torno a esa iniciativa.<\/p>\n\n\n\n<p>\u201c<strong>Ninguno de los 55 diputados que firmaron el dictamen del oficialismo conoc\u00eda lo que estaba firmando. Es un tema grave institucional y pol\u00edticamente<\/strong>\u201d, expres\u00f3 Mart\u00ednez en declaraciones a Radio 10. Entre los firmantes estaban los <strong>diputados pampeanos Mart\u00edn Ardohain y Mart\u00edn Maquieyra, del PRO.<\/strong><\/p>\n\n\n\n<p>El legislador sostuvo que <strong>el texto \u201capareci\u00f3 firmado por las autoridades de las comisiones\u201d unas 14 horas despu\u00e9s de haber sido aprobado<\/strong>, y dijo que los diputados que respaldaron la iniciativa lo hicieron \u201csin conocer el texto\u201d.<\/p>\n\n\n\n<figure class=\"wp-block-embed is-type-wp-embed is-provider-diario-textual wp-block-embed-diario-textual\"><div class=\"wp-block-embed__wrapper\">\n<blockquote class=\"wp-embedded-content\" data-secret=\"7uFf2hc05Z\"><a href=\"https:\/\/diariotextual.com\/inicio\/index.php\/2024\/01\/25\/diputado-acuso-al-oficialismo-se-realizaron-modificaciones-al-dictamen-firmado\/\">Diputado acus\u00f3 al oficialismo: \u201cSe realizaron modificaciones al dictamen firmado\u201d<\/a><\/blockquote><iframe class=\"wp-embedded-content\" sandbox=\"allow-scripts\" security=\"restricted\" style=\"position: absolute; clip: rect(1px, 1px, 1px, 1px);\" title=\"\u00abDiputado acus\u00f3 al oficialismo: \u201cSe realizaron modificaciones al dictamen firmado\u201d\u00bb \u2014 Diario Textual\" src=\"https:\/\/diariotextual.com\/inicio\/index.php\/2024\/01\/25\/diputado-acuso-al-oficialismo-se-realizaron-modificaciones-al-dictamen-firmado\/embed\/#?secret=PXVukbU9Wy#?secret=7uFf2hc05Z\" data-secret=\"7uFf2hc05Z\" width=\"600\" height=\"338\" frameborder=\"0\" marginwidth=\"0\" marginheight=\"0\" scrolling=\"no\"><\/iframe>\n<\/div><\/figure>\n\n\n\n<p>\u201c<strong>Ha sido una actitud vergonzosa por parte de LLA y de los diputados que acompa\u00f1aron el dictamen<\/strong>\u201d, apunt\u00f3 el santafesino y agreg\u00f3 que hubo temas que fueron negociados y que luego, en el texto final, \u201csegu\u00edan apareciendo sin solucionarse\u201d.<\/p>\n\n\n\n<p>\u201cEste tiempo que abri\u00f3 el oficialismo sin sesionar es para organizar el desorden que provoc\u00f3 en la negociaci\u00f3n pol\u00edtica que se dio para conseguir la firma del dictamen. Necesitan ordenar el texto y restablecer una mesa de di\u00e1logo porque no cumplieron con su palabra\u201d, asegur\u00f3.<\/p>\n\n\n\n<p>En ese sentido, Mart\u00ednez dijo que <strong>el presidente Javer Milei, junto a sus ministros y funcionarios, tienen una \u201cvocaci\u00f3n de extorsi\u00f3n infinita\u201d hacia destinos sectores de la pol\u00edtica <\/strong>que llevan a cabo a trav\u00e9s de \u201cinsultos, operaciones, falsas denuncias y aprietes\u201d.<\/p>\n\n\n\n<p>\u201c<strong>Van a empezar a trascender las razones por las que cada diputado se sum\u00f3 al dictamen de mayor\u00eda<\/strong>. Cada uno le pondr\u00e1 el nombre que le quiera poner. Puedo asegurar que detr\u00e1s hay cosas concretas que tiene que ver con recursos y aprietes hacia las provincias\u201d, asever\u00f3.<\/p>\n","protected":false},"excerpt":{"rendered":"<p>El titular del bloque de diputados de Uni\u00f3n por la Patria (UxP), Germ\u00e1n Mart\u00ednez, sostuvo este jueves que \u201cninguno\u201d de los legisladores que suscribieron el dictamen de mayor\u00eda del proyecto&hellip;<\/p>\n","protected":false},"author":5,"featured_media":177994,"comment_status":"closed","ping_status":"open","sticky":false,"template":"","format":"standard","meta":{"_acf_changed":false,"footnotes":""},"categories":[1,8],"tags":[80,6313],"class_list":["post-252090","post","type-post","status-publish","format-standard","has-post-thumbnail","hentry","category-es-noticia","category-politica","tag-congreso","tag-milei"],"acf":[],"yoast_head":"<!-- This site is optimized with the Yoast SEO plugin v27.5 - https:\/\/yoast.com\/product\/yoast-seo-wordpress\/ -->\n<title>\u201cNinguno de los diputados conoc\u00eda lo que estaba firmando en el dictamen\u201d - Diario Textual<\/title>\n<meta name=\"robots\" content=\"index, follow, max-snippet:-1, max-image-preview:large, max-video-preview:-1\" \/>\n<link rel=\"canonical\" href=\"https:\/\/diariotextual.com\/inicio\/index.php\/2024\/01\/25\/ninguno-de-los-diputados-conocia-lo-que-estaba-firmando-en-el-dictamen\/\" \/>\n<meta property=\"og:locale\" content=\"es_ES\" \/>\n<meta property=\"og:type\" content=\"article\" \/>\n<meta property=\"og:title\" content=\"\u201cNinguno de los diputados conoc\u00eda lo que estaba firmando en el dictamen\u201d - Diario Textual\" \/>\n<meta property=\"og:description\" content=\"El titular del bloque de diputados de Uni\u00f3n por la Patria (UxP), Germ\u00e1n Mart\u00ednez, sostuvo este jueves que \u201cninguno\u201d de los legisladores que suscribieron el dictamen de mayor\u00eda del proyecto&hellip;\" \/>\n<meta property=\"og:url\" content=\"https:\/\/diariotextual.com\/inicio\/index.php\/2024\/01\/25\/ninguno-de-los-diputados-conocia-lo-que-estaba-firmando-en-el-dictamen\/\" \/>\n<meta property=\"og:site_name\" content=\"Diario Textual\" \/>\n<meta property=\"article:publisher\" content=\"https:\/\/www.facebook.com\/eltextual\" \/>\n<meta property=\"article:published_time\" content=\"2024-01-25T17:12:01+00:00\" \/>\n<meta property=\"article:modified_time\" content=\"2024-01-25T17:12:08+00:00\" \/>\n<meta property=\"og:image\" content=\"https:\/\/diariotextual.com\/inicio\/wp-content\/uploads\/2022\/02\/martinezgermandiputado4632745.jpg\" \/>\n\t<meta property=\"og:image:width\" content=\"800\" \/>\n\t<meta property=\"og:image:height\" content=\"445\" \/>\n\t<meta property=\"og:image:type\" content=\"image\/jpeg\" \/>\n<meta name=\"author\" content=\"diario3\" \/>\n<meta name=\"twitter:card\" content=\"summary_large_image\" \/>\n<meta name=\"twitter:creator\" content=\"@eltextual\" \/>\n<meta name=\"twitter:site\" content=\"@eltextual\" \/>\n<meta name=\"twitter:label1\" content=\"Escrito por\" \/>\n\t<meta name=\"twitter:data1\" content=\"diario3\" \/>\n\t<meta name=\"twitter:label2\" content=\"Tiempo de lectura\" \/>\n\t<meta name=\"twitter:data2\" content=\"2 minutos\" \/>\n<script type=\"application\/ld+json\" class=\"yoast-schema-graph\">{\"@context\":\"https:\\\/\\\/schema.org\",\"@graph\":[{\"@type\":\"Article\",\"@id\":\"https:\\\/\\\/diariotextual.com\\\/inicio\\\/index.php\\\/2024\\\/01\\\/25\\\/ninguno-de-los-diputados-conocia-lo-que-estaba-firmando-en-el-dictamen\\\/#article\",\"isPartOf\":{\"@id\":\"https:\\\/\\\/diariotextual.com\\\/inicio\\\/index.php\\\/2024\\\/01\\\/25\\\/ninguno-de-los-diputados-conocia-lo-que-estaba-firmando-en-el-dictamen\\\/\"},\"author\":{\"name\":\"diario3\",\"@id\":\"https:\\\/\\\/diariotextual.com\\\/inicio\\\/#\\\/schema\\\/person\\\/a1b6f563e0ee944c60f98119389a4d9f\"},\"headline\":\"\u201cNinguno de los diputados conoc\u00eda lo que estaba firmando en el dictamen\u201d\",\"datePublished\":\"2024-01-25T17:12:01+00:00\",\"dateModified\":\"2024-01-25T17:12:08+00:00\",\"mainEntityOfPage\":{\"@id\":\"https:\\\/\\\/diariotextual.com\\\/inicio\\\/index.php\\\/2024\\\/01\\\/25\\\/ninguno-de-los-diputados-conocia-lo-que-estaba-firmando-en-el-dictamen\\\/\"},\"wordCount\":389,\"publisher\":{\"@id\":\"https:\\\/\\\/diariotextual.com\\\/inicio\\\/#organization\"},\"image\":{\"@id\":\"https:\\\/\\\/diariotextual.com\\\/inicio\\\/index.php\\\/2024\\\/01\\\/25\\\/ninguno-de-los-diputados-conocia-lo-que-estaba-firmando-en-el-dictamen\\\/#primaryimage\"},\"thumbnailUrl\":\"https:\\\/\\\/diariotextual.com\\\/inicio\\\/wp-content\\\/uploads\\\/2022\\\/02\\\/martinezgermandiputado4632745.jpg\",\"keywords\":[\"congreso\",\"milei\"],\"articleSection\":[\"A - ES NOTICIA (van abajo)\",\"POLITICA\"],\"inLanguage\":\"es\"},{\"@type\":\"WebPage\",\"@id\":\"https:\\\/\\\/diariotextual.com\\\/inicio\\\/index.php\\\/2024\\\/01\\\/25\\\/ninguno-de-los-diputados-conocia-lo-que-estaba-firmando-en-el-dictamen\\\/\",\"url\":\"https:\\\/\\\/diariotextual.com\\\/inicio\\\/index.php\\\/2024\\\/01\\\/25\\\/ninguno-de-los-diputados-conocia-lo-que-estaba-firmando-en-el-dictamen\\\/\",\"name\":\"\u201cNinguno de los diputados conoc\u00eda lo que estaba firmando en el dictamen\u201d - Diario Textual\",\"isPartOf\":{\"@id\":\"https:\\\/\\\/diariotextual.com\\\/inicio\\\/#website\"},\"primaryImageOfPage\":{\"@id\":\"https:\\\/\\\/diariotextual.com\\\/inicio\\\/index.php\\\/2024\\\/01\\\/25\\\/ninguno-de-los-diputados-conocia-lo-que-estaba-firmando-en-el-dictamen\\\/#primaryimage\"},\"image\":{\"@id\":\"https:\\\/\\\/diariotextual.com\\\/inicio\\\/index.php\\\/2024\\\/01\\\/25\\\/ninguno-de-los-diputados-conocia-lo-que-estaba-firmando-en-el-dictamen\\\/#primaryimage\"},\"thumbnailUrl\":\"https:\\\/\\\/diariotextual.com\\\/inicio\\\/wp-content\\\/uploads\\\/2022\\\/02\\\/martinezgermandiputado4632745.jpg\",\"datePublished\":\"2024-01-25T17:12:01+00:00\",\"dateModified\":\"2024-01-25T17:12:08+00:00\",\"breadcrumb\":{\"@id\":\"https:\\\/\\\/diariotextual.com\\\/inicio\\\/index.php\\\/2024\\\/01\\\/25\\\/ninguno-de-los-diputados-conocia-lo-que-estaba-firmando-en-el-dictamen\\\/#breadcrumb\"},\"inLanguage\":\"es\",\"potentialAction\":[{\"@type\":\"ReadAction\",\"target\":[\"https:\\\/\\\/diariotextual.com\\\/inicio\\\/index.php\\\/2024\\\/01\\\/25\\\/ninguno-de-los-diputados-conocia-lo-que-estaba-firmando-en-el-dictamen\\\/\"]}]},{\"@type\":\"ImageObject\",\"inLanguage\":\"es\",\"@id\":\"https:\\\/\\\/diariotextual.com\\\/inicio\\\/index.php\\\/2024\\\/01\\\/25\\\/ninguno-de-los-diputados-conocia-lo-que-estaba-firmando-en-el-dictamen\\\/#primaryimage\",\"url\":\"https:\\\/\\\/diariotextual.com\\\/inicio\\\/wp-content\\\/uploads\\\/2022\\\/02\\\/martinezgermandiputado4632745.jpg\",\"contentUrl\":\"https:\\\/\\\/diariotextual.com\\\/inicio\\\/wp-content\\\/uploads\\\/2022\\\/02\\\/martinezgermandiputado4632745.jpg\",\"width\":800,\"height\":445},{\"@type\":\"BreadcrumbList\",\"@id\":\"https:\\\/\\\/diariotextual.com\\\/inicio\\\/index.php\\\/2024\\\/01\\\/25\\\/ninguno-de-los-diputados-conocia-lo-que-estaba-firmando-en-el-dictamen\\\/#breadcrumb\",\"itemListElement\":[{\"@type\":\"ListItem\",\"position\":1,\"name\":\"Portada\",\"item\":\"https:\\\/\\\/diariotextual.com\\\/inicio\\\/\"},{\"@type\":\"ListItem\",\"position\":2,\"name\":\"\u201cNinguno de los diputados conoc\u00eda lo que estaba firmando en el dictamen\u201d\"}]},{\"@type\":\"WebSite\",\"@id\":\"https:\\\/\\\/diariotextual.com\\\/inicio\\\/#website\",\"url\":\"https:\\\/\\\/diariotextual.com\\\/inicio\\\/\",\"name\":\"Diario Textual\",\"description\":\"\",\"publisher\":{\"@id\":\"https:\\\/\\\/diariotextual.com\\\/inicio\\\/#organization\"},\"potentialAction\":[{\"@type\":\"SearchAction\",\"target\":{\"@type\":\"EntryPoint\",\"urlTemplate\":\"https:\\\/\\\/diariotextual.com\\\/inicio\\\/?s={search_term_string}\"},\"query-input\":{\"@type\":\"PropertyValueSpecification\",\"valueRequired\":true,\"valueName\":\"search_term_string\"}}],\"inLanguage\":\"es\"},{\"@type\":\"Organization\",\"@id\":\"https:\\\/\\\/diariotextual.com\\\/inicio\\\/#organization\",\"name\":\"Diario Textual\",\"url\":\"https:\\\/\\\/diariotextual.com\\\/inicio\\\/\",\"logo\":{\"@type\":\"ImageObject\",\"inLanguage\":\"es\",\"@id\":\"https:\\\/\\\/diariotextual.com\\\/inicio\\\/#\\\/schema\\\/logo\\\/image\\\/\",\"url\":\"https:\\\/\\\/diariotextual.com\\\/inicio\\\/wp-content\\\/uploads\\\/2023\\\/05\\\/logotextual1.jpg\",\"contentUrl\":\"https:\\\/\\\/diariotextual.com\\\/inicio\\\/wp-content\\\/uploads\\\/2023\\\/05\\\/logotextual1.jpg\",\"width\":516,\"height\":76,\"caption\":\"Diario Textual\"},\"image\":{\"@id\":\"https:\\\/\\\/diariotextual.com\\\/inicio\\\/#\\\/schema\\\/logo\\\/image\\\/\"},\"sameAs\":[\"https:\\\/\\\/www.facebook.com\\\/eltextual\",\"https:\\\/\\\/x.com\\\/eltextual\",\"http:\\\/\\\/www.instagram.com\\\/eltextual\"]},{\"@type\":\"Person\",\"@id\":\"https:\\\/\\\/diariotextual.com\\\/inicio\\\/#\\\/schema\\\/person\\\/a1b6f563e0ee944c60f98119389a4d9f\",\"name\":\"diario3\",\"image\":{\"@type\":\"ImageObject\",\"inLanguage\":\"es\",\"@id\":\"https:\\\/\\\/secure.gravatar.com\\\/avatar\\\/5e7ee62c82fc04d9dd79d746a390d93c69c43223e5faeeb3ea9461ef752bfc5d?s=96&d=mm&r=g\",\"url\":\"https:\\\/\\\/secure.gravatar.com\\\/avatar\\\/5e7ee62c82fc04d9dd79d746a390d93c69c43223e5faeeb3ea9461ef752bfc5d?s=96&d=mm&r=g\",\"contentUrl\":\"https:\\\/\\\/secure.gravatar.com\\\/avatar\\\/5e7ee62c82fc04d9dd79d746a390d93c69c43223e5faeeb3ea9461ef752bfc5d?s=96&d=mm&r=g\",\"caption\":\"diario3\"},\"url\":\"https:\\\/\\\/diariotextual.com\\\/inicio\\\/index.php\\\/author\\\/diario3\\\/\"}]}<\/script>\n<!-- \/ Yoast SEO plugin. -->","yoast_head_json":{"title":"\u201cNinguno de los diputados conoc\u00eda lo que estaba firmando en el dictamen\u201d - Diario Textual","robots":{"index":"index","follow":"follow","max-snippet":"max-snippet:-1","max-image-preview":"max-image-preview:large","max-video-preview":"max-video-preview:-1"},"canonical":"https:\/\/diariotextual.com\/inicio\/index.php\/2024\/01\/25\/ninguno-de-los-diputados-conocia-lo-que-estaba-firmando-en-el-dictamen\/","og_locale":"es_ES","og_type":"article","og_title":"\u201cNinguno de los diputados conoc\u00eda lo que estaba firmando en el dictamen\u201d - Diario Textual","og_description":"El titular del bloque de diputados de Uni\u00f3n por la Patria (UxP), Germ\u00e1n Mart\u00ednez, sostuvo este jueves que \u201cninguno\u201d de los legisladores que suscribieron el dictamen de mayor\u00eda del proyecto&hellip;","og_url":"https:\/\/diariotextual.com\/inicio\/index.php\/2024\/01\/25\/ninguno-de-los-diputados-conocia-lo-que-estaba-firmando-en-el-dictamen\/","og_site_name":"Diario Textual","article_publisher":"https:\/\/www.facebook.com\/eltextual","article_published_time":"2024-01-25T17:12:01+00:00","article_modified_time":"2024-01-25T17:12:08+00:00","og_image":[{"width":800,"height":445,"url":"https:\/\/diariotextual.com\/inicio\/wp-content\/uploads\/2022\/02\/martinezgermandiputado4632745.jpg","type":"image\/jpeg"}],"author":"diario3","twitter_card":"summary_large_image","twitter_creator":"@eltextual","twitter_site":"@eltextual","twitter_misc":{"Escrito por":"diario3","Tiempo de lectura":"2 minutos"},"schema":{"@context":"https:\/\/schema.org","@graph":[{"@type":"Article","@id":"https:\/\/diariotextual.com\/inicio\/index.php\/2024\/01\/25\/ninguno-de-los-diputados-conocia-lo-que-estaba-firmando-en-el-dictamen\/#article","isPartOf":{"@id":"https:\/\/diariotextual.com\/inicio\/index.php\/2024\/01\/25\/ninguno-de-los-diputados-conocia-lo-que-estaba-firmando-en-el-dictamen\/"},"author":{"name":"diario3","@id":"https:\/\/diariotextual.com\/inicio\/#\/schema\/person\/a1b6f563e0ee944c60f98119389a4d9f"},"headline":"\u201cNinguno de los diputados conoc\u00eda lo que estaba firmando en el dictamen\u201d","datePublished":"2024-01-25T17:12:01+00:00","dateModified":"2024-01-25T17:12:08+00:00","mainEntityOfPage":{"@id":"https:\/\/diariotextual.com\/inicio\/index.php\/2024\/01\/25\/ninguno-de-los-diputados-conocia-lo-que-estaba-firmando-en-el-dictamen\/"},"wordCount":389,"publisher":{"@id":"https:\/\/diariotextual.com\/inicio\/#organization"},"image":{"@id":"https:\/\/diariotextual.com\/inicio\/index.php\/2024\/01\/25\/ninguno-de-los-diputados-conocia-lo-que-estaba-firmando-en-el-dictamen\/#primaryimage"},"thumbnailUrl":"https:\/\/diariotextual.com\/inicio\/wp-content\/uploads\/2022\/02\/martinezgermandiputado4632745.jpg","keywords":["congreso","milei"],"articleSection":["A - ES NOTICIA (van abajo)","POLITICA"],"inLanguage":"es"},{"@type":"WebPage","@id":"https:\/\/diariotextual.com\/inicio\/index.php\/2024\/01\/25\/ninguno-de-los-diputados-conocia-lo-que-estaba-firmando-en-el-dictamen\/","url":"https:\/\/diariotextual.com\/inicio\/index.php\/2024\/01\/25\/ninguno-de-los-diputados-conocia-lo-que-estaba-firmando-en-el-dictamen\/","name":"\u201cNinguno de los diputados conoc\u00eda lo que estaba firmando en el dictamen\u201d - Diario Textual","isPartOf":{"@id":"https:\/\/diariotextual.com\/inicio\/#website"},"primaryImageOfPage":{"@id":"https:\/\/diariotextual.com\/inicio\/index.php\/2024\/01\/25\/ninguno-de-los-diputados-conocia-lo-que-estaba-firmando-en-el-dictamen\/#primaryimage"},"image":{"@id":"https:\/\/diariotextual.com\/inicio\/index.php\/2024\/01\/25\/ninguno-de-los-diputados-conocia-lo-que-estaba-firmando-en-el-dictamen\/#primaryimage"},"thumbnailUrl":"https:\/\/diariotextual.com\/inicio\/wp-content\/uploads\/2022\/02\/martinezgermandiputado4632745.jpg","datePublished":"2024-01-25T17:12:01+00:00","dateModified":"2024-01-25T17:12:08+00:00","breadcrumb":{"@id":"https:\/\/diariotextual.com\/inicio\/index.php\/2024\/01\/25\/ninguno-de-los-diputados-conocia-lo-que-estaba-firmando-en-el-dictamen\/#breadcrumb"},"inLanguage":"es","potentialAction":[{"@type":"ReadAction","target":["https:\/\/diariotextual.com\/inicio\/index.php\/2024\/01\/25\/ninguno-de-los-diputados-conocia-lo-que-estaba-firmando-en-el-dictamen\/"]}]},{"@type":"ImageObject","inLanguage":"es","@id":"https:\/\/diariotextual.com\/inicio\/index.php\/2024\/01\/25\/ninguno-de-los-diputados-conocia-lo-que-estaba-firmando-en-el-dictamen\/#primaryimage","url":"https:\/\/diariotextual.com\/inicio\/wp-content\/uploads\/2022\/02\/martinezgermandiputado4632745.jpg","contentUrl":"https:\/\/diariotextual.com\/inicio\/wp-content\/uploads\/2022\/02\/martinezgermandiputado4632745.jpg","width":800,"height":445},{"@type":"BreadcrumbList","@id":"https:\/\/diariotextual.com\/inicio\/index.php\/2024\/01\/25\/ninguno-de-los-diputados-conocia-lo-que-estaba-firmando-en-el-dictamen\/#breadcrumb","itemListElement":[{"@type":"ListItem","position":1,"name":"Portada","item":"https:\/\/diariotextual.com\/inicio\/"},{"@type":"ListItem","position":2,"name":"\u201cNinguno de los diputados conoc\u00eda lo que estaba firmando en el dictamen\u201d"}]},{"@type":"WebSite","@id":"https:\/\/diariotextual.com\/inicio\/#website","url":"https:\/\/diariotextual.com\/inicio\/","name":"Diario Textual","description":"","publisher":{"@id":"https:\/\/diariotextual.com\/inicio\/#organization"},"potentialAction":[{"@type":"SearchAction","target":{"@type":"EntryPoint","urlTemplate":"https:\/\/diariotextual.com\/inicio\/?s={search_term_string}"},"query-input":{"@type":"PropertyValueSpecification","valueRequired":true,"valueName":"search_term_string"}}],"inLanguage":"es"},{"@type":"Organization","@id":"https:\/\/diariotextual.com\/inicio\/#organization","name":"Diario Textual","url":"https:\/\/diariotextual.com\/inicio\/","logo":{"@type":"ImageObject","inLanguage":"es","@id":"https:\/\/diariotextual.com\/inicio\/#\/schema\/logo\/image\/","url":"https:\/\/diariotextual.com\/inicio\/wp-content\/uploads\/2023\/05\/logotextual1.jpg","contentUrl":"https:\/\/diariotextual.com\/inicio\/wp-content\/uploads\/2023\/05\/logotextual1.jpg","width":516,"height":76,"caption":"Diario Textual"},"image":{"@id":"https:\/\/diariotextual.com\/inicio\/#\/schema\/logo\/image\/"},"sameAs":["https:\/\/www.facebook.com\/eltextual","https:\/\/x.com\/eltextual","http:\/\/www.instagram.com\/eltextual"]},{"@type":"Person","@id":"https:\/\/diariotextual.com\/inicio\/#\/schema\/person\/a1b6f563e0ee944c60f98119389a4d9f","name":"diario3","image":{"@type":"ImageObject","inLanguage":"es","@id":"https:\/\/secure.gravatar.com\/avatar\/5e7ee62c82fc04d9dd79d746a390d93c69c43223e5faeeb3ea9461ef752bfc5d?s=96&d=mm&r=g","url":"https:\/\/secure.gravatar.com\/avatar\/5e7ee62c82fc04d9dd79d746a390d93c69c43223e5faeeb3ea9461ef752bfc5d?s=96&d=mm&r=g","contentUrl":"https:\/\/secure.gravatar.com\/avatar\/5e7ee62c82fc04d9dd79d746a390d93c69c43223e5faeeb3ea9461ef752bfc5d?s=96&d=mm&r=g","caption":"diario3"},"url":"https:\/\/diariotextual.com\/inicio\/index.php\/author\/diario3\/"}]}},"_links":{"self":[{"href":"https:\/\/diariotextual.com\/inicio\/index.php\/wp-json\/wp\/v2\/posts\/252090","targetHints":{"allow":["GET"]}}],"collection":[{"href":"https:\/\/diariotextual.com\/inicio\/index.php\/wp-json\/wp\/v2\/posts"}],"about":[{"href":"https:\/\/diariotextual.com\/inicio\/index.php\/wp-json\/wp\/v2\/types\/post"}],"author":[{"embeddable":true,"href":"https:\/\/diariotextual.com\/inicio\/index.php\/wp-json\/wp\/v2\/users\/5"}],"replies":[{"embeddable":true,"href":"https:\/\/diariotextual.com\/inicio\/index.php\/wp-json\/wp\/v2\/comments?post=252090"}],"version-history":[{"count":1,"href":"https:\/\/diariotextual.com\/inicio\/index.php\/wp-json\/wp\/v2\/posts\/252090\/revisions"}],"predecessor-version":[{"id":252091,"href":"https:\/\/diariotextual.com\/inicio\/index.php\/wp-json\/wp\/v2\/posts\/252090\/revisions\/252091"}],"wp:featuredmedia":[{"embeddable":true,"href":"https:\/\/diariotextual.com\/inicio\/index.php\/wp-json\/wp\/v2\/media\/177994"}],"wp:attachment":[{"href":"https:\/\/diariotextual.com\/inicio\/index.php\/wp-json\/wp\/v2\/media?parent=252090"}],"wp:term":[{"taxonomy":"category","embeddable":true,"href":"https:\/\/diariotextual.com\/inicio\/index.php\/wp-json\/wp\/v2\/categories?post=252090"},{"taxonomy":"post_tag","embeddable":true,"href":"https:\/\/diariotextual.com\/inicio\/index.php\/wp-json\/wp\/v2\/tags?post=252090"}],"curies":[{"name":"wp","href":"https:\/\/api.w.org\/{rel}","templated":true}]}}