{"id":252104,"date":"2024-01-25T17:35:00","date_gmt":"2024-01-25T20:35:00","guid":{"rendered":"https:\/\/diariotextual.com\/inicio\/?p=252104"},"modified":"2024-01-26T16:17:22","modified_gmt":"2024-01-26T19:17:22","slug":"intendente-de-jxc-se-sumo-al-paro-y-apoyo-a-ziliotto-frente-a-milei","status":"publish","type":"post","link":"https:\/\/diariotextual.com\/inicio\/index.php\/2024\/01\/25\/intendente-de-jxc-se-sumo-al-paro-y-apoyo-a-ziliotto-frente-a-milei\/","title":{"rendered":"Intendente de JxC se sum\u00f3 al paro y apoy\u00f3 a Ziliotto frente a Milei"},"content":{"rendered":"\n<p>El intendente de La Humada, <strong>Marcelo Borgna<\/strong>, de Juntos por el Cambio, particip\u00f3 de la movilizaci\u00f3n durante el paro general contra las pol\u00edticas econ\u00f3micas de Javier Milei en Santa Rosa. Estuvo acompa\u00f1ado por la concejal del Partido Justicialista, Carina Centeno.<\/p>\n\n\n\n<p>\u00bfPor qu\u00e9 se sum\u00f3 a la movilizaci\u00f3n del mi\u00e9rcoles? \u201cPorque defiendo los derechos del pueblo de La Humada, que confi\u00f3 en m\u00ed para que los represente, y quiero apoyar al gobierno provincial en su defensa de los intereses del ciudadano pampeano\u201d, dijo Borgna.<\/p>\n\n\n\n<p>\u201cEsta gesti\u00f3n como intendente es mi primera experiencia pol\u00edtica. Considero que me eligieron como representante porque soy un hombre de trabajo, humilde, soy un vecino m\u00e1s y el pueblo de La Humada as\u00ed lo siente. Soy la tercera generaci\u00f3n en mi familia que trabaja en el campo en el departamento de Chical Co, actividad que permiti\u00f3 que la gente me conozca\u201d, afirm\u00f3 Borgna.<\/p>\n\n\n\n<p><strong>-\u00bfTiene buena relaci\u00f3n con el gobierno de Sergio Ziliotto?<\/strong><\/p>\n\n\n\n<p>-Si, tengo muy buena relaci\u00f3n con el Gobierno provincial. Siento que cuento con el apoyo del gobierno. Voy a trabajar para el gobierno actual, quienes me respaldan y acompa\u00f1an en esta gesti\u00f3n como intendente del Municipio de La Humada.<\/p>\n\n\n\n<p><strong>-\u00bfQu\u00e9 piensa de la gesti\u00f3n de Ziliotto? \u00bfY de su posici\u00f3n con los municipios y frente al gobierno nacional?<\/strong><\/p>\n\n\n\n<p>-Pienso que ha sido una excelente gesti\u00f3n, por eso el pueblo ha vuelto a elegirlo como nuestro dirigente. Ha brindado apoyo a cada uno de los municipios, independientemente de la distinci\u00f3n pol\u00edtica, lo podemos apreciar en cada una de las obras realizadas a lo largo del territorio pampeano.<\/p>\n","protected":false},"excerpt":{"rendered":"<p>El intendente de La Humada, Marcelo Borgna, de Juntos por el Cambio, particip\u00f3 de la movilizaci\u00f3n durante el paro general contra las pol\u00edticas econ\u00f3micas de Javier Milei en Santa Rosa.&hellip;<\/p>\n","protected":false},"author":3,"featured_media":252107,"comment_status":"closed","ping_status":"open","sticky":false,"template":"","format":"standard","meta":{"_acf_changed":false,"footnotes":""},"categories":[1,8],"tags":[],"class_list":["post-252104","post","type-post","status-publish","format-standard","has-post-thumbnail","hentry","category-es-noticia","category-politica"],"acf":[],"yoast_head":"<!-- This site is optimized with the Yoast SEO plugin v27.5 - https:\/\/yoast.com\/product\/yoast-seo-wordpress\/ -->\n<title>Intendente de JxC se sum\u00f3 al paro y apoy\u00f3 a Ziliotto frente a Milei - Diario Textual<\/title>\n<meta name=\"robots\" content=\"index, follow, max-snippet:-1, max-image-preview:large, max-video-preview:-1\" \/>\n<link rel=\"canonical\" href=\"https:\/\/diariotextual.com\/inicio\/index.php\/2024\/01\/25\/intendente-de-jxc-se-sumo-al-paro-y-apoyo-a-ziliotto-frente-a-milei\/\" \/>\n<meta property=\"og:locale\" content=\"es_ES\" \/>\n<meta property=\"og:type\" content=\"article\" \/>\n<meta property=\"og:title\" content=\"Intendente de JxC se sum\u00f3 al paro y apoy\u00f3 a Ziliotto frente a Milei - Diario Textual\" \/>\n<meta property=\"og:description\" content=\"El intendente de La Humada, Marcelo Borgna, de Juntos por el Cambio, particip\u00f3 de la movilizaci\u00f3n durante el paro general contra las pol\u00edticas econ\u00f3micas de Javier Milei en Santa Rosa.&hellip;\" \/>\n<meta property=\"og:url\" content=\"https:\/\/diariotextual.com\/inicio\/index.php\/2024\/01\/25\/intendente-de-jxc-se-sumo-al-paro-y-apoyo-a-ziliotto-frente-a-milei\/\" \/>\n<meta property=\"og:site_name\" content=\"Diario Textual\" \/>\n<meta property=\"article:publisher\" content=\"https:\/\/www.facebook.com\/eltextual\" \/>\n<meta property=\"article:published_time\" content=\"2024-01-25T20:35:00+00:00\" \/>\n<meta property=\"article:modified_time\" content=\"2024-01-26T19:17:22+00:00\" \/>\n<meta property=\"og:image\" content=\"https:\/\/diariotextual.com\/inicio\/wp-content\/uploads\/2024\/01\/borgnamarcelo2024-2.jpg\" \/>\n\t<meta property=\"og:image:width\" content=\"1500\" \/>\n\t<meta property=\"og:image:height\" content=\"993\" \/>\n\t<meta property=\"og:image:type\" content=\"image\/jpeg\" \/>\n<meta name=\"author\" content=\"Diario1 Diario1\" \/>\n<meta name=\"twitter:card\" content=\"summary_large_image\" \/>\n<meta name=\"twitter:creator\" content=\"@eltextual\" \/>\n<meta name=\"twitter:site\" content=\"@eltextual\" \/>\n<meta name=\"twitter:label1\" content=\"Escrito por\" \/>\n\t<meta name=\"twitter:data1\" content=\"Diario1 Diario1\" \/>\n\t<meta name=\"twitter:label2\" content=\"Tiempo de lectura\" \/>\n\t<meta name=\"twitter:data2\" content=\"2 minutos\" \/>\n<script type=\"application\/ld+json\" class=\"yoast-schema-graph\">{\"@context\":\"https:\\\/\\\/schema.org\",\"@graph\":[{\"@type\":\"Article\",\"@id\":\"https:\\\/\\\/diariotextual.com\\\/inicio\\\/index.php\\\/2024\\\/01\\\/25\\\/intendente-de-jxc-se-sumo-al-paro-y-apoyo-a-ziliotto-frente-a-milei\\\/#article\",\"isPartOf\":{\"@id\":\"https:\\\/\\\/diariotextual.com\\\/inicio\\\/index.php\\\/2024\\\/01\\\/25\\\/intendente-de-jxc-se-sumo-al-paro-y-apoyo-a-ziliotto-frente-a-milei\\\/\"},\"author\":{\"name\":\"Diario1 Diario1\",\"@id\":\"https:\\\/\\\/diariotextual.com\\\/inicio\\\/#\\\/schema\\\/person\\\/418fc4093c33e86ed41562db3508f958\"},\"headline\":\"Intendente de JxC se sum\u00f3 al paro y apoy\u00f3 a Ziliotto frente a Milei\",\"datePublished\":\"2024-01-25T20:35:00+00:00\",\"dateModified\":\"2024-01-26T19:17:22+00:00\",\"mainEntityOfPage\":{\"@id\":\"https:\\\/\\\/diariotextual.com\\\/inicio\\\/index.php\\\/2024\\\/01\\\/25\\\/intendente-de-jxc-se-sumo-al-paro-y-apoyo-a-ziliotto-frente-a-milei\\\/\"},\"wordCount\":296,\"publisher\":{\"@id\":\"https:\\\/\\\/diariotextual.com\\\/inicio\\\/#organization\"},\"image\":{\"@id\":\"https:\\\/\\\/diariotextual.com\\\/inicio\\\/index.php\\\/2024\\\/01\\\/25\\\/intendente-de-jxc-se-sumo-al-paro-y-apoyo-a-ziliotto-frente-a-milei\\\/#primaryimage\"},\"thumbnailUrl\":\"https:\\\/\\\/diariotextual.com\\\/inicio\\\/wp-content\\\/uploads\\\/2024\\\/01\\\/borgnamarcelo2024-2.jpg\",\"articleSection\":[\"A - ES NOTICIA (van abajo)\",\"POLITICA\"],\"inLanguage\":\"es\"},{\"@type\":\"WebPage\",\"@id\":\"https:\\\/\\\/diariotextual.com\\\/inicio\\\/index.php\\\/2024\\\/01\\\/25\\\/intendente-de-jxc-se-sumo-al-paro-y-apoyo-a-ziliotto-frente-a-milei\\\/\",\"url\":\"https:\\\/\\\/diariotextual.com\\\/inicio\\\/index.php\\\/2024\\\/01\\\/25\\\/intendente-de-jxc-se-sumo-al-paro-y-apoyo-a-ziliotto-frente-a-milei\\\/\",\"name\":\"Intendente de JxC se sum\u00f3 al paro y apoy\u00f3 a Ziliotto frente a Milei - Diario Textual\",\"isPartOf\":{\"@id\":\"https:\\\/\\\/diariotextual.com\\\/inicio\\\/#website\"},\"primaryImageOfPage\":{\"@id\":\"https:\\\/\\\/diariotextual.com\\\/inicio\\\/index.php\\\/2024\\\/01\\\/25\\\/intendente-de-jxc-se-sumo-al-paro-y-apoyo-a-ziliotto-frente-a-milei\\\/#primaryimage\"},\"image\":{\"@id\":\"https:\\\/\\\/diariotextual.com\\\/inicio\\\/index.php\\\/2024\\\/01\\\/25\\\/intendente-de-jxc-se-sumo-al-paro-y-apoyo-a-ziliotto-frente-a-milei\\\/#primaryimage\"},\"thumbnailUrl\":\"https:\\\/\\\/diariotextual.com\\\/inicio\\\/wp-content\\\/uploads\\\/2024\\\/01\\\/borgnamarcelo2024-2.jpg\",\"datePublished\":\"2024-01-25T20:35:00+00:00\",\"dateModified\":\"2024-01-26T19:17:22+00:00\",\"breadcrumb\":{\"@id\":\"https:\\\/\\\/diariotextual.com\\\/inicio\\\/index.php\\\/2024\\\/01\\\/25\\\/intendente-de-jxc-se-sumo-al-paro-y-apoyo-a-ziliotto-frente-a-milei\\\/#breadcrumb\"},\"inLanguage\":\"es\",\"potentialAction\":[{\"@type\":\"ReadAction\",\"target\":[\"https:\\\/\\\/diariotextual.com\\\/inicio\\\/index.php\\\/2024\\\/01\\\/25\\\/intendente-de-jxc-se-sumo-al-paro-y-apoyo-a-ziliotto-frente-a-milei\\\/\"]}]},{\"@type\":\"ImageObject\",\"inLanguage\":\"es\",\"@id\":\"https:\\\/\\\/diariotextual.com\\\/inicio\\\/index.php\\\/2024\\\/01\\\/25\\\/intendente-de-jxc-se-sumo-al-paro-y-apoyo-a-ziliotto-frente-a-milei\\\/#primaryimage\",\"url\":\"https:\\\/\\\/diariotextual.com\\\/inicio\\\/wp-content\\\/uploads\\\/2024\\\/01\\\/borgnamarcelo2024-2.jpg\",\"contentUrl\":\"https:\\\/\\\/diariotextual.com\\\/inicio\\\/wp-content\\\/uploads\\\/2024\\\/01\\\/borgnamarcelo2024-2.jpg\",\"width\":1500,\"height\":993},{\"@type\":\"BreadcrumbList\",\"@id\":\"https:\\\/\\\/diariotextual.com\\\/inicio\\\/index.php\\\/2024\\\/01\\\/25\\\/intendente-de-jxc-se-sumo-al-paro-y-apoyo-a-ziliotto-frente-a-milei\\\/#breadcrumb\",\"itemListElement\":[{\"@type\":\"ListItem\",\"position\":1,\"name\":\"Portada\",\"item\":\"https:\\\/\\\/diariotextual.com\\\/inicio\\\/\"},{\"@type\":\"ListItem\",\"position\":2,\"name\":\"Intendente de JxC se sum\u00f3 al paro y apoy\u00f3 a Ziliotto frente a Milei\"}]},{\"@type\":\"WebSite\",\"@id\":\"https:\\\/\\\/diariotextual.com\\\/inicio\\\/#website\",\"url\":\"https:\\\/\\\/diariotextual.com\\\/inicio\\\/\",\"name\":\"Diario Textual\",\"description\":\"\",\"publisher\":{\"@id\":\"https:\\\/\\\/diariotextual.com\\\/inicio\\\/#organization\"},\"potentialAction\":[{\"@type\":\"SearchAction\",\"target\":{\"@type\":\"EntryPoint\",\"urlTemplate\":\"https:\\\/\\\/diariotextual.com\\\/inicio\\\/?s={search_term_string}\"},\"query-input\":{\"@type\":\"PropertyValueSpecification\",\"valueRequired\":true,\"valueName\":\"search_term_string\"}}],\"inLanguage\":\"es\"},{\"@type\":\"Organization\",\"@id\":\"https:\\\/\\\/diariotextual.com\\\/inicio\\\/#organization\",\"name\":\"Diario Textual\",\"url\":\"https:\\\/\\\/diariotextual.com\\\/inicio\\\/\",\"logo\":{\"@type\":\"ImageObject\",\"inLanguage\":\"es\",\"@id\":\"https:\\\/\\\/diariotextual.com\\\/inicio\\\/#\\\/schema\\\/logo\\\/image\\\/\",\"url\":\"https:\\\/\\\/diariotextual.com\\\/inicio\\\/wp-content\\\/uploads\\\/2023\\\/05\\\/logotextual1.jpg\",\"contentUrl\":\"https:\\\/\\\/diariotextual.com\\\/inicio\\\/wp-content\\\/uploads\\\/2023\\\/05\\\/logotextual1.jpg\",\"width\":516,\"height\":76,\"caption\":\"Diario Textual\"},\"image\":{\"@id\":\"https:\\\/\\\/diariotextual.com\\\/inicio\\\/#\\\/schema\\\/logo\\\/image\\\/\"},\"sameAs\":[\"https:\\\/\\\/www.facebook.com\\\/eltextual\",\"https:\\\/\\\/x.com\\\/eltextual\",\"http:\\\/\\\/www.instagram.com\\\/eltextual\"]},{\"@type\":\"Person\",\"@id\":\"https:\\\/\\\/diariotextual.com\\\/inicio\\\/#\\\/schema\\\/person\\\/418fc4093c33e86ed41562db3508f958\",\"name\":\"Diario1 Diario1\",\"image\":{\"@type\":\"ImageObject\",\"inLanguage\":\"es\",\"@id\":\"https:\\\/\\\/secure.gravatar.com\\\/avatar\\\/9167d280179c85bc18be67aa7eda765854300033af4896dd779b608640f2ef7a?s=96&d=mm&r=g\",\"url\":\"https:\\\/\\\/secure.gravatar.com\\\/avatar\\\/9167d280179c85bc18be67aa7eda765854300033af4896dd779b608640f2ef7a?s=96&d=mm&r=g\",\"contentUrl\":\"https:\\\/\\\/secure.gravatar.com\\\/avatar\\\/9167d280179c85bc18be67aa7eda765854300033af4896dd779b608640f2ef7a?s=96&d=mm&r=g\",\"caption\":\"Diario1 Diario1\"},\"url\":\"https:\\\/\\\/diariotextual.com\\\/inicio\\\/index.php\\\/author\\\/diario1\\\/\"}]}<\/script>\n<!-- \/ Yoast SEO plugin. -->","yoast_head_json":{"title":"Intendente de JxC se sum\u00f3 al paro y apoy\u00f3 a Ziliotto frente a Milei - Diario Textual","robots":{"index":"index","follow":"follow","max-snippet":"max-snippet:-1","max-image-preview":"max-image-preview:large","max-video-preview":"max-video-preview:-1"},"canonical":"https:\/\/diariotextual.com\/inicio\/index.php\/2024\/01\/25\/intendente-de-jxc-se-sumo-al-paro-y-apoyo-a-ziliotto-frente-a-milei\/","og_locale":"es_ES","og_type":"article","og_title":"Intendente de JxC se sum\u00f3 al paro y apoy\u00f3 a Ziliotto frente a Milei - Diario Textual","og_description":"El intendente de La Humada, Marcelo Borgna, de Juntos por el Cambio, particip\u00f3 de la movilizaci\u00f3n durante el paro general contra las pol\u00edticas econ\u00f3micas de Javier Milei en Santa Rosa.&hellip;","og_url":"https:\/\/diariotextual.com\/inicio\/index.php\/2024\/01\/25\/intendente-de-jxc-se-sumo-al-paro-y-apoyo-a-ziliotto-frente-a-milei\/","og_site_name":"Diario Textual","article_publisher":"https:\/\/www.facebook.com\/eltextual","article_published_time":"2024-01-25T20:35:00+00:00","article_modified_time":"2024-01-26T19:17:22+00:00","og_image":[{"width":1500,"height":993,"url":"https:\/\/diariotextual.com\/inicio\/wp-content\/uploads\/2024\/01\/borgnamarcelo2024-2.jpg","type":"image\/jpeg"}],"author":"Diario1 Diario1","twitter_card":"summary_large_image","twitter_creator":"@eltextual","twitter_site":"@eltextual","twitter_misc":{"Escrito por":"Diario1 Diario1","Tiempo de lectura":"2 minutos"},"schema":{"@context":"https:\/\/schema.org","@graph":[{"@type":"Article","@id":"https:\/\/diariotextual.com\/inicio\/index.php\/2024\/01\/25\/intendente-de-jxc-se-sumo-al-paro-y-apoyo-a-ziliotto-frente-a-milei\/#article","isPartOf":{"@id":"https:\/\/diariotextual.com\/inicio\/index.php\/2024\/01\/25\/intendente-de-jxc-se-sumo-al-paro-y-apoyo-a-ziliotto-frente-a-milei\/"},"author":{"name":"Diario1 Diario1","@id":"https:\/\/diariotextual.com\/inicio\/#\/schema\/person\/418fc4093c33e86ed41562db3508f958"},"headline":"Intendente de JxC se sum\u00f3 al paro y apoy\u00f3 a Ziliotto frente a Milei","datePublished":"2024-01-25T20:35:00+00:00","dateModified":"2024-01-26T19:17:22+00:00","mainEntityOfPage":{"@id":"https:\/\/diariotextual.com\/inicio\/index.php\/2024\/01\/25\/intendente-de-jxc-se-sumo-al-paro-y-apoyo-a-ziliotto-frente-a-milei\/"},"wordCount":296,"publisher":{"@id":"https:\/\/diariotextual.com\/inicio\/#organization"},"image":{"@id":"https:\/\/diariotextual.com\/inicio\/index.php\/2024\/01\/25\/intendente-de-jxc-se-sumo-al-paro-y-apoyo-a-ziliotto-frente-a-milei\/#primaryimage"},"thumbnailUrl":"https:\/\/diariotextual.com\/inicio\/wp-content\/uploads\/2024\/01\/borgnamarcelo2024-2.jpg","articleSection":["A - ES NOTICIA (van abajo)","POLITICA"],"inLanguage":"es"},{"@type":"WebPage","@id":"https:\/\/diariotextual.com\/inicio\/index.php\/2024\/01\/25\/intendente-de-jxc-se-sumo-al-paro-y-apoyo-a-ziliotto-frente-a-milei\/","url":"https:\/\/diariotextual.com\/inicio\/index.php\/2024\/01\/25\/intendente-de-jxc-se-sumo-al-paro-y-apoyo-a-ziliotto-frente-a-milei\/","name":"Intendente de JxC se sum\u00f3 al paro y apoy\u00f3 a Ziliotto frente a Milei - Diario Textual","isPartOf":{"@id":"https:\/\/diariotextual.com\/inicio\/#website"},"primaryImageOfPage":{"@id":"https:\/\/diariotextual.com\/inicio\/index.php\/2024\/01\/25\/intendente-de-jxc-se-sumo-al-paro-y-apoyo-a-ziliotto-frente-a-milei\/#primaryimage"},"image":{"@id":"https:\/\/diariotextual.com\/inicio\/index.php\/2024\/01\/25\/intendente-de-jxc-se-sumo-al-paro-y-apoyo-a-ziliotto-frente-a-milei\/#primaryimage"},"thumbnailUrl":"https:\/\/diariotextual.com\/inicio\/wp-content\/uploads\/2024\/01\/borgnamarcelo2024-2.jpg","datePublished":"2024-01-25T20:35:00+00:00","dateModified":"2024-01-26T19:17:22+00:00","breadcrumb":{"@id":"https:\/\/diariotextual.com\/inicio\/index.php\/2024\/01\/25\/intendente-de-jxc-se-sumo-al-paro-y-apoyo-a-ziliotto-frente-a-milei\/#breadcrumb"},"inLanguage":"es","potentialAction":[{"@type":"ReadAction","target":["https:\/\/diariotextual.com\/inicio\/index.php\/2024\/01\/25\/intendente-de-jxc-se-sumo-al-paro-y-apoyo-a-ziliotto-frente-a-milei\/"]}]},{"@type":"ImageObject","inLanguage":"es","@id":"https:\/\/diariotextual.com\/inicio\/index.php\/2024\/01\/25\/intendente-de-jxc-se-sumo-al-paro-y-apoyo-a-ziliotto-frente-a-milei\/#primaryimage","url":"https:\/\/diariotextual.com\/inicio\/wp-content\/uploads\/2024\/01\/borgnamarcelo2024-2.jpg","contentUrl":"https:\/\/diariotextual.com\/inicio\/wp-content\/uploads\/2024\/01\/borgnamarcelo2024-2.jpg","width":1500,"height":993},{"@type":"BreadcrumbList","@id":"https:\/\/diariotextual.com\/inicio\/index.php\/2024\/01\/25\/intendente-de-jxc-se-sumo-al-paro-y-apoyo-a-ziliotto-frente-a-milei\/#breadcrumb","itemListElement":[{"@type":"ListItem","position":1,"name":"Portada","item":"https:\/\/diariotextual.com\/inicio\/"},{"@type":"ListItem","position":2,"name":"Intendente de JxC se sum\u00f3 al paro y apoy\u00f3 a Ziliotto frente a Milei"}]},{"@type":"WebSite","@id":"https:\/\/diariotextual.com\/inicio\/#website","url":"https:\/\/diariotextual.com\/inicio\/","name":"Diario Textual","description":"","publisher":{"@id":"https:\/\/diariotextual.com\/inicio\/#organization"},"potentialAction":[{"@type":"SearchAction","target":{"@type":"EntryPoint","urlTemplate":"https:\/\/diariotextual.com\/inicio\/?s={search_term_string}"},"query-input":{"@type":"PropertyValueSpecification","valueRequired":true,"valueName":"search_term_string"}}],"inLanguage":"es"},{"@type":"Organization","@id":"https:\/\/diariotextual.com\/inicio\/#organization","name":"Diario Textual","url":"https:\/\/diariotextual.com\/inicio\/","logo":{"@type":"ImageObject","inLanguage":"es","@id":"https:\/\/diariotextual.com\/inicio\/#\/schema\/logo\/image\/","url":"https:\/\/diariotextual.com\/inicio\/wp-content\/uploads\/2023\/05\/logotextual1.jpg","contentUrl":"https:\/\/diariotextual.com\/inicio\/wp-content\/uploads\/2023\/05\/logotextual1.jpg","width":516,"height":76,"caption":"Diario Textual"},"image":{"@id":"https:\/\/diariotextual.com\/inicio\/#\/schema\/logo\/image\/"},"sameAs":["https:\/\/www.facebook.com\/eltextual","https:\/\/x.com\/eltextual","http:\/\/www.instagram.com\/eltextual"]},{"@type":"Person","@id":"https:\/\/diariotextual.com\/inicio\/#\/schema\/person\/418fc4093c33e86ed41562db3508f958","name":"Diario1 Diario1","image":{"@type":"ImageObject","inLanguage":"es","@id":"https:\/\/secure.gravatar.com\/avatar\/9167d280179c85bc18be67aa7eda765854300033af4896dd779b608640f2ef7a?s=96&d=mm&r=g","url":"https:\/\/secure.gravatar.com\/avatar\/9167d280179c85bc18be67aa7eda765854300033af4896dd779b608640f2ef7a?s=96&d=mm&r=g","contentUrl":"https:\/\/secure.gravatar.com\/avatar\/9167d280179c85bc18be67aa7eda765854300033af4896dd779b608640f2ef7a?s=96&d=mm&r=g","caption":"Diario1 Diario1"},"url":"https:\/\/diariotextual.com\/inicio\/index.php\/author\/diario1\/"}]}},"_links":{"self":[{"href":"https:\/\/diariotextual.com\/inicio\/index.php\/wp-json\/wp\/v2\/posts\/252104","targetHints":{"allow":["GET"]}}],"collection":[{"href":"https:\/\/diariotextual.com\/inicio\/index.php\/wp-json\/wp\/v2\/posts"}],"about":[{"href":"https:\/\/diariotextual.com\/inicio\/index.php\/wp-json\/wp\/v2\/types\/post"}],"author":[{"embeddable":true,"href":"https:\/\/diariotextual.com\/inicio\/index.php\/wp-json\/wp\/v2\/users\/3"}],"replies":[{"embeddable":true,"href":"https:\/\/diariotextual.com\/inicio\/index.php\/wp-json\/wp\/v2\/comments?post=252104"}],"version-history":[{"count":3,"href":"https:\/\/diariotextual.com\/inicio\/index.php\/wp-json\/wp\/v2\/posts\/252104\/revisions"}],"predecessor-version":[{"id":252108,"href":"https:\/\/diariotextual.com\/inicio\/index.php\/wp-json\/wp\/v2\/posts\/252104\/revisions\/252108"}],"wp:featuredmedia":[{"embeddable":true,"href":"https:\/\/diariotextual.com\/inicio\/index.php\/wp-json\/wp\/v2\/media\/252107"}],"wp:attachment":[{"href":"https:\/\/diariotextual.com\/inicio\/index.php\/wp-json\/wp\/v2\/media?parent=252104"}],"wp:term":[{"taxonomy":"category","embeddable":true,"href":"https:\/\/diariotextual.com\/inicio\/index.php\/wp-json\/wp\/v2\/categories?post=252104"},{"taxonomy":"post_tag","embeddable":true,"href":"https:\/\/diariotextual.com\/inicio\/index.php\/wp-json\/wp\/v2\/tags?post=252104"}],"curies":[{"name":"wp","href":"https:\/\/api.w.org\/{rel}","templated":true}]}}