{"id":252109,"date":"2024-01-25T20:28:48","date_gmt":"2024-01-25T23:28:48","guid":{"rendered":"https:\/\/diariotextual.com\/inicio\/?p=252109"},"modified":"2024-01-26T13:33:48","modified_gmt":"2024-01-26T16:33:48","slug":"ziliotto-y-los-amenazas-a-gobernadores-es-de-una-enorme-gravedad-institucional","status":"publish","type":"post","link":"https:\/\/diariotextual.com\/inicio\/index.php\/2024\/01\/25\/ziliotto-y-los-amenazas-a-gobernadores-es-de-una-enorme-gravedad-institucional\/","title":{"rendered":"Ziliotto y las amenazas de Milei a los gobernadores: \u201cEs de una enorme gravedad institucional\u201d"},"content":{"rendered":"\n<p>El gobernador <strong>Sergio Ziliotto<\/strong> calific\u00f3 de una <strong>\u201cenorme gravedad institucional\u201d <\/strong>las amenazas del Gobierno de <strong>Javier Milei<\/strong> de cortar las transferencias a las provincias en caso de que se caigan art\u00edculos clave de la llamada <strong>ley \u00f3mnibus <\/strong>y sostuvo que <strong>\u201cel ajuste reci\u00e9n empieza\u201d <\/strong>en el pa\u00eds.<\/p>\n\n\n\n<p>Ziliotto fue entrevistado en C5N por el periodista <strong>Gustavo Silvestre<\/strong>. \u201cEl presidente por ah\u00ed ataca a los gobernadores, pero detr\u00e1s de los gobernadores hay un pueblo que necesita m\u00e1s en tiempos donde un ajuste salvaje lo est\u00e1 empobreciendo cada vez m\u00e1s. Cuando el presidente dice que nos va a mandar un peso donde nos va a ahogar es que pretende sacarle el acceso a la salud, a la educaci\u00f3n, a la justicia, a la seguridad a miles y miles de argentinos\u201d, sostuvo.<\/p>\n\n\n\n<p><strong>-Entre lo que dijo (Luis) Caputo ayer y lo que manifest\u00f3 el presidente (Javier Milei) de que va a dejarlos sin un peso si no hacen lo que \u00e9l quiere, se est\u00e1 ante un panorama de una gravedad institucional pocas veces vista en la Argentina.<\/strong><\/p>\n\n\n\n<p>-S\u00ed, es cierto, esto <strong>es de una enorme gravedad institucional y duele<\/strong>. Le duele a la democracia, le duele a la constituci\u00f3n, les duele a las instituciones democr\u00e1ticas, pero lamentablemente le va a doler mucho m\u00e1s al pueblo. <strong>El presidente por ah\u00ed ataca a los gobernadores, pero detr\u00e1s de los gobernadores hay un pueblo que necesita m\u00e1s en tiempos donde un ajuste salvaje lo est\u00e1 empobreciendo cada vez m\u00e1s. Cuando el presidente dice que nos va a mandar un peso donde nos va a ahogar es que pretende sacarle el acceso a la salud, a la educaci\u00f3n, a la justicia, a la seguridad a miles y miles de argentinos. <\/strong>Hoy los nombres propios en un sistema democr\u00e1tico somos aves de paso, pero ac\u00e1 hay que fortalecer las instituciones. Creo que aqu\u00ed, por m\u00e1s que se diga que el presidente tiene una representatividad popular por los puntos con los cuales accedi\u00f3 a la presidencia, en un esquema democr\u00e1tico tambi\u00e9n tenemos representatividad popular: los legisladores, tanto diputados como senadores, los gobernadores y los intendentes, que son la primera trinchera para resolver los problemas de la gente. Y aqu\u00ed en la provincia de La Pampa no solo se han escuchado voces de los intendentes que nos acompa\u00f1an desde el punto de vista partidario que est\u00e1n enrolados en Uni\u00f3n por la Patria, sino tambi\u00e9n ha habido documentos a parte de los intendentes opositores al Gobierno provincial marcando realmente esta preocupaci\u00f3n. Esta preocupaci\u00f3n que realmente es muy dura, porque ac\u00e1 hay que tener muy bien claro, el ajuste reci\u00e9n empez\u00f3, lo dice el propio presidente. Y bueno, en ese sentido siempre nos van a encontrar a nosotros defendiendo a La Pampa, defendiendo a las pampeanas y a los pampeanos, resistiendo como le decimos, porque hay un pueblo detr\u00e1s nuestro que nos confi\u00f3 gobernar la provincia de La Pampa y vamos a estar a la altura de las circunstancias, le guste a quien le guste y le pese a quien le pese.<\/p>\n\n\n\n<p><strong>-Es decir, usted no va a ceder a esto apriete que est\u00e1 haciendo el propio presidente y el ministro Caputo con tal de asegurar su ajuste, \u00bfno?<\/strong><\/p>\n\n\n\n<p>-No, primero estar\u00eda rompiendo el contrato electoral y social que tengo con las pampeanas y pampeanas, pero tambi\u00e9n estar\u00eda entregar no solo una ideolog\u00eda, un sentido de pertenencia, sino tambi\u00e9n entregando el futuro de pampeanas y pampeanas.<\/p>\n\n\n\n<p><strong>&#8211; \u00bfQu\u00e9 an\u00e1lisis le merece la decisi\u00f3n que tom\u00f3 el gobernador Osvaldo Jaldo (Tucum\u00e1n) de apartar, de acompa\u00f1ar con sus tres diputados a este proyecto que tanto cuestionamiento y sospecha recibe y apartarse de Uni\u00f3n por la Patria?<\/strong><\/p>\n\n\n\n<p>-En el marco del respeto a todas las opiniones y las decisiones, por lo que yo creo haber entendido,<strong> el gobernador Jaldo ha realmente meritado que lo que est\u00e1 haciendo es en beneficio de las tucumanas y los tucumanos. Yo no lo comparto bajo ning\u00fan punto de vista, pero lo respeto.<\/strong> Lo respeto en el marco de la democracia. Como siempre decimos, el pueblo es el que nos juzga en definitiva y por bien o por mal siempre el pueblo nos marca el camino.<\/p>\n\n\n\n<p><strong>-Ahora estos diputados fueron electos en un proyecto que es el proyecto de Uni\u00f3n por la Patria, que no ten\u00eda nada que ver justamente con el proyecto de Javier Milei. \u00bfNo est\u00e1 traicionando al electorado de Uni\u00f3n por la Patria?<\/strong><\/p>\n\n\n\n<p>-Creo que<strong> este tipo de actitudes bastardean la pol\u00edtica y terminan bastardeando la democracia. <\/strong>Por eso en las crisis siempre aparece como que el principal culpable es la pol\u00edtica. No, el principal culpable es la mala pol\u00edtica. Creo que tenemos que defender esos valores. La pol\u00edtica, los partidos pol\u00edticos son una de las bases fundamentales de nuestra constituci\u00f3n y de la vida cotidiana. Sin pol\u00edtica no hay bienestar.<\/p>\n\n\n\n<p><strong>-\u00bfUsted est\u00e1 de acuerdo con que se restituya el Impuesto a Ganancias o los gobernadores tienen alguna idea alternativa para recuperar recaudaci\u00f3n?<\/strong><\/p>\n\n\n\n<p>-No, para nada. Yo ideol\u00f3gicamente tengo muy bien claro que el salario no es ganancia. Actu\u00e9 toda mi vida en consecuencia siendo legislador nacional, propuse, vot\u00e9, acompa\u00f1\u00e9 como gobernador el a\u00f1o pasado la medida que tom\u00f3 el exministro (Sergio) Massa, d\u00e1ndole mayor justicia social pero tambi\u00e9n mayor poder adquisitivo al salario en el marco de que es uno de los principales instrumentos para activar la econom\u00eda a partir del consumo. M\u00e1s consumo es m\u00e1s actividad econ\u00f3mica y es m\u00e1s trabajo. Y en ese sentido, ideol\u00f3gicamente, siempre vamos a estar en contra de que los trabajadores paguen ganancias. Pero cuando por ah\u00ed se pone como excusa del impacto en las finanzas p\u00fablicas que tiene recibir mucho menos ganancias en el marco de la coparticipaci\u00f3n federal, yo lo digo y lo digo con n\u00fameros: <strong>al lado del impacto que tiene por ejemplo en el presupuesto de la provincia de La Pampa que los trabajadores no paguen ganancias va a terminar siendo una an\u00e9cdota si tenemos en cuenta lo que va a ser el impacto final de la recesi\u00f3n, del achicamiento y de la desvalorizaci\u00f3n de la coparticipaci\u00f3n. Realmente va a ser marginal.<\/strong><\/p>\n\n\n\n<p><strong>-\u00bfUsted nota en su provincia estos principios de recesi\u00f3n?<\/strong><\/p>\n\n\n\n<p>&#8211; S\u00ed, por supuesto. (&#8230;). Imag\u00ednense el impacto de la recesi\u00f3n en las finanzas p\u00fablicas. Y eso va a hacer achicar la econom\u00eda, detener el proceso de crecimiento y principalmente nos llevan a abandonar un proyecto de pa\u00eds que pasa exclusivamente, m\u00e1s all\u00e1 despu\u00e9s de todas las variantes que podemos llevar adelante, que es la producci\u00f3n y el trabajo. No hay otra forma de desarrollar la Argentina si no es con la producci\u00f3n y el trabajo, con todas y todos los argentinos adentro.<\/p>\n\n\n\n<p><strong>-Hoy Jaldo explicaba, palabras m\u00e1s, palabras menos, que su acompa\u00f1amiento fue a cambio de que se introdujeran cambios que no perjudicaran a los tucumanos o que los beneficiaran. Si a usted le ofrecieran lo mismo para su provincia, \u00bfestar\u00eda dispuesto a acompa\u00f1ar pol\u00edticamente el proyecto de ley \u00f3mnibus del Gobierno nacional?<\/strong><\/p>\n\n\n\n<p>-No, bajo ning\u00fan punto de vista. (&#8230;) Discutir lo que significa un dictamen de 523 art\u00edculos, si es que estoy hablando del dictamen que supuestamente es el que va a ir al recinto el martes, creo que <strong>lo que tenemos que tener en cuenta es que, si se aprueban los primeros 6 art\u00edculos del dictamen, el resto es cotill\u00f3n<\/strong>. <strong>Con esos 6 art\u00edculos el presidente no solo tiene la posibilidad de todo lo que se rechace en el marco de la ley \u00f3mnibus, sino que va a ejercer la suma del poder p\u00fablico<\/strong>, algo constantemente prohibido en el marco de la Constituci\u00f3n.<\/p>\n\n\n\n<p><strong>-Frente a estas amenazas, que usted muy bien las ha calificado de gravedad institucional inusitada, \u00bfpiensa reunirse con otros gobernadores?<\/strong><\/p>\n\n\n\n<p>-Estamos en contacto permanente. Por ah\u00ed no lo hacemos p\u00fablicamente, pero estamos en contacto permanente. Todos los gobernadores y el jefe de gobierno de la Ciudad de Buenos Aires tenemos una pertenencia democr\u00e1tica, y a ninguno creo que nos gusta la forma con la que quieren construir, como dicen ellos, una nueva Argentina.<strong> No comulgamos ni con la nueva Argentina que nos plantean desde el punto de vista pol\u00edtico, social y econ\u00f3mico, ni tampoco la forma de llegar a ese objetivo.<\/strong> As\u00ed que yo creo que en ese sentido estaremos siempre en el mismo lugar, donde nos puso el pueblo con su voto y donde nos trajo nuestra pertenencia ideol\u00f3gica hasta aqu\u00ed.<\/p>\n\n\n\n<p><\/p>\n","protected":false},"excerpt":{"rendered":"<p>El gobernador Sergio Ziliotto calific\u00f3 de una \u201cenorme gravedad institucional\u201d las amenazas del Gobierno de Javier Milei de cortar las transferencias a las provincias en caso de que se caigan&hellip;<\/p>\n","protected":false},"author":3,"featured_media":244856,"comment_status":"closed","ping_status":"open","sticky":false,"template":"","format":"standard","meta":{"_acf_changed":false,"footnotes":""},"categories":[1,8],"tags":[],"class_list":["post-252109","post","type-post","status-publish","format-standard","has-post-thumbnail","hentry","category-es-noticia","category-politica"],"acf":[],"yoast_head":"<!-- This site is optimized with the Yoast SEO plugin v27.5 - https:\/\/yoast.com\/product\/yoast-seo-wordpress\/ -->\n<title>Ziliotto y las amenazas de Milei a los gobernadores: \u201cEs de una enorme gravedad institucional\u201d - Diario Textual<\/title>\n<meta name=\"robots\" content=\"index, follow, max-snippet:-1, max-image-preview:large, max-video-preview:-1\" \/>\n<link rel=\"canonical\" href=\"https:\/\/diariotextual.com\/inicio\/index.php\/2024\/01\/25\/ziliotto-y-los-amenazas-a-gobernadores-es-de-una-enorme-gravedad-institucional\/\" \/>\n<meta property=\"og:locale\" content=\"es_ES\" \/>\n<meta property=\"og:type\" content=\"article\" \/>\n<meta property=\"og:title\" content=\"Ziliotto y las amenazas de Milei a los gobernadores: \u201cEs de una enorme gravedad institucional\u201d - Diario Textual\" \/>\n<meta property=\"og:description\" content=\"El gobernador Sergio Ziliotto calific\u00f3 de una \u201cenorme gravedad institucional\u201d las amenazas del Gobierno de Javier Milei de cortar las transferencias a las provincias en caso de que se caigan&hellip;\" \/>\n<meta property=\"og:url\" content=\"https:\/\/diariotextual.com\/inicio\/index.php\/2024\/01\/25\/ziliotto-y-los-amenazas-a-gobernadores-es-de-una-enorme-gravedad-institucional\/\" \/>\n<meta property=\"og:site_name\" content=\"Diario Textual\" \/>\n<meta property=\"article:publisher\" content=\"https:\/\/www.facebook.com\/eltextual\" \/>\n<meta property=\"article:published_time\" content=\"2024-01-25T23:28:48+00:00\" \/>\n<meta property=\"article:modified_time\" content=\"2024-01-26T16:33:48+00:00\" \/>\n<meta property=\"og:image\" content=\"https:\/\/diariotextual.com\/inicio\/wp-content\/uploads\/2023\/11\/ziliottosergio2023-4001.jpg\" \/>\n\t<meta property=\"og:image:width\" content=\"1600\" \/>\n\t<meta property=\"og:image:height\" content=\"1066\" \/>\n\t<meta property=\"og:image:type\" content=\"image\/jpeg\" \/>\n<meta name=\"author\" content=\"Diario1 Diario1\" \/>\n<meta name=\"twitter:card\" content=\"summary_large_image\" \/>\n<meta name=\"twitter:creator\" content=\"@eltextual\" \/>\n<meta name=\"twitter:site\" content=\"@eltextual\" \/>\n<meta name=\"twitter:label1\" content=\"Escrito por\" \/>\n\t<meta name=\"twitter:data1\" content=\"Diario1 Diario1\" \/>\n\t<meta name=\"twitter:label2\" content=\"Tiempo de lectura\" \/>\n\t<meta name=\"twitter:data2\" content=\"7 minutos\" \/>\n<script type=\"application\/ld+json\" class=\"yoast-schema-graph\">{\"@context\":\"https:\\\/\\\/schema.org\",\"@graph\":[{\"@type\":\"Article\",\"@id\":\"https:\\\/\\\/diariotextual.com\\\/inicio\\\/index.php\\\/2024\\\/01\\\/25\\\/ziliotto-y-los-amenazas-a-gobernadores-es-de-una-enorme-gravedad-institucional\\\/#article\",\"isPartOf\":{\"@id\":\"https:\\\/\\\/diariotextual.com\\\/inicio\\\/index.php\\\/2024\\\/01\\\/25\\\/ziliotto-y-los-amenazas-a-gobernadores-es-de-una-enorme-gravedad-institucional\\\/\"},\"author\":{\"name\":\"Diario1 Diario1\",\"@id\":\"https:\\\/\\\/diariotextual.com\\\/inicio\\\/#\\\/schema\\\/person\\\/418fc4093c33e86ed41562db3508f958\"},\"headline\":\"Ziliotto y las amenazas de Milei a los gobernadores: \u201cEs de una enorme gravedad institucional\u201d\",\"datePublished\":\"2024-01-25T23:28:48+00:00\",\"dateModified\":\"2024-01-26T16:33:48+00:00\",\"mainEntityOfPage\":{\"@id\":\"https:\\\/\\\/diariotextual.com\\\/inicio\\\/index.php\\\/2024\\\/01\\\/25\\\/ziliotto-y-los-amenazas-a-gobernadores-es-de-una-enorme-gravedad-institucional\\\/\"},\"wordCount\":1488,\"publisher\":{\"@id\":\"https:\\\/\\\/diariotextual.com\\\/inicio\\\/#organization\"},\"image\":{\"@id\":\"https:\\\/\\\/diariotextual.com\\\/inicio\\\/index.php\\\/2024\\\/01\\\/25\\\/ziliotto-y-los-amenazas-a-gobernadores-es-de-una-enorme-gravedad-institucional\\\/#primaryimage\"},\"thumbnailUrl\":\"https:\\\/\\\/diariotextual.com\\\/inicio\\\/wp-content\\\/uploads\\\/2023\\\/11\\\/ziliottosergio2023-4001.jpg\",\"articleSection\":[\"A - ES NOTICIA (van abajo)\",\"POLITICA\"],\"inLanguage\":\"es\"},{\"@type\":\"WebPage\",\"@id\":\"https:\\\/\\\/diariotextual.com\\\/inicio\\\/index.php\\\/2024\\\/01\\\/25\\\/ziliotto-y-los-amenazas-a-gobernadores-es-de-una-enorme-gravedad-institucional\\\/\",\"url\":\"https:\\\/\\\/diariotextual.com\\\/inicio\\\/index.php\\\/2024\\\/01\\\/25\\\/ziliotto-y-los-amenazas-a-gobernadores-es-de-una-enorme-gravedad-institucional\\\/\",\"name\":\"Ziliotto y las amenazas de Milei a los gobernadores: \u201cEs de una enorme gravedad institucional\u201d - Diario Textual\",\"isPartOf\":{\"@id\":\"https:\\\/\\\/diariotextual.com\\\/inicio\\\/#website\"},\"primaryImageOfPage\":{\"@id\":\"https:\\\/\\\/diariotextual.com\\\/inicio\\\/index.php\\\/2024\\\/01\\\/25\\\/ziliotto-y-los-amenazas-a-gobernadores-es-de-una-enorme-gravedad-institucional\\\/#primaryimage\"},\"image\":{\"@id\":\"https:\\\/\\\/diariotextual.com\\\/inicio\\\/index.php\\\/2024\\\/01\\\/25\\\/ziliotto-y-los-amenazas-a-gobernadores-es-de-una-enorme-gravedad-institucional\\\/#primaryimage\"},\"thumbnailUrl\":\"https:\\\/\\\/diariotextual.com\\\/inicio\\\/wp-content\\\/uploads\\\/2023\\\/11\\\/ziliottosergio2023-4001.jpg\",\"datePublished\":\"2024-01-25T23:28:48+00:00\",\"dateModified\":\"2024-01-26T16:33:48+00:00\",\"breadcrumb\":{\"@id\":\"https:\\\/\\\/diariotextual.com\\\/inicio\\\/index.php\\\/2024\\\/01\\\/25\\\/ziliotto-y-los-amenazas-a-gobernadores-es-de-una-enorme-gravedad-institucional\\\/#breadcrumb\"},\"inLanguage\":\"es\",\"potentialAction\":[{\"@type\":\"ReadAction\",\"target\":[\"https:\\\/\\\/diariotextual.com\\\/inicio\\\/index.php\\\/2024\\\/01\\\/25\\\/ziliotto-y-los-amenazas-a-gobernadores-es-de-una-enorme-gravedad-institucional\\\/\"]}]},{\"@type\":\"ImageObject\",\"inLanguage\":\"es\",\"@id\":\"https:\\\/\\\/diariotextual.com\\\/inicio\\\/index.php\\\/2024\\\/01\\\/25\\\/ziliotto-y-los-amenazas-a-gobernadores-es-de-una-enorme-gravedad-institucional\\\/#primaryimage\",\"url\":\"https:\\\/\\\/diariotextual.com\\\/inicio\\\/wp-content\\\/uploads\\\/2023\\\/11\\\/ziliottosergio2023-4001.jpg\",\"contentUrl\":\"https:\\\/\\\/diariotextual.com\\\/inicio\\\/wp-content\\\/uploads\\\/2023\\\/11\\\/ziliottosergio2023-4001.jpg\",\"width\":1600,\"height\":1066},{\"@type\":\"BreadcrumbList\",\"@id\":\"https:\\\/\\\/diariotextual.com\\\/inicio\\\/index.php\\\/2024\\\/01\\\/25\\\/ziliotto-y-los-amenazas-a-gobernadores-es-de-una-enorme-gravedad-institucional\\\/#breadcrumb\",\"itemListElement\":[{\"@type\":\"ListItem\",\"position\":1,\"name\":\"Portada\",\"item\":\"https:\\\/\\\/diariotextual.com\\\/inicio\\\/\"},{\"@type\":\"ListItem\",\"position\":2,\"name\":\"Ziliotto y las amenazas de Milei a los gobernadores: \u201cEs de una enorme gravedad institucional\u201d\"}]},{\"@type\":\"WebSite\",\"@id\":\"https:\\\/\\\/diariotextual.com\\\/inicio\\\/#website\",\"url\":\"https:\\\/\\\/diariotextual.com\\\/inicio\\\/\",\"name\":\"Diario Textual\",\"description\":\"\",\"publisher\":{\"@id\":\"https:\\\/\\\/diariotextual.com\\\/inicio\\\/#organization\"},\"potentialAction\":[{\"@type\":\"SearchAction\",\"target\":{\"@type\":\"EntryPoint\",\"urlTemplate\":\"https:\\\/\\\/diariotextual.com\\\/inicio\\\/?s={search_term_string}\"},\"query-input\":{\"@type\":\"PropertyValueSpecification\",\"valueRequired\":true,\"valueName\":\"search_term_string\"}}],\"inLanguage\":\"es\"},{\"@type\":\"Organization\",\"@id\":\"https:\\\/\\\/diariotextual.com\\\/inicio\\\/#organization\",\"name\":\"Diario Textual\",\"url\":\"https:\\\/\\\/diariotextual.com\\\/inicio\\\/\",\"logo\":{\"@type\":\"ImageObject\",\"inLanguage\":\"es\",\"@id\":\"https:\\\/\\\/diariotextual.com\\\/inicio\\\/#\\\/schema\\\/logo\\\/image\\\/\",\"url\":\"https:\\\/\\\/diariotextual.com\\\/inicio\\\/wp-content\\\/uploads\\\/2023\\\/05\\\/logotextual1.jpg\",\"contentUrl\":\"https:\\\/\\\/diariotextual.com\\\/inicio\\\/wp-content\\\/uploads\\\/2023\\\/05\\\/logotextual1.jpg\",\"width\":516,\"height\":76,\"caption\":\"Diario Textual\"},\"image\":{\"@id\":\"https:\\\/\\\/diariotextual.com\\\/inicio\\\/#\\\/schema\\\/logo\\\/image\\\/\"},\"sameAs\":[\"https:\\\/\\\/www.facebook.com\\\/eltextual\",\"https:\\\/\\\/x.com\\\/eltextual\",\"http:\\\/\\\/www.instagram.com\\\/eltextual\"]},{\"@type\":\"Person\",\"@id\":\"https:\\\/\\\/diariotextual.com\\\/inicio\\\/#\\\/schema\\\/person\\\/418fc4093c33e86ed41562db3508f958\",\"name\":\"Diario1 Diario1\",\"image\":{\"@type\":\"ImageObject\",\"inLanguage\":\"es\",\"@id\":\"https:\\\/\\\/secure.gravatar.com\\\/avatar\\\/9167d280179c85bc18be67aa7eda765854300033af4896dd779b608640f2ef7a?s=96&d=mm&r=g\",\"url\":\"https:\\\/\\\/secure.gravatar.com\\\/avatar\\\/9167d280179c85bc18be67aa7eda765854300033af4896dd779b608640f2ef7a?s=96&d=mm&r=g\",\"contentUrl\":\"https:\\\/\\\/secure.gravatar.com\\\/avatar\\\/9167d280179c85bc18be67aa7eda765854300033af4896dd779b608640f2ef7a?s=96&d=mm&r=g\",\"caption\":\"Diario1 Diario1\"},\"url\":\"https:\\\/\\\/diariotextual.com\\\/inicio\\\/index.php\\\/author\\\/diario1\\\/\"}]}<\/script>\n<!-- \/ Yoast SEO plugin. -->","yoast_head_json":{"title":"Ziliotto y las amenazas de Milei a los gobernadores: \u201cEs de una enorme gravedad institucional\u201d - Diario Textual","robots":{"index":"index","follow":"follow","max-snippet":"max-snippet:-1","max-image-preview":"max-image-preview:large","max-video-preview":"max-video-preview:-1"},"canonical":"https:\/\/diariotextual.com\/inicio\/index.php\/2024\/01\/25\/ziliotto-y-los-amenazas-a-gobernadores-es-de-una-enorme-gravedad-institucional\/","og_locale":"es_ES","og_type":"article","og_title":"Ziliotto y las amenazas de Milei a los gobernadores: \u201cEs de una enorme gravedad institucional\u201d - Diario Textual","og_description":"El gobernador Sergio Ziliotto calific\u00f3 de una \u201cenorme gravedad institucional\u201d las amenazas del Gobierno de Javier Milei de cortar las transferencias a las provincias en caso de que se caigan&hellip;","og_url":"https:\/\/diariotextual.com\/inicio\/index.php\/2024\/01\/25\/ziliotto-y-los-amenazas-a-gobernadores-es-de-una-enorme-gravedad-institucional\/","og_site_name":"Diario Textual","article_publisher":"https:\/\/www.facebook.com\/eltextual","article_published_time":"2024-01-25T23:28:48+00:00","article_modified_time":"2024-01-26T16:33:48+00:00","og_image":[{"width":1600,"height":1066,"url":"https:\/\/diariotextual.com\/inicio\/wp-content\/uploads\/2023\/11\/ziliottosergio2023-4001.jpg","type":"image\/jpeg"}],"author":"Diario1 Diario1","twitter_card":"summary_large_image","twitter_creator":"@eltextual","twitter_site":"@eltextual","twitter_misc":{"Escrito por":"Diario1 Diario1","Tiempo de lectura":"7 minutos"},"schema":{"@context":"https:\/\/schema.org","@graph":[{"@type":"Article","@id":"https:\/\/diariotextual.com\/inicio\/index.php\/2024\/01\/25\/ziliotto-y-los-amenazas-a-gobernadores-es-de-una-enorme-gravedad-institucional\/#article","isPartOf":{"@id":"https:\/\/diariotextual.com\/inicio\/index.php\/2024\/01\/25\/ziliotto-y-los-amenazas-a-gobernadores-es-de-una-enorme-gravedad-institucional\/"},"author":{"name":"Diario1 Diario1","@id":"https:\/\/diariotextual.com\/inicio\/#\/schema\/person\/418fc4093c33e86ed41562db3508f958"},"headline":"Ziliotto y las amenazas de Milei a los gobernadores: \u201cEs de una enorme gravedad institucional\u201d","datePublished":"2024-01-25T23:28:48+00:00","dateModified":"2024-01-26T16:33:48+00:00","mainEntityOfPage":{"@id":"https:\/\/diariotextual.com\/inicio\/index.php\/2024\/01\/25\/ziliotto-y-los-amenazas-a-gobernadores-es-de-una-enorme-gravedad-institucional\/"},"wordCount":1488,"publisher":{"@id":"https:\/\/diariotextual.com\/inicio\/#organization"},"image":{"@id":"https:\/\/diariotextual.com\/inicio\/index.php\/2024\/01\/25\/ziliotto-y-los-amenazas-a-gobernadores-es-de-una-enorme-gravedad-institucional\/#primaryimage"},"thumbnailUrl":"https:\/\/diariotextual.com\/inicio\/wp-content\/uploads\/2023\/11\/ziliottosergio2023-4001.jpg","articleSection":["A - ES NOTICIA (van abajo)","POLITICA"],"inLanguage":"es"},{"@type":"WebPage","@id":"https:\/\/diariotextual.com\/inicio\/index.php\/2024\/01\/25\/ziliotto-y-los-amenazas-a-gobernadores-es-de-una-enorme-gravedad-institucional\/","url":"https:\/\/diariotextual.com\/inicio\/index.php\/2024\/01\/25\/ziliotto-y-los-amenazas-a-gobernadores-es-de-una-enorme-gravedad-institucional\/","name":"Ziliotto y las amenazas de Milei a los gobernadores: \u201cEs de una enorme gravedad institucional\u201d - Diario Textual","isPartOf":{"@id":"https:\/\/diariotextual.com\/inicio\/#website"},"primaryImageOfPage":{"@id":"https:\/\/diariotextual.com\/inicio\/index.php\/2024\/01\/25\/ziliotto-y-los-amenazas-a-gobernadores-es-de-una-enorme-gravedad-institucional\/#primaryimage"},"image":{"@id":"https:\/\/diariotextual.com\/inicio\/index.php\/2024\/01\/25\/ziliotto-y-los-amenazas-a-gobernadores-es-de-una-enorme-gravedad-institucional\/#primaryimage"},"thumbnailUrl":"https:\/\/diariotextual.com\/inicio\/wp-content\/uploads\/2023\/11\/ziliottosergio2023-4001.jpg","datePublished":"2024-01-25T23:28:48+00:00","dateModified":"2024-01-26T16:33:48+00:00","breadcrumb":{"@id":"https:\/\/diariotextual.com\/inicio\/index.php\/2024\/01\/25\/ziliotto-y-los-amenazas-a-gobernadores-es-de-una-enorme-gravedad-institucional\/#breadcrumb"},"inLanguage":"es","potentialAction":[{"@type":"ReadAction","target":["https:\/\/diariotextual.com\/inicio\/index.php\/2024\/01\/25\/ziliotto-y-los-amenazas-a-gobernadores-es-de-una-enorme-gravedad-institucional\/"]}]},{"@type":"ImageObject","inLanguage":"es","@id":"https:\/\/diariotextual.com\/inicio\/index.php\/2024\/01\/25\/ziliotto-y-los-amenazas-a-gobernadores-es-de-una-enorme-gravedad-institucional\/#primaryimage","url":"https:\/\/diariotextual.com\/inicio\/wp-content\/uploads\/2023\/11\/ziliottosergio2023-4001.jpg","contentUrl":"https:\/\/diariotextual.com\/inicio\/wp-content\/uploads\/2023\/11\/ziliottosergio2023-4001.jpg","width":1600,"height":1066},{"@type":"BreadcrumbList","@id":"https:\/\/diariotextual.com\/inicio\/index.php\/2024\/01\/25\/ziliotto-y-los-amenazas-a-gobernadores-es-de-una-enorme-gravedad-institucional\/#breadcrumb","itemListElement":[{"@type":"ListItem","position":1,"name":"Portada","item":"https:\/\/diariotextual.com\/inicio\/"},{"@type":"ListItem","position":2,"name":"Ziliotto y las amenazas de Milei a los gobernadores: \u201cEs de una enorme gravedad institucional\u201d"}]},{"@type":"WebSite","@id":"https:\/\/diariotextual.com\/inicio\/#website","url":"https:\/\/diariotextual.com\/inicio\/","name":"Diario Textual","description":"","publisher":{"@id":"https:\/\/diariotextual.com\/inicio\/#organization"},"potentialAction":[{"@type":"SearchAction","target":{"@type":"EntryPoint","urlTemplate":"https:\/\/diariotextual.com\/inicio\/?s={search_term_string}"},"query-input":{"@type":"PropertyValueSpecification","valueRequired":true,"valueName":"search_term_string"}}],"inLanguage":"es"},{"@type":"Organization","@id":"https:\/\/diariotextual.com\/inicio\/#organization","name":"Diario Textual","url":"https:\/\/diariotextual.com\/inicio\/","logo":{"@type":"ImageObject","inLanguage":"es","@id":"https:\/\/diariotextual.com\/inicio\/#\/schema\/logo\/image\/","url":"https:\/\/diariotextual.com\/inicio\/wp-content\/uploads\/2023\/05\/logotextual1.jpg","contentUrl":"https:\/\/diariotextual.com\/inicio\/wp-content\/uploads\/2023\/05\/logotextual1.jpg","width":516,"height":76,"caption":"Diario Textual"},"image":{"@id":"https:\/\/diariotextual.com\/inicio\/#\/schema\/logo\/image\/"},"sameAs":["https:\/\/www.facebook.com\/eltextual","https:\/\/x.com\/eltextual","http:\/\/www.instagram.com\/eltextual"]},{"@type":"Person","@id":"https:\/\/diariotextual.com\/inicio\/#\/schema\/person\/418fc4093c33e86ed41562db3508f958","name":"Diario1 Diario1","image":{"@type":"ImageObject","inLanguage":"es","@id":"https:\/\/secure.gravatar.com\/avatar\/9167d280179c85bc18be67aa7eda765854300033af4896dd779b608640f2ef7a?s=96&d=mm&r=g","url":"https:\/\/secure.gravatar.com\/avatar\/9167d280179c85bc18be67aa7eda765854300033af4896dd779b608640f2ef7a?s=96&d=mm&r=g","contentUrl":"https:\/\/secure.gravatar.com\/avatar\/9167d280179c85bc18be67aa7eda765854300033af4896dd779b608640f2ef7a?s=96&d=mm&r=g","caption":"Diario1 Diario1"},"url":"https:\/\/diariotextual.com\/inicio\/index.php\/author\/diario1\/"}]}},"_links":{"self":[{"href":"https:\/\/diariotextual.com\/inicio\/index.php\/wp-json\/wp\/v2\/posts\/252109","targetHints":{"allow":["GET"]}}],"collection":[{"href":"https:\/\/diariotextual.com\/inicio\/index.php\/wp-json\/wp\/v2\/posts"}],"about":[{"href":"https:\/\/diariotextual.com\/inicio\/index.php\/wp-json\/wp\/v2\/types\/post"}],"author":[{"embeddable":true,"href":"https:\/\/diariotextual.com\/inicio\/index.php\/wp-json\/wp\/v2\/users\/3"}],"replies":[{"embeddable":true,"href":"https:\/\/diariotextual.com\/inicio\/index.php\/wp-json\/wp\/v2\/comments?post=252109"}],"version-history":[{"count":19,"href":"https:\/\/diariotextual.com\/inicio\/index.php\/wp-json\/wp\/v2\/posts\/252109\/revisions"}],"predecessor-version":[{"id":252134,"href":"https:\/\/diariotextual.com\/inicio\/index.php\/wp-json\/wp\/v2\/posts\/252109\/revisions\/252134"}],"wp:featuredmedia":[{"embeddable":true,"href":"https:\/\/diariotextual.com\/inicio\/index.php\/wp-json\/wp\/v2\/media\/244856"}],"wp:attachment":[{"href":"https:\/\/diariotextual.com\/inicio\/index.php\/wp-json\/wp\/v2\/media?parent=252109"}],"wp:term":[{"taxonomy":"category","embeddable":true,"href":"https:\/\/diariotextual.com\/inicio\/index.php\/wp-json\/wp\/v2\/categories?post=252109"},{"taxonomy":"post_tag","embeddable":true,"href":"https:\/\/diariotextual.com\/inicio\/index.php\/wp-json\/wp\/v2\/tags?post=252109"}],"curies":[{"name":"wp","href":"https:\/\/api.w.org\/{rel}","templated":true}]}}