{"id":252152,"date":"2024-01-26T09:02:37","date_gmt":"2024-01-26T12:02:37","guid":{"rendered":"https:\/\/diariotextual.com\/inicio\/?p=252152"},"modified":"2024-01-27T13:17:10","modified_gmt":"2024-01-27T16:17:10","slug":"sabarots-contra-el-apriete-de-caputo-que-lejos-estoy-de-este-cambio","status":"publish","type":"post","link":"https:\/\/diariotextual.com\/inicio\/index.php\/2024\/01\/26\/sabarots-contra-el-apriete-de-caputo-que-lejos-estoy-de-este-cambio\/","title":{"rendered":"Sabarots contra el apriete de Caputo: \u201cQu\u00e9 lejos estoy de este cambio\u201d"},"content":{"rendered":"\n<p>El intendente de General Acha, <strong>Abel Sabarots (Juntos por el Cambio)<\/strong>, cuestion\u00f3 con dureza el <strong>apriete<\/strong> del ministro de Econom\u00eda, <strong>Luis Caputo<\/strong>, a los legisladores nacionales y sus gobernadores, en medio del tratamiento de la ley \u201cBases y puntos de partida para la libertad de los argentinos\u201d. \u201cQu\u00e9 lejos estoy de este cambio\u201d, dijo el jefe comunal.<\/p>\n\n\n\n<p>Sabarots se expres\u00f3 a trav\u00e9s de la red social X. <strong>\u201cLas amenazas de @LuisCaputoAR hacia los gobernadores es in\u00e9dito en la historia argentina. Atenta contra nuestra democracia y el sistema federal. Los cambios se hacen con debates y consensos y no con atropellos, amenazas y extorsionando. Que lejos estoy de este &#8216;cambio&#8217;\u201d, poste\u00f3.<\/strong><\/p>\n\n\n\n<p>Caputo dijo durante el tratamiento de la ley \u00f3mnibus que \u201cel d\u00e9ficit cero no se negocia\u201d y advirti\u00f3 que \u201csi no se aprueban todas las medidas econ\u00f3micas propuestas en la ley, como dijo el presidente Javier Milei, el ajuste ser\u00e1 mayor, fundamentalmente para las provincias\u201d.<\/p>\n\n\n\n<p>Sabarots, de extracci\u00f3n radical, es uno de los intendentes con mejor sinton\u00eda con Casa de Gobierno, fundamentalmente por el volumen de obras que recibi\u00f3. En las elecciones pasadas junto a otros jefes comunales de JxC, como Hugo Kenny, de Victorica, jugaron fuerte contra Milei a nivel nacional y apoyaron al candidato del peronismo, Sergio Massa.<\/p>\n\n\n\n<p>El dirigente radical ya hab\u00eda expresado sus cr\u00edticas al libertario cuando present\u00f3 el mega DNU que amenaza derechos laborales y habilita la privatizaci\u00f3n de empresas p\u00fablicas.<\/p>\n\n\n\n<p>\u201cDeber\u00edamos avisarle al presidente que tenemos Constituci\u00f3n Nacional\u201d, escribi\u00f3 en aquella oportunidad en X.<\/p>\n\n\n\n<p>Las declaraciones de Sabarots est\u00e1n en sinton\u00eda con lo expresado el jueves por diputados y diputadas provinciales de la Uni\u00f3n C\u00edvica Radical, que en un comunicado repudiaron las <strong><a href=\"https:\/\/diariotextual.com\/inicio\/index.php\/2024\/01\/25\/diputados-provinciales-de-la-ucr-contra-el-apriete-de-luis-caputo\/\" target=\"_blank\" rel=\"noreferrer noopener\">\u201cpr\u00e1cticas y expresiones antidemocr\u00e1ticas de apriete e intimidaciones\u201d<\/a><\/strong>, realizadas por Caputo.<\/p>\n\n\n\n<figure class=\"wp-block-embed is-type-rich is-provider-twitter wp-block-embed-twitter\"><div class=\"wp-block-embed__wrapper\">\n<blockquote class=\"twitter-tweet\" data-width=\"550\" data-dnt=\"true\"><p lang=\"es\" dir=\"ltr\">Las amenazas de <a href=\"https:\/\/twitter.com\/LuisCaputoAR?ref_src=twsrc%5Etfw\">@LuisCaputoAR<\/a> hacia los gobernadores es in\u00e9dito en la historia argentina. Atenta contra nuestra democracia y el sistema federal. Los cambios se hacen con debates y consensos y no con atropellos, amenazas y extorsionando. Que lejos estoy de este &quot;cambio&quot;<\/p>&mdash; Abel Sabarots (@abelsabarots) <a href=\"https:\/\/twitter.com\/abelsabarots\/status\/1750834591437365655?ref_src=twsrc%5Etfw\">January 26, 2024<\/a><\/blockquote><script async src=\"https:\/\/platform.twitter.com\/widgets.js\" charset=\"utf-8\"><\/script>\n<\/div><\/figure>\n","protected":false},"excerpt":{"rendered":"<p>El intendente de General Acha, Abel Sabarots (Juntos por el Cambio), cuestion\u00f3 con dureza el apriete del ministro de Econom\u00eda, Luis Caputo, a los legisladores nacionales y sus gobernadores, en&hellip;<\/p>\n","protected":false},"author":7,"featured_media":173817,"comment_status":"closed","ping_status":"open","sticky":false,"template":"","format":"standard","meta":{"_acf_changed":false,"footnotes":""},"categories":[1,8],"tags":[],"class_list":["post-252152","post","type-post","status-publish","format-standard","has-post-thumbnail","hentry","category-es-noticia","category-politica"],"acf":[],"yoast_head":"<!-- This site is optimized with the Yoast SEO plugin v27.5 - https:\/\/yoast.com\/product\/yoast-seo-wordpress\/ -->\n<title>Sabarots contra el apriete de Caputo: \u201cQu\u00e9 lejos estoy de este cambio\u201d - Diario Textual<\/title>\n<meta name=\"robots\" content=\"index, follow, max-snippet:-1, max-image-preview:large, max-video-preview:-1\" \/>\n<link rel=\"canonical\" href=\"https:\/\/diariotextual.com\/inicio\/index.php\/2024\/01\/26\/sabarots-contra-el-apriete-de-caputo-que-lejos-estoy-de-este-cambio\/\" \/>\n<meta property=\"og:locale\" content=\"es_ES\" \/>\n<meta property=\"og:type\" content=\"article\" \/>\n<meta property=\"og:title\" content=\"Sabarots contra el apriete de Caputo: \u201cQu\u00e9 lejos estoy de este cambio\u201d - Diario Textual\" \/>\n<meta property=\"og:description\" content=\"El intendente de General Acha, Abel Sabarots (Juntos por el Cambio), cuestion\u00f3 con dureza el apriete del ministro de Econom\u00eda, Luis Caputo, a los legisladores nacionales y sus gobernadores, en&hellip;\" \/>\n<meta property=\"og:url\" content=\"https:\/\/diariotextual.com\/inicio\/index.php\/2024\/01\/26\/sabarots-contra-el-apriete-de-caputo-que-lejos-estoy-de-este-cambio\/\" \/>\n<meta property=\"og:site_name\" content=\"Diario Textual\" \/>\n<meta property=\"article:publisher\" content=\"https:\/\/www.facebook.com\/eltextual\" \/>\n<meta property=\"article:published_time\" content=\"2024-01-26T12:02:37+00:00\" \/>\n<meta property=\"article:modified_time\" content=\"2024-01-27T16:17:10+00:00\" \/>\n<meta property=\"og:image\" content=\"https:\/\/diariotextual.com\/inicio\/wp-content\/uploads\/2021\/12\/sabarotsabel2021-2.jpg\" \/>\n\t<meta property=\"og:image:width\" content=\"2048\" \/>\n\t<meta property=\"og:image:height\" content=\"1365\" \/>\n\t<meta property=\"og:image:type\" content=\"image\/jpeg\" \/>\n<meta name=\"author\" content=\"diario5\" \/>\n<meta name=\"twitter:card\" content=\"summary_large_image\" \/>\n<meta name=\"twitter:creator\" content=\"@eltextual\" \/>\n<meta name=\"twitter:site\" content=\"@eltextual\" \/>\n<meta name=\"twitter:label1\" content=\"Escrito por\" \/>\n\t<meta name=\"twitter:data1\" content=\"diario5\" \/>\n\t<meta name=\"twitter:label2\" content=\"Tiempo de lectura\" \/>\n\t<meta name=\"twitter:data2\" content=\"2 minutos\" \/>\n<script type=\"application\/ld+json\" class=\"yoast-schema-graph\">{\"@context\":\"https:\\\/\\\/schema.org\",\"@graph\":[{\"@type\":\"Article\",\"@id\":\"https:\\\/\\\/diariotextual.com\\\/inicio\\\/index.php\\\/2024\\\/01\\\/26\\\/sabarots-contra-el-apriete-de-caputo-que-lejos-estoy-de-este-cambio\\\/#article\",\"isPartOf\":{\"@id\":\"https:\\\/\\\/diariotextual.com\\\/inicio\\\/index.php\\\/2024\\\/01\\\/26\\\/sabarots-contra-el-apriete-de-caputo-que-lejos-estoy-de-este-cambio\\\/\"},\"author\":{\"name\":\"diario5\",\"@id\":\"https:\\\/\\\/diariotextual.com\\\/inicio\\\/#\\\/schema\\\/person\\\/c7834961ad8b29b1d9cdbf4571299067\"},\"headline\":\"Sabarots contra el apriete de Caputo: \u201cQu\u00e9 lejos estoy de este cambio\u201d\",\"datePublished\":\"2024-01-26T12:02:37+00:00\",\"dateModified\":\"2024-01-27T16:17:10+00:00\",\"mainEntityOfPage\":{\"@id\":\"https:\\\/\\\/diariotextual.com\\\/inicio\\\/index.php\\\/2024\\\/01\\\/26\\\/sabarots-contra-el-apriete-de-caputo-que-lejos-estoy-de-este-cambio\\\/\"},\"wordCount\":325,\"publisher\":{\"@id\":\"https:\\\/\\\/diariotextual.com\\\/inicio\\\/#organization\"},\"image\":{\"@id\":\"https:\\\/\\\/diariotextual.com\\\/inicio\\\/index.php\\\/2024\\\/01\\\/26\\\/sabarots-contra-el-apriete-de-caputo-que-lejos-estoy-de-este-cambio\\\/#primaryimage\"},\"thumbnailUrl\":\"https:\\\/\\\/diariotextual.com\\\/inicio\\\/wp-content\\\/uploads\\\/2021\\\/12\\\/sabarotsabel2021-2.jpg\",\"articleSection\":[\"A - ES NOTICIA (van abajo)\",\"POLITICA\"],\"inLanguage\":\"es\"},{\"@type\":\"WebPage\",\"@id\":\"https:\\\/\\\/diariotextual.com\\\/inicio\\\/index.php\\\/2024\\\/01\\\/26\\\/sabarots-contra-el-apriete-de-caputo-que-lejos-estoy-de-este-cambio\\\/\",\"url\":\"https:\\\/\\\/diariotextual.com\\\/inicio\\\/index.php\\\/2024\\\/01\\\/26\\\/sabarots-contra-el-apriete-de-caputo-que-lejos-estoy-de-este-cambio\\\/\",\"name\":\"Sabarots contra el apriete de Caputo: \u201cQu\u00e9 lejos estoy de este cambio\u201d - Diario Textual\",\"isPartOf\":{\"@id\":\"https:\\\/\\\/diariotextual.com\\\/inicio\\\/#website\"},\"primaryImageOfPage\":{\"@id\":\"https:\\\/\\\/diariotextual.com\\\/inicio\\\/index.php\\\/2024\\\/01\\\/26\\\/sabarots-contra-el-apriete-de-caputo-que-lejos-estoy-de-este-cambio\\\/#primaryimage\"},\"image\":{\"@id\":\"https:\\\/\\\/diariotextual.com\\\/inicio\\\/index.php\\\/2024\\\/01\\\/26\\\/sabarots-contra-el-apriete-de-caputo-que-lejos-estoy-de-este-cambio\\\/#primaryimage\"},\"thumbnailUrl\":\"https:\\\/\\\/diariotextual.com\\\/inicio\\\/wp-content\\\/uploads\\\/2021\\\/12\\\/sabarotsabel2021-2.jpg\",\"datePublished\":\"2024-01-26T12:02:37+00:00\",\"dateModified\":\"2024-01-27T16:17:10+00:00\",\"breadcrumb\":{\"@id\":\"https:\\\/\\\/diariotextual.com\\\/inicio\\\/index.php\\\/2024\\\/01\\\/26\\\/sabarots-contra-el-apriete-de-caputo-que-lejos-estoy-de-este-cambio\\\/#breadcrumb\"},\"inLanguage\":\"es\",\"potentialAction\":[{\"@type\":\"ReadAction\",\"target\":[\"https:\\\/\\\/diariotextual.com\\\/inicio\\\/index.php\\\/2024\\\/01\\\/26\\\/sabarots-contra-el-apriete-de-caputo-que-lejos-estoy-de-este-cambio\\\/\"]}]},{\"@type\":\"ImageObject\",\"inLanguage\":\"es\",\"@id\":\"https:\\\/\\\/diariotextual.com\\\/inicio\\\/index.php\\\/2024\\\/01\\\/26\\\/sabarots-contra-el-apriete-de-caputo-que-lejos-estoy-de-este-cambio\\\/#primaryimage\",\"url\":\"https:\\\/\\\/diariotextual.com\\\/inicio\\\/wp-content\\\/uploads\\\/2021\\\/12\\\/sabarotsabel2021-2.jpg\",\"contentUrl\":\"https:\\\/\\\/diariotextual.com\\\/inicio\\\/wp-content\\\/uploads\\\/2021\\\/12\\\/sabarotsabel2021-2.jpg\",\"width\":2048,\"height\":1365},{\"@type\":\"BreadcrumbList\",\"@id\":\"https:\\\/\\\/diariotextual.com\\\/inicio\\\/index.php\\\/2024\\\/01\\\/26\\\/sabarots-contra-el-apriete-de-caputo-que-lejos-estoy-de-este-cambio\\\/#breadcrumb\",\"itemListElement\":[{\"@type\":\"ListItem\",\"position\":1,\"name\":\"Portada\",\"item\":\"https:\\\/\\\/diariotextual.com\\\/inicio\\\/\"},{\"@type\":\"ListItem\",\"position\":2,\"name\":\"Sabarots contra el apriete de Caputo: \u201cQu\u00e9 lejos estoy de este cambio\u201d\"}]},{\"@type\":\"WebSite\",\"@id\":\"https:\\\/\\\/diariotextual.com\\\/inicio\\\/#website\",\"url\":\"https:\\\/\\\/diariotextual.com\\\/inicio\\\/\",\"name\":\"Diario Textual\",\"description\":\"\",\"publisher\":{\"@id\":\"https:\\\/\\\/diariotextual.com\\\/inicio\\\/#organization\"},\"potentialAction\":[{\"@type\":\"SearchAction\",\"target\":{\"@type\":\"EntryPoint\",\"urlTemplate\":\"https:\\\/\\\/diariotextual.com\\\/inicio\\\/?s={search_term_string}\"},\"query-input\":{\"@type\":\"PropertyValueSpecification\",\"valueRequired\":true,\"valueName\":\"search_term_string\"}}],\"inLanguage\":\"es\"},{\"@type\":\"Organization\",\"@id\":\"https:\\\/\\\/diariotextual.com\\\/inicio\\\/#organization\",\"name\":\"Diario Textual\",\"url\":\"https:\\\/\\\/diariotextual.com\\\/inicio\\\/\",\"logo\":{\"@type\":\"ImageObject\",\"inLanguage\":\"es\",\"@id\":\"https:\\\/\\\/diariotextual.com\\\/inicio\\\/#\\\/schema\\\/logo\\\/image\\\/\",\"url\":\"https:\\\/\\\/diariotextual.com\\\/inicio\\\/wp-content\\\/uploads\\\/2023\\\/05\\\/logotextual1.jpg\",\"contentUrl\":\"https:\\\/\\\/diariotextual.com\\\/inicio\\\/wp-content\\\/uploads\\\/2023\\\/05\\\/logotextual1.jpg\",\"width\":516,\"height\":76,\"caption\":\"Diario Textual\"},\"image\":{\"@id\":\"https:\\\/\\\/diariotextual.com\\\/inicio\\\/#\\\/schema\\\/logo\\\/image\\\/\"},\"sameAs\":[\"https:\\\/\\\/www.facebook.com\\\/eltextual\",\"https:\\\/\\\/x.com\\\/eltextual\",\"http:\\\/\\\/www.instagram.com\\\/eltextual\"]},{\"@type\":\"Person\",\"@id\":\"https:\\\/\\\/diariotextual.com\\\/inicio\\\/#\\\/schema\\\/person\\\/c7834961ad8b29b1d9cdbf4571299067\",\"name\":\"diario5\",\"image\":{\"@type\":\"ImageObject\",\"inLanguage\":\"es\",\"@id\":\"https:\\\/\\\/secure.gravatar.com\\\/avatar\\\/948c893b847ca6df68216ead81b63f363408ec9b0f600fefc0641ce78613b111?s=96&d=mm&r=g\",\"url\":\"https:\\\/\\\/secure.gravatar.com\\\/avatar\\\/948c893b847ca6df68216ead81b63f363408ec9b0f600fefc0641ce78613b111?s=96&d=mm&r=g\",\"contentUrl\":\"https:\\\/\\\/secure.gravatar.com\\\/avatar\\\/948c893b847ca6df68216ead81b63f363408ec9b0f600fefc0641ce78613b111?s=96&d=mm&r=g\",\"caption\":\"diario5\"},\"url\":\"https:\\\/\\\/diariotextual.com\\\/inicio\\\/index.php\\\/author\\\/diario5\\\/\"}]}<\/script>\n<!-- \/ Yoast SEO plugin. -->","yoast_head_json":{"title":"Sabarots contra el apriete de Caputo: \u201cQu\u00e9 lejos estoy de este cambio\u201d - Diario Textual","robots":{"index":"index","follow":"follow","max-snippet":"max-snippet:-1","max-image-preview":"max-image-preview:large","max-video-preview":"max-video-preview:-1"},"canonical":"https:\/\/diariotextual.com\/inicio\/index.php\/2024\/01\/26\/sabarots-contra-el-apriete-de-caputo-que-lejos-estoy-de-este-cambio\/","og_locale":"es_ES","og_type":"article","og_title":"Sabarots contra el apriete de Caputo: \u201cQu\u00e9 lejos estoy de este cambio\u201d - Diario Textual","og_description":"El intendente de General Acha, Abel Sabarots (Juntos por el Cambio), cuestion\u00f3 con dureza el apriete del ministro de Econom\u00eda, Luis Caputo, a los legisladores nacionales y sus gobernadores, en&hellip;","og_url":"https:\/\/diariotextual.com\/inicio\/index.php\/2024\/01\/26\/sabarots-contra-el-apriete-de-caputo-que-lejos-estoy-de-este-cambio\/","og_site_name":"Diario Textual","article_publisher":"https:\/\/www.facebook.com\/eltextual","article_published_time":"2024-01-26T12:02:37+00:00","article_modified_time":"2024-01-27T16:17:10+00:00","og_image":[{"width":2048,"height":1365,"url":"https:\/\/diariotextual.com\/inicio\/wp-content\/uploads\/2021\/12\/sabarotsabel2021-2.jpg","type":"image\/jpeg"}],"author":"diario5","twitter_card":"summary_large_image","twitter_creator":"@eltextual","twitter_site":"@eltextual","twitter_misc":{"Escrito por":"diario5","Tiempo de lectura":"2 minutos"},"schema":{"@context":"https:\/\/schema.org","@graph":[{"@type":"Article","@id":"https:\/\/diariotextual.com\/inicio\/index.php\/2024\/01\/26\/sabarots-contra-el-apriete-de-caputo-que-lejos-estoy-de-este-cambio\/#article","isPartOf":{"@id":"https:\/\/diariotextual.com\/inicio\/index.php\/2024\/01\/26\/sabarots-contra-el-apriete-de-caputo-que-lejos-estoy-de-este-cambio\/"},"author":{"name":"diario5","@id":"https:\/\/diariotextual.com\/inicio\/#\/schema\/person\/c7834961ad8b29b1d9cdbf4571299067"},"headline":"Sabarots contra el apriete de Caputo: \u201cQu\u00e9 lejos estoy de este cambio\u201d","datePublished":"2024-01-26T12:02:37+00:00","dateModified":"2024-01-27T16:17:10+00:00","mainEntityOfPage":{"@id":"https:\/\/diariotextual.com\/inicio\/index.php\/2024\/01\/26\/sabarots-contra-el-apriete-de-caputo-que-lejos-estoy-de-este-cambio\/"},"wordCount":325,"publisher":{"@id":"https:\/\/diariotextual.com\/inicio\/#organization"},"image":{"@id":"https:\/\/diariotextual.com\/inicio\/index.php\/2024\/01\/26\/sabarots-contra-el-apriete-de-caputo-que-lejos-estoy-de-este-cambio\/#primaryimage"},"thumbnailUrl":"https:\/\/diariotextual.com\/inicio\/wp-content\/uploads\/2021\/12\/sabarotsabel2021-2.jpg","articleSection":["A - ES NOTICIA (van abajo)","POLITICA"],"inLanguage":"es"},{"@type":"WebPage","@id":"https:\/\/diariotextual.com\/inicio\/index.php\/2024\/01\/26\/sabarots-contra-el-apriete-de-caputo-que-lejos-estoy-de-este-cambio\/","url":"https:\/\/diariotextual.com\/inicio\/index.php\/2024\/01\/26\/sabarots-contra-el-apriete-de-caputo-que-lejos-estoy-de-este-cambio\/","name":"Sabarots contra el apriete de Caputo: \u201cQu\u00e9 lejos estoy de este cambio\u201d - Diario Textual","isPartOf":{"@id":"https:\/\/diariotextual.com\/inicio\/#website"},"primaryImageOfPage":{"@id":"https:\/\/diariotextual.com\/inicio\/index.php\/2024\/01\/26\/sabarots-contra-el-apriete-de-caputo-que-lejos-estoy-de-este-cambio\/#primaryimage"},"image":{"@id":"https:\/\/diariotextual.com\/inicio\/index.php\/2024\/01\/26\/sabarots-contra-el-apriete-de-caputo-que-lejos-estoy-de-este-cambio\/#primaryimage"},"thumbnailUrl":"https:\/\/diariotextual.com\/inicio\/wp-content\/uploads\/2021\/12\/sabarotsabel2021-2.jpg","datePublished":"2024-01-26T12:02:37+00:00","dateModified":"2024-01-27T16:17:10+00:00","breadcrumb":{"@id":"https:\/\/diariotextual.com\/inicio\/index.php\/2024\/01\/26\/sabarots-contra-el-apriete-de-caputo-que-lejos-estoy-de-este-cambio\/#breadcrumb"},"inLanguage":"es","potentialAction":[{"@type":"ReadAction","target":["https:\/\/diariotextual.com\/inicio\/index.php\/2024\/01\/26\/sabarots-contra-el-apriete-de-caputo-que-lejos-estoy-de-este-cambio\/"]}]},{"@type":"ImageObject","inLanguage":"es","@id":"https:\/\/diariotextual.com\/inicio\/index.php\/2024\/01\/26\/sabarots-contra-el-apriete-de-caputo-que-lejos-estoy-de-este-cambio\/#primaryimage","url":"https:\/\/diariotextual.com\/inicio\/wp-content\/uploads\/2021\/12\/sabarotsabel2021-2.jpg","contentUrl":"https:\/\/diariotextual.com\/inicio\/wp-content\/uploads\/2021\/12\/sabarotsabel2021-2.jpg","width":2048,"height":1365},{"@type":"BreadcrumbList","@id":"https:\/\/diariotextual.com\/inicio\/index.php\/2024\/01\/26\/sabarots-contra-el-apriete-de-caputo-que-lejos-estoy-de-este-cambio\/#breadcrumb","itemListElement":[{"@type":"ListItem","position":1,"name":"Portada","item":"https:\/\/diariotextual.com\/inicio\/"},{"@type":"ListItem","position":2,"name":"Sabarots contra el apriete de Caputo: \u201cQu\u00e9 lejos estoy de este cambio\u201d"}]},{"@type":"WebSite","@id":"https:\/\/diariotextual.com\/inicio\/#website","url":"https:\/\/diariotextual.com\/inicio\/","name":"Diario Textual","description":"","publisher":{"@id":"https:\/\/diariotextual.com\/inicio\/#organization"},"potentialAction":[{"@type":"SearchAction","target":{"@type":"EntryPoint","urlTemplate":"https:\/\/diariotextual.com\/inicio\/?s={search_term_string}"},"query-input":{"@type":"PropertyValueSpecification","valueRequired":true,"valueName":"search_term_string"}}],"inLanguage":"es"},{"@type":"Organization","@id":"https:\/\/diariotextual.com\/inicio\/#organization","name":"Diario Textual","url":"https:\/\/diariotextual.com\/inicio\/","logo":{"@type":"ImageObject","inLanguage":"es","@id":"https:\/\/diariotextual.com\/inicio\/#\/schema\/logo\/image\/","url":"https:\/\/diariotextual.com\/inicio\/wp-content\/uploads\/2023\/05\/logotextual1.jpg","contentUrl":"https:\/\/diariotextual.com\/inicio\/wp-content\/uploads\/2023\/05\/logotextual1.jpg","width":516,"height":76,"caption":"Diario Textual"},"image":{"@id":"https:\/\/diariotextual.com\/inicio\/#\/schema\/logo\/image\/"},"sameAs":["https:\/\/www.facebook.com\/eltextual","https:\/\/x.com\/eltextual","http:\/\/www.instagram.com\/eltextual"]},{"@type":"Person","@id":"https:\/\/diariotextual.com\/inicio\/#\/schema\/person\/c7834961ad8b29b1d9cdbf4571299067","name":"diario5","image":{"@type":"ImageObject","inLanguage":"es","@id":"https:\/\/secure.gravatar.com\/avatar\/948c893b847ca6df68216ead81b63f363408ec9b0f600fefc0641ce78613b111?s=96&d=mm&r=g","url":"https:\/\/secure.gravatar.com\/avatar\/948c893b847ca6df68216ead81b63f363408ec9b0f600fefc0641ce78613b111?s=96&d=mm&r=g","contentUrl":"https:\/\/secure.gravatar.com\/avatar\/948c893b847ca6df68216ead81b63f363408ec9b0f600fefc0641ce78613b111?s=96&d=mm&r=g","caption":"diario5"},"url":"https:\/\/diariotextual.com\/inicio\/index.php\/author\/diario5\/"}]}},"_links":{"self":[{"href":"https:\/\/diariotextual.com\/inicio\/index.php\/wp-json\/wp\/v2\/posts\/252152","targetHints":{"allow":["GET"]}}],"collection":[{"href":"https:\/\/diariotextual.com\/inicio\/index.php\/wp-json\/wp\/v2\/posts"}],"about":[{"href":"https:\/\/diariotextual.com\/inicio\/index.php\/wp-json\/wp\/v2\/types\/post"}],"author":[{"embeddable":true,"href":"https:\/\/diariotextual.com\/inicio\/index.php\/wp-json\/wp\/v2\/users\/7"}],"replies":[{"embeddable":true,"href":"https:\/\/diariotextual.com\/inicio\/index.php\/wp-json\/wp\/v2\/comments?post=252152"}],"version-history":[{"count":5,"href":"https:\/\/diariotextual.com\/inicio\/index.php\/wp-json\/wp\/v2\/posts\/252152\/revisions"}],"predecessor-version":[{"id":252164,"href":"https:\/\/diariotextual.com\/inicio\/index.php\/wp-json\/wp\/v2\/posts\/252152\/revisions\/252164"}],"wp:featuredmedia":[{"embeddable":true,"href":"https:\/\/diariotextual.com\/inicio\/index.php\/wp-json\/wp\/v2\/media\/173817"}],"wp:attachment":[{"href":"https:\/\/diariotextual.com\/inicio\/index.php\/wp-json\/wp\/v2\/media?parent=252152"}],"wp:term":[{"taxonomy":"category","embeddable":true,"href":"https:\/\/diariotextual.com\/inicio\/index.php\/wp-json\/wp\/v2\/categories?post=252152"},{"taxonomy":"post_tag","embeddable":true,"href":"https:\/\/diariotextual.com\/inicio\/index.php\/wp-json\/wp\/v2\/tags?post=252152"}],"curies":[{"name":"wp","href":"https:\/\/api.w.org\/{rel}","templated":true}]}}