{"id":252220,"date":"2024-01-26T14:28:20","date_gmt":"2024-01-26T17:28:20","guid":{"rendered":"https:\/\/diariotextual.com\/inicio\/?p=252220"},"modified":"2024-01-26T14:28:23","modified_gmt":"2024-01-26T17:28:23","slug":"pichetto-advirtio-al-gobierno-si-no-va-a-un-camino-de-coalicion-tendra-dificultades","status":"publish","type":"post","link":"https:\/\/diariotextual.com\/inicio\/index.php\/2024\/01\/26\/pichetto-advirtio-al-gobierno-si-no-va-a-un-camino-de-coalicion-tendra-dificultades\/","title":{"rendered":"Pichetto advirti\u00f3 al Gobierno: \u201cSi no va a un camino de coalici\u00f3n, tendr\u00e1 dificultades\u201d"},"content":{"rendered":"\n<p>El diputado nacional, Miguel \u00c1ngel Pichetto, recomend\u00f3 al oficialismo \u201cbajar un cambio \u00bb y \u201capostar por el di\u00e1logo\u201d. En ese sentido, pidi\u00f3 que acepte los cambios en materia de jubilaciones y retenciones en la ley \u00f3mnibus.<\/p>\n\n\n\n<p>En lo que representa un nuevo cap\u00edtulo del conflicto entre el Gobierno, la oposici\u00f3n y gobernadores por la ley \u00f3mnibus, el diputado nacional y presidente del bloque Hacemos Coalici\u00f3n Federal, Miguel \u00c1ngel Pichetto, volvi\u00f3 a criticar al oficialismo: \u201cSi no va a un camino de coalici\u00f3n, tendr\u00e1 dificultades\u201d.<\/p>\n\n\n\n<p>El presidente del nuevo bloque Hacemos Coalici\u00f3n Federal \u2013\u201cel bloque del qu\u00f3rum\u201d, seg\u00fan denominan dentro del recinto legislativo- critic\u00f3 al Gobierno de La Libertad Avanza (LLA) por la falta de fortalecimiento en el di\u00e1logo parlamentario y las alianzas: \u201cNo me asusta nada, lo que digo es que me parece que no es bueno para el pa\u00eds, hay que encontrar un sendero de di\u00e1logo positivo y salir de la agresi\u00f3n. Hay que reconstruir el di\u00e1logo con los gobernadores de manera sincera, que sirva para que tambi\u00e9n acompa\u00f1en una pol\u00edtica nacional y ellos no sientan que pierden capacidad de funcionamiento en sus provincias\u201d.<\/p>\n\n\n\n<p>\u201cSi el Gobierno en el corto plazo no va hacia un camino de coalici\u00f3n, tiene dificultades. As\u00ed no se puede funcionar los cuatro a\u00f1os. El Gobierno tiene un problema estructural, no tiene mayor\u00eda parlamentaria. Hay que tratar de dialogar, construir mayor\u00eda. No se puede ir ley por ley. Hay que trabajar en la construcci\u00f3n de mayor\u00eda parlamentaria para poder gobernar cuatro a\u00f1os\u201d, advirti\u00f3 Pichetto con relaci\u00f3n al futuro de la gesti\u00f3n de Milei.<\/p>\n\n\n\n<p>Las negociaciones por la ley \u00f3mnibus y las modificaciones irregulares en el dictamen de mayor\u00eda desataron una ola de cr\u00edticas por parte del arco pol\u00edtico. Pichetto, por su parte, aclar\u00f3 su accionar en las negociaciones y rechaz\u00f3 conversar con el asesor Federico Sturzenegger.<\/p>\n\n\n\n<p>\u201cLas reuniones que mantuve en relaci\u00f3n a la Ley \u00d3mnibus se han realizado de manera p\u00fablica, en el marco del bloque al que pertenezco y en el \u00e1mbito de la C\u00e1mara de Diputados. No tuve ni tendr\u00e9 ninguna reuni\u00f3n con el Sr. Sturzenegger porque no es funcionario de este gobierno\u201d, dijo a trav\u00e9s de su cuenta oficial en la plataforma X.<\/p>\n\n\n\n<p>En sus declaraciones radiales, Pichetto ahond\u00f3 en sus cr\u00edticas al redactor de la ley \u00f3mnibus: \u201cCree que puede venir cada cuatro a\u00f1os con soluciones m\u00e1gicas. Tiene un profundo desprecio por la pol\u00edtica, por el parlamento y por los abogados, No sabe nada de derechos, se puso a hacer correcciones de 300 leyes, una locura\u201d.<\/p>\n","protected":false},"excerpt":{"rendered":"<p>El diputado nacional, Miguel \u00c1ngel Pichetto, recomend\u00f3 al oficialismo \u201cbajar un cambio \u00bb y \u201capostar por el di\u00e1logo\u201d. En ese sentido, pidi\u00f3 que acepte los cambios en materia de jubilaciones&hellip;<\/p>\n","protected":false},"author":5,"featured_media":51754,"comment_status":"closed","ping_status":"open","sticky":false,"template":"","format":"standard","meta":{"_acf_changed":false,"footnotes":""},"categories":[1,8],"tags":[80,2016],"class_list":["post-252220","post","type-post","status-publish","format-standard","has-post-thumbnail","hentry","category-es-noticia","category-politica","tag-congreso","tag-pichetto"],"acf":[],"yoast_head":"<!-- This site is optimized with the Yoast SEO plugin v27.5 - https:\/\/yoast.com\/product\/yoast-seo-wordpress\/ -->\n<title>Pichetto advirti\u00f3 al Gobierno: \u201cSi no va a un camino de coalici\u00f3n, tendr\u00e1 dificultades\u201d - Diario Textual<\/title>\n<meta name=\"robots\" content=\"index, follow, max-snippet:-1, max-image-preview:large, max-video-preview:-1\" \/>\n<link rel=\"canonical\" href=\"https:\/\/diariotextual.com\/inicio\/index.php\/2024\/01\/26\/pichetto-advirtio-al-gobierno-si-no-va-a-un-camino-de-coalicion-tendra-dificultades\/\" \/>\n<meta property=\"og:locale\" content=\"es_ES\" \/>\n<meta property=\"og:type\" content=\"article\" \/>\n<meta property=\"og:title\" content=\"Pichetto advirti\u00f3 al Gobierno: \u201cSi no va a un camino de coalici\u00f3n, tendr\u00e1 dificultades\u201d - Diario Textual\" \/>\n<meta property=\"og:description\" content=\"El diputado nacional, Miguel \u00c1ngel Pichetto, recomend\u00f3 al oficialismo \u201cbajar un cambio \u00bb y \u201capostar por el di\u00e1logo\u201d. En ese sentido, pidi\u00f3 que acepte los cambios en materia de jubilaciones&hellip;\" \/>\n<meta property=\"og:url\" content=\"https:\/\/diariotextual.com\/inicio\/index.php\/2024\/01\/26\/pichetto-advirtio-al-gobierno-si-no-va-a-un-camino-de-coalicion-tendra-dificultades\/\" \/>\n<meta property=\"og:site_name\" content=\"Diario Textual\" \/>\n<meta property=\"article:publisher\" content=\"https:\/\/www.facebook.com\/eltextual\" \/>\n<meta property=\"article:published_time\" content=\"2024-01-26T17:28:20+00:00\" \/>\n<meta property=\"article:modified_time\" content=\"2024-01-26T17:28:23+00:00\" \/>\n<meta property=\"og:image\" content=\"https:\/\/diariotextual.com\/inicio\/wp-content\/uploads\/2019\/06\/pichettomiguel88888.jpg\" \/>\n\t<meta property=\"og:image:width\" content=\"1200\" \/>\n\t<meta property=\"og:image:height\" content=\"762\" \/>\n\t<meta property=\"og:image:type\" content=\"image\/jpeg\" \/>\n<meta name=\"author\" content=\"diario3\" \/>\n<meta name=\"twitter:card\" content=\"summary_large_image\" \/>\n<meta name=\"twitter:creator\" content=\"@eltextual\" \/>\n<meta name=\"twitter:site\" content=\"@eltextual\" \/>\n<meta name=\"twitter:label1\" content=\"Escrito por\" \/>\n\t<meta name=\"twitter:data1\" content=\"diario3\" \/>\n\t<meta name=\"twitter:label2\" content=\"Tiempo de lectura\" \/>\n\t<meta name=\"twitter:data2\" content=\"3 minutos\" \/>\n<script type=\"application\/ld+json\" class=\"yoast-schema-graph\">{\"@context\":\"https:\\\/\\\/schema.org\",\"@graph\":[{\"@type\":\"Article\",\"@id\":\"https:\\\/\\\/diariotextual.com\\\/inicio\\\/index.php\\\/2024\\\/01\\\/26\\\/pichetto-advirtio-al-gobierno-si-no-va-a-un-camino-de-coalicion-tendra-dificultades\\\/#article\",\"isPartOf\":{\"@id\":\"https:\\\/\\\/diariotextual.com\\\/inicio\\\/index.php\\\/2024\\\/01\\\/26\\\/pichetto-advirtio-al-gobierno-si-no-va-a-un-camino-de-coalicion-tendra-dificultades\\\/\"},\"author\":{\"name\":\"diario3\",\"@id\":\"https:\\\/\\\/diariotextual.com\\\/inicio\\\/#\\\/schema\\\/person\\\/a1b6f563e0ee944c60f98119389a4d9f\"},\"headline\":\"Pichetto advirti\u00f3 al Gobierno: \u201cSi no va a un camino de coalici\u00f3n, tendr\u00e1 dificultades\u201d\",\"datePublished\":\"2024-01-26T17:28:20+00:00\",\"dateModified\":\"2024-01-26T17:28:23+00:00\",\"mainEntityOfPage\":{\"@id\":\"https:\\\/\\\/diariotextual.com\\\/inicio\\\/index.php\\\/2024\\\/01\\\/26\\\/pichetto-advirtio-al-gobierno-si-no-va-a-un-camino-de-coalicion-tendra-dificultades\\\/\"},\"wordCount\":466,\"publisher\":{\"@id\":\"https:\\\/\\\/diariotextual.com\\\/inicio\\\/#organization\"},\"image\":{\"@id\":\"https:\\\/\\\/diariotextual.com\\\/inicio\\\/index.php\\\/2024\\\/01\\\/26\\\/pichetto-advirtio-al-gobierno-si-no-va-a-un-camino-de-coalicion-tendra-dificultades\\\/#primaryimage\"},\"thumbnailUrl\":\"https:\\\/\\\/diariotextual.com\\\/inicio\\\/wp-content\\\/uploads\\\/2019\\\/06\\\/pichettomiguel88888.jpg\",\"keywords\":[\"congreso\",\"pichetto\"],\"articleSection\":[\"A - ES NOTICIA (van abajo)\",\"POLITICA\"],\"inLanguage\":\"es\"},{\"@type\":\"WebPage\",\"@id\":\"https:\\\/\\\/diariotextual.com\\\/inicio\\\/index.php\\\/2024\\\/01\\\/26\\\/pichetto-advirtio-al-gobierno-si-no-va-a-un-camino-de-coalicion-tendra-dificultades\\\/\",\"url\":\"https:\\\/\\\/diariotextual.com\\\/inicio\\\/index.php\\\/2024\\\/01\\\/26\\\/pichetto-advirtio-al-gobierno-si-no-va-a-un-camino-de-coalicion-tendra-dificultades\\\/\",\"name\":\"Pichetto advirti\u00f3 al Gobierno: \u201cSi no va a un camino de coalici\u00f3n, tendr\u00e1 dificultades\u201d - Diario Textual\",\"isPartOf\":{\"@id\":\"https:\\\/\\\/diariotextual.com\\\/inicio\\\/#website\"},\"primaryImageOfPage\":{\"@id\":\"https:\\\/\\\/diariotextual.com\\\/inicio\\\/index.php\\\/2024\\\/01\\\/26\\\/pichetto-advirtio-al-gobierno-si-no-va-a-un-camino-de-coalicion-tendra-dificultades\\\/#primaryimage\"},\"image\":{\"@id\":\"https:\\\/\\\/diariotextual.com\\\/inicio\\\/index.php\\\/2024\\\/01\\\/26\\\/pichetto-advirtio-al-gobierno-si-no-va-a-un-camino-de-coalicion-tendra-dificultades\\\/#primaryimage\"},\"thumbnailUrl\":\"https:\\\/\\\/diariotextual.com\\\/inicio\\\/wp-content\\\/uploads\\\/2019\\\/06\\\/pichettomiguel88888.jpg\",\"datePublished\":\"2024-01-26T17:28:20+00:00\",\"dateModified\":\"2024-01-26T17:28:23+00:00\",\"breadcrumb\":{\"@id\":\"https:\\\/\\\/diariotextual.com\\\/inicio\\\/index.php\\\/2024\\\/01\\\/26\\\/pichetto-advirtio-al-gobierno-si-no-va-a-un-camino-de-coalicion-tendra-dificultades\\\/#breadcrumb\"},\"inLanguage\":\"es\",\"potentialAction\":[{\"@type\":\"ReadAction\",\"target\":[\"https:\\\/\\\/diariotextual.com\\\/inicio\\\/index.php\\\/2024\\\/01\\\/26\\\/pichetto-advirtio-al-gobierno-si-no-va-a-un-camino-de-coalicion-tendra-dificultades\\\/\"]}]},{\"@type\":\"ImageObject\",\"inLanguage\":\"es\",\"@id\":\"https:\\\/\\\/diariotextual.com\\\/inicio\\\/index.php\\\/2024\\\/01\\\/26\\\/pichetto-advirtio-al-gobierno-si-no-va-a-un-camino-de-coalicion-tendra-dificultades\\\/#primaryimage\",\"url\":\"https:\\\/\\\/diariotextual.com\\\/inicio\\\/wp-content\\\/uploads\\\/2019\\\/06\\\/pichettomiguel88888.jpg\",\"contentUrl\":\"https:\\\/\\\/diariotextual.com\\\/inicio\\\/wp-content\\\/uploads\\\/2019\\\/06\\\/pichettomiguel88888.jpg\",\"width\":1200,\"height\":762},{\"@type\":\"BreadcrumbList\",\"@id\":\"https:\\\/\\\/diariotextual.com\\\/inicio\\\/index.php\\\/2024\\\/01\\\/26\\\/pichetto-advirtio-al-gobierno-si-no-va-a-un-camino-de-coalicion-tendra-dificultades\\\/#breadcrumb\",\"itemListElement\":[{\"@type\":\"ListItem\",\"position\":1,\"name\":\"Portada\",\"item\":\"https:\\\/\\\/diariotextual.com\\\/inicio\\\/\"},{\"@type\":\"ListItem\",\"position\":2,\"name\":\"Pichetto advirti\u00f3 al Gobierno: \u201cSi no va a un camino de coalici\u00f3n, tendr\u00e1 dificultades\u201d\"}]},{\"@type\":\"WebSite\",\"@id\":\"https:\\\/\\\/diariotextual.com\\\/inicio\\\/#website\",\"url\":\"https:\\\/\\\/diariotextual.com\\\/inicio\\\/\",\"name\":\"Diario Textual\",\"description\":\"\",\"publisher\":{\"@id\":\"https:\\\/\\\/diariotextual.com\\\/inicio\\\/#organization\"},\"potentialAction\":[{\"@type\":\"SearchAction\",\"target\":{\"@type\":\"EntryPoint\",\"urlTemplate\":\"https:\\\/\\\/diariotextual.com\\\/inicio\\\/?s={search_term_string}\"},\"query-input\":{\"@type\":\"PropertyValueSpecification\",\"valueRequired\":true,\"valueName\":\"search_term_string\"}}],\"inLanguage\":\"es\"},{\"@type\":\"Organization\",\"@id\":\"https:\\\/\\\/diariotextual.com\\\/inicio\\\/#organization\",\"name\":\"Diario Textual\",\"url\":\"https:\\\/\\\/diariotextual.com\\\/inicio\\\/\",\"logo\":{\"@type\":\"ImageObject\",\"inLanguage\":\"es\",\"@id\":\"https:\\\/\\\/diariotextual.com\\\/inicio\\\/#\\\/schema\\\/logo\\\/image\\\/\",\"url\":\"https:\\\/\\\/diariotextual.com\\\/inicio\\\/wp-content\\\/uploads\\\/2023\\\/05\\\/logotextual1.jpg\",\"contentUrl\":\"https:\\\/\\\/diariotextual.com\\\/inicio\\\/wp-content\\\/uploads\\\/2023\\\/05\\\/logotextual1.jpg\",\"width\":516,\"height\":76,\"caption\":\"Diario Textual\"},\"image\":{\"@id\":\"https:\\\/\\\/diariotextual.com\\\/inicio\\\/#\\\/schema\\\/logo\\\/image\\\/\"},\"sameAs\":[\"https:\\\/\\\/www.facebook.com\\\/eltextual\",\"https:\\\/\\\/x.com\\\/eltextual\",\"http:\\\/\\\/www.instagram.com\\\/eltextual\"]},{\"@type\":\"Person\",\"@id\":\"https:\\\/\\\/diariotextual.com\\\/inicio\\\/#\\\/schema\\\/person\\\/a1b6f563e0ee944c60f98119389a4d9f\",\"name\":\"diario3\",\"image\":{\"@type\":\"ImageObject\",\"inLanguage\":\"es\",\"@id\":\"https:\\\/\\\/secure.gravatar.com\\\/avatar\\\/5e7ee62c82fc04d9dd79d746a390d93c69c43223e5faeeb3ea9461ef752bfc5d?s=96&d=mm&r=g\",\"url\":\"https:\\\/\\\/secure.gravatar.com\\\/avatar\\\/5e7ee62c82fc04d9dd79d746a390d93c69c43223e5faeeb3ea9461ef752bfc5d?s=96&d=mm&r=g\",\"contentUrl\":\"https:\\\/\\\/secure.gravatar.com\\\/avatar\\\/5e7ee62c82fc04d9dd79d746a390d93c69c43223e5faeeb3ea9461ef752bfc5d?s=96&d=mm&r=g\",\"caption\":\"diario3\"},\"url\":\"https:\\\/\\\/diariotextual.com\\\/inicio\\\/index.php\\\/author\\\/diario3\\\/\"}]}<\/script>\n<!-- \/ Yoast SEO plugin. -->","yoast_head_json":{"title":"Pichetto advirti\u00f3 al Gobierno: \u201cSi no va a un camino de coalici\u00f3n, tendr\u00e1 dificultades\u201d - Diario Textual","robots":{"index":"index","follow":"follow","max-snippet":"max-snippet:-1","max-image-preview":"max-image-preview:large","max-video-preview":"max-video-preview:-1"},"canonical":"https:\/\/diariotextual.com\/inicio\/index.php\/2024\/01\/26\/pichetto-advirtio-al-gobierno-si-no-va-a-un-camino-de-coalicion-tendra-dificultades\/","og_locale":"es_ES","og_type":"article","og_title":"Pichetto advirti\u00f3 al Gobierno: \u201cSi no va a un camino de coalici\u00f3n, tendr\u00e1 dificultades\u201d - Diario Textual","og_description":"El diputado nacional, Miguel \u00c1ngel Pichetto, recomend\u00f3 al oficialismo \u201cbajar un cambio \u00bb y \u201capostar por el di\u00e1logo\u201d. En ese sentido, pidi\u00f3 que acepte los cambios en materia de jubilaciones&hellip;","og_url":"https:\/\/diariotextual.com\/inicio\/index.php\/2024\/01\/26\/pichetto-advirtio-al-gobierno-si-no-va-a-un-camino-de-coalicion-tendra-dificultades\/","og_site_name":"Diario Textual","article_publisher":"https:\/\/www.facebook.com\/eltextual","article_published_time":"2024-01-26T17:28:20+00:00","article_modified_time":"2024-01-26T17:28:23+00:00","og_image":[{"width":1200,"height":762,"url":"https:\/\/diariotextual.com\/inicio\/wp-content\/uploads\/2019\/06\/pichettomiguel88888.jpg","type":"image\/jpeg"}],"author":"diario3","twitter_card":"summary_large_image","twitter_creator":"@eltextual","twitter_site":"@eltextual","twitter_misc":{"Escrito por":"diario3","Tiempo de lectura":"3 minutos"},"schema":{"@context":"https:\/\/schema.org","@graph":[{"@type":"Article","@id":"https:\/\/diariotextual.com\/inicio\/index.php\/2024\/01\/26\/pichetto-advirtio-al-gobierno-si-no-va-a-un-camino-de-coalicion-tendra-dificultades\/#article","isPartOf":{"@id":"https:\/\/diariotextual.com\/inicio\/index.php\/2024\/01\/26\/pichetto-advirtio-al-gobierno-si-no-va-a-un-camino-de-coalicion-tendra-dificultades\/"},"author":{"name":"diario3","@id":"https:\/\/diariotextual.com\/inicio\/#\/schema\/person\/a1b6f563e0ee944c60f98119389a4d9f"},"headline":"Pichetto advirti\u00f3 al Gobierno: \u201cSi no va a un camino de coalici\u00f3n, tendr\u00e1 dificultades\u201d","datePublished":"2024-01-26T17:28:20+00:00","dateModified":"2024-01-26T17:28:23+00:00","mainEntityOfPage":{"@id":"https:\/\/diariotextual.com\/inicio\/index.php\/2024\/01\/26\/pichetto-advirtio-al-gobierno-si-no-va-a-un-camino-de-coalicion-tendra-dificultades\/"},"wordCount":466,"publisher":{"@id":"https:\/\/diariotextual.com\/inicio\/#organization"},"image":{"@id":"https:\/\/diariotextual.com\/inicio\/index.php\/2024\/01\/26\/pichetto-advirtio-al-gobierno-si-no-va-a-un-camino-de-coalicion-tendra-dificultades\/#primaryimage"},"thumbnailUrl":"https:\/\/diariotextual.com\/inicio\/wp-content\/uploads\/2019\/06\/pichettomiguel88888.jpg","keywords":["congreso","pichetto"],"articleSection":["A - ES NOTICIA (van abajo)","POLITICA"],"inLanguage":"es"},{"@type":"WebPage","@id":"https:\/\/diariotextual.com\/inicio\/index.php\/2024\/01\/26\/pichetto-advirtio-al-gobierno-si-no-va-a-un-camino-de-coalicion-tendra-dificultades\/","url":"https:\/\/diariotextual.com\/inicio\/index.php\/2024\/01\/26\/pichetto-advirtio-al-gobierno-si-no-va-a-un-camino-de-coalicion-tendra-dificultades\/","name":"Pichetto advirti\u00f3 al Gobierno: \u201cSi no va a un camino de coalici\u00f3n, tendr\u00e1 dificultades\u201d - Diario Textual","isPartOf":{"@id":"https:\/\/diariotextual.com\/inicio\/#website"},"primaryImageOfPage":{"@id":"https:\/\/diariotextual.com\/inicio\/index.php\/2024\/01\/26\/pichetto-advirtio-al-gobierno-si-no-va-a-un-camino-de-coalicion-tendra-dificultades\/#primaryimage"},"image":{"@id":"https:\/\/diariotextual.com\/inicio\/index.php\/2024\/01\/26\/pichetto-advirtio-al-gobierno-si-no-va-a-un-camino-de-coalicion-tendra-dificultades\/#primaryimage"},"thumbnailUrl":"https:\/\/diariotextual.com\/inicio\/wp-content\/uploads\/2019\/06\/pichettomiguel88888.jpg","datePublished":"2024-01-26T17:28:20+00:00","dateModified":"2024-01-26T17:28:23+00:00","breadcrumb":{"@id":"https:\/\/diariotextual.com\/inicio\/index.php\/2024\/01\/26\/pichetto-advirtio-al-gobierno-si-no-va-a-un-camino-de-coalicion-tendra-dificultades\/#breadcrumb"},"inLanguage":"es","potentialAction":[{"@type":"ReadAction","target":["https:\/\/diariotextual.com\/inicio\/index.php\/2024\/01\/26\/pichetto-advirtio-al-gobierno-si-no-va-a-un-camino-de-coalicion-tendra-dificultades\/"]}]},{"@type":"ImageObject","inLanguage":"es","@id":"https:\/\/diariotextual.com\/inicio\/index.php\/2024\/01\/26\/pichetto-advirtio-al-gobierno-si-no-va-a-un-camino-de-coalicion-tendra-dificultades\/#primaryimage","url":"https:\/\/diariotextual.com\/inicio\/wp-content\/uploads\/2019\/06\/pichettomiguel88888.jpg","contentUrl":"https:\/\/diariotextual.com\/inicio\/wp-content\/uploads\/2019\/06\/pichettomiguel88888.jpg","width":1200,"height":762},{"@type":"BreadcrumbList","@id":"https:\/\/diariotextual.com\/inicio\/index.php\/2024\/01\/26\/pichetto-advirtio-al-gobierno-si-no-va-a-un-camino-de-coalicion-tendra-dificultades\/#breadcrumb","itemListElement":[{"@type":"ListItem","position":1,"name":"Portada","item":"https:\/\/diariotextual.com\/inicio\/"},{"@type":"ListItem","position":2,"name":"Pichetto advirti\u00f3 al Gobierno: \u201cSi no va a un camino de coalici\u00f3n, tendr\u00e1 dificultades\u201d"}]},{"@type":"WebSite","@id":"https:\/\/diariotextual.com\/inicio\/#website","url":"https:\/\/diariotextual.com\/inicio\/","name":"Diario Textual","description":"","publisher":{"@id":"https:\/\/diariotextual.com\/inicio\/#organization"},"potentialAction":[{"@type":"SearchAction","target":{"@type":"EntryPoint","urlTemplate":"https:\/\/diariotextual.com\/inicio\/?s={search_term_string}"},"query-input":{"@type":"PropertyValueSpecification","valueRequired":true,"valueName":"search_term_string"}}],"inLanguage":"es"},{"@type":"Organization","@id":"https:\/\/diariotextual.com\/inicio\/#organization","name":"Diario Textual","url":"https:\/\/diariotextual.com\/inicio\/","logo":{"@type":"ImageObject","inLanguage":"es","@id":"https:\/\/diariotextual.com\/inicio\/#\/schema\/logo\/image\/","url":"https:\/\/diariotextual.com\/inicio\/wp-content\/uploads\/2023\/05\/logotextual1.jpg","contentUrl":"https:\/\/diariotextual.com\/inicio\/wp-content\/uploads\/2023\/05\/logotextual1.jpg","width":516,"height":76,"caption":"Diario Textual"},"image":{"@id":"https:\/\/diariotextual.com\/inicio\/#\/schema\/logo\/image\/"},"sameAs":["https:\/\/www.facebook.com\/eltextual","https:\/\/x.com\/eltextual","http:\/\/www.instagram.com\/eltextual"]},{"@type":"Person","@id":"https:\/\/diariotextual.com\/inicio\/#\/schema\/person\/a1b6f563e0ee944c60f98119389a4d9f","name":"diario3","image":{"@type":"ImageObject","inLanguage":"es","@id":"https:\/\/secure.gravatar.com\/avatar\/5e7ee62c82fc04d9dd79d746a390d93c69c43223e5faeeb3ea9461ef752bfc5d?s=96&d=mm&r=g","url":"https:\/\/secure.gravatar.com\/avatar\/5e7ee62c82fc04d9dd79d746a390d93c69c43223e5faeeb3ea9461ef752bfc5d?s=96&d=mm&r=g","contentUrl":"https:\/\/secure.gravatar.com\/avatar\/5e7ee62c82fc04d9dd79d746a390d93c69c43223e5faeeb3ea9461ef752bfc5d?s=96&d=mm&r=g","caption":"diario3"},"url":"https:\/\/diariotextual.com\/inicio\/index.php\/author\/diario3\/"}]}},"_links":{"self":[{"href":"https:\/\/diariotextual.com\/inicio\/index.php\/wp-json\/wp\/v2\/posts\/252220","targetHints":{"allow":["GET"]}}],"collection":[{"href":"https:\/\/diariotextual.com\/inicio\/index.php\/wp-json\/wp\/v2\/posts"}],"about":[{"href":"https:\/\/diariotextual.com\/inicio\/index.php\/wp-json\/wp\/v2\/types\/post"}],"author":[{"embeddable":true,"href":"https:\/\/diariotextual.com\/inicio\/index.php\/wp-json\/wp\/v2\/users\/5"}],"replies":[{"embeddable":true,"href":"https:\/\/diariotextual.com\/inicio\/index.php\/wp-json\/wp\/v2\/comments?post=252220"}],"version-history":[{"count":1,"href":"https:\/\/diariotextual.com\/inicio\/index.php\/wp-json\/wp\/v2\/posts\/252220\/revisions"}],"predecessor-version":[{"id":252221,"href":"https:\/\/diariotextual.com\/inicio\/index.php\/wp-json\/wp\/v2\/posts\/252220\/revisions\/252221"}],"wp:featuredmedia":[{"embeddable":true,"href":"https:\/\/diariotextual.com\/inicio\/index.php\/wp-json\/wp\/v2\/media\/51754"}],"wp:attachment":[{"href":"https:\/\/diariotextual.com\/inicio\/index.php\/wp-json\/wp\/v2\/media?parent=252220"}],"wp:term":[{"taxonomy":"category","embeddable":true,"href":"https:\/\/diariotextual.com\/inicio\/index.php\/wp-json\/wp\/v2\/categories?post=252220"},{"taxonomy":"post_tag","embeddable":true,"href":"https:\/\/diariotextual.com\/inicio\/index.php\/wp-json\/wp\/v2\/tags?post=252220"}],"curies":[{"name":"wp","href":"https:\/\/api.w.org\/{rel}","templated":true}]}}