{"id":252222,"date":"2024-01-26T16:16:17","date_gmt":"2024-01-26T19:16:17","guid":{"rendered":"https:\/\/diariotextual.com\/inicio\/?p=252222"},"modified":"2024-01-26T19:43:58","modified_gmt":"2024-01-26T22:43:58","slug":"di-napoli-y-el-pro-vida-verano-este-es-el-modelo-de-estado-que-defiende-la-pampa","status":"publish","type":"post","link":"https:\/\/diariotextual.com\/inicio\/index.php\/2024\/01\/26\/di-napoli-y-el-pro-vida-verano-este-es-el-modelo-de-estado-que-defiende-la-pampa\/","title":{"rendered":"Di N\u00e1poli y el Pro Vida Verano: \u201cEste es el modelo de Estado que defiende La Pampa\u201d"},"content":{"rendered":"\n<p>El intendente de Santa Rosa, Luciano di N\u00e1poli, recorri\u00f3 los distintos centros en los que se est\u00e1 llevando a cabo el <strong>Pro Vida Verano 2024, junto al ministro de Desarrollo Social y DDHH, Diego \u00c1lvarez.<\/strong><\/p>\n\n\n\n<p>\u201cEstamos <strong>muy contentos con el desarrollo de esta pol\u00edtica p\u00fablica tan significativa y emblem\u00e1tica de nuestra provincia que cuenta ya con 30 a\u00f1os de existencia por decisi\u00f3n pol\u00edtica de gobiernos peronistas<\/strong>\u201d, destac\u00f3. El itinerario comenz\u00f3 en el<strong> Prado Espa\u00f1ol y continu\u00f3 en el predio del Parque Recreativo Don Tom\u00e1s.<\/strong><\/p>\n\n\n\n<p>\u201cEs una <strong>muestra concreta de un Estado presente que promueve igualdad de oportunidades<\/strong>, inclusi\u00f3n y una mejor calidad de vida para la ciudadan\u00eda en su conjunto\u201d, agreg\u00f3 el mandatario municipal.<\/p>\n\n\n\n<p>Ayer, en el marco del programa \u201cDespu\u00e9s de Hora\u201d, el jefe comunal realiz\u00f3 una jornada de trabajo junto al ministro de Desarrollo Social y DDHH, Diego \u00c1lvarez, el ministro de Gobierno y Asuntos Municipales, Pascual Fern\u00e1ndez y la ministra de Educaci\u00f3n, Marcela Feuerschvenger.<\/p>\n\n\n\n<p>Recorrieron el predio del club San Mart\u00edn y la Escuela del barrio Santa Mar\u00eda, dos de las sedes en las que se est\u00e1n implementando este programa que incluye el desarrollo de actividades culturales, sociales, deportivas y art\u00edsticas para infancias, adolescencias y familias de la capital pampeana.<\/p>\n\n\n\n<p>El objetivo es reconstruir y fortalecer v\u00ednculos comunitarios como forma de dar respuesta al complejo contexto socioecon\u00f3mico que atraviesa nuestro pa\u00eds, detall\u00f3 el municipio santarrose\u00f1o.<\/p>\n","protected":false},"excerpt":{"rendered":"<p>El intendente de Santa Rosa, Luciano di N\u00e1poli, recorri\u00f3 los distintos centros en los que se est\u00e1 llevando a cabo el Pro Vida Verano 2024, junto al ministro de Desarrollo&hellip;<\/p>\n","protected":false},"author":5,"featured_media":252223,"comment_status":"closed","ping_status":"open","sticky":false,"template":"","format":"standard","meta":{"_acf_changed":false,"footnotes":""},"categories":[1,8],"tags":[836,1395],"class_list":["post-252222","post","type-post","status-publish","format-standard","has-post-thumbnail","hentry","category-es-noticia","category-politica","tag-di-napoli","tag-pro-vida"],"acf":[],"yoast_head":"<!-- This site is optimized with the Yoast SEO plugin v27.5 - https:\/\/yoast.com\/product\/yoast-seo-wordpress\/ -->\n<title>Di N\u00e1poli y el Pro Vida Verano: \u201cEste es el modelo de Estado que defiende La Pampa\u201d - Diario Textual<\/title>\n<meta name=\"robots\" content=\"index, follow, max-snippet:-1, max-image-preview:large, max-video-preview:-1\" \/>\n<link rel=\"canonical\" href=\"https:\/\/diariotextual.com\/inicio\/index.php\/2024\/01\/26\/di-napoli-y-el-pro-vida-verano-este-es-el-modelo-de-estado-que-defiende-la-pampa\/\" \/>\n<meta property=\"og:locale\" content=\"es_ES\" \/>\n<meta property=\"og:type\" content=\"article\" \/>\n<meta property=\"og:title\" content=\"Di N\u00e1poli y el Pro Vida Verano: \u201cEste es el modelo de Estado que defiende La Pampa\u201d - Diario Textual\" \/>\n<meta property=\"og:description\" content=\"El intendente de Santa Rosa, Luciano di N\u00e1poli, recorri\u00f3 los distintos centros en los que se est\u00e1 llevando a cabo el Pro Vida Verano 2024, junto al ministro de Desarrollo&hellip;\" \/>\n<meta property=\"og:url\" content=\"https:\/\/diariotextual.com\/inicio\/index.php\/2024\/01\/26\/di-napoli-y-el-pro-vida-verano-este-es-el-modelo-de-estado-que-defiende-la-pampa\/\" \/>\n<meta property=\"og:site_name\" content=\"Diario Textual\" \/>\n<meta property=\"article:publisher\" content=\"https:\/\/www.facebook.com\/eltextual\" \/>\n<meta property=\"article:published_time\" content=\"2024-01-26T19:16:17+00:00\" \/>\n<meta property=\"article:modified_time\" content=\"2024-01-26T22:43:58+00:00\" \/>\n<meta property=\"og:image\" content=\"https:\/\/diariotextual.com\/inicio\/wp-content\/uploads\/2024\/01\/dinapolialvarezdiego2024.webp\" \/>\n\t<meta property=\"og:image:width\" content=\"800\" \/>\n\t<meta property=\"og:image:height\" content=\"662\" \/>\n\t<meta property=\"og:image:type\" content=\"image\/webp\" \/>\n<meta name=\"author\" content=\"diario3\" \/>\n<meta name=\"twitter:card\" content=\"summary_large_image\" \/>\n<meta name=\"twitter:creator\" content=\"@eltextual\" \/>\n<meta name=\"twitter:site\" content=\"@eltextual\" \/>\n<meta name=\"twitter:label1\" content=\"Escrito por\" \/>\n\t<meta name=\"twitter:data1\" content=\"diario3\" \/>\n\t<meta name=\"twitter:label2\" content=\"Tiempo de lectura\" \/>\n\t<meta name=\"twitter:data2\" content=\"2 minutos\" \/>\n<script type=\"application\/ld+json\" class=\"yoast-schema-graph\">{\"@context\":\"https:\\\/\\\/schema.org\",\"@graph\":[{\"@type\":\"Article\",\"@id\":\"https:\\\/\\\/diariotextual.com\\\/inicio\\\/index.php\\\/2024\\\/01\\\/26\\\/di-napoli-y-el-pro-vida-verano-este-es-el-modelo-de-estado-que-defiende-la-pampa\\\/#article\",\"isPartOf\":{\"@id\":\"https:\\\/\\\/diariotextual.com\\\/inicio\\\/index.php\\\/2024\\\/01\\\/26\\\/di-napoli-y-el-pro-vida-verano-este-es-el-modelo-de-estado-que-defiende-la-pampa\\\/\"},\"author\":{\"name\":\"diario3\",\"@id\":\"https:\\\/\\\/diariotextual.com\\\/inicio\\\/#\\\/schema\\\/person\\\/a1b6f563e0ee944c60f98119389a4d9f\"},\"headline\":\"Di N\u00e1poli y el Pro Vida Verano: \u201cEste es el modelo de Estado que defiende La Pampa\u201d\",\"datePublished\":\"2024-01-26T19:16:17+00:00\",\"dateModified\":\"2024-01-26T22:43:58+00:00\",\"mainEntityOfPage\":{\"@id\":\"https:\\\/\\\/diariotextual.com\\\/inicio\\\/index.php\\\/2024\\\/01\\\/26\\\/di-napoli-y-el-pro-vida-verano-este-es-el-modelo-de-estado-que-defiende-la-pampa\\\/\"},\"wordCount\":266,\"publisher\":{\"@id\":\"https:\\\/\\\/diariotextual.com\\\/inicio\\\/#organization\"},\"image\":{\"@id\":\"https:\\\/\\\/diariotextual.com\\\/inicio\\\/index.php\\\/2024\\\/01\\\/26\\\/di-napoli-y-el-pro-vida-verano-este-es-el-modelo-de-estado-que-defiende-la-pampa\\\/#primaryimage\"},\"thumbnailUrl\":\"https:\\\/\\\/diariotextual.com\\\/inicio\\\/wp-content\\\/uploads\\\/2024\\\/01\\\/dinapolialvarezdiego2024.webp\",\"keywords\":[\"di napoli\",\"Pro Vida\"],\"articleSection\":[\"A - ES NOTICIA (van abajo)\",\"POLITICA\"],\"inLanguage\":\"es\"},{\"@type\":\"WebPage\",\"@id\":\"https:\\\/\\\/diariotextual.com\\\/inicio\\\/index.php\\\/2024\\\/01\\\/26\\\/di-napoli-y-el-pro-vida-verano-este-es-el-modelo-de-estado-que-defiende-la-pampa\\\/\",\"url\":\"https:\\\/\\\/diariotextual.com\\\/inicio\\\/index.php\\\/2024\\\/01\\\/26\\\/di-napoli-y-el-pro-vida-verano-este-es-el-modelo-de-estado-que-defiende-la-pampa\\\/\",\"name\":\"Di N\u00e1poli y el Pro Vida Verano: \u201cEste es el modelo de Estado que defiende La Pampa\u201d - Diario Textual\",\"isPartOf\":{\"@id\":\"https:\\\/\\\/diariotextual.com\\\/inicio\\\/#website\"},\"primaryImageOfPage\":{\"@id\":\"https:\\\/\\\/diariotextual.com\\\/inicio\\\/index.php\\\/2024\\\/01\\\/26\\\/di-napoli-y-el-pro-vida-verano-este-es-el-modelo-de-estado-que-defiende-la-pampa\\\/#primaryimage\"},\"image\":{\"@id\":\"https:\\\/\\\/diariotextual.com\\\/inicio\\\/index.php\\\/2024\\\/01\\\/26\\\/di-napoli-y-el-pro-vida-verano-este-es-el-modelo-de-estado-que-defiende-la-pampa\\\/#primaryimage\"},\"thumbnailUrl\":\"https:\\\/\\\/diariotextual.com\\\/inicio\\\/wp-content\\\/uploads\\\/2024\\\/01\\\/dinapolialvarezdiego2024.webp\",\"datePublished\":\"2024-01-26T19:16:17+00:00\",\"dateModified\":\"2024-01-26T22:43:58+00:00\",\"breadcrumb\":{\"@id\":\"https:\\\/\\\/diariotextual.com\\\/inicio\\\/index.php\\\/2024\\\/01\\\/26\\\/di-napoli-y-el-pro-vida-verano-este-es-el-modelo-de-estado-que-defiende-la-pampa\\\/#breadcrumb\"},\"inLanguage\":\"es\",\"potentialAction\":[{\"@type\":\"ReadAction\",\"target\":[\"https:\\\/\\\/diariotextual.com\\\/inicio\\\/index.php\\\/2024\\\/01\\\/26\\\/di-napoli-y-el-pro-vida-verano-este-es-el-modelo-de-estado-que-defiende-la-pampa\\\/\"]}]},{\"@type\":\"ImageObject\",\"inLanguage\":\"es\",\"@id\":\"https:\\\/\\\/diariotextual.com\\\/inicio\\\/index.php\\\/2024\\\/01\\\/26\\\/di-napoli-y-el-pro-vida-verano-este-es-el-modelo-de-estado-que-defiende-la-pampa\\\/#primaryimage\",\"url\":\"https:\\\/\\\/diariotextual.com\\\/inicio\\\/wp-content\\\/uploads\\\/2024\\\/01\\\/dinapolialvarezdiego2024.webp\",\"contentUrl\":\"https:\\\/\\\/diariotextual.com\\\/inicio\\\/wp-content\\\/uploads\\\/2024\\\/01\\\/dinapolialvarezdiego2024.webp\",\"width\":800,\"height\":662},{\"@type\":\"BreadcrumbList\",\"@id\":\"https:\\\/\\\/diariotextual.com\\\/inicio\\\/index.php\\\/2024\\\/01\\\/26\\\/di-napoli-y-el-pro-vida-verano-este-es-el-modelo-de-estado-que-defiende-la-pampa\\\/#breadcrumb\",\"itemListElement\":[{\"@type\":\"ListItem\",\"position\":1,\"name\":\"Portada\",\"item\":\"https:\\\/\\\/diariotextual.com\\\/inicio\\\/\"},{\"@type\":\"ListItem\",\"position\":2,\"name\":\"Di N\u00e1poli y el Pro Vida Verano: \u201cEste es el modelo de Estado que defiende La Pampa\u201d\"}]},{\"@type\":\"WebSite\",\"@id\":\"https:\\\/\\\/diariotextual.com\\\/inicio\\\/#website\",\"url\":\"https:\\\/\\\/diariotextual.com\\\/inicio\\\/\",\"name\":\"Diario Textual\",\"description\":\"\",\"publisher\":{\"@id\":\"https:\\\/\\\/diariotextual.com\\\/inicio\\\/#organization\"},\"potentialAction\":[{\"@type\":\"SearchAction\",\"target\":{\"@type\":\"EntryPoint\",\"urlTemplate\":\"https:\\\/\\\/diariotextual.com\\\/inicio\\\/?s={search_term_string}\"},\"query-input\":{\"@type\":\"PropertyValueSpecification\",\"valueRequired\":true,\"valueName\":\"search_term_string\"}}],\"inLanguage\":\"es\"},{\"@type\":\"Organization\",\"@id\":\"https:\\\/\\\/diariotextual.com\\\/inicio\\\/#organization\",\"name\":\"Diario Textual\",\"url\":\"https:\\\/\\\/diariotextual.com\\\/inicio\\\/\",\"logo\":{\"@type\":\"ImageObject\",\"inLanguage\":\"es\",\"@id\":\"https:\\\/\\\/diariotextual.com\\\/inicio\\\/#\\\/schema\\\/logo\\\/image\\\/\",\"url\":\"https:\\\/\\\/diariotextual.com\\\/inicio\\\/wp-content\\\/uploads\\\/2023\\\/05\\\/logotextual1.jpg\",\"contentUrl\":\"https:\\\/\\\/diariotextual.com\\\/inicio\\\/wp-content\\\/uploads\\\/2023\\\/05\\\/logotextual1.jpg\",\"width\":516,\"height\":76,\"caption\":\"Diario Textual\"},\"image\":{\"@id\":\"https:\\\/\\\/diariotextual.com\\\/inicio\\\/#\\\/schema\\\/logo\\\/image\\\/\"},\"sameAs\":[\"https:\\\/\\\/www.facebook.com\\\/eltextual\",\"https:\\\/\\\/x.com\\\/eltextual\",\"http:\\\/\\\/www.instagram.com\\\/eltextual\"]},{\"@type\":\"Person\",\"@id\":\"https:\\\/\\\/diariotextual.com\\\/inicio\\\/#\\\/schema\\\/person\\\/a1b6f563e0ee944c60f98119389a4d9f\",\"name\":\"diario3\",\"image\":{\"@type\":\"ImageObject\",\"inLanguage\":\"es\",\"@id\":\"https:\\\/\\\/secure.gravatar.com\\\/avatar\\\/5e7ee62c82fc04d9dd79d746a390d93c69c43223e5faeeb3ea9461ef752bfc5d?s=96&d=mm&r=g\",\"url\":\"https:\\\/\\\/secure.gravatar.com\\\/avatar\\\/5e7ee62c82fc04d9dd79d746a390d93c69c43223e5faeeb3ea9461ef752bfc5d?s=96&d=mm&r=g\",\"contentUrl\":\"https:\\\/\\\/secure.gravatar.com\\\/avatar\\\/5e7ee62c82fc04d9dd79d746a390d93c69c43223e5faeeb3ea9461ef752bfc5d?s=96&d=mm&r=g\",\"caption\":\"diario3\"},\"url\":\"https:\\\/\\\/diariotextual.com\\\/inicio\\\/index.php\\\/author\\\/diario3\\\/\"}]}<\/script>\n<!-- \/ Yoast SEO plugin. -->","yoast_head_json":{"title":"Di N\u00e1poli y el Pro Vida Verano: \u201cEste es el modelo de Estado que defiende La Pampa\u201d - Diario Textual","robots":{"index":"index","follow":"follow","max-snippet":"max-snippet:-1","max-image-preview":"max-image-preview:large","max-video-preview":"max-video-preview:-1"},"canonical":"https:\/\/diariotextual.com\/inicio\/index.php\/2024\/01\/26\/di-napoli-y-el-pro-vida-verano-este-es-el-modelo-de-estado-que-defiende-la-pampa\/","og_locale":"es_ES","og_type":"article","og_title":"Di N\u00e1poli y el Pro Vida Verano: \u201cEste es el modelo de Estado que defiende La Pampa\u201d - Diario Textual","og_description":"El intendente de Santa Rosa, Luciano di N\u00e1poli, recorri\u00f3 los distintos centros en los que se est\u00e1 llevando a cabo el Pro Vida Verano 2024, junto al ministro de Desarrollo&hellip;","og_url":"https:\/\/diariotextual.com\/inicio\/index.php\/2024\/01\/26\/di-napoli-y-el-pro-vida-verano-este-es-el-modelo-de-estado-que-defiende-la-pampa\/","og_site_name":"Diario Textual","article_publisher":"https:\/\/www.facebook.com\/eltextual","article_published_time":"2024-01-26T19:16:17+00:00","article_modified_time":"2024-01-26T22:43:58+00:00","og_image":[{"width":800,"height":662,"url":"https:\/\/diariotextual.com\/inicio\/wp-content\/uploads\/2024\/01\/dinapolialvarezdiego2024.webp","type":"image\/webp"}],"author":"diario3","twitter_card":"summary_large_image","twitter_creator":"@eltextual","twitter_site":"@eltextual","twitter_misc":{"Escrito por":"diario3","Tiempo de lectura":"2 minutos"},"schema":{"@context":"https:\/\/schema.org","@graph":[{"@type":"Article","@id":"https:\/\/diariotextual.com\/inicio\/index.php\/2024\/01\/26\/di-napoli-y-el-pro-vida-verano-este-es-el-modelo-de-estado-que-defiende-la-pampa\/#article","isPartOf":{"@id":"https:\/\/diariotextual.com\/inicio\/index.php\/2024\/01\/26\/di-napoli-y-el-pro-vida-verano-este-es-el-modelo-de-estado-que-defiende-la-pampa\/"},"author":{"name":"diario3","@id":"https:\/\/diariotextual.com\/inicio\/#\/schema\/person\/a1b6f563e0ee944c60f98119389a4d9f"},"headline":"Di N\u00e1poli y el Pro Vida Verano: \u201cEste es el modelo de Estado que defiende La Pampa\u201d","datePublished":"2024-01-26T19:16:17+00:00","dateModified":"2024-01-26T22:43:58+00:00","mainEntityOfPage":{"@id":"https:\/\/diariotextual.com\/inicio\/index.php\/2024\/01\/26\/di-napoli-y-el-pro-vida-verano-este-es-el-modelo-de-estado-que-defiende-la-pampa\/"},"wordCount":266,"publisher":{"@id":"https:\/\/diariotextual.com\/inicio\/#organization"},"image":{"@id":"https:\/\/diariotextual.com\/inicio\/index.php\/2024\/01\/26\/di-napoli-y-el-pro-vida-verano-este-es-el-modelo-de-estado-que-defiende-la-pampa\/#primaryimage"},"thumbnailUrl":"https:\/\/diariotextual.com\/inicio\/wp-content\/uploads\/2024\/01\/dinapolialvarezdiego2024.webp","keywords":["di napoli","Pro Vida"],"articleSection":["A - ES NOTICIA (van abajo)","POLITICA"],"inLanguage":"es"},{"@type":"WebPage","@id":"https:\/\/diariotextual.com\/inicio\/index.php\/2024\/01\/26\/di-napoli-y-el-pro-vida-verano-este-es-el-modelo-de-estado-que-defiende-la-pampa\/","url":"https:\/\/diariotextual.com\/inicio\/index.php\/2024\/01\/26\/di-napoli-y-el-pro-vida-verano-este-es-el-modelo-de-estado-que-defiende-la-pampa\/","name":"Di N\u00e1poli y el Pro Vida Verano: \u201cEste es el modelo de Estado que defiende La Pampa\u201d - Diario Textual","isPartOf":{"@id":"https:\/\/diariotextual.com\/inicio\/#website"},"primaryImageOfPage":{"@id":"https:\/\/diariotextual.com\/inicio\/index.php\/2024\/01\/26\/di-napoli-y-el-pro-vida-verano-este-es-el-modelo-de-estado-que-defiende-la-pampa\/#primaryimage"},"image":{"@id":"https:\/\/diariotextual.com\/inicio\/index.php\/2024\/01\/26\/di-napoli-y-el-pro-vida-verano-este-es-el-modelo-de-estado-que-defiende-la-pampa\/#primaryimage"},"thumbnailUrl":"https:\/\/diariotextual.com\/inicio\/wp-content\/uploads\/2024\/01\/dinapolialvarezdiego2024.webp","datePublished":"2024-01-26T19:16:17+00:00","dateModified":"2024-01-26T22:43:58+00:00","breadcrumb":{"@id":"https:\/\/diariotextual.com\/inicio\/index.php\/2024\/01\/26\/di-napoli-y-el-pro-vida-verano-este-es-el-modelo-de-estado-que-defiende-la-pampa\/#breadcrumb"},"inLanguage":"es","potentialAction":[{"@type":"ReadAction","target":["https:\/\/diariotextual.com\/inicio\/index.php\/2024\/01\/26\/di-napoli-y-el-pro-vida-verano-este-es-el-modelo-de-estado-que-defiende-la-pampa\/"]}]},{"@type":"ImageObject","inLanguage":"es","@id":"https:\/\/diariotextual.com\/inicio\/index.php\/2024\/01\/26\/di-napoli-y-el-pro-vida-verano-este-es-el-modelo-de-estado-que-defiende-la-pampa\/#primaryimage","url":"https:\/\/diariotextual.com\/inicio\/wp-content\/uploads\/2024\/01\/dinapolialvarezdiego2024.webp","contentUrl":"https:\/\/diariotextual.com\/inicio\/wp-content\/uploads\/2024\/01\/dinapolialvarezdiego2024.webp","width":800,"height":662},{"@type":"BreadcrumbList","@id":"https:\/\/diariotextual.com\/inicio\/index.php\/2024\/01\/26\/di-napoli-y-el-pro-vida-verano-este-es-el-modelo-de-estado-que-defiende-la-pampa\/#breadcrumb","itemListElement":[{"@type":"ListItem","position":1,"name":"Portada","item":"https:\/\/diariotextual.com\/inicio\/"},{"@type":"ListItem","position":2,"name":"Di N\u00e1poli y el Pro Vida Verano: \u201cEste es el modelo de Estado que defiende La Pampa\u201d"}]},{"@type":"WebSite","@id":"https:\/\/diariotextual.com\/inicio\/#website","url":"https:\/\/diariotextual.com\/inicio\/","name":"Diario Textual","description":"","publisher":{"@id":"https:\/\/diariotextual.com\/inicio\/#organization"},"potentialAction":[{"@type":"SearchAction","target":{"@type":"EntryPoint","urlTemplate":"https:\/\/diariotextual.com\/inicio\/?s={search_term_string}"},"query-input":{"@type":"PropertyValueSpecification","valueRequired":true,"valueName":"search_term_string"}}],"inLanguage":"es"},{"@type":"Organization","@id":"https:\/\/diariotextual.com\/inicio\/#organization","name":"Diario Textual","url":"https:\/\/diariotextual.com\/inicio\/","logo":{"@type":"ImageObject","inLanguage":"es","@id":"https:\/\/diariotextual.com\/inicio\/#\/schema\/logo\/image\/","url":"https:\/\/diariotextual.com\/inicio\/wp-content\/uploads\/2023\/05\/logotextual1.jpg","contentUrl":"https:\/\/diariotextual.com\/inicio\/wp-content\/uploads\/2023\/05\/logotextual1.jpg","width":516,"height":76,"caption":"Diario Textual"},"image":{"@id":"https:\/\/diariotextual.com\/inicio\/#\/schema\/logo\/image\/"},"sameAs":["https:\/\/www.facebook.com\/eltextual","https:\/\/x.com\/eltextual","http:\/\/www.instagram.com\/eltextual"]},{"@type":"Person","@id":"https:\/\/diariotextual.com\/inicio\/#\/schema\/person\/a1b6f563e0ee944c60f98119389a4d9f","name":"diario3","image":{"@type":"ImageObject","inLanguage":"es","@id":"https:\/\/secure.gravatar.com\/avatar\/5e7ee62c82fc04d9dd79d746a390d93c69c43223e5faeeb3ea9461ef752bfc5d?s=96&d=mm&r=g","url":"https:\/\/secure.gravatar.com\/avatar\/5e7ee62c82fc04d9dd79d746a390d93c69c43223e5faeeb3ea9461ef752bfc5d?s=96&d=mm&r=g","contentUrl":"https:\/\/secure.gravatar.com\/avatar\/5e7ee62c82fc04d9dd79d746a390d93c69c43223e5faeeb3ea9461ef752bfc5d?s=96&d=mm&r=g","caption":"diario3"},"url":"https:\/\/diariotextual.com\/inicio\/index.php\/author\/diario3\/"}]}},"_links":{"self":[{"href":"https:\/\/diariotextual.com\/inicio\/index.php\/wp-json\/wp\/v2\/posts\/252222","targetHints":{"allow":["GET"]}}],"collection":[{"href":"https:\/\/diariotextual.com\/inicio\/index.php\/wp-json\/wp\/v2\/posts"}],"about":[{"href":"https:\/\/diariotextual.com\/inicio\/index.php\/wp-json\/wp\/v2\/types\/post"}],"author":[{"embeddable":true,"href":"https:\/\/diariotextual.com\/inicio\/index.php\/wp-json\/wp\/v2\/users\/5"}],"replies":[{"embeddable":true,"href":"https:\/\/diariotextual.com\/inicio\/index.php\/wp-json\/wp\/v2\/comments?post=252222"}],"version-history":[{"count":1,"href":"https:\/\/diariotextual.com\/inicio\/index.php\/wp-json\/wp\/v2\/posts\/252222\/revisions"}],"predecessor-version":[{"id":252224,"href":"https:\/\/diariotextual.com\/inicio\/index.php\/wp-json\/wp\/v2\/posts\/252222\/revisions\/252224"}],"wp:featuredmedia":[{"embeddable":true,"href":"https:\/\/diariotextual.com\/inicio\/index.php\/wp-json\/wp\/v2\/media\/252223"}],"wp:attachment":[{"href":"https:\/\/diariotextual.com\/inicio\/index.php\/wp-json\/wp\/v2\/media?parent=252222"}],"wp:term":[{"taxonomy":"category","embeddable":true,"href":"https:\/\/diariotextual.com\/inicio\/index.php\/wp-json\/wp\/v2\/categories?post=252222"},{"taxonomy":"post_tag","embeddable":true,"href":"https:\/\/diariotextual.com\/inicio\/index.php\/wp-json\/wp\/v2\/tags?post=252222"}],"curies":[{"name":"wp","href":"https:\/\/api.w.org\/{rel}","templated":true}]}}