{"id":252312,"date":"2024-01-27T13:01:02","date_gmt":"2024-01-27T16:01:02","guid":{"rendered":"https:\/\/diariotextual.com\/inicio\/?p=252312"},"modified":"2024-01-27T19:26:00","modified_gmt":"2024-01-27T22:26:00","slug":"ziliotto-a-marin-gracias-por-ensenarnos-a-querer-militar-y-defender-el-peronismo","status":"publish","type":"post","link":"https:\/\/diariotextual.com\/inicio\/index.php\/2024\/01\/27\/ziliotto-a-marin-gracias-por-ensenarnos-a-querer-militar-y-defender-el-peronismo\/","title":{"rendered":"Ziliotto, a Mar\u00edn: \u201cGracias por ense\u00f1arnos a querer, militar y defender el peronismo\u201d"},"content":{"rendered":"\n<p>El gobernador<strong> Sergio Ziliotto<\/strong> expres\u00f3 su pesar por <strong>el fallecimiento del exgobernador Rub\u00e9n Mar\u00edn<\/strong>, ocurrido en la ma\u00f1ana de este s\u00e1bado en Santa Rosa.<\/p>\n\n\n\n<blockquote class=\"twitter-tweet\"><p lang=\"es\" dir=\"ltr\">Ha fallecido Rub\u00e9n Hugo Mar\u00edn. <br><br>Gobernador, Diputado y Senador Nacional, Presidente del Partido Justicialista, pero fundamentalmente un L\u00edder.<br> <br>Gracias por tu militancia, por tu legado, por tu defensa de La Pampa! <br><br>Gracias Rub\u00e9n por ense\u00f1arnos a querer, militar y defender el\u2026 <a href=\"https:\/\/t.co\/WW084wFlZG\">pic.twitter.com\/WW084wFlZG<\/a><\/p>&mdash; Sergio Ziliotto (@ZiliottoSergio) <a href=\"https:\/\/twitter.com\/ZiliottoSergio\/status\/1751266185025380649?ref_src=twsrc%5Etfw\">January 27, 2024<\/a><\/blockquote> <script async src=\"https:\/\/platform.twitter.com\/widgets.js\" charset=\"utf-8\"><\/script>\n\n\n\n<p>\u201cHa fallecido Rub\u00e9n Hugo Mar\u00edn. Gobernador, Diputado y Senador Nacional, Presidente del Partido Justicialista, pero fundamentalmente un L\u00edder\u201d, escribi\u00f3 en las redes sociales.<\/p>\n\n\n\n<p>\u201cGracias por tu militancia, por tu legado, por tu defensa de La Pampa! Gracias Rub\u00e9n por ense\u00f1arnos a querer, militar y defender el peronismo! \u00a1Hasta Siempre Compa\u00f1ero!\u201d, finaliz\u00f3.<\/p>\n\n\n\n<figure class=\"wp-block-embed is-type-wp-embed is-provider-diario-textual wp-block-embed-diario-textual\"><div class=\"wp-block-embed__wrapper\">\n<blockquote class=\"wp-embedded-content\" data-secret=\"iwWvFXZjiy\"><a href=\"https:\/\/diariotextual.com\/inicio\/index.php\/2024\/01\/27\/murio-ruben-marin\/\">Muri\u00f3 Rub\u00e9n Mar\u00edn<\/a><\/blockquote><iframe class=\"wp-embedded-content\" sandbox=\"allow-scripts\" security=\"restricted\" style=\"position: absolute; clip: rect(1px, 1px, 1px, 1px);\" title=\"\u00abMuri\u00f3 Rub\u00e9n Mar\u00edn\u00bb \u2014 Diario Textual\" src=\"https:\/\/diariotextual.com\/inicio\/index.php\/2024\/01\/27\/murio-ruben-marin\/embed\/#?secret=68xVt9a1Tv#?secret=iwWvFXZjiy\" data-secret=\"iwWvFXZjiy\" width=\"600\" height=\"338\" frameborder=\"0\" marginwidth=\"0\" marginheight=\"0\" scrolling=\"no\"><\/iframe>\n<\/div><\/figure>\n\n\n\n<p><strong>Rub\u00e9n Mar\u00edn, cuatro veces gobernador e hist\u00f3rico dirigente del peronismo pampeano, muri\u00f3 en la ma\u00f1ana de este s\u00e1bado en la ciudad de Santa Rosa, a sus 89 a\u00f1os.<\/strong>\u00a0El exmandatario se encontraba internado en la Cl\u00ednica Faerac, afectado por un cuadro de neumon\u00eda.<\/p>\n\n\n\n<p>De esta manera, se fue uno de los \u00faltimos caudillos del PJ. Mar\u00edn, l\u00edder y fundador de la l\u00ednea interna Convergencia Peronista, fue decisivo en la pol\u00edtica pampeana de los \u00faltimos 50 a\u00f1os.<\/p>\n\n\n\n<p><\/p>\n","protected":false},"excerpt":{"rendered":"<p>El gobernador Sergio Ziliotto expres\u00f3 su pesar por el fallecimiento del exgobernador Rub\u00e9n Mar\u00edn, ocurrido en la ma\u00f1ana de este s\u00e1bado en Santa Rosa. Ha fallecido Rub\u00e9n Hugo Mar\u00edn. Gobernador,&hellip;<\/p>\n","protected":false},"author":3,"featured_media":27641,"comment_status":"closed","ping_status":"open","sticky":false,"template":"","format":"standard","meta":{"_acf_changed":false,"footnotes":""},"categories":[1,8],"tags":[],"class_list":["post-252312","post","type-post","status-publish","format-standard","has-post-thumbnail","hentry","category-es-noticia","category-politica"],"acf":[],"yoast_head":"<!-- This site is optimized with the Yoast SEO plugin v27.5 - https:\/\/yoast.com\/product\/yoast-seo-wordpress\/ -->\n<title>Ziliotto, a Mar\u00edn: \u201cGracias por ense\u00f1arnos a querer, militar y defender el peronismo\u201d - Diario Textual<\/title>\n<meta name=\"robots\" content=\"index, follow, max-snippet:-1, max-image-preview:large, max-video-preview:-1\" \/>\n<link rel=\"canonical\" href=\"https:\/\/diariotextual.com\/inicio\/index.php\/2024\/01\/27\/ziliotto-a-marin-gracias-por-ensenarnos-a-querer-militar-y-defender-el-peronismo\/\" \/>\n<meta property=\"og:locale\" content=\"es_ES\" \/>\n<meta property=\"og:type\" content=\"article\" \/>\n<meta property=\"og:title\" content=\"Ziliotto, a Mar\u00edn: \u201cGracias por ense\u00f1arnos a querer, militar y defender el peronismo\u201d - Diario Textual\" \/>\n<meta property=\"og:description\" content=\"El gobernador Sergio Ziliotto expres\u00f3 su pesar por el fallecimiento del exgobernador Rub\u00e9n Mar\u00edn, ocurrido en la ma\u00f1ana de este s\u00e1bado en Santa Rosa. Ha fallecido Rub\u00e9n Hugo Mar\u00edn. Gobernador,&hellip;\" \/>\n<meta property=\"og:url\" content=\"https:\/\/diariotextual.com\/inicio\/index.php\/2024\/01\/27\/ziliotto-a-marin-gracias-por-ensenarnos-a-querer-militar-y-defender-el-peronismo\/\" \/>\n<meta property=\"og:site_name\" content=\"Diario Textual\" \/>\n<meta property=\"article:publisher\" content=\"https:\/\/www.facebook.com\/eltextual\" \/>\n<meta property=\"article:published_time\" content=\"2024-01-27T16:01:02+00:00\" \/>\n<meta property=\"article:modified_time\" content=\"2024-01-27T22:26:00+00:00\" \/>\n<meta property=\"og:image\" content=\"https:\/\/diariotextual.com\/inicio\/wp-content\/uploads\/2018\/11\/marinruben10001.jpg\" \/>\n\t<meta property=\"og:image:width\" content=\"1000\" \/>\n\t<meta property=\"og:image:height\" content=\"688\" \/>\n\t<meta property=\"og:image:type\" content=\"image\/jpeg\" \/>\n<meta name=\"author\" content=\"Diario1 Diario1\" \/>\n<meta name=\"twitter:card\" content=\"summary_large_image\" \/>\n<meta name=\"twitter:creator\" content=\"@eltextual\" \/>\n<meta name=\"twitter:site\" content=\"@eltextual\" \/>\n<meta name=\"twitter:label1\" content=\"Escrito por\" \/>\n\t<meta name=\"twitter:data1\" content=\"Diario1 Diario1\" \/>\n\t<meta name=\"twitter:label2\" content=\"Tiempo de lectura\" \/>\n\t<meta name=\"twitter:data2\" content=\"1 minuto\" \/>\n<script type=\"application\/ld+json\" class=\"yoast-schema-graph\">{\"@context\":\"https:\\\/\\\/schema.org\",\"@graph\":[{\"@type\":\"Article\",\"@id\":\"https:\\\/\\\/diariotextual.com\\\/inicio\\\/index.php\\\/2024\\\/01\\\/27\\\/ziliotto-a-marin-gracias-por-ensenarnos-a-querer-militar-y-defender-el-peronismo\\\/#article\",\"isPartOf\":{\"@id\":\"https:\\\/\\\/diariotextual.com\\\/inicio\\\/index.php\\\/2024\\\/01\\\/27\\\/ziliotto-a-marin-gracias-por-ensenarnos-a-querer-militar-y-defender-el-peronismo\\\/\"},\"author\":{\"name\":\"Diario1 Diario1\",\"@id\":\"https:\\\/\\\/diariotextual.com\\\/inicio\\\/#\\\/schema\\\/person\\\/418fc4093c33e86ed41562db3508f958\"},\"headline\":\"Ziliotto, a Mar\u00edn: \u201cGracias por ense\u00f1arnos a querer, militar y defender el peronismo\u201d\",\"datePublished\":\"2024-01-27T16:01:02+00:00\",\"dateModified\":\"2024-01-27T22:26:00+00:00\",\"mainEntityOfPage\":{\"@id\":\"https:\\\/\\\/diariotextual.com\\\/inicio\\\/index.php\\\/2024\\\/01\\\/27\\\/ziliotto-a-marin-gracias-por-ensenarnos-a-querer-militar-y-defender-el-peronismo\\\/\"},\"wordCount\":250,\"publisher\":{\"@id\":\"https:\\\/\\\/diariotextual.com\\\/inicio\\\/#organization\"},\"image\":{\"@id\":\"https:\\\/\\\/diariotextual.com\\\/inicio\\\/index.php\\\/2024\\\/01\\\/27\\\/ziliotto-a-marin-gracias-por-ensenarnos-a-querer-militar-y-defender-el-peronismo\\\/#primaryimage\"},\"thumbnailUrl\":\"https:\\\/\\\/diariotextual.com\\\/inicio\\\/wp-content\\\/uploads\\\/2018\\\/11\\\/marinruben10001.jpg\",\"articleSection\":[\"A - ES NOTICIA (van abajo)\",\"POLITICA\"],\"inLanguage\":\"es\"},{\"@type\":\"WebPage\",\"@id\":\"https:\\\/\\\/diariotextual.com\\\/inicio\\\/index.php\\\/2024\\\/01\\\/27\\\/ziliotto-a-marin-gracias-por-ensenarnos-a-querer-militar-y-defender-el-peronismo\\\/\",\"url\":\"https:\\\/\\\/diariotextual.com\\\/inicio\\\/index.php\\\/2024\\\/01\\\/27\\\/ziliotto-a-marin-gracias-por-ensenarnos-a-querer-militar-y-defender-el-peronismo\\\/\",\"name\":\"Ziliotto, a Mar\u00edn: \u201cGracias por ense\u00f1arnos a querer, militar y defender el peronismo\u201d - Diario Textual\",\"isPartOf\":{\"@id\":\"https:\\\/\\\/diariotextual.com\\\/inicio\\\/#website\"},\"primaryImageOfPage\":{\"@id\":\"https:\\\/\\\/diariotextual.com\\\/inicio\\\/index.php\\\/2024\\\/01\\\/27\\\/ziliotto-a-marin-gracias-por-ensenarnos-a-querer-militar-y-defender-el-peronismo\\\/#primaryimage\"},\"image\":{\"@id\":\"https:\\\/\\\/diariotextual.com\\\/inicio\\\/index.php\\\/2024\\\/01\\\/27\\\/ziliotto-a-marin-gracias-por-ensenarnos-a-querer-militar-y-defender-el-peronismo\\\/#primaryimage\"},\"thumbnailUrl\":\"https:\\\/\\\/diariotextual.com\\\/inicio\\\/wp-content\\\/uploads\\\/2018\\\/11\\\/marinruben10001.jpg\",\"datePublished\":\"2024-01-27T16:01:02+00:00\",\"dateModified\":\"2024-01-27T22:26:00+00:00\",\"breadcrumb\":{\"@id\":\"https:\\\/\\\/diariotextual.com\\\/inicio\\\/index.php\\\/2024\\\/01\\\/27\\\/ziliotto-a-marin-gracias-por-ensenarnos-a-querer-militar-y-defender-el-peronismo\\\/#breadcrumb\"},\"inLanguage\":\"es\",\"potentialAction\":[{\"@type\":\"ReadAction\",\"target\":[\"https:\\\/\\\/diariotextual.com\\\/inicio\\\/index.php\\\/2024\\\/01\\\/27\\\/ziliotto-a-marin-gracias-por-ensenarnos-a-querer-militar-y-defender-el-peronismo\\\/\"]}]},{\"@type\":\"ImageObject\",\"inLanguage\":\"es\",\"@id\":\"https:\\\/\\\/diariotextual.com\\\/inicio\\\/index.php\\\/2024\\\/01\\\/27\\\/ziliotto-a-marin-gracias-por-ensenarnos-a-querer-militar-y-defender-el-peronismo\\\/#primaryimage\",\"url\":\"https:\\\/\\\/diariotextual.com\\\/inicio\\\/wp-content\\\/uploads\\\/2018\\\/11\\\/marinruben10001.jpg\",\"contentUrl\":\"https:\\\/\\\/diariotextual.com\\\/inicio\\\/wp-content\\\/uploads\\\/2018\\\/11\\\/marinruben10001.jpg\",\"width\":1000,\"height\":688},{\"@type\":\"BreadcrumbList\",\"@id\":\"https:\\\/\\\/diariotextual.com\\\/inicio\\\/index.php\\\/2024\\\/01\\\/27\\\/ziliotto-a-marin-gracias-por-ensenarnos-a-querer-militar-y-defender-el-peronismo\\\/#breadcrumb\",\"itemListElement\":[{\"@type\":\"ListItem\",\"position\":1,\"name\":\"Portada\",\"item\":\"https:\\\/\\\/diariotextual.com\\\/inicio\\\/\"},{\"@type\":\"ListItem\",\"position\":2,\"name\":\"Ziliotto, a Mar\u00edn: \u201cGracias por ense\u00f1arnos a querer, militar y defender el peronismo\u201d\"}]},{\"@type\":\"WebSite\",\"@id\":\"https:\\\/\\\/diariotextual.com\\\/inicio\\\/#website\",\"url\":\"https:\\\/\\\/diariotextual.com\\\/inicio\\\/\",\"name\":\"Diario Textual\",\"description\":\"\",\"publisher\":{\"@id\":\"https:\\\/\\\/diariotextual.com\\\/inicio\\\/#organization\"},\"potentialAction\":[{\"@type\":\"SearchAction\",\"target\":{\"@type\":\"EntryPoint\",\"urlTemplate\":\"https:\\\/\\\/diariotextual.com\\\/inicio\\\/?s={search_term_string}\"},\"query-input\":{\"@type\":\"PropertyValueSpecification\",\"valueRequired\":true,\"valueName\":\"search_term_string\"}}],\"inLanguage\":\"es\"},{\"@type\":\"Organization\",\"@id\":\"https:\\\/\\\/diariotextual.com\\\/inicio\\\/#organization\",\"name\":\"Diario Textual\",\"url\":\"https:\\\/\\\/diariotextual.com\\\/inicio\\\/\",\"logo\":{\"@type\":\"ImageObject\",\"inLanguage\":\"es\",\"@id\":\"https:\\\/\\\/diariotextual.com\\\/inicio\\\/#\\\/schema\\\/logo\\\/image\\\/\",\"url\":\"https:\\\/\\\/diariotextual.com\\\/inicio\\\/wp-content\\\/uploads\\\/2023\\\/05\\\/logotextual1.jpg\",\"contentUrl\":\"https:\\\/\\\/diariotextual.com\\\/inicio\\\/wp-content\\\/uploads\\\/2023\\\/05\\\/logotextual1.jpg\",\"width\":516,\"height\":76,\"caption\":\"Diario Textual\"},\"image\":{\"@id\":\"https:\\\/\\\/diariotextual.com\\\/inicio\\\/#\\\/schema\\\/logo\\\/image\\\/\"},\"sameAs\":[\"https:\\\/\\\/www.facebook.com\\\/eltextual\",\"https:\\\/\\\/x.com\\\/eltextual\",\"http:\\\/\\\/www.instagram.com\\\/eltextual\"]},{\"@type\":\"Person\",\"@id\":\"https:\\\/\\\/diariotextual.com\\\/inicio\\\/#\\\/schema\\\/person\\\/418fc4093c33e86ed41562db3508f958\",\"name\":\"Diario1 Diario1\",\"image\":{\"@type\":\"ImageObject\",\"inLanguage\":\"es\",\"@id\":\"https:\\\/\\\/secure.gravatar.com\\\/avatar\\\/9167d280179c85bc18be67aa7eda765854300033af4896dd779b608640f2ef7a?s=96&d=mm&r=g\",\"url\":\"https:\\\/\\\/secure.gravatar.com\\\/avatar\\\/9167d280179c85bc18be67aa7eda765854300033af4896dd779b608640f2ef7a?s=96&d=mm&r=g\",\"contentUrl\":\"https:\\\/\\\/secure.gravatar.com\\\/avatar\\\/9167d280179c85bc18be67aa7eda765854300033af4896dd779b608640f2ef7a?s=96&d=mm&r=g\",\"caption\":\"Diario1 Diario1\"},\"url\":\"https:\\\/\\\/diariotextual.com\\\/inicio\\\/index.php\\\/author\\\/diario1\\\/\"}]}<\/script>\n<!-- \/ Yoast SEO plugin. -->","yoast_head_json":{"title":"Ziliotto, a Mar\u00edn: \u201cGracias por ense\u00f1arnos a querer, militar y defender el peronismo\u201d - Diario Textual","robots":{"index":"index","follow":"follow","max-snippet":"max-snippet:-1","max-image-preview":"max-image-preview:large","max-video-preview":"max-video-preview:-1"},"canonical":"https:\/\/diariotextual.com\/inicio\/index.php\/2024\/01\/27\/ziliotto-a-marin-gracias-por-ensenarnos-a-querer-militar-y-defender-el-peronismo\/","og_locale":"es_ES","og_type":"article","og_title":"Ziliotto, a Mar\u00edn: \u201cGracias por ense\u00f1arnos a querer, militar y defender el peronismo\u201d - Diario Textual","og_description":"El gobernador Sergio Ziliotto expres\u00f3 su pesar por el fallecimiento del exgobernador Rub\u00e9n Mar\u00edn, ocurrido en la ma\u00f1ana de este s\u00e1bado en Santa Rosa. Ha fallecido Rub\u00e9n Hugo Mar\u00edn. Gobernador,&hellip;","og_url":"https:\/\/diariotextual.com\/inicio\/index.php\/2024\/01\/27\/ziliotto-a-marin-gracias-por-ensenarnos-a-querer-militar-y-defender-el-peronismo\/","og_site_name":"Diario Textual","article_publisher":"https:\/\/www.facebook.com\/eltextual","article_published_time":"2024-01-27T16:01:02+00:00","article_modified_time":"2024-01-27T22:26:00+00:00","og_image":[{"width":1000,"height":688,"url":"https:\/\/diariotextual.com\/inicio\/wp-content\/uploads\/2018\/11\/marinruben10001.jpg","type":"image\/jpeg"}],"author":"Diario1 Diario1","twitter_card":"summary_large_image","twitter_creator":"@eltextual","twitter_site":"@eltextual","twitter_misc":{"Escrito por":"Diario1 Diario1","Tiempo de lectura":"1 minuto"},"schema":{"@context":"https:\/\/schema.org","@graph":[{"@type":"Article","@id":"https:\/\/diariotextual.com\/inicio\/index.php\/2024\/01\/27\/ziliotto-a-marin-gracias-por-ensenarnos-a-querer-militar-y-defender-el-peronismo\/#article","isPartOf":{"@id":"https:\/\/diariotextual.com\/inicio\/index.php\/2024\/01\/27\/ziliotto-a-marin-gracias-por-ensenarnos-a-querer-militar-y-defender-el-peronismo\/"},"author":{"name":"Diario1 Diario1","@id":"https:\/\/diariotextual.com\/inicio\/#\/schema\/person\/418fc4093c33e86ed41562db3508f958"},"headline":"Ziliotto, a Mar\u00edn: \u201cGracias por ense\u00f1arnos a querer, militar y defender el peronismo\u201d","datePublished":"2024-01-27T16:01:02+00:00","dateModified":"2024-01-27T22:26:00+00:00","mainEntityOfPage":{"@id":"https:\/\/diariotextual.com\/inicio\/index.php\/2024\/01\/27\/ziliotto-a-marin-gracias-por-ensenarnos-a-querer-militar-y-defender-el-peronismo\/"},"wordCount":250,"publisher":{"@id":"https:\/\/diariotextual.com\/inicio\/#organization"},"image":{"@id":"https:\/\/diariotextual.com\/inicio\/index.php\/2024\/01\/27\/ziliotto-a-marin-gracias-por-ensenarnos-a-querer-militar-y-defender-el-peronismo\/#primaryimage"},"thumbnailUrl":"https:\/\/diariotextual.com\/inicio\/wp-content\/uploads\/2018\/11\/marinruben10001.jpg","articleSection":["A - ES NOTICIA (van abajo)","POLITICA"],"inLanguage":"es"},{"@type":"WebPage","@id":"https:\/\/diariotextual.com\/inicio\/index.php\/2024\/01\/27\/ziliotto-a-marin-gracias-por-ensenarnos-a-querer-militar-y-defender-el-peronismo\/","url":"https:\/\/diariotextual.com\/inicio\/index.php\/2024\/01\/27\/ziliotto-a-marin-gracias-por-ensenarnos-a-querer-militar-y-defender-el-peronismo\/","name":"Ziliotto, a Mar\u00edn: \u201cGracias por ense\u00f1arnos a querer, militar y defender el peronismo\u201d - Diario Textual","isPartOf":{"@id":"https:\/\/diariotextual.com\/inicio\/#website"},"primaryImageOfPage":{"@id":"https:\/\/diariotextual.com\/inicio\/index.php\/2024\/01\/27\/ziliotto-a-marin-gracias-por-ensenarnos-a-querer-militar-y-defender-el-peronismo\/#primaryimage"},"image":{"@id":"https:\/\/diariotextual.com\/inicio\/index.php\/2024\/01\/27\/ziliotto-a-marin-gracias-por-ensenarnos-a-querer-militar-y-defender-el-peronismo\/#primaryimage"},"thumbnailUrl":"https:\/\/diariotextual.com\/inicio\/wp-content\/uploads\/2018\/11\/marinruben10001.jpg","datePublished":"2024-01-27T16:01:02+00:00","dateModified":"2024-01-27T22:26:00+00:00","breadcrumb":{"@id":"https:\/\/diariotextual.com\/inicio\/index.php\/2024\/01\/27\/ziliotto-a-marin-gracias-por-ensenarnos-a-querer-militar-y-defender-el-peronismo\/#breadcrumb"},"inLanguage":"es","potentialAction":[{"@type":"ReadAction","target":["https:\/\/diariotextual.com\/inicio\/index.php\/2024\/01\/27\/ziliotto-a-marin-gracias-por-ensenarnos-a-querer-militar-y-defender-el-peronismo\/"]}]},{"@type":"ImageObject","inLanguage":"es","@id":"https:\/\/diariotextual.com\/inicio\/index.php\/2024\/01\/27\/ziliotto-a-marin-gracias-por-ensenarnos-a-querer-militar-y-defender-el-peronismo\/#primaryimage","url":"https:\/\/diariotextual.com\/inicio\/wp-content\/uploads\/2018\/11\/marinruben10001.jpg","contentUrl":"https:\/\/diariotextual.com\/inicio\/wp-content\/uploads\/2018\/11\/marinruben10001.jpg","width":1000,"height":688},{"@type":"BreadcrumbList","@id":"https:\/\/diariotextual.com\/inicio\/index.php\/2024\/01\/27\/ziliotto-a-marin-gracias-por-ensenarnos-a-querer-militar-y-defender-el-peronismo\/#breadcrumb","itemListElement":[{"@type":"ListItem","position":1,"name":"Portada","item":"https:\/\/diariotextual.com\/inicio\/"},{"@type":"ListItem","position":2,"name":"Ziliotto, a Mar\u00edn: \u201cGracias por ense\u00f1arnos a querer, militar y defender el peronismo\u201d"}]},{"@type":"WebSite","@id":"https:\/\/diariotextual.com\/inicio\/#website","url":"https:\/\/diariotextual.com\/inicio\/","name":"Diario Textual","description":"","publisher":{"@id":"https:\/\/diariotextual.com\/inicio\/#organization"},"potentialAction":[{"@type":"SearchAction","target":{"@type":"EntryPoint","urlTemplate":"https:\/\/diariotextual.com\/inicio\/?s={search_term_string}"},"query-input":{"@type":"PropertyValueSpecification","valueRequired":true,"valueName":"search_term_string"}}],"inLanguage":"es"},{"@type":"Organization","@id":"https:\/\/diariotextual.com\/inicio\/#organization","name":"Diario Textual","url":"https:\/\/diariotextual.com\/inicio\/","logo":{"@type":"ImageObject","inLanguage":"es","@id":"https:\/\/diariotextual.com\/inicio\/#\/schema\/logo\/image\/","url":"https:\/\/diariotextual.com\/inicio\/wp-content\/uploads\/2023\/05\/logotextual1.jpg","contentUrl":"https:\/\/diariotextual.com\/inicio\/wp-content\/uploads\/2023\/05\/logotextual1.jpg","width":516,"height":76,"caption":"Diario Textual"},"image":{"@id":"https:\/\/diariotextual.com\/inicio\/#\/schema\/logo\/image\/"},"sameAs":["https:\/\/www.facebook.com\/eltextual","https:\/\/x.com\/eltextual","http:\/\/www.instagram.com\/eltextual"]},{"@type":"Person","@id":"https:\/\/diariotextual.com\/inicio\/#\/schema\/person\/418fc4093c33e86ed41562db3508f958","name":"Diario1 Diario1","image":{"@type":"ImageObject","inLanguage":"es","@id":"https:\/\/secure.gravatar.com\/avatar\/9167d280179c85bc18be67aa7eda765854300033af4896dd779b608640f2ef7a?s=96&d=mm&r=g","url":"https:\/\/secure.gravatar.com\/avatar\/9167d280179c85bc18be67aa7eda765854300033af4896dd779b608640f2ef7a?s=96&d=mm&r=g","contentUrl":"https:\/\/secure.gravatar.com\/avatar\/9167d280179c85bc18be67aa7eda765854300033af4896dd779b608640f2ef7a?s=96&d=mm&r=g","caption":"Diario1 Diario1"},"url":"https:\/\/diariotextual.com\/inicio\/index.php\/author\/diario1\/"}]}},"_links":{"self":[{"href":"https:\/\/diariotextual.com\/inicio\/index.php\/wp-json\/wp\/v2\/posts\/252312","targetHints":{"allow":["GET"]}}],"collection":[{"href":"https:\/\/diariotextual.com\/inicio\/index.php\/wp-json\/wp\/v2\/posts"}],"about":[{"href":"https:\/\/diariotextual.com\/inicio\/index.php\/wp-json\/wp\/v2\/types\/post"}],"author":[{"embeddable":true,"href":"https:\/\/diariotextual.com\/inicio\/index.php\/wp-json\/wp\/v2\/users\/3"}],"replies":[{"embeddable":true,"href":"https:\/\/diariotextual.com\/inicio\/index.php\/wp-json\/wp\/v2\/comments?post=252312"}],"version-history":[{"count":1,"href":"https:\/\/diariotextual.com\/inicio\/index.php\/wp-json\/wp\/v2\/posts\/252312\/revisions"}],"predecessor-version":[{"id":252313,"href":"https:\/\/diariotextual.com\/inicio\/index.php\/wp-json\/wp\/v2\/posts\/252312\/revisions\/252313"}],"wp:featuredmedia":[{"embeddable":true,"href":"https:\/\/diariotextual.com\/inicio\/index.php\/wp-json\/wp\/v2\/media\/27641"}],"wp:attachment":[{"href":"https:\/\/diariotextual.com\/inicio\/index.php\/wp-json\/wp\/v2\/media?parent=252312"}],"wp:term":[{"taxonomy":"category","embeddable":true,"href":"https:\/\/diariotextual.com\/inicio\/index.php\/wp-json\/wp\/v2\/categories?post=252312"},{"taxonomy":"post_tag","embeddable":true,"href":"https:\/\/diariotextual.com\/inicio\/index.php\/wp-json\/wp\/v2\/tags?post=252312"}],"curies":[{"name":"wp","href":"https:\/\/api.w.org\/{rel}","templated":true}]}}