{"id":252314,"date":"2024-01-27T13:15:58","date_gmt":"2024-01-27T16:15:58","guid":{"rendered":"https:\/\/diariotextual.com\/inicio\/?p=252314"},"modified":"2024-01-27T15:50:09","modified_gmt":"2024-01-27T18:50:09","slug":"hay-una-derrota-parlamentaria-pero-tambien-una-trampa","status":"publish","type":"post","link":"https:\/\/diariotextual.com\/inicio\/index.php\/2024\/01\/27\/hay-una-derrota-parlamentaria-pero-tambien-una-trampa\/","title":{"rendered":"\u201cHay una derrota parlamentaria pero tambi\u00e9n una trampa\u201d"},"content":{"rendered":"\n<p>El <strong>presidente del bloque de Uni\u00f3n por la Patria (UxP) en la C\u00e1mara de Diputados, Germ\u00e1n Mart\u00ednez<\/strong>, consider\u00f3 como<strong> \u201cuna derrota parlamentaria, pero tambi\u00e9n una trampa\u201d <\/strong>el retiro del paquete fiscal del proyecto de ley de \u201cBases y Puntos y Partidas para la Libertad de los Argentinos\u201d que anunci\u00f3 en las \u00faltimas horas el ministro de Econom\u00eda, Luis Caputo, al explicar que<strong> \u201cel coraz\u00f3n\u201d de la iniciativa \u201cno cambi\u00f3 y tiene que ver con la delegaci\u00f3n de las facultades extraordinarias\u201d<\/strong> para el presidente Javier Milei.<\/p>\n\n\n\n<p>\u201cAc\u00e1 hay una derrota parlamentaria del oficialismo, pero tambi\u00e9n una trampa porque el coraz\u00f3n de la ley no ha cambiado y tiene que ver con la delegaci\u00f3n de facultades extraordinarias al Presidente. <strong>Es algo in\u00e9dito desde el retorno de la democracia<\/strong>. Adem\u00e1s, todo a lo que supuestamente renuncia (el mandatario), lo puede hacer luego con esas mismas facultades delegadas\u201d, asegur\u00f3 Mart\u00ednez en declaraciones a C5N.<\/p>\n\n\n\n<figure class=\"wp-block-embed is-type-wp-embed is-provider-diario-textual wp-block-embed-diario-textual\"><div class=\"wp-block-embed__wrapper\">\n<blockquote class=\"wp-embedded-content\" data-secret=\"FTIR9J8GyJ\"><a href=\"https:\/\/diariotextual.com\/inicio\/index.php\/2024\/01\/26\/en-una-decision-sorpresiva-el-gobierno-retira-el-capitulo-fiscal-de-la-ley-omnibus\/\">En una decisi\u00f3n sorpresiva, el Gobierno retira el cap\u00edtulo fiscal de la ley \u00f3mnibus<\/a><\/blockquote><iframe class=\"wp-embedded-content\" sandbox=\"allow-scripts\" security=\"restricted\" style=\"position: absolute; clip: rect(1px, 1px, 1px, 1px);\" title=\"\u00abEn una decisi\u00f3n sorpresiva, el Gobierno retira el cap\u00edtulo fiscal de la ley \u00f3mnibus\u00bb \u2014 Diario Textual\" src=\"https:\/\/diariotextual.com\/inicio\/index.php\/2024\/01\/26\/en-una-decision-sorpresiva-el-gobierno-retira-el-capitulo-fiscal-de-la-ley-omnibus\/embed\/#?secret=PbJAhQuZiT#?secret=FTIR9J8GyJ\" data-secret=\"FTIR9J8GyJ\" width=\"600\" height=\"338\" frameborder=\"0\" marginwidth=\"0\" marginheight=\"0\" scrolling=\"no\"><\/iframe>\n<\/div><\/figure>\n\n\n\n<p>El legislador agreg\u00f3 en ese sentido: \u201cPara entender esto hay que darse cuenta de que<strong> no se quitaron del proyecto temas como la eliminaci\u00f3n del Fondo de Garant\u00edas de Sustentabilidad de la Anses y sigue el tema de las privatizaciones de 41 empresas p\u00fablicas<\/strong>\u201d.<\/p>\n\n\n\n<p>\u201cSiguen los componentes de elementos penales planteados en la criminalizaci\u00f3n de las protestas, al igual que los cambios que se proponen para temas culturales y educativos.<strong> Que nadie piense que, ahora, la ley es tolerable. Sigue siendo invotable<\/strong>\u201d, remarc\u00f3 el legislador nacional por Santa Fe.<\/p>\n\n\n\n<figure class=\"wp-block-embed is-type-wp-embed is-provider-diario-textual wp-block-embed-diario-textual\"><div class=\"wp-block-embed__wrapper\">\n<blockquote class=\"wp-embedded-content\" data-secret=\"e8wop1adx9\"><a href=\"https:\/\/diariotextual.com\/inicio\/index.php\/2024\/01\/26\/ziliotto-advirtio-que-dejar-sin-un-peso-a-las-provincias-significa-que-la-gente-va-a-dejar-de-acceder-a-servicios-basicos\/\">Ziliotto advirti\u00f3 que dejar sin un peso a las provincias \u201csignifica que la gente va a dejar de acceder a servicios b\u00e1sicos\u201d<\/a><\/blockquote><iframe class=\"wp-embedded-content\" sandbox=\"allow-scripts\" security=\"restricted\" style=\"position: absolute; clip: rect(1px, 1px, 1px, 1px);\" title=\"\u00abZiliotto advirti\u00f3 que dejar sin un peso a las provincias \u201csignifica que la gente va a dejar de acceder a servicios b\u00e1sicos\u201d\u00bb \u2014 Diario Textual\" src=\"https:\/\/diariotextual.com\/inicio\/index.php\/2024\/01\/26\/ziliotto-advirtio-que-dejar-sin-un-peso-a-las-provincias-significa-que-la-gente-va-a-dejar-de-acceder-a-servicios-basicos\/embed\/#?secret=lb4jdW8PPa#?secret=e8wop1adx9\" data-secret=\"e8wop1adx9\" width=\"600\" height=\"338\" frameborder=\"0\" marginwidth=\"0\" marginheight=\"0\" scrolling=\"no\"><\/iframe>\n<\/div><\/figure>\n\n\n\n<p>En este punto, Mart\u00ednez record\u00f3 que tampoco se eliminan del paquete fiscal la cuesti\u00f3n de los \u201ctarifazos\u201d en los servicios p\u00fablicos. \u201cComo no pudieron hacer retenciones ni meter manotazo a los jubilados, van a acelerar los tarifazos y la quita a los subsidios del transporte que pagaremos todos los argentinos\u201d, observ\u00f3.<\/p>\n\n\n\n<p>Mart\u00ednez tambi\u00e9n analiz\u00f3 que, por otra parte, \u201cpese a que dijeron que el paro de la CGT no signific\u00f3 nada, a los dos d\u00edas sali\u00f3 eyectado el ministro (de Infraestructura, Guillermo) Ferraro, y retiran el paquete fiscal, as\u00ed que me parece que la articulaci\u00f3n de lo parlamentario con el plan de lucha de la CGT claramente est\u00e1 dando resultado\u201d.<\/p>\n","protected":false},"excerpt":{"rendered":"<p>El presidente del bloque de Uni\u00f3n por la Patria (UxP) en la C\u00e1mara de Diputados, Germ\u00e1n Mart\u00ednez, consider\u00f3 como \u201cuna derrota parlamentaria, pero tambi\u00e9n una trampa\u201d el retiro del paquete&hellip;<\/p>\n","protected":false},"author":5,"featured_media":252315,"comment_status":"closed","ping_status":"open","sticky":false,"template":"","format":"standard","meta":{"_acf_changed":false,"footnotes":""},"categories":[1,8],"tags":[80],"class_list":["post-252314","post","type-post","status-publish","format-standard","has-post-thumbnail","hentry","category-es-noticia","category-politica","tag-congreso"],"acf":[],"yoast_head":"<!-- This site is optimized with the Yoast SEO plugin v27.5 - https:\/\/yoast.com\/product\/yoast-seo-wordpress\/ -->\n<title>\u201cHay una derrota parlamentaria pero tambi\u00e9n una trampa\u201d - Diario Textual<\/title>\n<meta name=\"robots\" content=\"index, follow, max-snippet:-1, max-image-preview:large, max-video-preview:-1\" \/>\n<link rel=\"canonical\" href=\"https:\/\/diariotextual.com\/inicio\/index.php\/2024\/01\/27\/hay-una-derrota-parlamentaria-pero-tambien-una-trampa\/\" \/>\n<meta property=\"og:locale\" content=\"es_ES\" \/>\n<meta property=\"og:type\" content=\"article\" \/>\n<meta property=\"og:title\" content=\"\u201cHay una derrota parlamentaria pero tambi\u00e9n una trampa\u201d - Diario Textual\" \/>\n<meta property=\"og:description\" content=\"El presidente del bloque de Uni\u00f3n por la Patria (UxP) en la C\u00e1mara de Diputados, Germ\u00e1n Mart\u00ednez, consider\u00f3 como \u201cuna derrota parlamentaria, pero tambi\u00e9n una trampa\u201d el retiro del paquete&hellip;\" \/>\n<meta property=\"og:url\" content=\"https:\/\/diariotextual.com\/inicio\/index.php\/2024\/01\/27\/hay-una-derrota-parlamentaria-pero-tambien-una-trampa\/\" \/>\n<meta property=\"og:site_name\" content=\"Diario Textual\" \/>\n<meta property=\"article:publisher\" content=\"https:\/\/www.facebook.com\/eltextual\" \/>\n<meta property=\"article:published_time\" content=\"2024-01-27T16:15:58+00:00\" \/>\n<meta property=\"article:modified_time\" content=\"2024-01-27T18:50:09+00:00\" \/>\n<meta property=\"og:image\" content=\"https:\/\/diariotextual.com\/inicio\/wp-content\/uploads\/2024\/01\/martinezgerman2024.jpg\" \/>\n\t<meta property=\"og:image:width\" content=\"900\" \/>\n\t<meta property=\"og:image:height\" content=\"506\" \/>\n\t<meta property=\"og:image:type\" content=\"image\/jpeg\" \/>\n<meta name=\"author\" content=\"diario3\" \/>\n<meta name=\"twitter:card\" content=\"summary_large_image\" \/>\n<meta name=\"twitter:creator\" content=\"@eltextual\" \/>\n<meta name=\"twitter:site\" content=\"@eltextual\" \/>\n<meta name=\"twitter:label1\" content=\"Escrito por\" \/>\n\t<meta name=\"twitter:data1\" content=\"diario3\" \/>\n\t<meta name=\"twitter:label2\" content=\"Tiempo de lectura\" \/>\n\t<meta name=\"twitter:data2\" content=\"2 minutos\" \/>\n<script type=\"application\/ld+json\" class=\"yoast-schema-graph\">{\"@context\":\"https:\\\/\\\/schema.org\",\"@graph\":[{\"@type\":\"Article\",\"@id\":\"https:\\\/\\\/diariotextual.com\\\/inicio\\\/index.php\\\/2024\\\/01\\\/27\\\/hay-una-derrota-parlamentaria-pero-tambien-una-trampa\\\/#article\",\"isPartOf\":{\"@id\":\"https:\\\/\\\/diariotextual.com\\\/inicio\\\/index.php\\\/2024\\\/01\\\/27\\\/hay-una-derrota-parlamentaria-pero-tambien-una-trampa\\\/\"},\"author\":{\"name\":\"diario3\",\"@id\":\"https:\\\/\\\/diariotextual.com\\\/inicio\\\/#\\\/schema\\\/person\\\/a1b6f563e0ee944c60f98119389a4d9f\"},\"headline\":\"\u201cHay una derrota parlamentaria pero tambi\u00e9n una trampa\u201d\",\"datePublished\":\"2024-01-27T16:15:58+00:00\",\"dateModified\":\"2024-01-27T18:50:09+00:00\",\"mainEntityOfPage\":{\"@id\":\"https:\\\/\\\/diariotextual.com\\\/inicio\\\/index.php\\\/2024\\\/01\\\/27\\\/hay-una-derrota-parlamentaria-pero-tambien-una-trampa\\\/\"},\"wordCount\":397,\"publisher\":{\"@id\":\"https:\\\/\\\/diariotextual.com\\\/inicio\\\/#organization\"},\"image\":{\"@id\":\"https:\\\/\\\/diariotextual.com\\\/inicio\\\/index.php\\\/2024\\\/01\\\/27\\\/hay-una-derrota-parlamentaria-pero-tambien-una-trampa\\\/#primaryimage\"},\"thumbnailUrl\":\"https:\\\/\\\/diariotextual.com\\\/inicio\\\/wp-content\\\/uploads\\\/2024\\\/01\\\/martinezgerman2024.jpg\",\"keywords\":[\"congreso\"],\"articleSection\":[\"A - ES NOTICIA (van abajo)\",\"POLITICA\"],\"inLanguage\":\"es\"},{\"@type\":\"WebPage\",\"@id\":\"https:\\\/\\\/diariotextual.com\\\/inicio\\\/index.php\\\/2024\\\/01\\\/27\\\/hay-una-derrota-parlamentaria-pero-tambien-una-trampa\\\/\",\"url\":\"https:\\\/\\\/diariotextual.com\\\/inicio\\\/index.php\\\/2024\\\/01\\\/27\\\/hay-una-derrota-parlamentaria-pero-tambien-una-trampa\\\/\",\"name\":\"\u201cHay una derrota parlamentaria pero tambi\u00e9n una trampa\u201d - Diario Textual\",\"isPartOf\":{\"@id\":\"https:\\\/\\\/diariotextual.com\\\/inicio\\\/#website\"},\"primaryImageOfPage\":{\"@id\":\"https:\\\/\\\/diariotextual.com\\\/inicio\\\/index.php\\\/2024\\\/01\\\/27\\\/hay-una-derrota-parlamentaria-pero-tambien-una-trampa\\\/#primaryimage\"},\"image\":{\"@id\":\"https:\\\/\\\/diariotextual.com\\\/inicio\\\/index.php\\\/2024\\\/01\\\/27\\\/hay-una-derrota-parlamentaria-pero-tambien-una-trampa\\\/#primaryimage\"},\"thumbnailUrl\":\"https:\\\/\\\/diariotextual.com\\\/inicio\\\/wp-content\\\/uploads\\\/2024\\\/01\\\/martinezgerman2024.jpg\",\"datePublished\":\"2024-01-27T16:15:58+00:00\",\"dateModified\":\"2024-01-27T18:50:09+00:00\",\"breadcrumb\":{\"@id\":\"https:\\\/\\\/diariotextual.com\\\/inicio\\\/index.php\\\/2024\\\/01\\\/27\\\/hay-una-derrota-parlamentaria-pero-tambien-una-trampa\\\/#breadcrumb\"},\"inLanguage\":\"es\",\"potentialAction\":[{\"@type\":\"ReadAction\",\"target\":[\"https:\\\/\\\/diariotextual.com\\\/inicio\\\/index.php\\\/2024\\\/01\\\/27\\\/hay-una-derrota-parlamentaria-pero-tambien-una-trampa\\\/\"]}]},{\"@type\":\"ImageObject\",\"inLanguage\":\"es\",\"@id\":\"https:\\\/\\\/diariotextual.com\\\/inicio\\\/index.php\\\/2024\\\/01\\\/27\\\/hay-una-derrota-parlamentaria-pero-tambien-una-trampa\\\/#primaryimage\",\"url\":\"https:\\\/\\\/diariotextual.com\\\/inicio\\\/wp-content\\\/uploads\\\/2024\\\/01\\\/martinezgerman2024.jpg\",\"contentUrl\":\"https:\\\/\\\/diariotextual.com\\\/inicio\\\/wp-content\\\/uploads\\\/2024\\\/01\\\/martinezgerman2024.jpg\",\"width\":900,\"height\":506},{\"@type\":\"BreadcrumbList\",\"@id\":\"https:\\\/\\\/diariotextual.com\\\/inicio\\\/index.php\\\/2024\\\/01\\\/27\\\/hay-una-derrota-parlamentaria-pero-tambien-una-trampa\\\/#breadcrumb\",\"itemListElement\":[{\"@type\":\"ListItem\",\"position\":1,\"name\":\"Portada\",\"item\":\"https:\\\/\\\/diariotextual.com\\\/inicio\\\/\"},{\"@type\":\"ListItem\",\"position\":2,\"name\":\"\u201cHay una derrota parlamentaria pero tambi\u00e9n una trampa\u201d\"}]},{\"@type\":\"WebSite\",\"@id\":\"https:\\\/\\\/diariotextual.com\\\/inicio\\\/#website\",\"url\":\"https:\\\/\\\/diariotextual.com\\\/inicio\\\/\",\"name\":\"Diario Textual\",\"description\":\"\",\"publisher\":{\"@id\":\"https:\\\/\\\/diariotextual.com\\\/inicio\\\/#organization\"},\"potentialAction\":[{\"@type\":\"SearchAction\",\"target\":{\"@type\":\"EntryPoint\",\"urlTemplate\":\"https:\\\/\\\/diariotextual.com\\\/inicio\\\/?s={search_term_string}\"},\"query-input\":{\"@type\":\"PropertyValueSpecification\",\"valueRequired\":true,\"valueName\":\"search_term_string\"}}],\"inLanguage\":\"es\"},{\"@type\":\"Organization\",\"@id\":\"https:\\\/\\\/diariotextual.com\\\/inicio\\\/#organization\",\"name\":\"Diario Textual\",\"url\":\"https:\\\/\\\/diariotextual.com\\\/inicio\\\/\",\"logo\":{\"@type\":\"ImageObject\",\"inLanguage\":\"es\",\"@id\":\"https:\\\/\\\/diariotextual.com\\\/inicio\\\/#\\\/schema\\\/logo\\\/image\\\/\",\"url\":\"https:\\\/\\\/diariotextual.com\\\/inicio\\\/wp-content\\\/uploads\\\/2023\\\/05\\\/logotextual1.jpg\",\"contentUrl\":\"https:\\\/\\\/diariotextual.com\\\/inicio\\\/wp-content\\\/uploads\\\/2023\\\/05\\\/logotextual1.jpg\",\"width\":516,\"height\":76,\"caption\":\"Diario Textual\"},\"image\":{\"@id\":\"https:\\\/\\\/diariotextual.com\\\/inicio\\\/#\\\/schema\\\/logo\\\/image\\\/\"},\"sameAs\":[\"https:\\\/\\\/www.facebook.com\\\/eltextual\",\"https:\\\/\\\/x.com\\\/eltextual\",\"http:\\\/\\\/www.instagram.com\\\/eltextual\"]},{\"@type\":\"Person\",\"@id\":\"https:\\\/\\\/diariotextual.com\\\/inicio\\\/#\\\/schema\\\/person\\\/a1b6f563e0ee944c60f98119389a4d9f\",\"name\":\"diario3\",\"image\":{\"@type\":\"ImageObject\",\"inLanguage\":\"es\",\"@id\":\"https:\\\/\\\/secure.gravatar.com\\\/avatar\\\/5e7ee62c82fc04d9dd79d746a390d93c69c43223e5faeeb3ea9461ef752bfc5d?s=96&d=mm&r=g\",\"url\":\"https:\\\/\\\/secure.gravatar.com\\\/avatar\\\/5e7ee62c82fc04d9dd79d746a390d93c69c43223e5faeeb3ea9461ef752bfc5d?s=96&d=mm&r=g\",\"contentUrl\":\"https:\\\/\\\/secure.gravatar.com\\\/avatar\\\/5e7ee62c82fc04d9dd79d746a390d93c69c43223e5faeeb3ea9461ef752bfc5d?s=96&d=mm&r=g\",\"caption\":\"diario3\"},\"url\":\"https:\\\/\\\/diariotextual.com\\\/inicio\\\/index.php\\\/author\\\/diario3\\\/\"}]}<\/script>\n<!-- \/ Yoast SEO plugin. -->","yoast_head_json":{"title":"\u201cHay una derrota parlamentaria pero tambi\u00e9n una trampa\u201d - Diario Textual","robots":{"index":"index","follow":"follow","max-snippet":"max-snippet:-1","max-image-preview":"max-image-preview:large","max-video-preview":"max-video-preview:-1"},"canonical":"https:\/\/diariotextual.com\/inicio\/index.php\/2024\/01\/27\/hay-una-derrota-parlamentaria-pero-tambien-una-trampa\/","og_locale":"es_ES","og_type":"article","og_title":"\u201cHay una derrota parlamentaria pero tambi\u00e9n una trampa\u201d - Diario Textual","og_description":"El presidente del bloque de Uni\u00f3n por la Patria (UxP) en la C\u00e1mara de Diputados, Germ\u00e1n Mart\u00ednez, consider\u00f3 como \u201cuna derrota parlamentaria, pero tambi\u00e9n una trampa\u201d el retiro del paquete&hellip;","og_url":"https:\/\/diariotextual.com\/inicio\/index.php\/2024\/01\/27\/hay-una-derrota-parlamentaria-pero-tambien-una-trampa\/","og_site_name":"Diario Textual","article_publisher":"https:\/\/www.facebook.com\/eltextual","article_published_time":"2024-01-27T16:15:58+00:00","article_modified_time":"2024-01-27T18:50:09+00:00","og_image":[{"width":900,"height":506,"url":"https:\/\/diariotextual.com\/inicio\/wp-content\/uploads\/2024\/01\/martinezgerman2024.jpg","type":"image\/jpeg"}],"author":"diario3","twitter_card":"summary_large_image","twitter_creator":"@eltextual","twitter_site":"@eltextual","twitter_misc":{"Escrito por":"diario3","Tiempo de lectura":"2 minutos"},"schema":{"@context":"https:\/\/schema.org","@graph":[{"@type":"Article","@id":"https:\/\/diariotextual.com\/inicio\/index.php\/2024\/01\/27\/hay-una-derrota-parlamentaria-pero-tambien-una-trampa\/#article","isPartOf":{"@id":"https:\/\/diariotextual.com\/inicio\/index.php\/2024\/01\/27\/hay-una-derrota-parlamentaria-pero-tambien-una-trampa\/"},"author":{"name":"diario3","@id":"https:\/\/diariotextual.com\/inicio\/#\/schema\/person\/a1b6f563e0ee944c60f98119389a4d9f"},"headline":"\u201cHay una derrota parlamentaria pero tambi\u00e9n una trampa\u201d","datePublished":"2024-01-27T16:15:58+00:00","dateModified":"2024-01-27T18:50:09+00:00","mainEntityOfPage":{"@id":"https:\/\/diariotextual.com\/inicio\/index.php\/2024\/01\/27\/hay-una-derrota-parlamentaria-pero-tambien-una-trampa\/"},"wordCount":397,"publisher":{"@id":"https:\/\/diariotextual.com\/inicio\/#organization"},"image":{"@id":"https:\/\/diariotextual.com\/inicio\/index.php\/2024\/01\/27\/hay-una-derrota-parlamentaria-pero-tambien-una-trampa\/#primaryimage"},"thumbnailUrl":"https:\/\/diariotextual.com\/inicio\/wp-content\/uploads\/2024\/01\/martinezgerman2024.jpg","keywords":["congreso"],"articleSection":["A - ES NOTICIA (van abajo)","POLITICA"],"inLanguage":"es"},{"@type":"WebPage","@id":"https:\/\/diariotextual.com\/inicio\/index.php\/2024\/01\/27\/hay-una-derrota-parlamentaria-pero-tambien-una-trampa\/","url":"https:\/\/diariotextual.com\/inicio\/index.php\/2024\/01\/27\/hay-una-derrota-parlamentaria-pero-tambien-una-trampa\/","name":"\u201cHay una derrota parlamentaria pero tambi\u00e9n una trampa\u201d - Diario Textual","isPartOf":{"@id":"https:\/\/diariotextual.com\/inicio\/#website"},"primaryImageOfPage":{"@id":"https:\/\/diariotextual.com\/inicio\/index.php\/2024\/01\/27\/hay-una-derrota-parlamentaria-pero-tambien-una-trampa\/#primaryimage"},"image":{"@id":"https:\/\/diariotextual.com\/inicio\/index.php\/2024\/01\/27\/hay-una-derrota-parlamentaria-pero-tambien-una-trampa\/#primaryimage"},"thumbnailUrl":"https:\/\/diariotextual.com\/inicio\/wp-content\/uploads\/2024\/01\/martinezgerman2024.jpg","datePublished":"2024-01-27T16:15:58+00:00","dateModified":"2024-01-27T18:50:09+00:00","breadcrumb":{"@id":"https:\/\/diariotextual.com\/inicio\/index.php\/2024\/01\/27\/hay-una-derrota-parlamentaria-pero-tambien-una-trampa\/#breadcrumb"},"inLanguage":"es","potentialAction":[{"@type":"ReadAction","target":["https:\/\/diariotextual.com\/inicio\/index.php\/2024\/01\/27\/hay-una-derrota-parlamentaria-pero-tambien-una-trampa\/"]}]},{"@type":"ImageObject","inLanguage":"es","@id":"https:\/\/diariotextual.com\/inicio\/index.php\/2024\/01\/27\/hay-una-derrota-parlamentaria-pero-tambien-una-trampa\/#primaryimage","url":"https:\/\/diariotextual.com\/inicio\/wp-content\/uploads\/2024\/01\/martinezgerman2024.jpg","contentUrl":"https:\/\/diariotextual.com\/inicio\/wp-content\/uploads\/2024\/01\/martinezgerman2024.jpg","width":900,"height":506},{"@type":"BreadcrumbList","@id":"https:\/\/diariotextual.com\/inicio\/index.php\/2024\/01\/27\/hay-una-derrota-parlamentaria-pero-tambien-una-trampa\/#breadcrumb","itemListElement":[{"@type":"ListItem","position":1,"name":"Portada","item":"https:\/\/diariotextual.com\/inicio\/"},{"@type":"ListItem","position":2,"name":"\u201cHay una derrota parlamentaria pero tambi\u00e9n una trampa\u201d"}]},{"@type":"WebSite","@id":"https:\/\/diariotextual.com\/inicio\/#website","url":"https:\/\/diariotextual.com\/inicio\/","name":"Diario Textual","description":"","publisher":{"@id":"https:\/\/diariotextual.com\/inicio\/#organization"},"potentialAction":[{"@type":"SearchAction","target":{"@type":"EntryPoint","urlTemplate":"https:\/\/diariotextual.com\/inicio\/?s={search_term_string}"},"query-input":{"@type":"PropertyValueSpecification","valueRequired":true,"valueName":"search_term_string"}}],"inLanguage":"es"},{"@type":"Organization","@id":"https:\/\/diariotextual.com\/inicio\/#organization","name":"Diario Textual","url":"https:\/\/diariotextual.com\/inicio\/","logo":{"@type":"ImageObject","inLanguage":"es","@id":"https:\/\/diariotextual.com\/inicio\/#\/schema\/logo\/image\/","url":"https:\/\/diariotextual.com\/inicio\/wp-content\/uploads\/2023\/05\/logotextual1.jpg","contentUrl":"https:\/\/diariotextual.com\/inicio\/wp-content\/uploads\/2023\/05\/logotextual1.jpg","width":516,"height":76,"caption":"Diario Textual"},"image":{"@id":"https:\/\/diariotextual.com\/inicio\/#\/schema\/logo\/image\/"},"sameAs":["https:\/\/www.facebook.com\/eltextual","https:\/\/x.com\/eltextual","http:\/\/www.instagram.com\/eltextual"]},{"@type":"Person","@id":"https:\/\/diariotextual.com\/inicio\/#\/schema\/person\/a1b6f563e0ee944c60f98119389a4d9f","name":"diario3","image":{"@type":"ImageObject","inLanguage":"es","@id":"https:\/\/secure.gravatar.com\/avatar\/5e7ee62c82fc04d9dd79d746a390d93c69c43223e5faeeb3ea9461ef752bfc5d?s=96&d=mm&r=g","url":"https:\/\/secure.gravatar.com\/avatar\/5e7ee62c82fc04d9dd79d746a390d93c69c43223e5faeeb3ea9461ef752bfc5d?s=96&d=mm&r=g","contentUrl":"https:\/\/secure.gravatar.com\/avatar\/5e7ee62c82fc04d9dd79d746a390d93c69c43223e5faeeb3ea9461ef752bfc5d?s=96&d=mm&r=g","caption":"diario3"},"url":"https:\/\/diariotextual.com\/inicio\/index.php\/author\/diario3\/"}]}},"_links":{"self":[{"href":"https:\/\/diariotextual.com\/inicio\/index.php\/wp-json\/wp\/v2\/posts\/252314","targetHints":{"allow":["GET"]}}],"collection":[{"href":"https:\/\/diariotextual.com\/inicio\/index.php\/wp-json\/wp\/v2\/posts"}],"about":[{"href":"https:\/\/diariotextual.com\/inicio\/index.php\/wp-json\/wp\/v2\/types\/post"}],"author":[{"embeddable":true,"href":"https:\/\/diariotextual.com\/inicio\/index.php\/wp-json\/wp\/v2\/users\/5"}],"replies":[{"embeddable":true,"href":"https:\/\/diariotextual.com\/inicio\/index.php\/wp-json\/wp\/v2\/comments?post=252314"}],"version-history":[{"count":1,"href":"https:\/\/diariotextual.com\/inicio\/index.php\/wp-json\/wp\/v2\/posts\/252314\/revisions"}],"predecessor-version":[{"id":252316,"href":"https:\/\/diariotextual.com\/inicio\/index.php\/wp-json\/wp\/v2\/posts\/252314\/revisions\/252316"}],"wp:featuredmedia":[{"embeddable":true,"href":"https:\/\/diariotextual.com\/inicio\/index.php\/wp-json\/wp\/v2\/media\/252315"}],"wp:attachment":[{"href":"https:\/\/diariotextual.com\/inicio\/index.php\/wp-json\/wp\/v2\/media?parent=252314"}],"wp:term":[{"taxonomy":"category","embeddable":true,"href":"https:\/\/diariotextual.com\/inicio\/index.php\/wp-json\/wp\/v2\/categories?post=252314"},{"taxonomy":"post_tag","embeddable":true,"href":"https:\/\/diariotextual.com\/inicio\/index.php\/wp-json\/wp\/v2\/tags?post=252314"}],"curies":[{"name":"wp","href":"https:\/\/api.w.org\/{rel}","templated":true}]}}