{"id":252333,"date":"2024-01-27T16:08:50","date_gmt":"2024-01-27T19:08:50","guid":{"rendered":"https:\/\/diariotextual.com\/inicio\/?p=252333"},"modified":"2024-01-28T08:25:00","modified_gmt":"2024-01-28T11:25:00","slug":"peronistas-y-opositores-despiden-a-ruben-marin","status":"publish","type":"post","link":"https:\/\/diariotextual.com\/inicio\/index.php\/2024\/01\/27\/peronistas-y-opositores-despiden-a-ruben-marin\/","title":{"rendered":"Peronistas y opositores despiden a Rub\u00e9n Mar\u00edn"},"content":{"rendered":"\n<p><strong>Dirigentes del peronismo, del radicalismo y otros partidos pol\u00edticos despiden por las redes sociales a Rub\u00e9n Hugo Mar\u00edn, el cuatro veces gobernador que falleci\u00f3 en Santa Rosa a sus 89 a\u00f1os de edad.<\/strong><\/p>\n\n\n\n<figure class=\"wp-block-embed is-type-wp-embed is-provider-diario-textual wp-block-embed-diario-textual\"><div class=\"wp-block-embed__wrapper\">\n<blockquote class=\"wp-embedded-content\" data-secret=\"rsxbSate0f\"><a href=\"https:\/\/diariotextual.com\/inicio\/index.php\/2024\/01\/27\/ruben-marin-en-su-dimension-historica\/\">Rub\u00e9n Mar\u00edn en su dimensi\u00f3n hist\u00f3rica<\/a><\/blockquote><iframe class=\"wp-embedded-content\" sandbox=\"allow-scripts\" security=\"restricted\" style=\"position: absolute; clip: rect(1px, 1px, 1px, 1px);\" title=\"\u00abRub\u00e9n Mar\u00edn en su dimensi\u00f3n hist\u00f3rica\u00bb \u2014 Diario Textual\" src=\"https:\/\/diariotextual.com\/inicio\/index.php\/2024\/01\/27\/ruben-marin-en-su-dimension-historica\/embed\/#?secret=sycxCyTYhh#?secret=rsxbSate0f\" data-secret=\"rsxbSate0f\" width=\"600\" height=\"338\" frameborder=\"0\" marginwidth=\"0\" marginheight=\"0\" scrolling=\"no\"><\/iframe>\n<\/div><\/figure>\n\n\n\n<p><strong>Luciano di N\u00e1poli<\/strong>, intendente de Santa Rosa y referente de La C\u00e1mpora, fue uno de ellos. Eligi\u00f3 llamarlo \u201cEl T\u00edo\u201d, como se lo conoc\u00eda. \u201cHay tipos que trascienden la historia, por eso con s\u00f3lo nombrarlos todos sabemos de qu\u00e9 hablamos. Hoy nos deja Rub\u00e9n Mar\u00edn, sin lugar a dudas uno de los m\u00e1s grandes l\u00edderes que pari\u00f3 esta tierra y el peronismo pampeano\u201d, expres\u00f3. \u201cEl pueblo pampeano lo eligi\u00f3 4 veces como gobernador de esta provincia y la historia ya lo tiene en un lugar de privilegio. A toda su familia vaya mis condolencias, a todo el pueblo peronista el abrazo fraterno en este duro momento. Hoy todos los pampeanos nos sentimos un&nbsp; poco m\u00e1s solos sin la palabra y los consejos de Rub\u00e9n. Qepd querido compa\u00f1ero. Su lucha no ha sido para nada en vano\u201d, finaliz\u00f3.<\/p>\n\n\n\n<p><\/p>\n\n\n\n<blockquote class=\"twitter-tweet\"><p lang=\"es\" dir=\"ltr\">RUBEN HUGO, EL TIO. <br><br>Hay tipos que trascienden la historia, por eso con s\u00f3lo nombrarlos todos sabemos de qu\u00e9 hablamos. <br>Hoy nos deja Ruben Marin, sin lugar a dudas uno de los m\u00e1s grandes l\u00edderes que pari\u00f3 esta tierra y el peronismo pampeano. <a href=\"https:\/\/t.co\/lx6eDZNciA\">pic.twitter.com\/lx6eDZNciA<\/a><\/p>&mdash; Luciano di N\u00e1poli (@copetedinapoli) <a href=\"https:\/\/twitter.com\/copetedinapoli\/status\/1751270217525686371?ref_src=twsrc%5Etfw\">January 27, 2024<\/a><\/blockquote> <script async src=\"https:\/\/platform.twitter.com\/widgets.js\" charset=\"utf-8\"><\/script>\n\n\n\n<p><strong>Carlos Verna<\/strong>, dos veces gobernador, record\u00f3 el <strong>\u201clegado admirable\u201d <\/strong>de Mar\u00edn. \u201cHoy nos deja Rub\u00e9n Hugo Mar\u00edn, un enorme l\u00edder pol\u00edtico, quien como Gobernador de La Pampa, Senador, Diputado Nacional y dirigente del Partido Justicialista, dej\u00f3 un legado admirable\u201d, dijo. \u201cEn lo personal se va un gran amigo y compa\u00f1ero. Mis m\u00e1s sinceras condolencias a su familia\u201d.<\/p>\n\n\n\n<p>El gobernador <strong>Sergio Ziliotto<\/strong> fue uno de los primeros en recordar el legado de Mar\u00edn. \u201cHa fallecido Rub\u00e9n Hugo Mar\u00edn. Gobernador, Diputado y Senador Nacional, Presidente del Partido Justicialista, pero fundamentalmente un L\u00edder\u201d, escribi\u00f3 en las redes sociales. \u201c<strong>Gracias por tu militancia, por tu legado, por tu defensa de La Pampa! Gracias Rub\u00e9n por ense\u00f1arnos a querer, militar y defender el peronismo! \u00a1Hasta Siempre Compa\u00f1ero!<\/strong>\u201d, finaliz\u00f3.<\/p>\n\n\n\n<blockquote class=\"twitter-tweet\"><p lang=\"es\" dir=\"ltr\">Ha fallecido Rub\u00e9n Hugo Mar\u00edn. <br><br>Gobernador, Diputado y Senador Nacional, Presidente del Partido Justicialista, pero fundamentalmente un L\u00edder.<br> <br>Gracias por tu militancia, por tu legado, por tu defensa de La Pampa! <br><br>Gracias Rub\u00e9n por ense\u00f1arnos a querer, militar y defender el\u2026 <a href=\"https:\/\/t.co\/WW084wFlZG\">pic.twitter.com\/WW084wFlZG<\/a><\/p>&mdash; Sergio Ziliotto (@ZiliottoSergio) <a href=\"https:\/\/twitter.com\/ZiliottoSergio\/status\/1751266185025380649?ref_src=twsrc%5Etfw\">January 27, 2024<\/a><\/blockquote> <script async src=\"https:\/\/platform.twitter.com\/widgets.js\" charset=\"utf-8\"><\/script>\n\n\n\n<p>La vicegobernadora de La Pampa, <strong>Alicia Mayoral<\/strong>, record\u00f3 como un \u201creferente hist\u00f3rico\u201d al exmandatario. \u201cCon profundo pesar, recibimos la noticia del fallecimiento de Rub\u00e9n Hugo Mar\u00edn. Su dedicaci\u00f3n como ex gobernador en cuatro ocasiones y referente hist\u00f3rico del peronismo en la provincia de La Pampa deja un legado imborrable\u201d, public\u00f3 en las redes sociales. \u201cEnv\u00edo mis condolencias y abrazo a sus seres queridos en este dif\u00edcil momento. Que descanses en paz, Rub\u00e9n\u201d, agreg\u00f3.<\/p>\n\n\n\n<p>El periodista <strong>Nelson Nicoletti<\/strong>, quien fuera funcionario de Mar\u00edn, lo record\u00f3 con profundo afecto. \u201cPor ah\u00ed el Google te informa fechas, datos, cargos&#8230; lo que no te dir\u00e1 es que su coraz\u00f3n, operado, guardaba el amor m\u00e1s grande por los humildes, los cabecitas, los orilleros&#8230; los herederos habitantes del subsuelo de la Patria que quedaron hu\u00e9rfanos de Evita y despu\u00e9s del General&#8230; y \u00e9l adopt\u00f3 a todos esos pampeanos, para convertirse en El T\u00edo&#8230;.y hacerles un lugar en este cielo compa\u00f1ero\u201d, sostuvo. \u201cHoy que marcha Rub\u00e9n para amucharse con Don Antonio y Do\u00f1a Mar\u00eda\u2026. en este d\u00eda tan triste\u2026 llover\u00e1n loas y declaraciones sobre Rub\u00e9n y su larga e incre\u00edble trayectoria pol\u00edtica \u2026.y que bien ganadas se las tiene, \u2026aunque yo prefiero pensar que habr\u00e1 en las casas peronistas de La Pampa una oraci\u00f3n y un recuerdo para quien hizo felices tantas vidas\u2026 Un fuerte abrazo Ruben y hasta vernos\u2026!\u201d, finaliz\u00f3.<\/p>\n\n\n\n<p><strong>Daniel Kroneberger,<\/strong> senador nacional por el radicalismo y exintendente de Bar\u00f3n, defini\u00f3 como un \u201cl\u00edder pol\u00edtico nato\u201d a Mar\u00edn. \u201cTengo grandes recuerdos de Rub\u00e9n Mar\u00edn, cuatro veces gobernador de La Pampa; un l\u00edder pol\u00edtico nato, defensor de sus ideas y con quien tuve un gran v\u00ednculo, de muchos a\u00f1os. Acompa\u00f1o a sus hijos, esposa y afectos en este dif\u00edcil momento. Fuerza a sus seres queridos y hasta siempre\u201d, dijo.<\/p>\n\n\n\n<blockquote class=\"twitter-tweet\"><p lang=\"es\" dir=\"ltr\">Tengo grandes recuerdos de Rub\u00e9n Mar\u00edn, cuatro veces gobernador de La Pampa; l\u00edder pol\u00edtico nato, defensor de sus ideas y con quien tuve un gran v\u00ednculo, de muchos a\u00f1os. Acompa\u00f1o a sus hijos, esposa y afectos en este dif\u00edcil momento. Fuerza a sus seres queridos y hasta siempre. <a href=\"https:\/\/t.co\/AXq7IoZY4n\">pic.twitter.com\/AXq7IoZY4n<\/a><\/p>&mdash; Daniel Kroneberger (@Dkroneberger) <a href=\"https:\/\/twitter.com\/Dkroneberger\/status\/1751274929746563400?ref_src=twsrc%5Etfw\">January 27, 2024<\/a><\/blockquote> <script async src=\"https:\/\/platform.twitter.com\/widgets.js\" charset=\"utf-8\"><\/script>\n\n\n\n<p>El senador nacional por el peronismo <strong>Daniel Bensus\u00e1n <\/strong>dijo que deja \u201cuna historia de lucha\u201d por La Pampa. \u201cCon gran respeto y pesar decimos hasta siempre al Dr. Rub\u00e9n Hugo Mar\u00edn. Nos deja su historia de lucha por La Pampa y el peronismo. El acompa\u00f1amiento presente para su familia y afecto\u201d, sostuvo.<\/p>\n\n\n\n<p>La diputada provincial y referente de La C\u00e1mpora,<strong> Mar\u00eda Luz Alonso<\/strong>, expres\u00f3 su pesar por el fallecimiento de Mar\u00edn. \u201cHoy nos toca despedir al compa\u00f1ero Rub\u00e9n Mar\u00edn, ex gobernador de nuestra provincia, y una referencia hist\u00f3rica del peronismo a nivel nacional.&nbsp;Gracias por tu compromiso incansable con La Pampa.&nbsp;Mis condolencias a sus familiares, compa\u00f1eros y amigos en este dif\u00edcil momento\u201d, sostuvo.<\/p>\n\n\n\n<p>El ministro de Gobierno, <strong>Pascual Fern\u00e1ndez<\/strong>, sum\u00f3 su pesar. \u201cEl peronismo se queda sin un dirigente que supo conducir a la provincia y a un militante que dej\u00f3 una huella imborrable en la historia de La Pampa. Nos deja un legado de vivir la pol\u00edtica con pasi\u00f3n, como militancia y servicio. \u00a1Hasta siempre compa\u00f1ero Rub\u00e9n Hugo Mar\u00edn! Mucha fuerza a su familia ante esta irreparable p\u00e9rdida\u201d, manifest\u00f3.<\/p>\n\n\n\n<p>El diputado provincial <strong>Hern\u00e1n P\u00e9rez Araujo<\/strong> tambi\u00e9n lo record\u00f3. \u201cNos dej\u00f3 Rub\u00e9n Mar\u00edn, una pieza invalorable de la historia de nuestra querida provincia y del Peronismo. L\u00edder de una generaci\u00f3n, consulta obligada del camino a seguir. Hoy, en medio de este l\u00edo, todos nos sentimos un poco m\u00e1s solos.Mi acompa\u00f1amiento a su familia. QEPD\u201d, escribi\u00f3.<\/p>\n","protected":false},"excerpt":{"rendered":"<p>Dirigentes del peronismo, del radicalismo y otros partidos pol\u00edticos despiden por las redes sociales a Rub\u00e9n Hugo Mar\u00edn, el cuatro veces gobernador que falleci\u00f3 en Santa Rosa a sus 89&hellip;<\/p>\n","protected":false},"author":3,"featured_media":166119,"comment_status":"closed","ping_status":"open","sticky":false,"template":"","format":"standard","meta":{"_acf_changed":false,"footnotes":""},"categories":[1,8],"tags":[],"class_list":["post-252333","post","type-post","status-publish","format-standard","has-post-thumbnail","hentry","category-es-noticia","category-politica"],"acf":[],"yoast_head":"<!-- This site is optimized with the Yoast SEO plugin v27.5 - https:\/\/yoast.com\/product\/yoast-seo-wordpress\/ -->\n<title>Peronistas y opositores despiden a Rub\u00e9n Mar\u00edn - Diario Textual<\/title>\n<meta name=\"robots\" content=\"index, follow, max-snippet:-1, max-image-preview:large, max-video-preview:-1\" \/>\n<link rel=\"canonical\" href=\"https:\/\/diariotextual.com\/inicio\/index.php\/2024\/01\/27\/peronistas-y-opositores-despiden-a-ruben-marin\/\" \/>\n<meta property=\"og:locale\" content=\"es_ES\" \/>\n<meta property=\"og:type\" content=\"article\" \/>\n<meta property=\"og:title\" content=\"Peronistas y opositores despiden a Rub\u00e9n Mar\u00edn - Diario Textual\" \/>\n<meta property=\"og:description\" content=\"Dirigentes del peronismo, del radicalismo y otros partidos pol\u00edticos despiden por las redes sociales a Rub\u00e9n Hugo Mar\u00edn, el cuatro veces gobernador que falleci\u00f3 en Santa Rosa a sus 89&hellip;\" \/>\n<meta property=\"og:url\" content=\"https:\/\/diariotextual.com\/inicio\/index.php\/2024\/01\/27\/peronistas-y-opositores-despiden-a-ruben-marin\/\" \/>\n<meta property=\"og:site_name\" content=\"Diario Textual\" \/>\n<meta property=\"article:publisher\" content=\"https:\/\/www.facebook.com\/eltextual\" \/>\n<meta property=\"article:published_time\" content=\"2024-01-27T19:08:50+00:00\" \/>\n<meta property=\"article:modified_time\" content=\"2024-01-28T11:25:00+00:00\" \/>\n<meta property=\"og:image\" content=\"https:\/\/diariotextual.com\/inicio\/wp-content\/uploads\/2021\/10\/marinrubenmilitando2021-1.jpg\" \/>\n\t<meta property=\"og:image:width\" content=\"1103\" \/>\n\t<meta property=\"og:image:height\" content=\"668\" \/>\n\t<meta property=\"og:image:type\" content=\"image\/jpeg\" \/>\n<meta name=\"author\" content=\"Diario1 Diario1\" \/>\n<meta name=\"twitter:card\" content=\"summary_large_image\" \/>\n<meta name=\"twitter:creator\" content=\"@eltextual\" \/>\n<meta name=\"twitter:site\" content=\"@eltextual\" \/>\n<meta name=\"twitter:label1\" content=\"Escrito por\" \/>\n\t<meta name=\"twitter:data1\" content=\"Diario1 Diario1\" \/>\n\t<meta name=\"twitter:label2\" content=\"Tiempo de lectura\" \/>\n\t<meta name=\"twitter:data2\" content=\"4 minutos\" \/>\n<script type=\"application\/ld+json\" class=\"yoast-schema-graph\">{\"@context\":\"https:\\\/\\\/schema.org\",\"@graph\":[{\"@type\":\"Article\",\"@id\":\"https:\\\/\\\/diariotextual.com\\\/inicio\\\/index.php\\\/2024\\\/01\\\/27\\\/peronistas-y-opositores-despiden-a-ruben-marin\\\/#article\",\"isPartOf\":{\"@id\":\"https:\\\/\\\/diariotextual.com\\\/inicio\\\/index.php\\\/2024\\\/01\\\/27\\\/peronistas-y-opositores-despiden-a-ruben-marin\\\/\"},\"author\":{\"name\":\"Diario1 Diario1\",\"@id\":\"https:\\\/\\\/diariotextual.com\\\/inicio\\\/#\\\/schema\\\/person\\\/418fc4093c33e86ed41562db3508f958\"},\"headline\":\"Peronistas y opositores despiden a Rub\u00e9n Mar\u00edn\",\"datePublished\":\"2024-01-27T19:08:50+00:00\",\"dateModified\":\"2024-01-28T11:25:00+00:00\",\"mainEntityOfPage\":{\"@id\":\"https:\\\/\\\/diariotextual.com\\\/inicio\\\/index.php\\\/2024\\\/01\\\/27\\\/peronistas-y-opositores-despiden-a-ruben-marin\\\/\"},\"wordCount\":1118,\"publisher\":{\"@id\":\"https:\\\/\\\/diariotextual.com\\\/inicio\\\/#organization\"},\"image\":{\"@id\":\"https:\\\/\\\/diariotextual.com\\\/inicio\\\/index.php\\\/2024\\\/01\\\/27\\\/peronistas-y-opositores-despiden-a-ruben-marin\\\/#primaryimage\"},\"thumbnailUrl\":\"https:\\\/\\\/diariotextual.com\\\/inicio\\\/wp-content\\\/uploads\\\/2021\\\/10\\\/marinrubenmilitando2021-1.jpg\",\"articleSection\":[\"A - ES NOTICIA (van abajo)\",\"POLITICA\"],\"inLanguage\":\"es\"},{\"@type\":\"WebPage\",\"@id\":\"https:\\\/\\\/diariotextual.com\\\/inicio\\\/index.php\\\/2024\\\/01\\\/27\\\/peronistas-y-opositores-despiden-a-ruben-marin\\\/\",\"url\":\"https:\\\/\\\/diariotextual.com\\\/inicio\\\/index.php\\\/2024\\\/01\\\/27\\\/peronistas-y-opositores-despiden-a-ruben-marin\\\/\",\"name\":\"Peronistas y opositores despiden a Rub\u00e9n Mar\u00edn - Diario Textual\",\"isPartOf\":{\"@id\":\"https:\\\/\\\/diariotextual.com\\\/inicio\\\/#website\"},\"primaryImageOfPage\":{\"@id\":\"https:\\\/\\\/diariotextual.com\\\/inicio\\\/index.php\\\/2024\\\/01\\\/27\\\/peronistas-y-opositores-despiden-a-ruben-marin\\\/#primaryimage\"},\"image\":{\"@id\":\"https:\\\/\\\/diariotextual.com\\\/inicio\\\/index.php\\\/2024\\\/01\\\/27\\\/peronistas-y-opositores-despiden-a-ruben-marin\\\/#primaryimage\"},\"thumbnailUrl\":\"https:\\\/\\\/diariotextual.com\\\/inicio\\\/wp-content\\\/uploads\\\/2021\\\/10\\\/marinrubenmilitando2021-1.jpg\",\"datePublished\":\"2024-01-27T19:08:50+00:00\",\"dateModified\":\"2024-01-28T11:25:00+00:00\",\"breadcrumb\":{\"@id\":\"https:\\\/\\\/diariotextual.com\\\/inicio\\\/index.php\\\/2024\\\/01\\\/27\\\/peronistas-y-opositores-despiden-a-ruben-marin\\\/#breadcrumb\"},\"inLanguage\":\"es\",\"potentialAction\":[{\"@type\":\"ReadAction\",\"target\":[\"https:\\\/\\\/diariotextual.com\\\/inicio\\\/index.php\\\/2024\\\/01\\\/27\\\/peronistas-y-opositores-despiden-a-ruben-marin\\\/\"]}]},{\"@type\":\"ImageObject\",\"inLanguage\":\"es\",\"@id\":\"https:\\\/\\\/diariotextual.com\\\/inicio\\\/index.php\\\/2024\\\/01\\\/27\\\/peronistas-y-opositores-despiden-a-ruben-marin\\\/#primaryimage\",\"url\":\"https:\\\/\\\/diariotextual.com\\\/inicio\\\/wp-content\\\/uploads\\\/2021\\\/10\\\/marinrubenmilitando2021-1.jpg\",\"contentUrl\":\"https:\\\/\\\/diariotextual.com\\\/inicio\\\/wp-content\\\/uploads\\\/2021\\\/10\\\/marinrubenmilitando2021-1.jpg\",\"width\":1103,\"height\":668},{\"@type\":\"BreadcrumbList\",\"@id\":\"https:\\\/\\\/diariotextual.com\\\/inicio\\\/index.php\\\/2024\\\/01\\\/27\\\/peronistas-y-opositores-despiden-a-ruben-marin\\\/#breadcrumb\",\"itemListElement\":[{\"@type\":\"ListItem\",\"position\":1,\"name\":\"Portada\",\"item\":\"https:\\\/\\\/diariotextual.com\\\/inicio\\\/\"},{\"@type\":\"ListItem\",\"position\":2,\"name\":\"Peronistas y opositores despiden a Rub\u00e9n Mar\u00edn\"}]},{\"@type\":\"WebSite\",\"@id\":\"https:\\\/\\\/diariotextual.com\\\/inicio\\\/#website\",\"url\":\"https:\\\/\\\/diariotextual.com\\\/inicio\\\/\",\"name\":\"Diario Textual\",\"description\":\"\",\"publisher\":{\"@id\":\"https:\\\/\\\/diariotextual.com\\\/inicio\\\/#organization\"},\"potentialAction\":[{\"@type\":\"SearchAction\",\"target\":{\"@type\":\"EntryPoint\",\"urlTemplate\":\"https:\\\/\\\/diariotextual.com\\\/inicio\\\/?s={search_term_string}\"},\"query-input\":{\"@type\":\"PropertyValueSpecification\",\"valueRequired\":true,\"valueName\":\"search_term_string\"}}],\"inLanguage\":\"es\"},{\"@type\":\"Organization\",\"@id\":\"https:\\\/\\\/diariotextual.com\\\/inicio\\\/#organization\",\"name\":\"Diario Textual\",\"url\":\"https:\\\/\\\/diariotextual.com\\\/inicio\\\/\",\"logo\":{\"@type\":\"ImageObject\",\"inLanguage\":\"es\",\"@id\":\"https:\\\/\\\/diariotextual.com\\\/inicio\\\/#\\\/schema\\\/logo\\\/image\\\/\",\"url\":\"https:\\\/\\\/diariotextual.com\\\/inicio\\\/wp-content\\\/uploads\\\/2023\\\/05\\\/logotextual1.jpg\",\"contentUrl\":\"https:\\\/\\\/diariotextual.com\\\/inicio\\\/wp-content\\\/uploads\\\/2023\\\/05\\\/logotextual1.jpg\",\"width\":516,\"height\":76,\"caption\":\"Diario Textual\"},\"image\":{\"@id\":\"https:\\\/\\\/diariotextual.com\\\/inicio\\\/#\\\/schema\\\/logo\\\/image\\\/\"},\"sameAs\":[\"https:\\\/\\\/www.facebook.com\\\/eltextual\",\"https:\\\/\\\/x.com\\\/eltextual\",\"http:\\\/\\\/www.instagram.com\\\/eltextual\"]},{\"@type\":\"Person\",\"@id\":\"https:\\\/\\\/diariotextual.com\\\/inicio\\\/#\\\/schema\\\/person\\\/418fc4093c33e86ed41562db3508f958\",\"name\":\"Diario1 Diario1\",\"image\":{\"@type\":\"ImageObject\",\"inLanguage\":\"es\",\"@id\":\"https:\\\/\\\/secure.gravatar.com\\\/avatar\\\/9167d280179c85bc18be67aa7eda765854300033af4896dd779b608640f2ef7a?s=96&d=mm&r=g\",\"url\":\"https:\\\/\\\/secure.gravatar.com\\\/avatar\\\/9167d280179c85bc18be67aa7eda765854300033af4896dd779b608640f2ef7a?s=96&d=mm&r=g\",\"contentUrl\":\"https:\\\/\\\/secure.gravatar.com\\\/avatar\\\/9167d280179c85bc18be67aa7eda765854300033af4896dd779b608640f2ef7a?s=96&d=mm&r=g\",\"caption\":\"Diario1 Diario1\"},\"url\":\"https:\\\/\\\/diariotextual.com\\\/inicio\\\/index.php\\\/author\\\/diario1\\\/\"}]}<\/script>\n<!-- \/ Yoast SEO plugin. -->","yoast_head_json":{"title":"Peronistas y opositores despiden a Rub\u00e9n Mar\u00edn - Diario Textual","robots":{"index":"index","follow":"follow","max-snippet":"max-snippet:-1","max-image-preview":"max-image-preview:large","max-video-preview":"max-video-preview:-1"},"canonical":"https:\/\/diariotextual.com\/inicio\/index.php\/2024\/01\/27\/peronistas-y-opositores-despiden-a-ruben-marin\/","og_locale":"es_ES","og_type":"article","og_title":"Peronistas y opositores despiden a Rub\u00e9n Mar\u00edn - Diario Textual","og_description":"Dirigentes del peronismo, del radicalismo y otros partidos pol\u00edticos despiden por las redes sociales a Rub\u00e9n Hugo Mar\u00edn, el cuatro veces gobernador que falleci\u00f3 en Santa Rosa a sus 89&hellip;","og_url":"https:\/\/diariotextual.com\/inicio\/index.php\/2024\/01\/27\/peronistas-y-opositores-despiden-a-ruben-marin\/","og_site_name":"Diario Textual","article_publisher":"https:\/\/www.facebook.com\/eltextual","article_published_time":"2024-01-27T19:08:50+00:00","article_modified_time":"2024-01-28T11:25:00+00:00","og_image":[{"width":1103,"height":668,"url":"https:\/\/diariotextual.com\/inicio\/wp-content\/uploads\/2021\/10\/marinrubenmilitando2021-1.jpg","type":"image\/jpeg"}],"author":"Diario1 Diario1","twitter_card":"summary_large_image","twitter_creator":"@eltextual","twitter_site":"@eltextual","twitter_misc":{"Escrito por":"Diario1 Diario1","Tiempo de lectura":"4 minutos"},"schema":{"@context":"https:\/\/schema.org","@graph":[{"@type":"Article","@id":"https:\/\/diariotextual.com\/inicio\/index.php\/2024\/01\/27\/peronistas-y-opositores-despiden-a-ruben-marin\/#article","isPartOf":{"@id":"https:\/\/diariotextual.com\/inicio\/index.php\/2024\/01\/27\/peronistas-y-opositores-despiden-a-ruben-marin\/"},"author":{"name":"Diario1 Diario1","@id":"https:\/\/diariotextual.com\/inicio\/#\/schema\/person\/418fc4093c33e86ed41562db3508f958"},"headline":"Peronistas y opositores despiden a Rub\u00e9n Mar\u00edn","datePublished":"2024-01-27T19:08:50+00:00","dateModified":"2024-01-28T11:25:00+00:00","mainEntityOfPage":{"@id":"https:\/\/diariotextual.com\/inicio\/index.php\/2024\/01\/27\/peronistas-y-opositores-despiden-a-ruben-marin\/"},"wordCount":1118,"publisher":{"@id":"https:\/\/diariotextual.com\/inicio\/#organization"},"image":{"@id":"https:\/\/diariotextual.com\/inicio\/index.php\/2024\/01\/27\/peronistas-y-opositores-despiden-a-ruben-marin\/#primaryimage"},"thumbnailUrl":"https:\/\/diariotextual.com\/inicio\/wp-content\/uploads\/2021\/10\/marinrubenmilitando2021-1.jpg","articleSection":["A - ES NOTICIA (van abajo)","POLITICA"],"inLanguage":"es"},{"@type":"WebPage","@id":"https:\/\/diariotextual.com\/inicio\/index.php\/2024\/01\/27\/peronistas-y-opositores-despiden-a-ruben-marin\/","url":"https:\/\/diariotextual.com\/inicio\/index.php\/2024\/01\/27\/peronistas-y-opositores-despiden-a-ruben-marin\/","name":"Peronistas y opositores despiden a Rub\u00e9n Mar\u00edn - Diario Textual","isPartOf":{"@id":"https:\/\/diariotextual.com\/inicio\/#website"},"primaryImageOfPage":{"@id":"https:\/\/diariotextual.com\/inicio\/index.php\/2024\/01\/27\/peronistas-y-opositores-despiden-a-ruben-marin\/#primaryimage"},"image":{"@id":"https:\/\/diariotextual.com\/inicio\/index.php\/2024\/01\/27\/peronistas-y-opositores-despiden-a-ruben-marin\/#primaryimage"},"thumbnailUrl":"https:\/\/diariotextual.com\/inicio\/wp-content\/uploads\/2021\/10\/marinrubenmilitando2021-1.jpg","datePublished":"2024-01-27T19:08:50+00:00","dateModified":"2024-01-28T11:25:00+00:00","breadcrumb":{"@id":"https:\/\/diariotextual.com\/inicio\/index.php\/2024\/01\/27\/peronistas-y-opositores-despiden-a-ruben-marin\/#breadcrumb"},"inLanguage":"es","potentialAction":[{"@type":"ReadAction","target":["https:\/\/diariotextual.com\/inicio\/index.php\/2024\/01\/27\/peronistas-y-opositores-despiden-a-ruben-marin\/"]}]},{"@type":"ImageObject","inLanguage":"es","@id":"https:\/\/diariotextual.com\/inicio\/index.php\/2024\/01\/27\/peronistas-y-opositores-despiden-a-ruben-marin\/#primaryimage","url":"https:\/\/diariotextual.com\/inicio\/wp-content\/uploads\/2021\/10\/marinrubenmilitando2021-1.jpg","contentUrl":"https:\/\/diariotextual.com\/inicio\/wp-content\/uploads\/2021\/10\/marinrubenmilitando2021-1.jpg","width":1103,"height":668},{"@type":"BreadcrumbList","@id":"https:\/\/diariotextual.com\/inicio\/index.php\/2024\/01\/27\/peronistas-y-opositores-despiden-a-ruben-marin\/#breadcrumb","itemListElement":[{"@type":"ListItem","position":1,"name":"Portada","item":"https:\/\/diariotextual.com\/inicio\/"},{"@type":"ListItem","position":2,"name":"Peronistas y opositores despiden a Rub\u00e9n Mar\u00edn"}]},{"@type":"WebSite","@id":"https:\/\/diariotextual.com\/inicio\/#website","url":"https:\/\/diariotextual.com\/inicio\/","name":"Diario Textual","description":"","publisher":{"@id":"https:\/\/diariotextual.com\/inicio\/#organization"},"potentialAction":[{"@type":"SearchAction","target":{"@type":"EntryPoint","urlTemplate":"https:\/\/diariotextual.com\/inicio\/?s={search_term_string}"},"query-input":{"@type":"PropertyValueSpecification","valueRequired":true,"valueName":"search_term_string"}}],"inLanguage":"es"},{"@type":"Organization","@id":"https:\/\/diariotextual.com\/inicio\/#organization","name":"Diario Textual","url":"https:\/\/diariotextual.com\/inicio\/","logo":{"@type":"ImageObject","inLanguage":"es","@id":"https:\/\/diariotextual.com\/inicio\/#\/schema\/logo\/image\/","url":"https:\/\/diariotextual.com\/inicio\/wp-content\/uploads\/2023\/05\/logotextual1.jpg","contentUrl":"https:\/\/diariotextual.com\/inicio\/wp-content\/uploads\/2023\/05\/logotextual1.jpg","width":516,"height":76,"caption":"Diario Textual"},"image":{"@id":"https:\/\/diariotextual.com\/inicio\/#\/schema\/logo\/image\/"},"sameAs":["https:\/\/www.facebook.com\/eltextual","https:\/\/x.com\/eltextual","http:\/\/www.instagram.com\/eltextual"]},{"@type":"Person","@id":"https:\/\/diariotextual.com\/inicio\/#\/schema\/person\/418fc4093c33e86ed41562db3508f958","name":"Diario1 Diario1","image":{"@type":"ImageObject","inLanguage":"es","@id":"https:\/\/secure.gravatar.com\/avatar\/9167d280179c85bc18be67aa7eda765854300033af4896dd779b608640f2ef7a?s=96&d=mm&r=g","url":"https:\/\/secure.gravatar.com\/avatar\/9167d280179c85bc18be67aa7eda765854300033af4896dd779b608640f2ef7a?s=96&d=mm&r=g","contentUrl":"https:\/\/secure.gravatar.com\/avatar\/9167d280179c85bc18be67aa7eda765854300033af4896dd779b608640f2ef7a?s=96&d=mm&r=g","caption":"Diario1 Diario1"},"url":"https:\/\/diariotextual.com\/inicio\/index.php\/author\/diario1\/"}]}},"_links":{"self":[{"href":"https:\/\/diariotextual.com\/inicio\/index.php\/wp-json\/wp\/v2\/posts\/252333","targetHints":{"allow":["GET"]}}],"collection":[{"href":"https:\/\/diariotextual.com\/inicio\/index.php\/wp-json\/wp\/v2\/posts"}],"about":[{"href":"https:\/\/diariotextual.com\/inicio\/index.php\/wp-json\/wp\/v2\/types\/post"}],"author":[{"embeddable":true,"href":"https:\/\/diariotextual.com\/inicio\/index.php\/wp-json\/wp\/v2\/users\/3"}],"replies":[{"embeddable":true,"href":"https:\/\/diariotextual.com\/inicio\/index.php\/wp-json\/wp\/v2\/comments?post=252333"}],"version-history":[{"count":9,"href":"https:\/\/diariotextual.com\/inicio\/index.php\/wp-json\/wp\/v2\/posts\/252333\/revisions"}],"predecessor-version":[{"id":252344,"href":"https:\/\/diariotextual.com\/inicio\/index.php\/wp-json\/wp\/v2\/posts\/252333\/revisions\/252344"}],"wp:featuredmedia":[{"embeddable":true,"href":"https:\/\/diariotextual.com\/inicio\/index.php\/wp-json\/wp\/v2\/media\/166119"}],"wp:attachment":[{"href":"https:\/\/diariotextual.com\/inicio\/index.php\/wp-json\/wp\/v2\/media?parent=252333"}],"wp:term":[{"taxonomy":"category","embeddable":true,"href":"https:\/\/diariotextual.com\/inicio\/index.php\/wp-json\/wp\/v2\/categories?post=252333"},{"taxonomy":"post_tag","embeddable":true,"href":"https:\/\/diariotextual.com\/inicio\/index.php\/wp-json\/wp\/v2\/tags?post=252333"}],"curies":[{"name":"wp","href":"https:\/\/api.w.org\/{rel}","templated":true}]}}