{"id":252346,"date":"2024-01-27T18:36:32","date_gmt":"2024-01-27T21:36:32","guid":{"rendered":"https:\/\/diariotextual.com\/inicio\/?p=252346"},"modified":"2024-01-27T18:36:35","modified_gmt":"2024-01-27T21:36:35","slug":"el-insolito-motivo-que-dio-el-gobierno-por-que-guillermo-ferraro-deja-de-ser-ministro","status":"publish","type":"post","link":"https:\/\/diariotextual.com\/inicio\/index.php\/2024\/01\/27\/el-insolito-motivo-que-dio-el-gobierno-por-que-guillermo-ferraro-deja-de-ser-ministro\/","title":{"rendered":"El ins\u00f3lito motivo que dio el Gobierno: por qu\u00e9 Guillermo Ferraro deja de ser ministro"},"content":{"rendered":"\n<p>El presidente de la Naci\u00f3n, Javier Milei, decidi\u00f3 el jueves apartar de su cargo al ministro de Infraestructura, Guillermo Ferraro. El exfuncionario fue el apuntado por el jefe de Estado como responsable de filtrar informaci\u00f3n de las reuniones de Gabinete, sin autorizaci\u00f3n, a los medios de comunicaci\u00f3n.<\/p>\n\n\n\n<p>Por eso,&nbsp;<strong>Javier Milei&nbsp;<\/strong>decidi\u00f3 echarlo a poco m\u00e1s de un mes de haber asumido su cargo.&nbsp;Nicol\u00e1s Posse,&nbsp;el jefe de Gabinete, fue quien realiz\u00f3 el pedido formal de renuncia.&nbsp;&nbsp;<\/p>\n\n\n\n<p>Este s\u00e1bado, y ya sabi\u00e9ndose que Infraestructura pasar\u00e1 a la \u00f3rbita del ministerio de Econom\u00eda comandado por&nbsp;<strong>Luis Caputo<\/strong>, el Gobierno emiti\u00f3 un comunicado donde informan que \u201cen los pr\u00f3ximos d\u00edas\u201d el ministro \u201c<strong>Guillermo Ferraro<\/strong>&nbsp;presentar\u00e1 su renuncia\u201d.<\/p>\n\n\n\n<p>Lo llamativo del comunicado no es la oficializaci\u00f3n, sino los motivos por los que Ferraro dejar\u00e1 oficialmente el cargo. Desde la&nbsp;<strong>Oficina del Presidente<\/strong>&nbsp;comunicaron que la renuncia es \u201cpor razones personales\u201d.<\/p>\n\n\n\n<p>P\u00e1rrafo siguiente, desde&nbsp;<strong>Casa Rosada<\/strong>&nbsp;comunicaron que \u201cse avanzar\u00e1 en el plan original de fusionar el \u00e1rea de infraestructura dentro del Ministerio de Econom\u00eda\u00bb y que \u00abesta medida generar\u00e1 mayor coherencia en la pol\u00edtica econ\u00f3mica del Gobierno Nacional y permitir\u00e1 continuar adecuando el presupuesto al actual contexto de crisis\u201d.<\/p>\n","protected":false},"excerpt":{"rendered":"<p>El presidente de la Naci\u00f3n, Javier Milei, decidi\u00f3 el jueves apartar de su cargo al ministro de Infraestructura, Guillermo Ferraro. El exfuncionario fue el apuntado por el jefe de Estado&hellip;<\/p>\n","protected":false},"author":3,"featured_media":252137,"comment_status":"closed","ping_status":"open","sticky":false,"template":"","format":"standard","meta":{"_acf_changed":false,"footnotes":""},"categories":[1,8],"tags":[],"class_list":["post-252346","post","type-post","status-publish","format-standard","has-post-thumbnail","hentry","category-es-noticia","category-politica"],"acf":[],"yoast_head":"<!-- This site is optimized with the Yoast SEO plugin v27.5 - https:\/\/yoast.com\/product\/yoast-seo-wordpress\/ -->\n<title>El ins\u00f3lito motivo que dio el Gobierno: por qu\u00e9 Guillermo Ferraro deja de ser ministro - Diario Textual<\/title>\n<meta name=\"robots\" content=\"index, follow, max-snippet:-1, max-image-preview:large, max-video-preview:-1\" \/>\n<link rel=\"canonical\" href=\"https:\/\/diariotextual.com\/inicio\/index.php\/2024\/01\/27\/el-insolito-motivo-que-dio-el-gobierno-por-que-guillermo-ferraro-deja-de-ser-ministro\/\" \/>\n<meta property=\"og:locale\" content=\"es_ES\" \/>\n<meta property=\"og:type\" content=\"article\" \/>\n<meta property=\"og:title\" content=\"El ins\u00f3lito motivo que dio el Gobierno: por qu\u00e9 Guillermo Ferraro deja de ser ministro - Diario Textual\" \/>\n<meta property=\"og:description\" content=\"El presidente de la Naci\u00f3n, Javier Milei, decidi\u00f3 el jueves apartar de su cargo al ministro de Infraestructura, Guillermo Ferraro. El exfuncionario fue el apuntado por el jefe de Estado&hellip;\" \/>\n<meta property=\"og:url\" content=\"https:\/\/diariotextual.com\/inicio\/index.php\/2024\/01\/27\/el-insolito-motivo-que-dio-el-gobierno-por-que-guillermo-ferraro-deja-de-ser-ministro\/\" \/>\n<meta property=\"og:site_name\" content=\"Diario Textual\" \/>\n<meta property=\"article:publisher\" content=\"https:\/\/www.facebook.com\/eltextual\" \/>\n<meta property=\"article:published_time\" content=\"2024-01-27T21:36:32+00:00\" \/>\n<meta property=\"article:modified_time\" content=\"2024-01-27T21:36:35+00:00\" \/>\n<meta property=\"og:image\" content=\"https:\/\/diariotextual.com\/inicio\/wp-content\/uploads\/2024\/01\/ferraroguillermo2024-1.jpg\" \/>\n\t<meta property=\"og:image:width\" content=\"995\" \/>\n\t<meta property=\"og:image:height\" content=\"584\" \/>\n\t<meta property=\"og:image:type\" content=\"image\/jpeg\" \/>\n<meta name=\"author\" content=\"Diario1 Diario1\" \/>\n<meta name=\"twitter:card\" content=\"summary_large_image\" \/>\n<meta name=\"twitter:creator\" content=\"@eltextual\" \/>\n<meta name=\"twitter:site\" content=\"@eltextual\" \/>\n<meta name=\"twitter:label1\" content=\"Escrito por\" \/>\n\t<meta name=\"twitter:data1\" content=\"Diario1 Diario1\" \/>\n\t<meta name=\"twitter:label2\" content=\"Tiempo de lectura\" \/>\n\t<meta name=\"twitter:data2\" content=\"2 minutos\" \/>\n<script type=\"application\/ld+json\" class=\"yoast-schema-graph\">{\"@context\":\"https:\\\/\\\/schema.org\",\"@graph\":[{\"@type\":\"Article\",\"@id\":\"https:\\\/\\\/diariotextual.com\\\/inicio\\\/index.php\\\/2024\\\/01\\\/27\\\/el-insolito-motivo-que-dio-el-gobierno-por-que-guillermo-ferraro-deja-de-ser-ministro\\\/#article\",\"isPartOf\":{\"@id\":\"https:\\\/\\\/diariotextual.com\\\/inicio\\\/index.php\\\/2024\\\/01\\\/27\\\/el-insolito-motivo-que-dio-el-gobierno-por-que-guillermo-ferraro-deja-de-ser-ministro\\\/\"},\"author\":{\"name\":\"Diario1 Diario1\",\"@id\":\"https:\\\/\\\/diariotextual.com\\\/inicio\\\/#\\\/schema\\\/person\\\/418fc4093c33e86ed41562db3508f958\"},\"headline\":\"El ins\u00f3lito motivo que dio el Gobierno: por qu\u00e9 Guillermo Ferraro deja de ser ministro\",\"datePublished\":\"2024-01-27T21:36:32+00:00\",\"dateModified\":\"2024-01-27T21:36:35+00:00\",\"mainEntityOfPage\":{\"@id\":\"https:\\\/\\\/diariotextual.com\\\/inicio\\\/index.php\\\/2024\\\/01\\\/27\\\/el-insolito-motivo-que-dio-el-gobierno-por-que-guillermo-ferraro-deja-de-ser-ministro\\\/\"},\"wordCount\":241,\"publisher\":{\"@id\":\"https:\\\/\\\/diariotextual.com\\\/inicio\\\/#organization\"},\"image\":{\"@id\":\"https:\\\/\\\/diariotextual.com\\\/inicio\\\/index.php\\\/2024\\\/01\\\/27\\\/el-insolito-motivo-que-dio-el-gobierno-por-que-guillermo-ferraro-deja-de-ser-ministro\\\/#primaryimage\"},\"thumbnailUrl\":\"https:\\\/\\\/diariotextual.com\\\/inicio\\\/wp-content\\\/uploads\\\/2024\\\/01\\\/ferraroguillermo2024-1.jpg\",\"articleSection\":[\"A - ES NOTICIA (van abajo)\",\"POLITICA\"],\"inLanguage\":\"es\"},{\"@type\":\"WebPage\",\"@id\":\"https:\\\/\\\/diariotextual.com\\\/inicio\\\/index.php\\\/2024\\\/01\\\/27\\\/el-insolito-motivo-que-dio-el-gobierno-por-que-guillermo-ferraro-deja-de-ser-ministro\\\/\",\"url\":\"https:\\\/\\\/diariotextual.com\\\/inicio\\\/index.php\\\/2024\\\/01\\\/27\\\/el-insolito-motivo-que-dio-el-gobierno-por-que-guillermo-ferraro-deja-de-ser-ministro\\\/\",\"name\":\"El ins\u00f3lito motivo que dio el Gobierno: por qu\u00e9 Guillermo Ferraro deja de ser ministro - Diario Textual\",\"isPartOf\":{\"@id\":\"https:\\\/\\\/diariotextual.com\\\/inicio\\\/#website\"},\"primaryImageOfPage\":{\"@id\":\"https:\\\/\\\/diariotextual.com\\\/inicio\\\/index.php\\\/2024\\\/01\\\/27\\\/el-insolito-motivo-que-dio-el-gobierno-por-que-guillermo-ferraro-deja-de-ser-ministro\\\/#primaryimage\"},\"image\":{\"@id\":\"https:\\\/\\\/diariotextual.com\\\/inicio\\\/index.php\\\/2024\\\/01\\\/27\\\/el-insolito-motivo-que-dio-el-gobierno-por-que-guillermo-ferraro-deja-de-ser-ministro\\\/#primaryimage\"},\"thumbnailUrl\":\"https:\\\/\\\/diariotextual.com\\\/inicio\\\/wp-content\\\/uploads\\\/2024\\\/01\\\/ferraroguillermo2024-1.jpg\",\"datePublished\":\"2024-01-27T21:36:32+00:00\",\"dateModified\":\"2024-01-27T21:36:35+00:00\",\"breadcrumb\":{\"@id\":\"https:\\\/\\\/diariotextual.com\\\/inicio\\\/index.php\\\/2024\\\/01\\\/27\\\/el-insolito-motivo-que-dio-el-gobierno-por-que-guillermo-ferraro-deja-de-ser-ministro\\\/#breadcrumb\"},\"inLanguage\":\"es\",\"potentialAction\":[{\"@type\":\"ReadAction\",\"target\":[\"https:\\\/\\\/diariotextual.com\\\/inicio\\\/index.php\\\/2024\\\/01\\\/27\\\/el-insolito-motivo-que-dio-el-gobierno-por-que-guillermo-ferraro-deja-de-ser-ministro\\\/\"]}]},{\"@type\":\"ImageObject\",\"inLanguage\":\"es\",\"@id\":\"https:\\\/\\\/diariotextual.com\\\/inicio\\\/index.php\\\/2024\\\/01\\\/27\\\/el-insolito-motivo-que-dio-el-gobierno-por-que-guillermo-ferraro-deja-de-ser-ministro\\\/#primaryimage\",\"url\":\"https:\\\/\\\/diariotextual.com\\\/inicio\\\/wp-content\\\/uploads\\\/2024\\\/01\\\/ferraroguillermo2024-1.jpg\",\"contentUrl\":\"https:\\\/\\\/diariotextual.com\\\/inicio\\\/wp-content\\\/uploads\\\/2024\\\/01\\\/ferraroguillermo2024-1.jpg\",\"width\":995,\"height\":584},{\"@type\":\"BreadcrumbList\",\"@id\":\"https:\\\/\\\/diariotextual.com\\\/inicio\\\/index.php\\\/2024\\\/01\\\/27\\\/el-insolito-motivo-que-dio-el-gobierno-por-que-guillermo-ferraro-deja-de-ser-ministro\\\/#breadcrumb\",\"itemListElement\":[{\"@type\":\"ListItem\",\"position\":1,\"name\":\"Portada\",\"item\":\"https:\\\/\\\/diariotextual.com\\\/inicio\\\/\"},{\"@type\":\"ListItem\",\"position\":2,\"name\":\"El ins\u00f3lito motivo que dio el Gobierno: por qu\u00e9 Guillermo Ferraro deja de ser ministro\"}]},{\"@type\":\"WebSite\",\"@id\":\"https:\\\/\\\/diariotextual.com\\\/inicio\\\/#website\",\"url\":\"https:\\\/\\\/diariotextual.com\\\/inicio\\\/\",\"name\":\"Diario Textual\",\"description\":\"\",\"publisher\":{\"@id\":\"https:\\\/\\\/diariotextual.com\\\/inicio\\\/#organization\"},\"potentialAction\":[{\"@type\":\"SearchAction\",\"target\":{\"@type\":\"EntryPoint\",\"urlTemplate\":\"https:\\\/\\\/diariotextual.com\\\/inicio\\\/?s={search_term_string}\"},\"query-input\":{\"@type\":\"PropertyValueSpecification\",\"valueRequired\":true,\"valueName\":\"search_term_string\"}}],\"inLanguage\":\"es\"},{\"@type\":\"Organization\",\"@id\":\"https:\\\/\\\/diariotextual.com\\\/inicio\\\/#organization\",\"name\":\"Diario Textual\",\"url\":\"https:\\\/\\\/diariotextual.com\\\/inicio\\\/\",\"logo\":{\"@type\":\"ImageObject\",\"inLanguage\":\"es\",\"@id\":\"https:\\\/\\\/diariotextual.com\\\/inicio\\\/#\\\/schema\\\/logo\\\/image\\\/\",\"url\":\"https:\\\/\\\/diariotextual.com\\\/inicio\\\/wp-content\\\/uploads\\\/2023\\\/05\\\/logotextual1.jpg\",\"contentUrl\":\"https:\\\/\\\/diariotextual.com\\\/inicio\\\/wp-content\\\/uploads\\\/2023\\\/05\\\/logotextual1.jpg\",\"width\":516,\"height\":76,\"caption\":\"Diario Textual\"},\"image\":{\"@id\":\"https:\\\/\\\/diariotextual.com\\\/inicio\\\/#\\\/schema\\\/logo\\\/image\\\/\"},\"sameAs\":[\"https:\\\/\\\/www.facebook.com\\\/eltextual\",\"https:\\\/\\\/x.com\\\/eltextual\",\"http:\\\/\\\/www.instagram.com\\\/eltextual\"]},{\"@type\":\"Person\",\"@id\":\"https:\\\/\\\/diariotextual.com\\\/inicio\\\/#\\\/schema\\\/person\\\/418fc4093c33e86ed41562db3508f958\",\"name\":\"Diario1 Diario1\",\"image\":{\"@type\":\"ImageObject\",\"inLanguage\":\"es\",\"@id\":\"https:\\\/\\\/secure.gravatar.com\\\/avatar\\\/9167d280179c85bc18be67aa7eda765854300033af4896dd779b608640f2ef7a?s=96&d=mm&r=g\",\"url\":\"https:\\\/\\\/secure.gravatar.com\\\/avatar\\\/9167d280179c85bc18be67aa7eda765854300033af4896dd779b608640f2ef7a?s=96&d=mm&r=g\",\"contentUrl\":\"https:\\\/\\\/secure.gravatar.com\\\/avatar\\\/9167d280179c85bc18be67aa7eda765854300033af4896dd779b608640f2ef7a?s=96&d=mm&r=g\",\"caption\":\"Diario1 Diario1\"},\"url\":\"https:\\\/\\\/diariotextual.com\\\/inicio\\\/index.php\\\/author\\\/diario1\\\/\"}]}<\/script>\n<!-- \/ Yoast SEO plugin. -->","yoast_head_json":{"title":"El ins\u00f3lito motivo que dio el Gobierno: por qu\u00e9 Guillermo Ferraro deja de ser ministro - Diario Textual","robots":{"index":"index","follow":"follow","max-snippet":"max-snippet:-1","max-image-preview":"max-image-preview:large","max-video-preview":"max-video-preview:-1"},"canonical":"https:\/\/diariotextual.com\/inicio\/index.php\/2024\/01\/27\/el-insolito-motivo-que-dio-el-gobierno-por-que-guillermo-ferraro-deja-de-ser-ministro\/","og_locale":"es_ES","og_type":"article","og_title":"El ins\u00f3lito motivo que dio el Gobierno: por qu\u00e9 Guillermo Ferraro deja de ser ministro - Diario Textual","og_description":"El presidente de la Naci\u00f3n, Javier Milei, decidi\u00f3 el jueves apartar de su cargo al ministro de Infraestructura, Guillermo Ferraro. El exfuncionario fue el apuntado por el jefe de Estado&hellip;","og_url":"https:\/\/diariotextual.com\/inicio\/index.php\/2024\/01\/27\/el-insolito-motivo-que-dio-el-gobierno-por-que-guillermo-ferraro-deja-de-ser-ministro\/","og_site_name":"Diario Textual","article_publisher":"https:\/\/www.facebook.com\/eltextual","article_published_time":"2024-01-27T21:36:32+00:00","article_modified_time":"2024-01-27T21:36:35+00:00","og_image":[{"width":995,"height":584,"url":"https:\/\/diariotextual.com\/inicio\/wp-content\/uploads\/2024\/01\/ferraroguillermo2024-1.jpg","type":"image\/jpeg"}],"author":"Diario1 Diario1","twitter_card":"summary_large_image","twitter_creator":"@eltextual","twitter_site":"@eltextual","twitter_misc":{"Escrito por":"Diario1 Diario1","Tiempo de lectura":"2 minutos"},"schema":{"@context":"https:\/\/schema.org","@graph":[{"@type":"Article","@id":"https:\/\/diariotextual.com\/inicio\/index.php\/2024\/01\/27\/el-insolito-motivo-que-dio-el-gobierno-por-que-guillermo-ferraro-deja-de-ser-ministro\/#article","isPartOf":{"@id":"https:\/\/diariotextual.com\/inicio\/index.php\/2024\/01\/27\/el-insolito-motivo-que-dio-el-gobierno-por-que-guillermo-ferraro-deja-de-ser-ministro\/"},"author":{"name":"Diario1 Diario1","@id":"https:\/\/diariotextual.com\/inicio\/#\/schema\/person\/418fc4093c33e86ed41562db3508f958"},"headline":"El ins\u00f3lito motivo que dio el Gobierno: por qu\u00e9 Guillermo Ferraro deja de ser ministro","datePublished":"2024-01-27T21:36:32+00:00","dateModified":"2024-01-27T21:36:35+00:00","mainEntityOfPage":{"@id":"https:\/\/diariotextual.com\/inicio\/index.php\/2024\/01\/27\/el-insolito-motivo-que-dio-el-gobierno-por-que-guillermo-ferraro-deja-de-ser-ministro\/"},"wordCount":241,"publisher":{"@id":"https:\/\/diariotextual.com\/inicio\/#organization"},"image":{"@id":"https:\/\/diariotextual.com\/inicio\/index.php\/2024\/01\/27\/el-insolito-motivo-que-dio-el-gobierno-por-que-guillermo-ferraro-deja-de-ser-ministro\/#primaryimage"},"thumbnailUrl":"https:\/\/diariotextual.com\/inicio\/wp-content\/uploads\/2024\/01\/ferraroguillermo2024-1.jpg","articleSection":["A - ES NOTICIA (van abajo)","POLITICA"],"inLanguage":"es"},{"@type":"WebPage","@id":"https:\/\/diariotextual.com\/inicio\/index.php\/2024\/01\/27\/el-insolito-motivo-que-dio-el-gobierno-por-que-guillermo-ferraro-deja-de-ser-ministro\/","url":"https:\/\/diariotextual.com\/inicio\/index.php\/2024\/01\/27\/el-insolito-motivo-que-dio-el-gobierno-por-que-guillermo-ferraro-deja-de-ser-ministro\/","name":"El ins\u00f3lito motivo que dio el Gobierno: por qu\u00e9 Guillermo Ferraro deja de ser ministro - Diario Textual","isPartOf":{"@id":"https:\/\/diariotextual.com\/inicio\/#website"},"primaryImageOfPage":{"@id":"https:\/\/diariotextual.com\/inicio\/index.php\/2024\/01\/27\/el-insolito-motivo-que-dio-el-gobierno-por-que-guillermo-ferraro-deja-de-ser-ministro\/#primaryimage"},"image":{"@id":"https:\/\/diariotextual.com\/inicio\/index.php\/2024\/01\/27\/el-insolito-motivo-que-dio-el-gobierno-por-que-guillermo-ferraro-deja-de-ser-ministro\/#primaryimage"},"thumbnailUrl":"https:\/\/diariotextual.com\/inicio\/wp-content\/uploads\/2024\/01\/ferraroguillermo2024-1.jpg","datePublished":"2024-01-27T21:36:32+00:00","dateModified":"2024-01-27T21:36:35+00:00","breadcrumb":{"@id":"https:\/\/diariotextual.com\/inicio\/index.php\/2024\/01\/27\/el-insolito-motivo-que-dio-el-gobierno-por-que-guillermo-ferraro-deja-de-ser-ministro\/#breadcrumb"},"inLanguage":"es","potentialAction":[{"@type":"ReadAction","target":["https:\/\/diariotextual.com\/inicio\/index.php\/2024\/01\/27\/el-insolito-motivo-que-dio-el-gobierno-por-que-guillermo-ferraro-deja-de-ser-ministro\/"]}]},{"@type":"ImageObject","inLanguage":"es","@id":"https:\/\/diariotextual.com\/inicio\/index.php\/2024\/01\/27\/el-insolito-motivo-que-dio-el-gobierno-por-que-guillermo-ferraro-deja-de-ser-ministro\/#primaryimage","url":"https:\/\/diariotextual.com\/inicio\/wp-content\/uploads\/2024\/01\/ferraroguillermo2024-1.jpg","contentUrl":"https:\/\/diariotextual.com\/inicio\/wp-content\/uploads\/2024\/01\/ferraroguillermo2024-1.jpg","width":995,"height":584},{"@type":"BreadcrumbList","@id":"https:\/\/diariotextual.com\/inicio\/index.php\/2024\/01\/27\/el-insolito-motivo-que-dio-el-gobierno-por-que-guillermo-ferraro-deja-de-ser-ministro\/#breadcrumb","itemListElement":[{"@type":"ListItem","position":1,"name":"Portada","item":"https:\/\/diariotextual.com\/inicio\/"},{"@type":"ListItem","position":2,"name":"El ins\u00f3lito motivo que dio el Gobierno: por qu\u00e9 Guillermo Ferraro deja de ser ministro"}]},{"@type":"WebSite","@id":"https:\/\/diariotextual.com\/inicio\/#website","url":"https:\/\/diariotextual.com\/inicio\/","name":"Diario Textual","description":"","publisher":{"@id":"https:\/\/diariotextual.com\/inicio\/#organization"},"potentialAction":[{"@type":"SearchAction","target":{"@type":"EntryPoint","urlTemplate":"https:\/\/diariotextual.com\/inicio\/?s={search_term_string}"},"query-input":{"@type":"PropertyValueSpecification","valueRequired":true,"valueName":"search_term_string"}}],"inLanguage":"es"},{"@type":"Organization","@id":"https:\/\/diariotextual.com\/inicio\/#organization","name":"Diario Textual","url":"https:\/\/diariotextual.com\/inicio\/","logo":{"@type":"ImageObject","inLanguage":"es","@id":"https:\/\/diariotextual.com\/inicio\/#\/schema\/logo\/image\/","url":"https:\/\/diariotextual.com\/inicio\/wp-content\/uploads\/2023\/05\/logotextual1.jpg","contentUrl":"https:\/\/diariotextual.com\/inicio\/wp-content\/uploads\/2023\/05\/logotextual1.jpg","width":516,"height":76,"caption":"Diario Textual"},"image":{"@id":"https:\/\/diariotextual.com\/inicio\/#\/schema\/logo\/image\/"},"sameAs":["https:\/\/www.facebook.com\/eltextual","https:\/\/x.com\/eltextual","http:\/\/www.instagram.com\/eltextual"]},{"@type":"Person","@id":"https:\/\/diariotextual.com\/inicio\/#\/schema\/person\/418fc4093c33e86ed41562db3508f958","name":"Diario1 Diario1","image":{"@type":"ImageObject","inLanguage":"es","@id":"https:\/\/secure.gravatar.com\/avatar\/9167d280179c85bc18be67aa7eda765854300033af4896dd779b608640f2ef7a?s=96&d=mm&r=g","url":"https:\/\/secure.gravatar.com\/avatar\/9167d280179c85bc18be67aa7eda765854300033af4896dd779b608640f2ef7a?s=96&d=mm&r=g","contentUrl":"https:\/\/secure.gravatar.com\/avatar\/9167d280179c85bc18be67aa7eda765854300033af4896dd779b608640f2ef7a?s=96&d=mm&r=g","caption":"Diario1 Diario1"},"url":"https:\/\/diariotextual.com\/inicio\/index.php\/author\/diario1\/"}]}},"_links":{"self":[{"href":"https:\/\/diariotextual.com\/inicio\/index.php\/wp-json\/wp\/v2\/posts\/252346","targetHints":{"allow":["GET"]}}],"collection":[{"href":"https:\/\/diariotextual.com\/inicio\/index.php\/wp-json\/wp\/v2\/posts"}],"about":[{"href":"https:\/\/diariotextual.com\/inicio\/index.php\/wp-json\/wp\/v2\/types\/post"}],"author":[{"embeddable":true,"href":"https:\/\/diariotextual.com\/inicio\/index.php\/wp-json\/wp\/v2\/users\/3"}],"replies":[{"embeddable":true,"href":"https:\/\/diariotextual.com\/inicio\/index.php\/wp-json\/wp\/v2\/comments?post=252346"}],"version-history":[{"count":1,"href":"https:\/\/diariotextual.com\/inicio\/index.php\/wp-json\/wp\/v2\/posts\/252346\/revisions"}],"predecessor-version":[{"id":252347,"href":"https:\/\/diariotextual.com\/inicio\/index.php\/wp-json\/wp\/v2\/posts\/252346\/revisions\/252347"}],"wp:featuredmedia":[{"embeddable":true,"href":"https:\/\/diariotextual.com\/inicio\/index.php\/wp-json\/wp\/v2\/media\/252137"}],"wp:attachment":[{"href":"https:\/\/diariotextual.com\/inicio\/index.php\/wp-json\/wp\/v2\/media?parent=252346"}],"wp:term":[{"taxonomy":"category","embeddable":true,"href":"https:\/\/diariotextual.com\/inicio\/index.php\/wp-json\/wp\/v2\/categories?post=252346"},{"taxonomy":"post_tag","embeddable":true,"href":"https:\/\/diariotextual.com\/inicio\/index.php\/wp-json\/wp\/v2\/tags?post=252346"}],"curies":[{"name":"wp","href":"https:\/\/api.w.org\/{rel}","templated":true}]}}