{"id":252348,"date":"2024-01-27T19:25:42","date_gmt":"2024-01-27T22:25:42","guid":{"rendered":"https:\/\/diariotextual.com\/inicio\/?p=252348"},"modified":"2024-01-28T08:52:57","modified_gmt":"2024-01-28T11:52:57","slug":"mariano-fernandez-sobre-marin-inicio-el-camino-de-transformacion-de-la-provincia","status":"publish","type":"post","link":"https:\/\/diariotextual.com\/inicio\/index.php\/2024\/01\/27\/mariano-fernandez-sobre-marin-inicio-el-camino-de-transformacion-de-la-provincia\/","title":{"rendered":"Mariano Fern\u00e1ndez y su despedida a Mar\u00edn: \u201cInici\u00f3 el camino de transformaci\u00f3n de la provincia\u201d"},"content":{"rendered":"\n<p>El exvicegobernador <strong>Mariano Fern\u00e1nde<\/strong>z resalt\u00f3 la figura del cuatro veces gobernado<strong>r Rub\u00e9n Hugo <\/strong>Mar\u00edn, quien falleci\u00f3 este s\u00e1bado a sus 89 a\u00f1os. \u201cCon la justicia social como bandera, inici\u00f3 el camino de transformaci\u00f3n y desarrollo de la provincia.\u00a0 Y fue referente del Partido Justicialista Nacional durante medio siglo en el que sus pares le reconocieron su extraordinaria capacidad pol\u00edtica\u201d, dijo.<\/p>\n\n\n\n<p>Fern\u00e1ndez escribi\u00f3 una breve despedida de Mar\u00edn, a quien calific\u00f3 su \u201camigo\u201d. Es la siguiente:<\/p>\n\n\n\n<p><strong><em>Despedida a Rub\u00e9n<\/em><\/strong><\/p>\n\n\n\n<p><em>Siempre que un amigo se va, el dolor es inmenso. Y hoy que nos ha dejado f\u00edsicamente Rub\u00e9n Mar\u00edn, en medio de tanto dolor, s\u00f3lo tengo palabras de agradecimiento como despedida.\u00a0<\/em><\/p>\n\n\n\n<p><em>El justo reconocimiento de todo el pueblo pampeano es por el amor que para con ellos \u00e9l dej\u00f3 trascender como gobernador, vicegobernador, convencional constituyente, senador y diputado nacional.<\/em><\/p>\n\n\n\n<p><em>Con la justicia social como bandera, inici\u00f3 el camino de transformaci\u00f3n y desarrollo de la provincia.\u00a0 Y fue referente del Partido Justicialista Nacional durante medio siglo en el que sus pares le reconocieron su extraordinaria capacidad pol\u00edtica.\u00a0\u00a0\u00a0<\/em><\/p>\n\n\n\n<p><em>La valoraci\u00f3n que de su figura hace la pampeana y el pampeano se manifest\u00f3 cada vez que tuvo la oportunidad de elegirlo: cuatro veces el pueblo de La Pampa lo hizo gobernador.<\/em><\/p>\n\n\n\n<p><em>Particularmente fui su compa\u00f1ero de militancia por m\u00e1s de veinte a\u00f1os, a pura ense\u00f1anza.<\/em><\/p>\n\n\n\n<p><em>Much\u00edsimo aprend\u00ed de \u00e9l, pero sobre todo ha sido mi amigo durante m\u00e1s de dos d\u00e9cadas.\u00a0 Inevitable no sufrir su partida.<\/em><\/p>\n\n\n\n<p><em>Pero como le pasar\u00e1 a todos y cada uno de los que hoy tan golpeados estamos, una vez que haya podido consolarme, me quedar\u00e1 la inigualable alegr\u00eda de haberlo conocido.<\/em><\/p>\n\n\n\n<p><em>A todos los integrantes de su querida familia, los abrazo muy fuerte. QEPD, compa\u00f1ero y amigo.<\/em><\/p>\n\n\n\n<p><\/p>\n\n\n\n<p><em><strong>Mariano Fern\u00e1ndez<\/strong><\/em><\/p>\n\n\n\n<div style=\"height:100px\" aria-hidden=\"true\" class=\"wp-block-spacer\"><\/div>\n\n\n\n<figure class=\"wp-block-embed is-type-wp-embed is-provider-diario-textual wp-block-embed-diario-textual\"><div class=\"wp-block-embed__wrapper\">\n<blockquote class=\"wp-embedded-content\" data-secret=\"NYOmCCLH8i\"><a href=\"https:\/\/diariotextual.com\/inicio\/index.php\/2024\/01\/27\/ruben-marin-en-su-dimension-historica\/\">Rub\u00e9n Mar\u00edn en su dimensi\u00f3n hist\u00f3rica<\/a><\/blockquote><iframe class=\"wp-embedded-content\" sandbox=\"allow-scripts\" security=\"restricted\" style=\"position: absolute; clip: rect(1px, 1px, 1px, 1px);\" title=\"\u00abRub\u00e9n Mar\u00edn en su dimensi\u00f3n hist\u00f3rica\u00bb \u2014 Diario Textual\" src=\"https:\/\/diariotextual.com\/inicio\/index.php\/2024\/01\/27\/ruben-marin-en-su-dimension-historica\/embed\/#?secret=q3MAqcpz5S#?secret=NYOmCCLH8i\" data-secret=\"NYOmCCLH8i\" width=\"600\" height=\"338\" frameborder=\"0\" marginwidth=\"0\" marginheight=\"0\" scrolling=\"no\"><\/iframe>\n<\/div><\/figure>\n","protected":false},"excerpt":{"rendered":"<p>El exvicegobernador Mariano Fern\u00e1ndez resalt\u00f3 la figura del cuatro veces gobernador Rub\u00e9n Hugo Mar\u00edn, quien falleci\u00f3 este s\u00e1bado a sus 89 a\u00f1os. \u201cCon la justicia social como bandera, inici\u00f3 el&hellip;<\/p>\n","protected":false},"author":3,"featured_media":252349,"comment_status":"closed","ping_status":"open","sticky":false,"template":"","format":"standard","meta":{"_acf_changed":false,"footnotes":""},"categories":[1,8],"tags":[],"class_list":["post-252348","post","type-post","status-publish","format-standard","has-post-thumbnail","hentry","category-es-noticia","category-politica"],"acf":[],"yoast_head":"<!-- This site is optimized with the Yoast SEO plugin v27.5 - https:\/\/yoast.com\/product\/yoast-seo-wordpress\/ -->\n<title>Mariano Fern\u00e1ndez y su despedida a Mar\u00edn: \u201cInici\u00f3 el camino de transformaci\u00f3n de la provincia\u201d - Diario Textual<\/title>\n<meta name=\"robots\" content=\"index, follow, max-snippet:-1, max-image-preview:large, max-video-preview:-1\" \/>\n<link rel=\"canonical\" href=\"https:\/\/diariotextual.com\/inicio\/index.php\/2024\/01\/27\/mariano-fernandez-sobre-marin-inicio-el-camino-de-transformacion-de-la-provincia\/\" \/>\n<meta property=\"og:locale\" content=\"es_ES\" \/>\n<meta property=\"og:type\" content=\"article\" \/>\n<meta property=\"og:title\" content=\"Mariano Fern\u00e1ndez y su despedida a Mar\u00edn: \u201cInici\u00f3 el camino de transformaci\u00f3n de la provincia\u201d - Diario Textual\" \/>\n<meta property=\"og:description\" content=\"El exvicegobernador Mariano Fern\u00e1ndez resalt\u00f3 la figura del cuatro veces gobernador Rub\u00e9n Hugo Mar\u00edn, quien falleci\u00f3 este s\u00e1bado a sus 89 a\u00f1os. \u201cCon la justicia social como bandera, inici\u00f3 el&hellip;\" \/>\n<meta property=\"og:url\" content=\"https:\/\/diariotextual.com\/inicio\/index.php\/2024\/01\/27\/mariano-fernandez-sobre-marin-inicio-el-camino-de-transformacion-de-la-provincia\/\" \/>\n<meta property=\"og:site_name\" content=\"Diario Textual\" \/>\n<meta property=\"article:publisher\" content=\"https:\/\/www.facebook.com\/eltextual\" \/>\n<meta property=\"article:published_time\" content=\"2024-01-27T22:25:42+00:00\" \/>\n<meta property=\"article:modified_time\" content=\"2024-01-28T11:52:57+00:00\" \/>\n<meta property=\"og:image\" content=\"https:\/\/diariotextual.com\/inicio\/wp-content\/uploads\/2024\/01\/marinrubenfernandezmariano2019-03.jpg\" \/>\n\t<meta property=\"og:image:width\" content=\"1602\" \/>\n\t<meta property=\"og:image:height\" content=\"978\" \/>\n\t<meta property=\"og:image:type\" content=\"image\/jpeg\" \/>\n<meta name=\"author\" content=\"Diario1 Diario1\" \/>\n<meta name=\"twitter:card\" content=\"summary_large_image\" \/>\n<meta name=\"twitter:creator\" content=\"@eltextual\" \/>\n<meta name=\"twitter:site\" content=\"@eltextual\" \/>\n<meta name=\"twitter:label1\" content=\"Escrito por\" \/>\n\t<meta name=\"twitter:data1\" content=\"Diario1 Diario1\" \/>\n\t<meta name=\"twitter:label2\" content=\"Tiempo de lectura\" \/>\n\t<meta name=\"twitter:data2\" content=\"2 minutos\" \/>\n<script type=\"application\/ld+json\" class=\"yoast-schema-graph\">{\"@context\":\"https:\\\/\\\/schema.org\",\"@graph\":[{\"@type\":\"Article\",\"@id\":\"https:\\\/\\\/diariotextual.com\\\/inicio\\\/index.php\\\/2024\\\/01\\\/27\\\/mariano-fernandez-sobre-marin-inicio-el-camino-de-transformacion-de-la-provincia\\\/#article\",\"isPartOf\":{\"@id\":\"https:\\\/\\\/diariotextual.com\\\/inicio\\\/index.php\\\/2024\\\/01\\\/27\\\/mariano-fernandez-sobre-marin-inicio-el-camino-de-transformacion-de-la-provincia\\\/\"},\"author\":{\"name\":\"Diario1 Diario1\",\"@id\":\"https:\\\/\\\/diariotextual.com\\\/inicio\\\/#\\\/schema\\\/person\\\/418fc4093c33e86ed41562db3508f958\"},\"headline\":\"Mariano Fern\u00e1ndez y su despedida a Mar\u00edn: \u201cInici\u00f3 el camino de transformaci\u00f3n de la provincia\u201d\",\"datePublished\":\"2024-01-27T22:25:42+00:00\",\"dateModified\":\"2024-01-28T11:52:57+00:00\",\"mainEntityOfPage\":{\"@id\":\"https:\\\/\\\/diariotextual.com\\\/inicio\\\/index.php\\\/2024\\\/01\\\/27\\\/mariano-fernandez-sobre-marin-inicio-el-camino-de-transformacion-de-la-provincia\\\/\"},\"wordCount\":340,\"publisher\":{\"@id\":\"https:\\\/\\\/diariotextual.com\\\/inicio\\\/#organization\"},\"image\":{\"@id\":\"https:\\\/\\\/diariotextual.com\\\/inicio\\\/index.php\\\/2024\\\/01\\\/27\\\/mariano-fernandez-sobre-marin-inicio-el-camino-de-transformacion-de-la-provincia\\\/#primaryimage\"},\"thumbnailUrl\":\"https:\\\/\\\/diariotextual.com\\\/inicio\\\/wp-content\\\/uploads\\\/2024\\\/01\\\/marinrubenfernandezmariano2019-03.jpg\",\"articleSection\":[\"A - ES NOTICIA (van abajo)\",\"POLITICA\"],\"inLanguage\":\"es\"},{\"@type\":\"WebPage\",\"@id\":\"https:\\\/\\\/diariotextual.com\\\/inicio\\\/index.php\\\/2024\\\/01\\\/27\\\/mariano-fernandez-sobre-marin-inicio-el-camino-de-transformacion-de-la-provincia\\\/\",\"url\":\"https:\\\/\\\/diariotextual.com\\\/inicio\\\/index.php\\\/2024\\\/01\\\/27\\\/mariano-fernandez-sobre-marin-inicio-el-camino-de-transformacion-de-la-provincia\\\/\",\"name\":\"Mariano Fern\u00e1ndez y su despedida a Mar\u00edn: \u201cInici\u00f3 el camino de transformaci\u00f3n de la provincia\u201d - Diario Textual\",\"isPartOf\":{\"@id\":\"https:\\\/\\\/diariotextual.com\\\/inicio\\\/#website\"},\"primaryImageOfPage\":{\"@id\":\"https:\\\/\\\/diariotextual.com\\\/inicio\\\/index.php\\\/2024\\\/01\\\/27\\\/mariano-fernandez-sobre-marin-inicio-el-camino-de-transformacion-de-la-provincia\\\/#primaryimage\"},\"image\":{\"@id\":\"https:\\\/\\\/diariotextual.com\\\/inicio\\\/index.php\\\/2024\\\/01\\\/27\\\/mariano-fernandez-sobre-marin-inicio-el-camino-de-transformacion-de-la-provincia\\\/#primaryimage\"},\"thumbnailUrl\":\"https:\\\/\\\/diariotextual.com\\\/inicio\\\/wp-content\\\/uploads\\\/2024\\\/01\\\/marinrubenfernandezmariano2019-03.jpg\",\"datePublished\":\"2024-01-27T22:25:42+00:00\",\"dateModified\":\"2024-01-28T11:52:57+00:00\",\"breadcrumb\":{\"@id\":\"https:\\\/\\\/diariotextual.com\\\/inicio\\\/index.php\\\/2024\\\/01\\\/27\\\/mariano-fernandez-sobre-marin-inicio-el-camino-de-transformacion-de-la-provincia\\\/#breadcrumb\"},\"inLanguage\":\"es\",\"potentialAction\":[{\"@type\":\"ReadAction\",\"target\":[\"https:\\\/\\\/diariotextual.com\\\/inicio\\\/index.php\\\/2024\\\/01\\\/27\\\/mariano-fernandez-sobre-marin-inicio-el-camino-de-transformacion-de-la-provincia\\\/\"]}]},{\"@type\":\"ImageObject\",\"inLanguage\":\"es\",\"@id\":\"https:\\\/\\\/diariotextual.com\\\/inicio\\\/index.php\\\/2024\\\/01\\\/27\\\/mariano-fernandez-sobre-marin-inicio-el-camino-de-transformacion-de-la-provincia\\\/#primaryimage\",\"url\":\"https:\\\/\\\/diariotextual.com\\\/inicio\\\/wp-content\\\/uploads\\\/2024\\\/01\\\/marinrubenfernandezmariano2019-03.jpg\",\"contentUrl\":\"https:\\\/\\\/diariotextual.com\\\/inicio\\\/wp-content\\\/uploads\\\/2024\\\/01\\\/marinrubenfernandezmariano2019-03.jpg\",\"width\":1602,\"height\":978},{\"@type\":\"BreadcrumbList\",\"@id\":\"https:\\\/\\\/diariotextual.com\\\/inicio\\\/index.php\\\/2024\\\/01\\\/27\\\/mariano-fernandez-sobre-marin-inicio-el-camino-de-transformacion-de-la-provincia\\\/#breadcrumb\",\"itemListElement\":[{\"@type\":\"ListItem\",\"position\":1,\"name\":\"Portada\",\"item\":\"https:\\\/\\\/diariotextual.com\\\/inicio\\\/\"},{\"@type\":\"ListItem\",\"position\":2,\"name\":\"Mariano Fern\u00e1ndez y su despedida a Mar\u00edn: \u201cInici\u00f3 el camino de transformaci\u00f3n de la provincia\u201d\"}]},{\"@type\":\"WebSite\",\"@id\":\"https:\\\/\\\/diariotextual.com\\\/inicio\\\/#website\",\"url\":\"https:\\\/\\\/diariotextual.com\\\/inicio\\\/\",\"name\":\"Diario Textual\",\"description\":\"\",\"publisher\":{\"@id\":\"https:\\\/\\\/diariotextual.com\\\/inicio\\\/#organization\"},\"potentialAction\":[{\"@type\":\"SearchAction\",\"target\":{\"@type\":\"EntryPoint\",\"urlTemplate\":\"https:\\\/\\\/diariotextual.com\\\/inicio\\\/?s={search_term_string}\"},\"query-input\":{\"@type\":\"PropertyValueSpecification\",\"valueRequired\":true,\"valueName\":\"search_term_string\"}}],\"inLanguage\":\"es\"},{\"@type\":\"Organization\",\"@id\":\"https:\\\/\\\/diariotextual.com\\\/inicio\\\/#organization\",\"name\":\"Diario Textual\",\"url\":\"https:\\\/\\\/diariotextual.com\\\/inicio\\\/\",\"logo\":{\"@type\":\"ImageObject\",\"inLanguage\":\"es\",\"@id\":\"https:\\\/\\\/diariotextual.com\\\/inicio\\\/#\\\/schema\\\/logo\\\/image\\\/\",\"url\":\"https:\\\/\\\/diariotextual.com\\\/inicio\\\/wp-content\\\/uploads\\\/2023\\\/05\\\/logotextual1.jpg\",\"contentUrl\":\"https:\\\/\\\/diariotextual.com\\\/inicio\\\/wp-content\\\/uploads\\\/2023\\\/05\\\/logotextual1.jpg\",\"width\":516,\"height\":76,\"caption\":\"Diario Textual\"},\"image\":{\"@id\":\"https:\\\/\\\/diariotextual.com\\\/inicio\\\/#\\\/schema\\\/logo\\\/image\\\/\"},\"sameAs\":[\"https:\\\/\\\/www.facebook.com\\\/eltextual\",\"https:\\\/\\\/x.com\\\/eltextual\",\"http:\\\/\\\/www.instagram.com\\\/eltextual\"]},{\"@type\":\"Person\",\"@id\":\"https:\\\/\\\/diariotextual.com\\\/inicio\\\/#\\\/schema\\\/person\\\/418fc4093c33e86ed41562db3508f958\",\"name\":\"Diario1 Diario1\",\"image\":{\"@type\":\"ImageObject\",\"inLanguage\":\"es\",\"@id\":\"https:\\\/\\\/secure.gravatar.com\\\/avatar\\\/9167d280179c85bc18be67aa7eda765854300033af4896dd779b608640f2ef7a?s=96&d=mm&r=g\",\"url\":\"https:\\\/\\\/secure.gravatar.com\\\/avatar\\\/9167d280179c85bc18be67aa7eda765854300033af4896dd779b608640f2ef7a?s=96&d=mm&r=g\",\"contentUrl\":\"https:\\\/\\\/secure.gravatar.com\\\/avatar\\\/9167d280179c85bc18be67aa7eda765854300033af4896dd779b608640f2ef7a?s=96&d=mm&r=g\",\"caption\":\"Diario1 Diario1\"},\"url\":\"https:\\\/\\\/diariotextual.com\\\/inicio\\\/index.php\\\/author\\\/diario1\\\/\"}]}<\/script>\n<!-- \/ Yoast SEO plugin. -->","yoast_head_json":{"title":"Mariano Fern\u00e1ndez y su despedida a Mar\u00edn: \u201cInici\u00f3 el camino de transformaci\u00f3n de la provincia\u201d - Diario Textual","robots":{"index":"index","follow":"follow","max-snippet":"max-snippet:-1","max-image-preview":"max-image-preview:large","max-video-preview":"max-video-preview:-1"},"canonical":"https:\/\/diariotextual.com\/inicio\/index.php\/2024\/01\/27\/mariano-fernandez-sobre-marin-inicio-el-camino-de-transformacion-de-la-provincia\/","og_locale":"es_ES","og_type":"article","og_title":"Mariano Fern\u00e1ndez y su despedida a Mar\u00edn: \u201cInici\u00f3 el camino de transformaci\u00f3n de la provincia\u201d - Diario Textual","og_description":"El exvicegobernador Mariano Fern\u00e1ndez resalt\u00f3 la figura del cuatro veces gobernador Rub\u00e9n Hugo Mar\u00edn, quien falleci\u00f3 este s\u00e1bado a sus 89 a\u00f1os. \u201cCon la justicia social como bandera, inici\u00f3 el&hellip;","og_url":"https:\/\/diariotextual.com\/inicio\/index.php\/2024\/01\/27\/mariano-fernandez-sobre-marin-inicio-el-camino-de-transformacion-de-la-provincia\/","og_site_name":"Diario Textual","article_publisher":"https:\/\/www.facebook.com\/eltextual","article_published_time":"2024-01-27T22:25:42+00:00","article_modified_time":"2024-01-28T11:52:57+00:00","og_image":[{"width":1602,"height":978,"url":"https:\/\/diariotextual.com\/inicio\/wp-content\/uploads\/2024\/01\/marinrubenfernandezmariano2019-03.jpg","type":"image\/jpeg"}],"author":"Diario1 Diario1","twitter_card":"summary_large_image","twitter_creator":"@eltextual","twitter_site":"@eltextual","twitter_misc":{"Escrito por":"Diario1 Diario1","Tiempo de lectura":"2 minutos"},"schema":{"@context":"https:\/\/schema.org","@graph":[{"@type":"Article","@id":"https:\/\/diariotextual.com\/inicio\/index.php\/2024\/01\/27\/mariano-fernandez-sobre-marin-inicio-el-camino-de-transformacion-de-la-provincia\/#article","isPartOf":{"@id":"https:\/\/diariotextual.com\/inicio\/index.php\/2024\/01\/27\/mariano-fernandez-sobre-marin-inicio-el-camino-de-transformacion-de-la-provincia\/"},"author":{"name":"Diario1 Diario1","@id":"https:\/\/diariotextual.com\/inicio\/#\/schema\/person\/418fc4093c33e86ed41562db3508f958"},"headline":"Mariano Fern\u00e1ndez y su despedida a Mar\u00edn: \u201cInici\u00f3 el camino de transformaci\u00f3n de la provincia\u201d","datePublished":"2024-01-27T22:25:42+00:00","dateModified":"2024-01-28T11:52:57+00:00","mainEntityOfPage":{"@id":"https:\/\/diariotextual.com\/inicio\/index.php\/2024\/01\/27\/mariano-fernandez-sobre-marin-inicio-el-camino-de-transformacion-de-la-provincia\/"},"wordCount":340,"publisher":{"@id":"https:\/\/diariotextual.com\/inicio\/#organization"},"image":{"@id":"https:\/\/diariotextual.com\/inicio\/index.php\/2024\/01\/27\/mariano-fernandez-sobre-marin-inicio-el-camino-de-transformacion-de-la-provincia\/#primaryimage"},"thumbnailUrl":"https:\/\/diariotextual.com\/inicio\/wp-content\/uploads\/2024\/01\/marinrubenfernandezmariano2019-03.jpg","articleSection":["A - ES NOTICIA (van abajo)","POLITICA"],"inLanguage":"es"},{"@type":"WebPage","@id":"https:\/\/diariotextual.com\/inicio\/index.php\/2024\/01\/27\/mariano-fernandez-sobre-marin-inicio-el-camino-de-transformacion-de-la-provincia\/","url":"https:\/\/diariotextual.com\/inicio\/index.php\/2024\/01\/27\/mariano-fernandez-sobre-marin-inicio-el-camino-de-transformacion-de-la-provincia\/","name":"Mariano Fern\u00e1ndez y su despedida a Mar\u00edn: \u201cInici\u00f3 el camino de transformaci\u00f3n de la provincia\u201d - Diario Textual","isPartOf":{"@id":"https:\/\/diariotextual.com\/inicio\/#website"},"primaryImageOfPage":{"@id":"https:\/\/diariotextual.com\/inicio\/index.php\/2024\/01\/27\/mariano-fernandez-sobre-marin-inicio-el-camino-de-transformacion-de-la-provincia\/#primaryimage"},"image":{"@id":"https:\/\/diariotextual.com\/inicio\/index.php\/2024\/01\/27\/mariano-fernandez-sobre-marin-inicio-el-camino-de-transformacion-de-la-provincia\/#primaryimage"},"thumbnailUrl":"https:\/\/diariotextual.com\/inicio\/wp-content\/uploads\/2024\/01\/marinrubenfernandezmariano2019-03.jpg","datePublished":"2024-01-27T22:25:42+00:00","dateModified":"2024-01-28T11:52:57+00:00","breadcrumb":{"@id":"https:\/\/diariotextual.com\/inicio\/index.php\/2024\/01\/27\/mariano-fernandez-sobre-marin-inicio-el-camino-de-transformacion-de-la-provincia\/#breadcrumb"},"inLanguage":"es","potentialAction":[{"@type":"ReadAction","target":["https:\/\/diariotextual.com\/inicio\/index.php\/2024\/01\/27\/mariano-fernandez-sobre-marin-inicio-el-camino-de-transformacion-de-la-provincia\/"]}]},{"@type":"ImageObject","inLanguage":"es","@id":"https:\/\/diariotextual.com\/inicio\/index.php\/2024\/01\/27\/mariano-fernandez-sobre-marin-inicio-el-camino-de-transformacion-de-la-provincia\/#primaryimage","url":"https:\/\/diariotextual.com\/inicio\/wp-content\/uploads\/2024\/01\/marinrubenfernandezmariano2019-03.jpg","contentUrl":"https:\/\/diariotextual.com\/inicio\/wp-content\/uploads\/2024\/01\/marinrubenfernandezmariano2019-03.jpg","width":1602,"height":978},{"@type":"BreadcrumbList","@id":"https:\/\/diariotextual.com\/inicio\/index.php\/2024\/01\/27\/mariano-fernandez-sobre-marin-inicio-el-camino-de-transformacion-de-la-provincia\/#breadcrumb","itemListElement":[{"@type":"ListItem","position":1,"name":"Portada","item":"https:\/\/diariotextual.com\/inicio\/"},{"@type":"ListItem","position":2,"name":"Mariano Fern\u00e1ndez y su despedida a Mar\u00edn: \u201cInici\u00f3 el camino de transformaci\u00f3n de la provincia\u201d"}]},{"@type":"WebSite","@id":"https:\/\/diariotextual.com\/inicio\/#website","url":"https:\/\/diariotextual.com\/inicio\/","name":"Diario Textual","description":"","publisher":{"@id":"https:\/\/diariotextual.com\/inicio\/#organization"},"potentialAction":[{"@type":"SearchAction","target":{"@type":"EntryPoint","urlTemplate":"https:\/\/diariotextual.com\/inicio\/?s={search_term_string}"},"query-input":{"@type":"PropertyValueSpecification","valueRequired":true,"valueName":"search_term_string"}}],"inLanguage":"es"},{"@type":"Organization","@id":"https:\/\/diariotextual.com\/inicio\/#organization","name":"Diario Textual","url":"https:\/\/diariotextual.com\/inicio\/","logo":{"@type":"ImageObject","inLanguage":"es","@id":"https:\/\/diariotextual.com\/inicio\/#\/schema\/logo\/image\/","url":"https:\/\/diariotextual.com\/inicio\/wp-content\/uploads\/2023\/05\/logotextual1.jpg","contentUrl":"https:\/\/diariotextual.com\/inicio\/wp-content\/uploads\/2023\/05\/logotextual1.jpg","width":516,"height":76,"caption":"Diario Textual"},"image":{"@id":"https:\/\/diariotextual.com\/inicio\/#\/schema\/logo\/image\/"},"sameAs":["https:\/\/www.facebook.com\/eltextual","https:\/\/x.com\/eltextual","http:\/\/www.instagram.com\/eltextual"]},{"@type":"Person","@id":"https:\/\/diariotextual.com\/inicio\/#\/schema\/person\/418fc4093c33e86ed41562db3508f958","name":"Diario1 Diario1","image":{"@type":"ImageObject","inLanguage":"es","@id":"https:\/\/secure.gravatar.com\/avatar\/9167d280179c85bc18be67aa7eda765854300033af4896dd779b608640f2ef7a?s=96&d=mm&r=g","url":"https:\/\/secure.gravatar.com\/avatar\/9167d280179c85bc18be67aa7eda765854300033af4896dd779b608640f2ef7a?s=96&d=mm&r=g","contentUrl":"https:\/\/secure.gravatar.com\/avatar\/9167d280179c85bc18be67aa7eda765854300033af4896dd779b608640f2ef7a?s=96&d=mm&r=g","caption":"Diario1 Diario1"},"url":"https:\/\/diariotextual.com\/inicio\/index.php\/author\/diario1\/"}]}},"_links":{"self":[{"href":"https:\/\/diariotextual.com\/inicio\/index.php\/wp-json\/wp\/v2\/posts\/252348","targetHints":{"allow":["GET"]}}],"collection":[{"href":"https:\/\/diariotextual.com\/inicio\/index.php\/wp-json\/wp\/v2\/posts"}],"about":[{"href":"https:\/\/diariotextual.com\/inicio\/index.php\/wp-json\/wp\/v2\/types\/post"}],"author":[{"embeddable":true,"href":"https:\/\/diariotextual.com\/inicio\/index.php\/wp-json\/wp\/v2\/users\/3"}],"replies":[{"embeddable":true,"href":"https:\/\/diariotextual.com\/inicio\/index.php\/wp-json\/wp\/v2\/comments?post=252348"}],"version-history":[{"count":3,"href":"https:\/\/diariotextual.com\/inicio\/index.php\/wp-json\/wp\/v2\/posts\/252348\/revisions"}],"predecessor-version":[{"id":252352,"href":"https:\/\/diariotextual.com\/inicio\/index.php\/wp-json\/wp\/v2\/posts\/252348\/revisions\/252352"}],"wp:featuredmedia":[{"embeddable":true,"href":"https:\/\/diariotextual.com\/inicio\/index.php\/wp-json\/wp\/v2\/media\/252349"}],"wp:attachment":[{"href":"https:\/\/diariotextual.com\/inicio\/index.php\/wp-json\/wp\/v2\/media?parent=252348"}],"wp:term":[{"taxonomy":"category","embeddable":true,"href":"https:\/\/diariotextual.com\/inicio\/index.php\/wp-json\/wp\/v2\/categories?post=252348"},{"taxonomy":"post_tag","embeddable":true,"href":"https:\/\/diariotextual.com\/inicio\/index.php\/wp-json\/wp\/v2\/tags?post=252348"}],"curies":[{"name":"wp","href":"https:\/\/api.w.org\/{rel}","templated":true}]}}