{"id":252374,"date":"2024-01-28T08:00:16","date_gmt":"2024-01-28T11:00:16","guid":{"rendered":"https:\/\/diariotextual.com\/inicio\/?p=252374"},"modified":"2024-01-29T10:47:20","modified_gmt":"2024-01-29T13:47:20","slug":"pascual-fernandez-y-la-ley-omnibus-se-llevan-todo-puesto-federalismo-instituciones-y-gente","status":"publish","type":"post","link":"https:\/\/diariotextual.com\/inicio\/index.php\/2024\/01\/28\/pascual-fernandez-y-la-ley-omnibus-se-llevan-todo-puesto-federalismo-instituciones-y-gente\/","title":{"rendered":"Pascual Fern\u00e1ndez y la ley \u00f3mnibus: \u201cSe llevan todo puesto, federalismo, instituciones y gente\u201d"},"content":{"rendered":"\n<p>El ministro de Gobierno y Asuntos Municipales, <strong>Pascual Fern\u00e1ndez<\/strong>, dijo que la maniobra del Gobierno nacional de retirar el paquete fiscal de la llamada ley \u00f3mnibus es un \u201cenga\u00f1o\u201d y sostuvo que hay que evitar que el presidente <strong>Javier Milei<\/strong> pueda obtener las <strong>facultades delegadas<\/strong> que paralizar\u00e1 al Congreso nacional. <strong>\u201cSe llevan todo puesto, federalismo, instituciones y gente\u201d<\/strong>, expres\u00f3.<\/p>\n\n\n\n<p>De los m\u00e1s de 650 art\u00edculos que se redactaron originalmente, al momento de obtener dictamen, luego de varias negociaciones con la oposici\u00f3n, a la Ley de Bases y Puntos de Partida para la Libertad de los Argentinos, le quedaron menos de 530, a los cuales ahora se les deber\u00e1n restar todos aquellos vinculados al \u00e1rea fiscal. Cuando la iniciativa comience a ser tratada a partir del martes pr\u00f3ximo,<strong> no incluir\u00e1 el blanqueo, la moratoria, el adelanto de Bienes Personales, la ley de Ganancias, el aumento de las retenciones y el cambio de la f\u00f3rmula jubilatoria<\/strong>. Anteriormente, <strong>ya se hab\u00edan sacado la implementaci\u00f3n del juicio por jurados a nivel federal, a YPF del listado de empresas p\u00fablicas a privatizar, la ley de salud mental, la de sociedades, la reforma electoral y las modificaciones al C\u00f3digo Civil y al C\u00f3digo Penal<\/strong>, entre otras.<\/p>\n\n\n\n<p>Sin embargo, est\u00e1 la \u201ctrampa\u201d escondida: las facultades delegadas o superpoderes por un a\u00f1o (prorrogables). Esas van a tener el respaldo de los legisladores del PRO de La Pampa. A\u00fan no se sabe qu\u00e9 postura tomar\u00e1n los de la UCR, en tanto que hay una cerrada negativa de los peronistas.<\/p>\n\n\n\n<p>Esa concesi\u00f3n que los legisladores otorgan, se cree, suficiente margen para llevar adelante un ajuste sin pasar por el tr\u00e1mite parlamentario.<\/p>\n\n\n\n<p><br>\u201cQue le saque a la ley \u00f3mnibus las leyes fiscales en un enga\u00f1o\u201d, dijo Fern\u00e1ndez. \u201cLo importante son las facultades extraordinarias, una vez que las tengan, suben retenciones, ajustan a nuestros jubilados, ponen otra vez Ganancias\u201d, afirm\u00f3 el ministro, quien durante la semana se reuni\u00f3 con el diputado <strong>Ariel Rauschenberger <\/strong>para evaluar<strong> las implicancias de las leyes nacionales para los municipios.<\/strong><\/p>\n\n\n\n<p><br>\u201cAhora la excusa del republicanismo se les vino abajo. Estaban tan preocupados por el republicanismo y estamos ante una crisis institucional que afecta directamente a la democracia. <strong>Con la excusa del supuesto crecimiento econ\u00f3mico, que es solo la desregulaci\u00f3n de la econom\u00eda, est\u00e1n cerrando el Congreso. Esos son las facultades extraordinarias que pretenden<\/strong>\u201d, afirm\u00f3.<br><\/p>\n\n\n\n<p>\u201cEl peronismo era autoritario, el peronismo usaba el Congreso, el peronismo era antidemocr\u00e1tico. Se cayeron las caretas ahora. Estamos preocupados por las facultades extraordinarias que Juntos por el Cambio le quiere dar a Milei. La delegaci\u00f3n de facultades es darle poderes extraordinarios para hacer lo que quiere. Si se las dan ser\u00e1 por dos a\u00f1os y la pr\u00f3rroga de los siguientes quedar\u00e1 a decisi\u00f3n del mismo presidente. Una aberraci\u00f3n institucional\u201d, afirm\u00f3.<br><\/p>\n\n\n\n<p>\u201cDicen que los ojos del mundo est\u00e1n sobre los cambios que quieren hacer, pero cuando el cambio es para mal no queda otra que oponerse. Estamos viendo que se quieren llevar todo puesto, como el federalismo. Las amenazas a las provincias no es otra cosa que un pa\u00eds concentrado en Buenos Aires y beneficiando a las grandes corporaciones. Vienen por todo\u201d, sostuvo.<\/p>\n\n\n\n<p><\/p>\n","protected":false},"excerpt":{"rendered":"<p>El ministro de Gobierno y Asuntos Municipales, Pascual Fern\u00e1ndez, dijo que la maniobra del Gobierno nacional de retirar el paquete fiscal de la llamada ley \u00f3mnibus es un \u201cenga\u00f1o\u201d y&hellip;<\/p>\n","protected":false},"author":3,"featured_media":249484,"comment_status":"closed","ping_status":"open","sticky":false,"template":"","format":"standard","meta":{"_acf_changed":false,"footnotes":""},"categories":[1,8],"tags":[],"class_list":["post-252374","post","type-post","status-publish","format-standard","has-post-thumbnail","hentry","category-es-noticia","category-politica"],"acf":[],"yoast_head":"<!-- This site is optimized with the Yoast SEO plugin v27.5 - https:\/\/yoast.com\/product\/yoast-seo-wordpress\/ -->\n<title>Pascual Fern\u00e1ndez y la ley \u00f3mnibus: \u201cSe llevan todo puesto, federalismo, instituciones y gente\u201d - Diario Textual<\/title>\n<meta name=\"robots\" content=\"index, follow, max-snippet:-1, max-image-preview:large, max-video-preview:-1\" \/>\n<link rel=\"canonical\" href=\"https:\/\/diariotextual.com\/inicio\/index.php\/2024\/01\/28\/pascual-fernandez-y-la-ley-omnibus-se-llevan-todo-puesto-federalismo-instituciones-y-gente\/\" \/>\n<meta property=\"og:locale\" content=\"es_ES\" \/>\n<meta property=\"og:type\" content=\"article\" \/>\n<meta property=\"og:title\" content=\"Pascual Fern\u00e1ndez y la ley \u00f3mnibus: \u201cSe llevan todo puesto, federalismo, instituciones y gente\u201d - Diario Textual\" \/>\n<meta property=\"og:description\" content=\"El ministro de Gobierno y Asuntos Municipales, Pascual Fern\u00e1ndez, dijo que la maniobra del Gobierno nacional de retirar el paquete fiscal de la llamada ley \u00f3mnibus es un \u201cenga\u00f1o\u201d y&hellip;\" \/>\n<meta property=\"og:url\" content=\"https:\/\/diariotextual.com\/inicio\/index.php\/2024\/01\/28\/pascual-fernandez-y-la-ley-omnibus-se-llevan-todo-puesto-federalismo-instituciones-y-gente\/\" \/>\n<meta property=\"og:site_name\" content=\"Diario Textual\" \/>\n<meta property=\"article:publisher\" content=\"https:\/\/www.facebook.com\/eltextual\" \/>\n<meta property=\"article:published_time\" content=\"2024-01-28T11:00:16+00:00\" \/>\n<meta property=\"article:modified_time\" content=\"2024-01-29T13:47:20+00:00\" \/>\n<meta property=\"og:image\" content=\"https:\/\/diariotextual.com\/inicio\/wp-content\/uploads\/2023\/12\/fernandezpascualministro2024-12.jpg\" \/>\n\t<meta property=\"og:image:width\" content=\"1600\" \/>\n\t<meta property=\"og:image:height\" content=\"1060\" \/>\n\t<meta property=\"og:image:type\" content=\"image\/jpeg\" \/>\n<meta name=\"author\" content=\"Diario1 Diario1\" \/>\n<meta name=\"twitter:card\" content=\"summary_large_image\" \/>\n<meta name=\"twitter:creator\" content=\"@eltextual\" \/>\n<meta name=\"twitter:site\" content=\"@eltextual\" \/>\n<meta name=\"twitter:label1\" content=\"Escrito por\" \/>\n\t<meta name=\"twitter:data1\" content=\"Diario1 Diario1\" \/>\n\t<meta name=\"twitter:label2\" content=\"Tiempo de lectura\" \/>\n\t<meta name=\"twitter:data2\" content=\"3 minutos\" \/>\n<script type=\"application\/ld+json\" class=\"yoast-schema-graph\">{\"@context\":\"https:\\\/\\\/schema.org\",\"@graph\":[{\"@type\":\"Article\",\"@id\":\"https:\\\/\\\/diariotextual.com\\\/inicio\\\/index.php\\\/2024\\\/01\\\/28\\\/pascual-fernandez-y-la-ley-omnibus-se-llevan-todo-puesto-federalismo-instituciones-y-gente\\\/#article\",\"isPartOf\":{\"@id\":\"https:\\\/\\\/diariotextual.com\\\/inicio\\\/index.php\\\/2024\\\/01\\\/28\\\/pascual-fernandez-y-la-ley-omnibus-se-llevan-todo-puesto-federalismo-instituciones-y-gente\\\/\"},\"author\":{\"name\":\"Diario1 Diario1\",\"@id\":\"https:\\\/\\\/diariotextual.com\\\/inicio\\\/#\\\/schema\\\/person\\\/418fc4093c33e86ed41562db3508f958\"},\"headline\":\"Pascual Fern\u00e1ndez y la ley \u00f3mnibus: \u201cSe llevan todo puesto, federalismo, instituciones y gente\u201d\",\"datePublished\":\"2024-01-28T11:00:16+00:00\",\"dateModified\":\"2024-01-29T13:47:20+00:00\",\"mainEntityOfPage\":{\"@id\":\"https:\\\/\\\/diariotextual.com\\\/inicio\\\/index.php\\\/2024\\\/01\\\/28\\\/pascual-fernandez-y-la-ley-omnibus-se-llevan-todo-puesto-federalismo-instituciones-y-gente\\\/\"},\"wordCount\":564,\"publisher\":{\"@id\":\"https:\\\/\\\/diariotextual.com\\\/inicio\\\/#organization\"},\"image\":{\"@id\":\"https:\\\/\\\/diariotextual.com\\\/inicio\\\/index.php\\\/2024\\\/01\\\/28\\\/pascual-fernandez-y-la-ley-omnibus-se-llevan-todo-puesto-federalismo-instituciones-y-gente\\\/#primaryimage\"},\"thumbnailUrl\":\"https:\\\/\\\/diariotextual.com\\\/inicio\\\/wp-content\\\/uploads\\\/2023\\\/12\\\/fernandezpascualministro2024-12.jpg\",\"articleSection\":[\"A - ES NOTICIA (van abajo)\",\"POLITICA\"],\"inLanguage\":\"es\"},{\"@type\":\"WebPage\",\"@id\":\"https:\\\/\\\/diariotextual.com\\\/inicio\\\/index.php\\\/2024\\\/01\\\/28\\\/pascual-fernandez-y-la-ley-omnibus-se-llevan-todo-puesto-federalismo-instituciones-y-gente\\\/\",\"url\":\"https:\\\/\\\/diariotextual.com\\\/inicio\\\/index.php\\\/2024\\\/01\\\/28\\\/pascual-fernandez-y-la-ley-omnibus-se-llevan-todo-puesto-federalismo-instituciones-y-gente\\\/\",\"name\":\"Pascual Fern\u00e1ndez y la ley \u00f3mnibus: \u201cSe llevan todo puesto, federalismo, instituciones y gente\u201d - Diario Textual\",\"isPartOf\":{\"@id\":\"https:\\\/\\\/diariotextual.com\\\/inicio\\\/#website\"},\"primaryImageOfPage\":{\"@id\":\"https:\\\/\\\/diariotextual.com\\\/inicio\\\/index.php\\\/2024\\\/01\\\/28\\\/pascual-fernandez-y-la-ley-omnibus-se-llevan-todo-puesto-federalismo-instituciones-y-gente\\\/#primaryimage\"},\"image\":{\"@id\":\"https:\\\/\\\/diariotextual.com\\\/inicio\\\/index.php\\\/2024\\\/01\\\/28\\\/pascual-fernandez-y-la-ley-omnibus-se-llevan-todo-puesto-federalismo-instituciones-y-gente\\\/#primaryimage\"},\"thumbnailUrl\":\"https:\\\/\\\/diariotextual.com\\\/inicio\\\/wp-content\\\/uploads\\\/2023\\\/12\\\/fernandezpascualministro2024-12.jpg\",\"datePublished\":\"2024-01-28T11:00:16+00:00\",\"dateModified\":\"2024-01-29T13:47:20+00:00\",\"breadcrumb\":{\"@id\":\"https:\\\/\\\/diariotextual.com\\\/inicio\\\/index.php\\\/2024\\\/01\\\/28\\\/pascual-fernandez-y-la-ley-omnibus-se-llevan-todo-puesto-federalismo-instituciones-y-gente\\\/#breadcrumb\"},\"inLanguage\":\"es\",\"potentialAction\":[{\"@type\":\"ReadAction\",\"target\":[\"https:\\\/\\\/diariotextual.com\\\/inicio\\\/index.php\\\/2024\\\/01\\\/28\\\/pascual-fernandez-y-la-ley-omnibus-se-llevan-todo-puesto-federalismo-instituciones-y-gente\\\/\"]}]},{\"@type\":\"ImageObject\",\"inLanguage\":\"es\",\"@id\":\"https:\\\/\\\/diariotextual.com\\\/inicio\\\/index.php\\\/2024\\\/01\\\/28\\\/pascual-fernandez-y-la-ley-omnibus-se-llevan-todo-puesto-federalismo-instituciones-y-gente\\\/#primaryimage\",\"url\":\"https:\\\/\\\/diariotextual.com\\\/inicio\\\/wp-content\\\/uploads\\\/2023\\\/12\\\/fernandezpascualministro2024-12.jpg\",\"contentUrl\":\"https:\\\/\\\/diariotextual.com\\\/inicio\\\/wp-content\\\/uploads\\\/2023\\\/12\\\/fernandezpascualministro2024-12.jpg\",\"width\":1600,\"height\":1060},{\"@type\":\"BreadcrumbList\",\"@id\":\"https:\\\/\\\/diariotextual.com\\\/inicio\\\/index.php\\\/2024\\\/01\\\/28\\\/pascual-fernandez-y-la-ley-omnibus-se-llevan-todo-puesto-federalismo-instituciones-y-gente\\\/#breadcrumb\",\"itemListElement\":[{\"@type\":\"ListItem\",\"position\":1,\"name\":\"Portada\",\"item\":\"https:\\\/\\\/diariotextual.com\\\/inicio\\\/\"},{\"@type\":\"ListItem\",\"position\":2,\"name\":\"Pascual Fern\u00e1ndez y la ley \u00f3mnibus: \u201cSe llevan todo puesto, federalismo, instituciones y gente\u201d\"}]},{\"@type\":\"WebSite\",\"@id\":\"https:\\\/\\\/diariotextual.com\\\/inicio\\\/#website\",\"url\":\"https:\\\/\\\/diariotextual.com\\\/inicio\\\/\",\"name\":\"Diario Textual\",\"description\":\"\",\"publisher\":{\"@id\":\"https:\\\/\\\/diariotextual.com\\\/inicio\\\/#organization\"},\"potentialAction\":[{\"@type\":\"SearchAction\",\"target\":{\"@type\":\"EntryPoint\",\"urlTemplate\":\"https:\\\/\\\/diariotextual.com\\\/inicio\\\/?s={search_term_string}\"},\"query-input\":{\"@type\":\"PropertyValueSpecification\",\"valueRequired\":true,\"valueName\":\"search_term_string\"}}],\"inLanguage\":\"es\"},{\"@type\":\"Organization\",\"@id\":\"https:\\\/\\\/diariotextual.com\\\/inicio\\\/#organization\",\"name\":\"Diario Textual\",\"url\":\"https:\\\/\\\/diariotextual.com\\\/inicio\\\/\",\"logo\":{\"@type\":\"ImageObject\",\"inLanguage\":\"es\",\"@id\":\"https:\\\/\\\/diariotextual.com\\\/inicio\\\/#\\\/schema\\\/logo\\\/image\\\/\",\"url\":\"https:\\\/\\\/diariotextual.com\\\/inicio\\\/wp-content\\\/uploads\\\/2023\\\/05\\\/logotextual1.jpg\",\"contentUrl\":\"https:\\\/\\\/diariotextual.com\\\/inicio\\\/wp-content\\\/uploads\\\/2023\\\/05\\\/logotextual1.jpg\",\"width\":516,\"height\":76,\"caption\":\"Diario Textual\"},\"image\":{\"@id\":\"https:\\\/\\\/diariotextual.com\\\/inicio\\\/#\\\/schema\\\/logo\\\/image\\\/\"},\"sameAs\":[\"https:\\\/\\\/www.facebook.com\\\/eltextual\",\"https:\\\/\\\/x.com\\\/eltextual\",\"http:\\\/\\\/www.instagram.com\\\/eltextual\"]},{\"@type\":\"Person\",\"@id\":\"https:\\\/\\\/diariotextual.com\\\/inicio\\\/#\\\/schema\\\/person\\\/418fc4093c33e86ed41562db3508f958\",\"name\":\"Diario1 Diario1\",\"image\":{\"@type\":\"ImageObject\",\"inLanguage\":\"es\",\"@id\":\"https:\\\/\\\/secure.gravatar.com\\\/avatar\\\/9167d280179c85bc18be67aa7eda765854300033af4896dd779b608640f2ef7a?s=96&d=mm&r=g\",\"url\":\"https:\\\/\\\/secure.gravatar.com\\\/avatar\\\/9167d280179c85bc18be67aa7eda765854300033af4896dd779b608640f2ef7a?s=96&d=mm&r=g\",\"contentUrl\":\"https:\\\/\\\/secure.gravatar.com\\\/avatar\\\/9167d280179c85bc18be67aa7eda765854300033af4896dd779b608640f2ef7a?s=96&d=mm&r=g\",\"caption\":\"Diario1 Diario1\"},\"url\":\"https:\\\/\\\/diariotextual.com\\\/inicio\\\/index.php\\\/author\\\/diario1\\\/\"}]}<\/script>\n<!-- \/ Yoast SEO plugin. -->","yoast_head_json":{"title":"Pascual Fern\u00e1ndez y la ley \u00f3mnibus: \u201cSe llevan todo puesto, federalismo, instituciones y gente\u201d - Diario Textual","robots":{"index":"index","follow":"follow","max-snippet":"max-snippet:-1","max-image-preview":"max-image-preview:large","max-video-preview":"max-video-preview:-1"},"canonical":"https:\/\/diariotextual.com\/inicio\/index.php\/2024\/01\/28\/pascual-fernandez-y-la-ley-omnibus-se-llevan-todo-puesto-federalismo-instituciones-y-gente\/","og_locale":"es_ES","og_type":"article","og_title":"Pascual Fern\u00e1ndez y la ley \u00f3mnibus: \u201cSe llevan todo puesto, federalismo, instituciones y gente\u201d - Diario Textual","og_description":"El ministro de Gobierno y Asuntos Municipales, Pascual Fern\u00e1ndez, dijo que la maniobra del Gobierno nacional de retirar el paquete fiscal de la llamada ley \u00f3mnibus es un \u201cenga\u00f1o\u201d y&hellip;","og_url":"https:\/\/diariotextual.com\/inicio\/index.php\/2024\/01\/28\/pascual-fernandez-y-la-ley-omnibus-se-llevan-todo-puesto-federalismo-instituciones-y-gente\/","og_site_name":"Diario Textual","article_publisher":"https:\/\/www.facebook.com\/eltextual","article_published_time":"2024-01-28T11:00:16+00:00","article_modified_time":"2024-01-29T13:47:20+00:00","og_image":[{"width":1600,"height":1060,"url":"https:\/\/diariotextual.com\/inicio\/wp-content\/uploads\/2023\/12\/fernandezpascualministro2024-12.jpg","type":"image\/jpeg"}],"author":"Diario1 Diario1","twitter_card":"summary_large_image","twitter_creator":"@eltextual","twitter_site":"@eltextual","twitter_misc":{"Escrito por":"Diario1 Diario1","Tiempo de lectura":"3 minutos"},"schema":{"@context":"https:\/\/schema.org","@graph":[{"@type":"Article","@id":"https:\/\/diariotextual.com\/inicio\/index.php\/2024\/01\/28\/pascual-fernandez-y-la-ley-omnibus-se-llevan-todo-puesto-federalismo-instituciones-y-gente\/#article","isPartOf":{"@id":"https:\/\/diariotextual.com\/inicio\/index.php\/2024\/01\/28\/pascual-fernandez-y-la-ley-omnibus-se-llevan-todo-puesto-federalismo-instituciones-y-gente\/"},"author":{"name":"Diario1 Diario1","@id":"https:\/\/diariotextual.com\/inicio\/#\/schema\/person\/418fc4093c33e86ed41562db3508f958"},"headline":"Pascual Fern\u00e1ndez y la ley \u00f3mnibus: \u201cSe llevan todo puesto, federalismo, instituciones y gente\u201d","datePublished":"2024-01-28T11:00:16+00:00","dateModified":"2024-01-29T13:47:20+00:00","mainEntityOfPage":{"@id":"https:\/\/diariotextual.com\/inicio\/index.php\/2024\/01\/28\/pascual-fernandez-y-la-ley-omnibus-se-llevan-todo-puesto-federalismo-instituciones-y-gente\/"},"wordCount":564,"publisher":{"@id":"https:\/\/diariotextual.com\/inicio\/#organization"},"image":{"@id":"https:\/\/diariotextual.com\/inicio\/index.php\/2024\/01\/28\/pascual-fernandez-y-la-ley-omnibus-se-llevan-todo-puesto-federalismo-instituciones-y-gente\/#primaryimage"},"thumbnailUrl":"https:\/\/diariotextual.com\/inicio\/wp-content\/uploads\/2023\/12\/fernandezpascualministro2024-12.jpg","articleSection":["A - ES NOTICIA (van abajo)","POLITICA"],"inLanguage":"es"},{"@type":"WebPage","@id":"https:\/\/diariotextual.com\/inicio\/index.php\/2024\/01\/28\/pascual-fernandez-y-la-ley-omnibus-se-llevan-todo-puesto-federalismo-instituciones-y-gente\/","url":"https:\/\/diariotextual.com\/inicio\/index.php\/2024\/01\/28\/pascual-fernandez-y-la-ley-omnibus-se-llevan-todo-puesto-federalismo-instituciones-y-gente\/","name":"Pascual Fern\u00e1ndez y la ley \u00f3mnibus: \u201cSe llevan todo puesto, federalismo, instituciones y gente\u201d - Diario Textual","isPartOf":{"@id":"https:\/\/diariotextual.com\/inicio\/#website"},"primaryImageOfPage":{"@id":"https:\/\/diariotextual.com\/inicio\/index.php\/2024\/01\/28\/pascual-fernandez-y-la-ley-omnibus-se-llevan-todo-puesto-federalismo-instituciones-y-gente\/#primaryimage"},"image":{"@id":"https:\/\/diariotextual.com\/inicio\/index.php\/2024\/01\/28\/pascual-fernandez-y-la-ley-omnibus-se-llevan-todo-puesto-federalismo-instituciones-y-gente\/#primaryimage"},"thumbnailUrl":"https:\/\/diariotextual.com\/inicio\/wp-content\/uploads\/2023\/12\/fernandezpascualministro2024-12.jpg","datePublished":"2024-01-28T11:00:16+00:00","dateModified":"2024-01-29T13:47:20+00:00","breadcrumb":{"@id":"https:\/\/diariotextual.com\/inicio\/index.php\/2024\/01\/28\/pascual-fernandez-y-la-ley-omnibus-se-llevan-todo-puesto-federalismo-instituciones-y-gente\/#breadcrumb"},"inLanguage":"es","potentialAction":[{"@type":"ReadAction","target":["https:\/\/diariotextual.com\/inicio\/index.php\/2024\/01\/28\/pascual-fernandez-y-la-ley-omnibus-se-llevan-todo-puesto-federalismo-instituciones-y-gente\/"]}]},{"@type":"ImageObject","inLanguage":"es","@id":"https:\/\/diariotextual.com\/inicio\/index.php\/2024\/01\/28\/pascual-fernandez-y-la-ley-omnibus-se-llevan-todo-puesto-federalismo-instituciones-y-gente\/#primaryimage","url":"https:\/\/diariotextual.com\/inicio\/wp-content\/uploads\/2023\/12\/fernandezpascualministro2024-12.jpg","contentUrl":"https:\/\/diariotextual.com\/inicio\/wp-content\/uploads\/2023\/12\/fernandezpascualministro2024-12.jpg","width":1600,"height":1060},{"@type":"BreadcrumbList","@id":"https:\/\/diariotextual.com\/inicio\/index.php\/2024\/01\/28\/pascual-fernandez-y-la-ley-omnibus-se-llevan-todo-puesto-federalismo-instituciones-y-gente\/#breadcrumb","itemListElement":[{"@type":"ListItem","position":1,"name":"Portada","item":"https:\/\/diariotextual.com\/inicio\/"},{"@type":"ListItem","position":2,"name":"Pascual Fern\u00e1ndez y la ley \u00f3mnibus: \u201cSe llevan todo puesto, federalismo, instituciones y gente\u201d"}]},{"@type":"WebSite","@id":"https:\/\/diariotextual.com\/inicio\/#website","url":"https:\/\/diariotextual.com\/inicio\/","name":"Diario Textual","description":"","publisher":{"@id":"https:\/\/diariotextual.com\/inicio\/#organization"},"potentialAction":[{"@type":"SearchAction","target":{"@type":"EntryPoint","urlTemplate":"https:\/\/diariotextual.com\/inicio\/?s={search_term_string}"},"query-input":{"@type":"PropertyValueSpecification","valueRequired":true,"valueName":"search_term_string"}}],"inLanguage":"es"},{"@type":"Organization","@id":"https:\/\/diariotextual.com\/inicio\/#organization","name":"Diario Textual","url":"https:\/\/diariotextual.com\/inicio\/","logo":{"@type":"ImageObject","inLanguage":"es","@id":"https:\/\/diariotextual.com\/inicio\/#\/schema\/logo\/image\/","url":"https:\/\/diariotextual.com\/inicio\/wp-content\/uploads\/2023\/05\/logotextual1.jpg","contentUrl":"https:\/\/diariotextual.com\/inicio\/wp-content\/uploads\/2023\/05\/logotextual1.jpg","width":516,"height":76,"caption":"Diario Textual"},"image":{"@id":"https:\/\/diariotextual.com\/inicio\/#\/schema\/logo\/image\/"},"sameAs":["https:\/\/www.facebook.com\/eltextual","https:\/\/x.com\/eltextual","http:\/\/www.instagram.com\/eltextual"]},{"@type":"Person","@id":"https:\/\/diariotextual.com\/inicio\/#\/schema\/person\/418fc4093c33e86ed41562db3508f958","name":"Diario1 Diario1","image":{"@type":"ImageObject","inLanguage":"es","@id":"https:\/\/secure.gravatar.com\/avatar\/9167d280179c85bc18be67aa7eda765854300033af4896dd779b608640f2ef7a?s=96&d=mm&r=g","url":"https:\/\/secure.gravatar.com\/avatar\/9167d280179c85bc18be67aa7eda765854300033af4896dd779b608640f2ef7a?s=96&d=mm&r=g","contentUrl":"https:\/\/secure.gravatar.com\/avatar\/9167d280179c85bc18be67aa7eda765854300033af4896dd779b608640f2ef7a?s=96&d=mm&r=g","caption":"Diario1 Diario1"},"url":"https:\/\/diariotextual.com\/inicio\/index.php\/author\/diario1\/"}]}},"_links":{"self":[{"href":"https:\/\/diariotextual.com\/inicio\/index.php\/wp-json\/wp\/v2\/posts\/252374","targetHints":{"allow":["GET"]}}],"collection":[{"href":"https:\/\/diariotextual.com\/inicio\/index.php\/wp-json\/wp\/v2\/posts"}],"about":[{"href":"https:\/\/diariotextual.com\/inicio\/index.php\/wp-json\/wp\/v2\/types\/post"}],"author":[{"embeddable":true,"href":"https:\/\/diariotextual.com\/inicio\/index.php\/wp-json\/wp\/v2\/users\/3"}],"replies":[{"embeddable":true,"href":"https:\/\/diariotextual.com\/inicio\/index.php\/wp-json\/wp\/v2\/comments?post=252374"}],"version-history":[{"count":5,"href":"https:\/\/diariotextual.com\/inicio\/index.php\/wp-json\/wp\/v2\/posts\/252374\/revisions"}],"predecessor-version":[{"id":252379,"href":"https:\/\/diariotextual.com\/inicio\/index.php\/wp-json\/wp\/v2\/posts\/252374\/revisions\/252379"}],"wp:featuredmedia":[{"embeddable":true,"href":"https:\/\/diariotextual.com\/inicio\/index.php\/wp-json\/wp\/v2\/media\/249484"}],"wp:attachment":[{"href":"https:\/\/diariotextual.com\/inicio\/index.php\/wp-json\/wp\/v2\/media?parent=252374"}],"wp:term":[{"taxonomy":"category","embeddable":true,"href":"https:\/\/diariotextual.com\/inicio\/index.php\/wp-json\/wp\/v2\/categories?post=252374"},{"taxonomy":"post_tag","embeddable":true,"href":"https:\/\/diariotextual.com\/inicio\/index.php\/wp-json\/wp\/v2\/tags?post=252374"}],"curies":[{"name":"wp","href":"https:\/\/api.w.org\/{rel}","templated":true}]}}