{"id":252380,"date":"2024-01-28T08:24:16","date_gmt":"2024-01-28T11:24:16","guid":{"rendered":"https:\/\/diariotextual.com\/inicio\/?p=252380"},"modified":"2024-01-29T07:30:12","modified_gmt":"2024-01-29T10:30:12","slug":"milei-no-hay-plan-b-para-hacer-las-cosas-bien-haces-las-cosas-bien-o-las-haces-bien","status":"publish","type":"post","link":"https:\/\/diariotextual.com\/inicio\/index.php\/2024\/01\/28\/milei-no-hay-plan-b-para-hacer-las-cosas-bien-haces-las-cosas-bien-o-las-haces-bien\/","title":{"rendered":"Milei: \u201cNo hay plan B para hacer las cosas bien. Hac\u00e9s las cosas bien o las hac\u00e9s bien\u201d"},"content":{"rendered":"\n<p>El presidente Javier Milei dijo que en el Gobierno est\u00e1n \u201csorprendidos por la velocidad\u201d con la que se est\u00e1n \u201calcanzando resultados\u201d a partir de las pol\u00edticas implementadas desde el 10 de diciembre y afirm\u00f3 que \u201cno hay plan B para hacer las cosas bien\u201d. As\u00ed lo manifest\u00f3 el mandatario en una entrevista brindada al diario estadounidense The Wall Street Journal, que fue publicada este domingo, donde adem\u00e1s&nbsp;<strong>ratific\u00f3 la intenci\u00f3n de dolarizar la econom\u00eda y privatizar las empresas p\u00fablicas y se refiri\u00f3 a la relaci\u00f3n con China por inversiones y al Reino Unido por Malvinas<\/strong>.<br><br>En el inicio de la nota fue consultado sobre cu\u00e1nto tiempo cree que el pueblo argentino puede esperar ver se\u00f1ales de que su plan est\u00e1 funcionando. \u201cEntiende que&nbsp;<strong>este proceso puede durar cerca de dos a\u00f1os y es cierto que hay una luz de alerta que dice que es dif\u00edcil aguantar m\u00e1s de un a\u00f1o\u201d, dijo.<\/strong><br><br>\u201cLa verdad es que cuando nosotros empezamos a ver la forma en la cual est\u00e1n corriendo los datos y c\u00f3mo se est\u00e1 moviendo la inflaci\u00f3n, nosotros mismos estamos sorprendidos por la velocidad con la que estamos alcanzando resultados\u201d, agreg\u00f3.<\/p>\n\n\n\n<p>\u201cEs cierto que nosotros necesitar\u00edamos inversiones porque una de las cosas que sucede es que, cuando hac\u00e9s un ajuste fiscal, aument\u00e1s el ahorro. Si ese ahorro no tiene una contrapartida de inversi\u00f3n, aparece&nbsp;<strong>la ca\u00edda de la actividad econ\u00f3mica, la ca\u00edda del empleo y la ca\u00edda de los salarios reales<\/strong>\u201d, dijo.<br><br>Adem\u00e1s, fue consultado sobre su plan de privatizaciones. \u201cSe har\u00e1 todo lo r\u00e1pido que se pueda\u201d, expres\u00f3.<br><br><strong>\u201cTodo lo que pueda vender de empresas del Estado lo voy a hacer a la m\u00e1xima brevedad. Pero hay restricciones institucionales\u201d<\/strong>, aclar\u00f3. \u201cTodo lo que pueda privatizar lo vamos a privatizar. No es una cuesti\u00f3n de nombres, sino de una restricci\u00f3n t\u00e9cnica en t\u00e9rminos de tiempo\u201d.<\/p>\n\n\n\n<p>En otro tramo se refiri\u00f3 a una eventual dolarizaci\u00f3n de la econom\u00eda argentina. \u201cNosotros en el \u00faltimo mes compramos 5.000 millones de d\u00f3lares y la base monetaria es de cerca de casi 8.000 millones de d\u00f3lares, con lo cual si nosotros termin\u00e1ramos de limpiar todos los pasivos remunerados del Banco Central, estar\u00edamos en condiciones de dolarizar por muy poco dinero\u201d, dijo.<br><br>\u201cSiempre hemos hablado de una libre competencia de monedas de lo que elijan los argentinos. Es probable que en un momento inicial elijan el d\u00f3lar\u201d, dijo.<br><br>En tanto, sobre si ten\u00eda \u201cun plan B\u201d, fue taxativo. <strong>\u201cNo hay plan b, no hay plan B para hacer las cosas bien. Hac\u00e9s las cosas bien o las hac\u00e9s bien. Porque si el plan B es hacer las cosas m\u00e1s o menos o negociar&#8230; esa es la historia de Argentina, as\u00ed estamos\u201d, dijo<\/strong>.<\/p>\n\n\n\n<p>Milei tambi\u00e9n se refiri\u00f3 a sus declaraciones sobre China. \u201cEs cierto que yo no voy a estar aliado con los comunistas, es cierto que rechazamos ser parte del Brics. Pero siempre hemos sostenido que la cuesti\u00f3n comercial no tendr\u00eda porqu\u00e9 ser afectada, porque b\u00e1sicamente es una decisi\u00f3n de los privados\u201d, dijo.<\/p>\n\n\n\n<p>\u201cAhora, es cierto que no considero que sea nuestro socio estrat\u00e9gico. Pero hay que separar la cuesti\u00f3n geopol\u00edtica de nuestra cuesti\u00f3n comercial\u201d, diferenci\u00f3. \u201cNosotros podemos tener una diferencia con el Reino Unido respecto de las Islas Malvinas. Sin embargo, eso no imposibilita que podamos tener un conjunto de relaciones comerciales adultas\u201d.<\/p>\n\n\n\n<p>En ese marco, fue consultado si hab\u00eda tratado la cuesti\u00f3n Malvinas con el canciller brit\u00e1nico, David Cameron, durante su participaci\u00f3n en el Foro de Davos. \u201cHemos decidido tener una relaci\u00f3n adulta en la cual justamente participar y trabajar de manera conjunta en la agenda internacional y empezar a tener una charla sobre nuestra diferencia territorial\u201d, dijo.<\/p>\n\n\n\n<p><\/p>\n","protected":false},"excerpt":{"rendered":"<p>El presidente Javier Milei dijo que en el Gobierno est\u00e1n \u201csorprendidos por la velocidad\u201d con la que se est\u00e1n \u201calcanzando resultados\u201d a partir de las pol\u00edticas implementadas desde el 10&hellip;<\/p>\n","protected":false},"author":3,"featured_media":249050,"comment_status":"closed","ping_status":"open","sticky":false,"template":"","format":"standard","meta":{"_acf_changed":false,"footnotes":""},"categories":[1,8],"tags":[],"class_list":["post-252380","post","type-post","status-publish","format-standard","has-post-thumbnail","hentry","category-es-noticia","category-politica"],"acf":[],"yoast_head":"<!-- This site is optimized with the Yoast SEO plugin v27.5 - https:\/\/yoast.com\/product\/yoast-seo-wordpress\/ -->\n<title>Milei: \u201cNo hay plan B para hacer las cosas bien. Hac\u00e9s las cosas bien o las hac\u00e9s bien\u201d - Diario Textual<\/title>\n<meta name=\"robots\" content=\"index, follow, max-snippet:-1, max-image-preview:large, max-video-preview:-1\" \/>\n<link rel=\"canonical\" href=\"https:\/\/diariotextual.com\/inicio\/index.php\/2024\/01\/28\/milei-no-hay-plan-b-para-hacer-las-cosas-bien-haces-las-cosas-bien-o-las-haces-bien\/\" \/>\n<meta property=\"og:locale\" content=\"es_ES\" \/>\n<meta property=\"og:type\" content=\"article\" \/>\n<meta property=\"og:title\" content=\"Milei: \u201cNo hay plan B para hacer las cosas bien. Hac\u00e9s las cosas bien o las hac\u00e9s bien\u201d - Diario Textual\" \/>\n<meta property=\"og:description\" content=\"El presidente Javier Milei dijo que en el Gobierno est\u00e1n \u201csorprendidos por la velocidad\u201d con la que se est\u00e1n \u201calcanzando resultados\u201d a partir de las pol\u00edticas implementadas desde el 10&hellip;\" \/>\n<meta property=\"og:url\" content=\"https:\/\/diariotextual.com\/inicio\/index.php\/2024\/01\/28\/milei-no-hay-plan-b-para-hacer-las-cosas-bien-haces-las-cosas-bien-o-las-haces-bien\/\" \/>\n<meta property=\"og:site_name\" content=\"Diario Textual\" \/>\n<meta property=\"article:publisher\" content=\"https:\/\/www.facebook.com\/eltextual\" \/>\n<meta property=\"article:published_time\" content=\"2024-01-28T11:24:16+00:00\" \/>\n<meta property=\"article:modified_time\" content=\"2024-01-29T10:30:12+00:00\" \/>\n<meta property=\"og:image\" content=\"https:\/\/diariotextual.com\/inicio\/wp-content\/uploads\/2023\/12\/mileijavier2023-345.webp\" \/>\n\t<meta property=\"og:image:width\" content=\"1080\" \/>\n\t<meta property=\"og:image:height\" content=\"720\" \/>\n\t<meta property=\"og:image:type\" content=\"image\/webp\" \/>\n<meta name=\"author\" content=\"Diario1 Diario1\" \/>\n<meta name=\"twitter:card\" content=\"summary_large_image\" \/>\n<meta name=\"twitter:creator\" content=\"@eltextual\" \/>\n<meta name=\"twitter:site\" content=\"@eltextual\" \/>\n<meta name=\"twitter:label1\" content=\"Escrito por\" \/>\n\t<meta name=\"twitter:data1\" content=\"Diario1 Diario1\" \/>\n\t<meta name=\"twitter:label2\" content=\"Tiempo de lectura\" \/>\n\t<meta name=\"twitter:data2\" content=\"3 minutos\" \/>\n<script type=\"application\/ld+json\" class=\"yoast-schema-graph\">{\"@context\":\"https:\\\/\\\/schema.org\",\"@graph\":[{\"@type\":\"Article\",\"@id\":\"https:\\\/\\\/diariotextual.com\\\/inicio\\\/index.php\\\/2024\\\/01\\\/28\\\/milei-no-hay-plan-b-para-hacer-las-cosas-bien-haces-las-cosas-bien-o-las-haces-bien\\\/#article\",\"isPartOf\":{\"@id\":\"https:\\\/\\\/diariotextual.com\\\/inicio\\\/index.php\\\/2024\\\/01\\\/28\\\/milei-no-hay-plan-b-para-hacer-las-cosas-bien-haces-las-cosas-bien-o-las-haces-bien\\\/\"},\"author\":{\"name\":\"Diario1 Diario1\",\"@id\":\"https:\\\/\\\/diariotextual.com\\\/inicio\\\/#\\\/schema\\\/person\\\/418fc4093c33e86ed41562db3508f958\"},\"headline\":\"Milei: \u201cNo hay plan B para hacer las cosas bien. Hac\u00e9s las cosas bien o las hac\u00e9s bien\u201d\",\"datePublished\":\"2024-01-28T11:24:16+00:00\",\"dateModified\":\"2024-01-29T10:30:12+00:00\",\"mainEntityOfPage\":{\"@id\":\"https:\\\/\\\/diariotextual.com\\\/inicio\\\/index.php\\\/2024\\\/01\\\/28\\\/milei-no-hay-plan-b-para-hacer-las-cosas-bien-haces-las-cosas-bien-o-las-haces-bien\\\/\"},\"wordCount\":680,\"publisher\":{\"@id\":\"https:\\\/\\\/diariotextual.com\\\/inicio\\\/#organization\"},\"image\":{\"@id\":\"https:\\\/\\\/diariotextual.com\\\/inicio\\\/index.php\\\/2024\\\/01\\\/28\\\/milei-no-hay-plan-b-para-hacer-las-cosas-bien-haces-las-cosas-bien-o-las-haces-bien\\\/#primaryimage\"},\"thumbnailUrl\":\"https:\\\/\\\/diariotextual.com\\\/inicio\\\/wp-content\\\/uploads\\\/2023\\\/12\\\/mileijavier2023-345.webp\",\"articleSection\":[\"A - ES NOTICIA (van abajo)\",\"POLITICA\"],\"inLanguage\":\"es\"},{\"@type\":\"WebPage\",\"@id\":\"https:\\\/\\\/diariotextual.com\\\/inicio\\\/index.php\\\/2024\\\/01\\\/28\\\/milei-no-hay-plan-b-para-hacer-las-cosas-bien-haces-las-cosas-bien-o-las-haces-bien\\\/\",\"url\":\"https:\\\/\\\/diariotextual.com\\\/inicio\\\/index.php\\\/2024\\\/01\\\/28\\\/milei-no-hay-plan-b-para-hacer-las-cosas-bien-haces-las-cosas-bien-o-las-haces-bien\\\/\",\"name\":\"Milei: \u201cNo hay plan B para hacer las cosas bien. Hac\u00e9s las cosas bien o las hac\u00e9s bien\u201d - Diario Textual\",\"isPartOf\":{\"@id\":\"https:\\\/\\\/diariotextual.com\\\/inicio\\\/#website\"},\"primaryImageOfPage\":{\"@id\":\"https:\\\/\\\/diariotextual.com\\\/inicio\\\/index.php\\\/2024\\\/01\\\/28\\\/milei-no-hay-plan-b-para-hacer-las-cosas-bien-haces-las-cosas-bien-o-las-haces-bien\\\/#primaryimage\"},\"image\":{\"@id\":\"https:\\\/\\\/diariotextual.com\\\/inicio\\\/index.php\\\/2024\\\/01\\\/28\\\/milei-no-hay-plan-b-para-hacer-las-cosas-bien-haces-las-cosas-bien-o-las-haces-bien\\\/#primaryimage\"},\"thumbnailUrl\":\"https:\\\/\\\/diariotextual.com\\\/inicio\\\/wp-content\\\/uploads\\\/2023\\\/12\\\/mileijavier2023-345.webp\",\"datePublished\":\"2024-01-28T11:24:16+00:00\",\"dateModified\":\"2024-01-29T10:30:12+00:00\",\"breadcrumb\":{\"@id\":\"https:\\\/\\\/diariotextual.com\\\/inicio\\\/index.php\\\/2024\\\/01\\\/28\\\/milei-no-hay-plan-b-para-hacer-las-cosas-bien-haces-las-cosas-bien-o-las-haces-bien\\\/#breadcrumb\"},\"inLanguage\":\"es\",\"potentialAction\":[{\"@type\":\"ReadAction\",\"target\":[\"https:\\\/\\\/diariotextual.com\\\/inicio\\\/index.php\\\/2024\\\/01\\\/28\\\/milei-no-hay-plan-b-para-hacer-las-cosas-bien-haces-las-cosas-bien-o-las-haces-bien\\\/\"]}]},{\"@type\":\"ImageObject\",\"inLanguage\":\"es\",\"@id\":\"https:\\\/\\\/diariotextual.com\\\/inicio\\\/index.php\\\/2024\\\/01\\\/28\\\/milei-no-hay-plan-b-para-hacer-las-cosas-bien-haces-las-cosas-bien-o-las-haces-bien\\\/#primaryimage\",\"url\":\"https:\\\/\\\/diariotextual.com\\\/inicio\\\/wp-content\\\/uploads\\\/2023\\\/12\\\/mileijavier2023-345.webp\",\"contentUrl\":\"https:\\\/\\\/diariotextual.com\\\/inicio\\\/wp-content\\\/uploads\\\/2023\\\/12\\\/mileijavier2023-345.webp\",\"width\":1080,\"height\":720},{\"@type\":\"BreadcrumbList\",\"@id\":\"https:\\\/\\\/diariotextual.com\\\/inicio\\\/index.php\\\/2024\\\/01\\\/28\\\/milei-no-hay-plan-b-para-hacer-las-cosas-bien-haces-las-cosas-bien-o-las-haces-bien\\\/#breadcrumb\",\"itemListElement\":[{\"@type\":\"ListItem\",\"position\":1,\"name\":\"Portada\",\"item\":\"https:\\\/\\\/diariotextual.com\\\/inicio\\\/\"},{\"@type\":\"ListItem\",\"position\":2,\"name\":\"Milei: \u201cNo hay plan B para hacer las cosas bien. Hac\u00e9s las cosas bien o las hac\u00e9s bien\u201d\"}]},{\"@type\":\"WebSite\",\"@id\":\"https:\\\/\\\/diariotextual.com\\\/inicio\\\/#website\",\"url\":\"https:\\\/\\\/diariotextual.com\\\/inicio\\\/\",\"name\":\"Diario Textual\",\"description\":\"\",\"publisher\":{\"@id\":\"https:\\\/\\\/diariotextual.com\\\/inicio\\\/#organization\"},\"potentialAction\":[{\"@type\":\"SearchAction\",\"target\":{\"@type\":\"EntryPoint\",\"urlTemplate\":\"https:\\\/\\\/diariotextual.com\\\/inicio\\\/?s={search_term_string}\"},\"query-input\":{\"@type\":\"PropertyValueSpecification\",\"valueRequired\":true,\"valueName\":\"search_term_string\"}}],\"inLanguage\":\"es\"},{\"@type\":\"Organization\",\"@id\":\"https:\\\/\\\/diariotextual.com\\\/inicio\\\/#organization\",\"name\":\"Diario Textual\",\"url\":\"https:\\\/\\\/diariotextual.com\\\/inicio\\\/\",\"logo\":{\"@type\":\"ImageObject\",\"inLanguage\":\"es\",\"@id\":\"https:\\\/\\\/diariotextual.com\\\/inicio\\\/#\\\/schema\\\/logo\\\/image\\\/\",\"url\":\"https:\\\/\\\/diariotextual.com\\\/inicio\\\/wp-content\\\/uploads\\\/2023\\\/05\\\/logotextual1.jpg\",\"contentUrl\":\"https:\\\/\\\/diariotextual.com\\\/inicio\\\/wp-content\\\/uploads\\\/2023\\\/05\\\/logotextual1.jpg\",\"width\":516,\"height\":76,\"caption\":\"Diario Textual\"},\"image\":{\"@id\":\"https:\\\/\\\/diariotextual.com\\\/inicio\\\/#\\\/schema\\\/logo\\\/image\\\/\"},\"sameAs\":[\"https:\\\/\\\/www.facebook.com\\\/eltextual\",\"https:\\\/\\\/x.com\\\/eltextual\",\"http:\\\/\\\/www.instagram.com\\\/eltextual\"]},{\"@type\":\"Person\",\"@id\":\"https:\\\/\\\/diariotextual.com\\\/inicio\\\/#\\\/schema\\\/person\\\/418fc4093c33e86ed41562db3508f958\",\"name\":\"Diario1 Diario1\",\"image\":{\"@type\":\"ImageObject\",\"inLanguage\":\"es\",\"@id\":\"https:\\\/\\\/secure.gravatar.com\\\/avatar\\\/9167d280179c85bc18be67aa7eda765854300033af4896dd779b608640f2ef7a?s=96&d=mm&r=g\",\"url\":\"https:\\\/\\\/secure.gravatar.com\\\/avatar\\\/9167d280179c85bc18be67aa7eda765854300033af4896dd779b608640f2ef7a?s=96&d=mm&r=g\",\"contentUrl\":\"https:\\\/\\\/secure.gravatar.com\\\/avatar\\\/9167d280179c85bc18be67aa7eda765854300033af4896dd779b608640f2ef7a?s=96&d=mm&r=g\",\"caption\":\"Diario1 Diario1\"},\"url\":\"https:\\\/\\\/diariotextual.com\\\/inicio\\\/index.php\\\/author\\\/diario1\\\/\"}]}<\/script>\n<!-- \/ Yoast SEO plugin. -->","yoast_head_json":{"title":"Milei: \u201cNo hay plan B para hacer las cosas bien. Hac\u00e9s las cosas bien o las hac\u00e9s bien\u201d - Diario Textual","robots":{"index":"index","follow":"follow","max-snippet":"max-snippet:-1","max-image-preview":"max-image-preview:large","max-video-preview":"max-video-preview:-1"},"canonical":"https:\/\/diariotextual.com\/inicio\/index.php\/2024\/01\/28\/milei-no-hay-plan-b-para-hacer-las-cosas-bien-haces-las-cosas-bien-o-las-haces-bien\/","og_locale":"es_ES","og_type":"article","og_title":"Milei: \u201cNo hay plan B para hacer las cosas bien. Hac\u00e9s las cosas bien o las hac\u00e9s bien\u201d - Diario Textual","og_description":"El presidente Javier Milei dijo que en el Gobierno est\u00e1n \u201csorprendidos por la velocidad\u201d con la que se est\u00e1n \u201calcanzando resultados\u201d a partir de las pol\u00edticas implementadas desde el 10&hellip;","og_url":"https:\/\/diariotextual.com\/inicio\/index.php\/2024\/01\/28\/milei-no-hay-plan-b-para-hacer-las-cosas-bien-haces-las-cosas-bien-o-las-haces-bien\/","og_site_name":"Diario Textual","article_publisher":"https:\/\/www.facebook.com\/eltextual","article_published_time":"2024-01-28T11:24:16+00:00","article_modified_time":"2024-01-29T10:30:12+00:00","og_image":[{"width":1080,"height":720,"url":"https:\/\/diariotextual.com\/inicio\/wp-content\/uploads\/2023\/12\/mileijavier2023-345.webp","type":"image\/webp"}],"author":"Diario1 Diario1","twitter_card":"summary_large_image","twitter_creator":"@eltextual","twitter_site":"@eltextual","twitter_misc":{"Escrito por":"Diario1 Diario1","Tiempo de lectura":"3 minutos"},"schema":{"@context":"https:\/\/schema.org","@graph":[{"@type":"Article","@id":"https:\/\/diariotextual.com\/inicio\/index.php\/2024\/01\/28\/milei-no-hay-plan-b-para-hacer-las-cosas-bien-haces-las-cosas-bien-o-las-haces-bien\/#article","isPartOf":{"@id":"https:\/\/diariotextual.com\/inicio\/index.php\/2024\/01\/28\/milei-no-hay-plan-b-para-hacer-las-cosas-bien-haces-las-cosas-bien-o-las-haces-bien\/"},"author":{"name":"Diario1 Diario1","@id":"https:\/\/diariotextual.com\/inicio\/#\/schema\/person\/418fc4093c33e86ed41562db3508f958"},"headline":"Milei: \u201cNo hay plan B para hacer las cosas bien. Hac\u00e9s las cosas bien o las hac\u00e9s bien\u201d","datePublished":"2024-01-28T11:24:16+00:00","dateModified":"2024-01-29T10:30:12+00:00","mainEntityOfPage":{"@id":"https:\/\/diariotextual.com\/inicio\/index.php\/2024\/01\/28\/milei-no-hay-plan-b-para-hacer-las-cosas-bien-haces-las-cosas-bien-o-las-haces-bien\/"},"wordCount":680,"publisher":{"@id":"https:\/\/diariotextual.com\/inicio\/#organization"},"image":{"@id":"https:\/\/diariotextual.com\/inicio\/index.php\/2024\/01\/28\/milei-no-hay-plan-b-para-hacer-las-cosas-bien-haces-las-cosas-bien-o-las-haces-bien\/#primaryimage"},"thumbnailUrl":"https:\/\/diariotextual.com\/inicio\/wp-content\/uploads\/2023\/12\/mileijavier2023-345.webp","articleSection":["A - ES NOTICIA (van abajo)","POLITICA"],"inLanguage":"es"},{"@type":"WebPage","@id":"https:\/\/diariotextual.com\/inicio\/index.php\/2024\/01\/28\/milei-no-hay-plan-b-para-hacer-las-cosas-bien-haces-las-cosas-bien-o-las-haces-bien\/","url":"https:\/\/diariotextual.com\/inicio\/index.php\/2024\/01\/28\/milei-no-hay-plan-b-para-hacer-las-cosas-bien-haces-las-cosas-bien-o-las-haces-bien\/","name":"Milei: \u201cNo hay plan B para hacer las cosas bien. Hac\u00e9s las cosas bien o las hac\u00e9s bien\u201d - Diario Textual","isPartOf":{"@id":"https:\/\/diariotextual.com\/inicio\/#website"},"primaryImageOfPage":{"@id":"https:\/\/diariotextual.com\/inicio\/index.php\/2024\/01\/28\/milei-no-hay-plan-b-para-hacer-las-cosas-bien-haces-las-cosas-bien-o-las-haces-bien\/#primaryimage"},"image":{"@id":"https:\/\/diariotextual.com\/inicio\/index.php\/2024\/01\/28\/milei-no-hay-plan-b-para-hacer-las-cosas-bien-haces-las-cosas-bien-o-las-haces-bien\/#primaryimage"},"thumbnailUrl":"https:\/\/diariotextual.com\/inicio\/wp-content\/uploads\/2023\/12\/mileijavier2023-345.webp","datePublished":"2024-01-28T11:24:16+00:00","dateModified":"2024-01-29T10:30:12+00:00","breadcrumb":{"@id":"https:\/\/diariotextual.com\/inicio\/index.php\/2024\/01\/28\/milei-no-hay-plan-b-para-hacer-las-cosas-bien-haces-las-cosas-bien-o-las-haces-bien\/#breadcrumb"},"inLanguage":"es","potentialAction":[{"@type":"ReadAction","target":["https:\/\/diariotextual.com\/inicio\/index.php\/2024\/01\/28\/milei-no-hay-plan-b-para-hacer-las-cosas-bien-haces-las-cosas-bien-o-las-haces-bien\/"]}]},{"@type":"ImageObject","inLanguage":"es","@id":"https:\/\/diariotextual.com\/inicio\/index.php\/2024\/01\/28\/milei-no-hay-plan-b-para-hacer-las-cosas-bien-haces-las-cosas-bien-o-las-haces-bien\/#primaryimage","url":"https:\/\/diariotextual.com\/inicio\/wp-content\/uploads\/2023\/12\/mileijavier2023-345.webp","contentUrl":"https:\/\/diariotextual.com\/inicio\/wp-content\/uploads\/2023\/12\/mileijavier2023-345.webp","width":1080,"height":720},{"@type":"BreadcrumbList","@id":"https:\/\/diariotextual.com\/inicio\/index.php\/2024\/01\/28\/milei-no-hay-plan-b-para-hacer-las-cosas-bien-haces-las-cosas-bien-o-las-haces-bien\/#breadcrumb","itemListElement":[{"@type":"ListItem","position":1,"name":"Portada","item":"https:\/\/diariotextual.com\/inicio\/"},{"@type":"ListItem","position":2,"name":"Milei: \u201cNo hay plan B para hacer las cosas bien. Hac\u00e9s las cosas bien o las hac\u00e9s bien\u201d"}]},{"@type":"WebSite","@id":"https:\/\/diariotextual.com\/inicio\/#website","url":"https:\/\/diariotextual.com\/inicio\/","name":"Diario Textual","description":"","publisher":{"@id":"https:\/\/diariotextual.com\/inicio\/#organization"},"potentialAction":[{"@type":"SearchAction","target":{"@type":"EntryPoint","urlTemplate":"https:\/\/diariotextual.com\/inicio\/?s={search_term_string}"},"query-input":{"@type":"PropertyValueSpecification","valueRequired":true,"valueName":"search_term_string"}}],"inLanguage":"es"},{"@type":"Organization","@id":"https:\/\/diariotextual.com\/inicio\/#organization","name":"Diario Textual","url":"https:\/\/diariotextual.com\/inicio\/","logo":{"@type":"ImageObject","inLanguage":"es","@id":"https:\/\/diariotextual.com\/inicio\/#\/schema\/logo\/image\/","url":"https:\/\/diariotextual.com\/inicio\/wp-content\/uploads\/2023\/05\/logotextual1.jpg","contentUrl":"https:\/\/diariotextual.com\/inicio\/wp-content\/uploads\/2023\/05\/logotextual1.jpg","width":516,"height":76,"caption":"Diario Textual"},"image":{"@id":"https:\/\/diariotextual.com\/inicio\/#\/schema\/logo\/image\/"},"sameAs":["https:\/\/www.facebook.com\/eltextual","https:\/\/x.com\/eltextual","http:\/\/www.instagram.com\/eltextual"]},{"@type":"Person","@id":"https:\/\/diariotextual.com\/inicio\/#\/schema\/person\/418fc4093c33e86ed41562db3508f958","name":"Diario1 Diario1","image":{"@type":"ImageObject","inLanguage":"es","@id":"https:\/\/secure.gravatar.com\/avatar\/9167d280179c85bc18be67aa7eda765854300033af4896dd779b608640f2ef7a?s=96&d=mm&r=g","url":"https:\/\/secure.gravatar.com\/avatar\/9167d280179c85bc18be67aa7eda765854300033af4896dd779b608640f2ef7a?s=96&d=mm&r=g","contentUrl":"https:\/\/secure.gravatar.com\/avatar\/9167d280179c85bc18be67aa7eda765854300033af4896dd779b608640f2ef7a?s=96&d=mm&r=g","caption":"Diario1 Diario1"},"url":"https:\/\/diariotextual.com\/inicio\/index.php\/author\/diario1\/"}]}},"_links":{"self":[{"href":"https:\/\/diariotextual.com\/inicio\/index.php\/wp-json\/wp\/v2\/posts\/252380","targetHints":{"allow":["GET"]}}],"collection":[{"href":"https:\/\/diariotextual.com\/inicio\/index.php\/wp-json\/wp\/v2\/posts"}],"about":[{"href":"https:\/\/diariotextual.com\/inicio\/index.php\/wp-json\/wp\/v2\/types\/post"}],"author":[{"embeddable":true,"href":"https:\/\/diariotextual.com\/inicio\/index.php\/wp-json\/wp\/v2\/users\/3"}],"replies":[{"embeddable":true,"href":"https:\/\/diariotextual.com\/inicio\/index.php\/wp-json\/wp\/v2\/comments?post=252380"}],"version-history":[{"count":1,"href":"https:\/\/diariotextual.com\/inicio\/index.php\/wp-json\/wp\/v2\/posts\/252380\/revisions"}],"predecessor-version":[{"id":252381,"href":"https:\/\/diariotextual.com\/inicio\/index.php\/wp-json\/wp\/v2\/posts\/252380\/revisions\/252381"}],"wp:featuredmedia":[{"embeddable":true,"href":"https:\/\/diariotextual.com\/inicio\/index.php\/wp-json\/wp\/v2\/media\/249050"}],"wp:attachment":[{"href":"https:\/\/diariotextual.com\/inicio\/index.php\/wp-json\/wp\/v2\/media?parent=252380"}],"wp:term":[{"taxonomy":"category","embeddable":true,"href":"https:\/\/diariotextual.com\/inicio\/index.php\/wp-json\/wp\/v2\/categories?post=252380"},{"taxonomy":"post_tag","embeddable":true,"href":"https:\/\/diariotextual.com\/inicio\/index.php\/wp-json\/wp\/v2\/tags?post=252380"}],"curies":[{"name":"wp","href":"https:\/\/api.w.org\/{rel}","templated":true}]}}