{"id":252440,"date":"2024-01-29T11:34:11","date_gmt":"2024-01-29T14:34:11","guid":{"rendered":"https:\/\/diariotextual.com\/inicio\/?p=252440"},"modified":"2024-01-29T12:27:18","modified_gmt":"2024-01-29T15:27:18","slug":"el-pro-la-pampa-pidio-que-mauricio-macri-sea-el-presidente-del-partido","status":"publish","type":"post","link":"https:\/\/diariotextual.com\/inicio\/index.php\/2024\/01\/29\/el-pro-la-pampa-pidio-que-mauricio-macri-sea-el-presidente-del-partido\/","title":{"rendered":"El PRO La Pampa pidi\u00f3 que Mauricio Macri sea el presidente del partido"},"content":{"rendered":"\n<p>Presidentes provinciales del PRO, entre ellos el pampeano Enrique Juan, difundieron una carta en la que expresaron su apoyo al exmandatario\u00a0Mauricio Macri para que sea el pr\u00f3ximo presidente del partido.<\/p>\n\n\n\n<p>\u201cMauricio es el indicado para liderar la unidad del PRO\u201d, se titula la misiva de los dirigentes que se pronunciaron sobre la continuidad de la presidencia del partido que debe renovar sus autoridades.<\/p>\n\n\n\n<p>\u201cEstamos convencidos de que necesitamos fortalecer el partido, potenciarlo como un espacio pol\u00edtico que represente las demandas de los argentinos y sobre todo, seguir trabajando por la unidad. Sabemos que la diversidad de opiniones enriquece y queremos fomentar un di\u00e1logo abierto, constructivo y federal, trabajando en la generaci\u00f3n de consensos necesarios para enfrentar los desaf\u00edos que tenemos como sociedad\u201d, sostiene el escrito.<\/p>\n\n\n\n<p>Los dirigentes consideraron que Macri es la \u201cpersona indicada\u201d para llevar adelante este proceso de unidad. \u201cSu experiencia, liderazgo y visi\u00f3n son fundamentales para fortalecer el espacio y que el\u00a0PRO\u00a0siga siendo un actor protag\u00f3nico en la escena pol\u00edtica de nuestro pa\u00eds\u201d, argumentaron.<\/p>\n\n\n\n<p>El texto fue firmado por Carlos Molina (Catamarca), Ernesto Blasco (Chaco), Oscar Agost Carre\u00f1o (C\u00f3rdoba), Dami\u00e1n Garavano (Corrientes), Eduardo Caminal (Entre R\u00edos), Enrique Ram\u00edrez (Formosa), Luciano Angelini (Jujuy), Enrique Juan (La Pampa), Julio Sahad, (La Rioja), Horacio Loreiro (Misiones), Marcelo Berm\u00fadez (Neuqu\u00e9n), An\u00edbal Tortoriello (R\u00edo Negro), Enzo Cornejo (San Juan), Gabriela Gonz\u00e1lez Riollo (San Luis), Cristian Cunha (Santa Fe), Gabriel Santill\u00e1n, (Santiago del Estero), \u00c1lvaro Mar\u00ednez (Mendoza), In\u00e9s Liendo (Salta), H\u00e9ctor Stefani (Tierra del Fuego) y Mariano Malmierca (Tucum\u00e1n).<\/p>\n","protected":false},"excerpt":{"rendered":"<p>Presidentes provinciales del PRO, entre ellos el pampeano Enrique Juan, difundieron una carta en la que expresaron su apoyo al exmandatario\u00a0Mauricio Macri para que sea el pr\u00f3ximo presidente del partido.&hellip;<\/p>\n","protected":false},"author":7,"featured_media":198563,"comment_status":"closed","ping_status":"open","sticky":false,"template":"","format":"standard","meta":{"_acf_changed":false,"footnotes":""},"categories":[1,8],"tags":[],"class_list":["post-252440","post","type-post","status-publish","format-standard","has-post-thumbnail","hentry","category-es-noticia","category-politica"],"acf":[],"yoast_head":"<!-- This site is optimized with the Yoast SEO plugin v27.5 - https:\/\/yoast.com\/product\/yoast-seo-wordpress\/ -->\n<title>El PRO La Pampa pidi\u00f3 que Mauricio Macri sea el presidente del partido - Diario Textual<\/title>\n<meta name=\"robots\" content=\"index, follow, max-snippet:-1, max-image-preview:large, max-video-preview:-1\" \/>\n<link rel=\"canonical\" href=\"https:\/\/diariotextual.com\/inicio\/index.php\/2024\/01\/29\/el-pro-la-pampa-pidio-que-mauricio-macri-sea-el-presidente-del-partido\/\" \/>\n<meta property=\"og:locale\" content=\"es_ES\" \/>\n<meta property=\"og:type\" content=\"article\" \/>\n<meta property=\"og:title\" content=\"El PRO La Pampa pidi\u00f3 que Mauricio Macri sea el presidente del partido - Diario Textual\" \/>\n<meta property=\"og:description\" content=\"Presidentes provinciales del PRO, entre ellos el pampeano Enrique Juan, difundieron una carta en la que expresaron su apoyo al exmandatario\u00a0Mauricio Macri para que sea el pr\u00f3ximo presidente del partido.&hellip;\" \/>\n<meta property=\"og:url\" content=\"https:\/\/diariotextual.com\/inicio\/index.php\/2024\/01\/29\/el-pro-la-pampa-pidio-que-mauricio-macri-sea-el-presidente-del-partido\/\" \/>\n<meta property=\"og:site_name\" content=\"Diario Textual\" \/>\n<meta property=\"article:publisher\" content=\"https:\/\/www.facebook.com\/eltextual\" \/>\n<meta property=\"article:published_time\" content=\"2024-01-29T14:34:11+00:00\" \/>\n<meta property=\"article:modified_time\" content=\"2024-01-29T15:27:18+00:00\" \/>\n<meta property=\"og:image\" content=\"https:\/\/diariotextual.com\/inicio\/wp-content\/uploads\/2022\/08\/juanenrique2022-1.jpg\" \/>\n\t<meta property=\"og:image:width\" content=\"1898\" \/>\n\t<meta property=\"og:image:height\" content=\"1194\" \/>\n\t<meta property=\"og:image:type\" content=\"image\/jpeg\" \/>\n<meta name=\"author\" content=\"diario5\" \/>\n<meta name=\"twitter:card\" content=\"summary_large_image\" \/>\n<meta name=\"twitter:creator\" content=\"@eltextual\" \/>\n<meta name=\"twitter:site\" content=\"@eltextual\" \/>\n<meta name=\"twitter:label1\" content=\"Escrito por\" \/>\n\t<meta name=\"twitter:data1\" content=\"diario5\" \/>\n\t<meta name=\"twitter:label2\" content=\"Tiempo de lectura\" \/>\n\t<meta name=\"twitter:data2\" content=\"2 minutos\" \/>\n<script type=\"application\/ld+json\" class=\"yoast-schema-graph\">{\"@context\":\"https:\\\/\\\/schema.org\",\"@graph\":[{\"@type\":\"Article\",\"@id\":\"https:\\\/\\\/diariotextual.com\\\/inicio\\\/index.php\\\/2024\\\/01\\\/29\\\/el-pro-la-pampa-pidio-que-mauricio-macri-sea-el-presidente-del-partido\\\/#article\",\"isPartOf\":{\"@id\":\"https:\\\/\\\/diariotextual.com\\\/inicio\\\/index.php\\\/2024\\\/01\\\/29\\\/el-pro-la-pampa-pidio-que-mauricio-macri-sea-el-presidente-del-partido\\\/\"},\"author\":{\"name\":\"diario5\",\"@id\":\"https:\\\/\\\/diariotextual.com\\\/inicio\\\/#\\\/schema\\\/person\\\/c7834961ad8b29b1d9cdbf4571299067\"},\"headline\":\"El PRO La Pampa pidi\u00f3 que Mauricio Macri sea el presidente del partido\",\"datePublished\":\"2024-01-29T14:34:11+00:00\",\"dateModified\":\"2024-01-29T15:27:18+00:00\",\"mainEntityOfPage\":{\"@id\":\"https:\\\/\\\/diariotextual.com\\\/inicio\\\/index.php\\\/2024\\\/01\\\/29\\\/el-pro-la-pampa-pidio-que-mauricio-macri-sea-el-presidente-del-partido\\\/\"},\"wordCount\":286,\"publisher\":{\"@id\":\"https:\\\/\\\/diariotextual.com\\\/inicio\\\/#organization\"},\"image\":{\"@id\":\"https:\\\/\\\/diariotextual.com\\\/inicio\\\/index.php\\\/2024\\\/01\\\/29\\\/el-pro-la-pampa-pidio-que-mauricio-macri-sea-el-presidente-del-partido\\\/#primaryimage\"},\"thumbnailUrl\":\"https:\\\/\\\/diariotextual.com\\\/inicio\\\/wp-content\\\/uploads\\\/2022\\\/08\\\/juanenrique2022-1.jpg\",\"articleSection\":[\"A - ES NOTICIA (van abajo)\",\"POLITICA\"],\"inLanguage\":\"es\"},{\"@type\":\"WebPage\",\"@id\":\"https:\\\/\\\/diariotextual.com\\\/inicio\\\/index.php\\\/2024\\\/01\\\/29\\\/el-pro-la-pampa-pidio-que-mauricio-macri-sea-el-presidente-del-partido\\\/\",\"url\":\"https:\\\/\\\/diariotextual.com\\\/inicio\\\/index.php\\\/2024\\\/01\\\/29\\\/el-pro-la-pampa-pidio-que-mauricio-macri-sea-el-presidente-del-partido\\\/\",\"name\":\"El PRO La Pampa pidi\u00f3 que Mauricio Macri sea el presidente del partido - Diario Textual\",\"isPartOf\":{\"@id\":\"https:\\\/\\\/diariotextual.com\\\/inicio\\\/#website\"},\"primaryImageOfPage\":{\"@id\":\"https:\\\/\\\/diariotextual.com\\\/inicio\\\/index.php\\\/2024\\\/01\\\/29\\\/el-pro-la-pampa-pidio-que-mauricio-macri-sea-el-presidente-del-partido\\\/#primaryimage\"},\"image\":{\"@id\":\"https:\\\/\\\/diariotextual.com\\\/inicio\\\/index.php\\\/2024\\\/01\\\/29\\\/el-pro-la-pampa-pidio-que-mauricio-macri-sea-el-presidente-del-partido\\\/#primaryimage\"},\"thumbnailUrl\":\"https:\\\/\\\/diariotextual.com\\\/inicio\\\/wp-content\\\/uploads\\\/2022\\\/08\\\/juanenrique2022-1.jpg\",\"datePublished\":\"2024-01-29T14:34:11+00:00\",\"dateModified\":\"2024-01-29T15:27:18+00:00\",\"breadcrumb\":{\"@id\":\"https:\\\/\\\/diariotextual.com\\\/inicio\\\/index.php\\\/2024\\\/01\\\/29\\\/el-pro-la-pampa-pidio-que-mauricio-macri-sea-el-presidente-del-partido\\\/#breadcrumb\"},\"inLanguage\":\"es\",\"potentialAction\":[{\"@type\":\"ReadAction\",\"target\":[\"https:\\\/\\\/diariotextual.com\\\/inicio\\\/index.php\\\/2024\\\/01\\\/29\\\/el-pro-la-pampa-pidio-que-mauricio-macri-sea-el-presidente-del-partido\\\/\"]}]},{\"@type\":\"ImageObject\",\"inLanguage\":\"es\",\"@id\":\"https:\\\/\\\/diariotextual.com\\\/inicio\\\/index.php\\\/2024\\\/01\\\/29\\\/el-pro-la-pampa-pidio-que-mauricio-macri-sea-el-presidente-del-partido\\\/#primaryimage\",\"url\":\"https:\\\/\\\/diariotextual.com\\\/inicio\\\/wp-content\\\/uploads\\\/2022\\\/08\\\/juanenrique2022-1.jpg\",\"contentUrl\":\"https:\\\/\\\/diariotextual.com\\\/inicio\\\/wp-content\\\/uploads\\\/2022\\\/08\\\/juanenrique2022-1.jpg\",\"width\":1898,\"height\":1194},{\"@type\":\"BreadcrumbList\",\"@id\":\"https:\\\/\\\/diariotextual.com\\\/inicio\\\/index.php\\\/2024\\\/01\\\/29\\\/el-pro-la-pampa-pidio-que-mauricio-macri-sea-el-presidente-del-partido\\\/#breadcrumb\",\"itemListElement\":[{\"@type\":\"ListItem\",\"position\":1,\"name\":\"Portada\",\"item\":\"https:\\\/\\\/diariotextual.com\\\/inicio\\\/\"},{\"@type\":\"ListItem\",\"position\":2,\"name\":\"El PRO La Pampa pidi\u00f3 que Mauricio Macri sea el presidente del partido\"}]},{\"@type\":\"WebSite\",\"@id\":\"https:\\\/\\\/diariotextual.com\\\/inicio\\\/#website\",\"url\":\"https:\\\/\\\/diariotextual.com\\\/inicio\\\/\",\"name\":\"Diario Textual\",\"description\":\"\",\"publisher\":{\"@id\":\"https:\\\/\\\/diariotextual.com\\\/inicio\\\/#organization\"},\"potentialAction\":[{\"@type\":\"SearchAction\",\"target\":{\"@type\":\"EntryPoint\",\"urlTemplate\":\"https:\\\/\\\/diariotextual.com\\\/inicio\\\/?s={search_term_string}\"},\"query-input\":{\"@type\":\"PropertyValueSpecification\",\"valueRequired\":true,\"valueName\":\"search_term_string\"}}],\"inLanguage\":\"es\"},{\"@type\":\"Organization\",\"@id\":\"https:\\\/\\\/diariotextual.com\\\/inicio\\\/#organization\",\"name\":\"Diario Textual\",\"url\":\"https:\\\/\\\/diariotextual.com\\\/inicio\\\/\",\"logo\":{\"@type\":\"ImageObject\",\"inLanguage\":\"es\",\"@id\":\"https:\\\/\\\/diariotextual.com\\\/inicio\\\/#\\\/schema\\\/logo\\\/image\\\/\",\"url\":\"https:\\\/\\\/diariotextual.com\\\/inicio\\\/wp-content\\\/uploads\\\/2023\\\/05\\\/logotextual1.jpg\",\"contentUrl\":\"https:\\\/\\\/diariotextual.com\\\/inicio\\\/wp-content\\\/uploads\\\/2023\\\/05\\\/logotextual1.jpg\",\"width\":516,\"height\":76,\"caption\":\"Diario Textual\"},\"image\":{\"@id\":\"https:\\\/\\\/diariotextual.com\\\/inicio\\\/#\\\/schema\\\/logo\\\/image\\\/\"},\"sameAs\":[\"https:\\\/\\\/www.facebook.com\\\/eltextual\",\"https:\\\/\\\/x.com\\\/eltextual\",\"http:\\\/\\\/www.instagram.com\\\/eltextual\"]},{\"@type\":\"Person\",\"@id\":\"https:\\\/\\\/diariotextual.com\\\/inicio\\\/#\\\/schema\\\/person\\\/c7834961ad8b29b1d9cdbf4571299067\",\"name\":\"diario5\",\"image\":{\"@type\":\"ImageObject\",\"inLanguage\":\"es\",\"@id\":\"https:\\\/\\\/secure.gravatar.com\\\/avatar\\\/948c893b847ca6df68216ead81b63f363408ec9b0f600fefc0641ce78613b111?s=96&d=mm&r=g\",\"url\":\"https:\\\/\\\/secure.gravatar.com\\\/avatar\\\/948c893b847ca6df68216ead81b63f363408ec9b0f600fefc0641ce78613b111?s=96&d=mm&r=g\",\"contentUrl\":\"https:\\\/\\\/secure.gravatar.com\\\/avatar\\\/948c893b847ca6df68216ead81b63f363408ec9b0f600fefc0641ce78613b111?s=96&d=mm&r=g\",\"caption\":\"diario5\"},\"url\":\"https:\\\/\\\/diariotextual.com\\\/inicio\\\/index.php\\\/author\\\/diario5\\\/\"}]}<\/script>\n<!-- \/ Yoast SEO plugin. -->","yoast_head_json":{"title":"El PRO La Pampa pidi\u00f3 que Mauricio Macri sea el presidente del partido - Diario Textual","robots":{"index":"index","follow":"follow","max-snippet":"max-snippet:-1","max-image-preview":"max-image-preview:large","max-video-preview":"max-video-preview:-1"},"canonical":"https:\/\/diariotextual.com\/inicio\/index.php\/2024\/01\/29\/el-pro-la-pampa-pidio-que-mauricio-macri-sea-el-presidente-del-partido\/","og_locale":"es_ES","og_type":"article","og_title":"El PRO La Pampa pidi\u00f3 que Mauricio Macri sea el presidente del partido - Diario Textual","og_description":"Presidentes provinciales del PRO, entre ellos el pampeano Enrique Juan, difundieron una carta en la que expresaron su apoyo al exmandatario\u00a0Mauricio Macri para que sea el pr\u00f3ximo presidente del partido.&hellip;","og_url":"https:\/\/diariotextual.com\/inicio\/index.php\/2024\/01\/29\/el-pro-la-pampa-pidio-que-mauricio-macri-sea-el-presidente-del-partido\/","og_site_name":"Diario Textual","article_publisher":"https:\/\/www.facebook.com\/eltextual","article_published_time":"2024-01-29T14:34:11+00:00","article_modified_time":"2024-01-29T15:27:18+00:00","og_image":[{"width":1898,"height":1194,"url":"https:\/\/diariotextual.com\/inicio\/wp-content\/uploads\/2022\/08\/juanenrique2022-1.jpg","type":"image\/jpeg"}],"author":"diario5","twitter_card":"summary_large_image","twitter_creator":"@eltextual","twitter_site":"@eltextual","twitter_misc":{"Escrito por":"diario5","Tiempo de lectura":"2 minutos"},"schema":{"@context":"https:\/\/schema.org","@graph":[{"@type":"Article","@id":"https:\/\/diariotextual.com\/inicio\/index.php\/2024\/01\/29\/el-pro-la-pampa-pidio-que-mauricio-macri-sea-el-presidente-del-partido\/#article","isPartOf":{"@id":"https:\/\/diariotextual.com\/inicio\/index.php\/2024\/01\/29\/el-pro-la-pampa-pidio-que-mauricio-macri-sea-el-presidente-del-partido\/"},"author":{"name":"diario5","@id":"https:\/\/diariotextual.com\/inicio\/#\/schema\/person\/c7834961ad8b29b1d9cdbf4571299067"},"headline":"El PRO La Pampa pidi\u00f3 que Mauricio Macri sea el presidente del partido","datePublished":"2024-01-29T14:34:11+00:00","dateModified":"2024-01-29T15:27:18+00:00","mainEntityOfPage":{"@id":"https:\/\/diariotextual.com\/inicio\/index.php\/2024\/01\/29\/el-pro-la-pampa-pidio-que-mauricio-macri-sea-el-presidente-del-partido\/"},"wordCount":286,"publisher":{"@id":"https:\/\/diariotextual.com\/inicio\/#organization"},"image":{"@id":"https:\/\/diariotextual.com\/inicio\/index.php\/2024\/01\/29\/el-pro-la-pampa-pidio-que-mauricio-macri-sea-el-presidente-del-partido\/#primaryimage"},"thumbnailUrl":"https:\/\/diariotextual.com\/inicio\/wp-content\/uploads\/2022\/08\/juanenrique2022-1.jpg","articleSection":["A - ES NOTICIA (van abajo)","POLITICA"],"inLanguage":"es"},{"@type":"WebPage","@id":"https:\/\/diariotextual.com\/inicio\/index.php\/2024\/01\/29\/el-pro-la-pampa-pidio-que-mauricio-macri-sea-el-presidente-del-partido\/","url":"https:\/\/diariotextual.com\/inicio\/index.php\/2024\/01\/29\/el-pro-la-pampa-pidio-que-mauricio-macri-sea-el-presidente-del-partido\/","name":"El PRO La Pampa pidi\u00f3 que Mauricio Macri sea el presidente del partido - Diario Textual","isPartOf":{"@id":"https:\/\/diariotextual.com\/inicio\/#website"},"primaryImageOfPage":{"@id":"https:\/\/diariotextual.com\/inicio\/index.php\/2024\/01\/29\/el-pro-la-pampa-pidio-que-mauricio-macri-sea-el-presidente-del-partido\/#primaryimage"},"image":{"@id":"https:\/\/diariotextual.com\/inicio\/index.php\/2024\/01\/29\/el-pro-la-pampa-pidio-que-mauricio-macri-sea-el-presidente-del-partido\/#primaryimage"},"thumbnailUrl":"https:\/\/diariotextual.com\/inicio\/wp-content\/uploads\/2022\/08\/juanenrique2022-1.jpg","datePublished":"2024-01-29T14:34:11+00:00","dateModified":"2024-01-29T15:27:18+00:00","breadcrumb":{"@id":"https:\/\/diariotextual.com\/inicio\/index.php\/2024\/01\/29\/el-pro-la-pampa-pidio-que-mauricio-macri-sea-el-presidente-del-partido\/#breadcrumb"},"inLanguage":"es","potentialAction":[{"@type":"ReadAction","target":["https:\/\/diariotextual.com\/inicio\/index.php\/2024\/01\/29\/el-pro-la-pampa-pidio-que-mauricio-macri-sea-el-presidente-del-partido\/"]}]},{"@type":"ImageObject","inLanguage":"es","@id":"https:\/\/diariotextual.com\/inicio\/index.php\/2024\/01\/29\/el-pro-la-pampa-pidio-que-mauricio-macri-sea-el-presidente-del-partido\/#primaryimage","url":"https:\/\/diariotextual.com\/inicio\/wp-content\/uploads\/2022\/08\/juanenrique2022-1.jpg","contentUrl":"https:\/\/diariotextual.com\/inicio\/wp-content\/uploads\/2022\/08\/juanenrique2022-1.jpg","width":1898,"height":1194},{"@type":"BreadcrumbList","@id":"https:\/\/diariotextual.com\/inicio\/index.php\/2024\/01\/29\/el-pro-la-pampa-pidio-que-mauricio-macri-sea-el-presidente-del-partido\/#breadcrumb","itemListElement":[{"@type":"ListItem","position":1,"name":"Portada","item":"https:\/\/diariotextual.com\/inicio\/"},{"@type":"ListItem","position":2,"name":"El PRO La Pampa pidi\u00f3 que Mauricio Macri sea el presidente del partido"}]},{"@type":"WebSite","@id":"https:\/\/diariotextual.com\/inicio\/#website","url":"https:\/\/diariotextual.com\/inicio\/","name":"Diario Textual","description":"","publisher":{"@id":"https:\/\/diariotextual.com\/inicio\/#organization"},"potentialAction":[{"@type":"SearchAction","target":{"@type":"EntryPoint","urlTemplate":"https:\/\/diariotextual.com\/inicio\/?s={search_term_string}"},"query-input":{"@type":"PropertyValueSpecification","valueRequired":true,"valueName":"search_term_string"}}],"inLanguage":"es"},{"@type":"Organization","@id":"https:\/\/diariotextual.com\/inicio\/#organization","name":"Diario Textual","url":"https:\/\/diariotextual.com\/inicio\/","logo":{"@type":"ImageObject","inLanguage":"es","@id":"https:\/\/diariotextual.com\/inicio\/#\/schema\/logo\/image\/","url":"https:\/\/diariotextual.com\/inicio\/wp-content\/uploads\/2023\/05\/logotextual1.jpg","contentUrl":"https:\/\/diariotextual.com\/inicio\/wp-content\/uploads\/2023\/05\/logotextual1.jpg","width":516,"height":76,"caption":"Diario Textual"},"image":{"@id":"https:\/\/diariotextual.com\/inicio\/#\/schema\/logo\/image\/"},"sameAs":["https:\/\/www.facebook.com\/eltextual","https:\/\/x.com\/eltextual","http:\/\/www.instagram.com\/eltextual"]},{"@type":"Person","@id":"https:\/\/diariotextual.com\/inicio\/#\/schema\/person\/c7834961ad8b29b1d9cdbf4571299067","name":"diario5","image":{"@type":"ImageObject","inLanguage":"es","@id":"https:\/\/secure.gravatar.com\/avatar\/948c893b847ca6df68216ead81b63f363408ec9b0f600fefc0641ce78613b111?s=96&d=mm&r=g","url":"https:\/\/secure.gravatar.com\/avatar\/948c893b847ca6df68216ead81b63f363408ec9b0f600fefc0641ce78613b111?s=96&d=mm&r=g","contentUrl":"https:\/\/secure.gravatar.com\/avatar\/948c893b847ca6df68216ead81b63f363408ec9b0f600fefc0641ce78613b111?s=96&d=mm&r=g","caption":"diario5"},"url":"https:\/\/diariotextual.com\/inicio\/index.php\/author\/diario5\/"}]}},"_links":{"self":[{"href":"https:\/\/diariotextual.com\/inicio\/index.php\/wp-json\/wp\/v2\/posts\/252440","targetHints":{"allow":["GET"]}}],"collection":[{"href":"https:\/\/diariotextual.com\/inicio\/index.php\/wp-json\/wp\/v2\/posts"}],"about":[{"href":"https:\/\/diariotextual.com\/inicio\/index.php\/wp-json\/wp\/v2\/types\/post"}],"author":[{"embeddable":true,"href":"https:\/\/diariotextual.com\/inicio\/index.php\/wp-json\/wp\/v2\/users\/7"}],"replies":[{"embeddable":true,"href":"https:\/\/diariotextual.com\/inicio\/index.php\/wp-json\/wp\/v2\/comments?post=252440"}],"version-history":[{"count":1,"href":"https:\/\/diariotextual.com\/inicio\/index.php\/wp-json\/wp\/v2\/posts\/252440\/revisions"}],"predecessor-version":[{"id":252441,"href":"https:\/\/diariotextual.com\/inicio\/index.php\/wp-json\/wp\/v2\/posts\/252440\/revisions\/252441"}],"wp:featuredmedia":[{"embeddable":true,"href":"https:\/\/diariotextual.com\/inicio\/index.php\/wp-json\/wp\/v2\/media\/198563"}],"wp:attachment":[{"href":"https:\/\/diariotextual.com\/inicio\/index.php\/wp-json\/wp\/v2\/media?parent=252440"}],"wp:term":[{"taxonomy":"category","embeddable":true,"href":"https:\/\/diariotextual.com\/inicio\/index.php\/wp-json\/wp\/v2\/categories?post=252440"},{"taxonomy":"post_tag","embeddable":true,"href":"https:\/\/diariotextual.com\/inicio\/index.php\/wp-json\/wp\/v2\/tags?post=252440"}],"curies":[{"name":"wp","href":"https:\/\/api.w.org\/{rel}","templated":true}]}}