{"id":252461,"date":"2024-01-29T17:05:55","date_gmt":"2024-01-29T20:05:55","guid":{"rendered":"https:\/\/diariotextual.com\/inicio\/?p=252461"},"modified":"2024-01-29T18:17:33","modified_gmt":"2024-01-29T21:17:33","slug":"la-sesion-para-tratar-la-ley-omnibus-ya-tiene-dia-y-hora-confirmados","status":"publish","type":"post","link":"https:\/\/diariotextual.com\/inicio\/index.php\/2024\/01\/29\/la-sesion-para-tratar-la-ley-omnibus-ya-tiene-dia-y-hora-confirmados\/","title":{"rendered":"La sesi\u00f3n para tratar la ley \u00f3mnibus ya tiene d\u00eda y hora confirmados"},"content":{"rendered":"\n<p>La\u00a0sesi\u00f3n en la\u00a0C\u00e1mara de Diputados\u00a0para tratar el\u00a0proyecto de <strong>Ley de Bases y Puntos de Partida para la Libertad de los Argentinos<\/strong>, enviado por el Gobierno al Congreso, se desarrollar\u00e1 el pr\u00f3ximo mi\u00e9rcoles 31 de enero desde las 10.<\/p>\n\n\n\n<p>El pedido dirigido al presidente de la C\u00e1mara baja,&nbsp;<strong>Mart\u00edn Menem<\/strong>, se hizo oficial este lunes por la tarde. Se esperaba que la jornada clave respecto a la&nbsp;<strong>ley \u00f3mnibus&nbsp;<\/strong>fuera ma\u00f1ana, martes 30 de enero, pero finalmente se pospuso otras 24 horas.<\/p>\n\n\n\n<p>En estos momentos, en la previa de la sesi\u00f3n en el recinto, se viven momentos clave, ya que se est\u00e1n analizando las \u00faltimas modificaciones introducidas al proyecto, que ya cambi\u00f3 varias veces su texto original.<\/p>\n\n\n\n<p>Se espera que ma\u00f1ana se realice una nueva reuni\u00f3n de labor parlamentaria, en la que participar\u00e1n los presidentes de todos los bloques en la previa de la sesi\u00f3n del mi\u00e9rcoles, que ya est\u00e1 confirmada. Especialistas calculan que la sesi\u00f3n marat\u00f3nica se extender\u00e1 al menos por 40 horas.<\/p>\n\n\n\n<p>La noticia de la postergaci\u00f3n se conoci\u00f3 en momentos en que siguen las negociaciones entre el oficialismo y los bloques dialoguistas, algunos de los cuales ya anticiparon que tienen la intenci\u00f3n de dar qu\u00f3rum el mi\u00e9rcoles.<\/p>\n\n\n\n<p>De cara al encuentro de ma\u00f1ana, se esperaba que hoy por la tarde se den contactos entre el presidente de la C\u00e1mara de Diputados,&nbsp;<strong>Mart\u00edn Menem,<\/strong>&nbsp;y los presidentes de los bloques del PRO, la UCR, Hacemos Coalici\u00f3n Federal e Innovaci\u00f3n.<\/p>\n\n\n\n<p>Por no tener mayor\u00eda propio ni estar cerca de ello, La Libertad Avanza (LLA) debe tener un acuerdo cerrado con los bloques dialoguistas antes de ir al recinto y poder lograr el qu\u00f3rum necesario de 129.<\/p>\n\n\n\n<p>Las demoras en la sesi\u00f3n se deben a las dudas que todav\u00eda quedan en la oposici\u00f3n y a la revisi\u00f3n que realizan esas bancadas de la \u00faltima versi\u00f3n del proyecto de ley \u00f3mnibus que envi\u00f3&nbsp;<strong>Casa Rosada<\/strong>, luego de que el ministro de Econom\u00eda,&nbsp;<strong>Luis Caputo<\/strong>, anunciara que se quitaba el cap\u00edtulo fiscal del texto.<\/p>\n\n\n\n<p>En paralelo, esta tarde tambi\u00e9n se dar\u00e1 la reuni\u00f3n de los gobernadores de Juntos por el Cambio, un encuentro que ser\u00e1 clave para el futuro de la norma, ya que se podr\u00eda definir el voto de los diputados de las provincias.<\/p>\n","protected":false},"excerpt":{"rendered":"<p>La\u00a0sesi\u00f3n en la\u00a0C\u00e1mara de Diputados\u00a0para tratar el\u00a0proyecto de Ley de Bases y Puntos de Partida para la Libertad de los Argentinos, enviado por el Gobierno al Congreso, se desarrollar\u00e1 el&hellip;<\/p>\n","protected":false},"author":3,"featured_media":252462,"comment_status":"closed","ping_status":"open","sticky":false,"template":"","format":"standard","meta":{"_acf_changed":false,"footnotes":""},"categories":[1,8],"tags":[],"class_list":["post-252461","post","type-post","status-publish","format-standard","has-post-thumbnail","hentry","category-es-noticia","category-politica"],"acf":[],"yoast_head":"<!-- This site is optimized with the Yoast SEO plugin v27.5 - https:\/\/yoast.com\/product\/yoast-seo-wordpress\/ -->\n<title>La sesi\u00f3n para tratar la ley \u00f3mnibus ya tiene d\u00eda y hora confirmados - Diario Textual<\/title>\n<meta name=\"robots\" content=\"index, follow, max-snippet:-1, max-image-preview:large, max-video-preview:-1\" \/>\n<link rel=\"canonical\" href=\"https:\/\/diariotextual.com\/inicio\/index.php\/2024\/01\/29\/la-sesion-para-tratar-la-ley-omnibus-ya-tiene-dia-y-hora-confirmados\/\" \/>\n<meta property=\"og:locale\" content=\"es_ES\" \/>\n<meta property=\"og:type\" content=\"article\" \/>\n<meta property=\"og:title\" content=\"La sesi\u00f3n para tratar la ley \u00f3mnibus ya tiene d\u00eda y hora confirmados - Diario Textual\" \/>\n<meta property=\"og:description\" content=\"La\u00a0sesi\u00f3n en la\u00a0C\u00e1mara de Diputados\u00a0para tratar el\u00a0proyecto de Ley de Bases y Puntos de Partida para la Libertad de los Argentinos, enviado por el Gobierno al Congreso, se desarrollar\u00e1 el&hellip;\" \/>\n<meta property=\"og:url\" content=\"https:\/\/diariotextual.com\/inicio\/index.php\/2024\/01\/29\/la-sesion-para-tratar-la-ley-omnibus-ya-tiene-dia-y-hora-confirmados\/\" \/>\n<meta property=\"og:site_name\" content=\"Diario Textual\" \/>\n<meta property=\"article:publisher\" content=\"https:\/\/www.facebook.com\/eltextual\" \/>\n<meta property=\"article:published_time\" content=\"2024-01-29T20:05:55+00:00\" \/>\n<meta property=\"article:modified_time\" content=\"2024-01-29T21:17:33+00:00\" \/>\n<meta property=\"og:image\" content=\"https:\/\/diariotextual.com\/inicio\/wp-content\/uploads\/2024\/01\/francosguillermoleybasesleyomnibus2024-1.jpg\" \/>\n\t<meta property=\"og:image:width\" content=\"1600\" \/>\n\t<meta property=\"og:image:height\" content=\"1066\" \/>\n\t<meta property=\"og:image:type\" content=\"image\/jpeg\" \/>\n<meta name=\"author\" content=\"Diario1 Diario1\" \/>\n<meta name=\"twitter:card\" content=\"summary_large_image\" \/>\n<meta name=\"twitter:creator\" content=\"@eltextual\" \/>\n<meta name=\"twitter:site\" content=\"@eltextual\" \/>\n<meta name=\"twitter:label1\" content=\"Escrito por\" \/>\n\t<meta name=\"twitter:data1\" content=\"Diario1 Diario1\" \/>\n\t<meta name=\"twitter:label2\" content=\"Tiempo de lectura\" \/>\n\t<meta name=\"twitter:data2\" content=\"2 minutos\" \/>\n<script type=\"application\/ld+json\" class=\"yoast-schema-graph\">{\"@context\":\"https:\\\/\\\/schema.org\",\"@graph\":[{\"@type\":\"Article\",\"@id\":\"https:\\\/\\\/diariotextual.com\\\/inicio\\\/index.php\\\/2024\\\/01\\\/29\\\/la-sesion-para-tratar-la-ley-omnibus-ya-tiene-dia-y-hora-confirmados\\\/#article\",\"isPartOf\":{\"@id\":\"https:\\\/\\\/diariotextual.com\\\/inicio\\\/index.php\\\/2024\\\/01\\\/29\\\/la-sesion-para-tratar-la-ley-omnibus-ya-tiene-dia-y-hora-confirmados\\\/\"},\"author\":{\"name\":\"Diario1 Diario1\",\"@id\":\"https:\\\/\\\/diariotextual.com\\\/inicio\\\/#\\\/schema\\\/person\\\/418fc4093c33e86ed41562db3508f958\"},\"headline\":\"La sesi\u00f3n para tratar la ley \u00f3mnibus ya tiene d\u00eda y hora confirmados\",\"datePublished\":\"2024-01-29T20:05:55+00:00\",\"dateModified\":\"2024-01-29T21:17:33+00:00\",\"mainEntityOfPage\":{\"@id\":\"https:\\\/\\\/diariotextual.com\\\/inicio\\\/index.php\\\/2024\\\/01\\\/29\\\/la-sesion-para-tratar-la-ley-omnibus-ya-tiene-dia-y-hora-confirmados\\\/\"},\"wordCount\":429,\"publisher\":{\"@id\":\"https:\\\/\\\/diariotextual.com\\\/inicio\\\/#organization\"},\"image\":{\"@id\":\"https:\\\/\\\/diariotextual.com\\\/inicio\\\/index.php\\\/2024\\\/01\\\/29\\\/la-sesion-para-tratar-la-ley-omnibus-ya-tiene-dia-y-hora-confirmados\\\/#primaryimage\"},\"thumbnailUrl\":\"https:\\\/\\\/diariotextual.com\\\/inicio\\\/wp-content\\\/uploads\\\/2024\\\/01\\\/francosguillermoleybasesleyomnibus2024-1.jpg\",\"articleSection\":[\"A - ES NOTICIA (van abajo)\",\"POLITICA\"],\"inLanguage\":\"es\"},{\"@type\":\"WebPage\",\"@id\":\"https:\\\/\\\/diariotextual.com\\\/inicio\\\/index.php\\\/2024\\\/01\\\/29\\\/la-sesion-para-tratar-la-ley-omnibus-ya-tiene-dia-y-hora-confirmados\\\/\",\"url\":\"https:\\\/\\\/diariotextual.com\\\/inicio\\\/index.php\\\/2024\\\/01\\\/29\\\/la-sesion-para-tratar-la-ley-omnibus-ya-tiene-dia-y-hora-confirmados\\\/\",\"name\":\"La sesi\u00f3n para tratar la ley \u00f3mnibus ya tiene d\u00eda y hora confirmados - Diario Textual\",\"isPartOf\":{\"@id\":\"https:\\\/\\\/diariotextual.com\\\/inicio\\\/#website\"},\"primaryImageOfPage\":{\"@id\":\"https:\\\/\\\/diariotextual.com\\\/inicio\\\/index.php\\\/2024\\\/01\\\/29\\\/la-sesion-para-tratar-la-ley-omnibus-ya-tiene-dia-y-hora-confirmados\\\/#primaryimage\"},\"image\":{\"@id\":\"https:\\\/\\\/diariotextual.com\\\/inicio\\\/index.php\\\/2024\\\/01\\\/29\\\/la-sesion-para-tratar-la-ley-omnibus-ya-tiene-dia-y-hora-confirmados\\\/#primaryimage\"},\"thumbnailUrl\":\"https:\\\/\\\/diariotextual.com\\\/inicio\\\/wp-content\\\/uploads\\\/2024\\\/01\\\/francosguillermoleybasesleyomnibus2024-1.jpg\",\"datePublished\":\"2024-01-29T20:05:55+00:00\",\"dateModified\":\"2024-01-29T21:17:33+00:00\",\"breadcrumb\":{\"@id\":\"https:\\\/\\\/diariotextual.com\\\/inicio\\\/index.php\\\/2024\\\/01\\\/29\\\/la-sesion-para-tratar-la-ley-omnibus-ya-tiene-dia-y-hora-confirmados\\\/#breadcrumb\"},\"inLanguage\":\"es\",\"potentialAction\":[{\"@type\":\"ReadAction\",\"target\":[\"https:\\\/\\\/diariotextual.com\\\/inicio\\\/index.php\\\/2024\\\/01\\\/29\\\/la-sesion-para-tratar-la-ley-omnibus-ya-tiene-dia-y-hora-confirmados\\\/\"]}]},{\"@type\":\"ImageObject\",\"inLanguage\":\"es\",\"@id\":\"https:\\\/\\\/diariotextual.com\\\/inicio\\\/index.php\\\/2024\\\/01\\\/29\\\/la-sesion-para-tratar-la-ley-omnibus-ya-tiene-dia-y-hora-confirmados\\\/#primaryimage\",\"url\":\"https:\\\/\\\/diariotextual.com\\\/inicio\\\/wp-content\\\/uploads\\\/2024\\\/01\\\/francosguillermoleybasesleyomnibus2024-1.jpg\",\"contentUrl\":\"https:\\\/\\\/diariotextual.com\\\/inicio\\\/wp-content\\\/uploads\\\/2024\\\/01\\\/francosguillermoleybasesleyomnibus2024-1.jpg\",\"width\":1600,\"height\":1066},{\"@type\":\"BreadcrumbList\",\"@id\":\"https:\\\/\\\/diariotextual.com\\\/inicio\\\/index.php\\\/2024\\\/01\\\/29\\\/la-sesion-para-tratar-la-ley-omnibus-ya-tiene-dia-y-hora-confirmados\\\/#breadcrumb\",\"itemListElement\":[{\"@type\":\"ListItem\",\"position\":1,\"name\":\"Portada\",\"item\":\"https:\\\/\\\/diariotextual.com\\\/inicio\\\/\"},{\"@type\":\"ListItem\",\"position\":2,\"name\":\"La sesi\u00f3n para tratar la ley \u00f3mnibus ya tiene d\u00eda y hora confirmados\"}]},{\"@type\":\"WebSite\",\"@id\":\"https:\\\/\\\/diariotextual.com\\\/inicio\\\/#website\",\"url\":\"https:\\\/\\\/diariotextual.com\\\/inicio\\\/\",\"name\":\"Diario Textual\",\"description\":\"\",\"publisher\":{\"@id\":\"https:\\\/\\\/diariotextual.com\\\/inicio\\\/#organization\"},\"potentialAction\":[{\"@type\":\"SearchAction\",\"target\":{\"@type\":\"EntryPoint\",\"urlTemplate\":\"https:\\\/\\\/diariotextual.com\\\/inicio\\\/?s={search_term_string}\"},\"query-input\":{\"@type\":\"PropertyValueSpecification\",\"valueRequired\":true,\"valueName\":\"search_term_string\"}}],\"inLanguage\":\"es\"},{\"@type\":\"Organization\",\"@id\":\"https:\\\/\\\/diariotextual.com\\\/inicio\\\/#organization\",\"name\":\"Diario Textual\",\"url\":\"https:\\\/\\\/diariotextual.com\\\/inicio\\\/\",\"logo\":{\"@type\":\"ImageObject\",\"inLanguage\":\"es\",\"@id\":\"https:\\\/\\\/diariotextual.com\\\/inicio\\\/#\\\/schema\\\/logo\\\/image\\\/\",\"url\":\"https:\\\/\\\/diariotextual.com\\\/inicio\\\/wp-content\\\/uploads\\\/2023\\\/05\\\/logotextual1.jpg\",\"contentUrl\":\"https:\\\/\\\/diariotextual.com\\\/inicio\\\/wp-content\\\/uploads\\\/2023\\\/05\\\/logotextual1.jpg\",\"width\":516,\"height\":76,\"caption\":\"Diario Textual\"},\"image\":{\"@id\":\"https:\\\/\\\/diariotextual.com\\\/inicio\\\/#\\\/schema\\\/logo\\\/image\\\/\"},\"sameAs\":[\"https:\\\/\\\/www.facebook.com\\\/eltextual\",\"https:\\\/\\\/x.com\\\/eltextual\",\"http:\\\/\\\/www.instagram.com\\\/eltextual\"]},{\"@type\":\"Person\",\"@id\":\"https:\\\/\\\/diariotextual.com\\\/inicio\\\/#\\\/schema\\\/person\\\/418fc4093c33e86ed41562db3508f958\",\"name\":\"Diario1 Diario1\",\"image\":{\"@type\":\"ImageObject\",\"inLanguage\":\"es\",\"@id\":\"https:\\\/\\\/secure.gravatar.com\\\/avatar\\\/9167d280179c85bc18be67aa7eda765854300033af4896dd779b608640f2ef7a?s=96&d=mm&r=g\",\"url\":\"https:\\\/\\\/secure.gravatar.com\\\/avatar\\\/9167d280179c85bc18be67aa7eda765854300033af4896dd779b608640f2ef7a?s=96&d=mm&r=g\",\"contentUrl\":\"https:\\\/\\\/secure.gravatar.com\\\/avatar\\\/9167d280179c85bc18be67aa7eda765854300033af4896dd779b608640f2ef7a?s=96&d=mm&r=g\",\"caption\":\"Diario1 Diario1\"},\"url\":\"https:\\\/\\\/diariotextual.com\\\/inicio\\\/index.php\\\/author\\\/diario1\\\/\"}]}<\/script>\n<!-- \/ Yoast SEO plugin. -->","yoast_head_json":{"title":"La sesi\u00f3n para tratar la ley \u00f3mnibus ya tiene d\u00eda y hora confirmados - Diario Textual","robots":{"index":"index","follow":"follow","max-snippet":"max-snippet:-1","max-image-preview":"max-image-preview:large","max-video-preview":"max-video-preview:-1"},"canonical":"https:\/\/diariotextual.com\/inicio\/index.php\/2024\/01\/29\/la-sesion-para-tratar-la-ley-omnibus-ya-tiene-dia-y-hora-confirmados\/","og_locale":"es_ES","og_type":"article","og_title":"La sesi\u00f3n para tratar la ley \u00f3mnibus ya tiene d\u00eda y hora confirmados - Diario Textual","og_description":"La\u00a0sesi\u00f3n en la\u00a0C\u00e1mara de Diputados\u00a0para tratar el\u00a0proyecto de Ley de Bases y Puntos de Partida para la Libertad de los Argentinos, enviado por el Gobierno al Congreso, se desarrollar\u00e1 el&hellip;","og_url":"https:\/\/diariotextual.com\/inicio\/index.php\/2024\/01\/29\/la-sesion-para-tratar-la-ley-omnibus-ya-tiene-dia-y-hora-confirmados\/","og_site_name":"Diario Textual","article_publisher":"https:\/\/www.facebook.com\/eltextual","article_published_time":"2024-01-29T20:05:55+00:00","article_modified_time":"2024-01-29T21:17:33+00:00","og_image":[{"width":1600,"height":1066,"url":"https:\/\/diariotextual.com\/inicio\/wp-content\/uploads\/2024\/01\/francosguillermoleybasesleyomnibus2024-1.jpg","type":"image\/jpeg"}],"author":"Diario1 Diario1","twitter_card":"summary_large_image","twitter_creator":"@eltextual","twitter_site":"@eltextual","twitter_misc":{"Escrito por":"Diario1 Diario1","Tiempo de lectura":"2 minutos"},"schema":{"@context":"https:\/\/schema.org","@graph":[{"@type":"Article","@id":"https:\/\/diariotextual.com\/inicio\/index.php\/2024\/01\/29\/la-sesion-para-tratar-la-ley-omnibus-ya-tiene-dia-y-hora-confirmados\/#article","isPartOf":{"@id":"https:\/\/diariotextual.com\/inicio\/index.php\/2024\/01\/29\/la-sesion-para-tratar-la-ley-omnibus-ya-tiene-dia-y-hora-confirmados\/"},"author":{"name":"Diario1 Diario1","@id":"https:\/\/diariotextual.com\/inicio\/#\/schema\/person\/418fc4093c33e86ed41562db3508f958"},"headline":"La sesi\u00f3n para tratar la ley \u00f3mnibus ya tiene d\u00eda y hora confirmados","datePublished":"2024-01-29T20:05:55+00:00","dateModified":"2024-01-29T21:17:33+00:00","mainEntityOfPage":{"@id":"https:\/\/diariotextual.com\/inicio\/index.php\/2024\/01\/29\/la-sesion-para-tratar-la-ley-omnibus-ya-tiene-dia-y-hora-confirmados\/"},"wordCount":429,"publisher":{"@id":"https:\/\/diariotextual.com\/inicio\/#organization"},"image":{"@id":"https:\/\/diariotextual.com\/inicio\/index.php\/2024\/01\/29\/la-sesion-para-tratar-la-ley-omnibus-ya-tiene-dia-y-hora-confirmados\/#primaryimage"},"thumbnailUrl":"https:\/\/diariotextual.com\/inicio\/wp-content\/uploads\/2024\/01\/francosguillermoleybasesleyomnibus2024-1.jpg","articleSection":["A - ES NOTICIA (van abajo)","POLITICA"],"inLanguage":"es"},{"@type":"WebPage","@id":"https:\/\/diariotextual.com\/inicio\/index.php\/2024\/01\/29\/la-sesion-para-tratar-la-ley-omnibus-ya-tiene-dia-y-hora-confirmados\/","url":"https:\/\/diariotextual.com\/inicio\/index.php\/2024\/01\/29\/la-sesion-para-tratar-la-ley-omnibus-ya-tiene-dia-y-hora-confirmados\/","name":"La sesi\u00f3n para tratar la ley \u00f3mnibus ya tiene d\u00eda y hora confirmados - Diario Textual","isPartOf":{"@id":"https:\/\/diariotextual.com\/inicio\/#website"},"primaryImageOfPage":{"@id":"https:\/\/diariotextual.com\/inicio\/index.php\/2024\/01\/29\/la-sesion-para-tratar-la-ley-omnibus-ya-tiene-dia-y-hora-confirmados\/#primaryimage"},"image":{"@id":"https:\/\/diariotextual.com\/inicio\/index.php\/2024\/01\/29\/la-sesion-para-tratar-la-ley-omnibus-ya-tiene-dia-y-hora-confirmados\/#primaryimage"},"thumbnailUrl":"https:\/\/diariotextual.com\/inicio\/wp-content\/uploads\/2024\/01\/francosguillermoleybasesleyomnibus2024-1.jpg","datePublished":"2024-01-29T20:05:55+00:00","dateModified":"2024-01-29T21:17:33+00:00","breadcrumb":{"@id":"https:\/\/diariotextual.com\/inicio\/index.php\/2024\/01\/29\/la-sesion-para-tratar-la-ley-omnibus-ya-tiene-dia-y-hora-confirmados\/#breadcrumb"},"inLanguage":"es","potentialAction":[{"@type":"ReadAction","target":["https:\/\/diariotextual.com\/inicio\/index.php\/2024\/01\/29\/la-sesion-para-tratar-la-ley-omnibus-ya-tiene-dia-y-hora-confirmados\/"]}]},{"@type":"ImageObject","inLanguage":"es","@id":"https:\/\/diariotextual.com\/inicio\/index.php\/2024\/01\/29\/la-sesion-para-tratar-la-ley-omnibus-ya-tiene-dia-y-hora-confirmados\/#primaryimage","url":"https:\/\/diariotextual.com\/inicio\/wp-content\/uploads\/2024\/01\/francosguillermoleybasesleyomnibus2024-1.jpg","contentUrl":"https:\/\/diariotextual.com\/inicio\/wp-content\/uploads\/2024\/01\/francosguillermoleybasesleyomnibus2024-1.jpg","width":1600,"height":1066},{"@type":"BreadcrumbList","@id":"https:\/\/diariotextual.com\/inicio\/index.php\/2024\/01\/29\/la-sesion-para-tratar-la-ley-omnibus-ya-tiene-dia-y-hora-confirmados\/#breadcrumb","itemListElement":[{"@type":"ListItem","position":1,"name":"Portada","item":"https:\/\/diariotextual.com\/inicio\/"},{"@type":"ListItem","position":2,"name":"La sesi\u00f3n para tratar la ley \u00f3mnibus ya tiene d\u00eda y hora confirmados"}]},{"@type":"WebSite","@id":"https:\/\/diariotextual.com\/inicio\/#website","url":"https:\/\/diariotextual.com\/inicio\/","name":"Diario Textual","description":"","publisher":{"@id":"https:\/\/diariotextual.com\/inicio\/#organization"},"potentialAction":[{"@type":"SearchAction","target":{"@type":"EntryPoint","urlTemplate":"https:\/\/diariotextual.com\/inicio\/?s={search_term_string}"},"query-input":{"@type":"PropertyValueSpecification","valueRequired":true,"valueName":"search_term_string"}}],"inLanguage":"es"},{"@type":"Organization","@id":"https:\/\/diariotextual.com\/inicio\/#organization","name":"Diario Textual","url":"https:\/\/diariotextual.com\/inicio\/","logo":{"@type":"ImageObject","inLanguage":"es","@id":"https:\/\/diariotextual.com\/inicio\/#\/schema\/logo\/image\/","url":"https:\/\/diariotextual.com\/inicio\/wp-content\/uploads\/2023\/05\/logotextual1.jpg","contentUrl":"https:\/\/diariotextual.com\/inicio\/wp-content\/uploads\/2023\/05\/logotextual1.jpg","width":516,"height":76,"caption":"Diario Textual"},"image":{"@id":"https:\/\/diariotextual.com\/inicio\/#\/schema\/logo\/image\/"},"sameAs":["https:\/\/www.facebook.com\/eltextual","https:\/\/x.com\/eltextual","http:\/\/www.instagram.com\/eltextual"]},{"@type":"Person","@id":"https:\/\/diariotextual.com\/inicio\/#\/schema\/person\/418fc4093c33e86ed41562db3508f958","name":"Diario1 Diario1","image":{"@type":"ImageObject","inLanguage":"es","@id":"https:\/\/secure.gravatar.com\/avatar\/9167d280179c85bc18be67aa7eda765854300033af4896dd779b608640f2ef7a?s=96&d=mm&r=g","url":"https:\/\/secure.gravatar.com\/avatar\/9167d280179c85bc18be67aa7eda765854300033af4896dd779b608640f2ef7a?s=96&d=mm&r=g","contentUrl":"https:\/\/secure.gravatar.com\/avatar\/9167d280179c85bc18be67aa7eda765854300033af4896dd779b608640f2ef7a?s=96&d=mm&r=g","caption":"Diario1 Diario1"},"url":"https:\/\/diariotextual.com\/inicio\/index.php\/author\/diario1\/"}]}},"_links":{"self":[{"href":"https:\/\/diariotextual.com\/inicio\/index.php\/wp-json\/wp\/v2\/posts\/252461","targetHints":{"allow":["GET"]}}],"collection":[{"href":"https:\/\/diariotextual.com\/inicio\/index.php\/wp-json\/wp\/v2\/posts"}],"about":[{"href":"https:\/\/diariotextual.com\/inicio\/index.php\/wp-json\/wp\/v2\/types\/post"}],"author":[{"embeddable":true,"href":"https:\/\/diariotextual.com\/inicio\/index.php\/wp-json\/wp\/v2\/users\/3"}],"replies":[{"embeddable":true,"href":"https:\/\/diariotextual.com\/inicio\/index.php\/wp-json\/wp\/v2\/comments?post=252461"}],"version-history":[{"count":1,"href":"https:\/\/diariotextual.com\/inicio\/index.php\/wp-json\/wp\/v2\/posts\/252461\/revisions"}],"predecessor-version":[{"id":252463,"href":"https:\/\/diariotextual.com\/inicio\/index.php\/wp-json\/wp\/v2\/posts\/252461\/revisions\/252463"}],"wp:featuredmedia":[{"embeddable":true,"href":"https:\/\/diariotextual.com\/inicio\/index.php\/wp-json\/wp\/v2\/media\/252462"}],"wp:attachment":[{"href":"https:\/\/diariotextual.com\/inicio\/index.php\/wp-json\/wp\/v2\/media?parent=252461"}],"wp:term":[{"taxonomy":"category","embeddable":true,"href":"https:\/\/diariotextual.com\/inicio\/index.php\/wp-json\/wp\/v2\/categories?post=252461"},{"taxonomy":"post_tag","embeddable":true,"href":"https:\/\/diariotextual.com\/inicio\/index.php\/wp-json\/wp\/v2\/tags?post=252461"}],"curies":[{"name":"wp","href":"https:\/\/api.w.org\/{rel}","templated":true}]}}