{"id":252505,"date":"2024-01-30T08:31:16","date_gmt":"2024-01-30T11:31:16","guid":{"rendered":"https:\/\/diariotextual.com\/inicio\/?p=252505"},"modified":"2024-01-30T09:37:05","modified_gmt":"2024-01-30T12:37:05","slug":"milei-detono-el-acuerdo-por-la-ley-omnibus-con-los-gobernadores-y-francos","status":"publish","type":"post","link":"https:\/\/diariotextual.com\/inicio\/index.php\/2024\/01\/30\/milei-detono-el-acuerdo-por-la-ley-omnibus-con-los-gobernadores-y-francos\/","title":{"rendered":"Milei deton\u00f3 el acuerdo por la ley \u00f3mnibus con los gobernadores y Francos"},"content":{"rendered":"\n<p><strong>Javier Milei<\/strong> deton\u00f3 el acuerdo con los gobernadores que hab\u00eda acercado <strong>Guillermo Francos<\/strong> y dej\u00f3 al ministro del Interior al borde de la renuncia.<\/p>\n\n\n\n<p>Media hora despu\u00e9s de que Francos acercara un entendimiento para la ley \u00f3mnibus, el presidente retiute\u00f3 una publicaci\u00f3n de Joaqu\u00edn de la Torre en la que acusaba a los diputados dialoguistas de integrar el<strong> \u201cbloque extorsi\u00f3n\u201d.<\/strong><\/p>\n\n\n\n<p>Pero luego fue m\u00e1s all\u00e1, cuando por medio de la Oficina de Prensa de Presidencia anunci\u00f3 que el Impuesto PAIS y el resto del paquete fiscal, anteriormente incluido en la Ley de Bases y Puntos de Partida para la Libertad de los Argentinos, \u201cse discutir\u00e1 m\u00e1s adelante\u201d.<\/p>\n\n\n\n<p>De este modo explot\u00f3 las negociaciones con los gobernadores \u201cdialoguistas\u201d que le hab\u00edan garantizado el apoyo a Francos de la ley, si es que coparticipaba el 30% del impuesto PAIS.<\/p>\n\n\n\n<p>Los gobernadores le hab\u00edan arrancado a Francos el compromiso de que el impuesto PAIS sea coparticipado en un 30% a las provincias.<\/p>\n\n\n\n<p>Este tributo del 30% de al\u00edcuota se aplica sobre los montos de las compras de divisas para atesoramiento como tambi\u00e9n para compras con tarjeta de cr\u00e9dito o d\u00e9bito en el exterior o para bienes que se adquieren en divisa extranjera.<\/p>\n\n\n\n<p>Al finalizar el c\u00f3nclave, el gobernador de Chubut, Ignacio Torres, levant\u00f3 el pulgar. \u201cSe pudieron destrabar un mont\u00f3n de cosas. Hoy hay consenso en su gran mayor\u00eda\u201d, dijo.<\/p>\n\n\n\n<p><\/p>\n\n\n\n<p><\/p>\n","protected":false},"excerpt":{"rendered":"<p>Javier Milei deton\u00f3 el acuerdo con los gobernadores que hab\u00eda acercado Guillermo Francos y dej\u00f3 al ministro del Interior al borde de la renuncia. Media hora despu\u00e9s de que Francos&hellip;<\/p>\n","protected":false},"author":3,"featured_media":252507,"comment_status":"closed","ping_status":"open","sticky":false,"template":"","format":"standard","meta":{"_acf_changed":false,"footnotes":""},"categories":[1,8],"tags":[],"class_list":["post-252505","post","type-post","status-publish","format-standard","has-post-thumbnail","hentry","category-es-noticia","category-politica"],"acf":[],"yoast_head":"<!-- This site is optimized with the Yoast SEO plugin v27.5 - https:\/\/yoast.com\/product\/yoast-seo-wordpress\/ -->\n<title>Milei deton\u00f3 el acuerdo por la ley \u00f3mnibus con los gobernadores y Francos - Diario Textual<\/title>\n<meta name=\"robots\" content=\"index, follow, max-snippet:-1, max-image-preview:large, max-video-preview:-1\" \/>\n<link rel=\"canonical\" href=\"https:\/\/diariotextual.com\/inicio\/index.php\/2024\/01\/30\/milei-detono-el-acuerdo-por-la-ley-omnibus-con-los-gobernadores-y-francos\/\" \/>\n<meta property=\"og:locale\" content=\"es_ES\" \/>\n<meta property=\"og:type\" content=\"article\" \/>\n<meta property=\"og:title\" content=\"Milei deton\u00f3 el acuerdo por la ley \u00f3mnibus con los gobernadores y Francos - Diario Textual\" \/>\n<meta property=\"og:description\" content=\"Javier Milei deton\u00f3 el acuerdo con los gobernadores que hab\u00eda acercado Guillermo Francos y dej\u00f3 al ministro del Interior al borde de la renuncia. Media hora despu\u00e9s de que Francos&hellip;\" \/>\n<meta property=\"og:url\" content=\"https:\/\/diariotextual.com\/inicio\/index.php\/2024\/01\/30\/milei-detono-el-acuerdo-por-la-ley-omnibus-con-los-gobernadores-y-francos\/\" \/>\n<meta property=\"og:site_name\" content=\"Diario Textual\" \/>\n<meta property=\"article:publisher\" content=\"https:\/\/www.facebook.com\/eltextual\" \/>\n<meta property=\"article:published_time\" content=\"2024-01-30T11:31:16+00:00\" \/>\n<meta property=\"article:modified_time\" content=\"2024-01-30T12:37:05+00:00\" \/>\n<meta property=\"og:image\" content=\"https:\/\/diariotextual.com\/inicio\/wp-content\/uploads\/2024\/01\/francosguillermotelam2024-23.jpg\" \/>\n\t<meta property=\"og:image:width\" content=\"940\" \/>\n\t<meta property=\"og:image:height\" content=\"529\" \/>\n\t<meta property=\"og:image:type\" content=\"image\/jpeg\" \/>\n<meta name=\"author\" content=\"Diario1 Diario1\" \/>\n<meta name=\"twitter:card\" content=\"summary_large_image\" \/>\n<meta name=\"twitter:creator\" content=\"@eltextual\" \/>\n<meta name=\"twitter:site\" content=\"@eltextual\" \/>\n<meta name=\"twitter:label1\" content=\"Escrito por\" \/>\n\t<meta name=\"twitter:data1\" content=\"Diario1 Diario1\" \/>\n\t<meta name=\"twitter:label2\" content=\"Tiempo de lectura\" \/>\n\t<meta name=\"twitter:data2\" content=\"2 minutos\" \/>\n<script type=\"application\/ld+json\" class=\"yoast-schema-graph\">{\"@context\":\"https:\\\/\\\/schema.org\",\"@graph\":[{\"@type\":\"Article\",\"@id\":\"https:\\\/\\\/diariotextual.com\\\/inicio\\\/index.php\\\/2024\\\/01\\\/30\\\/milei-detono-el-acuerdo-por-la-ley-omnibus-con-los-gobernadores-y-francos\\\/#article\",\"isPartOf\":{\"@id\":\"https:\\\/\\\/diariotextual.com\\\/inicio\\\/index.php\\\/2024\\\/01\\\/30\\\/milei-detono-el-acuerdo-por-la-ley-omnibus-con-los-gobernadores-y-francos\\\/\"},\"author\":{\"name\":\"Diario1 Diario1\",\"@id\":\"https:\\\/\\\/diariotextual.com\\\/inicio\\\/#\\\/schema\\\/person\\\/418fc4093c33e86ed41562db3508f958\"},\"headline\":\"Milei deton\u00f3 el acuerdo por la ley \u00f3mnibus con los gobernadores y Francos\",\"datePublished\":\"2024-01-30T11:31:16+00:00\",\"dateModified\":\"2024-01-30T12:37:05+00:00\",\"mainEntityOfPage\":{\"@id\":\"https:\\\/\\\/diariotextual.com\\\/inicio\\\/index.php\\\/2024\\\/01\\\/30\\\/milei-detono-el-acuerdo-por-la-ley-omnibus-con-los-gobernadores-y-francos\\\/\"},\"wordCount\":253,\"publisher\":{\"@id\":\"https:\\\/\\\/diariotextual.com\\\/inicio\\\/#organization\"},\"image\":{\"@id\":\"https:\\\/\\\/diariotextual.com\\\/inicio\\\/index.php\\\/2024\\\/01\\\/30\\\/milei-detono-el-acuerdo-por-la-ley-omnibus-con-los-gobernadores-y-francos\\\/#primaryimage\"},\"thumbnailUrl\":\"https:\\\/\\\/diariotextual.com\\\/inicio\\\/wp-content\\\/uploads\\\/2024\\\/01\\\/francosguillermotelam2024-23.jpg\",\"articleSection\":[\"A - ES NOTICIA (van abajo)\",\"POLITICA\"],\"inLanguage\":\"es\"},{\"@type\":\"WebPage\",\"@id\":\"https:\\\/\\\/diariotextual.com\\\/inicio\\\/index.php\\\/2024\\\/01\\\/30\\\/milei-detono-el-acuerdo-por-la-ley-omnibus-con-los-gobernadores-y-francos\\\/\",\"url\":\"https:\\\/\\\/diariotextual.com\\\/inicio\\\/index.php\\\/2024\\\/01\\\/30\\\/milei-detono-el-acuerdo-por-la-ley-omnibus-con-los-gobernadores-y-francos\\\/\",\"name\":\"Milei deton\u00f3 el acuerdo por la ley \u00f3mnibus con los gobernadores y Francos - Diario Textual\",\"isPartOf\":{\"@id\":\"https:\\\/\\\/diariotextual.com\\\/inicio\\\/#website\"},\"primaryImageOfPage\":{\"@id\":\"https:\\\/\\\/diariotextual.com\\\/inicio\\\/index.php\\\/2024\\\/01\\\/30\\\/milei-detono-el-acuerdo-por-la-ley-omnibus-con-los-gobernadores-y-francos\\\/#primaryimage\"},\"image\":{\"@id\":\"https:\\\/\\\/diariotextual.com\\\/inicio\\\/index.php\\\/2024\\\/01\\\/30\\\/milei-detono-el-acuerdo-por-la-ley-omnibus-con-los-gobernadores-y-francos\\\/#primaryimage\"},\"thumbnailUrl\":\"https:\\\/\\\/diariotextual.com\\\/inicio\\\/wp-content\\\/uploads\\\/2024\\\/01\\\/francosguillermotelam2024-23.jpg\",\"datePublished\":\"2024-01-30T11:31:16+00:00\",\"dateModified\":\"2024-01-30T12:37:05+00:00\",\"breadcrumb\":{\"@id\":\"https:\\\/\\\/diariotextual.com\\\/inicio\\\/index.php\\\/2024\\\/01\\\/30\\\/milei-detono-el-acuerdo-por-la-ley-omnibus-con-los-gobernadores-y-francos\\\/#breadcrumb\"},\"inLanguage\":\"es\",\"potentialAction\":[{\"@type\":\"ReadAction\",\"target\":[\"https:\\\/\\\/diariotextual.com\\\/inicio\\\/index.php\\\/2024\\\/01\\\/30\\\/milei-detono-el-acuerdo-por-la-ley-omnibus-con-los-gobernadores-y-francos\\\/\"]}]},{\"@type\":\"ImageObject\",\"inLanguage\":\"es\",\"@id\":\"https:\\\/\\\/diariotextual.com\\\/inicio\\\/index.php\\\/2024\\\/01\\\/30\\\/milei-detono-el-acuerdo-por-la-ley-omnibus-con-los-gobernadores-y-francos\\\/#primaryimage\",\"url\":\"https:\\\/\\\/diariotextual.com\\\/inicio\\\/wp-content\\\/uploads\\\/2024\\\/01\\\/francosguillermotelam2024-23.jpg\",\"contentUrl\":\"https:\\\/\\\/diariotextual.com\\\/inicio\\\/wp-content\\\/uploads\\\/2024\\\/01\\\/francosguillermotelam2024-23.jpg\",\"width\":940,\"height\":529},{\"@type\":\"BreadcrumbList\",\"@id\":\"https:\\\/\\\/diariotextual.com\\\/inicio\\\/index.php\\\/2024\\\/01\\\/30\\\/milei-detono-el-acuerdo-por-la-ley-omnibus-con-los-gobernadores-y-francos\\\/#breadcrumb\",\"itemListElement\":[{\"@type\":\"ListItem\",\"position\":1,\"name\":\"Portada\",\"item\":\"https:\\\/\\\/diariotextual.com\\\/inicio\\\/\"},{\"@type\":\"ListItem\",\"position\":2,\"name\":\"Milei deton\u00f3 el acuerdo por la ley \u00f3mnibus con los gobernadores y Francos\"}]},{\"@type\":\"WebSite\",\"@id\":\"https:\\\/\\\/diariotextual.com\\\/inicio\\\/#website\",\"url\":\"https:\\\/\\\/diariotextual.com\\\/inicio\\\/\",\"name\":\"Diario Textual\",\"description\":\"\",\"publisher\":{\"@id\":\"https:\\\/\\\/diariotextual.com\\\/inicio\\\/#organization\"},\"potentialAction\":[{\"@type\":\"SearchAction\",\"target\":{\"@type\":\"EntryPoint\",\"urlTemplate\":\"https:\\\/\\\/diariotextual.com\\\/inicio\\\/?s={search_term_string}\"},\"query-input\":{\"@type\":\"PropertyValueSpecification\",\"valueRequired\":true,\"valueName\":\"search_term_string\"}}],\"inLanguage\":\"es\"},{\"@type\":\"Organization\",\"@id\":\"https:\\\/\\\/diariotextual.com\\\/inicio\\\/#organization\",\"name\":\"Diario Textual\",\"url\":\"https:\\\/\\\/diariotextual.com\\\/inicio\\\/\",\"logo\":{\"@type\":\"ImageObject\",\"inLanguage\":\"es\",\"@id\":\"https:\\\/\\\/diariotextual.com\\\/inicio\\\/#\\\/schema\\\/logo\\\/image\\\/\",\"url\":\"https:\\\/\\\/diariotextual.com\\\/inicio\\\/wp-content\\\/uploads\\\/2023\\\/05\\\/logotextual1.jpg\",\"contentUrl\":\"https:\\\/\\\/diariotextual.com\\\/inicio\\\/wp-content\\\/uploads\\\/2023\\\/05\\\/logotextual1.jpg\",\"width\":516,\"height\":76,\"caption\":\"Diario Textual\"},\"image\":{\"@id\":\"https:\\\/\\\/diariotextual.com\\\/inicio\\\/#\\\/schema\\\/logo\\\/image\\\/\"},\"sameAs\":[\"https:\\\/\\\/www.facebook.com\\\/eltextual\",\"https:\\\/\\\/x.com\\\/eltextual\",\"http:\\\/\\\/www.instagram.com\\\/eltextual\"]},{\"@type\":\"Person\",\"@id\":\"https:\\\/\\\/diariotextual.com\\\/inicio\\\/#\\\/schema\\\/person\\\/418fc4093c33e86ed41562db3508f958\",\"name\":\"Diario1 Diario1\",\"image\":{\"@type\":\"ImageObject\",\"inLanguage\":\"es\",\"@id\":\"https:\\\/\\\/secure.gravatar.com\\\/avatar\\\/9167d280179c85bc18be67aa7eda765854300033af4896dd779b608640f2ef7a?s=96&d=mm&r=g\",\"url\":\"https:\\\/\\\/secure.gravatar.com\\\/avatar\\\/9167d280179c85bc18be67aa7eda765854300033af4896dd779b608640f2ef7a?s=96&d=mm&r=g\",\"contentUrl\":\"https:\\\/\\\/secure.gravatar.com\\\/avatar\\\/9167d280179c85bc18be67aa7eda765854300033af4896dd779b608640f2ef7a?s=96&d=mm&r=g\",\"caption\":\"Diario1 Diario1\"},\"url\":\"https:\\\/\\\/diariotextual.com\\\/inicio\\\/index.php\\\/author\\\/diario1\\\/\"}]}<\/script>\n<!-- \/ Yoast SEO plugin. -->","yoast_head_json":{"title":"Milei deton\u00f3 el acuerdo por la ley \u00f3mnibus con los gobernadores y Francos - Diario Textual","robots":{"index":"index","follow":"follow","max-snippet":"max-snippet:-1","max-image-preview":"max-image-preview:large","max-video-preview":"max-video-preview:-1"},"canonical":"https:\/\/diariotextual.com\/inicio\/index.php\/2024\/01\/30\/milei-detono-el-acuerdo-por-la-ley-omnibus-con-los-gobernadores-y-francos\/","og_locale":"es_ES","og_type":"article","og_title":"Milei deton\u00f3 el acuerdo por la ley \u00f3mnibus con los gobernadores y Francos - Diario Textual","og_description":"Javier Milei deton\u00f3 el acuerdo con los gobernadores que hab\u00eda acercado Guillermo Francos y dej\u00f3 al ministro del Interior al borde de la renuncia. Media hora despu\u00e9s de que Francos&hellip;","og_url":"https:\/\/diariotextual.com\/inicio\/index.php\/2024\/01\/30\/milei-detono-el-acuerdo-por-la-ley-omnibus-con-los-gobernadores-y-francos\/","og_site_name":"Diario Textual","article_publisher":"https:\/\/www.facebook.com\/eltextual","article_published_time":"2024-01-30T11:31:16+00:00","article_modified_time":"2024-01-30T12:37:05+00:00","og_image":[{"width":940,"height":529,"url":"https:\/\/diariotextual.com\/inicio\/wp-content\/uploads\/2024\/01\/francosguillermotelam2024-23.jpg","type":"image\/jpeg"}],"author":"Diario1 Diario1","twitter_card":"summary_large_image","twitter_creator":"@eltextual","twitter_site":"@eltextual","twitter_misc":{"Escrito por":"Diario1 Diario1","Tiempo de lectura":"2 minutos"},"schema":{"@context":"https:\/\/schema.org","@graph":[{"@type":"Article","@id":"https:\/\/diariotextual.com\/inicio\/index.php\/2024\/01\/30\/milei-detono-el-acuerdo-por-la-ley-omnibus-con-los-gobernadores-y-francos\/#article","isPartOf":{"@id":"https:\/\/diariotextual.com\/inicio\/index.php\/2024\/01\/30\/milei-detono-el-acuerdo-por-la-ley-omnibus-con-los-gobernadores-y-francos\/"},"author":{"name":"Diario1 Diario1","@id":"https:\/\/diariotextual.com\/inicio\/#\/schema\/person\/418fc4093c33e86ed41562db3508f958"},"headline":"Milei deton\u00f3 el acuerdo por la ley \u00f3mnibus con los gobernadores y Francos","datePublished":"2024-01-30T11:31:16+00:00","dateModified":"2024-01-30T12:37:05+00:00","mainEntityOfPage":{"@id":"https:\/\/diariotextual.com\/inicio\/index.php\/2024\/01\/30\/milei-detono-el-acuerdo-por-la-ley-omnibus-con-los-gobernadores-y-francos\/"},"wordCount":253,"publisher":{"@id":"https:\/\/diariotextual.com\/inicio\/#organization"},"image":{"@id":"https:\/\/diariotextual.com\/inicio\/index.php\/2024\/01\/30\/milei-detono-el-acuerdo-por-la-ley-omnibus-con-los-gobernadores-y-francos\/#primaryimage"},"thumbnailUrl":"https:\/\/diariotextual.com\/inicio\/wp-content\/uploads\/2024\/01\/francosguillermotelam2024-23.jpg","articleSection":["A - ES NOTICIA (van abajo)","POLITICA"],"inLanguage":"es"},{"@type":"WebPage","@id":"https:\/\/diariotextual.com\/inicio\/index.php\/2024\/01\/30\/milei-detono-el-acuerdo-por-la-ley-omnibus-con-los-gobernadores-y-francos\/","url":"https:\/\/diariotextual.com\/inicio\/index.php\/2024\/01\/30\/milei-detono-el-acuerdo-por-la-ley-omnibus-con-los-gobernadores-y-francos\/","name":"Milei deton\u00f3 el acuerdo por la ley \u00f3mnibus con los gobernadores y Francos - Diario Textual","isPartOf":{"@id":"https:\/\/diariotextual.com\/inicio\/#website"},"primaryImageOfPage":{"@id":"https:\/\/diariotextual.com\/inicio\/index.php\/2024\/01\/30\/milei-detono-el-acuerdo-por-la-ley-omnibus-con-los-gobernadores-y-francos\/#primaryimage"},"image":{"@id":"https:\/\/diariotextual.com\/inicio\/index.php\/2024\/01\/30\/milei-detono-el-acuerdo-por-la-ley-omnibus-con-los-gobernadores-y-francos\/#primaryimage"},"thumbnailUrl":"https:\/\/diariotextual.com\/inicio\/wp-content\/uploads\/2024\/01\/francosguillermotelam2024-23.jpg","datePublished":"2024-01-30T11:31:16+00:00","dateModified":"2024-01-30T12:37:05+00:00","breadcrumb":{"@id":"https:\/\/diariotextual.com\/inicio\/index.php\/2024\/01\/30\/milei-detono-el-acuerdo-por-la-ley-omnibus-con-los-gobernadores-y-francos\/#breadcrumb"},"inLanguage":"es","potentialAction":[{"@type":"ReadAction","target":["https:\/\/diariotextual.com\/inicio\/index.php\/2024\/01\/30\/milei-detono-el-acuerdo-por-la-ley-omnibus-con-los-gobernadores-y-francos\/"]}]},{"@type":"ImageObject","inLanguage":"es","@id":"https:\/\/diariotextual.com\/inicio\/index.php\/2024\/01\/30\/milei-detono-el-acuerdo-por-la-ley-omnibus-con-los-gobernadores-y-francos\/#primaryimage","url":"https:\/\/diariotextual.com\/inicio\/wp-content\/uploads\/2024\/01\/francosguillermotelam2024-23.jpg","contentUrl":"https:\/\/diariotextual.com\/inicio\/wp-content\/uploads\/2024\/01\/francosguillermotelam2024-23.jpg","width":940,"height":529},{"@type":"BreadcrumbList","@id":"https:\/\/diariotextual.com\/inicio\/index.php\/2024\/01\/30\/milei-detono-el-acuerdo-por-la-ley-omnibus-con-los-gobernadores-y-francos\/#breadcrumb","itemListElement":[{"@type":"ListItem","position":1,"name":"Portada","item":"https:\/\/diariotextual.com\/inicio\/"},{"@type":"ListItem","position":2,"name":"Milei deton\u00f3 el acuerdo por la ley \u00f3mnibus con los gobernadores y Francos"}]},{"@type":"WebSite","@id":"https:\/\/diariotextual.com\/inicio\/#website","url":"https:\/\/diariotextual.com\/inicio\/","name":"Diario Textual","description":"","publisher":{"@id":"https:\/\/diariotextual.com\/inicio\/#organization"},"potentialAction":[{"@type":"SearchAction","target":{"@type":"EntryPoint","urlTemplate":"https:\/\/diariotextual.com\/inicio\/?s={search_term_string}"},"query-input":{"@type":"PropertyValueSpecification","valueRequired":true,"valueName":"search_term_string"}}],"inLanguage":"es"},{"@type":"Organization","@id":"https:\/\/diariotextual.com\/inicio\/#organization","name":"Diario Textual","url":"https:\/\/diariotextual.com\/inicio\/","logo":{"@type":"ImageObject","inLanguage":"es","@id":"https:\/\/diariotextual.com\/inicio\/#\/schema\/logo\/image\/","url":"https:\/\/diariotextual.com\/inicio\/wp-content\/uploads\/2023\/05\/logotextual1.jpg","contentUrl":"https:\/\/diariotextual.com\/inicio\/wp-content\/uploads\/2023\/05\/logotextual1.jpg","width":516,"height":76,"caption":"Diario Textual"},"image":{"@id":"https:\/\/diariotextual.com\/inicio\/#\/schema\/logo\/image\/"},"sameAs":["https:\/\/www.facebook.com\/eltextual","https:\/\/x.com\/eltextual","http:\/\/www.instagram.com\/eltextual"]},{"@type":"Person","@id":"https:\/\/diariotextual.com\/inicio\/#\/schema\/person\/418fc4093c33e86ed41562db3508f958","name":"Diario1 Diario1","image":{"@type":"ImageObject","inLanguage":"es","@id":"https:\/\/secure.gravatar.com\/avatar\/9167d280179c85bc18be67aa7eda765854300033af4896dd779b608640f2ef7a?s=96&d=mm&r=g","url":"https:\/\/secure.gravatar.com\/avatar\/9167d280179c85bc18be67aa7eda765854300033af4896dd779b608640f2ef7a?s=96&d=mm&r=g","contentUrl":"https:\/\/secure.gravatar.com\/avatar\/9167d280179c85bc18be67aa7eda765854300033af4896dd779b608640f2ef7a?s=96&d=mm&r=g","caption":"Diario1 Diario1"},"url":"https:\/\/diariotextual.com\/inicio\/index.php\/author\/diario1\/"}]}},"_links":{"self":[{"href":"https:\/\/diariotextual.com\/inicio\/index.php\/wp-json\/wp\/v2\/posts\/252505","targetHints":{"allow":["GET"]}}],"collection":[{"href":"https:\/\/diariotextual.com\/inicio\/index.php\/wp-json\/wp\/v2\/posts"}],"about":[{"href":"https:\/\/diariotextual.com\/inicio\/index.php\/wp-json\/wp\/v2\/types\/post"}],"author":[{"embeddable":true,"href":"https:\/\/diariotextual.com\/inicio\/index.php\/wp-json\/wp\/v2\/users\/3"}],"replies":[{"embeddable":true,"href":"https:\/\/diariotextual.com\/inicio\/index.php\/wp-json\/wp\/v2\/comments?post=252505"}],"version-history":[{"count":2,"href":"https:\/\/diariotextual.com\/inicio\/index.php\/wp-json\/wp\/v2\/posts\/252505\/revisions"}],"predecessor-version":[{"id":252508,"href":"https:\/\/diariotextual.com\/inicio\/index.php\/wp-json\/wp\/v2\/posts\/252505\/revisions\/252508"}],"wp:featuredmedia":[{"embeddable":true,"href":"https:\/\/diariotextual.com\/inicio\/index.php\/wp-json\/wp\/v2\/media\/252507"}],"wp:attachment":[{"href":"https:\/\/diariotextual.com\/inicio\/index.php\/wp-json\/wp\/v2\/media?parent=252505"}],"wp:term":[{"taxonomy":"category","embeddable":true,"href":"https:\/\/diariotextual.com\/inicio\/index.php\/wp-json\/wp\/v2\/categories?post=252505"},{"taxonomy":"post_tag","embeddable":true,"href":"https:\/\/diariotextual.com\/inicio\/index.php\/wp-json\/wp\/v2\/tags?post=252505"}],"curies":[{"name":"wp","href":"https:\/\/api.w.org\/{rel}","templated":true}]}}