{"id":252516,"date":"2024-01-30T10:55:00","date_gmt":"2024-01-30T13:55:00","guid":{"rendered":"https:\/\/diariotextual.com\/inicio\/?p=252516"},"modified":"2024-01-30T20:13:29","modified_gmt":"2024-01-30T23:13:29","slug":"ley-omnibus-con-superpoderes-diputados-del-pro-de-la-pampa-a-favor-pj-en-contra-y-ucr-indecisa","status":"publish","type":"post","link":"https:\/\/diariotextual.com\/inicio\/index.php\/2024\/01\/30\/ley-omnibus-con-superpoderes-diputados-del-pro-de-la-pampa-a-favor-pj-en-contra-y-ucr-indecisa\/","title":{"rendered":"Ley \u00f3mnibus con superpoderes: c\u00f3mo votar\u00e1n los diputados de La Pampa"},"content":{"rendered":"\n<p>Los diputados radicales que responden a Facundo Manes y Emiliano Yacobitti se encolumnaron finalmente detr\u00e1s de Rodrigo De Loredo, presidente del bloque de la UCR, y votar\u00e1n la ley \u00f3mnibus. En ese lote de legisladores est\u00e1 la pampeana\u00a0<strong>Marcela Coli<\/strong>, quien -hab\u00eda revelado Diario Textual-<strong>\u00a0hasta hoy a la ma\u00f1ana ten\u00eda dudas, pero finalmente se defini\u00f3 acompa\u00f1ar, al menos, en general a la iniciativa.<\/strong><\/p>\n\n\n\n<p>Pasado el mediod\u00eda, el legislador cordob\u00e9s tuite\u00f3 en plena reuni\u00f3n de bloque que hab\u00eda acuerdo. \u201cDesde el conjunto del radicalismo daremos qu\u00f3rum para habilitar el debate parlamentario de la ley \u00f3mnibus ma\u00f1ana y acompa\u00f1aremos en general la ley\u201d, anunci\u00f3.<\/p>\n\n\n\n<p>Diputados convoc\u00f3 a sesionar este mi\u00e9rcoles, a partir de las 10, para debatir la llamada ley \u00f3mnibus en un contexto en que el oficialismo y los bloques dialoguistas anunciaron que alcanzaron consensos sobre el contenido general de la iniciativa.<\/p>\n\n\n\n<p>El proyecto es llamado oficialmente <strong>Ley Bases y Puntos de Partida para la Libertad de los Argentinos<\/strong>. Tambi\u00e9n se la conoce como la ley \u00f3mnibus.<\/p>\n\n\n\n<p><strong>\u00bfC\u00f3mo votar\u00e1n los cinco legisladores pampeanos? Los dos del peronismo, Ariel Rauschenberger y Varinia Mar\u00edn, en contra. En tanto, los dos del PRO, Mart\u00edn Ardohain y Mart\u00edn Maquieyra, y la de la UCR, Marcela Coli, lo har\u00e1n a favor.<\/strong><\/p>\n\n\n\n<p><strong>Hasta este martes a la ma\u00f1ana Coli a\u00fan estaba indecisa, dijeron fuentes del radicalismo a Diario Textual. Su principal preocupaci\u00f3n -como todo del sector de Facundo Manes- pasaba por la delegaci\u00f3n de facultades legislativas al presidente Javier Milei.<\/strong>\u00a0Pero al mediod\u00eda se habr\u00eda alcanzado un acuerdo.<\/p>\n\n\n\n<p>Es que, precisamente, una de las principales caracter\u00edsticas de la ley \u00f3mnibus es que incluye la delegaci\u00f3n de las facultades legislativas durante un a\u00f1o (prorrogable por otro a\u00f1o). Es decir, le otorgan \u201csuperpoderes\u201d. Durante ese per\u00edodo, el presidente puede ejercer funciones legislativas en esas materias a trav\u00e9s de decretos, que luego deben ser controlados por la misma Comisi\u00f3n Bicameral legislativa que controla los decretos de necesidad y urgencia.<\/p>\n\n\n\n<p>Ayer, el gobernador<strong><a href=\"https:\/\/diariotextual.com\/inicio\/index.php\/2024\/01\/29\/ziliotto-con-los-primeros-6-articulos-de-la-ley-bases-milei-podria-hacer-lo-que-quiera\/\" target=\"_blank\" rel=\"noreferrer noopener\"> Sergio Ziliotto volvi\u00f3 a advertir de la delegaci\u00f3n de las facultades legislativas<\/a><\/strong>. \u201cHay que tener muy claro lo que se vota. La delegaci\u00f3n de facultades est\u00e1 planteada sobre diez materias y que se saque una u otra, luego dar\u00e1 lugar a interpretaciones y ambig\u00fcedades\u201d, expres\u00f3. \u201cCuando uno quiere analizar el articulado de la ley \u00f3mnibus tiene que tener en cuenta que lo trascendente est\u00e1 en los primeros seis art\u00edculos. Con ellos, el presidente puede hacer todo lo que quiera, le rechacen o no el resto de la ley, porque en comparaci\u00f3n con esos seis art\u00edculos, el resto es cotill\u00f3n\u201d, sostuvo.<\/p>\n\n\n\n<p>En tanto, todo el cap\u00edtulo fiscal de la ley, que inclu\u00eda un aumento de retenciones a productos agr\u00edcolas e industriales, la reducci\u00f3n del impuesto a los Bienes Personales y la ampliaci\u00f3n de la base del impuesto a las Ganancias, fue retirado de la ley \u00f3mnibus, en un ejemplo de los cambios que se implementaron sobre el texto. De todas formas, el Gobierno manifest\u00f3 su voluntad de tratar estos puntos en las sesiones ordinarias del Congreso este mi\u00e9rcoles 31 de enero.<\/p>\n\n\n\n<p>Tambi\u00e9n se elimin\u00f3 la emergencia social y de defensa de las 11 iniciales. Pero se mantiene la emergencia en materia econ\u00f3mica, financiera, fiscal, previsional, de seguridad, de salud, energ\u00e9tica, administrativa y tarifaria. Todav\u00eda permanecen diferentes disposiciones, como la privatizaci\u00f3n de unas 40 empresas, el traspaso del Fondo de Garant\u00eda de Sustentabilidad (FGS) de la Anses al Tesoro y la reforma del Estado.<\/p>\n\n\n\n<p>El otro \u00edtem pol\u00e9mico que se modific\u00f3 fue el apartado por el cual se establec\u00eda que una reuni\u00f3n de tres personas en el espacio p\u00fablico pod\u00eda ser considerada una manifestaci\u00f3n. Ahora se increment\u00f3 a 30 personas.<\/p>\n\n\n\n<p>Otro de los aspectos en los que se dio marcha atr\u00e1s fue con el cambio de la f\u00f3rmula de movilidad jubilatoria y pensiones, la Asignaci\u00f3n Universal por Hijo (AUH) y la Asignaci\u00f3n por Embarazo. Originalmente se propon\u00eda suspender la f\u00f3rmula vigente (ajustada por la evoluci\u00f3n de la inflaci\u00f3n y la recaudaci\u00f3n), para habilitar ajustes discrecionales a cargo del Ejecutivo.<\/p>\n\n\n\n<p>Por otro lado, se retrotrajo de la iniciativa sobre blanqueo que planteaba que ser\u00eda gratuito para personas que declararan menos de US$100.000 con una serie de beneficios.<\/p>\n\n\n\n<figure class=\"wp-block-embed is-type-wp-embed is-provider-diario-textual wp-block-embed-diario-textual\"><div class=\"wp-block-embed__wrapper\">\n<blockquote class=\"wp-embedded-content\" data-secret=\"CimmKa5Boa\"><a href=\"https:\/\/diariotextual.com\/inicio\/index.php\/2024\/01\/29\/ziliotto-con-los-primeros-6-articulos-de-la-ley-bases-milei-podria-hacer-lo-que-quiera\/\">Ziliotto: \u201cCon los primeros 6 art\u00edculos de la Ley Bases, Milei podr\u00eda hacer lo que quiera\u201d<\/a><\/blockquote><iframe class=\"wp-embedded-content\" sandbox=\"allow-scripts\" security=\"restricted\" style=\"position: absolute; clip: rect(1px, 1px, 1px, 1px);\" title=\"\u00abZiliotto: \u201cCon los primeros 6 art\u00edculos de la Ley Bases, Milei podr\u00eda hacer lo que quiera\u201d\u00bb \u2014 Diario Textual\" src=\"https:\/\/diariotextual.com\/inicio\/index.php\/2024\/01\/29\/ziliotto-con-los-primeros-6-articulos-de-la-ley-bases-milei-podria-hacer-lo-que-quiera\/embed\/#?secret=lmsZZvVsxv#?secret=CimmKa5Boa\" data-secret=\"CimmKa5Boa\" width=\"600\" height=\"338\" frameborder=\"0\" marginwidth=\"0\" marginheight=\"0\" scrolling=\"no\"><\/iframe>\n<\/div><\/figure>\n","protected":false},"excerpt":{"rendered":"<p>Los diputados radicales que responden a Facundo Manes y Emiliano Yacobitti se encolumnaron finalmente detr\u00e1s de Rodrigo De Loredo, presidente del bloque de la UCR, y votar\u00e1n la ley \u00f3mnibus.&hellip;<\/p>\n","protected":false},"author":3,"featured_media":252014,"comment_status":"closed","ping_status":"open","sticky":false,"template":"","format":"standard","meta":{"_acf_changed":false,"footnotes":""},"categories":[8],"tags":[],"class_list":["post-252516","post","type-post","status-publish","format-standard","has-post-thumbnail","hentry","category-politica"],"acf":[],"yoast_head":"<!-- This site is optimized with the Yoast SEO plugin v27.5 - https:\/\/yoast.com\/product\/yoast-seo-wordpress\/ -->\n<title>Ley \u00f3mnibus con superpoderes: c\u00f3mo votar\u00e1n los diputados de La Pampa - Diario Textual<\/title>\n<meta name=\"robots\" content=\"index, follow, max-snippet:-1, max-image-preview:large, max-video-preview:-1\" \/>\n<link rel=\"canonical\" href=\"https:\/\/diariotextual.com\/inicio\/index.php\/2024\/01\/30\/ley-omnibus-con-superpoderes-diputados-del-pro-de-la-pampa-a-favor-pj-en-contra-y-ucr-indecisa\/\" \/>\n<meta property=\"og:locale\" content=\"es_ES\" \/>\n<meta property=\"og:type\" content=\"article\" \/>\n<meta property=\"og:title\" content=\"Ley \u00f3mnibus con superpoderes: c\u00f3mo votar\u00e1n los diputados de La Pampa - Diario Textual\" \/>\n<meta property=\"og:description\" content=\"Los diputados radicales que responden a Facundo Manes y Emiliano Yacobitti se encolumnaron finalmente detr\u00e1s de Rodrigo De Loredo, presidente del bloque de la UCR, y votar\u00e1n la ley \u00f3mnibus.&hellip;\" \/>\n<meta property=\"og:url\" content=\"https:\/\/diariotextual.com\/inicio\/index.php\/2024\/01\/30\/ley-omnibus-con-superpoderes-diputados-del-pro-de-la-pampa-a-favor-pj-en-contra-y-ucr-indecisa\/\" \/>\n<meta property=\"og:site_name\" content=\"Diario Textual\" \/>\n<meta property=\"article:publisher\" content=\"https:\/\/www.facebook.com\/eltextual\" \/>\n<meta property=\"article:published_time\" content=\"2024-01-30T13:55:00+00:00\" \/>\n<meta property=\"article:modified_time\" content=\"2024-01-30T23:13:29+00:00\" \/>\n<meta property=\"og:image\" content=\"https:\/\/diariotextual.com\/inicio\/wp-content\/uploads\/2024\/01\/paro24enerocontramilei2024-2000.jpg\" \/>\n\t<meta property=\"og:image:width\" content=\"1600\" \/>\n\t<meta property=\"og:image:height\" content=\"900\" \/>\n\t<meta property=\"og:image:type\" content=\"image\/jpeg\" \/>\n<meta name=\"author\" content=\"Diario1 Diario1\" \/>\n<meta name=\"twitter:card\" content=\"summary_large_image\" \/>\n<meta name=\"twitter:creator\" content=\"@eltextual\" \/>\n<meta name=\"twitter:site\" content=\"@eltextual\" \/>\n<meta name=\"twitter:label1\" content=\"Escrito por\" \/>\n\t<meta name=\"twitter:data1\" content=\"Diario1 Diario1\" \/>\n\t<meta name=\"twitter:label2\" content=\"Tiempo de lectura\" \/>\n\t<meta name=\"twitter:data2\" content=\"4 minutos\" \/>\n<script type=\"application\/ld+json\" class=\"yoast-schema-graph\">{\"@context\":\"https:\\\/\\\/schema.org\",\"@graph\":[{\"@type\":\"Article\",\"@id\":\"https:\\\/\\\/diariotextual.com\\\/inicio\\\/index.php\\\/2024\\\/01\\\/30\\\/ley-omnibus-con-superpoderes-diputados-del-pro-de-la-pampa-a-favor-pj-en-contra-y-ucr-indecisa\\\/#article\",\"isPartOf\":{\"@id\":\"https:\\\/\\\/diariotextual.com\\\/inicio\\\/index.php\\\/2024\\\/01\\\/30\\\/ley-omnibus-con-superpoderes-diputados-del-pro-de-la-pampa-a-favor-pj-en-contra-y-ucr-indecisa\\\/\"},\"author\":{\"name\":\"Diario1 Diario1\",\"@id\":\"https:\\\/\\\/diariotextual.com\\\/inicio\\\/#\\\/schema\\\/person\\\/418fc4093c33e86ed41562db3508f958\"},\"headline\":\"Ley \u00f3mnibus con superpoderes: c\u00f3mo votar\u00e1n los diputados de La Pampa\",\"datePublished\":\"2024-01-30T13:55:00+00:00\",\"dateModified\":\"2024-01-30T23:13:29+00:00\",\"mainEntityOfPage\":{\"@id\":\"https:\\\/\\\/diariotextual.com\\\/inicio\\\/index.php\\\/2024\\\/01\\\/30\\\/ley-omnibus-con-superpoderes-diputados-del-pro-de-la-pampa-a-favor-pj-en-contra-y-ucr-indecisa\\\/\"},\"wordCount\":772,\"publisher\":{\"@id\":\"https:\\\/\\\/diariotextual.com\\\/inicio\\\/#organization\"},\"image\":{\"@id\":\"https:\\\/\\\/diariotextual.com\\\/inicio\\\/index.php\\\/2024\\\/01\\\/30\\\/ley-omnibus-con-superpoderes-diputados-del-pro-de-la-pampa-a-favor-pj-en-contra-y-ucr-indecisa\\\/#primaryimage\"},\"thumbnailUrl\":\"https:\\\/\\\/diariotextual.com\\\/inicio\\\/wp-content\\\/uploads\\\/2024\\\/01\\\/paro24enerocontramilei2024-2000.jpg\",\"articleSection\":[\"POLITICA\"],\"inLanguage\":\"es\"},{\"@type\":\"WebPage\",\"@id\":\"https:\\\/\\\/diariotextual.com\\\/inicio\\\/index.php\\\/2024\\\/01\\\/30\\\/ley-omnibus-con-superpoderes-diputados-del-pro-de-la-pampa-a-favor-pj-en-contra-y-ucr-indecisa\\\/\",\"url\":\"https:\\\/\\\/diariotextual.com\\\/inicio\\\/index.php\\\/2024\\\/01\\\/30\\\/ley-omnibus-con-superpoderes-diputados-del-pro-de-la-pampa-a-favor-pj-en-contra-y-ucr-indecisa\\\/\",\"name\":\"Ley \u00f3mnibus con superpoderes: c\u00f3mo votar\u00e1n los diputados de La Pampa - Diario Textual\",\"isPartOf\":{\"@id\":\"https:\\\/\\\/diariotextual.com\\\/inicio\\\/#website\"},\"primaryImageOfPage\":{\"@id\":\"https:\\\/\\\/diariotextual.com\\\/inicio\\\/index.php\\\/2024\\\/01\\\/30\\\/ley-omnibus-con-superpoderes-diputados-del-pro-de-la-pampa-a-favor-pj-en-contra-y-ucr-indecisa\\\/#primaryimage\"},\"image\":{\"@id\":\"https:\\\/\\\/diariotextual.com\\\/inicio\\\/index.php\\\/2024\\\/01\\\/30\\\/ley-omnibus-con-superpoderes-diputados-del-pro-de-la-pampa-a-favor-pj-en-contra-y-ucr-indecisa\\\/#primaryimage\"},\"thumbnailUrl\":\"https:\\\/\\\/diariotextual.com\\\/inicio\\\/wp-content\\\/uploads\\\/2024\\\/01\\\/paro24enerocontramilei2024-2000.jpg\",\"datePublished\":\"2024-01-30T13:55:00+00:00\",\"dateModified\":\"2024-01-30T23:13:29+00:00\",\"breadcrumb\":{\"@id\":\"https:\\\/\\\/diariotextual.com\\\/inicio\\\/index.php\\\/2024\\\/01\\\/30\\\/ley-omnibus-con-superpoderes-diputados-del-pro-de-la-pampa-a-favor-pj-en-contra-y-ucr-indecisa\\\/#breadcrumb\"},\"inLanguage\":\"es\",\"potentialAction\":[{\"@type\":\"ReadAction\",\"target\":[\"https:\\\/\\\/diariotextual.com\\\/inicio\\\/index.php\\\/2024\\\/01\\\/30\\\/ley-omnibus-con-superpoderes-diputados-del-pro-de-la-pampa-a-favor-pj-en-contra-y-ucr-indecisa\\\/\"]}]},{\"@type\":\"ImageObject\",\"inLanguage\":\"es\",\"@id\":\"https:\\\/\\\/diariotextual.com\\\/inicio\\\/index.php\\\/2024\\\/01\\\/30\\\/ley-omnibus-con-superpoderes-diputados-del-pro-de-la-pampa-a-favor-pj-en-contra-y-ucr-indecisa\\\/#primaryimage\",\"url\":\"https:\\\/\\\/diariotextual.com\\\/inicio\\\/wp-content\\\/uploads\\\/2024\\\/01\\\/paro24enerocontramilei2024-2000.jpg\",\"contentUrl\":\"https:\\\/\\\/diariotextual.com\\\/inicio\\\/wp-content\\\/uploads\\\/2024\\\/01\\\/paro24enerocontramilei2024-2000.jpg\",\"width\":1600,\"height\":900},{\"@type\":\"BreadcrumbList\",\"@id\":\"https:\\\/\\\/diariotextual.com\\\/inicio\\\/index.php\\\/2024\\\/01\\\/30\\\/ley-omnibus-con-superpoderes-diputados-del-pro-de-la-pampa-a-favor-pj-en-contra-y-ucr-indecisa\\\/#breadcrumb\",\"itemListElement\":[{\"@type\":\"ListItem\",\"position\":1,\"name\":\"Portada\",\"item\":\"https:\\\/\\\/diariotextual.com\\\/inicio\\\/\"},{\"@type\":\"ListItem\",\"position\":2,\"name\":\"Ley \u00f3mnibus con superpoderes: c\u00f3mo votar\u00e1n los diputados de La Pampa\"}]},{\"@type\":\"WebSite\",\"@id\":\"https:\\\/\\\/diariotextual.com\\\/inicio\\\/#website\",\"url\":\"https:\\\/\\\/diariotextual.com\\\/inicio\\\/\",\"name\":\"Diario Textual\",\"description\":\"\",\"publisher\":{\"@id\":\"https:\\\/\\\/diariotextual.com\\\/inicio\\\/#organization\"},\"potentialAction\":[{\"@type\":\"SearchAction\",\"target\":{\"@type\":\"EntryPoint\",\"urlTemplate\":\"https:\\\/\\\/diariotextual.com\\\/inicio\\\/?s={search_term_string}\"},\"query-input\":{\"@type\":\"PropertyValueSpecification\",\"valueRequired\":true,\"valueName\":\"search_term_string\"}}],\"inLanguage\":\"es\"},{\"@type\":\"Organization\",\"@id\":\"https:\\\/\\\/diariotextual.com\\\/inicio\\\/#organization\",\"name\":\"Diario Textual\",\"url\":\"https:\\\/\\\/diariotextual.com\\\/inicio\\\/\",\"logo\":{\"@type\":\"ImageObject\",\"inLanguage\":\"es\",\"@id\":\"https:\\\/\\\/diariotextual.com\\\/inicio\\\/#\\\/schema\\\/logo\\\/image\\\/\",\"url\":\"https:\\\/\\\/diariotextual.com\\\/inicio\\\/wp-content\\\/uploads\\\/2023\\\/05\\\/logotextual1.jpg\",\"contentUrl\":\"https:\\\/\\\/diariotextual.com\\\/inicio\\\/wp-content\\\/uploads\\\/2023\\\/05\\\/logotextual1.jpg\",\"width\":516,\"height\":76,\"caption\":\"Diario Textual\"},\"image\":{\"@id\":\"https:\\\/\\\/diariotextual.com\\\/inicio\\\/#\\\/schema\\\/logo\\\/image\\\/\"},\"sameAs\":[\"https:\\\/\\\/www.facebook.com\\\/eltextual\",\"https:\\\/\\\/x.com\\\/eltextual\",\"http:\\\/\\\/www.instagram.com\\\/eltextual\"]},{\"@type\":\"Person\",\"@id\":\"https:\\\/\\\/diariotextual.com\\\/inicio\\\/#\\\/schema\\\/person\\\/418fc4093c33e86ed41562db3508f958\",\"name\":\"Diario1 Diario1\",\"image\":{\"@type\":\"ImageObject\",\"inLanguage\":\"es\",\"@id\":\"https:\\\/\\\/secure.gravatar.com\\\/avatar\\\/9167d280179c85bc18be67aa7eda765854300033af4896dd779b608640f2ef7a?s=96&d=mm&r=g\",\"url\":\"https:\\\/\\\/secure.gravatar.com\\\/avatar\\\/9167d280179c85bc18be67aa7eda765854300033af4896dd779b608640f2ef7a?s=96&d=mm&r=g\",\"contentUrl\":\"https:\\\/\\\/secure.gravatar.com\\\/avatar\\\/9167d280179c85bc18be67aa7eda765854300033af4896dd779b608640f2ef7a?s=96&d=mm&r=g\",\"caption\":\"Diario1 Diario1\"},\"url\":\"https:\\\/\\\/diariotextual.com\\\/inicio\\\/index.php\\\/author\\\/diario1\\\/\"}]}<\/script>\n<!-- \/ Yoast SEO plugin. -->","yoast_head_json":{"title":"Ley \u00f3mnibus con superpoderes: c\u00f3mo votar\u00e1n los diputados de La Pampa - Diario Textual","robots":{"index":"index","follow":"follow","max-snippet":"max-snippet:-1","max-image-preview":"max-image-preview:large","max-video-preview":"max-video-preview:-1"},"canonical":"https:\/\/diariotextual.com\/inicio\/index.php\/2024\/01\/30\/ley-omnibus-con-superpoderes-diputados-del-pro-de-la-pampa-a-favor-pj-en-contra-y-ucr-indecisa\/","og_locale":"es_ES","og_type":"article","og_title":"Ley \u00f3mnibus con superpoderes: c\u00f3mo votar\u00e1n los diputados de La Pampa - Diario Textual","og_description":"Los diputados radicales que responden a Facundo Manes y Emiliano Yacobitti se encolumnaron finalmente detr\u00e1s de Rodrigo De Loredo, presidente del bloque de la UCR, y votar\u00e1n la ley \u00f3mnibus.&hellip;","og_url":"https:\/\/diariotextual.com\/inicio\/index.php\/2024\/01\/30\/ley-omnibus-con-superpoderes-diputados-del-pro-de-la-pampa-a-favor-pj-en-contra-y-ucr-indecisa\/","og_site_name":"Diario Textual","article_publisher":"https:\/\/www.facebook.com\/eltextual","article_published_time":"2024-01-30T13:55:00+00:00","article_modified_time":"2024-01-30T23:13:29+00:00","og_image":[{"width":1600,"height":900,"url":"https:\/\/diariotextual.com\/inicio\/wp-content\/uploads\/2024\/01\/paro24enerocontramilei2024-2000.jpg","type":"image\/jpeg"}],"author":"Diario1 Diario1","twitter_card":"summary_large_image","twitter_creator":"@eltextual","twitter_site":"@eltextual","twitter_misc":{"Escrito por":"Diario1 Diario1","Tiempo de lectura":"4 minutos"},"schema":{"@context":"https:\/\/schema.org","@graph":[{"@type":"Article","@id":"https:\/\/diariotextual.com\/inicio\/index.php\/2024\/01\/30\/ley-omnibus-con-superpoderes-diputados-del-pro-de-la-pampa-a-favor-pj-en-contra-y-ucr-indecisa\/#article","isPartOf":{"@id":"https:\/\/diariotextual.com\/inicio\/index.php\/2024\/01\/30\/ley-omnibus-con-superpoderes-diputados-del-pro-de-la-pampa-a-favor-pj-en-contra-y-ucr-indecisa\/"},"author":{"name":"Diario1 Diario1","@id":"https:\/\/diariotextual.com\/inicio\/#\/schema\/person\/418fc4093c33e86ed41562db3508f958"},"headline":"Ley \u00f3mnibus con superpoderes: c\u00f3mo votar\u00e1n los diputados de La Pampa","datePublished":"2024-01-30T13:55:00+00:00","dateModified":"2024-01-30T23:13:29+00:00","mainEntityOfPage":{"@id":"https:\/\/diariotextual.com\/inicio\/index.php\/2024\/01\/30\/ley-omnibus-con-superpoderes-diputados-del-pro-de-la-pampa-a-favor-pj-en-contra-y-ucr-indecisa\/"},"wordCount":772,"publisher":{"@id":"https:\/\/diariotextual.com\/inicio\/#organization"},"image":{"@id":"https:\/\/diariotextual.com\/inicio\/index.php\/2024\/01\/30\/ley-omnibus-con-superpoderes-diputados-del-pro-de-la-pampa-a-favor-pj-en-contra-y-ucr-indecisa\/#primaryimage"},"thumbnailUrl":"https:\/\/diariotextual.com\/inicio\/wp-content\/uploads\/2024\/01\/paro24enerocontramilei2024-2000.jpg","articleSection":["POLITICA"],"inLanguage":"es"},{"@type":"WebPage","@id":"https:\/\/diariotextual.com\/inicio\/index.php\/2024\/01\/30\/ley-omnibus-con-superpoderes-diputados-del-pro-de-la-pampa-a-favor-pj-en-contra-y-ucr-indecisa\/","url":"https:\/\/diariotextual.com\/inicio\/index.php\/2024\/01\/30\/ley-omnibus-con-superpoderes-diputados-del-pro-de-la-pampa-a-favor-pj-en-contra-y-ucr-indecisa\/","name":"Ley \u00f3mnibus con superpoderes: c\u00f3mo votar\u00e1n los diputados de La Pampa - Diario Textual","isPartOf":{"@id":"https:\/\/diariotextual.com\/inicio\/#website"},"primaryImageOfPage":{"@id":"https:\/\/diariotextual.com\/inicio\/index.php\/2024\/01\/30\/ley-omnibus-con-superpoderes-diputados-del-pro-de-la-pampa-a-favor-pj-en-contra-y-ucr-indecisa\/#primaryimage"},"image":{"@id":"https:\/\/diariotextual.com\/inicio\/index.php\/2024\/01\/30\/ley-omnibus-con-superpoderes-diputados-del-pro-de-la-pampa-a-favor-pj-en-contra-y-ucr-indecisa\/#primaryimage"},"thumbnailUrl":"https:\/\/diariotextual.com\/inicio\/wp-content\/uploads\/2024\/01\/paro24enerocontramilei2024-2000.jpg","datePublished":"2024-01-30T13:55:00+00:00","dateModified":"2024-01-30T23:13:29+00:00","breadcrumb":{"@id":"https:\/\/diariotextual.com\/inicio\/index.php\/2024\/01\/30\/ley-omnibus-con-superpoderes-diputados-del-pro-de-la-pampa-a-favor-pj-en-contra-y-ucr-indecisa\/#breadcrumb"},"inLanguage":"es","potentialAction":[{"@type":"ReadAction","target":["https:\/\/diariotextual.com\/inicio\/index.php\/2024\/01\/30\/ley-omnibus-con-superpoderes-diputados-del-pro-de-la-pampa-a-favor-pj-en-contra-y-ucr-indecisa\/"]}]},{"@type":"ImageObject","inLanguage":"es","@id":"https:\/\/diariotextual.com\/inicio\/index.php\/2024\/01\/30\/ley-omnibus-con-superpoderes-diputados-del-pro-de-la-pampa-a-favor-pj-en-contra-y-ucr-indecisa\/#primaryimage","url":"https:\/\/diariotextual.com\/inicio\/wp-content\/uploads\/2024\/01\/paro24enerocontramilei2024-2000.jpg","contentUrl":"https:\/\/diariotextual.com\/inicio\/wp-content\/uploads\/2024\/01\/paro24enerocontramilei2024-2000.jpg","width":1600,"height":900},{"@type":"BreadcrumbList","@id":"https:\/\/diariotextual.com\/inicio\/index.php\/2024\/01\/30\/ley-omnibus-con-superpoderes-diputados-del-pro-de-la-pampa-a-favor-pj-en-contra-y-ucr-indecisa\/#breadcrumb","itemListElement":[{"@type":"ListItem","position":1,"name":"Portada","item":"https:\/\/diariotextual.com\/inicio\/"},{"@type":"ListItem","position":2,"name":"Ley \u00f3mnibus con superpoderes: c\u00f3mo votar\u00e1n los diputados de La Pampa"}]},{"@type":"WebSite","@id":"https:\/\/diariotextual.com\/inicio\/#website","url":"https:\/\/diariotextual.com\/inicio\/","name":"Diario Textual","description":"","publisher":{"@id":"https:\/\/diariotextual.com\/inicio\/#organization"},"potentialAction":[{"@type":"SearchAction","target":{"@type":"EntryPoint","urlTemplate":"https:\/\/diariotextual.com\/inicio\/?s={search_term_string}"},"query-input":{"@type":"PropertyValueSpecification","valueRequired":true,"valueName":"search_term_string"}}],"inLanguage":"es"},{"@type":"Organization","@id":"https:\/\/diariotextual.com\/inicio\/#organization","name":"Diario Textual","url":"https:\/\/diariotextual.com\/inicio\/","logo":{"@type":"ImageObject","inLanguage":"es","@id":"https:\/\/diariotextual.com\/inicio\/#\/schema\/logo\/image\/","url":"https:\/\/diariotextual.com\/inicio\/wp-content\/uploads\/2023\/05\/logotextual1.jpg","contentUrl":"https:\/\/diariotextual.com\/inicio\/wp-content\/uploads\/2023\/05\/logotextual1.jpg","width":516,"height":76,"caption":"Diario Textual"},"image":{"@id":"https:\/\/diariotextual.com\/inicio\/#\/schema\/logo\/image\/"},"sameAs":["https:\/\/www.facebook.com\/eltextual","https:\/\/x.com\/eltextual","http:\/\/www.instagram.com\/eltextual"]},{"@type":"Person","@id":"https:\/\/diariotextual.com\/inicio\/#\/schema\/person\/418fc4093c33e86ed41562db3508f958","name":"Diario1 Diario1","image":{"@type":"ImageObject","inLanguage":"es","@id":"https:\/\/secure.gravatar.com\/avatar\/9167d280179c85bc18be67aa7eda765854300033af4896dd779b608640f2ef7a?s=96&d=mm&r=g","url":"https:\/\/secure.gravatar.com\/avatar\/9167d280179c85bc18be67aa7eda765854300033af4896dd779b608640f2ef7a?s=96&d=mm&r=g","contentUrl":"https:\/\/secure.gravatar.com\/avatar\/9167d280179c85bc18be67aa7eda765854300033af4896dd779b608640f2ef7a?s=96&d=mm&r=g","caption":"Diario1 Diario1"},"url":"https:\/\/diariotextual.com\/inicio\/index.php\/author\/diario1\/"}]}},"_links":{"self":[{"href":"https:\/\/diariotextual.com\/inicio\/index.php\/wp-json\/wp\/v2\/posts\/252516","targetHints":{"allow":["GET"]}}],"collection":[{"href":"https:\/\/diariotextual.com\/inicio\/index.php\/wp-json\/wp\/v2\/posts"}],"about":[{"href":"https:\/\/diariotextual.com\/inicio\/index.php\/wp-json\/wp\/v2\/types\/post"}],"author":[{"embeddable":true,"href":"https:\/\/diariotextual.com\/inicio\/index.php\/wp-json\/wp\/v2\/users\/3"}],"replies":[{"embeddable":true,"href":"https:\/\/diariotextual.com\/inicio\/index.php\/wp-json\/wp\/v2\/comments?post=252516"}],"version-history":[{"count":3,"href":"https:\/\/diariotextual.com\/inicio\/index.php\/wp-json\/wp\/v2\/posts\/252516\/revisions"}],"predecessor-version":[{"id":252613,"href":"https:\/\/diariotextual.com\/inicio\/index.php\/wp-json\/wp\/v2\/posts\/252516\/revisions\/252613"}],"wp:featuredmedia":[{"embeddable":true,"href":"https:\/\/diariotextual.com\/inicio\/index.php\/wp-json\/wp\/v2\/media\/252014"}],"wp:attachment":[{"href":"https:\/\/diariotextual.com\/inicio\/index.php\/wp-json\/wp\/v2\/media?parent=252516"}],"wp:term":[{"taxonomy":"category","embeddable":true,"href":"https:\/\/diariotextual.com\/inicio\/index.php\/wp-json\/wp\/v2\/categories?post=252516"},{"taxonomy":"post_tag","embeddable":true,"href":"https:\/\/diariotextual.com\/inicio\/index.php\/wp-json\/wp\/v2\/tags?post=252516"}],"curies":[{"name":"wp","href":"https:\/\/api.w.org\/{rel}","templated":true}]}}