{"id":252517,"date":"2024-01-31T04:24:03","date_gmt":"2024-01-31T07:24:03","guid":{"rendered":"https:\/\/diariotextual.com\/inicio\/?p=252517"},"modified":"2024-01-31T09:51:24","modified_gmt":"2024-01-31T12:51:24","slug":"provincia-hace-hoy-oferta-salarial-a-estatales-y-admite-que-no-igualara-la-inflacion-de-2023","status":"publish","type":"post","link":"https:\/\/diariotextual.com\/inicio\/index.php\/2024\/01\/31\/provincia-hace-hoy-oferta-salarial-a-estatales-y-admite-que-no-igualara-la-inflacion-de-2023\/","title":{"rendered":"Pauta salarial: el Gobierno propuso un aumento del 10% general y un 15% al sueldo m\u00ednimo"},"content":{"rendered":"\n<p><strong>En el marco de la paritaria provincial, el Gobierno provincial inform\u00f3 este mi\u00e9rcoles a los gremios estatales que dispuso un aumento del 10% de los salarios a partir del 1\u00b0 de enero sobre las escales de diciembre, en tanto que aplicar\u00e1 un 15% sobre el haber m\u00ednimo garantizado. Los sindicatos rechazaron la propuesta: la calificaron de inaceptable<\/strong>&nbsp;porque pretend\u00edan un incremento de aproximadamente el 40% para igualar la inflaci\u00f3n de 2023.<\/p>\n\n\n\n<p>En general, se estableci\u00f3 un incremento del 10 % para el personal activo. El aumento incluye a jubilados y pensionados del Instituto de Seguridad Social (ISS). El Gobierno provincial dispuso, adem\u00e1s, un 200% de aumento en la Ayuda Escolar respecto de 2023, por lo que por cada hijo o hija percibir\u00e1n $90.000. A su vez, en concepto de material did\u00e1ctico para docentes el incremento tambi\u00e9n ser\u00e1 del 200 % sobre lo percibido en 2023, lo que ubicar\u00e1 la primera de las dos cuotas anuales en $130.632.<\/p>\n\n\n\n<div style=\"height:100px\" aria-hidden=\"true\" class=\"wp-block-spacer\"><\/div>\n\n\n\n<p><strong>Monto a erogar y fechas de pago<\/strong><\/p>\n\n\n\n<p>El Gobierno provincial erogar\u00e1 de las arcas p\u00fablicas $4.850 millones para hacer frente a los aumentos dispuestos.<\/p>\n\n\n\n<p><br>Todos los conceptos antes mencionados, vinculados a salarios y adicionales de personal en actividad, &nbsp;ser\u00e1n abonados en la liquidaci\u00f3n complementaria del mes de enero de 2024, espec\u00edficamente el d\u00eda 15 de febrero.<\/p>\n\n\n\n<p><br>Los haberes jubilatorios con el aumento establecido ser\u00e1n liquidados el d\u00eda 23 de febrero pr\u00f3ximo.<\/p>\n\n\n\n<div style=\"height:100px\" aria-hidden=\"true\" class=\"wp-block-spacer\"><\/div>\n\n\n\n<p><strong>Asistencia a municipios<\/strong><\/p>\n\n\n\n<p>En virtud de la baja de la baja registrada en la coparticipaci\u00f3n nacional y la incidencia negativa que esta merma tiene en las finanzas municipales, el Poder Ejecutivo resolvi\u00f3&nbsp;que los municipios y las comisiones de fomento que lo soliciten acceder\u00e1n a $50.000 por cada agente registrado en el ISS.<\/p>\n\n\n\n<p>El Gobierno aclar\u00f3 que estos fondos tendr\u00e1n afectaci\u00f3n espec\u00edfica del pago de salarios.<\/p>\n\n\n\n<p>Casa de Gobierno, ante una consulta de Diario Textual, comunic\u00f3 que es un monto no reintegrable y solo por este mes para los municipios que adhieran al aumento que dispuso la Provincia.<\/p>\n\n\n\n<div style=\"height:100px\" aria-hidden=\"true\" class=\"wp-block-spacer\"><\/div>\n\n\n\n<p><strong>Descuentos BLP<\/strong><\/p>\n\n\n\n<p>Con el fin de no afectar m\u00e1s el poder adquisitivo de los agentes p\u00fablicos y el personal pasivo, ya mermados por las decisiones instrumentadas por el gobierno nacional, se decidi\u00f3 que el pago de la liquidaci\u00f3n complementaria no sufrir\u00e1 los descuentos autom\u00e1ticos vinculados con cuotas o servicios del banco p\u00fablico provincial.<\/p>\n\n\n\n<figure class=\"wp-block-embed is-type-wp-embed is-provider-diario-textual wp-block-embed-diario-textual\"><div class=\"wp-block-embed__wrapper\">\n<blockquote class=\"wp-embedded-content\" data-secret=\"RCkdaWDcYP\"><a href=\"https:\/\/diariotextual.com\/inicio\/index.php\/2024\/01\/31\/coparticipacion-de-impuestos-la-pampa-perdio-ingresos-por-4400-millones-en-enero\/\">Coparticipaci\u00f3n de impuestos: La Pampa perdi\u00f3 ingresos por $4400 millones en enero<\/a><\/blockquote><iframe class=\"wp-embedded-content\" sandbox=\"allow-scripts\" security=\"restricted\" style=\"position: absolute; clip: rect(1px, 1px, 1px, 1px);\" title=\"\u00abCoparticipaci\u00f3n de impuestos: La Pampa perdi\u00f3 ingresos por $4400 millones en enero\u00bb \u2014 Diario Textual\" src=\"https:\/\/diariotextual.com\/inicio\/index.php\/2024\/01\/31\/coparticipacion-de-impuestos-la-pampa-perdio-ingresos-por-4400-millones-en-enero\/embed\/#?secret=KYtGExn7Lv#?secret=RCkdaWDcYP\" data-secret=\"RCkdaWDcYP\" width=\"600\" height=\"338\" frameborder=\"0\" marginwidth=\"0\" marginheight=\"0\" scrolling=\"no\"><\/iframe>\n<\/div><\/figure>\n","protected":false},"excerpt":{"rendered":"<p>En el marco de la paritaria provincial, el Gobierno provincial inform\u00f3 este mi\u00e9rcoles a los gremios estatales que dispuso un aumento del 10% de los salarios a partir del 1\u00b0&hellip;<\/p>\n","protected":false},"author":7,"featured_media":83726,"comment_status":"closed","ping_status":"open","sticky":false,"template":"","format":"standard","meta":{"_acf_changed":false,"footnotes":""},"categories":[8],"tags":[],"class_list":["post-252517","post","type-post","status-publish","format-standard","has-post-thumbnail","hentry","category-politica"],"acf":[],"yoast_head":"<!-- This site is optimized with the Yoast SEO plugin v27.5 - https:\/\/yoast.com\/product\/yoast-seo-wordpress\/ -->\n<title>Pauta salarial: el Gobierno propuso un aumento del 10% general y un 15% al sueldo m\u00ednimo - Diario Textual<\/title>\n<meta name=\"robots\" content=\"index, follow, max-snippet:-1, max-image-preview:large, max-video-preview:-1\" \/>\n<link rel=\"canonical\" href=\"https:\/\/diariotextual.com\/inicio\/index.php\/2024\/01\/31\/provincia-hace-hoy-oferta-salarial-a-estatales-y-admite-que-no-igualara-la-inflacion-de-2023\/\" \/>\n<meta property=\"og:locale\" content=\"es_ES\" \/>\n<meta property=\"og:type\" content=\"article\" \/>\n<meta property=\"og:title\" content=\"Pauta salarial: el Gobierno propuso un aumento del 10% general y un 15% al sueldo m\u00ednimo - Diario Textual\" \/>\n<meta property=\"og:description\" content=\"En el marco de la paritaria provincial, el Gobierno provincial inform\u00f3 este mi\u00e9rcoles a los gremios estatales que dispuso un aumento del 10% de los salarios a partir del 1\u00b0&hellip;\" \/>\n<meta property=\"og:url\" content=\"https:\/\/diariotextual.com\/inicio\/index.php\/2024\/01\/31\/provincia-hace-hoy-oferta-salarial-a-estatales-y-admite-que-no-igualara-la-inflacion-de-2023\/\" \/>\n<meta property=\"og:site_name\" content=\"Diario Textual\" \/>\n<meta property=\"article:publisher\" content=\"https:\/\/www.facebook.com\/eltextual\" \/>\n<meta property=\"article:published_time\" content=\"2024-01-31T07:24:03+00:00\" \/>\n<meta property=\"article:modified_time\" content=\"2024-01-31T12:51:24+00:00\" \/>\n<meta property=\"og:image\" content=\"https:\/\/diariotextual.com\/inicio\/wp-content\/uploads\/2020\/03\/casadegobiernolapamp2020-300-1.jpg\" \/>\n\t<meta property=\"og:image:width\" content=\"1015\" \/>\n\t<meta property=\"og:image:height\" content=\"699\" \/>\n\t<meta property=\"og:image:type\" content=\"image\/jpeg\" \/>\n<meta name=\"author\" content=\"diario5\" \/>\n<meta name=\"twitter:card\" content=\"summary_large_image\" \/>\n<meta name=\"twitter:creator\" content=\"@eltextual\" \/>\n<meta name=\"twitter:site\" content=\"@eltextual\" \/>\n<meta name=\"twitter:label1\" content=\"Escrito por\" \/>\n\t<meta name=\"twitter:data1\" content=\"diario5\" \/>\n\t<meta name=\"twitter:label2\" content=\"Tiempo de lectura\" \/>\n\t<meta name=\"twitter:data2\" content=\"2 minutos\" \/>\n<script type=\"application\/ld+json\" class=\"yoast-schema-graph\">{\"@context\":\"https:\\\/\\\/schema.org\",\"@graph\":[{\"@type\":\"Article\",\"@id\":\"https:\\\/\\\/diariotextual.com\\\/inicio\\\/index.php\\\/2024\\\/01\\\/31\\\/provincia-hace-hoy-oferta-salarial-a-estatales-y-admite-que-no-igualara-la-inflacion-de-2023\\\/#article\",\"isPartOf\":{\"@id\":\"https:\\\/\\\/diariotextual.com\\\/inicio\\\/index.php\\\/2024\\\/01\\\/31\\\/provincia-hace-hoy-oferta-salarial-a-estatales-y-admite-que-no-igualara-la-inflacion-de-2023\\\/\"},\"author\":{\"name\":\"diario5\",\"@id\":\"https:\\\/\\\/diariotextual.com\\\/inicio\\\/#\\\/schema\\\/person\\\/c7834961ad8b29b1d9cdbf4571299067\"},\"headline\":\"Pauta salarial: el Gobierno propuso un aumento del 10% general y un 15% al sueldo m\u00ednimo\",\"datePublished\":\"2024-01-31T07:24:03+00:00\",\"dateModified\":\"2024-01-31T12:51:24+00:00\",\"mainEntityOfPage\":{\"@id\":\"https:\\\/\\\/diariotextual.com\\\/inicio\\\/index.php\\\/2024\\\/01\\\/31\\\/provincia-hace-hoy-oferta-salarial-a-estatales-y-admite-que-no-igualara-la-inflacion-de-2023\\\/\"},\"wordCount\":412,\"publisher\":{\"@id\":\"https:\\\/\\\/diariotextual.com\\\/inicio\\\/#organization\"},\"image\":{\"@id\":\"https:\\\/\\\/diariotextual.com\\\/inicio\\\/index.php\\\/2024\\\/01\\\/31\\\/provincia-hace-hoy-oferta-salarial-a-estatales-y-admite-que-no-igualara-la-inflacion-de-2023\\\/#primaryimage\"},\"thumbnailUrl\":\"https:\\\/\\\/diariotextual.com\\\/inicio\\\/wp-content\\\/uploads\\\/2020\\\/03\\\/casadegobiernolapamp2020-300-1.jpg\",\"articleSection\":[\"POLITICA\"],\"inLanguage\":\"es\"},{\"@type\":\"WebPage\",\"@id\":\"https:\\\/\\\/diariotextual.com\\\/inicio\\\/index.php\\\/2024\\\/01\\\/31\\\/provincia-hace-hoy-oferta-salarial-a-estatales-y-admite-que-no-igualara-la-inflacion-de-2023\\\/\",\"url\":\"https:\\\/\\\/diariotextual.com\\\/inicio\\\/index.php\\\/2024\\\/01\\\/31\\\/provincia-hace-hoy-oferta-salarial-a-estatales-y-admite-que-no-igualara-la-inflacion-de-2023\\\/\",\"name\":\"Pauta salarial: el Gobierno propuso un aumento del 10% general y un 15% al sueldo m\u00ednimo - Diario Textual\",\"isPartOf\":{\"@id\":\"https:\\\/\\\/diariotextual.com\\\/inicio\\\/#website\"},\"primaryImageOfPage\":{\"@id\":\"https:\\\/\\\/diariotextual.com\\\/inicio\\\/index.php\\\/2024\\\/01\\\/31\\\/provincia-hace-hoy-oferta-salarial-a-estatales-y-admite-que-no-igualara-la-inflacion-de-2023\\\/#primaryimage\"},\"image\":{\"@id\":\"https:\\\/\\\/diariotextual.com\\\/inicio\\\/index.php\\\/2024\\\/01\\\/31\\\/provincia-hace-hoy-oferta-salarial-a-estatales-y-admite-que-no-igualara-la-inflacion-de-2023\\\/#primaryimage\"},\"thumbnailUrl\":\"https:\\\/\\\/diariotextual.com\\\/inicio\\\/wp-content\\\/uploads\\\/2020\\\/03\\\/casadegobiernolapamp2020-300-1.jpg\",\"datePublished\":\"2024-01-31T07:24:03+00:00\",\"dateModified\":\"2024-01-31T12:51:24+00:00\",\"breadcrumb\":{\"@id\":\"https:\\\/\\\/diariotextual.com\\\/inicio\\\/index.php\\\/2024\\\/01\\\/31\\\/provincia-hace-hoy-oferta-salarial-a-estatales-y-admite-que-no-igualara-la-inflacion-de-2023\\\/#breadcrumb\"},\"inLanguage\":\"es\",\"potentialAction\":[{\"@type\":\"ReadAction\",\"target\":[\"https:\\\/\\\/diariotextual.com\\\/inicio\\\/index.php\\\/2024\\\/01\\\/31\\\/provincia-hace-hoy-oferta-salarial-a-estatales-y-admite-que-no-igualara-la-inflacion-de-2023\\\/\"]}]},{\"@type\":\"ImageObject\",\"inLanguage\":\"es\",\"@id\":\"https:\\\/\\\/diariotextual.com\\\/inicio\\\/index.php\\\/2024\\\/01\\\/31\\\/provincia-hace-hoy-oferta-salarial-a-estatales-y-admite-que-no-igualara-la-inflacion-de-2023\\\/#primaryimage\",\"url\":\"https:\\\/\\\/diariotextual.com\\\/inicio\\\/wp-content\\\/uploads\\\/2020\\\/03\\\/casadegobiernolapamp2020-300-1.jpg\",\"contentUrl\":\"https:\\\/\\\/diariotextual.com\\\/inicio\\\/wp-content\\\/uploads\\\/2020\\\/03\\\/casadegobiernolapamp2020-300-1.jpg\",\"width\":1015,\"height\":699},{\"@type\":\"BreadcrumbList\",\"@id\":\"https:\\\/\\\/diariotextual.com\\\/inicio\\\/index.php\\\/2024\\\/01\\\/31\\\/provincia-hace-hoy-oferta-salarial-a-estatales-y-admite-que-no-igualara-la-inflacion-de-2023\\\/#breadcrumb\",\"itemListElement\":[{\"@type\":\"ListItem\",\"position\":1,\"name\":\"Portada\",\"item\":\"https:\\\/\\\/diariotextual.com\\\/inicio\\\/\"},{\"@type\":\"ListItem\",\"position\":2,\"name\":\"Pauta salarial: el Gobierno propuso un aumento del 10% general y un 15% al sueldo m\u00ednimo\"}]},{\"@type\":\"WebSite\",\"@id\":\"https:\\\/\\\/diariotextual.com\\\/inicio\\\/#website\",\"url\":\"https:\\\/\\\/diariotextual.com\\\/inicio\\\/\",\"name\":\"Diario Textual\",\"description\":\"\",\"publisher\":{\"@id\":\"https:\\\/\\\/diariotextual.com\\\/inicio\\\/#organization\"},\"potentialAction\":[{\"@type\":\"SearchAction\",\"target\":{\"@type\":\"EntryPoint\",\"urlTemplate\":\"https:\\\/\\\/diariotextual.com\\\/inicio\\\/?s={search_term_string}\"},\"query-input\":{\"@type\":\"PropertyValueSpecification\",\"valueRequired\":true,\"valueName\":\"search_term_string\"}}],\"inLanguage\":\"es\"},{\"@type\":\"Organization\",\"@id\":\"https:\\\/\\\/diariotextual.com\\\/inicio\\\/#organization\",\"name\":\"Diario Textual\",\"url\":\"https:\\\/\\\/diariotextual.com\\\/inicio\\\/\",\"logo\":{\"@type\":\"ImageObject\",\"inLanguage\":\"es\",\"@id\":\"https:\\\/\\\/diariotextual.com\\\/inicio\\\/#\\\/schema\\\/logo\\\/image\\\/\",\"url\":\"https:\\\/\\\/diariotextual.com\\\/inicio\\\/wp-content\\\/uploads\\\/2023\\\/05\\\/logotextual1.jpg\",\"contentUrl\":\"https:\\\/\\\/diariotextual.com\\\/inicio\\\/wp-content\\\/uploads\\\/2023\\\/05\\\/logotextual1.jpg\",\"width\":516,\"height\":76,\"caption\":\"Diario Textual\"},\"image\":{\"@id\":\"https:\\\/\\\/diariotextual.com\\\/inicio\\\/#\\\/schema\\\/logo\\\/image\\\/\"},\"sameAs\":[\"https:\\\/\\\/www.facebook.com\\\/eltextual\",\"https:\\\/\\\/x.com\\\/eltextual\",\"http:\\\/\\\/www.instagram.com\\\/eltextual\"]},{\"@type\":\"Person\",\"@id\":\"https:\\\/\\\/diariotextual.com\\\/inicio\\\/#\\\/schema\\\/person\\\/c7834961ad8b29b1d9cdbf4571299067\",\"name\":\"diario5\",\"image\":{\"@type\":\"ImageObject\",\"inLanguage\":\"es\",\"@id\":\"https:\\\/\\\/secure.gravatar.com\\\/avatar\\\/948c893b847ca6df68216ead81b63f363408ec9b0f600fefc0641ce78613b111?s=96&d=mm&r=g\",\"url\":\"https:\\\/\\\/secure.gravatar.com\\\/avatar\\\/948c893b847ca6df68216ead81b63f363408ec9b0f600fefc0641ce78613b111?s=96&d=mm&r=g\",\"contentUrl\":\"https:\\\/\\\/secure.gravatar.com\\\/avatar\\\/948c893b847ca6df68216ead81b63f363408ec9b0f600fefc0641ce78613b111?s=96&d=mm&r=g\",\"caption\":\"diario5\"},\"url\":\"https:\\\/\\\/diariotextual.com\\\/inicio\\\/index.php\\\/author\\\/diario5\\\/\"}]}<\/script>\n<!-- \/ Yoast SEO plugin. -->","yoast_head_json":{"title":"Pauta salarial: el Gobierno propuso un aumento del 10% general y un 15% al sueldo m\u00ednimo - Diario Textual","robots":{"index":"index","follow":"follow","max-snippet":"max-snippet:-1","max-image-preview":"max-image-preview:large","max-video-preview":"max-video-preview:-1"},"canonical":"https:\/\/diariotextual.com\/inicio\/index.php\/2024\/01\/31\/provincia-hace-hoy-oferta-salarial-a-estatales-y-admite-que-no-igualara-la-inflacion-de-2023\/","og_locale":"es_ES","og_type":"article","og_title":"Pauta salarial: el Gobierno propuso un aumento del 10% general y un 15% al sueldo m\u00ednimo - Diario Textual","og_description":"En el marco de la paritaria provincial, el Gobierno provincial inform\u00f3 este mi\u00e9rcoles a los gremios estatales que dispuso un aumento del 10% de los salarios a partir del 1\u00b0&hellip;","og_url":"https:\/\/diariotextual.com\/inicio\/index.php\/2024\/01\/31\/provincia-hace-hoy-oferta-salarial-a-estatales-y-admite-que-no-igualara-la-inflacion-de-2023\/","og_site_name":"Diario Textual","article_publisher":"https:\/\/www.facebook.com\/eltextual","article_published_time":"2024-01-31T07:24:03+00:00","article_modified_time":"2024-01-31T12:51:24+00:00","og_image":[{"width":1015,"height":699,"url":"https:\/\/diariotextual.com\/inicio\/wp-content\/uploads\/2020\/03\/casadegobiernolapamp2020-300-1.jpg","type":"image\/jpeg"}],"author":"diario5","twitter_card":"summary_large_image","twitter_creator":"@eltextual","twitter_site":"@eltextual","twitter_misc":{"Escrito por":"diario5","Tiempo de lectura":"2 minutos"},"schema":{"@context":"https:\/\/schema.org","@graph":[{"@type":"Article","@id":"https:\/\/diariotextual.com\/inicio\/index.php\/2024\/01\/31\/provincia-hace-hoy-oferta-salarial-a-estatales-y-admite-que-no-igualara-la-inflacion-de-2023\/#article","isPartOf":{"@id":"https:\/\/diariotextual.com\/inicio\/index.php\/2024\/01\/31\/provincia-hace-hoy-oferta-salarial-a-estatales-y-admite-que-no-igualara-la-inflacion-de-2023\/"},"author":{"name":"diario5","@id":"https:\/\/diariotextual.com\/inicio\/#\/schema\/person\/c7834961ad8b29b1d9cdbf4571299067"},"headline":"Pauta salarial: el Gobierno propuso un aumento del 10% general y un 15% al sueldo m\u00ednimo","datePublished":"2024-01-31T07:24:03+00:00","dateModified":"2024-01-31T12:51:24+00:00","mainEntityOfPage":{"@id":"https:\/\/diariotextual.com\/inicio\/index.php\/2024\/01\/31\/provincia-hace-hoy-oferta-salarial-a-estatales-y-admite-que-no-igualara-la-inflacion-de-2023\/"},"wordCount":412,"publisher":{"@id":"https:\/\/diariotextual.com\/inicio\/#organization"},"image":{"@id":"https:\/\/diariotextual.com\/inicio\/index.php\/2024\/01\/31\/provincia-hace-hoy-oferta-salarial-a-estatales-y-admite-que-no-igualara-la-inflacion-de-2023\/#primaryimage"},"thumbnailUrl":"https:\/\/diariotextual.com\/inicio\/wp-content\/uploads\/2020\/03\/casadegobiernolapamp2020-300-1.jpg","articleSection":["POLITICA"],"inLanguage":"es"},{"@type":"WebPage","@id":"https:\/\/diariotextual.com\/inicio\/index.php\/2024\/01\/31\/provincia-hace-hoy-oferta-salarial-a-estatales-y-admite-que-no-igualara-la-inflacion-de-2023\/","url":"https:\/\/diariotextual.com\/inicio\/index.php\/2024\/01\/31\/provincia-hace-hoy-oferta-salarial-a-estatales-y-admite-que-no-igualara-la-inflacion-de-2023\/","name":"Pauta salarial: el Gobierno propuso un aumento del 10% general y un 15% al sueldo m\u00ednimo - Diario Textual","isPartOf":{"@id":"https:\/\/diariotextual.com\/inicio\/#website"},"primaryImageOfPage":{"@id":"https:\/\/diariotextual.com\/inicio\/index.php\/2024\/01\/31\/provincia-hace-hoy-oferta-salarial-a-estatales-y-admite-que-no-igualara-la-inflacion-de-2023\/#primaryimage"},"image":{"@id":"https:\/\/diariotextual.com\/inicio\/index.php\/2024\/01\/31\/provincia-hace-hoy-oferta-salarial-a-estatales-y-admite-que-no-igualara-la-inflacion-de-2023\/#primaryimage"},"thumbnailUrl":"https:\/\/diariotextual.com\/inicio\/wp-content\/uploads\/2020\/03\/casadegobiernolapamp2020-300-1.jpg","datePublished":"2024-01-31T07:24:03+00:00","dateModified":"2024-01-31T12:51:24+00:00","breadcrumb":{"@id":"https:\/\/diariotextual.com\/inicio\/index.php\/2024\/01\/31\/provincia-hace-hoy-oferta-salarial-a-estatales-y-admite-que-no-igualara-la-inflacion-de-2023\/#breadcrumb"},"inLanguage":"es","potentialAction":[{"@type":"ReadAction","target":["https:\/\/diariotextual.com\/inicio\/index.php\/2024\/01\/31\/provincia-hace-hoy-oferta-salarial-a-estatales-y-admite-que-no-igualara-la-inflacion-de-2023\/"]}]},{"@type":"ImageObject","inLanguage":"es","@id":"https:\/\/diariotextual.com\/inicio\/index.php\/2024\/01\/31\/provincia-hace-hoy-oferta-salarial-a-estatales-y-admite-que-no-igualara-la-inflacion-de-2023\/#primaryimage","url":"https:\/\/diariotextual.com\/inicio\/wp-content\/uploads\/2020\/03\/casadegobiernolapamp2020-300-1.jpg","contentUrl":"https:\/\/diariotextual.com\/inicio\/wp-content\/uploads\/2020\/03\/casadegobiernolapamp2020-300-1.jpg","width":1015,"height":699},{"@type":"BreadcrumbList","@id":"https:\/\/diariotextual.com\/inicio\/index.php\/2024\/01\/31\/provincia-hace-hoy-oferta-salarial-a-estatales-y-admite-que-no-igualara-la-inflacion-de-2023\/#breadcrumb","itemListElement":[{"@type":"ListItem","position":1,"name":"Portada","item":"https:\/\/diariotextual.com\/inicio\/"},{"@type":"ListItem","position":2,"name":"Pauta salarial: el Gobierno propuso un aumento del 10% general y un 15% al sueldo m\u00ednimo"}]},{"@type":"WebSite","@id":"https:\/\/diariotextual.com\/inicio\/#website","url":"https:\/\/diariotextual.com\/inicio\/","name":"Diario Textual","description":"","publisher":{"@id":"https:\/\/diariotextual.com\/inicio\/#organization"},"potentialAction":[{"@type":"SearchAction","target":{"@type":"EntryPoint","urlTemplate":"https:\/\/diariotextual.com\/inicio\/?s={search_term_string}"},"query-input":{"@type":"PropertyValueSpecification","valueRequired":true,"valueName":"search_term_string"}}],"inLanguage":"es"},{"@type":"Organization","@id":"https:\/\/diariotextual.com\/inicio\/#organization","name":"Diario Textual","url":"https:\/\/diariotextual.com\/inicio\/","logo":{"@type":"ImageObject","inLanguage":"es","@id":"https:\/\/diariotextual.com\/inicio\/#\/schema\/logo\/image\/","url":"https:\/\/diariotextual.com\/inicio\/wp-content\/uploads\/2023\/05\/logotextual1.jpg","contentUrl":"https:\/\/diariotextual.com\/inicio\/wp-content\/uploads\/2023\/05\/logotextual1.jpg","width":516,"height":76,"caption":"Diario Textual"},"image":{"@id":"https:\/\/diariotextual.com\/inicio\/#\/schema\/logo\/image\/"},"sameAs":["https:\/\/www.facebook.com\/eltextual","https:\/\/x.com\/eltextual","http:\/\/www.instagram.com\/eltextual"]},{"@type":"Person","@id":"https:\/\/diariotextual.com\/inicio\/#\/schema\/person\/c7834961ad8b29b1d9cdbf4571299067","name":"diario5","image":{"@type":"ImageObject","inLanguage":"es","@id":"https:\/\/secure.gravatar.com\/avatar\/948c893b847ca6df68216ead81b63f363408ec9b0f600fefc0641ce78613b111?s=96&d=mm&r=g","url":"https:\/\/secure.gravatar.com\/avatar\/948c893b847ca6df68216ead81b63f363408ec9b0f600fefc0641ce78613b111?s=96&d=mm&r=g","contentUrl":"https:\/\/secure.gravatar.com\/avatar\/948c893b847ca6df68216ead81b63f363408ec9b0f600fefc0641ce78613b111?s=96&d=mm&r=g","caption":"diario5"},"url":"https:\/\/diariotextual.com\/inicio\/index.php\/author\/diario5\/"}]}},"_links":{"self":[{"href":"https:\/\/diariotextual.com\/inicio\/index.php\/wp-json\/wp\/v2\/posts\/252517","targetHints":{"allow":["GET"]}}],"collection":[{"href":"https:\/\/diariotextual.com\/inicio\/index.php\/wp-json\/wp\/v2\/posts"}],"about":[{"href":"https:\/\/diariotextual.com\/inicio\/index.php\/wp-json\/wp\/v2\/types\/post"}],"author":[{"embeddable":true,"href":"https:\/\/diariotextual.com\/inicio\/index.php\/wp-json\/wp\/v2\/users\/7"}],"replies":[{"embeddable":true,"href":"https:\/\/diariotextual.com\/inicio\/index.php\/wp-json\/wp\/v2\/comments?post=252517"}],"version-history":[{"count":10,"href":"https:\/\/diariotextual.com\/inicio\/index.php\/wp-json\/wp\/v2\/posts\/252517\/revisions"}],"predecessor-version":[{"id":252680,"href":"https:\/\/diariotextual.com\/inicio\/index.php\/wp-json\/wp\/v2\/posts\/252517\/revisions\/252680"}],"wp:featuredmedia":[{"embeddable":true,"href":"https:\/\/diariotextual.com\/inicio\/index.php\/wp-json\/wp\/v2\/media\/83726"}],"wp:attachment":[{"href":"https:\/\/diariotextual.com\/inicio\/index.php\/wp-json\/wp\/v2\/media?parent=252517"}],"wp:term":[{"taxonomy":"category","embeddable":true,"href":"https:\/\/diariotextual.com\/inicio\/index.php\/wp-json\/wp\/v2\/categories?post=252517"},{"taxonomy":"post_tag","embeddable":true,"href":"https:\/\/diariotextual.com\/inicio\/index.php\/wp-json\/wp\/v2\/tags?post=252517"}],"curies":[{"name":"wp","href":"https:\/\/api.w.org\/{rel}","templated":true}]}}