{"id":252558,"date":"2024-01-30T11:52:07","date_gmt":"2024-01-30T14:52:07","guid":{"rendered":"https:\/\/diariotextual.com\/inicio\/?p=252558"},"modified":"2024-01-30T19:16:08","modified_gmt":"2024-01-30T22:16:08","slug":"massot-puso-en-duda-la-sesion-de-manana-para-debatir-la-ley-bases","status":"publish","type":"post","link":"https:\/\/diariotextual.com\/inicio\/index.php\/2024\/01\/30\/massot-puso-en-duda-la-sesion-de-manana-para-debatir-la-ley-bases\/","title":{"rendered":"Massot puso en duda la sesi\u00f3n de este mi\u00e9rcoles para debatir la ley Bases"},"content":{"rendered":"\n<p>El diputado <strong>Nicol\u00e1s Massot, integrante del bloque de Hacemos Coalici\u00f3n Federal<\/strong>, puso este martes en duda la realizaci\u00f3n de la sesi\u00f3n prevista para este mi\u00e9rcoles en la C\u00e1mara baja en la que debe debatirse el proyecto de ley \u201cBases\u201d, y consider\u00f3 que <strong>el Gobierno nacional \u201cno tiene inter\u00e9s\u201d en aprobar esa iniciativa porque lo busca, dijo, es \u201cconstruir un enemigo\u201d.<\/strong><\/p>\n\n\n\n<p>\u201cPlanteamos que <strong>hab\u00eda que coparticipar entre las provincias lo que se recaude por el impuesto PAIS y nos dijeron (el vicejefe de Gabinete, Jos\u00e9 Rolandi, y el ministro del Interior, Guillermo Francos) que les mandemos un escrito y lo convers\u00e1bamos ma\u00f1ana<\/strong>\u201d, expres\u00f3 Massot en declaraciones a Radio con Vos sobre la reuni\u00f3n que ayer mantuvieron gobernadores y dirigentes opositores con funcionarios del Ejecutivo en el Consejo Federal de Inversiones (CFI).<\/p>\n\n\n\n<p>El legislador agreg\u00f3 que tras la finalizaci\u00f3n de esa reuni\u00f3n en la que se analizaban posibles modificaciones al proyecto de ley \u201cBases\u201d, cuyo debate en Diputados est\u00e1 previsto para este mi\u00e9rcoles, <strong>\u201cmediante un tuit\u201d de la Oficina del Presidente se anunci\u00f3 que la coparticipaci\u00f3n del impuesto PAIS se \u201ciba a discutir m\u00e1s adelante\u201d, algo que para Massot constituye \u201cuna m\u00e1s de las desautorizaciones que sufri\u00f3 Francos\u201d<\/strong> como ministro.<\/p>\n\n\n\n<p>\u201cNos dijeron una cosa y por Twitter nos dijeron otra. <strong>Lo de coparticipar el impuesto PAIS era algo que hab\u00edamos hablado entre las 40 personas que estuvimos en el CFI. Lo podemos atestiguar. As\u00ed, es realmente muy dif\u00edcil avanzar<\/strong>\u201d, remarc\u00f3 el diputado que integra la bancada que encabeza el diputado nacional Miguel Pichetto.<\/p>\n\n\n\n<figure class=\"wp-block-embed is-type-wp-embed is-provider-diario-textual wp-block-embed-diario-textual\"><div class=\"wp-block-embed__wrapper\">\n<blockquote class=\"wp-embedded-content\" data-secret=\"12qJEBxRhd\"><a href=\"https:\/\/diariotextual.com\/inicio\/index.php\/2024\/01\/30\/ley-omnibus-con-superpoderes-diputados-del-pro-de-la-pampa-a-favor-pj-en-contra-y-ucr-indecisa\/\">Ley \u00f3mnibus con superpoderes: diputados del PRO de La Pampa a favor, PJ en contra y UCR indecisa<\/a><\/blockquote><iframe class=\"wp-embedded-content\" sandbox=\"allow-scripts\" security=\"restricted\" style=\"position: absolute; clip: rect(1px, 1px, 1px, 1px);\" title=\"\u00abLey \u00f3mnibus con superpoderes: diputados del PRO de La Pampa a favor, PJ en contra y UCR indecisa\u00bb \u2014 Diario Textual\" src=\"https:\/\/diariotextual.com\/inicio\/index.php\/2024\/01\/30\/ley-omnibus-con-superpoderes-diputados-del-pro-de-la-pampa-a-favor-pj-en-contra-y-ucr-indecisa\/embed\/#?secret=w16cLliGWp#?secret=12qJEBxRhd\" data-secret=\"12qJEBxRhd\" width=\"600\" height=\"338\" frameborder=\"0\" marginwidth=\"0\" marginheight=\"0\" scrolling=\"no\"><\/iframe>\n<\/div><\/figure>\n\n\n\n<p>Massot sostuvo que el Gobierno \u201cno tiene inter\u00e9s en esta ley sino en construir un enemigo\u201d y <strong>plante\u00f3 que \u201cno sab\u00eda\u201d si este mi\u00e9rcoles comenzar\u00eda a tratarse en diputados.<\/strong><\/p>\n\n\n\n<p>\u201cEl <strong>Gobierno tiene que cambiar su postura, no se puede basurear a los diputados y senadores<\/strong>. Hay 24 jurisdicciones federales. Se tienen que sentar y arreglar el equilibrio fiscal de todos\u201d, afirm\u00f3.<\/p>\n\n\n\n<p>Para Massot, la sesi\u00f3n est\u00e1 en duda porque el principal problema es que el gobierno \u201cpor momentos parece entablar una conversaci\u00f3n acorde a las circunstancias\u201d y por otro \u201cse acuerda de su manual de campa\u00f1a, patean la mesa y empiezan de nuevo\u201d.<\/p>\n\n\n\n<p>\u201cNo hay una conversaci\u00f3n constante, todo lo que hay son prorrogativas o slogans en los cuales nos dicen que sacaron el 56%, que Javier (Milei) es una persona especial, que es el \u00fanico camino\u201d, cont\u00f3 el diputado.<\/p>\n","protected":false},"excerpt":{"rendered":"<p>El diputado Nicol\u00e1s Massot, integrante del bloque de Hacemos Coalici\u00f3n Federal, puso este martes en duda la realizaci\u00f3n de la sesi\u00f3n prevista para este mi\u00e9rcoles en la C\u00e1mara baja en&hellip;<\/p>\n","protected":false},"author":5,"featured_media":252559,"comment_status":"closed","ping_status":"open","sticky":false,"template":"","format":"standard","meta":{"_acf_changed":false,"footnotes":""},"categories":[1,8],"tags":[80,7780],"class_list":["post-252558","post","type-post","status-publish","format-standard","has-post-thumbnail","hentry","category-es-noticia","category-politica","tag-congreso","tag-ley-bases"],"acf":[],"yoast_head":"<!-- This site is optimized with the Yoast SEO plugin v27.5 - https:\/\/yoast.com\/product\/yoast-seo-wordpress\/ -->\n<title>Massot puso en duda la sesi\u00f3n de este mi\u00e9rcoles para debatir la ley Bases - Diario Textual<\/title>\n<meta name=\"robots\" content=\"index, follow, max-snippet:-1, max-image-preview:large, max-video-preview:-1\" \/>\n<link rel=\"canonical\" href=\"https:\/\/diariotextual.com\/inicio\/index.php\/2024\/01\/30\/massot-puso-en-duda-la-sesion-de-manana-para-debatir-la-ley-bases\/\" \/>\n<meta property=\"og:locale\" content=\"es_ES\" \/>\n<meta property=\"og:type\" content=\"article\" \/>\n<meta property=\"og:title\" content=\"Massot puso en duda la sesi\u00f3n de este mi\u00e9rcoles para debatir la ley Bases - Diario Textual\" \/>\n<meta property=\"og:description\" content=\"El diputado Nicol\u00e1s Massot, integrante del bloque de Hacemos Coalici\u00f3n Federal, puso este martes en duda la realizaci\u00f3n de la sesi\u00f3n prevista para este mi\u00e9rcoles en la C\u00e1mara baja en&hellip;\" \/>\n<meta property=\"og:url\" content=\"https:\/\/diariotextual.com\/inicio\/index.php\/2024\/01\/30\/massot-puso-en-duda-la-sesion-de-manana-para-debatir-la-ley-bases\/\" \/>\n<meta property=\"og:site_name\" content=\"Diario Textual\" \/>\n<meta property=\"article:publisher\" content=\"https:\/\/www.facebook.com\/eltextual\" \/>\n<meta property=\"article:published_time\" content=\"2024-01-30T14:52:07+00:00\" \/>\n<meta property=\"article:modified_time\" content=\"2024-01-30T22:16:08+00:00\" \/>\n<meta property=\"og:image\" content=\"https:\/\/diariotextual.com\/inicio\/wp-content\/uploads\/2024\/01\/massotnicolas2024.jpg\" \/>\n\t<meta property=\"og:image:width\" content=\"900\" \/>\n\t<meta property=\"og:image:height\" content=\"506\" \/>\n\t<meta property=\"og:image:type\" content=\"image\/jpeg\" \/>\n<meta name=\"author\" content=\"diario3\" \/>\n<meta name=\"twitter:card\" content=\"summary_large_image\" \/>\n<meta name=\"twitter:creator\" content=\"@eltextual\" \/>\n<meta name=\"twitter:site\" content=\"@eltextual\" \/>\n<meta name=\"twitter:label1\" content=\"Escrito por\" \/>\n\t<meta name=\"twitter:data1\" content=\"diario3\" \/>\n\t<meta name=\"twitter:label2\" content=\"Tiempo de lectura\" \/>\n\t<meta name=\"twitter:data2\" content=\"2 minutos\" \/>\n<script type=\"application\/ld+json\" class=\"yoast-schema-graph\">{\"@context\":\"https:\\\/\\\/schema.org\",\"@graph\":[{\"@type\":\"Article\",\"@id\":\"https:\\\/\\\/diariotextual.com\\\/inicio\\\/index.php\\\/2024\\\/01\\\/30\\\/massot-puso-en-duda-la-sesion-de-manana-para-debatir-la-ley-bases\\\/#article\",\"isPartOf\":{\"@id\":\"https:\\\/\\\/diariotextual.com\\\/inicio\\\/index.php\\\/2024\\\/01\\\/30\\\/massot-puso-en-duda-la-sesion-de-manana-para-debatir-la-ley-bases\\\/\"},\"author\":{\"name\":\"diario3\",\"@id\":\"https:\\\/\\\/diariotextual.com\\\/inicio\\\/#\\\/schema\\\/person\\\/a1b6f563e0ee944c60f98119389a4d9f\"},\"headline\":\"Massot puso en duda la sesi\u00f3n de este mi\u00e9rcoles para debatir la ley Bases\",\"datePublished\":\"2024-01-30T14:52:07+00:00\",\"dateModified\":\"2024-01-30T22:16:08+00:00\",\"mainEntityOfPage\":{\"@id\":\"https:\\\/\\\/diariotextual.com\\\/inicio\\\/index.php\\\/2024\\\/01\\\/30\\\/massot-puso-en-duda-la-sesion-de-manana-para-debatir-la-ley-bases\\\/\"},\"wordCount\":438,\"publisher\":{\"@id\":\"https:\\\/\\\/diariotextual.com\\\/inicio\\\/#organization\"},\"image\":{\"@id\":\"https:\\\/\\\/diariotextual.com\\\/inicio\\\/index.php\\\/2024\\\/01\\\/30\\\/massot-puso-en-duda-la-sesion-de-manana-para-debatir-la-ley-bases\\\/#primaryimage\"},\"thumbnailUrl\":\"https:\\\/\\\/diariotextual.com\\\/inicio\\\/wp-content\\\/uploads\\\/2024\\\/01\\\/massotnicolas2024.jpg\",\"keywords\":[\"congreso\",\"ley bases\"],\"articleSection\":[\"A - ES NOTICIA (van abajo)\",\"POLITICA\"],\"inLanguage\":\"es\"},{\"@type\":\"WebPage\",\"@id\":\"https:\\\/\\\/diariotextual.com\\\/inicio\\\/index.php\\\/2024\\\/01\\\/30\\\/massot-puso-en-duda-la-sesion-de-manana-para-debatir-la-ley-bases\\\/\",\"url\":\"https:\\\/\\\/diariotextual.com\\\/inicio\\\/index.php\\\/2024\\\/01\\\/30\\\/massot-puso-en-duda-la-sesion-de-manana-para-debatir-la-ley-bases\\\/\",\"name\":\"Massot puso en duda la sesi\u00f3n de este mi\u00e9rcoles para debatir la ley Bases - Diario Textual\",\"isPartOf\":{\"@id\":\"https:\\\/\\\/diariotextual.com\\\/inicio\\\/#website\"},\"primaryImageOfPage\":{\"@id\":\"https:\\\/\\\/diariotextual.com\\\/inicio\\\/index.php\\\/2024\\\/01\\\/30\\\/massot-puso-en-duda-la-sesion-de-manana-para-debatir-la-ley-bases\\\/#primaryimage\"},\"image\":{\"@id\":\"https:\\\/\\\/diariotextual.com\\\/inicio\\\/index.php\\\/2024\\\/01\\\/30\\\/massot-puso-en-duda-la-sesion-de-manana-para-debatir-la-ley-bases\\\/#primaryimage\"},\"thumbnailUrl\":\"https:\\\/\\\/diariotextual.com\\\/inicio\\\/wp-content\\\/uploads\\\/2024\\\/01\\\/massotnicolas2024.jpg\",\"datePublished\":\"2024-01-30T14:52:07+00:00\",\"dateModified\":\"2024-01-30T22:16:08+00:00\",\"breadcrumb\":{\"@id\":\"https:\\\/\\\/diariotextual.com\\\/inicio\\\/index.php\\\/2024\\\/01\\\/30\\\/massot-puso-en-duda-la-sesion-de-manana-para-debatir-la-ley-bases\\\/#breadcrumb\"},\"inLanguage\":\"es\",\"potentialAction\":[{\"@type\":\"ReadAction\",\"target\":[\"https:\\\/\\\/diariotextual.com\\\/inicio\\\/index.php\\\/2024\\\/01\\\/30\\\/massot-puso-en-duda-la-sesion-de-manana-para-debatir-la-ley-bases\\\/\"]}]},{\"@type\":\"ImageObject\",\"inLanguage\":\"es\",\"@id\":\"https:\\\/\\\/diariotextual.com\\\/inicio\\\/index.php\\\/2024\\\/01\\\/30\\\/massot-puso-en-duda-la-sesion-de-manana-para-debatir-la-ley-bases\\\/#primaryimage\",\"url\":\"https:\\\/\\\/diariotextual.com\\\/inicio\\\/wp-content\\\/uploads\\\/2024\\\/01\\\/massotnicolas2024.jpg\",\"contentUrl\":\"https:\\\/\\\/diariotextual.com\\\/inicio\\\/wp-content\\\/uploads\\\/2024\\\/01\\\/massotnicolas2024.jpg\",\"width\":900,\"height\":506},{\"@type\":\"BreadcrumbList\",\"@id\":\"https:\\\/\\\/diariotextual.com\\\/inicio\\\/index.php\\\/2024\\\/01\\\/30\\\/massot-puso-en-duda-la-sesion-de-manana-para-debatir-la-ley-bases\\\/#breadcrumb\",\"itemListElement\":[{\"@type\":\"ListItem\",\"position\":1,\"name\":\"Portada\",\"item\":\"https:\\\/\\\/diariotextual.com\\\/inicio\\\/\"},{\"@type\":\"ListItem\",\"position\":2,\"name\":\"Massot puso en duda la sesi\u00f3n de este mi\u00e9rcoles para debatir la ley Bases\"}]},{\"@type\":\"WebSite\",\"@id\":\"https:\\\/\\\/diariotextual.com\\\/inicio\\\/#website\",\"url\":\"https:\\\/\\\/diariotextual.com\\\/inicio\\\/\",\"name\":\"Diario Textual\",\"description\":\"\",\"publisher\":{\"@id\":\"https:\\\/\\\/diariotextual.com\\\/inicio\\\/#organization\"},\"potentialAction\":[{\"@type\":\"SearchAction\",\"target\":{\"@type\":\"EntryPoint\",\"urlTemplate\":\"https:\\\/\\\/diariotextual.com\\\/inicio\\\/?s={search_term_string}\"},\"query-input\":{\"@type\":\"PropertyValueSpecification\",\"valueRequired\":true,\"valueName\":\"search_term_string\"}}],\"inLanguage\":\"es\"},{\"@type\":\"Organization\",\"@id\":\"https:\\\/\\\/diariotextual.com\\\/inicio\\\/#organization\",\"name\":\"Diario Textual\",\"url\":\"https:\\\/\\\/diariotextual.com\\\/inicio\\\/\",\"logo\":{\"@type\":\"ImageObject\",\"inLanguage\":\"es\",\"@id\":\"https:\\\/\\\/diariotextual.com\\\/inicio\\\/#\\\/schema\\\/logo\\\/image\\\/\",\"url\":\"https:\\\/\\\/diariotextual.com\\\/inicio\\\/wp-content\\\/uploads\\\/2023\\\/05\\\/logotextual1.jpg\",\"contentUrl\":\"https:\\\/\\\/diariotextual.com\\\/inicio\\\/wp-content\\\/uploads\\\/2023\\\/05\\\/logotextual1.jpg\",\"width\":516,\"height\":76,\"caption\":\"Diario Textual\"},\"image\":{\"@id\":\"https:\\\/\\\/diariotextual.com\\\/inicio\\\/#\\\/schema\\\/logo\\\/image\\\/\"},\"sameAs\":[\"https:\\\/\\\/www.facebook.com\\\/eltextual\",\"https:\\\/\\\/x.com\\\/eltextual\",\"http:\\\/\\\/www.instagram.com\\\/eltextual\"]},{\"@type\":\"Person\",\"@id\":\"https:\\\/\\\/diariotextual.com\\\/inicio\\\/#\\\/schema\\\/person\\\/a1b6f563e0ee944c60f98119389a4d9f\",\"name\":\"diario3\",\"image\":{\"@type\":\"ImageObject\",\"inLanguage\":\"es\",\"@id\":\"https:\\\/\\\/secure.gravatar.com\\\/avatar\\\/5e7ee62c82fc04d9dd79d746a390d93c69c43223e5faeeb3ea9461ef752bfc5d?s=96&d=mm&r=g\",\"url\":\"https:\\\/\\\/secure.gravatar.com\\\/avatar\\\/5e7ee62c82fc04d9dd79d746a390d93c69c43223e5faeeb3ea9461ef752bfc5d?s=96&d=mm&r=g\",\"contentUrl\":\"https:\\\/\\\/secure.gravatar.com\\\/avatar\\\/5e7ee62c82fc04d9dd79d746a390d93c69c43223e5faeeb3ea9461ef752bfc5d?s=96&d=mm&r=g\",\"caption\":\"diario3\"},\"url\":\"https:\\\/\\\/diariotextual.com\\\/inicio\\\/index.php\\\/author\\\/diario3\\\/\"}]}<\/script>\n<!-- \/ Yoast SEO plugin. -->","yoast_head_json":{"title":"Massot puso en duda la sesi\u00f3n de este mi\u00e9rcoles para debatir la ley Bases - Diario Textual","robots":{"index":"index","follow":"follow","max-snippet":"max-snippet:-1","max-image-preview":"max-image-preview:large","max-video-preview":"max-video-preview:-1"},"canonical":"https:\/\/diariotextual.com\/inicio\/index.php\/2024\/01\/30\/massot-puso-en-duda-la-sesion-de-manana-para-debatir-la-ley-bases\/","og_locale":"es_ES","og_type":"article","og_title":"Massot puso en duda la sesi\u00f3n de este mi\u00e9rcoles para debatir la ley Bases - Diario Textual","og_description":"El diputado Nicol\u00e1s Massot, integrante del bloque de Hacemos Coalici\u00f3n Federal, puso este martes en duda la realizaci\u00f3n de la sesi\u00f3n prevista para este mi\u00e9rcoles en la C\u00e1mara baja en&hellip;","og_url":"https:\/\/diariotextual.com\/inicio\/index.php\/2024\/01\/30\/massot-puso-en-duda-la-sesion-de-manana-para-debatir-la-ley-bases\/","og_site_name":"Diario Textual","article_publisher":"https:\/\/www.facebook.com\/eltextual","article_published_time":"2024-01-30T14:52:07+00:00","article_modified_time":"2024-01-30T22:16:08+00:00","og_image":[{"width":900,"height":506,"url":"https:\/\/diariotextual.com\/inicio\/wp-content\/uploads\/2024\/01\/massotnicolas2024.jpg","type":"image\/jpeg"}],"author":"diario3","twitter_card":"summary_large_image","twitter_creator":"@eltextual","twitter_site":"@eltextual","twitter_misc":{"Escrito por":"diario3","Tiempo de lectura":"2 minutos"},"schema":{"@context":"https:\/\/schema.org","@graph":[{"@type":"Article","@id":"https:\/\/diariotextual.com\/inicio\/index.php\/2024\/01\/30\/massot-puso-en-duda-la-sesion-de-manana-para-debatir-la-ley-bases\/#article","isPartOf":{"@id":"https:\/\/diariotextual.com\/inicio\/index.php\/2024\/01\/30\/massot-puso-en-duda-la-sesion-de-manana-para-debatir-la-ley-bases\/"},"author":{"name":"diario3","@id":"https:\/\/diariotextual.com\/inicio\/#\/schema\/person\/a1b6f563e0ee944c60f98119389a4d9f"},"headline":"Massot puso en duda la sesi\u00f3n de este mi\u00e9rcoles para debatir la ley Bases","datePublished":"2024-01-30T14:52:07+00:00","dateModified":"2024-01-30T22:16:08+00:00","mainEntityOfPage":{"@id":"https:\/\/diariotextual.com\/inicio\/index.php\/2024\/01\/30\/massot-puso-en-duda-la-sesion-de-manana-para-debatir-la-ley-bases\/"},"wordCount":438,"publisher":{"@id":"https:\/\/diariotextual.com\/inicio\/#organization"},"image":{"@id":"https:\/\/diariotextual.com\/inicio\/index.php\/2024\/01\/30\/massot-puso-en-duda-la-sesion-de-manana-para-debatir-la-ley-bases\/#primaryimage"},"thumbnailUrl":"https:\/\/diariotextual.com\/inicio\/wp-content\/uploads\/2024\/01\/massotnicolas2024.jpg","keywords":["congreso","ley bases"],"articleSection":["A - ES NOTICIA (van abajo)","POLITICA"],"inLanguage":"es"},{"@type":"WebPage","@id":"https:\/\/diariotextual.com\/inicio\/index.php\/2024\/01\/30\/massot-puso-en-duda-la-sesion-de-manana-para-debatir-la-ley-bases\/","url":"https:\/\/diariotextual.com\/inicio\/index.php\/2024\/01\/30\/massot-puso-en-duda-la-sesion-de-manana-para-debatir-la-ley-bases\/","name":"Massot puso en duda la sesi\u00f3n de este mi\u00e9rcoles para debatir la ley Bases - Diario Textual","isPartOf":{"@id":"https:\/\/diariotextual.com\/inicio\/#website"},"primaryImageOfPage":{"@id":"https:\/\/diariotextual.com\/inicio\/index.php\/2024\/01\/30\/massot-puso-en-duda-la-sesion-de-manana-para-debatir-la-ley-bases\/#primaryimage"},"image":{"@id":"https:\/\/diariotextual.com\/inicio\/index.php\/2024\/01\/30\/massot-puso-en-duda-la-sesion-de-manana-para-debatir-la-ley-bases\/#primaryimage"},"thumbnailUrl":"https:\/\/diariotextual.com\/inicio\/wp-content\/uploads\/2024\/01\/massotnicolas2024.jpg","datePublished":"2024-01-30T14:52:07+00:00","dateModified":"2024-01-30T22:16:08+00:00","breadcrumb":{"@id":"https:\/\/diariotextual.com\/inicio\/index.php\/2024\/01\/30\/massot-puso-en-duda-la-sesion-de-manana-para-debatir-la-ley-bases\/#breadcrumb"},"inLanguage":"es","potentialAction":[{"@type":"ReadAction","target":["https:\/\/diariotextual.com\/inicio\/index.php\/2024\/01\/30\/massot-puso-en-duda-la-sesion-de-manana-para-debatir-la-ley-bases\/"]}]},{"@type":"ImageObject","inLanguage":"es","@id":"https:\/\/diariotextual.com\/inicio\/index.php\/2024\/01\/30\/massot-puso-en-duda-la-sesion-de-manana-para-debatir-la-ley-bases\/#primaryimage","url":"https:\/\/diariotextual.com\/inicio\/wp-content\/uploads\/2024\/01\/massotnicolas2024.jpg","contentUrl":"https:\/\/diariotextual.com\/inicio\/wp-content\/uploads\/2024\/01\/massotnicolas2024.jpg","width":900,"height":506},{"@type":"BreadcrumbList","@id":"https:\/\/diariotextual.com\/inicio\/index.php\/2024\/01\/30\/massot-puso-en-duda-la-sesion-de-manana-para-debatir-la-ley-bases\/#breadcrumb","itemListElement":[{"@type":"ListItem","position":1,"name":"Portada","item":"https:\/\/diariotextual.com\/inicio\/"},{"@type":"ListItem","position":2,"name":"Massot puso en duda la sesi\u00f3n de este mi\u00e9rcoles para debatir la ley Bases"}]},{"@type":"WebSite","@id":"https:\/\/diariotextual.com\/inicio\/#website","url":"https:\/\/diariotextual.com\/inicio\/","name":"Diario Textual","description":"","publisher":{"@id":"https:\/\/diariotextual.com\/inicio\/#organization"},"potentialAction":[{"@type":"SearchAction","target":{"@type":"EntryPoint","urlTemplate":"https:\/\/diariotextual.com\/inicio\/?s={search_term_string}"},"query-input":{"@type":"PropertyValueSpecification","valueRequired":true,"valueName":"search_term_string"}}],"inLanguage":"es"},{"@type":"Organization","@id":"https:\/\/diariotextual.com\/inicio\/#organization","name":"Diario Textual","url":"https:\/\/diariotextual.com\/inicio\/","logo":{"@type":"ImageObject","inLanguage":"es","@id":"https:\/\/diariotextual.com\/inicio\/#\/schema\/logo\/image\/","url":"https:\/\/diariotextual.com\/inicio\/wp-content\/uploads\/2023\/05\/logotextual1.jpg","contentUrl":"https:\/\/diariotextual.com\/inicio\/wp-content\/uploads\/2023\/05\/logotextual1.jpg","width":516,"height":76,"caption":"Diario Textual"},"image":{"@id":"https:\/\/diariotextual.com\/inicio\/#\/schema\/logo\/image\/"},"sameAs":["https:\/\/www.facebook.com\/eltextual","https:\/\/x.com\/eltextual","http:\/\/www.instagram.com\/eltextual"]},{"@type":"Person","@id":"https:\/\/diariotextual.com\/inicio\/#\/schema\/person\/a1b6f563e0ee944c60f98119389a4d9f","name":"diario3","image":{"@type":"ImageObject","inLanguage":"es","@id":"https:\/\/secure.gravatar.com\/avatar\/5e7ee62c82fc04d9dd79d746a390d93c69c43223e5faeeb3ea9461ef752bfc5d?s=96&d=mm&r=g","url":"https:\/\/secure.gravatar.com\/avatar\/5e7ee62c82fc04d9dd79d746a390d93c69c43223e5faeeb3ea9461ef752bfc5d?s=96&d=mm&r=g","contentUrl":"https:\/\/secure.gravatar.com\/avatar\/5e7ee62c82fc04d9dd79d746a390d93c69c43223e5faeeb3ea9461ef752bfc5d?s=96&d=mm&r=g","caption":"diario3"},"url":"https:\/\/diariotextual.com\/inicio\/index.php\/author\/diario3\/"}]}},"_links":{"self":[{"href":"https:\/\/diariotextual.com\/inicio\/index.php\/wp-json\/wp\/v2\/posts\/252558","targetHints":{"allow":["GET"]}}],"collection":[{"href":"https:\/\/diariotextual.com\/inicio\/index.php\/wp-json\/wp\/v2\/posts"}],"about":[{"href":"https:\/\/diariotextual.com\/inicio\/index.php\/wp-json\/wp\/v2\/types\/post"}],"author":[{"embeddable":true,"href":"https:\/\/diariotextual.com\/inicio\/index.php\/wp-json\/wp\/v2\/users\/5"}],"replies":[{"embeddable":true,"href":"https:\/\/diariotextual.com\/inicio\/index.php\/wp-json\/wp\/v2\/comments?post=252558"}],"version-history":[{"count":3,"href":"https:\/\/diariotextual.com\/inicio\/index.php\/wp-json\/wp\/v2\/posts\/252558\/revisions"}],"predecessor-version":[{"id":252562,"href":"https:\/\/diariotextual.com\/inicio\/index.php\/wp-json\/wp\/v2\/posts\/252558\/revisions\/252562"}],"wp:featuredmedia":[{"embeddable":true,"href":"https:\/\/diariotextual.com\/inicio\/index.php\/wp-json\/wp\/v2\/media\/252559"}],"wp:attachment":[{"href":"https:\/\/diariotextual.com\/inicio\/index.php\/wp-json\/wp\/v2\/media?parent=252558"}],"wp:term":[{"taxonomy":"category","embeddable":true,"href":"https:\/\/diariotextual.com\/inicio\/index.php\/wp-json\/wp\/v2\/categories?post=252558"},{"taxonomy":"post_tag","embeddable":true,"href":"https:\/\/diariotextual.com\/inicio\/index.php\/wp-json\/wp\/v2\/tags?post=252558"}],"curies":[{"name":"wp","href":"https:\/\/api.w.org\/{rel}","templated":true}]}}