{"id":252563,"date":"2024-01-30T16:17:51","date_gmt":"2024-01-30T19:17:51","guid":{"rendered":"https:\/\/diariotextual.com\/inicio\/?p=252563"},"modified":"2024-01-30T18:53:21","modified_gmt":"2024-01-30T21:53:21","slug":"la-camara-del-trabajo-determino-que-la-reforma-laboral-de-milei-es-inconstitucional","status":"publish","type":"post","link":"https:\/\/diariotextual.com\/inicio\/index.php\/2024\/01\/30\/la-camara-del-trabajo-determino-que-la-reforma-laboral-de-milei-es-inconstitucional\/","title":{"rendered":"La C\u00e1mara del Trabajo determin\u00f3 que la reforma laboral de Milei es inconstitucional"},"content":{"rendered":"\n<p>La Sala de Feria de la C\u00e1mara del Trabajo resolvi\u00f3 el amparo planteado por la CGT y determin\u00f3 que\u00a0<strong>el cap\u00edtulo 4 del DNU 70\/2023 de Javier Milei es inconstitucional.\u00a0<\/strong>Sostuvieron que este tipo de reformas deben analizarse y debatirse en el Congreso. La decisi\u00f3n alcanza a los art\u00edculos vinculados a la reforma laboral que impulsa el gobierno nacional. El fallo al que accedi\u00f3\u00a0<strong>Infobae\u00a0<\/strong>fue firmado por los jueces\u00a0<strong>Manuel Diez Selva, H\u00e9ctor Guisado y Mario Fera,<\/strong>\u00a0que -de esta manera- rechazaron la apelaci\u00f3n que hab\u00eda hecho el Ejecutivo para dejar en pie el decreto en su tramo laboral. Se descuenta que el Gobierno apelar\u00e1 a trav\u00e9s de un recurso extraordinario ante la Corte Suprema.<\/p>\n\n\n\n<p>\u201cNo se registraba impedimento para la reuni\u00f3n de las c\u00e1maras del Congreso, e incluso el 27 de diciembre de 2023, es decir, con anterioridad a la fecha de entrada en vigencia del DNU 70\/2023, el \u00f3rgano legislativo se encontraba convocado, en funciones, y con facultades para examinar el contenido de las reformas propiciadas en dicho DNU\u201d, se sostuvo en el fallo.<\/p>\n\n\n\n<p>\u201cLos propios considerandos de dicho DNU traducen -al menos en lo que respecta a la materia laboral- que no se evidencia objetivamente la \u2018necesidad\u2019 de adoptar tan numerosas medidas, y que, aunque ello pudiera -hipot\u00e9ticamente- justificarse en las referencias gen\u00e9ricas a \u2018un hecho demostrado\u2019, lo cierto y jur\u00eddicamente relevante es que no se avizora que las que se alegan constituyan razones de \u2018urgencia\u2019 para eludir la debida intervenci\u00f3n del Poder Legislativo en lo que hace a la legislaci\u00f3n de fondo, m\u00e1xime cuando varias de las normas que el Poder Ejecutivo Nacional pretende modificar sin darle intervenci\u00f3n a los legisladores tienen naturaleza represiva o sancionatoria, al punto que se las ha incluido como integrativas del derecho penal laboral, calificadas como \u2018leyes antievasi\u00f3n\u2019\u201d, advirti\u00f3 la C\u00e1mara del Trabajo que, adem\u00e1s, orden\u00f3 inscribir este caso como proceso colectivo.<\/p>\n\n\n\n<p>La CGT reclam\u00f3 la inconstitucionalidad de la reforma laboral que fij\u00f3 el decreto en la \u00faltima semana del 2023, en el marco de una movilizaci\u00f3n que hizo al Palacio de Tribunales. En ese momento, el juez laboral\u00a0<strong>Jos\u00e9 Ignacio Ramonet<\/strong> \u00a0rechaz\u00f3 hacer lugar a una \u201cmedida cautelar interina\u201d\u00a0contra el DNU por el solo hecho de que para ese momento no hab\u00eda entrado en vigencia, pero se declar\u00f3 competente, le dio tres d\u00edas al Estado para que conteste el amparo y hasta detall\u00f3 qui\u00e9nes eran las autoridades de su fuero en enero para pedir la habilitaci\u00f3n de feria, en una clara se\u00f1al de intentar resolver con premura.<\/p>\n\n\n\n<p>Estrat\u00e9gicamente la\u00a0<strong>Procuraci\u00f3n del Tesoro de la Naci\u00f3n, a cargo de Rodolfo Barra,\u00a0<\/strong>hizo un planteo de inhibitoria para que la justicia en lo contencioso administrativo federal le pidiera a la laboral<strong>\u00a0que se declare incompetente\u00a0<\/strong>para intervenir en el amparo de la CGT. Y el juez Esteban Furnari sigui\u00f3 el pedido del Gobierno, pero en enero, durante la feria judicial, moment\u00e1neamente los expedientes cambiaron de manos. En contencioso, el juez Enrique Lavi\u00e9 Pico desarm\u00f3 el proceso colectivo y el fuero laboral defendi\u00f3 su competencia para avanzar en la causa de la CGT.<\/p>\n\n\n\n<p>Desde la C\u00e1mara del Trabajo, el 3 de enero, dos jueces -Alejandro Sudera y Andrea Garc\u00eda Vior- dictaron una medida cautelar que suspendi\u00f3 los cambios laborales. \u201cEs un hecho p\u00fablico y notorio que el de los trabajadores es un sector socialmente vulnerable y que se encuentran en juego derechos de naturaleza alimentaria -per se o por sus derivaciones-, no tengo dudas de que se encuentran configuradas las circunstancias graves y objetivamente impostergables que justifican el dictado de una medida cautelar suspendiendo la aplicabilidad de lo dispuesto en el Titulo IV TRABAJO del Decreto de Necesidad y Urgencia n.\u00b0 70\/23 hasta tanto recaiga sentencia definitiva sobre la cuesti\u00f3n de fondo ventilada en estos actuados (arg. art. 5\u00b0 segundo p\u00e1rrafo de la ley 26854)\u201d, sostuvieron los jueces. En disidencia, la magistrada Dora Gonz\u00e1lez consider\u00f3 que el caso deb\u00eda pasar a la C\u00e1mara Contencioso Administrativo Federal para que defina en qu\u00e9 fuero debe tramitar el expediente. El caso fue apelado ante la Corte Suprema.<\/p>\n\n\n\n<p>Pero faltaba resolver el fondo de la cuesti\u00f3n. El 24 de enero, la jueza nacional del Trabajo Liliana Rodr\u00edguez Fern\u00e1ndez declar\u00f3 inv\u00e1lidos seis art\u00edculos de la reforma laboral del decreto de necesidad y urgencia (DNU) 70 del gobierno nacional de Javier Milei. La decisi\u00f3n se dio el mismo d\u00eda que la CGT y otras entidades gremiales, pol\u00edticas y sociales hac\u00edan un paro nacional contra la medida.<\/p>\n\n\n\n<p>Los art\u00edculos que fueron declararon inv\u00e1lidos son el 73, 79, 86, 87, 88 y 97. Se trata de art\u00edculos que regulaban y modificaban modifica las condiciones de retenci\u00f3n de la cuota sindical, reglas para la negociaci\u00f3n colectiva, la vigencia de las cl\u00e1usulas obligacionales, el derecho de hacer asambleas \u201csin perjudicar las actividades normales de la empresa o afectar a terceros\u201d. Tambi\u00e9n el que consideraba como infracci\u00f3n muy grave bloquear o tomar un establecimiento durante una medida de fuerza y afectar la libertad de quienes quieran trabajar durante un paro y el que fijaba que para determinadas actividades esenciales se deb\u00eda garantizar la prestaci\u00f3n de entre el 50 y 75 por ciento del personal.<\/p>\n\n\n\n<p>La jueza declar\u00f3 la invalidez de esos art\u00edculos porque sostuvo son los que \u201cafectan de modo directo los intereses y los derechos\u201d de la CGT. \u201cPor el contrario, todos los restantes art\u00edculos corresponden al \u00e1mbito del derecho individual y por lo tanto a trabajadores, actuales o futuros, que en ejercicio de su libertad sindical estar\u00e1n o no afiliados a un gremio\u201d, dijo.<\/p>\n\n\n\n<p>Sobre esa decisi\u00f3n, apel\u00f3 la CGT y el Estado Nacional. La central obrera para hacer caer todo el DNU. El Estado, para revocar la decisi\u00f3n y validar la decisi\u00f3n del Ejecutivo. \u201cLa sentencia impugnada se dict\u00f3 prescindiendo de la realidad imperante que actualmente transita nuestra Naci\u00f3n -dijeron los abogado del Estado-. En ese marco de emergencia, resulta coherente proceder a la actualizaci\u00f3n del r\u00e9gimen laboral para permitir la inserci\u00f3n de la Rep\u00fablica Argentina en el mercado econ\u00f3mico internacional globalizado\u201d.<\/p>\n\n\n\n<p>Eso fue lo que se analiz\u00f3 este martes en el tribunal de feria de la C\u00e1mara del Trabajo. El foco de los cuestionamientos estuvo puesto en la elecci\u00f3n de llevar adelante esta reforma a trav\u00e9s de un DNU.<\/p>\n\n\n\n<p>La C\u00e1mara del Trabajo afirm\u00f3 que \u201cen lo que hace al tr\u00e1mite legislativo que el decreto pretende obviar, cabe mencionar que el Presidente de la Naci\u00f3n se encuentra facultado para convocar al Congreso a sesiones extraordinarias (art. 99 inc. 9 de la Constituci\u00f3n Nacional), y que tanto el Reglamento de la C\u00e1mara de Diputados como el de la C\u00e1mara de Senadores cuentan con herramientas que permitir\u00edan darle mayor celeridad al tratamiento de cada proyecto en caso de que sus autoridades o integrantes de los cuerpos lo requieran\u201d.<\/p>\n\n\n\n<p>Seg\u00fan se expres\u00f3, \u201creconociendo que la vulnerabilidad es una circunstancia que afecta a la persona que trabaja en relaci\u00f3n de dependencia, dada su desigualdad negocial, y que se hallan en juego derechos de naturaleza alimentaria -per se o por sus derivaciones-, se encuentran configuradas las circunstancias objetivas como para considerar que los temas introducidos -por su calidad estructural y su cantidad- en el T\u00edtulo IV del decreto en cuesti\u00f3n resultan de imprescindible debate espec\u00edfico y decisi\u00f3n por el Poder Legislativo\u201d.<\/p>\n\n\n\n<p>\u201cLas actuaciones desplegadas ante el Poder Judicial de la Naci\u00f3n y ante esta Justicia Nacional del Trabajo en particular han derivado en varios pronunciamientos fundados, cuya concatenaci\u00f3n procesal ha conducido al dictado de la sentencia que es objeto de revisi\u00f3n por esta Sala de Feria. En tales condiciones, el Tribunal se ve frente al deber de asumir la indelegable funci\u00f3n jurisdiccional de emitir un pronunciamiento -en pleno curso del proceso de intervenci\u00f3n de los poderes pol\u00edticos-, con la cuidadosa labor que ello implica estrictamente dentro del limitado marco de los planteos tra\u00eddos a conocimiento por las partes por v\u00eda del amparo, en relaci\u00f3n con los t\u00e9rminos de un instrumento normativo cuyas caracter\u00edsticas cualitativas y cuantitativas -objetivamente estructurales e impropias de la normal distribuci\u00f3n de funciones entre los departamentos del Estado, dado que exorbitan el ejercicio excepcional de funciones legislativas por parte del Poder Ejecutivo Nacional- exigen suma prudencia en la decisi\u00f3n que se adopte\u201d, determin\u00f3 el fallo.<\/p>\n\n\n\n<p><\/p>\n\n\n\n<p><\/p>\n","protected":false},"excerpt":{"rendered":"<p>La Sala de Feria de la C\u00e1mara del Trabajo resolvi\u00f3 el amparo planteado por la CGT y determin\u00f3 que\u00a0el cap\u00edtulo 4 del DNU 70\/2023 de Javier Milei es inconstitucional.\u00a0Sostuvieron que&hellip;<\/p>\n","protected":false},"author":3,"featured_media":252565,"comment_status":"closed","ping_status":"open","sticky":false,"template":"","format":"standard","meta":{"_acf_changed":false,"footnotes":""},"categories":[1,8],"tags":[],"class_list":["post-252563","post","type-post","status-publish","format-standard","has-post-thumbnail","hentry","category-es-noticia","category-politica"],"acf":[],"yoast_head":"<!-- This site is optimized with the Yoast SEO plugin v27.5 - https:\/\/yoast.com\/product\/yoast-seo-wordpress\/ -->\n<title>La C\u00e1mara del Trabajo determin\u00f3 que la reforma laboral de Milei es inconstitucional - Diario Textual<\/title>\n<meta name=\"robots\" content=\"index, follow, max-snippet:-1, max-image-preview:large, max-video-preview:-1\" \/>\n<link rel=\"canonical\" href=\"https:\/\/diariotextual.com\/inicio\/index.php\/2024\/01\/30\/la-camara-del-trabajo-determino-que-la-reforma-laboral-de-milei-es-inconstitucional\/\" \/>\n<meta property=\"og:locale\" content=\"es_ES\" \/>\n<meta property=\"og:type\" content=\"article\" \/>\n<meta property=\"og:title\" content=\"La C\u00e1mara del Trabajo determin\u00f3 que la reforma laboral de Milei es inconstitucional - Diario Textual\" \/>\n<meta property=\"og:description\" content=\"La Sala de Feria de la C\u00e1mara del Trabajo resolvi\u00f3 el amparo planteado por la CGT y determin\u00f3 que\u00a0el cap\u00edtulo 4 del DNU 70\/2023 de Javier Milei es inconstitucional.\u00a0Sostuvieron que&hellip;\" \/>\n<meta property=\"og:url\" content=\"https:\/\/diariotextual.com\/inicio\/index.php\/2024\/01\/30\/la-camara-del-trabajo-determino-que-la-reforma-laboral-de-milei-es-inconstitucional\/\" \/>\n<meta property=\"og:site_name\" content=\"Diario Textual\" \/>\n<meta property=\"article:publisher\" content=\"https:\/\/www.facebook.com\/eltextual\" \/>\n<meta property=\"article:published_time\" content=\"2024-01-30T19:17:51+00:00\" \/>\n<meta property=\"article:modified_time\" content=\"2024-01-30T21:53:21+00:00\" \/>\n<meta property=\"og:image\" content=\"https:\/\/diariotextual.com\/inicio\/wp-content\/uploads\/2024\/01\/moyanopablotelam2024-1.jpg\" \/>\n\t<meta property=\"og:image:width\" content=\"1200\" \/>\n\t<meta property=\"og:image:height\" content=\"675\" \/>\n\t<meta property=\"og:image:type\" content=\"image\/jpeg\" \/>\n<meta name=\"author\" content=\"Diario1 Diario1\" \/>\n<meta name=\"twitter:card\" content=\"summary_large_image\" \/>\n<meta name=\"twitter:creator\" content=\"@eltextual\" \/>\n<meta name=\"twitter:site\" content=\"@eltextual\" \/>\n<meta name=\"twitter:label1\" content=\"Escrito por\" \/>\n\t<meta name=\"twitter:data1\" content=\"Diario1 Diario1\" \/>\n\t<meta name=\"twitter:label2\" content=\"Tiempo de lectura\" \/>\n\t<meta name=\"twitter:data2\" content=\"7 minutos\" \/>\n<script type=\"application\/ld+json\" class=\"yoast-schema-graph\">{\"@context\":\"https:\\\/\\\/schema.org\",\"@graph\":[{\"@type\":\"Article\",\"@id\":\"https:\\\/\\\/diariotextual.com\\\/inicio\\\/index.php\\\/2024\\\/01\\\/30\\\/la-camara-del-trabajo-determino-que-la-reforma-laboral-de-milei-es-inconstitucional\\\/#article\",\"isPartOf\":{\"@id\":\"https:\\\/\\\/diariotextual.com\\\/inicio\\\/index.php\\\/2024\\\/01\\\/30\\\/la-camara-del-trabajo-determino-que-la-reforma-laboral-de-milei-es-inconstitucional\\\/\"},\"author\":{\"name\":\"Diario1 Diario1\",\"@id\":\"https:\\\/\\\/diariotextual.com\\\/inicio\\\/#\\\/schema\\\/person\\\/418fc4093c33e86ed41562db3508f958\"},\"headline\":\"La C\u00e1mara del Trabajo determin\u00f3 que la reforma laboral de Milei es inconstitucional\",\"datePublished\":\"2024-01-30T19:17:51+00:00\",\"dateModified\":\"2024-01-30T21:53:21+00:00\",\"mainEntityOfPage\":{\"@id\":\"https:\\\/\\\/diariotextual.com\\\/inicio\\\/index.php\\\/2024\\\/01\\\/30\\\/la-camara-del-trabajo-determino-que-la-reforma-laboral-de-milei-es-inconstitucional\\\/\"},\"wordCount\":1445,\"publisher\":{\"@id\":\"https:\\\/\\\/diariotextual.com\\\/inicio\\\/#organization\"},\"image\":{\"@id\":\"https:\\\/\\\/diariotextual.com\\\/inicio\\\/index.php\\\/2024\\\/01\\\/30\\\/la-camara-del-trabajo-determino-que-la-reforma-laboral-de-milei-es-inconstitucional\\\/#primaryimage\"},\"thumbnailUrl\":\"https:\\\/\\\/diariotextual.com\\\/inicio\\\/wp-content\\\/uploads\\\/2024\\\/01\\\/moyanopablotelam2024-1.jpg\",\"articleSection\":[\"A - ES NOTICIA (van abajo)\",\"POLITICA\"],\"inLanguage\":\"es\"},{\"@type\":\"WebPage\",\"@id\":\"https:\\\/\\\/diariotextual.com\\\/inicio\\\/index.php\\\/2024\\\/01\\\/30\\\/la-camara-del-trabajo-determino-que-la-reforma-laboral-de-milei-es-inconstitucional\\\/\",\"url\":\"https:\\\/\\\/diariotextual.com\\\/inicio\\\/index.php\\\/2024\\\/01\\\/30\\\/la-camara-del-trabajo-determino-que-la-reforma-laboral-de-milei-es-inconstitucional\\\/\",\"name\":\"La C\u00e1mara del Trabajo determin\u00f3 que la reforma laboral de Milei es inconstitucional - Diario Textual\",\"isPartOf\":{\"@id\":\"https:\\\/\\\/diariotextual.com\\\/inicio\\\/#website\"},\"primaryImageOfPage\":{\"@id\":\"https:\\\/\\\/diariotextual.com\\\/inicio\\\/index.php\\\/2024\\\/01\\\/30\\\/la-camara-del-trabajo-determino-que-la-reforma-laboral-de-milei-es-inconstitucional\\\/#primaryimage\"},\"image\":{\"@id\":\"https:\\\/\\\/diariotextual.com\\\/inicio\\\/index.php\\\/2024\\\/01\\\/30\\\/la-camara-del-trabajo-determino-que-la-reforma-laboral-de-milei-es-inconstitucional\\\/#primaryimage\"},\"thumbnailUrl\":\"https:\\\/\\\/diariotextual.com\\\/inicio\\\/wp-content\\\/uploads\\\/2024\\\/01\\\/moyanopablotelam2024-1.jpg\",\"datePublished\":\"2024-01-30T19:17:51+00:00\",\"dateModified\":\"2024-01-30T21:53:21+00:00\",\"breadcrumb\":{\"@id\":\"https:\\\/\\\/diariotextual.com\\\/inicio\\\/index.php\\\/2024\\\/01\\\/30\\\/la-camara-del-trabajo-determino-que-la-reforma-laboral-de-milei-es-inconstitucional\\\/#breadcrumb\"},\"inLanguage\":\"es\",\"potentialAction\":[{\"@type\":\"ReadAction\",\"target\":[\"https:\\\/\\\/diariotextual.com\\\/inicio\\\/index.php\\\/2024\\\/01\\\/30\\\/la-camara-del-trabajo-determino-que-la-reforma-laboral-de-milei-es-inconstitucional\\\/\"]}]},{\"@type\":\"ImageObject\",\"inLanguage\":\"es\",\"@id\":\"https:\\\/\\\/diariotextual.com\\\/inicio\\\/index.php\\\/2024\\\/01\\\/30\\\/la-camara-del-trabajo-determino-que-la-reforma-laboral-de-milei-es-inconstitucional\\\/#primaryimage\",\"url\":\"https:\\\/\\\/diariotextual.com\\\/inicio\\\/wp-content\\\/uploads\\\/2024\\\/01\\\/moyanopablotelam2024-1.jpg\",\"contentUrl\":\"https:\\\/\\\/diariotextual.com\\\/inicio\\\/wp-content\\\/uploads\\\/2024\\\/01\\\/moyanopablotelam2024-1.jpg\",\"width\":1200,\"height\":675},{\"@type\":\"BreadcrumbList\",\"@id\":\"https:\\\/\\\/diariotextual.com\\\/inicio\\\/index.php\\\/2024\\\/01\\\/30\\\/la-camara-del-trabajo-determino-que-la-reforma-laboral-de-milei-es-inconstitucional\\\/#breadcrumb\",\"itemListElement\":[{\"@type\":\"ListItem\",\"position\":1,\"name\":\"Portada\",\"item\":\"https:\\\/\\\/diariotextual.com\\\/inicio\\\/\"},{\"@type\":\"ListItem\",\"position\":2,\"name\":\"La C\u00e1mara del Trabajo determin\u00f3 que la reforma laboral de Milei es inconstitucional\"}]},{\"@type\":\"WebSite\",\"@id\":\"https:\\\/\\\/diariotextual.com\\\/inicio\\\/#website\",\"url\":\"https:\\\/\\\/diariotextual.com\\\/inicio\\\/\",\"name\":\"Diario Textual\",\"description\":\"\",\"publisher\":{\"@id\":\"https:\\\/\\\/diariotextual.com\\\/inicio\\\/#organization\"},\"potentialAction\":[{\"@type\":\"SearchAction\",\"target\":{\"@type\":\"EntryPoint\",\"urlTemplate\":\"https:\\\/\\\/diariotextual.com\\\/inicio\\\/?s={search_term_string}\"},\"query-input\":{\"@type\":\"PropertyValueSpecification\",\"valueRequired\":true,\"valueName\":\"search_term_string\"}}],\"inLanguage\":\"es\"},{\"@type\":\"Organization\",\"@id\":\"https:\\\/\\\/diariotextual.com\\\/inicio\\\/#organization\",\"name\":\"Diario Textual\",\"url\":\"https:\\\/\\\/diariotextual.com\\\/inicio\\\/\",\"logo\":{\"@type\":\"ImageObject\",\"inLanguage\":\"es\",\"@id\":\"https:\\\/\\\/diariotextual.com\\\/inicio\\\/#\\\/schema\\\/logo\\\/image\\\/\",\"url\":\"https:\\\/\\\/diariotextual.com\\\/inicio\\\/wp-content\\\/uploads\\\/2023\\\/05\\\/logotextual1.jpg\",\"contentUrl\":\"https:\\\/\\\/diariotextual.com\\\/inicio\\\/wp-content\\\/uploads\\\/2023\\\/05\\\/logotextual1.jpg\",\"width\":516,\"height\":76,\"caption\":\"Diario Textual\"},\"image\":{\"@id\":\"https:\\\/\\\/diariotextual.com\\\/inicio\\\/#\\\/schema\\\/logo\\\/image\\\/\"},\"sameAs\":[\"https:\\\/\\\/www.facebook.com\\\/eltextual\",\"https:\\\/\\\/x.com\\\/eltextual\",\"http:\\\/\\\/www.instagram.com\\\/eltextual\"]},{\"@type\":\"Person\",\"@id\":\"https:\\\/\\\/diariotextual.com\\\/inicio\\\/#\\\/schema\\\/person\\\/418fc4093c33e86ed41562db3508f958\",\"name\":\"Diario1 Diario1\",\"image\":{\"@type\":\"ImageObject\",\"inLanguage\":\"es\",\"@id\":\"https:\\\/\\\/secure.gravatar.com\\\/avatar\\\/9167d280179c85bc18be67aa7eda765854300033af4896dd779b608640f2ef7a?s=96&d=mm&r=g\",\"url\":\"https:\\\/\\\/secure.gravatar.com\\\/avatar\\\/9167d280179c85bc18be67aa7eda765854300033af4896dd779b608640f2ef7a?s=96&d=mm&r=g\",\"contentUrl\":\"https:\\\/\\\/secure.gravatar.com\\\/avatar\\\/9167d280179c85bc18be67aa7eda765854300033af4896dd779b608640f2ef7a?s=96&d=mm&r=g\",\"caption\":\"Diario1 Diario1\"},\"url\":\"https:\\\/\\\/diariotextual.com\\\/inicio\\\/index.php\\\/author\\\/diario1\\\/\"}]}<\/script>\n<!-- \/ Yoast SEO plugin. -->","yoast_head_json":{"title":"La C\u00e1mara del Trabajo determin\u00f3 que la reforma laboral de Milei es inconstitucional - Diario Textual","robots":{"index":"index","follow":"follow","max-snippet":"max-snippet:-1","max-image-preview":"max-image-preview:large","max-video-preview":"max-video-preview:-1"},"canonical":"https:\/\/diariotextual.com\/inicio\/index.php\/2024\/01\/30\/la-camara-del-trabajo-determino-que-la-reforma-laboral-de-milei-es-inconstitucional\/","og_locale":"es_ES","og_type":"article","og_title":"La C\u00e1mara del Trabajo determin\u00f3 que la reforma laboral de Milei es inconstitucional - Diario Textual","og_description":"La Sala de Feria de la C\u00e1mara del Trabajo resolvi\u00f3 el amparo planteado por la CGT y determin\u00f3 que\u00a0el cap\u00edtulo 4 del DNU 70\/2023 de Javier Milei es inconstitucional.\u00a0Sostuvieron que&hellip;","og_url":"https:\/\/diariotextual.com\/inicio\/index.php\/2024\/01\/30\/la-camara-del-trabajo-determino-que-la-reforma-laboral-de-milei-es-inconstitucional\/","og_site_name":"Diario Textual","article_publisher":"https:\/\/www.facebook.com\/eltextual","article_published_time":"2024-01-30T19:17:51+00:00","article_modified_time":"2024-01-30T21:53:21+00:00","og_image":[{"width":1200,"height":675,"url":"https:\/\/diariotextual.com\/inicio\/wp-content\/uploads\/2024\/01\/moyanopablotelam2024-1.jpg","type":"image\/jpeg"}],"author":"Diario1 Diario1","twitter_card":"summary_large_image","twitter_creator":"@eltextual","twitter_site":"@eltextual","twitter_misc":{"Escrito por":"Diario1 Diario1","Tiempo de lectura":"7 minutos"},"schema":{"@context":"https:\/\/schema.org","@graph":[{"@type":"Article","@id":"https:\/\/diariotextual.com\/inicio\/index.php\/2024\/01\/30\/la-camara-del-trabajo-determino-que-la-reforma-laboral-de-milei-es-inconstitucional\/#article","isPartOf":{"@id":"https:\/\/diariotextual.com\/inicio\/index.php\/2024\/01\/30\/la-camara-del-trabajo-determino-que-la-reforma-laboral-de-milei-es-inconstitucional\/"},"author":{"name":"Diario1 Diario1","@id":"https:\/\/diariotextual.com\/inicio\/#\/schema\/person\/418fc4093c33e86ed41562db3508f958"},"headline":"La C\u00e1mara del Trabajo determin\u00f3 que la reforma laboral de Milei es inconstitucional","datePublished":"2024-01-30T19:17:51+00:00","dateModified":"2024-01-30T21:53:21+00:00","mainEntityOfPage":{"@id":"https:\/\/diariotextual.com\/inicio\/index.php\/2024\/01\/30\/la-camara-del-trabajo-determino-que-la-reforma-laboral-de-milei-es-inconstitucional\/"},"wordCount":1445,"publisher":{"@id":"https:\/\/diariotextual.com\/inicio\/#organization"},"image":{"@id":"https:\/\/diariotextual.com\/inicio\/index.php\/2024\/01\/30\/la-camara-del-trabajo-determino-que-la-reforma-laboral-de-milei-es-inconstitucional\/#primaryimage"},"thumbnailUrl":"https:\/\/diariotextual.com\/inicio\/wp-content\/uploads\/2024\/01\/moyanopablotelam2024-1.jpg","articleSection":["A - ES NOTICIA (van abajo)","POLITICA"],"inLanguage":"es"},{"@type":"WebPage","@id":"https:\/\/diariotextual.com\/inicio\/index.php\/2024\/01\/30\/la-camara-del-trabajo-determino-que-la-reforma-laboral-de-milei-es-inconstitucional\/","url":"https:\/\/diariotextual.com\/inicio\/index.php\/2024\/01\/30\/la-camara-del-trabajo-determino-que-la-reforma-laboral-de-milei-es-inconstitucional\/","name":"La C\u00e1mara del Trabajo determin\u00f3 que la reforma laboral de Milei es inconstitucional - Diario Textual","isPartOf":{"@id":"https:\/\/diariotextual.com\/inicio\/#website"},"primaryImageOfPage":{"@id":"https:\/\/diariotextual.com\/inicio\/index.php\/2024\/01\/30\/la-camara-del-trabajo-determino-que-la-reforma-laboral-de-milei-es-inconstitucional\/#primaryimage"},"image":{"@id":"https:\/\/diariotextual.com\/inicio\/index.php\/2024\/01\/30\/la-camara-del-trabajo-determino-que-la-reforma-laboral-de-milei-es-inconstitucional\/#primaryimage"},"thumbnailUrl":"https:\/\/diariotextual.com\/inicio\/wp-content\/uploads\/2024\/01\/moyanopablotelam2024-1.jpg","datePublished":"2024-01-30T19:17:51+00:00","dateModified":"2024-01-30T21:53:21+00:00","breadcrumb":{"@id":"https:\/\/diariotextual.com\/inicio\/index.php\/2024\/01\/30\/la-camara-del-trabajo-determino-que-la-reforma-laboral-de-milei-es-inconstitucional\/#breadcrumb"},"inLanguage":"es","potentialAction":[{"@type":"ReadAction","target":["https:\/\/diariotextual.com\/inicio\/index.php\/2024\/01\/30\/la-camara-del-trabajo-determino-que-la-reforma-laboral-de-milei-es-inconstitucional\/"]}]},{"@type":"ImageObject","inLanguage":"es","@id":"https:\/\/diariotextual.com\/inicio\/index.php\/2024\/01\/30\/la-camara-del-trabajo-determino-que-la-reforma-laboral-de-milei-es-inconstitucional\/#primaryimage","url":"https:\/\/diariotextual.com\/inicio\/wp-content\/uploads\/2024\/01\/moyanopablotelam2024-1.jpg","contentUrl":"https:\/\/diariotextual.com\/inicio\/wp-content\/uploads\/2024\/01\/moyanopablotelam2024-1.jpg","width":1200,"height":675},{"@type":"BreadcrumbList","@id":"https:\/\/diariotextual.com\/inicio\/index.php\/2024\/01\/30\/la-camara-del-trabajo-determino-que-la-reforma-laboral-de-milei-es-inconstitucional\/#breadcrumb","itemListElement":[{"@type":"ListItem","position":1,"name":"Portada","item":"https:\/\/diariotextual.com\/inicio\/"},{"@type":"ListItem","position":2,"name":"La C\u00e1mara del Trabajo determin\u00f3 que la reforma laboral de Milei es inconstitucional"}]},{"@type":"WebSite","@id":"https:\/\/diariotextual.com\/inicio\/#website","url":"https:\/\/diariotextual.com\/inicio\/","name":"Diario Textual","description":"","publisher":{"@id":"https:\/\/diariotextual.com\/inicio\/#organization"},"potentialAction":[{"@type":"SearchAction","target":{"@type":"EntryPoint","urlTemplate":"https:\/\/diariotextual.com\/inicio\/?s={search_term_string}"},"query-input":{"@type":"PropertyValueSpecification","valueRequired":true,"valueName":"search_term_string"}}],"inLanguage":"es"},{"@type":"Organization","@id":"https:\/\/diariotextual.com\/inicio\/#organization","name":"Diario Textual","url":"https:\/\/diariotextual.com\/inicio\/","logo":{"@type":"ImageObject","inLanguage":"es","@id":"https:\/\/diariotextual.com\/inicio\/#\/schema\/logo\/image\/","url":"https:\/\/diariotextual.com\/inicio\/wp-content\/uploads\/2023\/05\/logotextual1.jpg","contentUrl":"https:\/\/diariotextual.com\/inicio\/wp-content\/uploads\/2023\/05\/logotextual1.jpg","width":516,"height":76,"caption":"Diario Textual"},"image":{"@id":"https:\/\/diariotextual.com\/inicio\/#\/schema\/logo\/image\/"},"sameAs":["https:\/\/www.facebook.com\/eltextual","https:\/\/x.com\/eltextual","http:\/\/www.instagram.com\/eltextual"]},{"@type":"Person","@id":"https:\/\/diariotextual.com\/inicio\/#\/schema\/person\/418fc4093c33e86ed41562db3508f958","name":"Diario1 Diario1","image":{"@type":"ImageObject","inLanguage":"es","@id":"https:\/\/secure.gravatar.com\/avatar\/9167d280179c85bc18be67aa7eda765854300033af4896dd779b608640f2ef7a?s=96&d=mm&r=g","url":"https:\/\/secure.gravatar.com\/avatar\/9167d280179c85bc18be67aa7eda765854300033af4896dd779b608640f2ef7a?s=96&d=mm&r=g","contentUrl":"https:\/\/secure.gravatar.com\/avatar\/9167d280179c85bc18be67aa7eda765854300033af4896dd779b608640f2ef7a?s=96&d=mm&r=g","caption":"Diario1 Diario1"},"url":"https:\/\/diariotextual.com\/inicio\/index.php\/author\/diario1\/"}]}},"_links":{"self":[{"href":"https:\/\/diariotextual.com\/inicio\/index.php\/wp-json\/wp\/v2\/posts\/252563","targetHints":{"allow":["GET"]}}],"collection":[{"href":"https:\/\/diariotextual.com\/inicio\/index.php\/wp-json\/wp\/v2\/posts"}],"about":[{"href":"https:\/\/diariotextual.com\/inicio\/index.php\/wp-json\/wp\/v2\/types\/post"}],"author":[{"embeddable":true,"href":"https:\/\/diariotextual.com\/inicio\/index.php\/wp-json\/wp\/v2\/users\/3"}],"replies":[{"embeddable":true,"href":"https:\/\/diariotextual.com\/inicio\/index.php\/wp-json\/wp\/v2\/comments?post=252563"}],"version-history":[{"count":4,"href":"https:\/\/diariotextual.com\/inicio\/index.php\/wp-json\/wp\/v2\/posts\/252563\/revisions"}],"predecessor-version":[{"id":252570,"href":"https:\/\/diariotextual.com\/inicio\/index.php\/wp-json\/wp\/v2\/posts\/252563\/revisions\/252570"}],"wp:featuredmedia":[{"embeddable":true,"href":"https:\/\/diariotextual.com\/inicio\/index.php\/wp-json\/wp\/v2\/media\/252565"}],"wp:attachment":[{"href":"https:\/\/diariotextual.com\/inicio\/index.php\/wp-json\/wp\/v2\/media?parent=252563"}],"wp:term":[{"taxonomy":"category","embeddable":true,"href":"https:\/\/diariotextual.com\/inicio\/index.php\/wp-json\/wp\/v2\/categories?post=252563"},{"taxonomy":"post_tag","embeddable":true,"href":"https:\/\/diariotextual.com\/inicio\/index.php\/wp-json\/wp\/v2\/tags?post=252563"}],"curies":[{"name":"wp","href":"https:\/\/api.w.org\/{rel}","templated":true}]}}