{"id":252629,"date":"2024-01-31T11:27:07","date_gmt":"2024-01-31T14:27:07","guid":{"rendered":"https:\/\/diariotextual.com\/inicio\/?p=252629"},"modified":"2024-01-31T21:47:06","modified_gmt":"2024-02-01T00:47:06","slug":"diputados-comienza-a-tratar-este-miercoles-la-ley-bases-luego-de-asegurarse-quorum","status":"publish","type":"post","link":"https:\/\/diariotextual.com\/inicio\/index.php\/2024\/01\/31\/diputados-comienza-a-tratar-este-miercoles-la-ley-bases-luego-de-asegurarse-quorum\/","title":{"rendered":"Diputados comenz\u00f3 a tratar la Ley Bases"},"content":{"rendered":"\n<p>La C\u00e1mara de Diputados inici\u00f3 a las 10.30 de este mi\u00e9rcoles la <strong>sesi\u00f3n especial<\/strong> en la que buscar\u00e1 aprobar el proyecto de ley <strong>Bases y Puntos de Partida para la Libertad de los Argentinos<\/strong>, impulsado por el Gobierno nacional, en un plenario que demandar\u00e1\u00a0al menos 30 horas\u00a0de debate con al menos un cuarto intermedio.<\/p>\n\n\n\n<figure class=\"wp-block-embed is-type-wp-embed is-provider-diario-textual wp-block-embed-diario-textual\"><div class=\"wp-block-embed__wrapper\">\n<blockquote class=\"wp-embedded-content\" data-secret=\"0voHS8qtnU\"><a href=\"https:\/\/diariotextual.com\/inicio\/index.php\/2024\/01\/30\/la-ley-omnibus-y-los-pampeanos-la-radical-coli-definio-votar-a-favor-al-igual-que-el-pro\/\">Luz verde a m\u00e1s ajuste: la radical Coli y los dos del PRO le votan la ley \u00f3mnibus a Milei<\/a><\/blockquote><iframe class=\"wp-embedded-content\" sandbox=\"allow-scripts\" security=\"restricted\" style=\"position: absolute; clip: rect(1px, 1px, 1px, 1px);\" title=\"\u00abLuz verde a m\u00e1s ajuste: la radical Coli y los dos del PRO le votan la ley \u00f3mnibus a Milei\u00bb \u2014 Diario Textual\" src=\"https:\/\/diariotextual.com\/inicio\/index.php\/2024\/01\/30\/la-ley-omnibus-y-los-pampeanos-la-radical-coli-definio-votar-a-favor-al-igual-que-el-pro\/embed\/#?secret=JiVSdornQj#?secret=0voHS8qtnU\" data-secret=\"0voHS8qtnU\" width=\"600\" height=\"338\" frameborder=\"0\" marginwidth=\"0\" marginheight=\"0\" scrolling=\"no\"><\/iframe>\n<\/div><\/figure>\n\n\n\n<p>Con la presencia de\u00a0137 diputados en el recinto, el oficialismo consigui\u00f3 ampliamente el qu\u00f3rum de 129 diputados necesarios para sesionar con los denominados bloques dialoguistas la UCR, el PRO, Innovaci\u00f3n Federal y Hacemos Coalici\u00f3n Federal.<\/p>\n\n\n\n<p>Anoche, en una reuni\u00f3n de Labor Parlamentaria encabezada por el presidente de la C\u00e1mara de Diputados, Mart\u00edn Menem, junto con los jefes de bloques, el oficialismo se garantiz\u00f3 el qu\u00f3rum de 129 diputados necesarios para poder iniciar la sesi\u00f3n especial en la C\u00e1mara de Diputados y la votaci\u00f3n favorable en general del proyecto de ley Bases.<\/p>\n\n\n\n<p>De todos modos,\u00a0persist\u00edan diferencias sobre la propuesta del Gobierno para tener autorizaci\u00f3n para privatizar una cuarenta empresas p\u00fablicas.<\/p>\n\n\n\n<p>Seg\u00fan se acord\u00f3 en esa reuni\u00f3n, la sesi\u00f3n demandar\u00e1 al menos 30 horas de debate por la cantidad de oradores y temas a tratar, y tendr\u00e1 un cuarto intermedio para retomar este jueves el tratamiento del proyecto aunque hasta hora no se sabe si se har\u00e1 antes o despu\u00e9s de la aprobaci\u00f3n en general de la iniciativa.<\/p>\n\n\n\n<p>Los oradores de los dict\u00e1menes tendr\u00e1n 20 minutos cada uno y ser\u00e1n, por el de mayor\u00eda, el diputado de LLA, Gabriel Bornoroni, presidente de la comisi\u00f3n de Legislaci\u00f3n General, en tanto que por los de minor\u00eda lo har\u00e1n Carlos Heller (UXP), Juan Manuel L\u00f3pez (CC), M\u00f3nica Fein (Partido Socialista) y Christian Castillo (Frente de Izquierda).<\/p>\n\n\n\n<p>Apenas arranc\u00f3 la sesi\u00f3n, que es la primera que conducir\u00e1 Menem, la C\u00e1mara Baja\u00a0tom\u00f3 juramento a los diputados nacionales\u00a0Ernesto Ali (UxP-San Luis), intendente de La Toma que pidi\u00f3 licencia para asumir su banca de diputado, y M\u00f3nica Ferreyra (La Libertad Avanza-CABA), que reemplazar\u00e1 a Diana Mondino, ministra de Relaciones Exteriores.<\/p>\n\n\n\n<p>Adem\u00e1s, y debido a que hab\u00eda quedado pendiente tras la elecci\u00f3n de autoridades de la c\u00e1mara el pasado 10 de diciembre, se aprob\u00f3 por unanimidad la continuidad de Ana Laura Lozano como Prosecretaria parlamentaria, a propuesta del bloque de UXP.<\/p>\n\n\n\n<p>Luego, Menem propuso realizar\u00a0un minuto de silencio en homenaje al fallecido exdiputado nacional y exgobernador de la Pampa, Rub\u00e9n Mar\u00edn.<\/p>\n\n\n\n<p>Posteriormente, el plenario del cuerpo legislativo tiene su hora y media de cuestiones de privilegio y declaraciones pol\u00edticas, previo al debate del dictamen de mayor\u00eda.<\/p>\n\n\n\n<p>Los cambios al dictamen de mayor\u00eda que se redujeron de 524 a 385 art\u00edculos se leer\u00e1n al comenzar el debate que ser\u00e1 abierto con el discurso que pronunciar\u00e1 el presidente de la comisi\u00f3n de Legislaci\u00f3n General, el diputado de LLA por C\u00f3rdoba, Gabriel Bornoroni.<\/p>\n\n\n\n<p>El oficialismo se garantiz\u00f3 el piso de 129 diputados para habilitar la sesi\u00f3n, ya que tanto la bancada radical, el PRO, Hacemos Coalici\u00f3n Federal e Innovaci\u00f3n ya hab\u00edan anunciado en las \u00faltimas horas que colaborar\u00e1n para conformar el qu\u00f3rum y anticiparon que votar\u00e1n en general el dictamen de la mayor\u00eda.<\/p>\n\n\n\n<p>De esta manera, LLA que tiene 38 diputados y 7 aliados firmes, necesitaba el respaldo de las tres bancadas dialoguistas para aprobar cada art\u00edculo de la ley y eso no lo ten\u00eda garantizado en algunos cap\u00edtulos, como la privatizaci\u00f3n de empresas p\u00fablicas.<\/p>\n\n\n\n<p>Hasta ahora,\u00a0tiene garantizados m\u00e1s de 140 votos para la aprobaci\u00f3n en general\u00a0y necesita reunir por lo menos 128 sufragios -teniendo en cuenta que Menem no vota- para imponerse en cada cap\u00edtulo del dictamen de un proyecto que tiene 385 art\u00edculos.<\/p>\n\n\n\n<p>Tras quitar el cap\u00edtulo fiscal y el sistema de actualizaciones de jubilaciones, los principales puntos del dictamen de mayor\u00eda que se debatir\u00e1n ser\u00e1n la declaraci\u00f3n de emergencia p\u00fablica, la reforma del Estado, y las privatizaciones de empresas p\u00fablicas.<\/p>\n\n\n\n<p>Por ese motivo, Menem, mantuvo hasta anoche conversaciones con los bloques dialoguistas para superar las diferencias sobre privatizaciones, seguridad, pesca, hidrocarburos, biocombustibles y aumentos de impuestos internos.<\/p>\n\n\n\n<p>En cuanto a las\u00a0facultades delegadas, el Gobierno acept\u00f3 limitar la emergencia p\u00fablica de once a siete materias: econ\u00f3mica, financiera, fiscal, de seguridad, tarifaria, energ\u00e9tica y administrativa, aunque a\u00fan hab\u00eda un pedido de Hacemos y la UCR de eliminar la energ\u00e9tica, tarifaria y de seguridad.<\/p>\n\n\n\n<p>Sobre las\u00a0privatizaciones, el Poder Ejecutivo propone vender todas las empresas p\u00fablicas -con excepci\u00f3n de YPF- y en el caso de Nucleoel\u00e9ctrica, Banco Naci\u00f3n y Arsat se estableci\u00f3 que el Estado solamente puede realizar una privatizaci\u00f3n parcial, debiendo mantener el control de la empresa.<\/p>\n\n\n\n<p>Ah\u00ed el radicalismo quiere que haya un compromiso para que el Gobierno env\u00ede un proyecto por cada empresa que quiera privatizar, y Hacemos quiere eliminar de esa lista al Banco Naci\u00f3n, Arsat y Nucleoel\u00e9ctrica.<\/p>\n","protected":false},"excerpt":{"rendered":"<p>La C\u00e1mara de Diputados inici\u00f3 a las 10.30 de este mi\u00e9rcoles la sesi\u00f3n especial en la que buscar\u00e1 aprobar el proyecto de ley Bases y Puntos de Partida para la&hellip;<\/p>\n","protected":false},"author":3,"featured_media":215522,"comment_status":"closed","ping_status":"open","sticky":false,"template":"","format":"standard","meta":{"_acf_changed":false,"footnotes":""},"categories":[8],"tags":[],"class_list":["post-252629","post","type-post","status-publish","format-standard","has-post-thumbnail","hentry","category-politica"],"acf":[],"yoast_head":"<!-- This site is optimized with the Yoast SEO plugin v27.5 - https:\/\/yoast.com\/product\/yoast-seo-wordpress\/ -->\n<title>Diputados comenz\u00f3 a tratar la Ley Bases - Diario Textual<\/title>\n<meta name=\"robots\" content=\"index, follow, max-snippet:-1, max-image-preview:large, max-video-preview:-1\" \/>\n<link rel=\"canonical\" href=\"https:\/\/diariotextual.com\/inicio\/index.php\/2024\/01\/31\/diputados-comienza-a-tratar-este-miercoles-la-ley-bases-luego-de-asegurarse-quorum\/\" \/>\n<meta property=\"og:locale\" content=\"es_ES\" \/>\n<meta property=\"og:type\" content=\"article\" \/>\n<meta property=\"og:title\" content=\"Diputados comenz\u00f3 a tratar la Ley Bases - Diario Textual\" \/>\n<meta property=\"og:description\" content=\"La C\u00e1mara de Diputados inici\u00f3 a las 10.30 de este mi\u00e9rcoles la sesi\u00f3n especial en la que buscar\u00e1 aprobar el proyecto de ley Bases y Puntos de Partida para la&hellip;\" \/>\n<meta property=\"og:url\" content=\"https:\/\/diariotextual.com\/inicio\/index.php\/2024\/01\/31\/diputados-comienza-a-tratar-este-miercoles-la-ley-bases-luego-de-asegurarse-quorum\/\" \/>\n<meta property=\"og:site_name\" content=\"Diario Textual\" \/>\n<meta property=\"article:publisher\" content=\"https:\/\/www.facebook.com\/eltextual\" \/>\n<meta property=\"article:published_time\" content=\"2024-01-31T14:27:07+00:00\" \/>\n<meta property=\"article:modified_time\" content=\"2024-02-01T00:47:06+00:00\" \/>\n<meta property=\"og:image\" content=\"https:\/\/diariotextual.com\/inicio\/wp-content\/uploads\/2023\/02\/congresonacionalsenadoresdiputados2023-1.jpeg\" \/>\n\t<meta property=\"og:image:width\" content=\"2048\" \/>\n\t<meta property=\"og:image:height\" content=\"1366\" \/>\n\t<meta property=\"og:image:type\" content=\"image\/jpeg\" \/>\n<meta name=\"author\" content=\"Diario1 Diario1\" \/>\n<meta name=\"twitter:card\" content=\"summary_large_image\" \/>\n<meta name=\"twitter:creator\" content=\"@eltextual\" \/>\n<meta name=\"twitter:site\" content=\"@eltextual\" \/>\n<meta name=\"twitter:label1\" content=\"Escrito por\" \/>\n\t<meta name=\"twitter:data1\" content=\"Diario1 Diario1\" \/>\n\t<meta name=\"twitter:label2\" content=\"Tiempo de lectura\" \/>\n\t<meta name=\"twitter:data2\" content=\"4 minutos\" \/>\n<script type=\"application\/ld+json\" class=\"yoast-schema-graph\">{\"@context\":\"https:\\\/\\\/schema.org\",\"@graph\":[{\"@type\":\"Article\",\"@id\":\"https:\\\/\\\/diariotextual.com\\\/inicio\\\/index.php\\\/2024\\\/01\\\/31\\\/diputados-comienza-a-tratar-este-miercoles-la-ley-bases-luego-de-asegurarse-quorum\\\/#article\",\"isPartOf\":{\"@id\":\"https:\\\/\\\/diariotextual.com\\\/inicio\\\/index.php\\\/2024\\\/01\\\/31\\\/diputados-comienza-a-tratar-este-miercoles-la-ley-bases-luego-de-asegurarse-quorum\\\/\"},\"author\":{\"name\":\"Diario1 Diario1\",\"@id\":\"https:\\\/\\\/diariotextual.com\\\/inicio\\\/#\\\/schema\\\/person\\\/418fc4093c33e86ed41562db3508f958\"},\"headline\":\"Diputados comenz\u00f3 a tratar la Ley Bases\",\"datePublished\":\"2024-01-31T14:27:07+00:00\",\"dateModified\":\"2024-02-01T00:47:06+00:00\",\"mainEntityOfPage\":{\"@id\":\"https:\\\/\\\/diariotextual.com\\\/inicio\\\/index.php\\\/2024\\\/01\\\/31\\\/diputados-comienza-a-tratar-este-miercoles-la-ley-bases-luego-de-asegurarse-quorum\\\/\"},\"wordCount\":867,\"publisher\":{\"@id\":\"https:\\\/\\\/diariotextual.com\\\/inicio\\\/#organization\"},\"image\":{\"@id\":\"https:\\\/\\\/diariotextual.com\\\/inicio\\\/index.php\\\/2024\\\/01\\\/31\\\/diputados-comienza-a-tratar-este-miercoles-la-ley-bases-luego-de-asegurarse-quorum\\\/#primaryimage\"},\"thumbnailUrl\":\"https:\\\/\\\/diariotextual.com\\\/inicio\\\/wp-content\\\/uploads\\\/2023\\\/02\\\/congresonacionalsenadoresdiputados2023-1.jpeg\",\"articleSection\":[\"POLITICA\"],\"inLanguage\":\"es\"},{\"@type\":\"WebPage\",\"@id\":\"https:\\\/\\\/diariotextual.com\\\/inicio\\\/index.php\\\/2024\\\/01\\\/31\\\/diputados-comienza-a-tratar-este-miercoles-la-ley-bases-luego-de-asegurarse-quorum\\\/\",\"url\":\"https:\\\/\\\/diariotextual.com\\\/inicio\\\/index.php\\\/2024\\\/01\\\/31\\\/diputados-comienza-a-tratar-este-miercoles-la-ley-bases-luego-de-asegurarse-quorum\\\/\",\"name\":\"Diputados comenz\u00f3 a tratar la Ley Bases - Diario Textual\",\"isPartOf\":{\"@id\":\"https:\\\/\\\/diariotextual.com\\\/inicio\\\/#website\"},\"primaryImageOfPage\":{\"@id\":\"https:\\\/\\\/diariotextual.com\\\/inicio\\\/index.php\\\/2024\\\/01\\\/31\\\/diputados-comienza-a-tratar-este-miercoles-la-ley-bases-luego-de-asegurarse-quorum\\\/#primaryimage\"},\"image\":{\"@id\":\"https:\\\/\\\/diariotextual.com\\\/inicio\\\/index.php\\\/2024\\\/01\\\/31\\\/diputados-comienza-a-tratar-este-miercoles-la-ley-bases-luego-de-asegurarse-quorum\\\/#primaryimage\"},\"thumbnailUrl\":\"https:\\\/\\\/diariotextual.com\\\/inicio\\\/wp-content\\\/uploads\\\/2023\\\/02\\\/congresonacionalsenadoresdiputados2023-1.jpeg\",\"datePublished\":\"2024-01-31T14:27:07+00:00\",\"dateModified\":\"2024-02-01T00:47:06+00:00\",\"breadcrumb\":{\"@id\":\"https:\\\/\\\/diariotextual.com\\\/inicio\\\/index.php\\\/2024\\\/01\\\/31\\\/diputados-comienza-a-tratar-este-miercoles-la-ley-bases-luego-de-asegurarse-quorum\\\/#breadcrumb\"},\"inLanguage\":\"es\",\"potentialAction\":[{\"@type\":\"ReadAction\",\"target\":[\"https:\\\/\\\/diariotextual.com\\\/inicio\\\/index.php\\\/2024\\\/01\\\/31\\\/diputados-comienza-a-tratar-este-miercoles-la-ley-bases-luego-de-asegurarse-quorum\\\/\"]}]},{\"@type\":\"ImageObject\",\"inLanguage\":\"es\",\"@id\":\"https:\\\/\\\/diariotextual.com\\\/inicio\\\/index.php\\\/2024\\\/01\\\/31\\\/diputados-comienza-a-tratar-este-miercoles-la-ley-bases-luego-de-asegurarse-quorum\\\/#primaryimage\",\"url\":\"https:\\\/\\\/diariotextual.com\\\/inicio\\\/wp-content\\\/uploads\\\/2023\\\/02\\\/congresonacionalsenadoresdiputados2023-1.jpeg\",\"contentUrl\":\"https:\\\/\\\/diariotextual.com\\\/inicio\\\/wp-content\\\/uploads\\\/2023\\\/02\\\/congresonacionalsenadoresdiputados2023-1.jpeg\",\"width\":2048,\"height\":1366},{\"@type\":\"BreadcrumbList\",\"@id\":\"https:\\\/\\\/diariotextual.com\\\/inicio\\\/index.php\\\/2024\\\/01\\\/31\\\/diputados-comienza-a-tratar-este-miercoles-la-ley-bases-luego-de-asegurarse-quorum\\\/#breadcrumb\",\"itemListElement\":[{\"@type\":\"ListItem\",\"position\":1,\"name\":\"Portada\",\"item\":\"https:\\\/\\\/diariotextual.com\\\/inicio\\\/\"},{\"@type\":\"ListItem\",\"position\":2,\"name\":\"Diputados comenz\u00f3 a tratar la Ley Bases\"}]},{\"@type\":\"WebSite\",\"@id\":\"https:\\\/\\\/diariotextual.com\\\/inicio\\\/#website\",\"url\":\"https:\\\/\\\/diariotextual.com\\\/inicio\\\/\",\"name\":\"Diario Textual\",\"description\":\"\",\"publisher\":{\"@id\":\"https:\\\/\\\/diariotextual.com\\\/inicio\\\/#organization\"},\"potentialAction\":[{\"@type\":\"SearchAction\",\"target\":{\"@type\":\"EntryPoint\",\"urlTemplate\":\"https:\\\/\\\/diariotextual.com\\\/inicio\\\/?s={search_term_string}\"},\"query-input\":{\"@type\":\"PropertyValueSpecification\",\"valueRequired\":true,\"valueName\":\"search_term_string\"}}],\"inLanguage\":\"es\"},{\"@type\":\"Organization\",\"@id\":\"https:\\\/\\\/diariotextual.com\\\/inicio\\\/#organization\",\"name\":\"Diario Textual\",\"url\":\"https:\\\/\\\/diariotextual.com\\\/inicio\\\/\",\"logo\":{\"@type\":\"ImageObject\",\"inLanguage\":\"es\",\"@id\":\"https:\\\/\\\/diariotextual.com\\\/inicio\\\/#\\\/schema\\\/logo\\\/image\\\/\",\"url\":\"https:\\\/\\\/diariotextual.com\\\/inicio\\\/wp-content\\\/uploads\\\/2023\\\/05\\\/logotextual1.jpg\",\"contentUrl\":\"https:\\\/\\\/diariotextual.com\\\/inicio\\\/wp-content\\\/uploads\\\/2023\\\/05\\\/logotextual1.jpg\",\"width\":516,\"height\":76,\"caption\":\"Diario Textual\"},\"image\":{\"@id\":\"https:\\\/\\\/diariotextual.com\\\/inicio\\\/#\\\/schema\\\/logo\\\/image\\\/\"},\"sameAs\":[\"https:\\\/\\\/www.facebook.com\\\/eltextual\",\"https:\\\/\\\/x.com\\\/eltextual\",\"http:\\\/\\\/www.instagram.com\\\/eltextual\"]},{\"@type\":\"Person\",\"@id\":\"https:\\\/\\\/diariotextual.com\\\/inicio\\\/#\\\/schema\\\/person\\\/418fc4093c33e86ed41562db3508f958\",\"name\":\"Diario1 Diario1\",\"image\":{\"@type\":\"ImageObject\",\"inLanguage\":\"es\",\"@id\":\"https:\\\/\\\/secure.gravatar.com\\\/avatar\\\/9167d280179c85bc18be67aa7eda765854300033af4896dd779b608640f2ef7a?s=96&d=mm&r=g\",\"url\":\"https:\\\/\\\/secure.gravatar.com\\\/avatar\\\/9167d280179c85bc18be67aa7eda765854300033af4896dd779b608640f2ef7a?s=96&d=mm&r=g\",\"contentUrl\":\"https:\\\/\\\/secure.gravatar.com\\\/avatar\\\/9167d280179c85bc18be67aa7eda765854300033af4896dd779b608640f2ef7a?s=96&d=mm&r=g\",\"caption\":\"Diario1 Diario1\"},\"url\":\"https:\\\/\\\/diariotextual.com\\\/inicio\\\/index.php\\\/author\\\/diario1\\\/\"}]}<\/script>\n<!-- \/ Yoast SEO plugin. -->","yoast_head_json":{"title":"Diputados comenz\u00f3 a tratar la Ley Bases - Diario Textual","robots":{"index":"index","follow":"follow","max-snippet":"max-snippet:-1","max-image-preview":"max-image-preview:large","max-video-preview":"max-video-preview:-1"},"canonical":"https:\/\/diariotextual.com\/inicio\/index.php\/2024\/01\/31\/diputados-comienza-a-tratar-este-miercoles-la-ley-bases-luego-de-asegurarse-quorum\/","og_locale":"es_ES","og_type":"article","og_title":"Diputados comenz\u00f3 a tratar la Ley Bases - Diario Textual","og_description":"La C\u00e1mara de Diputados inici\u00f3 a las 10.30 de este mi\u00e9rcoles la sesi\u00f3n especial en la que buscar\u00e1 aprobar el proyecto de ley Bases y Puntos de Partida para la&hellip;","og_url":"https:\/\/diariotextual.com\/inicio\/index.php\/2024\/01\/31\/diputados-comienza-a-tratar-este-miercoles-la-ley-bases-luego-de-asegurarse-quorum\/","og_site_name":"Diario Textual","article_publisher":"https:\/\/www.facebook.com\/eltextual","article_published_time":"2024-01-31T14:27:07+00:00","article_modified_time":"2024-02-01T00:47:06+00:00","og_image":[{"width":2048,"height":1366,"url":"https:\/\/diariotextual.com\/inicio\/wp-content\/uploads\/2023\/02\/congresonacionalsenadoresdiputados2023-1.jpeg","type":"image\/jpeg"}],"author":"Diario1 Diario1","twitter_card":"summary_large_image","twitter_creator":"@eltextual","twitter_site":"@eltextual","twitter_misc":{"Escrito por":"Diario1 Diario1","Tiempo de lectura":"4 minutos"},"schema":{"@context":"https:\/\/schema.org","@graph":[{"@type":"Article","@id":"https:\/\/diariotextual.com\/inicio\/index.php\/2024\/01\/31\/diputados-comienza-a-tratar-este-miercoles-la-ley-bases-luego-de-asegurarse-quorum\/#article","isPartOf":{"@id":"https:\/\/diariotextual.com\/inicio\/index.php\/2024\/01\/31\/diputados-comienza-a-tratar-este-miercoles-la-ley-bases-luego-de-asegurarse-quorum\/"},"author":{"name":"Diario1 Diario1","@id":"https:\/\/diariotextual.com\/inicio\/#\/schema\/person\/418fc4093c33e86ed41562db3508f958"},"headline":"Diputados comenz\u00f3 a tratar la Ley Bases","datePublished":"2024-01-31T14:27:07+00:00","dateModified":"2024-02-01T00:47:06+00:00","mainEntityOfPage":{"@id":"https:\/\/diariotextual.com\/inicio\/index.php\/2024\/01\/31\/diputados-comienza-a-tratar-este-miercoles-la-ley-bases-luego-de-asegurarse-quorum\/"},"wordCount":867,"publisher":{"@id":"https:\/\/diariotextual.com\/inicio\/#organization"},"image":{"@id":"https:\/\/diariotextual.com\/inicio\/index.php\/2024\/01\/31\/diputados-comienza-a-tratar-este-miercoles-la-ley-bases-luego-de-asegurarse-quorum\/#primaryimage"},"thumbnailUrl":"https:\/\/diariotextual.com\/inicio\/wp-content\/uploads\/2023\/02\/congresonacionalsenadoresdiputados2023-1.jpeg","articleSection":["POLITICA"],"inLanguage":"es"},{"@type":"WebPage","@id":"https:\/\/diariotextual.com\/inicio\/index.php\/2024\/01\/31\/diputados-comienza-a-tratar-este-miercoles-la-ley-bases-luego-de-asegurarse-quorum\/","url":"https:\/\/diariotextual.com\/inicio\/index.php\/2024\/01\/31\/diputados-comienza-a-tratar-este-miercoles-la-ley-bases-luego-de-asegurarse-quorum\/","name":"Diputados comenz\u00f3 a tratar la Ley Bases - Diario Textual","isPartOf":{"@id":"https:\/\/diariotextual.com\/inicio\/#website"},"primaryImageOfPage":{"@id":"https:\/\/diariotextual.com\/inicio\/index.php\/2024\/01\/31\/diputados-comienza-a-tratar-este-miercoles-la-ley-bases-luego-de-asegurarse-quorum\/#primaryimage"},"image":{"@id":"https:\/\/diariotextual.com\/inicio\/index.php\/2024\/01\/31\/diputados-comienza-a-tratar-este-miercoles-la-ley-bases-luego-de-asegurarse-quorum\/#primaryimage"},"thumbnailUrl":"https:\/\/diariotextual.com\/inicio\/wp-content\/uploads\/2023\/02\/congresonacionalsenadoresdiputados2023-1.jpeg","datePublished":"2024-01-31T14:27:07+00:00","dateModified":"2024-02-01T00:47:06+00:00","breadcrumb":{"@id":"https:\/\/diariotextual.com\/inicio\/index.php\/2024\/01\/31\/diputados-comienza-a-tratar-este-miercoles-la-ley-bases-luego-de-asegurarse-quorum\/#breadcrumb"},"inLanguage":"es","potentialAction":[{"@type":"ReadAction","target":["https:\/\/diariotextual.com\/inicio\/index.php\/2024\/01\/31\/diputados-comienza-a-tratar-este-miercoles-la-ley-bases-luego-de-asegurarse-quorum\/"]}]},{"@type":"ImageObject","inLanguage":"es","@id":"https:\/\/diariotextual.com\/inicio\/index.php\/2024\/01\/31\/diputados-comienza-a-tratar-este-miercoles-la-ley-bases-luego-de-asegurarse-quorum\/#primaryimage","url":"https:\/\/diariotextual.com\/inicio\/wp-content\/uploads\/2023\/02\/congresonacionalsenadoresdiputados2023-1.jpeg","contentUrl":"https:\/\/diariotextual.com\/inicio\/wp-content\/uploads\/2023\/02\/congresonacionalsenadoresdiputados2023-1.jpeg","width":2048,"height":1366},{"@type":"BreadcrumbList","@id":"https:\/\/diariotextual.com\/inicio\/index.php\/2024\/01\/31\/diputados-comienza-a-tratar-este-miercoles-la-ley-bases-luego-de-asegurarse-quorum\/#breadcrumb","itemListElement":[{"@type":"ListItem","position":1,"name":"Portada","item":"https:\/\/diariotextual.com\/inicio\/"},{"@type":"ListItem","position":2,"name":"Diputados comenz\u00f3 a tratar la Ley Bases"}]},{"@type":"WebSite","@id":"https:\/\/diariotextual.com\/inicio\/#website","url":"https:\/\/diariotextual.com\/inicio\/","name":"Diario Textual","description":"","publisher":{"@id":"https:\/\/diariotextual.com\/inicio\/#organization"},"potentialAction":[{"@type":"SearchAction","target":{"@type":"EntryPoint","urlTemplate":"https:\/\/diariotextual.com\/inicio\/?s={search_term_string}"},"query-input":{"@type":"PropertyValueSpecification","valueRequired":true,"valueName":"search_term_string"}}],"inLanguage":"es"},{"@type":"Organization","@id":"https:\/\/diariotextual.com\/inicio\/#organization","name":"Diario Textual","url":"https:\/\/diariotextual.com\/inicio\/","logo":{"@type":"ImageObject","inLanguage":"es","@id":"https:\/\/diariotextual.com\/inicio\/#\/schema\/logo\/image\/","url":"https:\/\/diariotextual.com\/inicio\/wp-content\/uploads\/2023\/05\/logotextual1.jpg","contentUrl":"https:\/\/diariotextual.com\/inicio\/wp-content\/uploads\/2023\/05\/logotextual1.jpg","width":516,"height":76,"caption":"Diario Textual"},"image":{"@id":"https:\/\/diariotextual.com\/inicio\/#\/schema\/logo\/image\/"},"sameAs":["https:\/\/www.facebook.com\/eltextual","https:\/\/x.com\/eltextual","http:\/\/www.instagram.com\/eltextual"]},{"@type":"Person","@id":"https:\/\/diariotextual.com\/inicio\/#\/schema\/person\/418fc4093c33e86ed41562db3508f958","name":"Diario1 Diario1","image":{"@type":"ImageObject","inLanguage":"es","@id":"https:\/\/secure.gravatar.com\/avatar\/9167d280179c85bc18be67aa7eda765854300033af4896dd779b608640f2ef7a?s=96&d=mm&r=g","url":"https:\/\/secure.gravatar.com\/avatar\/9167d280179c85bc18be67aa7eda765854300033af4896dd779b608640f2ef7a?s=96&d=mm&r=g","contentUrl":"https:\/\/secure.gravatar.com\/avatar\/9167d280179c85bc18be67aa7eda765854300033af4896dd779b608640f2ef7a?s=96&d=mm&r=g","caption":"Diario1 Diario1"},"url":"https:\/\/diariotextual.com\/inicio\/index.php\/author\/diario1\/"}]}},"_links":{"self":[{"href":"https:\/\/diariotextual.com\/inicio\/index.php\/wp-json\/wp\/v2\/posts\/252629","targetHints":{"allow":["GET"]}}],"collection":[{"href":"https:\/\/diariotextual.com\/inicio\/index.php\/wp-json\/wp\/v2\/posts"}],"about":[{"href":"https:\/\/diariotextual.com\/inicio\/index.php\/wp-json\/wp\/v2\/types\/post"}],"author":[{"embeddable":true,"href":"https:\/\/diariotextual.com\/inicio\/index.php\/wp-json\/wp\/v2\/users\/3"}],"replies":[{"embeddable":true,"href":"https:\/\/diariotextual.com\/inicio\/index.php\/wp-json\/wp\/v2\/comments?post=252629"}],"version-history":[{"count":4,"href":"https:\/\/diariotextual.com\/inicio\/index.php\/wp-json\/wp\/v2\/posts\/252629\/revisions"}],"predecessor-version":[{"id":252712,"href":"https:\/\/diariotextual.com\/inicio\/index.php\/wp-json\/wp\/v2\/posts\/252629\/revisions\/252712"}],"wp:featuredmedia":[{"embeddable":true,"href":"https:\/\/diariotextual.com\/inicio\/index.php\/wp-json\/wp\/v2\/media\/215522"}],"wp:attachment":[{"href":"https:\/\/diariotextual.com\/inicio\/index.php\/wp-json\/wp\/v2\/media?parent=252629"}],"wp:term":[{"taxonomy":"category","embeddable":true,"href":"https:\/\/diariotextual.com\/inicio\/index.php\/wp-json\/wp\/v2\/categories?post=252629"},{"taxonomy":"post_tag","embeddable":true,"href":"https:\/\/diariotextual.com\/inicio\/index.php\/wp-json\/wp\/v2\/tags?post=252629"}],"curies":[{"name":"wp","href":"https:\/\/api.w.org\/{rel}","templated":true}]}}