{"id":252722,"date":"2024-01-31T12:22:53","date_gmt":"2024-01-31T15:22:53","guid":{"rendered":"https:\/\/diariotextual.com\/inicio\/?p=252722"},"modified":"2024-01-31T13:57:26","modified_gmt":"2024-01-31T16:57:26","slug":"la-defensoria-general-advierte-que-la-ley-omnibus-habilita-la-violencia-estatal","status":"publish","type":"post","link":"https:\/\/diariotextual.com\/inicio\/index.php\/2024\/01\/31\/la-defensoria-general-advierte-que-la-ley-omnibus-habilita-la-violencia-estatal\/","title":{"rendered":"La Defensor\u00eda General advierte que la ley \u00f3mnibus \u201chabilita la violencia estatal\u201d"},"content":{"rendered":"\n<p>El <strong>defensor general de La Pampa<\/strong>, <strong>Mart\u00edn Saravia<\/strong>, advirti\u00f3 que en el articulado de la <strong>Ley Bases<\/strong> o tambi\u00e9n conocida como <strong>ley \u00f3mnibus<\/strong> se \u201c<strong>habilita la violencia estatal en manos de las fuerzas de seguridad, promueve el conflicto social y legitima la mal llamada \u2018justicia por mano propia\u2019\u201d<\/strong> y reclam\u00f3 <strong>\u201crespuestas pol\u00edticas humanitarias que entiendan al sistema penal como una excepci\u00f3n en la vida\u201d <\/strong>de las personas.<\/p>\n\n\n\n<p>Saravia dio a conocer un comunicado de prensa. \u201cPor estas horas se debate el proyecto Ley de Bases y Puntos de Partida para la libertad de los argentinos, conocida socialmente como Ley \u00f3mnibus, y en esa coyuntura la Defensor\u00eda General de La Provincia de La Pampa hace p\u00fablica su preocupaci\u00f3n frente a la posibilidad cierta de que se lleve adelante un proceso regresivo en materia penal y de desprotecci\u00f3n de los DDHH de los usuarios y usuarias de los servicios de justicia\u201d, expres\u00f3.<\/p>\n\n\n\n<p>Sostuvo que el art\u00edculo 344 del proyecto de ley \u2013que modifica el art\u00edculo 34 del C\u00f3digo Penal\u2013 prev\u00e9 que \u201cquien comete un delito, a\u00fan en grado de tentativa, as\u00ed como sus parientes, en caso de fallecimiento, carecen de acci\u00f3n para querellar o demandar a quien hubiera repelido la acci\u00f3n o impedido la huida\u201d.<\/p>\n\n\n\n<p>\u201cA prop\u00f3sito -dijo Saravia- este ministerio considera que la letra de la iniciativa habilita la violencia estatal en manos de las fuerzas de seguridad, promueve el conflicto social y legitima la mal llamada \u2018justicia por mano propia\u2019. En el mismo orden, impide el an\u00e1lisis judicial del caso particular en cuanto al uso racional del medio empleado, si se dieran las circunstancias de leg\u00edtima defensa y por \u00faltimo, pero no menos relevante, expone a los Estados provinciales y nacional a demandas y condenas en tribunales y cortes internacionales\u201d.<\/p>\n\n\n\n<p>\u201cAs\u00ed como esta Defensor\u00eda P\u00fablica se pronunci\u00f3 colectivamente junto a otras agencias estatales y organizaciones de la sociedad civil en defensa de la ley de Salud Mental, sus principios y mecanismos de protecci\u00f3n de los derechos humanos, tambi\u00e9n pretende establecer sus consideraciones a la hora de velar por los principios y garant\u00edas constitucionales que rigen sobre los procesos penales y el debido e irrestricto acceso a la justicia de toda persona que habita nuestra comunidad\u201d, expres\u00f3.<\/p>\n\n\n\n<p>\u201cLa crisis social que atravesamos, que afecta con mayor crueldad a las clases populares, una poblaci\u00f3n a la&nbsp; que definitivamente debemos nuestro trabajo y servicio, reclama respuestas pol\u00edticas humanitarias que entiendan al sistema penal como una excepci\u00f3n en la vida de las personas\u201d, finaliz\u00f3 el defensor.<\/p>\n\n\n\n<p><\/p>\n","protected":false},"excerpt":{"rendered":"<p>El defensor general de La Pampa, Mart\u00edn Saravia, advirti\u00f3 que en el articulado de la Ley Bases o tambi\u00e9n conocida como ley \u00f3mnibus se \u201chabilita la violencia estatal en manos&hellip;<\/p>\n","protected":false},"author":3,"featured_media":127654,"comment_status":"closed","ping_status":"open","sticky":false,"template":"","format":"standard","meta":{"_acf_changed":false,"footnotes":""},"categories":[1,8],"tags":[],"class_list":["post-252722","post","type-post","status-publish","format-standard","has-post-thumbnail","hentry","category-es-noticia","category-politica"],"acf":[],"yoast_head":"<!-- This site is optimized with the Yoast SEO plugin v27.5 - https:\/\/yoast.com\/product\/yoast-seo-wordpress\/ -->\n<title>La Defensor\u00eda General advierte que la ley \u00f3mnibus \u201chabilita la violencia estatal\u201d - Diario Textual<\/title>\n<meta name=\"robots\" content=\"index, follow, max-snippet:-1, max-image-preview:large, max-video-preview:-1\" \/>\n<link rel=\"canonical\" href=\"https:\/\/diariotextual.com\/inicio\/index.php\/2024\/01\/31\/la-defensoria-general-advierte-que-la-ley-omnibus-habilita-la-violencia-estatal\/\" \/>\n<meta property=\"og:locale\" content=\"es_ES\" \/>\n<meta property=\"og:type\" content=\"article\" \/>\n<meta property=\"og:title\" content=\"La Defensor\u00eda General advierte que la ley \u00f3mnibus \u201chabilita la violencia estatal\u201d - Diario Textual\" \/>\n<meta property=\"og:description\" content=\"El defensor general de La Pampa, Mart\u00edn Saravia, advirti\u00f3 que en el articulado de la Ley Bases o tambi\u00e9n conocida como ley \u00f3mnibus se \u201chabilita la violencia estatal en manos&hellip;\" \/>\n<meta property=\"og:url\" content=\"https:\/\/diariotextual.com\/inicio\/index.php\/2024\/01\/31\/la-defensoria-general-advierte-que-la-ley-omnibus-habilita-la-violencia-estatal\/\" \/>\n<meta property=\"og:site_name\" content=\"Diario Textual\" \/>\n<meta property=\"article:publisher\" content=\"https:\/\/www.facebook.com\/eltextual\" \/>\n<meta property=\"article:published_time\" content=\"2024-01-31T15:22:53+00:00\" \/>\n<meta property=\"article:modified_time\" content=\"2024-01-31T16:57:26+00:00\" \/>\n<meta property=\"og:image\" content=\"https:\/\/diariotextual.com\/inicio\/wp-content\/uploads\/2020\/12\/centrojudicial2020-09.jpg\" \/>\n\t<meta property=\"og:image:width\" content=\"1084\" \/>\n\t<meta property=\"og:image:height\" content=\"658\" \/>\n\t<meta property=\"og:image:type\" content=\"image\/jpeg\" \/>\n<meta name=\"author\" content=\"Diario1 Diario1\" \/>\n<meta name=\"twitter:card\" content=\"summary_large_image\" \/>\n<meta name=\"twitter:creator\" content=\"@eltextual\" \/>\n<meta name=\"twitter:site\" content=\"@eltextual\" \/>\n<meta name=\"twitter:label1\" content=\"Escrito por\" \/>\n\t<meta name=\"twitter:data1\" content=\"Diario1 Diario1\" \/>\n\t<meta name=\"twitter:label2\" content=\"Tiempo de lectura\" \/>\n\t<meta name=\"twitter:data2\" content=\"3 minutos\" \/>\n<script type=\"application\/ld+json\" class=\"yoast-schema-graph\">{\"@context\":\"https:\\\/\\\/schema.org\",\"@graph\":[{\"@type\":\"Article\",\"@id\":\"https:\\\/\\\/diariotextual.com\\\/inicio\\\/index.php\\\/2024\\\/01\\\/31\\\/la-defensoria-general-advierte-que-la-ley-omnibus-habilita-la-violencia-estatal\\\/#article\",\"isPartOf\":{\"@id\":\"https:\\\/\\\/diariotextual.com\\\/inicio\\\/index.php\\\/2024\\\/01\\\/31\\\/la-defensoria-general-advierte-que-la-ley-omnibus-habilita-la-violencia-estatal\\\/\"},\"author\":{\"name\":\"Diario1 Diario1\",\"@id\":\"https:\\\/\\\/diariotextual.com\\\/inicio\\\/#\\\/schema\\\/person\\\/418fc4093c33e86ed41562db3508f958\"},\"headline\":\"La Defensor\u00eda General advierte que la ley \u00f3mnibus \u201chabilita la violencia estatal\u201d\",\"datePublished\":\"2024-01-31T15:22:53+00:00\",\"dateModified\":\"2024-01-31T16:57:26+00:00\",\"mainEntityOfPage\":{\"@id\":\"https:\\\/\\\/diariotextual.com\\\/inicio\\\/index.php\\\/2024\\\/01\\\/31\\\/la-defensoria-general-advierte-que-la-ley-omnibus-habilita-la-violencia-estatal\\\/\"},\"wordCount\":449,\"publisher\":{\"@id\":\"https:\\\/\\\/diariotextual.com\\\/inicio\\\/#organization\"},\"image\":{\"@id\":\"https:\\\/\\\/diariotextual.com\\\/inicio\\\/index.php\\\/2024\\\/01\\\/31\\\/la-defensoria-general-advierte-que-la-ley-omnibus-habilita-la-violencia-estatal\\\/#primaryimage\"},\"thumbnailUrl\":\"https:\\\/\\\/diariotextual.com\\\/inicio\\\/wp-content\\\/uploads\\\/2020\\\/12\\\/centrojudicial2020-09.jpg\",\"articleSection\":[\"A - ES NOTICIA (van abajo)\",\"POLITICA\"],\"inLanguage\":\"es\"},{\"@type\":\"WebPage\",\"@id\":\"https:\\\/\\\/diariotextual.com\\\/inicio\\\/index.php\\\/2024\\\/01\\\/31\\\/la-defensoria-general-advierte-que-la-ley-omnibus-habilita-la-violencia-estatal\\\/\",\"url\":\"https:\\\/\\\/diariotextual.com\\\/inicio\\\/index.php\\\/2024\\\/01\\\/31\\\/la-defensoria-general-advierte-que-la-ley-omnibus-habilita-la-violencia-estatal\\\/\",\"name\":\"La Defensor\u00eda General advierte que la ley \u00f3mnibus \u201chabilita la violencia estatal\u201d - Diario Textual\",\"isPartOf\":{\"@id\":\"https:\\\/\\\/diariotextual.com\\\/inicio\\\/#website\"},\"primaryImageOfPage\":{\"@id\":\"https:\\\/\\\/diariotextual.com\\\/inicio\\\/index.php\\\/2024\\\/01\\\/31\\\/la-defensoria-general-advierte-que-la-ley-omnibus-habilita-la-violencia-estatal\\\/#primaryimage\"},\"image\":{\"@id\":\"https:\\\/\\\/diariotextual.com\\\/inicio\\\/index.php\\\/2024\\\/01\\\/31\\\/la-defensoria-general-advierte-que-la-ley-omnibus-habilita-la-violencia-estatal\\\/#primaryimage\"},\"thumbnailUrl\":\"https:\\\/\\\/diariotextual.com\\\/inicio\\\/wp-content\\\/uploads\\\/2020\\\/12\\\/centrojudicial2020-09.jpg\",\"datePublished\":\"2024-01-31T15:22:53+00:00\",\"dateModified\":\"2024-01-31T16:57:26+00:00\",\"breadcrumb\":{\"@id\":\"https:\\\/\\\/diariotextual.com\\\/inicio\\\/index.php\\\/2024\\\/01\\\/31\\\/la-defensoria-general-advierte-que-la-ley-omnibus-habilita-la-violencia-estatal\\\/#breadcrumb\"},\"inLanguage\":\"es\",\"potentialAction\":[{\"@type\":\"ReadAction\",\"target\":[\"https:\\\/\\\/diariotextual.com\\\/inicio\\\/index.php\\\/2024\\\/01\\\/31\\\/la-defensoria-general-advierte-que-la-ley-omnibus-habilita-la-violencia-estatal\\\/\"]}]},{\"@type\":\"ImageObject\",\"inLanguage\":\"es\",\"@id\":\"https:\\\/\\\/diariotextual.com\\\/inicio\\\/index.php\\\/2024\\\/01\\\/31\\\/la-defensoria-general-advierte-que-la-ley-omnibus-habilita-la-violencia-estatal\\\/#primaryimage\",\"url\":\"https:\\\/\\\/diariotextual.com\\\/inicio\\\/wp-content\\\/uploads\\\/2020\\\/12\\\/centrojudicial2020-09.jpg\",\"contentUrl\":\"https:\\\/\\\/diariotextual.com\\\/inicio\\\/wp-content\\\/uploads\\\/2020\\\/12\\\/centrojudicial2020-09.jpg\",\"width\":1084,\"height\":658},{\"@type\":\"BreadcrumbList\",\"@id\":\"https:\\\/\\\/diariotextual.com\\\/inicio\\\/index.php\\\/2024\\\/01\\\/31\\\/la-defensoria-general-advierte-que-la-ley-omnibus-habilita-la-violencia-estatal\\\/#breadcrumb\",\"itemListElement\":[{\"@type\":\"ListItem\",\"position\":1,\"name\":\"Portada\",\"item\":\"https:\\\/\\\/diariotextual.com\\\/inicio\\\/\"},{\"@type\":\"ListItem\",\"position\":2,\"name\":\"La Defensor\u00eda General advierte que la ley \u00f3mnibus \u201chabilita la violencia estatal\u201d\"}]},{\"@type\":\"WebSite\",\"@id\":\"https:\\\/\\\/diariotextual.com\\\/inicio\\\/#website\",\"url\":\"https:\\\/\\\/diariotextual.com\\\/inicio\\\/\",\"name\":\"Diario Textual\",\"description\":\"\",\"publisher\":{\"@id\":\"https:\\\/\\\/diariotextual.com\\\/inicio\\\/#organization\"},\"potentialAction\":[{\"@type\":\"SearchAction\",\"target\":{\"@type\":\"EntryPoint\",\"urlTemplate\":\"https:\\\/\\\/diariotextual.com\\\/inicio\\\/?s={search_term_string}\"},\"query-input\":{\"@type\":\"PropertyValueSpecification\",\"valueRequired\":true,\"valueName\":\"search_term_string\"}}],\"inLanguage\":\"es\"},{\"@type\":\"Organization\",\"@id\":\"https:\\\/\\\/diariotextual.com\\\/inicio\\\/#organization\",\"name\":\"Diario Textual\",\"url\":\"https:\\\/\\\/diariotextual.com\\\/inicio\\\/\",\"logo\":{\"@type\":\"ImageObject\",\"inLanguage\":\"es\",\"@id\":\"https:\\\/\\\/diariotextual.com\\\/inicio\\\/#\\\/schema\\\/logo\\\/image\\\/\",\"url\":\"https:\\\/\\\/diariotextual.com\\\/inicio\\\/wp-content\\\/uploads\\\/2023\\\/05\\\/logotextual1.jpg\",\"contentUrl\":\"https:\\\/\\\/diariotextual.com\\\/inicio\\\/wp-content\\\/uploads\\\/2023\\\/05\\\/logotextual1.jpg\",\"width\":516,\"height\":76,\"caption\":\"Diario Textual\"},\"image\":{\"@id\":\"https:\\\/\\\/diariotextual.com\\\/inicio\\\/#\\\/schema\\\/logo\\\/image\\\/\"},\"sameAs\":[\"https:\\\/\\\/www.facebook.com\\\/eltextual\",\"https:\\\/\\\/x.com\\\/eltextual\",\"http:\\\/\\\/www.instagram.com\\\/eltextual\"]},{\"@type\":\"Person\",\"@id\":\"https:\\\/\\\/diariotextual.com\\\/inicio\\\/#\\\/schema\\\/person\\\/418fc4093c33e86ed41562db3508f958\",\"name\":\"Diario1 Diario1\",\"image\":{\"@type\":\"ImageObject\",\"inLanguage\":\"es\",\"@id\":\"https:\\\/\\\/secure.gravatar.com\\\/avatar\\\/9167d280179c85bc18be67aa7eda765854300033af4896dd779b608640f2ef7a?s=96&d=mm&r=g\",\"url\":\"https:\\\/\\\/secure.gravatar.com\\\/avatar\\\/9167d280179c85bc18be67aa7eda765854300033af4896dd779b608640f2ef7a?s=96&d=mm&r=g\",\"contentUrl\":\"https:\\\/\\\/secure.gravatar.com\\\/avatar\\\/9167d280179c85bc18be67aa7eda765854300033af4896dd779b608640f2ef7a?s=96&d=mm&r=g\",\"caption\":\"Diario1 Diario1\"},\"url\":\"https:\\\/\\\/diariotextual.com\\\/inicio\\\/index.php\\\/author\\\/diario1\\\/\"}]}<\/script>\n<!-- \/ Yoast SEO plugin. -->","yoast_head_json":{"title":"La Defensor\u00eda General advierte que la ley \u00f3mnibus \u201chabilita la violencia estatal\u201d - Diario Textual","robots":{"index":"index","follow":"follow","max-snippet":"max-snippet:-1","max-image-preview":"max-image-preview:large","max-video-preview":"max-video-preview:-1"},"canonical":"https:\/\/diariotextual.com\/inicio\/index.php\/2024\/01\/31\/la-defensoria-general-advierte-que-la-ley-omnibus-habilita-la-violencia-estatal\/","og_locale":"es_ES","og_type":"article","og_title":"La Defensor\u00eda General advierte que la ley \u00f3mnibus \u201chabilita la violencia estatal\u201d - Diario Textual","og_description":"El defensor general de La Pampa, Mart\u00edn Saravia, advirti\u00f3 que en el articulado de la Ley Bases o tambi\u00e9n conocida como ley \u00f3mnibus se \u201chabilita la violencia estatal en manos&hellip;","og_url":"https:\/\/diariotextual.com\/inicio\/index.php\/2024\/01\/31\/la-defensoria-general-advierte-que-la-ley-omnibus-habilita-la-violencia-estatal\/","og_site_name":"Diario Textual","article_publisher":"https:\/\/www.facebook.com\/eltextual","article_published_time":"2024-01-31T15:22:53+00:00","article_modified_time":"2024-01-31T16:57:26+00:00","og_image":[{"width":1084,"height":658,"url":"https:\/\/diariotextual.com\/inicio\/wp-content\/uploads\/2020\/12\/centrojudicial2020-09.jpg","type":"image\/jpeg"}],"author":"Diario1 Diario1","twitter_card":"summary_large_image","twitter_creator":"@eltextual","twitter_site":"@eltextual","twitter_misc":{"Escrito por":"Diario1 Diario1","Tiempo de lectura":"3 minutos"},"schema":{"@context":"https:\/\/schema.org","@graph":[{"@type":"Article","@id":"https:\/\/diariotextual.com\/inicio\/index.php\/2024\/01\/31\/la-defensoria-general-advierte-que-la-ley-omnibus-habilita-la-violencia-estatal\/#article","isPartOf":{"@id":"https:\/\/diariotextual.com\/inicio\/index.php\/2024\/01\/31\/la-defensoria-general-advierte-que-la-ley-omnibus-habilita-la-violencia-estatal\/"},"author":{"name":"Diario1 Diario1","@id":"https:\/\/diariotextual.com\/inicio\/#\/schema\/person\/418fc4093c33e86ed41562db3508f958"},"headline":"La Defensor\u00eda General advierte que la ley \u00f3mnibus \u201chabilita la violencia estatal\u201d","datePublished":"2024-01-31T15:22:53+00:00","dateModified":"2024-01-31T16:57:26+00:00","mainEntityOfPage":{"@id":"https:\/\/diariotextual.com\/inicio\/index.php\/2024\/01\/31\/la-defensoria-general-advierte-que-la-ley-omnibus-habilita-la-violencia-estatal\/"},"wordCount":449,"publisher":{"@id":"https:\/\/diariotextual.com\/inicio\/#organization"},"image":{"@id":"https:\/\/diariotextual.com\/inicio\/index.php\/2024\/01\/31\/la-defensoria-general-advierte-que-la-ley-omnibus-habilita-la-violencia-estatal\/#primaryimage"},"thumbnailUrl":"https:\/\/diariotextual.com\/inicio\/wp-content\/uploads\/2020\/12\/centrojudicial2020-09.jpg","articleSection":["A - ES NOTICIA (van abajo)","POLITICA"],"inLanguage":"es"},{"@type":"WebPage","@id":"https:\/\/diariotextual.com\/inicio\/index.php\/2024\/01\/31\/la-defensoria-general-advierte-que-la-ley-omnibus-habilita-la-violencia-estatal\/","url":"https:\/\/diariotextual.com\/inicio\/index.php\/2024\/01\/31\/la-defensoria-general-advierte-que-la-ley-omnibus-habilita-la-violencia-estatal\/","name":"La Defensor\u00eda General advierte que la ley \u00f3mnibus \u201chabilita la violencia estatal\u201d - Diario Textual","isPartOf":{"@id":"https:\/\/diariotextual.com\/inicio\/#website"},"primaryImageOfPage":{"@id":"https:\/\/diariotextual.com\/inicio\/index.php\/2024\/01\/31\/la-defensoria-general-advierte-que-la-ley-omnibus-habilita-la-violencia-estatal\/#primaryimage"},"image":{"@id":"https:\/\/diariotextual.com\/inicio\/index.php\/2024\/01\/31\/la-defensoria-general-advierte-que-la-ley-omnibus-habilita-la-violencia-estatal\/#primaryimage"},"thumbnailUrl":"https:\/\/diariotextual.com\/inicio\/wp-content\/uploads\/2020\/12\/centrojudicial2020-09.jpg","datePublished":"2024-01-31T15:22:53+00:00","dateModified":"2024-01-31T16:57:26+00:00","breadcrumb":{"@id":"https:\/\/diariotextual.com\/inicio\/index.php\/2024\/01\/31\/la-defensoria-general-advierte-que-la-ley-omnibus-habilita-la-violencia-estatal\/#breadcrumb"},"inLanguage":"es","potentialAction":[{"@type":"ReadAction","target":["https:\/\/diariotextual.com\/inicio\/index.php\/2024\/01\/31\/la-defensoria-general-advierte-que-la-ley-omnibus-habilita-la-violencia-estatal\/"]}]},{"@type":"ImageObject","inLanguage":"es","@id":"https:\/\/diariotextual.com\/inicio\/index.php\/2024\/01\/31\/la-defensoria-general-advierte-que-la-ley-omnibus-habilita-la-violencia-estatal\/#primaryimage","url":"https:\/\/diariotextual.com\/inicio\/wp-content\/uploads\/2020\/12\/centrojudicial2020-09.jpg","contentUrl":"https:\/\/diariotextual.com\/inicio\/wp-content\/uploads\/2020\/12\/centrojudicial2020-09.jpg","width":1084,"height":658},{"@type":"BreadcrumbList","@id":"https:\/\/diariotextual.com\/inicio\/index.php\/2024\/01\/31\/la-defensoria-general-advierte-que-la-ley-omnibus-habilita-la-violencia-estatal\/#breadcrumb","itemListElement":[{"@type":"ListItem","position":1,"name":"Portada","item":"https:\/\/diariotextual.com\/inicio\/"},{"@type":"ListItem","position":2,"name":"La Defensor\u00eda General advierte que la ley \u00f3mnibus \u201chabilita la violencia estatal\u201d"}]},{"@type":"WebSite","@id":"https:\/\/diariotextual.com\/inicio\/#website","url":"https:\/\/diariotextual.com\/inicio\/","name":"Diario Textual","description":"","publisher":{"@id":"https:\/\/diariotextual.com\/inicio\/#organization"},"potentialAction":[{"@type":"SearchAction","target":{"@type":"EntryPoint","urlTemplate":"https:\/\/diariotextual.com\/inicio\/?s={search_term_string}"},"query-input":{"@type":"PropertyValueSpecification","valueRequired":true,"valueName":"search_term_string"}}],"inLanguage":"es"},{"@type":"Organization","@id":"https:\/\/diariotextual.com\/inicio\/#organization","name":"Diario Textual","url":"https:\/\/diariotextual.com\/inicio\/","logo":{"@type":"ImageObject","inLanguage":"es","@id":"https:\/\/diariotextual.com\/inicio\/#\/schema\/logo\/image\/","url":"https:\/\/diariotextual.com\/inicio\/wp-content\/uploads\/2023\/05\/logotextual1.jpg","contentUrl":"https:\/\/diariotextual.com\/inicio\/wp-content\/uploads\/2023\/05\/logotextual1.jpg","width":516,"height":76,"caption":"Diario Textual"},"image":{"@id":"https:\/\/diariotextual.com\/inicio\/#\/schema\/logo\/image\/"},"sameAs":["https:\/\/www.facebook.com\/eltextual","https:\/\/x.com\/eltextual","http:\/\/www.instagram.com\/eltextual"]},{"@type":"Person","@id":"https:\/\/diariotextual.com\/inicio\/#\/schema\/person\/418fc4093c33e86ed41562db3508f958","name":"Diario1 Diario1","image":{"@type":"ImageObject","inLanguage":"es","@id":"https:\/\/secure.gravatar.com\/avatar\/9167d280179c85bc18be67aa7eda765854300033af4896dd779b608640f2ef7a?s=96&d=mm&r=g","url":"https:\/\/secure.gravatar.com\/avatar\/9167d280179c85bc18be67aa7eda765854300033af4896dd779b608640f2ef7a?s=96&d=mm&r=g","contentUrl":"https:\/\/secure.gravatar.com\/avatar\/9167d280179c85bc18be67aa7eda765854300033af4896dd779b608640f2ef7a?s=96&d=mm&r=g","caption":"Diario1 Diario1"},"url":"https:\/\/diariotextual.com\/inicio\/index.php\/author\/diario1\/"}]}},"_links":{"self":[{"href":"https:\/\/diariotextual.com\/inicio\/index.php\/wp-json\/wp\/v2\/posts\/252722","targetHints":{"allow":["GET"]}}],"collection":[{"href":"https:\/\/diariotextual.com\/inicio\/index.php\/wp-json\/wp\/v2\/posts"}],"about":[{"href":"https:\/\/diariotextual.com\/inicio\/index.php\/wp-json\/wp\/v2\/types\/post"}],"author":[{"embeddable":true,"href":"https:\/\/diariotextual.com\/inicio\/index.php\/wp-json\/wp\/v2\/users\/3"}],"replies":[{"embeddable":true,"href":"https:\/\/diariotextual.com\/inicio\/index.php\/wp-json\/wp\/v2\/comments?post=252722"}],"version-history":[{"count":2,"href":"https:\/\/diariotextual.com\/inicio\/index.php\/wp-json\/wp\/v2\/posts\/252722\/revisions"}],"predecessor-version":[{"id":252724,"href":"https:\/\/diariotextual.com\/inicio\/index.php\/wp-json\/wp\/v2\/posts\/252722\/revisions\/252724"}],"wp:featuredmedia":[{"embeddable":true,"href":"https:\/\/diariotextual.com\/inicio\/index.php\/wp-json\/wp\/v2\/media\/127654"}],"wp:attachment":[{"href":"https:\/\/diariotextual.com\/inicio\/index.php\/wp-json\/wp\/v2\/media?parent=252722"}],"wp:term":[{"taxonomy":"category","embeddable":true,"href":"https:\/\/diariotextual.com\/inicio\/index.php\/wp-json\/wp\/v2\/categories?post=252722"},{"taxonomy":"post_tag","embeddable":true,"href":"https:\/\/diariotextual.com\/inicio\/index.php\/wp-json\/wp\/v2\/tags?post=252722"}],"curies":[{"name":"wp","href":"https:\/\/api.w.org\/{rel}","templated":true}]}}