{"id":252762,"date":"2024-01-31T17:30:35","date_gmt":"2024-01-31T20:30:35","guid":{"rendered":"https:\/\/diariotextual.com\/inicio\/?p=252762"},"modified":"2024-01-31T18:32:40","modified_gmt":"2024-01-31T21:32:40","slug":"ardohain-arenga-por-la-ley-omnibus-el-cambio-que-los-argentinos-quieren-esta-en-marcha","status":"publish","type":"post","link":"https:\/\/diariotextual.com\/inicio\/index.php\/2024\/01\/31\/ardohain-arenga-por-la-ley-omnibus-el-cambio-que-los-argentinos-quieren-esta-en-marcha\/","title":{"rendered":"Ardohain arenga por la ley \u00f3mnibus: \u201cEl cambio que los argentinos quieren, est\u00e1 en marcha\u201d"},"content":{"rendered":"\n<p>El diputado nacional <strong>Mart\u00edn Ardohai<\/strong>n (PRO, La Pampa) reiter\u00f3 su apoyo total a la Ley Bases o tambi\u00e9n conocida como ley \u00f3mnibus, que se comenz\u00f3 a debatir este mi\u00e9rcoles en la C\u00e1mara de Diputados.<\/p>\n\n\n\n<p>\u201cHoy vamos a votar la ley que Argentina necesita para salir adelante. &nbsp;El cambio que los argentinos quieren, est\u00e1 en marcha\u201d, escribi\u00f3 en X.<\/p>\n\n\n\n<p>La C\u00e1mara de Diputados inici\u00f3 a las 10.30 de este mi\u00e9rcoles la&nbsp;<strong>sesi\u00f3n especial<\/strong>&nbsp;en la que buscar\u00e1 aprobar el proyecto de ley&nbsp;<strong>Bases y Puntos de Partida para la Libertad de los Argentinos<\/strong>, impulsado por el Gobierno nacional, en un plenario que demandar\u00e1&nbsp;al menos 30 horas&nbsp;de debate con al menos un cuarto intermedio.<\/p>\n\n\n\n<p>Con la presencia de&nbsp;137 diputados en el recinto, el oficialismo consigui\u00f3 ampliamente el qu\u00f3rum de 129 diputados necesarios para sesionar con los denominados bloques dialoguistas la UCR, el PRO, Innovaci\u00f3n Federal y Hacemos Coalici\u00f3n Federal.<\/p>\n\n\n\n<p><strong>\u00bfC\u00f3mo votar\u00e1n los cinco legisladores pampeanos? Los dos del peronismo, Ariel Rauschenberger y Varinia Mar\u00edn, en contra. En tanto, los dos del PRO, Mart\u00edn Ardohain y Mart\u00edn Maquieyra, y la de la UCR, Marcela Coli, lo har\u00e1n a favor.<\/strong><\/p>\n\n\n\n<p>Luego de quitar el cap\u00edtulo fiscal y el sistema de actualizaciones de jubilaciones, los principales puntos del dictamen de mayor\u00eda que se debatir\u00e1n en Diputados ser\u00e1n\u00a0<strong>las facultades delegadas y la declaraci\u00f3n de emergencia p\u00fablica, la reforma del Estado y las privatizaciones de empresas p\u00fablicas.<\/strong><\/p>\n\n\n\n<p>En cuanto a las facultades delegadas,&nbsp;<strong>el Gobierno acept\u00f3 limitar la emergencia p\u00fablica de once a siete materias: econ\u00f3mica, financiera, fiscal, de seguridad, tarifaria, energ\u00e9tica y administrativa<\/strong>, aunque a\u00fan hab\u00eda un pedido de Hacemos y la UCR de eliminar la energ\u00e9tica, tarifaria y de seguridad.<br><br><strong>Sobre las privatizaciones, el Poder Ejecutivo propone vender todas las empresas p\u00fablicas -con excepci\u00f3n de YPF-<\/strong>&nbsp;y en el caso de Nucleoel\u00e9ctrica, Banco Naci\u00f3n y Arsat ofreci\u00f3 que el Estado solamente pueda realizar una privatizaci\u00f3n parcial. El radicalismo reclama un compromiso para que el Gobierno env\u00ede un proyecto por cada empresa que quiera privatizar, y Hacemos quiere eliminar de esa lista al Banco Naci\u00f3n, Arsat y Nucleoel\u00e9ctrica.<\/p>\n","protected":false},"excerpt":{"rendered":"<p>El diputado nacional Mart\u00edn Ardohain (PRO, La Pampa) reiter\u00f3 su apoyo total a la Ley Bases o tambi\u00e9n conocida como ley \u00f3mnibus, que se comenz\u00f3 a debatir este mi\u00e9rcoles en&hellip;<\/p>\n","protected":false},"author":3,"featured_media":252763,"comment_status":"closed","ping_status":"open","sticky":false,"template":"","format":"standard","meta":{"_acf_changed":false,"footnotes":""},"categories":[1,8],"tags":[],"class_list":["post-252762","post","type-post","status-publish","format-standard","has-post-thumbnail","hentry","category-es-noticia","category-politica"],"acf":[],"yoast_head":"<!-- This site is optimized with the Yoast SEO plugin v27.5 - https:\/\/yoast.com\/product\/yoast-seo-wordpress\/ -->\n<title>Ardohain arenga por la ley \u00f3mnibus: \u201cEl cambio que los argentinos quieren, est\u00e1 en marcha\u201d - Diario Textual<\/title>\n<meta name=\"robots\" content=\"index, follow, max-snippet:-1, max-image-preview:large, max-video-preview:-1\" \/>\n<link rel=\"canonical\" href=\"https:\/\/diariotextual.com\/inicio\/index.php\/2024\/01\/31\/ardohain-arenga-por-la-ley-omnibus-el-cambio-que-los-argentinos-quieren-esta-en-marcha\/\" \/>\n<meta property=\"og:locale\" content=\"es_ES\" \/>\n<meta property=\"og:type\" content=\"article\" \/>\n<meta property=\"og:title\" content=\"Ardohain arenga por la ley \u00f3mnibus: \u201cEl cambio que los argentinos quieren, est\u00e1 en marcha\u201d - Diario Textual\" \/>\n<meta property=\"og:description\" content=\"El diputado nacional Mart\u00edn Ardohain (PRO, La Pampa) reiter\u00f3 su apoyo total a la Ley Bases o tambi\u00e9n conocida como ley \u00f3mnibus, que se comenz\u00f3 a debatir este mi\u00e9rcoles en&hellip;\" \/>\n<meta property=\"og:url\" content=\"https:\/\/diariotextual.com\/inicio\/index.php\/2024\/01\/31\/ardohain-arenga-por-la-ley-omnibus-el-cambio-que-los-argentinos-quieren-esta-en-marcha\/\" \/>\n<meta property=\"og:site_name\" content=\"Diario Textual\" \/>\n<meta property=\"article:publisher\" content=\"https:\/\/www.facebook.com\/eltextual\" \/>\n<meta property=\"article:published_time\" content=\"2024-01-31T20:30:35+00:00\" \/>\n<meta property=\"article:modified_time\" content=\"2024-01-31T21:32:40+00:00\" \/>\n<meta property=\"og:image\" content=\"https:\/\/diariotextual.com\/inicio\/wp-content\/uploads\/2024\/01\/ardohainmartin2024-2.jpg\" \/>\n\t<meta property=\"og:image:width\" content=\"2048\" \/>\n\t<meta property=\"og:image:height\" content=\"1367\" \/>\n\t<meta property=\"og:image:type\" content=\"image\/jpeg\" \/>\n<meta name=\"author\" content=\"Diario1 Diario1\" \/>\n<meta name=\"twitter:card\" content=\"summary_large_image\" \/>\n<meta name=\"twitter:creator\" content=\"@eltextual\" \/>\n<meta name=\"twitter:site\" content=\"@eltextual\" \/>\n<meta name=\"twitter:label1\" content=\"Escrito por\" \/>\n\t<meta name=\"twitter:data1\" content=\"Diario1 Diario1\" \/>\n\t<meta name=\"twitter:label2\" content=\"Tiempo de lectura\" \/>\n\t<meta name=\"twitter:data2\" content=\"2 minutos\" \/>\n<script type=\"application\/ld+json\" class=\"yoast-schema-graph\">{\"@context\":\"https:\\\/\\\/schema.org\",\"@graph\":[{\"@type\":\"Article\",\"@id\":\"https:\\\/\\\/diariotextual.com\\\/inicio\\\/index.php\\\/2024\\\/01\\\/31\\\/ardohain-arenga-por-la-ley-omnibus-el-cambio-que-los-argentinos-quieren-esta-en-marcha\\\/#article\",\"isPartOf\":{\"@id\":\"https:\\\/\\\/diariotextual.com\\\/inicio\\\/index.php\\\/2024\\\/01\\\/31\\\/ardohain-arenga-por-la-ley-omnibus-el-cambio-que-los-argentinos-quieren-esta-en-marcha\\\/\"},\"author\":{\"name\":\"Diario1 Diario1\",\"@id\":\"https:\\\/\\\/diariotextual.com\\\/inicio\\\/#\\\/schema\\\/person\\\/418fc4093c33e86ed41562db3508f958\"},\"headline\":\"Ardohain arenga por la ley \u00f3mnibus: \u201cEl cambio que los argentinos quieren, est\u00e1 en marcha\u201d\",\"datePublished\":\"2024-01-31T20:30:35+00:00\",\"dateModified\":\"2024-01-31T21:32:40+00:00\",\"mainEntityOfPage\":{\"@id\":\"https:\\\/\\\/diariotextual.com\\\/inicio\\\/index.php\\\/2024\\\/01\\\/31\\\/ardohain-arenga-por-la-ley-omnibus-el-cambio-que-los-argentinos-quieren-esta-en-marcha\\\/\"},\"wordCount\":403,\"publisher\":{\"@id\":\"https:\\\/\\\/diariotextual.com\\\/inicio\\\/#organization\"},\"image\":{\"@id\":\"https:\\\/\\\/diariotextual.com\\\/inicio\\\/index.php\\\/2024\\\/01\\\/31\\\/ardohain-arenga-por-la-ley-omnibus-el-cambio-que-los-argentinos-quieren-esta-en-marcha\\\/#primaryimage\"},\"thumbnailUrl\":\"https:\\\/\\\/diariotextual.com\\\/inicio\\\/wp-content\\\/uploads\\\/2024\\\/01\\\/ardohainmartin2024-2.jpg\",\"articleSection\":[\"A - ES NOTICIA (van abajo)\",\"POLITICA\"],\"inLanguage\":\"es\"},{\"@type\":\"WebPage\",\"@id\":\"https:\\\/\\\/diariotextual.com\\\/inicio\\\/index.php\\\/2024\\\/01\\\/31\\\/ardohain-arenga-por-la-ley-omnibus-el-cambio-que-los-argentinos-quieren-esta-en-marcha\\\/\",\"url\":\"https:\\\/\\\/diariotextual.com\\\/inicio\\\/index.php\\\/2024\\\/01\\\/31\\\/ardohain-arenga-por-la-ley-omnibus-el-cambio-que-los-argentinos-quieren-esta-en-marcha\\\/\",\"name\":\"Ardohain arenga por la ley \u00f3mnibus: \u201cEl cambio que los argentinos quieren, est\u00e1 en marcha\u201d - Diario Textual\",\"isPartOf\":{\"@id\":\"https:\\\/\\\/diariotextual.com\\\/inicio\\\/#website\"},\"primaryImageOfPage\":{\"@id\":\"https:\\\/\\\/diariotextual.com\\\/inicio\\\/index.php\\\/2024\\\/01\\\/31\\\/ardohain-arenga-por-la-ley-omnibus-el-cambio-que-los-argentinos-quieren-esta-en-marcha\\\/#primaryimage\"},\"image\":{\"@id\":\"https:\\\/\\\/diariotextual.com\\\/inicio\\\/index.php\\\/2024\\\/01\\\/31\\\/ardohain-arenga-por-la-ley-omnibus-el-cambio-que-los-argentinos-quieren-esta-en-marcha\\\/#primaryimage\"},\"thumbnailUrl\":\"https:\\\/\\\/diariotextual.com\\\/inicio\\\/wp-content\\\/uploads\\\/2024\\\/01\\\/ardohainmartin2024-2.jpg\",\"datePublished\":\"2024-01-31T20:30:35+00:00\",\"dateModified\":\"2024-01-31T21:32:40+00:00\",\"breadcrumb\":{\"@id\":\"https:\\\/\\\/diariotextual.com\\\/inicio\\\/index.php\\\/2024\\\/01\\\/31\\\/ardohain-arenga-por-la-ley-omnibus-el-cambio-que-los-argentinos-quieren-esta-en-marcha\\\/#breadcrumb\"},\"inLanguage\":\"es\",\"potentialAction\":[{\"@type\":\"ReadAction\",\"target\":[\"https:\\\/\\\/diariotextual.com\\\/inicio\\\/index.php\\\/2024\\\/01\\\/31\\\/ardohain-arenga-por-la-ley-omnibus-el-cambio-que-los-argentinos-quieren-esta-en-marcha\\\/\"]}]},{\"@type\":\"ImageObject\",\"inLanguage\":\"es\",\"@id\":\"https:\\\/\\\/diariotextual.com\\\/inicio\\\/index.php\\\/2024\\\/01\\\/31\\\/ardohain-arenga-por-la-ley-omnibus-el-cambio-que-los-argentinos-quieren-esta-en-marcha\\\/#primaryimage\",\"url\":\"https:\\\/\\\/diariotextual.com\\\/inicio\\\/wp-content\\\/uploads\\\/2024\\\/01\\\/ardohainmartin2024-2.jpg\",\"contentUrl\":\"https:\\\/\\\/diariotextual.com\\\/inicio\\\/wp-content\\\/uploads\\\/2024\\\/01\\\/ardohainmartin2024-2.jpg\",\"width\":2048,\"height\":1367},{\"@type\":\"BreadcrumbList\",\"@id\":\"https:\\\/\\\/diariotextual.com\\\/inicio\\\/index.php\\\/2024\\\/01\\\/31\\\/ardohain-arenga-por-la-ley-omnibus-el-cambio-que-los-argentinos-quieren-esta-en-marcha\\\/#breadcrumb\",\"itemListElement\":[{\"@type\":\"ListItem\",\"position\":1,\"name\":\"Portada\",\"item\":\"https:\\\/\\\/diariotextual.com\\\/inicio\\\/\"},{\"@type\":\"ListItem\",\"position\":2,\"name\":\"Ardohain arenga por la ley \u00f3mnibus: \u201cEl cambio que los argentinos quieren, est\u00e1 en marcha\u201d\"}]},{\"@type\":\"WebSite\",\"@id\":\"https:\\\/\\\/diariotextual.com\\\/inicio\\\/#website\",\"url\":\"https:\\\/\\\/diariotextual.com\\\/inicio\\\/\",\"name\":\"Diario Textual\",\"description\":\"\",\"publisher\":{\"@id\":\"https:\\\/\\\/diariotextual.com\\\/inicio\\\/#organization\"},\"potentialAction\":[{\"@type\":\"SearchAction\",\"target\":{\"@type\":\"EntryPoint\",\"urlTemplate\":\"https:\\\/\\\/diariotextual.com\\\/inicio\\\/?s={search_term_string}\"},\"query-input\":{\"@type\":\"PropertyValueSpecification\",\"valueRequired\":true,\"valueName\":\"search_term_string\"}}],\"inLanguage\":\"es\"},{\"@type\":\"Organization\",\"@id\":\"https:\\\/\\\/diariotextual.com\\\/inicio\\\/#organization\",\"name\":\"Diario Textual\",\"url\":\"https:\\\/\\\/diariotextual.com\\\/inicio\\\/\",\"logo\":{\"@type\":\"ImageObject\",\"inLanguage\":\"es\",\"@id\":\"https:\\\/\\\/diariotextual.com\\\/inicio\\\/#\\\/schema\\\/logo\\\/image\\\/\",\"url\":\"https:\\\/\\\/diariotextual.com\\\/inicio\\\/wp-content\\\/uploads\\\/2023\\\/05\\\/logotextual1.jpg\",\"contentUrl\":\"https:\\\/\\\/diariotextual.com\\\/inicio\\\/wp-content\\\/uploads\\\/2023\\\/05\\\/logotextual1.jpg\",\"width\":516,\"height\":76,\"caption\":\"Diario Textual\"},\"image\":{\"@id\":\"https:\\\/\\\/diariotextual.com\\\/inicio\\\/#\\\/schema\\\/logo\\\/image\\\/\"},\"sameAs\":[\"https:\\\/\\\/www.facebook.com\\\/eltextual\",\"https:\\\/\\\/x.com\\\/eltextual\",\"http:\\\/\\\/www.instagram.com\\\/eltextual\"]},{\"@type\":\"Person\",\"@id\":\"https:\\\/\\\/diariotextual.com\\\/inicio\\\/#\\\/schema\\\/person\\\/418fc4093c33e86ed41562db3508f958\",\"name\":\"Diario1 Diario1\",\"image\":{\"@type\":\"ImageObject\",\"inLanguage\":\"es\",\"@id\":\"https:\\\/\\\/secure.gravatar.com\\\/avatar\\\/9167d280179c85bc18be67aa7eda765854300033af4896dd779b608640f2ef7a?s=96&d=mm&r=g\",\"url\":\"https:\\\/\\\/secure.gravatar.com\\\/avatar\\\/9167d280179c85bc18be67aa7eda765854300033af4896dd779b608640f2ef7a?s=96&d=mm&r=g\",\"contentUrl\":\"https:\\\/\\\/secure.gravatar.com\\\/avatar\\\/9167d280179c85bc18be67aa7eda765854300033af4896dd779b608640f2ef7a?s=96&d=mm&r=g\",\"caption\":\"Diario1 Diario1\"},\"url\":\"https:\\\/\\\/diariotextual.com\\\/inicio\\\/index.php\\\/author\\\/diario1\\\/\"}]}<\/script>\n<!-- \/ Yoast SEO plugin. -->","yoast_head_json":{"title":"Ardohain arenga por la ley \u00f3mnibus: \u201cEl cambio que los argentinos quieren, est\u00e1 en marcha\u201d - Diario Textual","robots":{"index":"index","follow":"follow","max-snippet":"max-snippet:-1","max-image-preview":"max-image-preview:large","max-video-preview":"max-video-preview:-1"},"canonical":"https:\/\/diariotextual.com\/inicio\/index.php\/2024\/01\/31\/ardohain-arenga-por-la-ley-omnibus-el-cambio-que-los-argentinos-quieren-esta-en-marcha\/","og_locale":"es_ES","og_type":"article","og_title":"Ardohain arenga por la ley \u00f3mnibus: \u201cEl cambio que los argentinos quieren, est\u00e1 en marcha\u201d - Diario Textual","og_description":"El diputado nacional Mart\u00edn Ardohain (PRO, La Pampa) reiter\u00f3 su apoyo total a la Ley Bases o tambi\u00e9n conocida como ley \u00f3mnibus, que se comenz\u00f3 a debatir este mi\u00e9rcoles en&hellip;","og_url":"https:\/\/diariotextual.com\/inicio\/index.php\/2024\/01\/31\/ardohain-arenga-por-la-ley-omnibus-el-cambio-que-los-argentinos-quieren-esta-en-marcha\/","og_site_name":"Diario Textual","article_publisher":"https:\/\/www.facebook.com\/eltextual","article_published_time":"2024-01-31T20:30:35+00:00","article_modified_time":"2024-01-31T21:32:40+00:00","og_image":[{"width":2048,"height":1367,"url":"https:\/\/diariotextual.com\/inicio\/wp-content\/uploads\/2024\/01\/ardohainmartin2024-2.jpg","type":"image\/jpeg"}],"author":"Diario1 Diario1","twitter_card":"summary_large_image","twitter_creator":"@eltextual","twitter_site":"@eltextual","twitter_misc":{"Escrito por":"Diario1 Diario1","Tiempo de lectura":"2 minutos"},"schema":{"@context":"https:\/\/schema.org","@graph":[{"@type":"Article","@id":"https:\/\/diariotextual.com\/inicio\/index.php\/2024\/01\/31\/ardohain-arenga-por-la-ley-omnibus-el-cambio-que-los-argentinos-quieren-esta-en-marcha\/#article","isPartOf":{"@id":"https:\/\/diariotextual.com\/inicio\/index.php\/2024\/01\/31\/ardohain-arenga-por-la-ley-omnibus-el-cambio-que-los-argentinos-quieren-esta-en-marcha\/"},"author":{"name":"Diario1 Diario1","@id":"https:\/\/diariotextual.com\/inicio\/#\/schema\/person\/418fc4093c33e86ed41562db3508f958"},"headline":"Ardohain arenga por la ley \u00f3mnibus: \u201cEl cambio que los argentinos quieren, est\u00e1 en marcha\u201d","datePublished":"2024-01-31T20:30:35+00:00","dateModified":"2024-01-31T21:32:40+00:00","mainEntityOfPage":{"@id":"https:\/\/diariotextual.com\/inicio\/index.php\/2024\/01\/31\/ardohain-arenga-por-la-ley-omnibus-el-cambio-que-los-argentinos-quieren-esta-en-marcha\/"},"wordCount":403,"publisher":{"@id":"https:\/\/diariotextual.com\/inicio\/#organization"},"image":{"@id":"https:\/\/diariotextual.com\/inicio\/index.php\/2024\/01\/31\/ardohain-arenga-por-la-ley-omnibus-el-cambio-que-los-argentinos-quieren-esta-en-marcha\/#primaryimage"},"thumbnailUrl":"https:\/\/diariotextual.com\/inicio\/wp-content\/uploads\/2024\/01\/ardohainmartin2024-2.jpg","articleSection":["A - ES NOTICIA (van abajo)","POLITICA"],"inLanguage":"es"},{"@type":"WebPage","@id":"https:\/\/diariotextual.com\/inicio\/index.php\/2024\/01\/31\/ardohain-arenga-por-la-ley-omnibus-el-cambio-que-los-argentinos-quieren-esta-en-marcha\/","url":"https:\/\/diariotextual.com\/inicio\/index.php\/2024\/01\/31\/ardohain-arenga-por-la-ley-omnibus-el-cambio-que-los-argentinos-quieren-esta-en-marcha\/","name":"Ardohain arenga por la ley \u00f3mnibus: \u201cEl cambio que los argentinos quieren, est\u00e1 en marcha\u201d - Diario Textual","isPartOf":{"@id":"https:\/\/diariotextual.com\/inicio\/#website"},"primaryImageOfPage":{"@id":"https:\/\/diariotextual.com\/inicio\/index.php\/2024\/01\/31\/ardohain-arenga-por-la-ley-omnibus-el-cambio-que-los-argentinos-quieren-esta-en-marcha\/#primaryimage"},"image":{"@id":"https:\/\/diariotextual.com\/inicio\/index.php\/2024\/01\/31\/ardohain-arenga-por-la-ley-omnibus-el-cambio-que-los-argentinos-quieren-esta-en-marcha\/#primaryimage"},"thumbnailUrl":"https:\/\/diariotextual.com\/inicio\/wp-content\/uploads\/2024\/01\/ardohainmartin2024-2.jpg","datePublished":"2024-01-31T20:30:35+00:00","dateModified":"2024-01-31T21:32:40+00:00","breadcrumb":{"@id":"https:\/\/diariotextual.com\/inicio\/index.php\/2024\/01\/31\/ardohain-arenga-por-la-ley-omnibus-el-cambio-que-los-argentinos-quieren-esta-en-marcha\/#breadcrumb"},"inLanguage":"es","potentialAction":[{"@type":"ReadAction","target":["https:\/\/diariotextual.com\/inicio\/index.php\/2024\/01\/31\/ardohain-arenga-por-la-ley-omnibus-el-cambio-que-los-argentinos-quieren-esta-en-marcha\/"]}]},{"@type":"ImageObject","inLanguage":"es","@id":"https:\/\/diariotextual.com\/inicio\/index.php\/2024\/01\/31\/ardohain-arenga-por-la-ley-omnibus-el-cambio-que-los-argentinos-quieren-esta-en-marcha\/#primaryimage","url":"https:\/\/diariotextual.com\/inicio\/wp-content\/uploads\/2024\/01\/ardohainmartin2024-2.jpg","contentUrl":"https:\/\/diariotextual.com\/inicio\/wp-content\/uploads\/2024\/01\/ardohainmartin2024-2.jpg","width":2048,"height":1367},{"@type":"BreadcrumbList","@id":"https:\/\/diariotextual.com\/inicio\/index.php\/2024\/01\/31\/ardohain-arenga-por-la-ley-omnibus-el-cambio-que-los-argentinos-quieren-esta-en-marcha\/#breadcrumb","itemListElement":[{"@type":"ListItem","position":1,"name":"Portada","item":"https:\/\/diariotextual.com\/inicio\/"},{"@type":"ListItem","position":2,"name":"Ardohain arenga por la ley \u00f3mnibus: \u201cEl cambio que los argentinos quieren, est\u00e1 en marcha\u201d"}]},{"@type":"WebSite","@id":"https:\/\/diariotextual.com\/inicio\/#website","url":"https:\/\/diariotextual.com\/inicio\/","name":"Diario Textual","description":"","publisher":{"@id":"https:\/\/diariotextual.com\/inicio\/#organization"},"potentialAction":[{"@type":"SearchAction","target":{"@type":"EntryPoint","urlTemplate":"https:\/\/diariotextual.com\/inicio\/?s={search_term_string}"},"query-input":{"@type":"PropertyValueSpecification","valueRequired":true,"valueName":"search_term_string"}}],"inLanguage":"es"},{"@type":"Organization","@id":"https:\/\/diariotextual.com\/inicio\/#organization","name":"Diario Textual","url":"https:\/\/diariotextual.com\/inicio\/","logo":{"@type":"ImageObject","inLanguage":"es","@id":"https:\/\/diariotextual.com\/inicio\/#\/schema\/logo\/image\/","url":"https:\/\/diariotextual.com\/inicio\/wp-content\/uploads\/2023\/05\/logotextual1.jpg","contentUrl":"https:\/\/diariotextual.com\/inicio\/wp-content\/uploads\/2023\/05\/logotextual1.jpg","width":516,"height":76,"caption":"Diario Textual"},"image":{"@id":"https:\/\/diariotextual.com\/inicio\/#\/schema\/logo\/image\/"},"sameAs":["https:\/\/www.facebook.com\/eltextual","https:\/\/x.com\/eltextual","http:\/\/www.instagram.com\/eltextual"]},{"@type":"Person","@id":"https:\/\/diariotextual.com\/inicio\/#\/schema\/person\/418fc4093c33e86ed41562db3508f958","name":"Diario1 Diario1","image":{"@type":"ImageObject","inLanguage":"es","@id":"https:\/\/secure.gravatar.com\/avatar\/9167d280179c85bc18be67aa7eda765854300033af4896dd779b608640f2ef7a?s=96&d=mm&r=g","url":"https:\/\/secure.gravatar.com\/avatar\/9167d280179c85bc18be67aa7eda765854300033af4896dd779b608640f2ef7a?s=96&d=mm&r=g","contentUrl":"https:\/\/secure.gravatar.com\/avatar\/9167d280179c85bc18be67aa7eda765854300033af4896dd779b608640f2ef7a?s=96&d=mm&r=g","caption":"Diario1 Diario1"},"url":"https:\/\/diariotextual.com\/inicio\/index.php\/author\/diario1\/"}]}},"_links":{"self":[{"href":"https:\/\/diariotextual.com\/inicio\/index.php\/wp-json\/wp\/v2\/posts\/252762","targetHints":{"allow":["GET"]}}],"collection":[{"href":"https:\/\/diariotextual.com\/inicio\/index.php\/wp-json\/wp\/v2\/posts"}],"about":[{"href":"https:\/\/diariotextual.com\/inicio\/index.php\/wp-json\/wp\/v2\/types\/post"}],"author":[{"embeddable":true,"href":"https:\/\/diariotextual.com\/inicio\/index.php\/wp-json\/wp\/v2\/users\/3"}],"replies":[{"embeddable":true,"href":"https:\/\/diariotextual.com\/inicio\/index.php\/wp-json\/wp\/v2\/comments?post=252762"}],"version-history":[{"count":2,"href":"https:\/\/diariotextual.com\/inicio\/index.php\/wp-json\/wp\/v2\/posts\/252762\/revisions"}],"predecessor-version":[{"id":252765,"href":"https:\/\/diariotextual.com\/inicio\/index.php\/wp-json\/wp\/v2\/posts\/252762\/revisions\/252765"}],"wp:featuredmedia":[{"embeddable":true,"href":"https:\/\/diariotextual.com\/inicio\/index.php\/wp-json\/wp\/v2\/media\/252763"}],"wp:attachment":[{"href":"https:\/\/diariotextual.com\/inicio\/index.php\/wp-json\/wp\/v2\/media?parent=252762"}],"wp:term":[{"taxonomy":"category","embeddable":true,"href":"https:\/\/diariotextual.com\/inicio\/index.php\/wp-json\/wp\/v2\/categories?post=252762"},{"taxonomy":"post_tag","embeddable":true,"href":"https:\/\/diariotextual.com\/inicio\/index.php\/wp-json\/wp\/v2\/tags?post=252762"}],"curies":[{"name":"wp","href":"https:\/\/api.w.org\/{rel}","templated":true}]}}