{"id":252776,"date":"2024-01-31T18:58:43","date_gmt":"2024-01-31T21:58:43","guid":{"rendered":"https:\/\/diariotextual.com\/inicio\/?p=252776"},"modified":"2024-01-31T18:59:35","modified_gmt":"2024-01-31T21:59:35","slug":"di-napoli-recibio-a-artistas-locales-premiados-en-cosquin-y-laborde","status":"publish","type":"post","link":"https:\/\/diariotextual.com\/inicio\/index.php\/2024\/01\/31\/di-napoli-recibio-a-artistas-locales-premiados-en-cosquin-y-laborde\/","title":{"rendered":"Di N\u00e1poli recibi\u00f3 a artistas locales premiados en Cosqu\u00edn y Laborde"},"content":{"rendered":"\n<p>Esta ma\u00f1ana en su despacho, el intendente Luciano di N\u00e1poli, recibi\u00f3 a artistas santarrose\u00f1os que participaron y fueron premiados en el Festival Nacional de Cosqu\u00edn y en el Festival Nacional del Malambo 2024 realizado en la localidad de Laborde.<\/p>\n\n\n\n<p>Durante el encuentro, el jefe comunal felicit\u00f3 a las y los artistas por sus destacadas participaciones y los convoc\u00f3 a sostener una agenda en conjunto para potenciar el circuito folcl\u00f3rico de Santa Rosa y toda la regi\u00f3n. \u201cEs un verdadero orgullo contar con ustedes para seguir fortaleciendo nuestra identidad y cultura local a trav\u00e9s del arte\u201d, sostuvo.<\/p>\n\n\n\n<p>En la misma l\u00ednea las y los artistas expresaron su agradecimiento por el reconocimiento y manifestaron su apoyo al sector cultural de la capital pampeana.<\/p>\n\n\n\n<p>Participaron del encuentro, Laura G\u00f3mez Weizz, ganadora de espect\u00e1culos callejeros en Cosqu\u00edn 2024, integrantes del grupo \u201cEl Entrevero\u00bb, destacados en la Pe\u00f1a oficial de Cosqu\u00edn y primera menci\u00f3n en espect\u00e1culos callejeros y \u00abAy\u00fcn Folklore\u00bb, segundo puesto d\u00fao vocal en el Festival del Malambo 2024 de Laborde.<\/p>\n\n\n\n<p>Por el municipio, formaron parte la secretaria de Cultura, Educaci\u00f3n, Deportes y Turismo y el director de Cultura, Walter Llanson.<\/p>\n","protected":false},"excerpt":{"rendered":"<p>Esta ma\u00f1ana en su despacho, el intendente Luciano di N\u00e1poli, recibi\u00f3 a artistas santarrose\u00f1os que participaron y fueron premiados en el Festival Nacional de Cosqu\u00edn y en el Festival Nacional&hellip;<\/p>\n","protected":false},"author":3,"featured_media":252778,"comment_status":"closed","ping_status":"open","sticky":false,"template":"","format":"standard","meta":{"_acf_changed":false,"footnotes":""},"categories":[1,8],"tags":[],"class_list":["post-252776","post","type-post","status-publish","format-standard","has-post-thumbnail","hentry","category-es-noticia","category-politica"],"acf":[],"yoast_head":"<!-- This site is optimized with the Yoast SEO plugin v27.5 - https:\/\/yoast.com\/product\/yoast-seo-wordpress\/ -->\n<title>Di N\u00e1poli recibi\u00f3 a artistas locales premiados en Cosqu\u00edn y Laborde - Diario Textual<\/title>\n<meta name=\"robots\" content=\"index, follow, max-snippet:-1, max-image-preview:large, max-video-preview:-1\" \/>\n<link rel=\"canonical\" href=\"https:\/\/diariotextual.com\/inicio\/index.php\/2024\/01\/31\/di-napoli-recibio-a-artistas-locales-premiados-en-cosquin-y-laborde\/\" \/>\n<meta property=\"og:locale\" content=\"es_ES\" \/>\n<meta property=\"og:type\" content=\"article\" \/>\n<meta property=\"og:title\" content=\"Di N\u00e1poli recibi\u00f3 a artistas locales premiados en Cosqu\u00edn y Laborde - Diario Textual\" \/>\n<meta property=\"og:description\" content=\"Esta ma\u00f1ana en su despacho, el intendente Luciano di N\u00e1poli, recibi\u00f3 a artistas santarrose\u00f1os que participaron y fueron premiados en el Festival Nacional de Cosqu\u00edn y en el Festival Nacional&hellip;\" \/>\n<meta property=\"og:url\" content=\"https:\/\/diariotextual.com\/inicio\/index.php\/2024\/01\/31\/di-napoli-recibio-a-artistas-locales-premiados-en-cosquin-y-laborde\/\" \/>\n<meta property=\"og:site_name\" content=\"Diario Textual\" \/>\n<meta property=\"article:publisher\" content=\"https:\/\/www.facebook.com\/eltextual\" \/>\n<meta property=\"article:published_time\" content=\"2024-01-31T21:58:43+00:00\" \/>\n<meta property=\"article:modified_time\" content=\"2024-01-31T21:59:35+00:00\" \/>\n<meta property=\"og:image\" content=\"https:\/\/diariotextual.com\/inicio\/wp-content\/uploads\/2024\/01\/dinapoliartistascosquinlaborde2024-2.jpg\" \/>\n\t<meta property=\"og:image:width\" content=\"1276\" \/>\n\t<meta property=\"og:image:height\" content=\"685\" \/>\n\t<meta property=\"og:image:type\" content=\"image\/jpeg\" \/>\n<meta name=\"author\" content=\"Diario1 Diario1\" \/>\n<meta name=\"twitter:card\" content=\"summary_large_image\" \/>\n<meta name=\"twitter:creator\" content=\"@eltextual\" \/>\n<meta name=\"twitter:site\" content=\"@eltextual\" \/>\n<meta name=\"twitter:label1\" content=\"Escrito por\" \/>\n\t<meta name=\"twitter:data1\" content=\"Diario1 Diario1\" \/>\n\t<meta name=\"twitter:label2\" content=\"Tiempo de lectura\" \/>\n\t<meta name=\"twitter:data2\" content=\"1 minuto\" \/>\n<script type=\"application\/ld+json\" class=\"yoast-schema-graph\">{\"@context\":\"https:\\\/\\\/schema.org\",\"@graph\":[{\"@type\":\"Article\",\"@id\":\"https:\\\/\\\/diariotextual.com\\\/inicio\\\/index.php\\\/2024\\\/01\\\/31\\\/di-napoli-recibio-a-artistas-locales-premiados-en-cosquin-y-laborde\\\/#article\",\"isPartOf\":{\"@id\":\"https:\\\/\\\/diariotextual.com\\\/inicio\\\/index.php\\\/2024\\\/01\\\/31\\\/di-napoli-recibio-a-artistas-locales-premiados-en-cosquin-y-laborde\\\/\"},\"author\":{\"name\":\"Diario1 Diario1\",\"@id\":\"https:\\\/\\\/diariotextual.com\\\/inicio\\\/#\\\/schema\\\/person\\\/418fc4093c33e86ed41562db3508f958\"},\"headline\":\"Di N\u00e1poli recibi\u00f3 a artistas locales premiados en Cosqu\u00edn y Laborde\",\"datePublished\":\"2024-01-31T21:58:43+00:00\",\"dateModified\":\"2024-01-31T21:59:35+00:00\",\"mainEntityOfPage\":{\"@id\":\"https:\\\/\\\/diariotextual.com\\\/inicio\\\/index.php\\\/2024\\\/01\\\/31\\\/di-napoli-recibio-a-artistas-locales-premiados-en-cosquin-y-laborde\\\/\"},\"wordCount\":215,\"publisher\":{\"@id\":\"https:\\\/\\\/diariotextual.com\\\/inicio\\\/#organization\"},\"image\":{\"@id\":\"https:\\\/\\\/diariotextual.com\\\/inicio\\\/index.php\\\/2024\\\/01\\\/31\\\/di-napoli-recibio-a-artistas-locales-premiados-en-cosquin-y-laborde\\\/#primaryimage\"},\"thumbnailUrl\":\"https:\\\/\\\/diariotextual.com\\\/inicio\\\/wp-content\\\/uploads\\\/2024\\\/01\\\/dinapoliartistascosquinlaborde2024-2.jpg\",\"articleSection\":[\"A - ES NOTICIA (van abajo)\",\"POLITICA\"],\"inLanguage\":\"es\"},{\"@type\":\"WebPage\",\"@id\":\"https:\\\/\\\/diariotextual.com\\\/inicio\\\/index.php\\\/2024\\\/01\\\/31\\\/di-napoli-recibio-a-artistas-locales-premiados-en-cosquin-y-laborde\\\/\",\"url\":\"https:\\\/\\\/diariotextual.com\\\/inicio\\\/index.php\\\/2024\\\/01\\\/31\\\/di-napoli-recibio-a-artistas-locales-premiados-en-cosquin-y-laborde\\\/\",\"name\":\"Di N\u00e1poli recibi\u00f3 a artistas locales premiados en Cosqu\u00edn y Laborde - Diario Textual\",\"isPartOf\":{\"@id\":\"https:\\\/\\\/diariotextual.com\\\/inicio\\\/#website\"},\"primaryImageOfPage\":{\"@id\":\"https:\\\/\\\/diariotextual.com\\\/inicio\\\/index.php\\\/2024\\\/01\\\/31\\\/di-napoli-recibio-a-artistas-locales-premiados-en-cosquin-y-laborde\\\/#primaryimage\"},\"image\":{\"@id\":\"https:\\\/\\\/diariotextual.com\\\/inicio\\\/index.php\\\/2024\\\/01\\\/31\\\/di-napoli-recibio-a-artistas-locales-premiados-en-cosquin-y-laborde\\\/#primaryimage\"},\"thumbnailUrl\":\"https:\\\/\\\/diariotextual.com\\\/inicio\\\/wp-content\\\/uploads\\\/2024\\\/01\\\/dinapoliartistascosquinlaborde2024-2.jpg\",\"datePublished\":\"2024-01-31T21:58:43+00:00\",\"dateModified\":\"2024-01-31T21:59:35+00:00\",\"breadcrumb\":{\"@id\":\"https:\\\/\\\/diariotextual.com\\\/inicio\\\/index.php\\\/2024\\\/01\\\/31\\\/di-napoli-recibio-a-artistas-locales-premiados-en-cosquin-y-laborde\\\/#breadcrumb\"},\"inLanguage\":\"es\",\"potentialAction\":[{\"@type\":\"ReadAction\",\"target\":[\"https:\\\/\\\/diariotextual.com\\\/inicio\\\/index.php\\\/2024\\\/01\\\/31\\\/di-napoli-recibio-a-artistas-locales-premiados-en-cosquin-y-laborde\\\/\"]}]},{\"@type\":\"ImageObject\",\"inLanguage\":\"es\",\"@id\":\"https:\\\/\\\/diariotextual.com\\\/inicio\\\/index.php\\\/2024\\\/01\\\/31\\\/di-napoli-recibio-a-artistas-locales-premiados-en-cosquin-y-laborde\\\/#primaryimage\",\"url\":\"https:\\\/\\\/diariotextual.com\\\/inicio\\\/wp-content\\\/uploads\\\/2024\\\/01\\\/dinapoliartistascosquinlaborde2024-2.jpg\",\"contentUrl\":\"https:\\\/\\\/diariotextual.com\\\/inicio\\\/wp-content\\\/uploads\\\/2024\\\/01\\\/dinapoliartistascosquinlaborde2024-2.jpg\",\"width\":1276,\"height\":685},{\"@type\":\"BreadcrumbList\",\"@id\":\"https:\\\/\\\/diariotextual.com\\\/inicio\\\/index.php\\\/2024\\\/01\\\/31\\\/di-napoli-recibio-a-artistas-locales-premiados-en-cosquin-y-laborde\\\/#breadcrumb\",\"itemListElement\":[{\"@type\":\"ListItem\",\"position\":1,\"name\":\"Portada\",\"item\":\"https:\\\/\\\/diariotextual.com\\\/inicio\\\/\"},{\"@type\":\"ListItem\",\"position\":2,\"name\":\"Di N\u00e1poli recibi\u00f3 a artistas locales premiados en Cosqu\u00edn y Laborde\"}]},{\"@type\":\"WebSite\",\"@id\":\"https:\\\/\\\/diariotextual.com\\\/inicio\\\/#website\",\"url\":\"https:\\\/\\\/diariotextual.com\\\/inicio\\\/\",\"name\":\"Diario Textual\",\"description\":\"\",\"publisher\":{\"@id\":\"https:\\\/\\\/diariotextual.com\\\/inicio\\\/#organization\"},\"potentialAction\":[{\"@type\":\"SearchAction\",\"target\":{\"@type\":\"EntryPoint\",\"urlTemplate\":\"https:\\\/\\\/diariotextual.com\\\/inicio\\\/?s={search_term_string}\"},\"query-input\":{\"@type\":\"PropertyValueSpecification\",\"valueRequired\":true,\"valueName\":\"search_term_string\"}}],\"inLanguage\":\"es\"},{\"@type\":\"Organization\",\"@id\":\"https:\\\/\\\/diariotextual.com\\\/inicio\\\/#organization\",\"name\":\"Diario Textual\",\"url\":\"https:\\\/\\\/diariotextual.com\\\/inicio\\\/\",\"logo\":{\"@type\":\"ImageObject\",\"inLanguage\":\"es\",\"@id\":\"https:\\\/\\\/diariotextual.com\\\/inicio\\\/#\\\/schema\\\/logo\\\/image\\\/\",\"url\":\"https:\\\/\\\/diariotextual.com\\\/inicio\\\/wp-content\\\/uploads\\\/2023\\\/05\\\/logotextual1.jpg\",\"contentUrl\":\"https:\\\/\\\/diariotextual.com\\\/inicio\\\/wp-content\\\/uploads\\\/2023\\\/05\\\/logotextual1.jpg\",\"width\":516,\"height\":76,\"caption\":\"Diario Textual\"},\"image\":{\"@id\":\"https:\\\/\\\/diariotextual.com\\\/inicio\\\/#\\\/schema\\\/logo\\\/image\\\/\"},\"sameAs\":[\"https:\\\/\\\/www.facebook.com\\\/eltextual\",\"https:\\\/\\\/x.com\\\/eltextual\",\"http:\\\/\\\/www.instagram.com\\\/eltextual\"]},{\"@type\":\"Person\",\"@id\":\"https:\\\/\\\/diariotextual.com\\\/inicio\\\/#\\\/schema\\\/person\\\/418fc4093c33e86ed41562db3508f958\",\"name\":\"Diario1 Diario1\",\"image\":{\"@type\":\"ImageObject\",\"inLanguage\":\"es\",\"@id\":\"https:\\\/\\\/secure.gravatar.com\\\/avatar\\\/9167d280179c85bc18be67aa7eda765854300033af4896dd779b608640f2ef7a?s=96&d=mm&r=g\",\"url\":\"https:\\\/\\\/secure.gravatar.com\\\/avatar\\\/9167d280179c85bc18be67aa7eda765854300033af4896dd779b608640f2ef7a?s=96&d=mm&r=g\",\"contentUrl\":\"https:\\\/\\\/secure.gravatar.com\\\/avatar\\\/9167d280179c85bc18be67aa7eda765854300033af4896dd779b608640f2ef7a?s=96&d=mm&r=g\",\"caption\":\"Diario1 Diario1\"},\"url\":\"https:\\\/\\\/diariotextual.com\\\/inicio\\\/index.php\\\/author\\\/diario1\\\/\"}]}<\/script>\n<!-- \/ Yoast SEO plugin. -->","yoast_head_json":{"title":"Di N\u00e1poli recibi\u00f3 a artistas locales premiados en Cosqu\u00edn y Laborde - Diario Textual","robots":{"index":"index","follow":"follow","max-snippet":"max-snippet:-1","max-image-preview":"max-image-preview:large","max-video-preview":"max-video-preview:-1"},"canonical":"https:\/\/diariotextual.com\/inicio\/index.php\/2024\/01\/31\/di-napoli-recibio-a-artistas-locales-premiados-en-cosquin-y-laborde\/","og_locale":"es_ES","og_type":"article","og_title":"Di N\u00e1poli recibi\u00f3 a artistas locales premiados en Cosqu\u00edn y Laborde - Diario Textual","og_description":"Esta ma\u00f1ana en su despacho, el intendente Luciano di N\u00e1poli, recibi\u00f3 a artistas santarrose\u00f1os que participaron y fueron premiados en el Festival Nacional de Cosqu\u00edn y en el Festival Nacional&hellip;","og_url":"https:\/\/diariotextual.com\/inicio\/index.php\/2024\/01\/31\/di-napoli-recibio-a-artistas-locales-premiados-en-cosquin-y-laborde\/","og_site_name":"Diario Textual","article_publisher":"https:\/\/www.facebook.com\/eltextual","article_published_time":"2024-01-31T21:58:43+00:00","article_modified_time":"2024-01-31T21:59:35+00:00","og_image":[{"width":1276,"height":685,"url":"https:\/\/diariotextual.com\/inicio\/wp-content\/uploads\/2024\/01\/dinapoliartistascosquinlaborde2024-2.jpg","type":"image\/jpeg"}],"author":"Diario1 Diario1","twitter_card":"summary_large_image","twitter_creator":"@eltextual","twitter_site":"@eltextual","twitter_misc":{"Escrito por":"Diario1 Diario1","Tiempo de lectura":"1 minuto"},"schema":{"@context":"https:\/\/schema.org","@graph":[{"@type":"Article","@id":"https:\/\/diariotextual.com\/inicio\/index.php\/2024\/01\/31\/di-napoli-recibio-a-artistas-locales-premiados-en-cosquin-y-laborde\/#article","isPartOf":{"@id":"https:\/\/diariotextual.com\/inicio\/index.php\/2024\/01\/31\/di-napoli-recibio-a-artistas-locales-premiados-en-cosquin-y-laborde\/"},"author":{"name":"Diario1 Diario1","@id":"https:\/\/diariotextual.com\/inicio\/#\/schema\/person\/418fc4093c33e86ed41562db3508f958"},"headline":"Di N\u00e1poli recibi\u00f3 a artistas locales premiados en Cosqu\u00edn y Laborde","datePublished":"2024-01-31T21:58:43+00:00","dateModified":"2024-01-31T21:59:35+00:00","mainEntityOfPage":{"@id":"https:\/\/diariotextual.com\/inicio\/index.php\/2024\/01\/31\/di-napoli-recibio-a-artistas-locales-premiados-en-cosquin-y-laborde\/"},"wordCount":215,"publisher":{"@id":"https:\/\/diariotextual.com\/inicio\/#organization"},"image":{"@id":"https:\/\/diariotextual.com\/inicio\/index.php\/2024\/01\/31\/di-napoli-recibio-a-artistas-locales-premiados-en-cosquin-y-laborde\/#primaryimage"},"thumbnailUrl":"https:\/\/diariotextual.com\/inicio\/wp-content\/uploads\/2024\/01\/dinapoliartistascosquinlaborde2024-2.jpg","articleSection":["A - ES NOTICIA (van abajo)","POLITICA"],"inLanguage":"es"},{"@type":"WebPage","@id":"https:\/\/diariotextual.com\/inicio\/index.php\/2024\/01\/31\/di-napoli-recibio-a-artistas-locales-premiados-en-cosquin-y-laborde\/","url":"https:\/\/diariotextual.com\/inicio\/index.php\/2024\/01\/31\/di-napoli-recibio-a-artistas-locales-premiados-en-cosquin-y-laborde\/","name":"Di N\u00e1poli recibi\u00f3 a artistas locales premiados en Cosqu\u00edn y Laborde - Diario Textual","isPartOf":{"@id":"https:\/\/diariotextual.com\/inicio\/#website"},"primaryImageOfPage":{"@id":"https:\/\/diariotextual.com\/inicio\/index.php\/2024\/01\/31\/di-napoli-recibio-a-artistas-locales-premiados-en-cosquin-y-laborde\/#primaryimage"},"image":{"@id":"https:\/\/diariotextual.com\/inicio\/index.php\/2024\/01\/31\/di-napoli-recibio-a-artistas-locales-premiados-en-cosquin-y-laborde\/#primaryimage"},"thumbnailUrl":"https:\/\/diariotextual.com\/inicio\/wp-content\/uploads\/2024\/01\/dinapoliartistascosquinlaborde2024-2.jpg","datePublished":"2024-01-31T21:58:43+00:00","dateModified":"2024-01-31T21:59:35+00:00","breadcrumb":{"@id":"https:\/\/diariotextual.com\/inicio\/index.php\/2024\/01\/31\/di-napoli-recibio-a-artistas-locales-premiados-en-cosquin-y-laborde\/#breadcrumb"},"inLanguage":"es","potentialAction":[{"@type":"ReadAction","target":["https:\/\/diariotextual.com\/inicio\/index.php\/2024\/01\/31\/di-napoli-recibio-a-artistas-locales-premiados-en-cosquin-y-laborde\/"]}]},{"@type":"ImageObject","inLanguage":"es","@id":"https:\/\/diariotextual.com\/inicio\/index.php\/2024\/01\/31\/di-napoli-recibio-a-artistas-locales-premiados-en-cosquin-y-laborde\/#primaryimage","url":"https:\/\/diariotextual.com\/inicio\/wp-content\/uploads\/2024\/01\/dinapoliartistascosquinlaborde2024-2.jpg","contentUrl":"https:\/\/diariotextual.com\/inicio\/wp-content\/uploads\/2024\/01\/dinapoliartistascosquinlaborde2024-2.jpg","width":1276,"height":685},{"@type":"BreadcrumbList","@id":"https:\/\/diariotextual.com\/inicio\/index.php\/2024\/01\/31\/di-napoli-recibio-a-artistas-locales-premiados-en-cosquin-y-laborde\/#breadcrumb","itemListElement":[{"@type":"ListItem","position":1,"name":"Portada","item":"https:\/\/diariotextual.com\/inicio\/"},{"@type":"ListItem","position":2,"name":"Di N\u00e1poli recibi\u00f3 a artistas locales premiados en Cosqu\u00edn y Laborde"}]},{"@type":"WebSite","@id":"https:\/\/diariotextual.com\/inicio\/#website","url":"https:\/\/diariotextual.com\/inicio\/","name":"Diario Textual","description":"","publisher":{"@id":"https:\/\/diariotextual.com\/inicio\/#organization"},"potentialAction":[{"@type":"SearchAction","target":{"@type":"EntryPoint","urlTemplate":"https:\/\/diariotextual.com\/inicio\/?s={search_term_string}"},"query-input":{"@type":"PropertyValueSpecification","valueRequired":true,"valueName":"search_term_string"}}],"inLanguage":"es"},{"@type":"Organization","@id":"https:\/\/diariotextual.com\/inicio\/#organization","name":"Diario Textual","url":"https:\/\/diariotextual.com\/inicio\/","logo":{"@type":"ImageObject","inLanguage":"es","@id":"https:\/\/diariotextual.com\/inicio\/#\/schema\/logo\/image\/","url":"https:\/\/diariotextual.com\/inicio\/wp-content\/uploads\/2023\/05\/logotextual1.jpg","contentUrl":"https:\/\/diariotextual.com\/inicio\/wp-content\/uploads\/2023\/05\/logotextual1.jpg","width":516,"height":76,"caption":"Diario Textual"},"image":{"@id":"https:\/\/diariotextual.com\/inicio\/#\/schema\/logo\/image\/"},"sameAs":["https:\/\/www.facebook.com\/eltextual","https:\/\/x.com\/eltextual","http:\/\/www.instagram.com\/eltextual"]},{"@type":"Person","@id":"https:\/\/diariotextual.com\/inicio\/#\/schema\/person\/418fc4093c33e86ed41562db3508f958","name":"Diario1 Diario1","image":{"@type":"ImageObject","inLanguage":"es","@id":"https:\/\/secure.gravatar.com\/avatar\/9167d280179c85bc18be67aa7eda765854300033af4896dd779b608640f2ef7a?s=96&d=mm&r=g","url":"https:\/\/secure.gravatar.com\/avatar\/9167d280179c85bc18be67aa7eda765854300033af4896dd779b608640f2ef7a?s=96&d=mm&r=g","contentUrl":"https:\/\/secure.gravatar.com\/avatar\/9167d280179c85bc18be67aa7eda765854300033af4896dd779b608640f2ef7a?s=96&d=mm&r=g","caption":"Diario1 Diario1"},"url":"https:\/\/diariotextual.com\/inicio\/index.php\/author\/diario1\/"}]}},"_links":{"self":[{"href":"https:\/\/diariotextual.com\/inicio\/index.php\/wp-json\/wp\/v2\/posts\/252776","targetHints":{"allow":["GET"]}}],"collection":[{"href":"https:\/\/diariotextual.com\/inicio\/index.php\/wp-json\/wp\/v2\/posts"}],"about":[{"href":"https:\/\/diariotextual.com\/inicio\/index.php\/wp-json\/wp\/v2\/types\/post"}],"author":[{"embeddable":true,"href":"https:\/\/diariotextual.com\/inicio\/index.php\/wp-json\/wp\/v2\/users\/3"}],"replies":[{"embeddable":true,"href":"https:\/\/diariotextual.com\/inicio\/index.php\/wp-json\/wp\/v2\/comments?post=252776"}],"version-history":[{"count":1,"href":"https:\/\/diariotextual.com\/inicio\/index.php\/wp-json\/wp\/v2\/posts\/252776\/revisions"}],"predecessor-version":[{"id":252777,"href":"https:\/\/diariotextual.com\/inicio\/index.php\/wp-json\/wp\/v2\/posts\/252776\/revisions\/252777"}],"wp:featuredmedia":[{"embeddable":true,"href":"https:\/\/diariotextual.com\/inicio\/index.php\/wp-json\/wp\/v2\/media\/252778"}],"wp:attachment":[{"href":"https:\/\/diariotextual.com\/inicio\/index.php\/wp-json\/wp\/v2\/media?parent=252776"}],"wp:term":[{"taxonomy":"category","embeddable":true,"href":"https:\/\/diariotextual.com\/inicio\/index.php\/wp-json\/wp\/v2\/categories?post=252776"},{"taxonomy":"post_tag","embeddable":true,"href":"https:\/\/diariotextual.com\/inicio\/index.php\/wp-json\/wp\/v2\/tags?post=252776"}],"curies":[{"name":"wp","href":"https:\/\/api.w.org\/{rel}","templated":true}]}}