{"id":252809,"date":"2024-01-31T21:46:01","date_gmt":"2024-02-01T00:46:01","guid":{"rendered":"https:\/\/diariotextual.com\/inicio\/?p=252809"},"modified":"2024-01-31T23:27:37","modified_gmt":"2024-02-01T02:27:37","slug":"cuarto-intermedio-diputados-postergo-la-votacion-de-la-ley-omnibus","status":"publish","type":"post","link":"https:\/\/diariotextual.com\/inicio\/index.php\/2024\/01\/31\/cuarto-intermedio-diputados-postergo-la-votacion-de-la-ley-omnibus\/","title":{"rendered":"Cuarto intermedio: Diputados posterg\u00f3 la votaci\u00f3n de la ley \u00f3mnibus"},"content":{"rendered":"\n<p>Luego de\u00a0m\u00e1s de doce horas de debate, la C\u00e1mara de Diputados decidi\u00f3 pasar a un cuarto intermedio hasta media ma\u00f1ana del jueves para aprobar en general la Ley \u00d3mnibus y continuar con el tratamiento de los art\u00edculos en particular.<\/p>\n\n\n\n<figure class=\"wp-block-embed is-type-wp-embed is-provider-diario-textual wp-block-embed-diario-textual\"><div class=\"wp-block-embed__wrapper\">\n<blockquote class=\"wp-embedded-content\" data-secret=\"O2sHzXP9An\"><a href=\"https:\/\/diariotextual.com\/inicio\/index.php\/2024\/01\/31\/ley-omnibus-la-pampeana-coli-votara-por-la-ley-omnibus-pero-sin-los-superpoderes\/\">La pampeana Coli votar\u00e1 por la ley \u00f3mnibus, pero sin los superpoderes<\/a><\/blockquote><iframe class=\"wp-embedded-content\" sandbox=\"allow-scripts\" security=\"restricted\" style=\"position: absolute; clip: rect(1px, 1px, 1px, 1px);\" title=\"\u00abLa pampeana Coli votar\u00e1 por la ley \u00f3mnibus, pero sin los superpoderes\u00bb \u2014 Diario Textual\" src=\"https:\/\/diariotextual.com\/inicio\/index.php\/2024\/01\/31\/ley-omnibus-la-pampeana-coli-votara-por-la-ley-omnibus-pero-sin-los-superpoderes\/embed\/#?secret=NhP6snjLcp#?secret=O2sHzXP9An\" data-secret=\"O2sHzXP9An\" width=\"600\" height=\"338\" frameborder=\"0\" marginwidth=\"0\" marginheight=\"0\" scrolling=\"no\"><\/iframe>\n<\/div><\/figure>\n\n\n\n<p>Mientras dentro del recinto la sesi\u00f3n transcurri\u00f3 sin mayores contratiempos, a excepci\u00f3n del cruce entre diputados del Frente de Izquierda con un empresario pyme que gritaba desde uno de los palcos, las negociaciones paralelas se desarrollaron a lo largo de toda la jornada.<\/p>\n\n\n\n<p>Dado que por la gran cantidad de temas que abarca el proyecto y por el n\u00famero de oradores, se estimaba que la sesi\u00f3n durar\u00eda cerca de 40 horas. Por eso es que durante la reuni\u00f3n de Labor Parlamentaria de ayer se hab\u00eda esbozado la posibilidad de interrumpir el debate para que los diputados puedan dormir antes de continuar.<\/p>\n\n\n\n<p>Los \u00fanicos que se opusieron fueron los integrantes de la bancada de Uni\u00f3n por la Patria. \u201cNosotros estamos para continuar esta sesi\u00f3n\u201d, dijo Germ\u00e1n Mart\u00ednez, molesto porque su partido no fue inclu\u00eddo en las negociaciones.<\/p>\n","protected":false},"excerpt":{"rendered":"<p>Luego de\u00a0m\u00e1s de doce horas de debate, la C\u00e1mara de Diputados decidi\u00f3 pasar a un cuarto intermedio hasta media ma\u00f1ana del jueves para aprobar en general la Ley \u00d3mnibus y&hellip;<\/p>\n","protected":false},"author":3,"featured_media":252811,"comment_status":"closed","ping_status":"open","sticky":false,"template":"","format":"standard","meta":{"_acf_changed":false,"footnotes":""},"categories":[1,8],"tags":[],"class_list":["post-252809","post","type-post","status-publish","format-standard","has-post-thumbnail","hentry","category-es-noticia","category-politica"],"acf":[],"yoast_head":"<!-- This site is optimized with the Yoast SEO plugin v27.5 - https:\/\/yoast.com\/product\/yoast-seo-wordpress\/ -->\n<title>Cuarto intermedio: Diputados posterg\u00f3 la votaci\u00f3n de la ley \u00f3mnibus - Diario Textual<\/title>\n<meta name=\"robots\" content=\"index, follow, max-snippet:-1, max-image-preview:large, max-video-preview:-1\" \/>\n<link rel=\"canonical\" href=\"https:\/\/diariotextual.com\/inicio\/index.php\/2024\/01\/31\/cuarto-intermedio-diputados-postergo-la-votacion-de-la-ley-omnibus\/\" \/>\n<meta property=\"og:locale\" content=\"es_ES\" \/>\n<meta property=\"og:type\" content=\"article\" \/>\n<meta property=\"og:title\" content=\"Cuarto intermedio: Diputados posterg\u00f3 la votaci\u00f3n de la ley \u00f3mnibus - Diario Textual\" \/>\n<meta property=\"og:description\" content=\"Luego de\u00a0m\u00e1s de doce horas de debate, la C\u00e1mara de Diputados decidi\u00f3 pasar a un cuarto intermedio hasta media ma\u00f1ana del jueves para aprobar en general la Ley \u00d3mnibus y&hellip;\" \/>\n<meta property=\"og:url\" content=\"https:\/\/diariotextual.com\/inicio\/index.php\/2024\/01\/31\/cuarto-intermedio-diputados-postergo-la-votacion-de-la-ley-omnibus\/\" \/>\n<meta property=\"og:site_name\" content=\"Diario Textual\" \/>\n<meta property=\"article:publisher\" content=\"https:\/\/www.facebook.com\/eltextual\" \/>\n<meta property=\"article:published_time\" content=\"2024-02-01T00:46:01+00:00\" \/>\n<meta property=\"article:modified_time\" content=\"2024-02-01T02:27:37+00:00\" \/>\n<meta property=\"og:image\" content=\"https:\/\/diariotextual.com\/inicio\/wp-content\/uploads\/2024\/01\/leybasesleyomnibustelam2024-3234.jpg\" \/>\n\t<meta property=\"og:image:width\" content=\"1200\" \/>\n\t<meta property=\"og:image:height\" content=\"675\" \/>\n\t<meta property=\"og:image:type\" content=\"image\/jpeg\" \/>\n<meta name=\"author\" content=\"Diario1 Diario1\" \/>\n<meta name=\"twitter:card\" content=\"summary_large_image\" \/>\n<meta name=\"twitter:creator\" content=\"@eltextual\" \/>\n<meta name=\"twitter:site\" content=\"@eltextual\" \/>\n<meta name=\"twitter:label1\" content=\"Escrito por\" \/>\n\t<meta name=\"twitter:data1\" content=\"Diario1 Diario1\" \/>\n\t<meta name=\"twitter:label2\" content=\"Tiempo de lectura\" \/>\n\t<meta name=\"twitter:data2\" content=\"2 minutos\" \/>\n<script type=\"application\/ld+json\" class=\"yoast-schema-graph\">{\"@context\":\"https:\\\/\\\/schema.org\",\"@graph\":[{\"@type\":\"Article\",\"@id\":\"https:\\\/\\\/diariotextual.com\\\/inicio\\\/index.php\\\/2024\\\/01\\\/31\\\/cuarto-intermedio-diputados-postergo-la-votacion-de-la-ley-omnibus\\\/#article\",\"isPartOf\":{\"@id\":\"https:\\\/\\\/diariotextual.com\\\/inicio\\\/index.php\\\/2024\\\/01\\\/31\\\/cuarto-intermedio-diputados-postergo-la-votacion-de-la-ley-omnibus\\\/\"},\"author\":{\"name\":\"Diario1 Diario1\",\"@id\":\"https:\\\/\\\/diariotextual.com\\\/inicio\\\/#\\\/schema\\\/person\\\/418fc4093c33e86ed41562db3508f958\"},\"headline\":\"Cuarto intermedio: Diputados posterg\u00f3 la votaci\u00f3n de la ley \u00f3mnibus\",\"datePublished\":\"2024-02-01T00:46:01+00:00\",\"dateModified\":\"2024-02-01T02:27:37+00:00\",\"mainEntityOfPage\":{\"@id\":\"https:\\\/\\\/diariotextual.com\\\/inicio\\\/index.php\\\/2024\\\/01\\\/31\\\/cuarto-intermedio-diputados-postergo-la-votacion-de-la-ley-omnibus\\\/\"},\"wordCount\":209,\"publisher\":{\"@id\":\"https:\\\/\\\/diariotextual.com\\\/inicio\\\/#organization\"},\"image\":{\"@id\":\"https:\\\/\\\/diariotextual.com\\\/inicio\\\/index.php\\\/2024\\\/01\\\/31\\\/cuarto-intermedio-diputados-postergo-la-votacion-de-la-ley-omnibus\\\/#primaryimage\"},\"thumbnailUrl\":\"https:\\\/\\\/diariotextual.com\\\/inicio\\\/wp-content\\\/uploads\\\/2024\\\/01\\\/leybasesleyomnibustelam2024-3234.jpg\",\"articleSection\":[\"A - ES NOTICIA (van abajo)\",\"POLITICA\"],\"inLanguage\":\"es\"},{\"@type\":\"WebPage\",\"@id\":\"https:\\\/\\\/diariotextual.com\\\/inicio\\\/index.php\\\/2024\\\/01\\\/31\\\/cuarto-intermedio-diputados-postergo-la-votacion-de-la-ley-omnibus\\\/\",\"url\":\"https:\\\/\\\/diariotextual.com\\\/inicio\\\/index.php\\\/2024\\\/01\\\/31\\\/cuarto-intermedio-diputados-postergo-la-votacion-de-la-ley-omnibus\\\/\",\"name\":\"Cuarto intermedio: Diputados posterg\u00f3 la votaci\u00f3n de la ley \u00f3mnibus - Diario Textual\",\"isPartOf\":{\"@id\":\"https:\\\/\\\/diariotextual.com\\\/inicio\\\/#website\"},\"primaryImageOfPage\":{\"@id\":\"https:\\\/\\\/diariotextual.com\\\/inicio\\\/index.php\\\/2024\\\/01\\\/31\\\/cuarto-intermedio-diputados-postergo-la-votacion-de-la-ley-omnibus\\\/#primaryimage\"},\"image\":{\"@id\":\"https:\\\/\\\/diariotextual.com\\\/inicio\\\/index.php\\\/2024\\\/01\\\/31\\\/cuarto-intermedio-diputados-postergo-la-votacion-de-la-ley-omnibus\\\/#primaryimage\"},\"thumbnailUrl\":\"https:\\\/\\\/diariotextual.com\\\/inicio\\\/wp-content\\\/uploads\\\/2024\\\/01\\\/leybasesleyomnibustelam2024-3234.jpg\",\"datePublished\":\"2024-02-01T00:46:01+00:00\",\"dateModified\":\"2024-02-01T02:27:37+00:00\",\"breadcrumb\":{\"@id\":\"https:\\\/\\\/diariotextual.com\\\/inicio\\\/index.php\\\/2024\\\/01\\\/31\\\/cuarto-intermedio-diputados-postergo-la-votacion-de-la-ley-omnibus\\\/#breadcrumb\"},\"inLanguage\":\"es\",\"potentialAction\":[{\"@type\":\"ReadAction\",\"target\":[\"https:\\\/\\\/diariotextual.com\\\/inicio\\\/index.php\\\/2024\\\/01\\\/31\\\/cuarto-intermedio-diputados-postergo-la-votacion-de-la-ley-omnibus\\\/\"]}]},{\"@type\":\"ImageObject\",\"inLanguage\":\"es\",\"@id\":\"https:\\\/\\\/diariotextual.com\\\/inicio\\\/index.php\\\/2024\\\/01\\\/31\\\/cuarto-intermedio-diputados-postergo-la-votacion-de-la-ley-omnibus\\\/#primaryimage\",\"url\":\"https:\\\/\\\/diariotextual.com\\\/inicio\\\/wp-content\\\/uploads\\\/2024\\\/01\\\/leybasesleyomnibustelam2024-3234.jpg\",\"contentUrl\":\"https:\\\/\\\/diariotextual.com\\\/inicio\\\/wp-content\\\/uploads\\\/2024\\\/01\\\/leybasesleyomnibustelam2024-3234.jpg\",\"width\":1200,\"height\":675},{\"@type\":\"BreadcrumbList\",\"@id\":\"https:\\\/\\\/diariotextual.com\\\/inicio\\\/index.php\\\/2024\\\/01\\\/31\\\/cuarto-intermedio-diputados-postergo-la-votacion-de-la-ley-omnibus\\\/#breadcrumb\",\"itemListElement\":[{\"@type\":\"ListItem\",\"position\":1,\"name\":\"Portada\",\"item\":\"https:\\\/\\\/diariotextual.com\\\/inicio\\\/\"},{\"@type\":\"ListItem\",\"position\":2,\"name\":\"Cuarto intermedio: Diputados posterg\u00f3 la votaci\u00f3n de la ley \u00f3mnibus\"}]},{\"@type\":\"WebSite\",\"@id\":\"https:\\\/\\\/diariotextual.com\\\/inicio\\\/#website\",\"url\":\"https:\\\/\\\/diariotextual.com\\\/inicio\\\/\",\"name\":\"Diario Textual\",\"description\":\"\",\"publisher\":{\"@id\":\"https:\\\/\\\/diariotextual.com\\\/inicio\\\/#organization\"},\"potentialAction\":[{\"@type\":\"SearchAction\",\"target\":{\"@type\":\"EntryPoint\",\"urlTemplate\":\"https:\\\/\\\/diariotextual.com\\\/inicio\\\/?s={search_term_string}\"},\"query-input\":{\"@type\":\"PropertyValueSpecification\",\"valueRequired\":true,\"valueName\":\"search_term_string\"}}],\"inLanguage\":\"es\"},{\"@type\":\"Organization\",\"@id\":\"https:\\\/\\\/diariotextual.com\\\/inicio\\\/#organization\",\"name\":\"Diario Textual\",\"url\":\"https:\\\/\\\/diariotextual.com\\\/inicio\\\/\",\"logo\":{\"@type\":\"ImageObject\",\"inLanguage\":\"es\",\"@id\":\"https:\\\/\\\/diariotextual.com\\\/inicio\\\/#\\\/schema\\\/logo\\\/image\\\/\",\"url\":\"https:\\\/\\\/diariotextual.com\\\/inicio\\\/wp-content\\\/uploads\\\/2023\\\/05\\\/logotextual1.jpg\",\"contentUrl\":\"https:\\\/\\\/diariotextual.com\\\/inicio\\\/wp-content\\\/uploads\\\/2023\\\/05\\\/logotextual1.jpg\",\"width\":516,\"height\":76,\"caption\":\"Diario Textual\"},\"image\":{\"@id\":\"https:\\\/\\\/diariotextual.com\\\/inicio\\\/#\\\/schema\\\/logo\\\/image\\\/\"},\"sameAs\":[\"https:\\\/\\\/www.facebook.com\\\/eltextual\",\"https:\\\/\\\/x.com\\\/eltextual\",\"http:\\\/\\\/www.instagram.com\\\/eltextual\"]},{\"@type\":\"Person\",\"@id\":\"https:\\\/\\\/diariotextual.com\\\/inicio\\\/#\\\/schema\\\/person\\\/418fc4093c33e86ed41562db3508f958\",\"name\":\"Diario1 Diario1\",\"image\":{\"@type\":\"ImageObject\",\"inLanguage\":\"es\",\"@id\":\"https:\\\/\\\/secure.gravatar.com\\\/avatar\\\/9167d280179c85bc18be67aa7eda765854300033af4896dd779b608640f2ef7a?s=96&d=mm&r=g\",\"url\":\"https:\\\/\\\/secure.gravatar.com\\\/avatar\\\/9167d280179c85bc18be67aa7eda765854300033af4896dd779b608640f2ef7a?s=96&d=mm&r=g\",\"contentUrl\":\"https:\\\/\\\/secure.gravatar.com\\\/avatar\\\/9167d280179c85bc18be67aa7eda765854300033af4896dd779b608640f2ef7a?s=96&d=mm&r=g\",\"caption\":\"Diario1 Diario1\"},\"url\":\"https:\\\/\\\/diariotextual.com\\\/inicio\\\/index.php\\\/author\\\/diario1\\\/\"}]}<\/script>\n<!-- \/ Yoast SEO plugin. -->","yoast_head_json":{"title":"Cuarto intermedio: Diputados posterg\u00f3 la votaci\u00f3n de la ley \u00f3mnibus - Diario Textual","robots":{"index":"index","follow":"follow","max-snippet":"max-snippet:-1","max-image-preview":"max-image-preview:large","max-video-preview":"max-video-preview:-1"},"canonical":"https:\/\/diariotextual.com\/inicio\/index.php\/2024\/01\/31\/cuarto-intermedio-diputados-postergo-la-votacion-de-la-ley-omnibus\/","og_locale":"es_ES","og_type":"article","og_title":"Cuarto intermedio: Diputados posterg\u00f3 la votaci\u00f3n de la ley \u00f3mnibus - Diario Textual","og_description":"Luego de\u00a0m\u00e1s de doce horas de debate, la C\u00e1mara de Diputados decidi\u00f3 pasar a un cuarto intermedio hasta media ma\u00f1ana del jueves para aprobar en general la Ley \u00d3mnibus y&hellip;","og_url":"https:\/\/diariotextual.com\/inicio\/index.php\/2024\/01\/31\/cuarto-intermedio-diputados-postergo-la-votacion-de-la-ley-omnibus\/","og_site_name":"Diario Textual","article_publisher":"https:\/\/www.facebook.com\/eltextual","article_published_time":"2024-02-01T00:46:01+00:00","article_modified_time":"2024-02-01T02:27:37+00:00","og_image":[{"width":1200,"height":675,"url":"https:\/\/diariotextual.com\/inicio\/wp-content\/uploads\/2024\/01\/leybasesleyomnibustelam2024-3234.jpg","type":"image\/jpeg"}],"author":"Diario1 Diario1","twitter_card":"summary_large_image","twitter_creator":"@eltextual","twitter_site":"@eltextual","twitter_misc":{"Escrito por":"Diario1 Diario1","Tiempo de lectura":"2 minutos"},"schema":{"@context":"https:\/\/schema.org","@graph":[{"@type":"Article","@id":"https:\/\/diariotextual.com\/inicio\/index.php\/2024\/01\/31\/cuarto-intermedio-diputados-postergo-la-votacion-de-la-ley-omnibus\/#article","isPartOf":{"@id":"https:\/\/diariotextual.com\/inicio\/index.php\/2024\/01\/31\/cuarto-intermedio-diputados-postergo-la-votacion-de-la-ley-omnibus\/"},"author":{"name":"Diario1 Diario1","@id":"https:\/\/diariotextual.com\/inicio\/#\/schema\/person\/418fc4093c33e86ed41562db3508f958"},"headline":"Cuarto intermedio: Diputados posterg\u00f3 la votaci\u00f3n de la ley \u00f3mnibus","datePublished":"2024-02-01T00:46:01+00:00","dateModified":"2024-02-01T02:27:37+00:00","mainEntityOfPage":{"@id":"https:\/\/diariotextual.com\/inicio\/index.php\/2024\/01\/31\/cuarto-intermedio-diputados-postergo-la-votacion-de-la-ley-omnibus\/"},"wordCount":209,"publisher":{"@id":"https:\/\/diariotextual.com\/inicio\/#organization"},"image":{"@id":"https:\/\/diariotextual.com\/inicio\/index.php\/2024\/01\/31\/cuarto-intermedio-diputados-postergo-la-votacion-de-la-ley-omnibus\/#primaryimage"},"thumbnailUrl":"https:\/\/diariotextual.com\/inicio\/wp-content\/uploads\/2024\/01\/leybasesleyomnibustelam2024-3234.jpg","articleSection":["A - ES NOTICIA (van abajo)","POLITICA"],"inLanguage":"es"},{"@type":"WebPage","@id":"https:\/\/diariotextual.com\/inicio\/index.php\/2024\/01\/31\/cuarto-intermedio-diputados-postergo-la-votacion-de-la-ley-omnibus\/","url":"https:\/\/diariotextual.com\/inicio\/index.php\/2024\/01\/31\/cuarto-intermedio-diputados-postergo-la-votacion-de-la-ley-omnibus\/","name":"Cuarto intermedio: Diputados posterg\u00f3 la votaci\u00f3n de la ley \u00f3mnibus - Diario Textual","isPartOf":{"@id":"https:\/\/diariotextual.com\/inicio\/#website"},"primaryImageOfPage":{"@id":"https:\/\/diariotextual.com\/inicio\/index.php\/2024\/01\/31\/cuarto-intermedio-diputados-postergo-la-votacion-de-la-ley-omnibus\/#primaryimage"},"image":{"@id":"https:\/\/diariotextual.com\/inicio\/index.php\/2024\/01\/31\/cuarto-intermedio-diputados-postergo-la-votacion-de-la-ley-omnibus\/#primaryimage"},"thumbnailUrl":"https:\/\/diariotextual.com\/inicio\/wp-content\/uploads\/2024\/01\/leybasesleyomnibustelam2024-3234.jpg","datePublished":"2024-02-01T00:46:01+00:00","dateModified":"2024-02-01T02:27:37+00:00","breadcrumb":{"@id":"https:\/\/diariotextual.com\/inicio\/index.php\/2024\/01\/31\/cuarto-intermedio-diputados-postergo-la-votacion-de-la-ley-omnibus\/#breadcrumb"},"inLanguage":"es","potentialAction":[{"@type":"ReadAction","target":["https:\/\/diariotextual.com\/inicio\/index.php\/2024\/01\/31\/cuarto-intermedio-diputados-postergo-la-votacion-de-la-ley-omnibus\/"]}]},{"@type":"ImageObject","inLanguage":"es","@id":"https:\/\/diariotextual.com\/inicio\/index.php\/2024\/01\/31\/cuarto-intermedio-diputados-postergo-la-votacion-de-la-ley-omnibus\/#primaryimage","url":"https:\/\/diariotextual.com\/inicio\/wp-content\/uploads\/2024\/01\/leybasesleyomnibustelam2024-3234.jpg","contentUrl":"https:\/\/diariotextual.com\/inicio\/wp-content\/uploads\/2024\/01\/leybasesleyomnibustelam2024-3234.jpg","width":1200,"height":675},{"@type":"BreadcrumbList","@id":"https:\/\/diariotextual.com\/inicio\/index.php\/2024\/01\/31\/cuarto-intermedio-diputados-postergo-la-votacion-de-la-ley-omnibus\/#breadcrumb","itemListElement":[{"@type":"ListItem","position":1,"name":"Portada","item":"https:\/\/diariotextual.com\/inicio\/"},{"@type":"ListItem","position":2,"name":"Cuarto intermedio: Diputados posterg\u00f3 la votaci\u00f3n de la ley \u00f3mnibus"}]},{"@type":"WebSite","@id":"https:\/\/diariotextual.com\/inicio\/#website","url":"https:\/\/diariotextual.com\/inicio\/","name":"Diario Textual","description":"","publisher":{"@id":"https:\/\/diariotextual.com\/inicio\/#organization"},"potentialAction":[{"@type":"SearchAction","target":{"@type":"EntryPoint","urlTemplate":"https:\/\/diariotextual.com\/inicio\/?s={search_term_string}"},"query-input":{"@type":"PropertyValueSpecification","valueRequired":true,"valueName":"search_term_string"}}],"inLanguage":"es"},{"@type":"Organization","@id":"https:\/\/diariotextual.com\/inicio\/#organization","name":"Diario Textual","url":"https:\/\/diariotextual.com\/inicio\/","logo":{"@type":"ImageObject","inLanguage":"es","@id":"https:\/\/diariotextual.com\/inicio\/#\/schema\/logo\/image\/","url":"https:\/\/diariotextual.com\/inicio\/wp-content\/uploads\/2023\/05\/logotextual1.jpg","contentUrl":"https:\/\/diariotextual.com\/inicio\/wp-content\/uploads\/2023\/05\/logotextual1.jpg","width":516,"height":76,"caption":"Diario Textual"},"image":{"@id":"https:\/\/diariotextual.com\/inicio\/#\/schema\/logo\/image\/"},"sameAs":["https:\/\/www.facebook.com\/eltextual","https:\/\/x.com\/eltextual","http:\/\/www.instagram.com\/eltextual"]},{"@type":"Person","@id":"https:\/\/diariotextual.com\/inicio\/#\/schema\/person\/418fc4093c33e86ed41562db3508f958","name":"Diario1 Diario1","image":{"@type":"ImageObject","inLanguage":"es","@id":"https:\/\/secure.gravatar.com\/avatar\/9167d280179c85bc18be67aa7eda765854300033af4896dd779b608640f2ef7a?s=96&d=mm&r=g","url":"https:\/\/secure.gravatar.com\/avatar\/9167d280179c85bc18be67aa7eda765854300033af4896dd779b608640f2ef7a?s=96&d=mm&r=g","contentUrl":"https:\/\/secure.gravatar.com\/avatar\/9167d280179c85bc18be67aa7eda765854300033af4896dd779b608640f2ef7a?s=96&d=mm&r=g","caption":"Diario1 Diario1"},"url":"https:\/\/diariotextual.com\/inicio\/index.php\/author\/diario1\/"}]}},"_links":{"self":[{"href":"https:\/\/diariotextual.com\/inicio\/index.php\/wp-json\/wp\/v2\/posts\/252809","targetHints":{"allow":["GET"]}}],"collection":[{"href":"https:\/\/diariotextual.com\/inicio\/index.php\/wp-json\/wp\/v2\/posts"}],"about":[{"href":"https:\/\/diariotextual.com\/inicio\/index.php\/wp-json\/wp\/v2\/types\/post"}],"author":[{"embeddable":true,"href":"https:\/\/diariotextual.com\/inicio\/index.php\/wp-json\/wp\/v2\/users\/3"}],"replies":[{"embeddable":true,"href":"https:\/\/diariotextual.com\/inicio\/index.php\/wp-json\/wp\/v2\/comments?post=252809"}],"version-history":[{"count":1,"href":"https:\/\/diariotextual.com\/inicio\/index.php\/wp-json\/wp\/v2\/posts\/252809\/revisions"}],"predecessor-version":[{"id":252810,"href":"https:\/\/diariotextual.com\/inicio\/index.php\/wp-json\/wp\/v2\/posts\/252809\/revisions\/252810"}],"wp:featuredmedia":[{"embeddable":true,"href":"https:\/\/diariotextual.com\/inicio\/index.php\/wp-json\/wp\/v2\/media\/252811"}],"wp:attachment":[{"href":"https:\/\/diariotextual.com\/inicio\/index.php\/wp-json\/wp\/v2\/media?parent=252809"}],"wp:term":[{"taxonomy":"category","embeddable":true,"href":"https:\/\/diariotextual.com\/inicio\/index.php\/wp-json\/wp\/v2\/categories?post=252809"},{"taxonomy":"post_tag","embeddable":true,"href":"https:\/\/diariotextual.com\/inicio\/index.php\/wp-json\/wp\/v2\/tags?post=252809"}],"curies":[{"name":"wp","href":"https:\/\/api.w.org\/{rel}","templated":true}]}}