{"id":252864,"date":"2024-02-01T19:50:00","date_gmt":"2024-02-01T22:50:00","guid":{"rendered":"https:\/\/diariotextual.com\/inicio\/?p=252864"},"modified":"2024-02-01T19:55:42","modified_gmt":"2024-02-01T22:55:42","slug":"la-ucr-pampeana-repudia-represion-pero-convalida-la-ley-omnibus-que-criminaliza-la-protesta-social","status":"publish","type":"post","link":"https:\/\/diariotextual.com\/inicio\/index.php\/2024\/02\/01\/la-ucr-pampeana-repudia-represion-pero-convalida-la-ley-omnibus-que-criminaliza-la-protesta-social\/","title":{"rendered":"La UCR pampeana repudia represi\u00f3n, pero sus diputados convalidan la ley \u00f3mnibus que criminaliza la protesta social"},"content":{"rendered":"\n<p><strong>Cuatro mujeres fueron detenidas este mi\u00e9rcoles por la noche en las inmediaciones del Congreso de la Naci\u00f3n mientras se manifestaban en contra de la ley \u00f3mnibus. Minutos despu\u00e9s de ser apresadas, se viraliz\u00f3 un video de una de las detenidas, la militante radical Ivana Bunge, en donde contaba que fueron arrestadas por cantar el himno argentino mientras estaban sentadas de forma pac\u00edfica en la vereda y que las estaban haciendo \u201cdar vueltas\u201d con el patrullero. En la ma\u00f1ana de hoy, luego de permanecer recluidas durante horas, fueron liberadas.<\/strong><\/p>\n\n\n\n<p>El <strong>Comit\u00e9 Provincia de la UCR<\/strong> repudi\u00f3 la represi\u00f3n.<strong> Lo llamativo es que los legisladores nacionales de la UCR, con el PRO, van a votar a favor de la ley \u00f3mnibus que, precisamente, criminaliza la protesta social.<\/strong><\/p>\n\n\n\n<p>\u201cEn consonancia con lo expresado por el Comit\u00e9 Nacional UCR, expresamos nuestro repudio a las detenciones de Ivanna Budge, Jennifer Bogar\u00edn, Agustina Goncalves y Abril Taborda, realizadas durante la tarde noche de ayer, en inmediaciones del Congreso de la Naci\u00f3n\u201d, sostuvo la UCR pampeana.<\/p>\n\n\n\n<p>\u201cLas manifestaciones pol\u00edticas son&nbsp; esencia fundamental de la democracia, el respeto a las disidencias es una regla que este partido lleva como bandera. &nbsp;Por lo tanto, expresamos nuestra preocupaci\u00f3n por lo acontecido y reclamamos al gobierno nacional, y a los responsables de Seguridad en particular, respetar las normas b\u00e1sicas de convivencia ciudadana y de los derechos esenciales de las y los ciudadanos de este pa\u00eds\u201d, finalizaron.<\/p>\n\n\n\n<p>El texto del cap\u00edtulo de seguridad en la ley \u00f3mnibus de Javier Milei lleg\u00f3 al debate en el recinto con seis art\u00edculos menos. De acuerdo a las organizaciones que impulsaban la derogaci\u00f3n completa del apartado por considerarlo inconstitucional, se hicieron modificaciones superficiales que no eliminan el esp\u00edritu criminalizador hacia la protesta social ni la convalidaci\u00f3n del gatillo f\u00e1cil.<\/p>\n\n\n\n<p>El dictamen que muy probablemente consiga la media sanci\u00f3n en su votaci\u00f3n en general\u00a0<strong>reforma art\u00edculos importantes del C\u00f3digo Penal\u00a0<\/strong>que garantizan, entre otras cosas,\u00a0<strong>el derecho a querellar\u00a0<\/strong>de familiares de v\u00edctimas de gatillo f\u00e1cil, pero el \u00faltimo borrador tambi\u00e9n establece un aumento de las penas para quienes se movilicen hasta volverlo un \u201cdelito\u201d no excarcelable por \u201centorpecer la circulaci\u00f3n\u201d.\u00a0<\/p>\n\n\n\n<figure class=\"wp-block-embed is-type-wp-embed is-provider-diario-textual wp-block-embed-diario-textual\"><div class=\"wp-block-embed__wrapper\">\n<blockquote class=\"wp-embedded-content\" data-secret=\"NKcl3sSDIX\"><a href=\"https:\/\/diariotextual.com\/inicio\/index.php\/2024\/02\/01\/palos-balas-de-goma-y-gas-represion-a-manifestantes-fotografos-y-periodistas\/\">Palos, balas de goma y gas por la ley \u00f3mnibus: represi\u00f3n a manifestantes y periodistas<\/a><\/blockquote><iframe class=\"wp-embedded-content\" sandbox=\"allow-scripts\" security=\"restricted\" style=\"position: absolute; clip: rect(1px, 1px, 1px, 1px);\" title=\"\u00abPalos, balas de goma y gas por la ley \u00f3mnibus: represi\u00f3n a manifestantes y periodistas\u00bb \u2014 Diario Textual\" src=\"https:\/\/diariotextual.com\/inicio\/index.php\/2024\/02\/01\/palos-balas-de-goma-y-gas-represion-a-manifestantes-fotografos-y-periodistas\/embed\/#?secret=CjtuG4ddgo#?secret=NKcl3sSDIX\" data-secret=\"NKcl3sSDIX\" width=\"600\" height=\"338\" frameborder=\"0\" marginwidth=\"0\" marginheight=\"0\" scrolling=\"no\"><\/iframe>\n<\/div><\/figure>\n","protected":false},"excerpt":{"rendered":"<p>Cuatro mujeres fueron detenidas este mi\u00e9rcoles por la noche en las inmediaciones del Congreso de la Naci\u00f3n mientras se manifestaban en contra de la ley \u00f3mnibus. Minutos despu\u00e9s de ser&hellip;<\/p>\n","protected":false},"author":3,"featured_media":252802,"comment_status":"closed","ping_status":"open","sticky":false,"template":"","format":"standard","meta":{"_acf_changed":false,"footnotes":""},"categories":[1,8],"tags":[],"class_list":["post-252864","post","type-post","status-publish","format-standard","has-post-thumbnail","hentry","category-es-noticia","category-politica"],"acf":[],"yoast_head":"<!-- This site is optimized with the Yoast SEO plugin v27.5 - https:\/\/yoast.com\/product\/yoast-seo-wordpress\/ -->\n<title>La UCR pampeana repudia represi\u00f3n, pero sus diputados convalidan la ley \u00f3mnibus que criminaliza la protesta social - Diario Textual<\/title>\n<meta name=\"robots\" content=\"index, follow, max-snippet:-1, max-image-preview:large, max-video-preview:-1\" \/>\n<link rel=\"canonical\" href=\"https:\/\/diariotextual.com\/inicio\/index.php\/2024\/02\/01\/la-ucr-pampeana-repudia-represion-pero-convalida-la-ley-omnibus-que-criminaliza-la-protesta-social\/\" \/>\n<meta property=\"og:locale\" content=\"es_ES\" \/>\n<meta property=\"og:type\" content=\"article\" \/>\n<meta property=\"og:title\" content=\"La UCR pampeana repudia represi\u00f3n, pero sus diputados convalidan la ley \u00f3mnibus que criminaliza la protesta social - Diario Textual\" \/>\n<meta property=\"og:description\" content=\"Cuatro mujeres fueron detenidas este mi\u00e9rcoles por la noche en las inmediaciones del Congreso de la Naci\u00f3n mientras se manifestaban en contra de la ley \u00f3mnibus. Minutos despu\u00e9s de ser&hellip;\" \/>\n<meta property=\"og:url\" content=\"https:\/\/diariotextual.com\/inicio\/index.php\/2024\/02\/01\/la-ucr-pampeana-repudia-represion-pero-convalida-la-ley-omnibus-que-criminaliza-la-protesta-social\/\" \/>\n<meta property=\"og:site_name\" content=\"Diario Textual\" \/>\n<meta property=\"article:publisher\" content=\"https:\/\/www.facebook.com\/eltextual\" \/>\n<meta property=\"article:published_time\" content=\"2024-02-01T22:50:00+00:00\" \/>\n<meta property=\"article:modified_time\" content=\"2024-02-01T22:55:42+00:00\" \/>\n<meta property=\"og:image\" content=\"https:\/\/diariotextual.com\/inicio\/wp-content\/uploads\/2024\/01\/represionleyomnibusleybases2024-2.jpg\" \/>\n\t<meta property=\"og:image:width\" content=\"1280\" \/>\n\t<meta property=\"og:image:height\" content=\"853\" \/>\n\t<meta property=\"og:image:type\" content=\"image\/jpeg\" \/>\n<meta name=\"author\" content=\"Diario1 Diario1\" \/>\n<meta name=\"twitter:card\" content=\"summary_large_image\" \/>\n<meta name=\"twitter:creator\" content=\"@eltextual\" \/>\n<meta name=\"twitter:site\" content=\"@eltextual\" \/>\n<meta name=\"twitter:label1\" content=\"Escrito por\" \/>\n\t<meta name=\"twitter:data1\" content=\"Diario1 Diario1\" \/>\n\t<meta name=\"twitter:label2\" content=\"Tiempo de lectura\" \/>\n\t<meta name=\"twitter:data2\" content=\"2 minutos\" \/>\n<script type=\"application\/ld+json\" class=\"yoast-schema-graph\">{\"@context\":\"https:\\\/\\\/schema.org\",\"@graph\":[{\"@type\":\"Article\",\"@id\":\"https:\\\/\\\/diariotextual.com\\\/inicio\\\/index.php\\\/2024\\\/02\\\/01\\\/la-ucr-pampeana-repudia-represion-pero-convalida-la-ley-omnibus-que-criminaliza-la-protesta-social\\\/#article\",\"isPartOf\":{\"@id\":\"https:\\\/\\\/diariotextual.com\\\/inicio\\\/index.php\\\/2024\\\/02\\\/01\\\/la-ucr-pampeana-repudia-represion-pero-convalida-la-ley-omnibus-que-criminaliza-la-protesta-social\\\/\"},\"author\":{\"name\":\"Diario1 Diario1\",\"@id\":\"https:\\\/\\\/diariotextual.com\\\/inicio\\\/#\\\/schema\\\/person\\\/418fc4093c33e86ed41562db3508f958\"},\"headline\":\"La UCR pampeana repudia represi\u00f3n, pero sus diputados convalidan la ley \u00f3mnibus que criminaliza la protesta social\",\"datePublished\":\"2024-02-01T22:50:00+00:00\",\"dateModified\":\"2024-02-01T22:55:42+00:00\",\"mainEntityOfPage\":{\"@id\":\"https:\\\/\\\/diariotextual.com\\\/inicio\\\/index.php\\\/2024\\\/02\\\/01\\\/la-ucr-pampeana-repudia-represion-pero-convalida-la-ley-omnibus-que-criminaliza-la-protesta-social\\\/\"},\"wordCount\":407,\"publisher\":{\"@id\":\"https:\\\/\\\/diariotextual.com\\\/inicio\\\/#organization\"},\"image\":{\"@id\":\"https:\\\/\\\/diariotextual.com\\\/inicio\\\/index.php\\\/2024\\\/02\\\/01\\\/la-ucr-pampeana-repudia-represion-pero-convalida-la-ley-omnibus-que-criminaliza-la-protesta-social\\\/#primaryimage\"},\"thumbnailUrl\":\"https:\\\/\\\/diariotextual.com\\\/inicio\\\/wp-content\\\/uploads\\\/2024\\\/01\\\/represionleyomnibusleybases2024-2.jpg\",\"articleSection\":[\"A - ES NOTICIA (van abajo)\",\"POLITICA\"],\"inLanguage\":\"es\"},{\"@type\":\"WebPage\",\"@id\":\"https:\\\/\\\/diariotextual.com\\\/inicio\\\/index.php\\\/2024\\\/02\\\/01\\\/la-ucr-pampeana-repudia-represion-pero-convalida-la-ley-omnibus-que-criminaliza-la-protesta-social\\\/\",\"url\":\"https:\\\/\\\/diariotextual.com\\\/inicio\\\/index.php\\\/2024\\\/02\\\/01\\\/la-ucr-pampeana-repudia-represion-pero-convalida-la-ley-omnibus-que-criminaliza-la-protesta-social\\\/\",\"name\":\"La UCR pampeana repudia represi\u00f3n, pero sus diputados convalidan la ley \u00f3mnibus que criminaliza la protesta social - Diario Textual\",\"isPartOf\":{\"@id\":\"https:\\\/\\\/diariotextual.com\\\/inicio\\\/#website\"},\"primaryImageOfPage\":{\"@id\":\"https:\\\/\\\/diariotextual.com\\\/inicio\\\/index.php\\\/2024\\\/02\\\/01\\\/la-ucr-pampeana-repudia-represion-pero-convalida-la-ley-omnibus-que-criminaliza-la-protesta-social\\\/#primaryimage\"},\"image\":{\"@id\":\"https:\\\/\\\/diariotextual.com\\\/inicio\\\/index.php\\\/2024\\\/02\\\/01\\\/la-ucr-pampeana-repudia-represion-pero-convalida-la-ley-omnibus-que-criminaliza-la-protesta-social\\\/#primaryimage\"},\"thumbnailUrl\":\"https:\\\/\\\/diariotextual.com\\\/inicio\\\/wp-content\\\/uploads\\\/2024\\\/01\\\/represionleyomnibusleybases2024-2.jpg\",\"datePublished\":\"2024-02-01T22:50:00+00:00\",\"dateModified\":\"2024-02-01T22:55:42+00:00\",\"breadcrumb\":{\"@id\":\"https:\\\/\\\/diariotextual.com\\\/inicio\\\/index.php\\\/2024\\\/02\\\/01\\\/la-ucr-pampeana-repudia-represion-pero-convalida-la-ley-omnibus-que-criminaliza-la-protesta-social\\\/#breadcrumb\"},\"inLanguage\":\"es\",\"potentialAction\":[{\"@type\":\"ReadAction\",\"target\":[\"https:\\\/\\\/diariotextual.com\\\/inicio\\\/index.php\\\/2024\\\/02\\\/01\\\/la-ucr-pampeana-repudia-represion-pero-convalida-la-ley-omnibus-que-criminaliza-la-protesta-social\\\/\"]}]},{\"@type\":\"ImageObject\",\"inLanguage\":\"es\",\"@id\":\"https:\\\/\\\/diariotextual.com\\\/inicio\\\/index.php\\\/2024\\\/02\\\/01\\\/la-ucr-pampeana-repudia-represion-pero-convalida-la-ley-omnibus-que-criminaliza-la-protesta-social\\\/#primaryimage\",\"url\":\"https:\\\/\\\/diariotextual.com\\\/inicio\\\/wp-content\\\/uploads\\\/2024\\\/01\\\/represionleyomnibusleybases2024-2.jpg\",\"contentUrl\":\"https:\\\/\\\/diariotextual.com\\\/inicio\\\/wp-content\\\/uploads\\\/2024\\\/01\\\/represionleyomnibusleybases2024-2.jpg\",\"width\":1280,\"height\":853},{\"@type\":\"BreadcrumbList\",\"@id\":\"https:\\\/\\\/diariotextual.com\\\/inicio\\\/index.php\\\/2024\\\/02\\\/01\\\/la-ucr-pampeana-repudia-represion-pero-convalida-la-ley-omnibus-que-criminaliza-la-protesta-social\\\/#breadcrumb\",\"itemListElement\":[{\"@type\":\"ListItem\",\"position\":1,\"name\":\"Portada\",\"item\":\"https:\\\/\\\/diariotextual.com\\\/inicio\\\/\"},{\"@type\":\"ListItem\",\"position\":2,\"name\":\"La UCR pampeana repudia represi\u00f3n, pero sus diputados convalidan la ley \u00f3mnibus que criminaliza la protesta social\"}]},{\"@type\":\"WebSite\",\"@id\":\"https:\\\/\\\/diariotextual.com\\\/inicio\\\/#website\",\"url\":\"https:\\\/\\\/diariotextual.com\\\/inicio\\\/\",\"name\":\"Diario Textual\",\"description\":\"\",\"publisher\":{\"@id\":\"https:\\\/\\\/diariotextual.com\\\/inicio\\\/#organization\"},\"potentialAction\":[{\"@type\":\"SearchAction\",\"target\":{\"@type\":\"EntryPoint\",\"urlTemplate\":\"https:\\\/\\\/diariotextual.com\\\/inicio\\\/?s={search_term_string}\"},\"query-input\":{\"@type\":\"PropertyValueSpecification\",\"valueRequired\":true,\"valueName\":\"search_term_string\"}}],\"inLanguage\":\"es\"},{\"@type\":\"Organization\",\"@id\":\"https:\\\/\\\/diariotextual.com\\\/inicio\\\/#organization\",\"name\":\"Diario Textual\",\"url\":\"https:\\\/\\\/diariotextual.com\\\/inicio\\\/\",\"logo\":{\"@type\":\"ImageObject\",\"inLanguage\":\"es\",\"@id\":\"https:\\\/\\\/diariotextual.com\\\/inicio\\\/#\\\/schema\\\/logo\\\/image\\\/\",\"url\":\"https:\\\/\\\/diariotextual.com\\\/inicio\\\/wp-content\\\/uploads\\\/2023\\\/05\\\/logotextual1.jpg\",\"contentUrl\":\"https:\\\/\\\/diariotextual.com\\\/inicio\\\/wp-content\\\/uploads\\\/2023\\\/05\\\/logotextual1.jpg\",\"width\":516,\"height\":76,\"caption\":\"Diario Textual\"},\"image\":{\"@id\":\"https:\\\/\\\/diariotextual.com\\\/inicio\\\/#\\\/schema\\\/logo\\\/image\\\/\"},\"sameAs\":[\"https:\\\/\\\/www.facebook.com\\\/eltextual\",\"https:\\\/\\\/x.com\\\/eltextual\",\"http:\\\/\\\/www.instagram.com\\\/eltextual\"]},{\"@type\":\"Person\",\"@id\":\"https:\\\/\\\/diariotextual.com\\\/inicio\\\/#\\\/schema\\\/person\\\/418fc4093c33e86ed41562db3508f958\",\"name\":\"Diario1 Diario1\",\"image\":{\"@type\":\"ImageObject\",\"inLanguage\":\"es\",\"@id\":\"https:\\\/\\\/secure.gravatar.com\\\/avatar\\\/9167d280179c85bc18be67aa7eda765854300033af4896dd779b608640f2ef7a?s=96&d=mm&r=g\",\"url\":\"https:\\\/\\\/secure.gravatar.com\\\/avatar\\\/9167d280179c85bc18be67aa7eda765854300033af4896dd779b608640f2ef7a?s=96&d=mm&r=g\",\"contentUrl\":\"https:\\\/\\\/secure.gravatar.com\\\/avatar\\\/9167d280179c85bc18be67aa7eda765854300033af4896dd779b608640f2ef7a?s=96&d=mm&r=g\",\"caption\":\"Diario1 Diario1\"},\"url\":\"https:\\\/\\\/diariotextual.com\\\/inicio\\\/index.php\\\/author\\\/diario1\\\/\"}]}<\/script>\n<!-- \/ Yoast SEO plugin. -->","yoast_head_json":{"title":"La UCR pampeana repudia represi\u00f3n, pero sus diputados convalidan la ley \u00f3mnibus que criminaliza la protesta social - Diario Textual","robots":{"index":"index","follow":"follow","max-snippet":"max-snippet:-1","max-image-preview":"max-image-preview:large","max-video-preview":"max-video-preview:-1"},"canonical":"https:\/\/diariotextual.com\/inicio\/index.php\/2024\/02\/01\/la-ucr-pampeana-repudia-represion-pero-convalida-la-ley-omnibus-que-criminaliza-la-protesta-social\/","og_locale":"es_ES","og_type":"article","og_title":"La UCR pampeana repudia represi\u00f3n, pero sus diputados convalidan la ley \u00f3mnibus que criminaliza la protesta social - Diario Textual","og_description":"Cuatro mujeres fueron detenidas este mi\u00e9rcoles por la noche en las inmediaciones del Congreso de la Naci\u00f3n mientras se manifestaban en contra de la ley \u00f3mnibus. Minutos despu\u00e9s de ser&hellip;","og_url":"https:\/\/diariotextual.com\/inicio\/index.php\/2024\/02\/01\/la-ucr-pampeana-repudia-represion-pero-convalida-la-ley-omnibus-que-criminaliza-la-protesta-social\/","og_site_name":"Diario Textual","article_publisher":"https:\/\/www.facebook.com\/eltextual","article_published_time":"2024-02-01T22:50:00+00:00","article_modified_time":"2024-02-01T22:55:42+00:00","og_image":[{"width":1280,"height":853,"url":"https:\/\/diariotextual.com\/inicio\/wp-content\/uploads\/2024\/01\/represionleyomnibusleybases2024-2.jpg","type":"image\/jpeg"}],"author":"Diario1 Diario1","twitter_card":"summary_large_image","twitter_creator":"@eltextual","twitter_site":"@eltextual","twitter_misc":{"Escrito por":"Diario1 Diario1","Tiempo de lectura":"2 minutos"},"schema":{"@context":"https:\/\/schema.org","@graph":[{"@type":"Article","@id":"https:\/\/diariotextual.com\/inicio\/index.php\/2024\/02\/01\/la-ucr-pampeana-repudia-represion-pero-convalida-la-ley-omnibus-que-criminaliza-la-protesta-social\/#article","isPartOf":{"@id":"https:\/\/diariotextual.com\/inicio\/index.php\/2024\/02\/01\/la-ucr-pampeana-repudia-represion-pero-convalida-la-ley-omnibus-que-criminaliza-la-protesta-social\/"},"author":{"name":"Diario1 Diario1","@id":"https:\/\/diariotextual.com\/inicio\/#\/schema\/person\/418fc4093c33e86ed41562db3508f958"},"headline":"La UCR pampeana repudia represi\u00f3n, pero sus diputados convalidan la ley \u00f3mnibus que criminaliza la protesta social","datePublished":"2024-02-01T22:50:00+00:00","dateModified":"2024-02-01T22:55:42+00:00","mainEntityOfPage":{"@id":"https:\/\/diariotextual.com\/inicio\/index.php\/2024\/02\/01\/la-ucr-pampeana-repudia-represion-pero-convalida-la-ley-omnibus-que-criminaliza-la-protesta-social\/"},"wordCount":407,"publisher":{"@id":"https:\/\/diariotextual.com\/inicio\/#organization"},"image":{"@id":"https:\/\/diariotextual.com\/inicio\/index.php\/2024\/02\/01\/la-ucr-pampeana-repudia-represion-pero-convalida-la-ley-omnibus-que-criminaliza-la-protesta-social\/#primaryimage"},"thumbnailUrl":"https:\/\/diariotextual.com\/inicio\/wp-content\/uploads\/2024\/01\/represionleyomnibusleybases2024-2.jpg","articleSection":["A - ES NOTICIA (van abajo)","POLITICA"],"inLanguage":"es"},{"@type":"WebPage","@id":"https:\/\/diariotextual.com\/inicio\/index.php\/2024\/02\/01\/la-ucr-pampeana-repudia-represion-pero-convalida-la-ley-omnibus-que-criminaliza-la-protesta-social\/","url":"https:\/\/diariotextual.com\/inicio\/index.php\/2024\/02\/01\/la-ucr-pampeana-repudia-represion-pero-convalida-la-ley-omnibus-que-criminaliza-la-protesta-social\/","name":"La UCR pampeana repudia represi\u00f3n, pero sus diputados convalidan la ley \u00f3mnibus que criminaliza la protesta social - Diario Textual","isPartOf":{"@id":"https:\/\/diariotextual.com\/inicio\/#website"},"primaryImageOfPage":{"@id":"https:\/\/diariotextual.com\/inicio\/index.php\/2024\/02\/01\/la-ucr-pampeana-repudia-represion-pero-convalida-la-ley-omnibus-que-criminaliza-la-protesta-social\/#primaryimage"},"image":{"@id":"https:\/\/diariotextual.com\/inicio\/index.php\/2024\/02\/01\/la-ucr-pampeana-repudia-represion-pero-convalida-la-ley-omnibus-que-criminaliza-la-protesta-social\/#primaryimage"},"thumbnailUrl":"https:\/\/diariotextual.com\/inicio\/wp-content\/uploads\/2024\/01\/represionleyomnibusleybases2024-2.jpg","datePublished":"2024-02-01T22:50:00+00:00","dateModified":"2024-02-01T22:55:42+00:00","breadcrumb":{"@id":"https:\/\/diariotextual.com\/inicio\/index.php\/2024\/02\/01\/la-ucr-pampeana-repudia-represion-pero-convalida-la-ley-omnibus-que-criminaliza-la-protesta-social\/#breadcrumb"},"inLanguage":"es","potentialAction":[{"@type":"ReadAction","target":["https:\/\/diariotextual.com\/inicio\/index.php\/2024\/02\/01\/la-ucr-pampeana-repudia-represion-pero-convalida-la-ley-omnibus-que-criminaliza-la-protesta-social\/"]}]},{"@type":"ImageObject","inLanguage":"es","@id":"https:\/\/diariotextual.com\/inicio\/index.php\/2024\/02\/01\/la-ucr-pampeana-repudia-represion-pero-convalida-la-ley-omnibus-que-criminaliza-la-protesta-social\/#primaryimage","url":"https:\/\/diariotextual.com\/inicio\/wp-content\/uploads\/2024\/01\/represionleyomnibusleybases2024-2.jpg","contentUrl":"https:\/\/diariotextual.com\/inicio\/wp-content\/uploads\/2024\/01\/represionleyomnibusleybases2024-2.jpg","width":1280,"height":853},{"@type":"BreadcrumbList","@id":"https:\/\/diariotextual.com\/inicio\/index.php\/2024\/02\/01\/la-ucr-pampeana-repudia-represion-pero-convalida-la-ley-omnibus-que-criminaliza-la-protesta-social\/#breadcrumb","itemListElement":[{"@type":"ListItem","position":1,"name":"Portada","item":"https:\/\/diariotextual.com\/inicio\/"},{"@type":"ListItem","position":2,"name":"La UCR pampeana repudia represi\u00f3n, pero sus diputados convalidan la ley \u00f3mnibus que criminaliza la protesta social"}]},{"@type":"WebSite","@id":"https:\/\/diariotextual.com\/inicio\/#website","url":"https:\/\/diariotextual.com\/inicio\/","name":"Diario Textual","description":"","publisher":{"@id":"https:\/\/diariotextual.com\/inicio\/#organization"},"potentialAction":[{"@type":"SearchAction","target":{"@type":"EntryPoint","urlTemplate":"https:\/\/diariotextual.com\/inicio\/?s={search_term_string}"},"query-input":{"@type":"PropertyValueSpecification","valueRequired":true,"valueName":"search_term_string"}}],"inLanguage":"es"},{"@type":"Organization","@id":"https:\/\/diariotextual.com\/inicio\/#organization","name":"Diario Textual","url":"https:\/\/diariotextual.com\/inicio\/","logo":{"@type":"ImageObject","inLanguage":"es","@id":"https:\/\/diariotextual.com\/inicio\/#\/schema\/logo\/image\/","url":"https:\/\/diariotextual.com\/inicio\/wp-content\/uploads\/2023\/05\/logotextual1.jpg","contentUrl":"https:\/\/diariotextual.com\/inicio\/wp-content\/uploads\/2023\/05\/logotextual1.jpg","width":516,"height":76,"caption":"Diario Textual"},"image":{"@id":"https:\/\/diariotextual.com\/inicio\/#\/schema\/logo\/image\/"},"sameAs":["https:\/\/www.facebook.com\/eltextual","https:\/\/x.com\/eltextual","http:\/\/www.instagram.com\/eltextual"]},{"@type":"Person","@id":"https:\/\/diariotextual.com\/inicio\/#\/schema\/person\/418fc4093c33e86ed41562db3508f958","name":"Diario1 Diario1","image":{"@type":"ImageObject","inLanguage":"es","@id":"https:\/\/secure.gravatar.com\/avatar\/9167d280179c85bc18be67aa7eda765854300033af4896dd779b608640f2ef7a?s=96&d=mm&r=g","url":"https:\/\/secure.gravatar.com\/avatar\/9167d280179c85bc18be67aa7eda765854300033af4896dd779b608640f2ef7a?s=96&d=mm&r=g","contentUrl":"https:\/\/secure.gravatar.com\/avatar\/9167d280179c85bc18be67aa7eda765854300033af4896dd779b608640f2ef7a?s=96&d=mm&r=g","caption":"Diario1 Diario1"},"url":"https:\/\/diariotextual.com\/inicio\/index.php\/author\/diario1\/"}]}},"_links":{"self":[{"href":"https:\/\/diariotextual.com\/inicio\/index.php\/wp-json\/wp\/v2\/posts\/252864","targetHints":{"allow":["GET"]}}],"collection":[{"href":"https:\/\/diariotextual.com\/inicio\/index.php\/wp-json\/wp\/v2\/posts"}],"about":[{"href":"https:\/\/diariotextual.com\/inicio\/index.php\/wp-json\/wp\/v2\/types\/post"}],"author":[{"embeddable":true,"href":"https:\/\/diariotextual.com\/inicio\/index.php\/wp-json\/wp\/v2\/users\/3"}],"replies":[{"embeddable":true,"href":"https:\/\/diariotextual.com\/inicio\/index.php\/wp-json\/wp\/v2\/comments?post=252864"}],"version-history":[{"count":5,"href":"https:\/\/diariotextual.com\/inicio\/index.php\/wp-json\/wp\/v2\/posts\/252864\/revisions"}],"predecessor-version":[{"id":252903,"href":"https:\/\/diariotextual.com\/inicio\/index.php\/wp-json\/wp\/v2\/posts\/252864\/revisions\/252903"}],"wp:featuredmedia":[{"embeddable":true,"href":"https:\/\/diariotextual.com\/inicio\/index.php\/wp-json\/wp\/v2\/media\/252802"}],"wp:attachment":[{"href":"https:\/\/diariotextual.com\/inicio\/index.php\/wp-json\/wp\/v2\/media?parent=252864"}],"wp:term":[{"taxonomy":"category","embeddable":true,"href":"https:\/\/diariotextual.com\/inicio\/index.php\/wp-json\/wp\/v2\/categories?post=252864"},{"taxonomy":"post_tag","embeddable":true,"href":"https:\/\/diariotextual.com\/inicio\/index.php\/wp-json\/wp\/v2\/tags?post=252864"}],"curies":[{"name":"wp","href":"https:\/\/api.w.org\/{rel}","templated":true}]}}