{"id":252870,"date":"2024-02-01T15:38:09","date_gmt":"2024-02-01T18:38:09","guid":{"rendered":"https:\/\/diariotextual.com\/inicio\/?p=252870"},"modified":"2024-02-01T16:00:07","modified_gmt":"2024-02-01T19:00:07","slug":"en-el-gobierno-aspiran-convocar-a-los-gobernadores-a-un-nuevo-pacto-fiscal","status":"publish","type":"post","link":"https:\/\/diariotextual.com\/inicio\/index.php\/2024\/02\/01\/en-el-gobierno-aspiran-convocar-a-los-gobernadores-a-un-nuevo-pacto-fiscal\/","title":{"rendered":"En el Gobierno aspiran convocar a los gobernadores a un nuevo pacto fiscal"},"content":{"rendered":"\n<p>El Gobierno nacional sigue con expectativa el desarrollo del tr\u00e1mite legislativo de la&nbsp;<strong>Ley Bases o ley \u00f3mnibus,<\/strong>&nbsp;se\u00f1al\u00f3 que \u201csiempre estuvo abierto\u201d a recibir sugerencias en el contenido a tratar y confirm\u00f3 que convocar\u00e1 a los&nbsp;<strong>gobernadores&nbsp;<\/strong>para avanzar en un nuevo&nbsp;<strong>pacto fiscal<\/strong>&nbsp;una vez que concluya el debate en el Congreso.<br><br>\u201cQue se termine la novela\u201d y&nbsp;<strong>\u201cse gana 1 a 0 por penales, pero se gana\u201d,<\/strong>&nbsp;fueron las frases con las que una fuente gubernamental grafic\u00f3 este jueves las sensaciones del Poder Ejecutivo respecto del avance en la C\u00e1mara de Diputados de la m\u00e1xima apuesta de la administraci\u00f3n del presidente Javier Milei en sus primeras semanas, por&nbsp;<strong>la ley \u00f3mnibus.<\/strong><br><br>La reuni\u00f3n de Gabinete que encabez\u00f3 el presidente Javier Milei y la mayor parte de la actividad gubernamental est\u00e1 centrada, desde hace d\u00edas, en lo que pasa a 18 cuadras de la Casa Rosada, en&nbsp;<strong>el debate parlamentario que se desarroll\u00f3 sobre ese ambicioso proyecto del Ejecutivo.<\/strong><br><br>En ese sentido, el vocero presidencial, Manuel Adorni, asegur\u00f3 este jueves que&nbsp;<strong>el Gobierno fue \u201cabsolutamente dialoguista\u201d<\/strong>&nbsp;durante el proceso que desemboc\u00f3 en el tratamiento de la iniciativa en el recinto.<br><br>\u201cSabemos perfectamente el contenido de la ley y lo que en el futuro va a aportar.&nbsp;<strong>La ley Bases no deja de ser otro paso en este camino\u201d<\/strong>, afirm\u00f3 el portavoz en su habitual conferencia de prensa en Casa Rosada. \u201cNo est\u00e1 dentro de las posibilidades que se barajan retirar el proyecto\u201d, dijo.<br><br><\/p>\n\n\n\n<p>Por su parte, el ministro del Interior, Guillermo Francos, asegur\u00f3 hoy que una vez \u201caprobado\u201d el proyecto de ley \u00abBases\u00bb, el Gobierno nacional se reunir\u00e1 con los gobernadores \u201cpara generar un nuevo pacto fiscal sobre los recursos coparticipables\u201d, y reconoci\u00f3 que ante una norma de estas caracter\u00edsticas, siempre se mantiene \u201cconversaciones sobre art\u00edculos o aspectos que pueden modificarse o aclararse\u201d.<\/p>\n","protected":false},"excerpt":{"rendered":"<p>El Gobierno nacional sigue con expectativa el desarrollo del tr\u00e1mite legislativo de la&nbsp;Ley Bases o ley \u00f3mnibus,&nbsp;se\u00f1al\u00f3 que \u201csiempre estuvo abierto\u201d a recibir sugerencias en el contenido a tratar y&hellip;<\/p>\n","protected":false},"author":3,"featured_media":248539,"comment_status":"closed","ping_status":"open","sticky":false,"template":"","format":"standard","meta":{"_acf_changed":false,"footnotes":""},"categories":[1,8],"tags":[],"class_list":["post-252870","post","type-post","status-publish","format-standard","has-post-thumbnail","hentry","category-es-noticia","category-politica"],"acf":[],"yoast_head":"<!-- This site is optimized with the Yoast SEO plugin v27.5 - https:\/\/yoast.com\/product\/yoast-seo-wordpress\/ -->\n<title>En el Gobierno aspiran convocar a los gobernadores a un nuevo pacto fiscal - Diario Textual<\/title>\n<meta name=\"robots\" content=\"index, follow, max-snippet:-1, max-image-preview:large, max-video-preview:-1\" \/>\n<link rel=\"canonical\" href=\"https:\/\/diariotextual.com\/inicio\/index.php\/2024\/02\/01\/en-el-gobierno-aspiran-convocar-a-los-gobernadores-a-un-nuevo-pacto-fiscal\/\" \/>\n<meta property=\"og:locale\" content=\"es_ES\" \/>\n<meta property=\"og:type\" content=\"article\" \/>\n<meta property=\"og:title\" content=\"En el Gobierno aspiran convocar a los gobernadores a un nuevo pacto fiscal - Diario Textual\" \/>\n<meta property=\"og:description\" content=\"El Gobierno nacional sigue con expectativa el desarrollo del tr\u00e1mite legislativo de la&nbsp;Ley Bases o ley \u00f3mnibus,&nbsp;se\u00f1al\u00f3 que \u201csiempre estuvo abierto\u201d a recibir sugerencias en el contenido a tratar y&hellip;\" \/>\n<meta property=\"og:url\" content=\"https:\/\/diariotextual.com\/inicio\/index.php\/2024\/02\/01\/en-el-gobierno-aspiran-convocar-a-los-gobernadores-a-un-nuevo-pacto-fiscal\/\" \/>\n<meta property=\"og:site_name\" content=\"Diario Textual\" \/>\n<meta property=\"article:publisher\" content=\"https:\/\/www.facebook.com\/eltextual\" \/>\n<meta property=\"article:published_time\" content=\"2024-02-01T18:38:09+00:00\" \/>\n<meta property=\"article:modified_time\" content=\"2024-02-01T19:00:07+00:00\" \/>\n<meta property=\"og:image\" content=\"https:\/\/diariotextual.com\/inicio\/wp-content\/uploads\/2023\/12\/mileigobernadores2023-647.jpg\" \/>\n\t<meta property=\"og:image:width\" content=\"1280\" \/>\n\t<meta property=\"og:image:height\" content=\"805\" \/>\n\t<meta property=\"og:image:type\" content=\"image\/jpeg\" \/>\n<meta name=\"author\" content=\"Diario1 Diario1\" \/>\n<meta name=\"twitter:card\" content=\"summary_large_image\" \/>\n<meta name=\"twitter:creator\" content=\"@eltextual\" \/>\n<meta name=\"twitter:site\" content=\"@eltextual\" \/>\n<meta name=\"twitter:label1\" content=\"Escrito por\" \/>\n\t<meta name=\"twitter:data1\" content=\"Diario1 Diario1\" \/>\n\t<meta name=\"twitter:label2\" content=\"Tiempo de lectura\" \/>\n\t<meta name=\"twitter:data2\" content=\"2 minutos\" \/>\n<script type=\"application\/ld+json\" class=\"yoast-schema-graph\">{\"@context\":\"https:\\\/\\\/schema.org\",\"@graph\":[{\"@type\":\"Article\",\"@id\":\"https:\\\/\\\/diariotextual.com\\\/inicio\\\/index.php\\\/2024\\\/02\\\/01\\\/en-el-gobierno-aspiran-convocar-a-los-gobernadores-a-un-nuevo-pacto-fiscal\\\/#article\",\"isPartOf\":{\"@id\":\"https:\\\/\\\/diariotextual.com\\\/inicio\\\/index.php\\\/2024\\\/02\\\/01\\\/en-el-gobierno-aspiran-convocar-a-los-gobernadores-a-un-nuevo-pacto-fiscal\\\/\"},\"author\":{\"name\":\"Diario1 Diario1\",\"@id\":\"https:\\\/\\\/diariotextual.com\\\/inicio\\\/#\\\/schema\\\/person\\\/418fc4093c33e86ed41562db3508f958\"},\"headline\":\"En el Gobierno aspiran convocar a los gobernadores a un nuevo pacto fiscal\",\"datePublished\":\"2024-02-01T18:38:09+00:00\",\"dateModified\":\"2024-02-01T19:00:07+00:00\",\"mainEntityOfPage\":{\"@id\":\"https:\\\/\\\/diariotextual.com\\\/inicio\\\/index.php\\\/2024\\\/02\\\/01\\\/en-el-gobierno-aspiran-convocar-a-los-gobernadores-a-un-nuevo-pacto-fiscal\\\/\"},\"wordCount\":337,\"publisher\":{\"@id\":\"https:\\\/\\\/diariotextual.com\\\/inicio\\\/#organization\"},\"image\":{\"@id\":\"https:\\\/\\\/diariotextual.com\\\/inicio\\\/index.php\\\/2024\\\/02\\\/01\\\/en-el-gobierno-aspiran-convocar-a-los-gobernadores-a-un-nuevo-pacto-fiscal\\\/#primaryimage\"},\"thumbnailUrl\":\"https:\\\/\\\/diariotextual.com\\\/inicio\\\/wp-content\\\/uploads\\\/2023\\\/12\\\/mileigobernadores2023-647.jpg\",\"articleSection\":[\"A - ES NOTICIA (van abajo)\",\"POLITICA\"],\"inLanguage\":\"es\"},{\"@type\":\"WebPage\",\"@id\":\"https:\\\/\\\/diariotextual.com\\\/inicio\\\/index.php\\\/2024\\\/02\\\/01\\\/en-el-gobierno-aspiran-convocar-a-los-gobernadores-a-un-nuevo-pacto-fiscal\\\/\",\"url\":\"https:\\\/\\\/diariotextual.com\\\/inicio\\\/index.php\\\/2024\\\/02\\\/01\\\/en-el-gobierno-aspiran-convocar-a-los-gobernadores-a-un-nuevo-pacto-fiscal\\\/\",\"name\":\"En el Gobierno aspiran convocar a los gobernadores a un nuevo pacto fiscal - Diario Textual\",\"isPartOf\":{\"@id\":\"https:\\\/\\\/diariotextual.com\\\/inicio\\\/#website\"},\"primaryImageOfPage\":{\"@id\":\"https:\\\/\\\/diariotextual.com\\\/inicio\\\/index.php\\\/2024\\\/02\\\/01\\\/en-el-gobierno-aspiran-convocar-a-los-gobernadores-a-un-nuevo-pacto-fiscal\\\/#primaryimage\"},\"image\":{\"@id\":\"https:\\\/\\\/diariotextual.com\\\/inicio\\\/index.php\\\/2024\\\/02\\\/01\\\/en-el-gobierno-aspiran-convocar-a-los-gobernadores-a-un-nuevo-pacto-fiscal\\\/#primaryimage\"},\"thumbnailUrl\":\"https:\\\/\\\/diariotextual.com\\\/inicio\\\/wp-content\\\/uploads\\\/2023\\\/12\\\/mileigobernadores2023-647.jpg\",\"datePublished\":\"2024-02-01T18:38:09+00:00\",\"dateModified\":\"2024-02-01T19:00:07+00:00\",\"breadcrumb\":{\"@id\":\"https:\\\/\\\/diariotextual.com\\\/inicio\\\/index.php\\\/2024\\\/02\\\/01\\\/en-el-gobierno-aspiran-convocar-a-los-gobernadores-a-un-nuevo-pacto-fiscal\\\/#breadcrumb\"},\"inLanguage\":\"es\",\"potentialAction\":[{\"@type\":\"ReadAction\",\"target\":[\"https:\\\/\\\/diariotextual.com\\\/inicio\\\/index.php\\\/2024\\\/02\\\/01\\\/en-el-gobierno-aspiran-convocar-a-los-gobernadores-a-un-nuevo-pacto-fiscal\\\/\"]}]},{\"@type\":\"ImageObject\",\"inLanguage\":\"es\",\"@id\":\"https:\\\/\\\/diariotextual.com\\\/inicio\\\/index.php\\\/2024\\\/02\\\/01\\\/en-el-gobierno-aspiran-convocar-a-los-gobernadores-a-un-nuevo-pacto-fiscal\\\/#primaryimage\",\"url\":\"https:\\\/\\\/diariotextual.com\\\/inicio\\\/wp-content\\\/uploads\\\/2023\\\/12\\\/mileigobernadores2023-647.jpg\",\"contentUrl\":\"https:\\\/\\\/diariotextual.com\\\/inicio\\\/wp-content\\\/uploads\\\/2023\\\/12\\\/mileigobernadores2023-647.jpg\",\"width\":1280,\"height\":805},{\"@type\":\"BreadcrumbList\",\"@id\":\"https:\\\/\\\/diariotextual.com\\\/inicio\\\/index.php\\\/2024\\\/02\\\/01\\\/en-el-gobierno-aspiran-convocar-a-los-gobernadores-a-un-nuevo-pacto-fiscal\\\/#breadcrumb\",\"itemListElement\":[{\"@type\":\"ListItem\",\"position\":1,\"name\":\"Portada\",\"item\":\"https:\\\/\\\/diariotextual.com\\\/inicio\\\/\"},{\"@type\":\"ListItem\",\"position\":2,\"name\":\"En el Gobierno aspiran convocar a los gobernadores a un nuevo pacto fiscal\"}]},{\"@type\":\"WebSite\",\"@id\":\"https:\\\/\\\/diariotextual.com\\\/inicio\\\/#website\",\"url\":\"https:\\\/\\\/diariotextual.com\\\/inicio\\\/\",\"name\":\"Diario Textual\",\"description\":\"\",\"publisher\":{\"@id\":\"https:\\\/\\\/diariotextual.com\\\/inicio\\\/#organization\"},\"potentialAction\":[{\"@type\":\"SearchAction\",\"target\":{\"@type\":\"EntryPoint\",\"urlTemplate\":\"https:\\\/\\\/diariotextual.com\\\/inicio\\\/?s={search_term_string}\"},\"query-input\":{\"@type\":\"PropertyValueSpecification\",\"valueRequired\":true,\"valueName\":\"search_term_string\"}}],\"inLanguage\":\"es\"},{\"@type\":\"Organization\",\"@id\":\"https:\\\/\\\/diariotextual.com\\\/inicio\\\/#organization\",\"name\":\"Diario Textual\",\"url\":\"https:\\\/\\\/diariotextual.com\\\/inicio\\\/\",\"logo\":{\"@type\":\"ImageObject\",\"inLanguage\":\"es\",\"@id\":\"https:\\\/\\\/diariotextual.com\\\/inicio\\\/#\\\/schema\\\/logo\\\/image\\\/\",\"url\":\"https:\\\/\\\/diariotextual.com\\\/inicio\\\/wp-content\\\/uploads\\\/2023\\\/05\\\/logotextual1.jpg\",\"contentUrl\":\"https:\\\/\\\/diariotextual.com\\\/inicio\\\/wp-content\\\/uploads\\\/2023\\\/05\\\/logotextual1.jpg\",\"width\":516,\"height\":76,\"caption\":\"Diario Textual\"},\"image\":{\"@id\":\"https:\\\/\\\/diariotextual.com\\\/inicio\\\/#\\\/schema\\\/logo\\\/image\\\/\"},\"sameAs\":[\"https:\\\/\\\/www.facebook.com\\\/eltextual\",\"https:\\\/\\\/x.com\\\/eltextual\",\"http:\\\/\\\/www.instagram.com\\\/eltextual\"]},{\"@type\":\"Person\",\"@id\":\"https:\\\/\\\/diariotextual.com\\\/inicio\\\/#\\\/schema\\\/person\\\/418fc4093c33e86ed41562db3508f958\",\"name\":\"Diario1 Diario1\",\"image\":{\"@type\":\"ImageObject\",\"inLanguage\":\"es\",\"@id\":\"https:\\\/\\\/secure.gravatar.com\\\/avatar\\\/9167d280179c85bc18be67aa7eda765854300033af4896dd779b608640f2ef7a?s=96&d=mm&r=g\",\"url\":\"https:\\\/\\\/secure.gravatar.com\\\/avatar\\\/9167d280179c85bc18be67aa7eda765854300033af4896dd779b608640f2ef7a?s=96&d=mm&r=g\",\"contentUrl\":\"https:\\\/\\\/secure.gravatar.com\\\/avatar\\\/9167d280179c85bc18be67aa7eda765854300033af4896dd779b608640f2ef7a?s=96&d=mm&r=g\",\"caption\":\"Diario1 Diario1\"},\"url\":\"https:\\\/\\\/diariotextual.com\\\/inicio\\\/index.php\\\/author\\\/diario1\\\/\"}]}<\/script>\n<!-- \/ Yoast SEO plugin. -->","yoast_head_json":{"title":"En el Gobierno aspiran convocar a los gobernadores a un nuevo pacto fiscal - Diario Textual","robots":{"index":"index","follow":"follow","max-snippet":"max-snippet:-1","max-image-preview":"max-image-preview:large","max-video-preview":"max-video-preview:-1"},"canonical":"https:\/\/diariotextual.com\/inicio\/index.php\/2024\/02\/01\/en-el-gobierno-aspiran-convocar-a-los-gobernadores-a-un-nuevo-pacto-fiscal\/","og_locale":"es_ES","og_type":"article","og_title":"En el Gobierno aspiran convocar a los gobernadores a un nuevo pacto fiscal - Diario Textual","og_description":"El Gobierno nacional sigue con expectativa el desarrollo del tr\u00e1mite legislativo de la&nbsp;Ley Bases o ley \u00f3mnibus,&nbsp;se\u00f1al\u00f3 que \u201csiempre estuvo abierto\u201d a recibir sugerencias en el contenido a tratar y&hellip;","og_url":"https:\/\/diariotextual.com\/inicio\/index.php\/2024\/02\/01\/en-el-gobierno-aspiran-convocar-a-los-gobernadores-a-un-nuevo-pacto-fiscal\/","og_site_name":"Diario Textual","article_publisher":"https:\/\/www.facebook.com\/eltextual","article_published_time":"2024-02-01T18:38:09+00:00","article_modified_time":"2024-02-01T19:00:07+00:00","og_image":[{"width":1280,"height":805,"url":"https:\/\/diariotextual.com\/inicio\/wp-content\/uploads\/2023\/12\/mileigobernadores2023-647.jpg","type":"image\/jpeg"}],"author":"Diario1 Diario1","twitter_card":"summary_large_image","twitter_creator":"@eltextual","twitter_site":"@eltextual","twitter_misc":{"Escrito por":"Diario1 Diario1","Tiempo de lectura":"2 minutos"},"schema":{"@context":"https:\/\/schema.org","@graph":[{"@type":"Article","@id":"https:\/\/diariotextual.com\/inicio\/index.php\/2024\/02\/01\/en-el-gobierno-aspiran-convocar-a-los-gobernadores-a-un-nuevo-pacto-fiscal\/#article","isPartOf":{"@id":"https:\/\/diariotextual.com\/inicio\/index.php\/2024\/02\/01\/en-el-gobierno-aspiran-convocar-a-los-gobernadores-a-un-nuevo-pacto-fiscal\/"},"author":{"name":"Diario1 Diario1","@id":"https:\/\/diariotextual.com\/inicio\/#\/schema\/person\/418fc4093c33e86ed41562db3508f958"},"headline":"En el Gobierno aspiran convocar a los gobernadores a un nuevo pacto fiscal","datePublished":"2024-02-01T18:38:09+00:00","dateModified":"2024-02-01T19:00:07+00:00","mainEntityOfPage":{"@id":"https:\/\/diariotextual.com\/inicio\/index.php\/2024\/02\/01\/en-el-gobierno-aspiran-convocar-a-los-gobernadores-a-un-nuevo-pacto-fiscal\/"},"wordCount":337,"publisher":{"@id":"https:\/\/diariotextual.com\/inicio\/#organization"},"image":{"@id":"https:\/\/diariotextual.com\/inicio\/index.php\/2024\/02\/01\/en-el-gobierno-aspiran-convocar-a-los-gobernadores-a-un-nuevo-pacto-fiscal\/#primaryimage"},"thumbnailUrl":"https:\/\/diariotextual.com\/inicio\/wp-content\/uploads\/2023\/12\/mileigobernadores2023-647.jpg","articleSection":["A - ES NOTICIA (van abajo)","POLITICA"],"inLanguage":"es"},{"@type":"WebPage","@id":"https:\/\/diariotextual.com\/inicio\/index.php\/2024\/02\/01\/en-el-gobierno-aspiran-convocar-a-los-gobernadores-a-un-nuevo-pacto-fiscal\/","url":"https:\/\/diariotextual.com\/inicio\/index.php\/2024\/02\/01\/en-el-gobierno-aspiran-convocar-a-los-gobernadores-a-un-nuevo-pacto-fiscal\/","name":"En el Gobierno aspiran convocar a los gobernadores a un nuevo pacto fiscal - Diario Textual","isPartOf":{"@id":"https:\/\/diariotextual.com\/inicio\/#website"},"primaryImageOfPage":{"@id":"https:\/\/diariotextual.com\/inicio\/index.php\/2024\/02\/01\/en-el-gobierno-aspiran-convocar-a-los-gobernadores-a-un-nuevo-pacto-fiscal\/#primaryimage"},"image":{"@id":"https:\/\/diariotextual.com\/inicio\/index.php\/2024\/02\/01\/en-el-gobierno-aspiran-convocar-a-los-gobernadores-a-un-nuevo-pacto-fiscal\/#primaryimage"},"thumbnailUrl":"https:\/\/diariotextual.com\/inicio\/wp-content\/uploads\/2023\/12\/mileigobernadores2023-647.jpg","datePublished":"2024-02-01T18:38:09+00:00","dateModified":"2024-02-01T19:00:07+00:00","breadcrumb":{"@id":"https:\/\/diariotextual.com\/inicio\/index.php\/2024\/02\/01\/en-el-gobierno-aspiran-convocar-a-los-gobernadores-a-un-nuevo-pacto-fiscal\/#breadcrumb"},"inLanguage":"es","potentialAction":[{"@type":"ReadAction","target":["https:\/\/diariotextual.com\/inicio\/index.php\/2024\/02\/01\/en-el-gobierno-aspiran-convocar-a-los-gobernadores-a-un-nuevo-pacto-fiscal\/"]}]},{"@type":"ImageObject","inLanguage":"es","@id":"https:\/\/diariotextual.com\/inicio\/index.php\/2024\/02\/01\/en-el-gobierno-aspiran-convocar-a-los-gobernadores-a-un-nuevo-pacto-fiscal\/#primaryimage","url":"https:\/\/diariotextual.com\/inicio\/wp-content\/uploads\/2023\/12\/mileigobernadores2023-647.jpg","contentUrl":"https:\/\/diariotextual.com\/inicio\/wp-content\/uploads\/2023\/12\/mileigobernadores2023-647.jpg","width":1280,"height":805},{"@type":"BreadcrumbList","@id":"https:\/\/diariotextual.com\/inicio\/index.php\/2024\/02\/01\/en-el-gobierno-aspiran-convocar-a-los-gobernadores-a-un-nuevo-pacto-fiscal\/#breadcrumb","itemListElement":[{"@type":"ListItem","position":1,"name":"Portada","item":"https:\/\/diariotextual.com\/inicio\/"},{"@type":"ListItem","position":2,"name":"En el Gobierno aspiran convocar a los gobernadores a un nuevo pacto fiscal"}]},{"@type":"WebSite","@id":"https:\/\/diariotextual.com\/inicio\/#website","url":"https:\/\/diariotextual.com\/inicio\/","name":"Diario Textual","description":"","publisher":{"@id":"https:\/\/diariotextual.com\/inicio\/#organization"},"potentialAction":[{"@type":"SearchAction","target":{"@type":"EntryPoint","urlTemplate":"https:\/\/diariotextual.com\/inicio\/?s={search_term_string}"},"query-input":{"@type":"PropertyValueSpecification","valueRequired":true,"valueName":"search_term_string"}}],"inLanguage":"es"},{"@type":"Organization","@id":"https:\/\/diariotextual.com\/inicio\/#organization","name":"Diario Textual","url":"https:\/\/diariotextual.com\/inicio\/","logo":{"@type":"ImageObject","inLanguage":"es","@id":"https:\/\/diariotextual.com\/inicio\/#\/schema\/logo\/image\/","url":"https:\/\/diariotextual.com\/inicio\/wp-content\/uploads\/2023\/05\/logotextual1.jpg","contentUrl":"https:\/\/diariotextual.com\/inicio\/wp-content\/uploads\/2023\/05\/logotextual1.jpg","width":516,"height":76,"caption":"Diario Textual"},"image":{"@id":"https:\/\/diariotextual.com\/inicio\/#\/schema\/logo\/image\/"},"sameAs":["https:\/\/www.facebook.com\/eltextual","https:\/\/x.com\/eltextual","http:\/\/www.instagram.com\/eltextual"]},{"@type":"Person","@id":"https:\/\/diariotextual.com\/inicio\/#\/schema\/person\/418fc4093c33e86ed41562db3508f958","name":"Diario1 Diario1","image":{"@type":"ImageObject","inLanguage":"es","@id":"https:\/\/secure.gravatar.com\/avatar\/9167d280179c85bc18be67aa7eda765854300033af4896dd779b608640f2ef7a?s=96&d=mm&r=g","url":"https:\/\/secure.gravatar.com\/avatar\/9167d280179c85bc18be67aa7eda765854300033af4896dd779b608640f2ef7a?s=96&d=mm&r=g","contentUrl":"https:\/\/secure.gravatar.com\/avatar\/9167d280179c85bc18be67aa7eda765854300033af4896dd779b608640f2ef7a?s=96&d=mm&r=g","caption":"Diario1 Diario1"},"url":"https:\/\/diariotextual.com\/inicio\/index.php\/author\/diario1\/"}]}},"_links":{"self":[{"href":"https:\/\/diariotextual.com\/inicio\/index.php\/wp-json\/wp\/v2\/posts\/252870","targetHints":{"allow":["GET"]}}],"collection":[{"href":"https:\/\/diariotextual.com\/inicio\/index.php\/wp-json\/wp\/v2\/posts"}],"about":[{"href":"https:\/\/diariotextual.com\/inicio\/index.php\/wp-json\/wp\/v2\/types\/post"}],"author":[{"embeddable":true,"href":"https:\/\/diariotextual.com\/inicio\/index.php\/wp-json\/wp\/v2\/users\/3"}],"replies":[{"embeddable":true,"href":"https:\/\/diariotextual.com\/inicio\/index.php\/wp-json\/wp\/v2\/comments?post=252870"}],"version-history":[{"count":1,"href":"https:\/\/diariotextual.com\/inicio\/index.php\/wp-json\/wp\/v2\/posts\/252870\/revisions"}],"predecessor-version":[{"id":252871,"href":"https:\/\/diariotextual.com\/inicio\/index.php\/wp-json\/wp\/v2\/posts\/252870\/revisions\/252871"}],"wp:featuredmedia":[{"embeddable":true,"href":"https:\/\/diariotextual.com\/inicio\/index.php\/wp-json\/wp\/v2\/media\/248539"}],"wp:attachment":[{"href":"https:\/\/diariotextual.com\/inicio\/index.php\/wp-json\/wp\/v2\/media?parent=252870"}],"wp:term":[{"taxonomy":"category","embeddable":true,"href":"https:\/\/diariotextual.com\/inicio\/index.php\/wp-json\/wp\/v2\/categories?post=252870"},{"taxonomy":"post_tag","embeddable":true,"href":"https:\/\/diariotextual.com\/inicio\/index.php\/wp-json\/wp\/v2\/tags?post=252870"}],"curies":[{"name":"wp","href":"https:\/\/api.w.org\/{rel}","templated":true}]}}