{"id":252893,"date":"2024-02-01T19:39:35","date_gmt":"2024-02-01T22:39:35","guid":{"rendered":"https:\/\/diariotextual.com\/inicio\/?p=252893"},"modified":"2024-02-01T20:03:55","modified_gmt":"2024-02-01T23:03:55","slug":"bensusan-disfrazan-de-decreto-una-reforma-constitucional-perjudicial-para-la-gente","status":"publish","type":"post","link":"https:\/\/diariotextual.com\/inicio\/index.php\/2024\/02\/01\/bensusan-disfrazan-de-decreto-una-reforma-constitucional-perjudicial-para-la-gente\/","title":{"rendered":"Bensus\u00e1n: \u201cDisfrazan de decreto una reforma constitucional perjudicial para la gente\u201d"},"content":{"rendered":"\n<p>El senador Daniel Bensus\u00e1n lament\u00f3 que desde la Presidencia del Senado de la Naci\u00f3n no se habilite el tratamiento del decreto de necesidad y urgencia 70\/2023 (DNU). \u201cEs una iniciativa de la Presidencia de la Naci\u00f3n, y la propia vicepresidenta (Victoria Villarruel) facilita el camino de cerrar las puertas del Senado, cuando desde el propio Gobierno Nacional se habilitaron sesiones extraordinarias\u201d, dijo.<\/p>\n\n\n\n<p>\u201cM\u00e1s all\u00e1 de esta situaci\u00f3n, que deja un sello de gravedad institucional sin precedentes, preocupa much\u00edsimo el contenido de este DNU, porque ataca directamente el bienestar de la poblaci\u00f3n argentina, y cu\u00e1nto m\u00e1s vulnerable es la situaci\u00f3n de la gente, mayor es la incidencia del perjuicio\u201d, manifest\u00f3.<\/p>\n\n\n\n<p>El bloque de Uni\u00f3n por la Patria brind\u00f3 este jueves una conferencia de prensa, en la que se anunci\u00f3 la voluntad de insistir todas las semanas hasta lograr el tratamiento del controvertido decreto.<\/p>\n\n\n\n<p>\u201cDisfrazan de decreto de necesidad y urgencia a una reforma constitucional perjudicial para la gente, cuyo tratamiento individual de las medidas propuestas no pasar\u00eda del debate de comisiones. Se quieren eliminar derechos de las y los trabajadores, modificar el sistema jubilatorio, terminar con beneficios para peque\u00f1as y medianas empresas, atacando a las econom\u00edas regionales, y un sinn\u00famero de ideas que solo provocar\u00e1n m\u00e1s pobreza, m\u00e1s desocupaci\u00f3n, mayor inseguridad y una ca\u00edda en la calidad de servicios esenciales como salud y educaci\u00f3n\u201d, a\u00f1adi\u00f3 el legislador nacional.<\/p>\n\n\n\n<p>\u201cDesde el Congreso de la Naci\u00f3n tenemos la obligaci\u00f3n de preservar y no legislar en contra de los derechos de la poblaci\u00f3n. Desde el peronismo de La Pampa trabajamos en forma conjunto las representaciones de ambas c\u00e1maras, con el gobierno provincial, para no dar un paso atr\u00e1s cuando se trata de la defensa de nuestra gente, nuestros recursos y nuestras econom\u00edas regionales\u201d, dijo.<\/p>\n\n\n\n<p>Finalmente, expres\u00f3 su preocupaci\u00f3n respecto de lo que est\u00e1 sucediendo con los precios de los combustibles y los aumentos que se anuncian para la luz y el gas. \u201cSomos pa\u00eds productor de combustibles y nuestros vecinos deben pagar la nafta y el gasoil al mismo precio que pa\u00edses que no lo son. Lo del gas y la luz es un esc\u00e1ndalo, es hacer pagar a la gente lo que prometieron arreglar y en nombre de la libertad condenan a las y los argentinos\u201d, dijo.<\/p>\n","protected":false},"excerpt":{"rendered":"<p>El senador Daniel Bensus\u00e1n lament\u00f3 que desde la Presidencia del Senado de la Naci\u00f3n no se habilite el tratamiento del decreto de necesidad y urgencia 70\/2023 (DNU). \u201cEs una iniciativa&hellip;<\/p>\n","protected":false},"author":3,"featured_media":189318,"comment_status":"closed","ping_status":"open","sticky":false,"template":"","format":"standard","meta":{"_acf_changed":false,"footnotes":""},"categories":[1,8],"tags":[],"class_list":["post-252893","post","type-post","status-publish","format-standard","has-post-thumbnail","hentry","category-es-noticia","category-politica"],"acf":[],"yoast_head":"<!-- This site is optimized with the Yoast SEO plugin v27.5 - https:\/\/yoast.com\/product\/yoast-seo-wordpress\/ -->\n<title>Bensus\u00e1n: \u201cDisfrazan de decreto una reforma constitucional perjudicial para la gente\u201d - Diario Textual<\/title>\n<meta name=\"robots\" content=\"index, follow, max-snippet:-1, max-image-preview:large, max-video-preview:-1\" \/>\n<link rel=\"canonical\" href=\"https:\/\/diariotextual.com\/inicio\/index.php\/2024\/02\/01\/bensusan-disfrazan-de-decreto-una-reforma-constitucional-perjudicial-para-la-gente\/\" \/>\n<meta property=\"og:locale\" content=\"es_ES\" \/>\n<meta property=\"og:type\" content=\"article\" \/>\n<meta property=\"og:title\" content=\"Bensus\u00e1n: \u201cDisfrazan de decreto una reforma constitucional perjudicial para la gente\u201d - Diario Textual\" \/>\n<meta property=\"og:description\" content=\"El senador Daniel Bensus\u00e1n lament\u00f3 que desde la Presidencia del Senado de la Naci\u00f3n no se habilite el tratamiento del decreto de necesidad y urgencia 70\/2023 (DNU). \u201cEs una iniciativa&hellip;\" \/>\n<meta property=\"og:url\" content=\"https:\/\/diariotextual.com\/inicio\/index.php\/2024\/02\/01\/bensusan-disfrazan-de-decreto-una-reforma-constitucional-perjudicial-para-la-gente\/\" \/>\n<meta property=\"og:site_name\" content=\"Diario Textual\" \/>\n<meta property=\"article:publisher\" content=\"https:\/\/www.facebook.com\/eltextual\" \/>\n<meta property=\"article:published_time\" content=\"2024-02-01T22:39:35+00:00\" \/>\n<meta property=\"article:modified_time\" content=\"2024-02-01T23:03:55+00:00\" \/>\n<meta property=\"og:image\" content=\"https:\/\/diariotextual.com\/inicio\/wp-content\/uploads\/2022\/05\/bensusanpablodaniel2022-600.jpeg\" \/>\n\t<meta property=\"og:image:width\" content=\"1500\" \/>\n\t<meta property=\"og:image:height\" content=\"1000\" \/>\n\t<meta property=\"og:image:type\" content=\"image\/jpeg\" \/>\n<meta name=\"author\" content=\"Diario1 Diario1\" \/>\n<meta name=\"twitter:card\" content=\"summary_large_image\" \/>\n<meta name=\"twitter:creator\" content=\"@eltextual\" \/>\n<meta name=\"twitter:site\" content=\"@eltextual\" \/>\n<meta name=\"twitter:label1\" content=\"Escrito por\" \/>\n\t<meta name=\"twitter:data1\" content=\"Diario1 Diario1\" \/>\n\t<meta name=\"twitter:label2\" content=\"Tiempo de lectura\" \/>\n\t<meta name=\"twitter:data2\" content=\"2 minutos\" \/>\n<script type=\"application\/ld+json\" class=\"yoast-schema-graph\">{\"@context\":\"https:\\\/\\\/schema.org\",\"@graph\":[{\"@type\":\"Article\",\"@id\":\"https:\\\/\\\/diariotextual.com\\\/inicio\\\/index.php\\\/2024\\\/02\\\/01\\\/bensusan-disfrazan-de-decreto-una-reforma-constitucional-perjudicial-para-la-gente\\\/#article\",\"isPartOf\":{\"@id\":\"https:\\\/\\\/diariotextual.com\\\/inicio\\\/index.php\\\/2024\\\/02\\\/01\\\/bensusan-disfrazan-de-decreto-una-reforma-constitucional-perjudicial-para-la-gente\\\/\"},\"author\":{\"name\":\"Diario1 Diario1\",\"@id\":\"https:\\\/\\\/diariotextual.com\\\/inicio\\\/#\\\/schema\\\/person\\\/418fc4093c33e86ed41562db3508f958\"},\"headline\":\"Bensus\u00e1n: \u201cDisfrazan de decreto una reforma constitucional perjudicial para la gente\u201d\",\"datePublished\":\"2024-02-01T22:39:35+00:00\",\"dateModified\":\"2024-02-01T23:03:55+00:00\",\"mainEntityOfPage\":{\"@id\":\"https:\\\/\\\/diariotextual.com\\\/inicio\\\/index.php\\\/2024\\\/02\\\/01\\\/bensusan-disfrazan-de-decreto-una-reforma-constitucional-perjudicial-para-la-gente\\\/\"},\"wordCount\":417,\"publisher\":{\"@id\":\"https:\\\/\\\/diariotextual.com\\\/inicio\\\/#organization\"},\"image\":{\"@id\":\"https:\\\/\\\/diariotextual.com\\\/inicio\\\/index.php\\\/2024\\\/02\\\/01\\\/bensusan-disfrazan-de-decreto-una-reforma-constitucional-perjudicial-para-la-gente\\\/#primaryimage\"},\"thumbnailUrl\":\"https:\\\/\\\/diariotextual.com\\\/inicio\\\/wp-content\\\/uploads\\\/2022\\\/05\\\/bensusanpablodaniel2022-600.jpeg\",\"articleSection\":[\"A - ES NOTICIA (van abajo)\",\"POLITICA\"],\"inLanguage\":\"es\"},{\"@type\":\"WebPage\",\"@id\":\"https:\\\/\\\/diariotextual.com\\\/inicio\\\/index.php\\\/2024\\\/02\\\/01\\\/bensusan-disfrazan-de-decreto-una-reforma-constitucional-perjudicial-para-la-gente\\\/\",\"url\":\"https:\\\/\\\/diariotextual.com\\\/inicio\\\/index.php\\\/2024\\\/02\\\/01\\\/bensusan-disfrazan-de-decreto-una-reforma-constitucional-perjudicial-para-la-gente\\\/\",\"name\":\"Bensus\u00e1n: \u201cDisfrazan de decreto una reforma constitucional perjudicial para la gente\u201d - Diario Textual\",\"isPartOf\":{\"@id\":\"https:\\\/\\\/diariotextual.com\\\/inicio\\\/#website\"},\"primaryImageOfPage\":{\"@id\":\"https:\\\/\\\/diariotextual.com\\\/inicio\\\/index.php\\\/2024\\\/02\\\/01\\\/bensusan-disfrazan-de-decreto-una-reforma-constitucional-perjudicial-para-la-gente\\\/#primaryimage\"},\"image\":{\"@id\":\"https:\\\/\\\/diariotextual.com\\\/inicio\\\/index.php\\\/2024\\\/02\\\/01\\\/bensusan-disfrazan-de-decreto-una-reforma-constitucional-perjudicial-para-la-gente\\\/#primaryimage\"},\"thumbnailUrl\":\"https:\\\/\\\/diariotextual.com\\\/inicio\\\/wp-content\\\/uploads\\\/2022\\\/05\\\/bensusanpablodaniel2022-600.jpeg\",\"datePublished\":\"2024-02-01T22:39:35+00:00\",\"dateModified\":\"2024-02-01T23:03:55+00:00\",\"breadcrumb\":{\"@id\":\"https:\\\/\\\/diariotextual.com\\\/inicio\\\/index.php\\\/2024\\\/02\\\/01\\\/bensusan-disfrazan-de-decreto-una-reforma-constitucional-perjudicial-para-la-gente\\\/#breadcrumb\"},\"inLanguage\":\"es\",\"potentialAction\":[{\"@type\":\"ReadAction\",\"target\":[\"https:\\\/\\\/diariotextual.com\\\/inicio\\\/index.php\\\/2024\\\/02\\\/01\\\/bensusan-disfrazan-de-decreto-una-reforma-constitucional-perjudicial-para-la-gente\\\/\"]}]},{\"@type\":\"ImageObject\",\"inLanguage\":\"es\",\"@id\":\"https:\\\/\\\/diariotextual.com\\\/inicio\\\/index.php\\\/2024\\\/02\\\/01\\\/bensusan-disfrazan-de-decreto-una-reforma-constitucional-perjudicial-para-la-gente\\\/#primaryimage\",\"url\":\"https:\\\/\\\/diariotextual.com\\\/inicio\\\/wp-content\\\/uploads\\\/2022\\\/05\\\/bensusanpablodaniel2022-600.jpeg\",\"contentUrl\":\"https:\\\/\\\/diariotextual.com\\\/inicio\\\/wp-content\\\/uploads\\\/2022\\\/05\\\/bensusanpablodaniel2022-600.jpeg\",\"width\":1500,\"height\":1000},{\"@type\":\"BreadcrumbList\",\"@id\":\"https:\\\/\\\/diariotextual.com\\\/inicio\\\/index.php\\\/2024\\\/02\\\/01\\\/bensusan-disfrazan-de-decreto-una-reforma-constitucional-perjudicial-para-la-gente\\\/#breadcrumb\",\"itemListElement\":[{\"@type\":\"ListItem\",\"position\":1,\"name\":\"Portada\",\"item\":\"https:\\\/\\\/diariotextual.com\\\/inicio\\\/\"},{\"@type\":\"ListItem\",\"position\":2,\"name\":\"Bensus\u00e1n: \u201cDisfrazan de decreto una reforma constitucional perjudicial para la gente\u201d\"}]},{\"@type\":\"WebSite\",\"@id\":\"https:\\\/\\\/diariotextual.com\\\/inicio\\\/#website\",\"url\":\"https:\\\/\\\/diariotextual.com\\\/inicio\\\/\",\"name\":\"Diario Textual\",\"description\":\"\",\"publisher\":{\"@id\":\"https:\\\/\\\/diariotextual.com\\\/inicio\\\/#organization\"},\"potentialAction\":[{\"@type\":\"SearchAction\",\"target\":{\"@type\":\"EntryPoint\",\"urlTemplate\":\"https:\\\/\\\/diariotextual.com\\\/inicio\\\/?s={search_term_string}\"},\"query-input\":{\"@type\":\"PropertyValueSpecification\",\"valueRequired\":true,\"valueName\":\"search_term_string\"}}],\"inLanguage\":\"es\"},{\"@type\":\"Organization\",\"@id\":\"https:\\\/\\\/diariotextual.com\\\/inicio\\\/#organization\",\"name\":\"Diario Textual\",\"url\":\"https:\\\/\\\/diariotextual.com\\\/inicio\\\/\",\"logo\":{\"@type\":\"ImageObject\",\"inLanguage\":\"es\",\"@id\":\"https:\\\/\\\/diariotextual.com\\\/inicio\\\/#\\\/schema\\\/logo\\\/image\\\/\",\"url\":\"https:\\\/\\\/diariotextual.com\\\/inicio\\\/wp-content\\\/uploads\\\/2023\\\/05\\\/logotextual1.jpg\",\"contentUrl\":\"https:\\\/\\\/diariotextual.com\\\/inicio\\\/wp-content\\\/uploads\\\/2023\\\/05\\\/logotextual1.jpg\",\"width\":516,\"height\":76,\"caption\":\"Diario Textual\"},\"image\":{\"@id\":\"https:\\\/\\\/diariotextual.com\\\/inicio\\\/#\\\/schema\\\/logo\\\/image\\\/\"},\"sameAs\":[\"https:\\\/\\\/www.facebook.com\\\/eltextual\",\"https:\\\/\\\/x.com\\\/eltextual\",\"http:\\\/\\\/www.instagram.com\\\/eltextual\"]},{\"@type\":\"Person\",\"@id\":\"https:\\\/\\\/diariotextual.com\\\/inicio\\\/#\\\/schema\\\/person\\\/418fc4093c33e86ed41562db3508f958\",\"name\":\"Diario1 Diario1\",\"image\":{\"@type\":\"ImageObject\",\"inLanguage\":\"es\",\"@id\":\"https:\\\/\\\/secure.gravatar.com\\\/avatar\\\/9167d280179c85bc18be67aa7eda765854300033af4896dd779b608640f2ef7a?s=96&d=mm&r=g\",\"url\":\"https:\\\/\\\/secure.gravatar.com\\\/avatar\\\/9167d280179c85bc18be67aa7eda765854300033af4896dd779b608640f2ef7a?s=96&d=mm&r=g\",\"contentUrl\":\"https:\\\/\\\/secure.gravatar.com\\\/avatar\\\/9167d280179c85bc18be67aa7eda765854300033af4896dd779b608640f2ef7a?s=96&d=mm&r=g\",\"caption\":\"Diario1 Diario1\"},\"url\":\"https:\\\/\\\/diariotextual.com\\\/inicio\\\/index.php\\\/author\\\/diario1\\\/\"}]}<\/script>\n<!-- \/ Yoast SEO plugin. -->","yoast_head_json":{"title":"Bensus\u00e1n: \u201cDisfrazan de decreto una reforma constitucional perjudicial para la gente\u201d - Diario Textual","robots":{"index":"index","follow":"follow","max-snippet":"max-snippet:-1","max-image-preview":"max-image-preview:large","max-video-preview":"max-video-preview:-1"},"canonical":"https:\/\/diariotextual.com\/inicio\/index.php\/2024\/02\/01\/bensusan-disfrazan-de-decreto-una-reforma-constitucional-perjudicial-para-la-gente\/","og_locale":"es_ES","og_type":"article","og_title":"Bensus\u00e1n: \u201cDisfrazan de decreto una reforma constitucional perjudicial para la gente\u201d - Diario Textual","og_description":"El senador Daniel Bensus\u00e1n lament\u00f3 que desde la Presidencia del Senado de la Naci\u00f3n no se habilite el tratamiento del decreto de necesidad y urgencia 70\/2023 (DNU). \u201cEs una iniciativa&hellip;","og_url":"https:\/\/diariotextual.com\/inicio\/index.php\/2024\/02\/01\/bensusan-disfrazan-de-decreto-una-reforma-constitucional-perjudicial-para-la-gente\/","og_site_name":"Diario Textual","article_publisher":"https:\/\/www.facebook.com\/eltextual","article_published_time":"2024-02-01T22:39:35+00:00","article_modified_time":"2024-02-01T23:03:55+00:00","og_image":[{"width":1500,"height":1000,"url":"https:\/\/diariotextual.com\/inicio\/wp-content\/uploads\/2022\/05\/bensusanpablodaniel2022-600.jpeg","type":"image\/jpeg"}],"author":"Diario1 Diario1","twitter_card":"summary_large_image","twitter_creator":"@eltextual","twitter_site":"@eltextual","twitter_misc":{"Escrito por":"Diario1 Diario1","Tiempo de lectura":"2 minutos"},"schema":{"@context":"https:\/\/schema.org","@graph":[{"@type":"Article","@id":"https:\/\/diariotextual.com\/inicio\/index.php\/2024\/02\/01\/bensusan-disfrazan-de-decreto-una-reforma-constitucional-perjudicial-para-la-gente\/#article","isPartOf":{"@id":"https:\/\/diariotextual.com\/inicio\/index.php\/2024\/02\/01\/bensusan-disfrazan-de-decreto-una-reforma-constitucional-perjudicial-para-la-gente\/"},"author":{"name":"Diario1 Diario1","@id":"https:\/\/diariotextual.com\/inicio\/#\/schema\/person\/418fc4093c33e86ed41562db3508f958"},"headline":"Bensus\u00e1n: \u201cDisfrazan de decreto una reforma constitucional perjudicial para la gente\u201d","datePublished":"2024-02-01T22:39:35+00:00","dateModified":"2024-02-01T23:03:55+00:00","mainEntityOfPage":{"@id":"https:\/\/diariotextual.com\/inicio\/index.php\/2024\/02\/01\/bensusan-disfrazan-de-decreto-una-reforma-constitucional-perjudicial-para-la-gente\/"},"wordCount":417,"publisher":{"@id":"https:\/\/diariotextual.com\/inicio\/#organization"},"image":{"@id":"https:\/\/diariotextual.com\/inicio\/index.php\/2024\/02\/01\/bensusan-disfrazan-de-decreto-una-reforma-constitucional-perjudicial-para-la-gente\/#primaryimage"},"thumbnailUrl":"https:\/\/diariotextual.com\/inicio\/wp-content\/uploads\/2022\/05\/bensusanpablodaniel2022-600.jpeg","articleSection":["A - ES NOTICIA (van abajo)","POLITICA"],"inLanguage":"es"},{"@type":"WebPage","@id":"https:\/\/diariotextual.com\/inicio\/index.php\/2024\/02\/01\/bensusan-disfrazan-de-decreto-una-reforma-constitucional-perjudicial-para-la-gente\/","url":"https:\/\/diariotextual.com\/inicio\/index.php\/2024\/02\/01\/bensusan-disfrazan-de-decreto-una-reforma-constitucional-perjudicial-para-la-gente\/","name":"Bensus\u00e1n: \u201cDisfrazan de decreto una reforma constitucional perjudicial para la gente\u201d - Diario Textual","isPartOf":{"@id":"https:\/\/diariotextual.com\/inicio\/#website"},"primaryImageOfPage":{"@id":"https:\/\/diariotextual.com\/inicio\/index.php\/2024\/02\/01\/bensusan-disfrazan-de-decreto-una-reforma-constitucional-perjudicial-para-la-gente\/#primaryimage"},"image":{"@id":"https:\/\/diariotextual.com\/inicio\/index.php\/2024\/02\/01\/bensusan-disfrazan-de-decreto-una-reforma-constitucional-perjudicial-para-la-gente\/#primaryimage"},"thumbnailUrl":"https:\/\/diariotextual.com\/inicio\/wp-content\/uploads\/2022\/05\/bensusanpablodaniel2022-600.jpeg","datePublished":"2024-02-01T22:39:35+00:00","dateModified":"2024-02-01T23:03:55+00:00","breadcrumb":{"@id":"https:\/\/diariotextual.com\/inicio\/index.php\/2024\/02\/01\/bensusan-disfrazan-de-decreto-una-reforma-constitucional-perjudicial-para-la-gente\/#breadcrumb"},"inLanguage":"es","potentialAction":[{"@type":"ReadAction","target":["https:\/\/diariotextual.com\/inicio\/index.php\/2024\/02\/01\/bensusan-disfrazan-de-decreto-una-reforma-constitucional-perjudicial-para-la-gente\/"]}]},{"@type":"ImageObject","inLanguage":"es","@id":"https:\/\/diariotextual.com\/inicio\/index.php\/2024\/02\/01\/bensusan-disfrazan-de-decreto-una-reforma-constitucional-perjudicial-para-la-gente\/#primaryimage","url":"https:\/\/diariotextual.com\/inicio\/wp-content\/uploads\/2022\/05\/bensusanpablodaniel2022-600.jpeg","contentUrl":"https:\/\/diariotextual.com\/inicio\/wp-content\/uploads\/2022\/05\/bensusanpablodaniel2022-600.jpeg","width":1500,"height":1000},{"@type":"BreadcrumbList","@id":"https:\/\/diariotextual.com\/inicio\/index.php\/2024\/02\/01\/bensusan-disfrazan-de-decreto-una-reforma-constitucional-perjudicial-para-la-gente\/#breadcrumb","itemListElement":[{"@type":"ListItem","position":1,"name":"Portada","item":"https:\/\/diariotextual.com\/inicio\/"},{"@type":"ListItem","position":2,"name":"Bensus\u00e1n: \u201cDisfrazan de decreto una reforma constitucional perjudicial para la gente\u201d"}]},{"@type":"WebSite","@id":"https:\/\/diariotextual.com\/inicio\/#website","url":"https:\/\/diariotextual.com\/inicio\/","name":"Diario Textual","description":"","publisher":{"@id":"https:\/\/diariotextual.com\/inicio\/#organization"},"potentialAction":[{"@type":"SearchAction","target":{"@type":"EntryPoint","urlTemplate":"https:\/\/diariotextual.com\/inicio\/?s={search_term_string}"},"query-input":{"@type":"PropertyValueSpecification","valueRequired":true,"valueName":"search_term_string"}}],"inLanguage":"es"},{"@type":"Organization","@id":"https:\/\/diariotextual.com\/inicio\/#organization","name":"Diario Textual","url":"https:\/\/diariotextual.com\/inicio\/","logo":{"@type":"ImageObject","inLanguage":"es","@id":"https:\/\/diariotextual.com\/inicio\/#\/schema\/logo\/image\/","url":"https:\/\/diariotextual.com\/inicio\/wp-content\/uploads\/2023\/05\/logotextual1.jpg","contentUrl":"https:\/\/diariotextual.com\/inicio\/wp-content\/uploads\/2023\/05\/logotextual1.jpg","width":516,"height":76,"caption":"Diario Textual"},"image":{"@id":"https:\/\/diariotextual.com\/inicio\/#\/schema\/logo\/image\/"},"sameAs":["https:\/\/www.facebook.com\/eltextual","https:\/\/x.com\/eltextual","http:\/\/www.instagram.com\/eltextual"]},{"@type":"Person","@id":"https:\/\/diariotextual.com\/inicio\/#\/schema\/person\/418fc4093c33e86ed41562db3508f958","name":"Diario1 Diario1","image":{"@type":"ImageObject","inLanguage":"es","@id":"https:\/\/secure.gravatar.com\/avatar\/9167d280179c85bc18be67aa7eda765854300033af4896dd779b608640f2ef7a?s=96&d=mm&r=g","url":"https:\/\/secure.gravatar.com\/avatar\/9167d280179c85bc18be67aa7eda765854300033af4896dd779b608640f2ef7a?s=96&d=mm&r=g","contentUrl":"https:\/\/secure.gravatar.com\/avatar\/9167d280179c85bc18be67aa7eda765854300033af4896dd779b608640f2ef7a?s=96&d=mm&r=g","caption":"Diario1 Diario1"},"url":"https:\/\/diariotextual.com\/inicio\/index.php\/author\/diario1\/"}]}},"_links":{"self":[{"href":"https:\/\/diariotextual.com\/inicio\/index.php\/wp-json\/wp\/v2\/posts\/252893","targetHints":{"allow":["GET"]}}],"collection":[{"href":"https:\/\/diariotextual.com\/inicio\/index.php\/wp-json\/wp\/v2\/posts"}],"about":[{"href":"https:\/\/diariotextual.com\/inicio\/index.php\/wp-json\/wp\/v2\/types\/post"}],"author":[{"embeddable":true,"href":"https:\/\/diariotextual.com\/inicio\/index.php\/wp-json\/wp\/v2\/users\/3"}],"replies":[{"embeddable":true,"href":"https:\/\/diariotextual.com\/inicio\/index.php\/wp-json\/wp\/v2\/comments?post=252893"}],"version-history":[{"count":1,"href":"https:\/\/diariotextual.com\/inicio\/index.php\/wp-json\/wp\/v2\/posts\/252893\/revisions"}],"predecessor-version":[{"id":252894,"href":"https:\/\/diariotextual.com\/inicio\/index.php\/wp-json\/wp\/v2\/posts\/252893\/revisions\/252894"}],"wp:featuredmedia":[{"embeddable":true,"href":"https:\/\/diariotextual.com\/inicio\/index.php\/wp-json\/wp\/v2\/media\/189318"}],"wp:attachment":[{"href":"https:\/\/diariotextual.com\/inicio\/index.php\/wp-json\/wp\/v2\/media?parent=252893"}],"wp:term":[{"taxonomy":"category","embeddable":true,"href":"https:\/\/diariotextual.com\/inicio\/index.php\/wp-json\/wp\/v2\/categories?post=252893"},{"taxonomy":"post_tag","embeddable":true,"href":"https:\/\/diariotextual.com\/inicio\/index.php\/wp-json\/wp\/v2\/tags?post=252893"}],"curies":[{"name":"wp","href":"https:\/\/api.w.org\/{rel}","templated":true}]}}