{"id":252895,"date":"2024-02-01T19:52:22","date_gmt":"2024-02-01T22:52:22","guid":{"rendered":"https:\/\/diariotextual.com\/inicio\/?p=252895"},"modified":"2024-02-02T04:49:04","modified_gmt":"2024-02-02T07:49:04","slug":"palos-balas-de-goma-y-gas-represion-a-manifestantes-fotografos-y-periodistas","status":"publish","type":"post","link":"https:\/\/diariotextual.com\/inicio\/index.php\/2024\/02\/01\/palos-balas-de-goma-y-gas-represion-a-manifestantes-fotografos-y-periodistas\/","title":{"rendered":"Palos, balas de goma y gas por la ley \u00f3mnibus: represi\u00f3n a manifestantes y periodistas"},"content":{"rendered":"\n<p>Una violent\u00edsima represi\u00f3n est\u00e1 ejerciendo la Polic\u00eda Federal y la Gendarmer\u00eda contra manifestantes, periodistas y fot\u00f3grafos, frente al Congreso nacional, mientras se debate la ley \u00f3mnibus.<\/p>\n\n\n\n<p>Nuevos choques entre polic\u00edas y manifestantes se produjeron este jueves en las afueras del Congreso durante el debate en la C\u00e1mara de Diputados de la denominada Ley Bases, lo que llev\u00f3&nbsp;<strong>a legisladores del kirchnerismo y la izquierda a presentar una moci\u00f3n para suspender la sesi\u00f3n<\/strong>, lo que fue rechazado por la mayor\u00eda del cuerpo legislativo.<br><br>Los incidentes se produjeron cuando la polic\u00eda se empe\u00f1\u00f3 en hacer cumplir el&nbsp;<strong>protocolo antipiquetes<\/strong>&nbsp;que proh\u00edbe los cortes de calles en las avenidas que rodean al Congreso, pese a la cantidad de manifestantes convocados por organizaciones sociales y de izquierda que se oponen a la aprobaci\u00f3n de la ley.<br><br>Durante varios minutos se vieron escenas de violencia, y choques cara a cara de manifestantes con la polic\u00eda, que us\u00f3 balas de goma, gases lacrim\u00f3genos, camiones hidrantes y motocicletas para sacar a los militantes de la calle y subirlos a la plaza o a la veredas. Pasadas las 20, no hab\u00eda disponibles reportes sobre heridos o detenidos.<\/p>\n\n\n\n<figure class=\"wp-block-embed is-type-wp-embed is-provider-diario-textual wp-block-embed-diario-textual\"><div class=\"wp-block-embed__wrapper\">\n<blockquote class=\"wp-embedded-content\" data-secret=\"FWB30OYKbU\"><a href=\"https:\/\/diariotextual.com\/inicio\/index.php\/2024\/02\/01\/la-ucr-pampeana-repudia-represion-pero-convalida-la-ley-omnibus-que-criminaliza-la-protesta-social\/\">La UCR pampeana repudia represi\u00f3n, pero sus diputados convalidan la ley \u00f3mnibus que criminaliza la protesta social<\/a><\/blockquote><iframe class=\"wp-embedded-content\" sandbox=\"allow-scripts\" security=\"restricted\" style=\"position: absolute; clip: rect(1px, 1px, 1px, 1px);\" title=\"\u00abLa UCR pampeana repudia represi\u00f3n, pero sus diputados convalidan la ley \u00f3mnibus que criminaliza la protesta social\u00bb \u2014 Diario Textual\" src=\"https:\/\/diariotextual.com\/inicio\/index.php\/2024\/02\/01\/la-ucr-pampeana-repudia-represion-pero-convalida-la-ley-omnibus-que-criminaliza-la-protesta-social\/embed\/#?secret=UIs7UJ30VC#?secret=FWB30OYKbU\" data-secret=\"FWB30OYKbU\" width=\"600\" height=\"338\" frameborder=\"0\" marginwidth=\"0\" marginheight=\"0\" scrolling=\"no\"><\/iframe>\n<\/div><\/figure>\n","protected":false},"excerpt":{"rendered":"<p>Una violent\u00edsima represi\u00f3n est\u00e1 ejerciendo la Polic\u00eda Federal y la Gendarmer\u00eda contra manifestantes, periodistas y fot\u00f3grafos, frente al Congreso nacional, mientras se debate la ley \u00f3mnibus. Nuevos choques entre polic\u00edas&hellip;<\/p>\n","protected":false},"author":3,"featured_media":252900,"comment_status":"closed","ping_status":"open","sticky":false,"template":"","format":"standard","meta":{"_acf_changed":false,"footnotes":""},"categories":[1,8],"tags":[],"class_list":["post-252895","post","type-post","status-publish","format-standard","has-post-thumbnail","hentry","category-es-noticia","category-politica"],"acf":[],"yoast_head":"<!-- This site is optimized with the Yoast SEO plugin v27.5 - https:\/\/yoast.com\/product\/yoast-seo-wordpress\/ -->\n<title>Palos, balas de goma y gas por la ley \u00f3mnibus: represi\u00f3n a manifestantes y periodistas - Diario Textual<\/title>\n<meta name=\"robots\" content=\"index, follow, max-snippet:-1, max-image-preview:large, max-video-preview:-1\" \/>\n<link rel=\"canonical\" href=\"https:\/\/diariotextual.com\/inicio\/index.php\/2024\/02\/01\/palos-balas-de-goma-y-gas-represion-a-manifestantes-fotografos-y-periodistas\/\" \/>\n<meta property=\"og:locale\" content=\"es_ES\" \/>\n<meta property=\"og:type\" content=\"article\" \/>\n<meta property=\"og:title\" content=\"Palos, balas de goma y gas por la ley \u00f3mnibus: represi\u00f3n a manifestantes y periodistas - Diario Textual\" \/>\n<meta property=\"og:description\" content=\"Una violent\u00edsima represi\u00f3n est\u00e1 ejerciendo la Polic\u00eda Federal y la Gendarmer\u00eda contra manifestantes, periodistas y fot\u00f3grafos, frente al Congreso nacional, mientras se debate la ley \u00f3mnibus. Nuevos choques entre polic\u00edas&hellip;\" \/>\n<meta property=\"og:url\" content=\"https:\/\/diariotextual.com\/inicio\/index.php\/2024\/02\/01\/palos-balas-de-goma-y-gas-represion-a-manifestantes-fotografos-y-periodistas\/\" \/>\n<meta property=\"og:site_name\" content=\"Diario Textual\" \/>\n<meta property=\"article:publisher\" content=\"https:\/\/www.facebook.com\/eltextual\" \/>\n<meta property=\"article:published_time\" content=\"2024-02-01T22:52:22+00:00\" \/>\n<meta property=\"article:modified_time\" content=\"2024-02-02T07:49:04+00:00\" \/>\n<meta property=\"og:image\" content=\"https:\/\/diariotextual.com\/inicio\/wp-content\/uploads\/2024\/02\/leybasesleyomnibusrepresion2024-56.jpg\" \/>\n\t<meta property=\"og:image:width\" content=\"960\" \/>\n\t<meta property=\"og:image:height\" content=\"640\" \/>\n\t<meta property=\"og:image:type\" content=\"image\/jpeg\" \/>\n<meta name=\"author\" content=\"Diario1 Diario1\" \/>\n<meta name=\"twitter:card\" content=\"summary_large_image\" \/>\n<meta name=\"twitter:creator\" content=\"@eltextual\" \/>\n<meta name=\"twitter:site\" content=\"@eltextual\" \/>\n<meta name=\"twitter:label1\" content=\"Escrito por\" \/>\n\t<meta name=\"twitter:data1\" content=\"Diario1 Diario1\" \/>\n\t<meta name=\"twitter:label2\" content=\"Tiempo de lectura\" \/>\n\t<meta name=\"twitter:data2\" content=\"2 minutos\" \/>\n<script type=\"application\/ld+json\" class=\"yoast-schema-graph\">{\"@context\":\"https:\\\/\\\/schema.org\",\"@graph\":[{\"@type\":\"Article\",\"@id\":\"https:\\\/\\\/diariotextual.com\\\/inicio\\\/index.php\\\/2024\\\/02\\\/01\\\/palos-balas-de-goma-y-gas-represion-a-manifestantes-fotografos-y-periodistas\\\/#article\",\"isPartOf\":{\"@id\":\"https:\\\/\\\/diariotextual.com\\\/inicio\\\/index.php\\\/2024\\\/02\\\/01\\\/palos-balas-de-goma-y-gas-represion-a-manifestantes-fotografos-y-periodistas\\\/\"},\"author\":{\"name\":\"Diario1 Diario1\",\"@id\":\"https:\\\/\\\/diariotextual.com\\\/inicio\\\/#\\\/schema\\\/person\\\/418fc4093c33e86ed41562db3508f958\"},\"headline\":\"Palos, balas de goma y gas por la ley \u00f3mnibus: represi\u00f3n a manifestantes y periodistas\",\"datePublished\":\"2024-02-01T22:52:22+00:00\",\"dateModified\":\"2024-02-02T07:49:04+00:00\",\"mainEntityOfPage\":{\"@id\":\"https:\\\/\\\/diariotextual.com\\\/inicio\\\/index.php\\\/2024\\\/02\\\/01\\\/palos-balas-de-goma-y-gas-represion-a-manifestantes-fotografos-y-periodistas\\\/\"},\"wordCount\":230,\"publisher\":{\"@id\":\"https:\\\/\\\/diariotextual.com\\\/inicio\\\/#organization\"},\"image\":{\"@id\":\"https:\\\/\\\/diariotextual.com\\\/inicio\\\/index.php\\\/2024\\\/02\\\/01\\\/palos-balas-de-goma-y-gas-represion-a-manifestantes-fotografos-y-periodistas\\\/#primaryimage\"},\"thumbnailUrl\":\"https:\\\/\\\/diariotextual.com\\\/inicio\\\/wp-content\\\/uploads\\\/2024\\\/02\\\/leybasesleyomnibusrepresion2024-56.jpg\",\"articleSection\":[\"A - ES NOTICIA (van abajo)\",\"POLITICA\"],\"inLanguage\":\"es\"},{\"@type\":\"WebPage\",\"@id\":\"https:\\\/\\\/diariotextual.com\\\/inicio\\\/index.php\\\/2024\\\/02\\\/01\\\/palos-balas-de-goma-y-gas-represion-a-manifestantes-fotografos-y-periodistas\\\/\",\"url\":\"https:\\\/\\\/diariotextual.com\\\/inicio\\\/index.php\\\/2024\\\/02\\\/01\\\/palos-balas-de-goma-y-gas-represion-a-manifestantes-fotografos-y-periodistas\\\/\",\"name\":\"Palos, balas de goma y gas por la ley \u00f3mnibus: represi\u00f3n a manifestantes y periodistas - Diario Textual\",\"isPartOf\":{\"@id\":\"https:\\\/\\\/diariotextual.com\\\/inicio\\\/#website\"},\"primaryImageOfPage\":{\"@id\":\"https:\\\/\\\/diariotextual.com\\\/inicio\\\/index.php\\\/2024\\\/02\\\/01\\\/palos-balas-de-goma-y-gas-represion-a-manifestantes-fotografos-y-periodistas\\\/#primaryimage\"},\"image\":{\"@id\":\"https:\\\/\\\/diariotextual.com\\\/inicio\\\/index.php\\\/2024\\\/02\\\/01\\\/palos-balas-de-goma-y-gas-represion-a-manifestantes-fotografos-y-periodistas\\\/#primaryimage\"},\"thumbnailUrl\":\"https:\\\/\\\/diariotextual.com\\\/inicio\\\/wp-content\\\/uploads\\\/2024\\\/02\\\/leybasesleyomnibusrepresion2024-56.jpg\",\"datePublished\":\"2024-02-01T22:52:22+00:00\",\"dateModified\":\"2024-02-02T07:49:04+00:00\",\"breadcrumb\":{\"@id\":\"https:\\\/\\\/diariotextual.com\\\/inicio\\\/index.php\\\/2024\\\/02\\\/01\\\/palos-balas-de-goma-y-gas-represion-a-manifestantes-fotografos-y-periodistas\\\/#breadcrumb\"},\"inLanguage\":\"es\",\"potentialAction\":[{\"@type\":\"ReadAction\",\"target\":[\"https:\\\/\\\/diariotextual.com\\\/inicio\\\/index.php\\\/2024\\\/02\\\/01\\\/palos-balas-de-goma-y-gas-represion-a-manifestantes-fotografos-y-periodistas\\\/\"]}]},{\"@type\":\"ImageObject\",\"inLanguage\":\"es\",\"@id\":\"https:\\\/\\\/diariotextual.com\\\/inicio\\\/index.php\\\/2024\\\/02\\\/01\\\/palos-balas-de-goma-y-gas-represion-a-manifestantes-fotografos-y-periodistas\\\/#primaryimage\",\"url\":\"https:\\\/\\\/diariotextual.com\\\/inicio\\\/wp-content\\\/uploads\\\/2024\\\/02\\\/leybasesleyomnibusrepresion2024-56.jpg\",\"contentUrl\":\"https:\\\/\\\/diariotextual.com\\\/inicio\\\/wp-content\\\/uploads\\\/2024\\\/02\\\/leybasesleyomnibusrepresion2024-56.jpg\",\"width\":960,\"height\":640},{\"@type\":\"BreadcrumbList\",\"@id\":\"https:\\\/\\\/diariotextual.com\\\/inicio\\\/index.php\\\/2024\\\/02\\\/01\\\/palos-balas-de-goma-y-gas-represion-a-manifestantes-fotografos-y-periodistas\\\/#breadcrumb\",\"itemListElement\":[{\"@type\":\"ListItem\",\"position\":1,\"name\":\"Portada\",\"item\":\"https:\\\/\\\/diariotextual.com\\\/inicio\\\/\"},{\"@type\":\"ListItem\",\"position\":2,\"name\":\"Palos, balas de goma y gas por la ley \u00f3mnibus: represi\u00f3n a manifestantes y periodistas\"}]},{\"@type\":\"WebSite\",\"@id\":\"https:\\\/\\\/diariotextual.com\\\/inicio\\\/#website\",\"url\":\"https:\\\/\\\/diariotextual.com\\\/inicio\\\/\",\"name\":\"Diario Textual\",\"description\":\"\",\"publisher\":{\"@id\":\"https:\\\/\\\/diariotextual.com\\\/inicio\\\/#organization\"},\"potentialAction\":[{\"@type\":\"SearchAction\",\"target\":{\"@type\":\"EntryPoint\",\"urlTemplate\":\"https:\\\/\\\/diariotextual.com\\\/inicio\\\/?s={search_term_string}\"},\"query-input\":{\"@type\":\"PropertyValueSpecification\",\"valueRequired\":true,\"valueName\":\"search_term_string\"}}],\"inLanguage\":\"es\"},{\"@type\":\"Organization\",\"@id\":\"https:\\\/\\\/diariotextual.com\\\/inicio\\\/#organization\",\"name\":\"Diario Textual\",\"url\":\"https:\\\/\\\/diariotextual.com\\\/inicio\\\/\",\"logo\":{\"@type\":\"ImageObject\",\"inLanguage\":\"es\",\"@id\":\"https:\\\/\\\/diariotextual.com\\\/inicio\\\/#\\\/schema\\\/logo\\\/image\\\/\",\"url\":\"https:\\\/\\\/diariotextual.com\\\/inicio\\\/wp-content\\\/uploads\\\/2023\\\/05\\\/logotextual1.jpg\",\"contentUrl\":\"https:\\\/\\\/diariotextual.com\\\/inicio\\\/wp-content\\\/uploads\\\/2023\\\/05\\\/logotextual1.jpg\",\"width\":516,\"height\":76,\"caption\":\"Diario Textual\"},\"image\":{\"@id\":\"https:\\\/\\\/diariotextual.com\\\/inicio\\\/#\\\/schema\\\/logo\\\/image\\\/\"},\"sameAs\":[\"https:\\\/\\\/www.facebook.com\\\/eltextual\",\"https:\\\/\\\/x.com\\\/eltextual\",\"http:\\\/\\\/www.instagram.com\\\/eltextual\"]},{\"@type\":\"Person\",\"@id\":\"https:\\\/\\\/diariotextual.com\\\/inicio\\\/#\\\/schema\\\/person\\\/418fc4093c33e86ed41562db3508f958\",\"name\":\"Diario1 Diario1\",\"image\":{\"@type\":\"ImageObject\",\"inLanguage\":\"es\",\"@id\":\"https:\\\/\\\/secure.gravatar.com\\\/avatar\\\/9167d280179c85bc18be67aa7eda765854300033af4896dd779b608640f2ef7a?s=96&d=mm&r=g\",\"url\":\"https:\\\/\\\/secure.gravatar.com\\\/avatar\\\/9167d280179c85bc18be67aa7eda765854300033af4896dd779b608640f2ef7a?s=96&d=mm&r=g\",\"contentUrl\":\"https:\\\/\\\/secure.gravatar.com\\\/avatar\\\/9167d280179c85bc18be67aa7eda765854300033af4896dd779b608640f2ef7a?s=96&d=mm&r=g\",\"caption\":\"Diario1 Diario1\"},\"url\":\"https:\\\/\\\/diariotextual.com\\\/inicio\\\/index.php\\\/author\\\/diario1\\\/\"}]}<\/script>\n<!-- \/ Yoast SEO plugin. -->","yoast_head_json":{"title":"Palos, balas de goma y gas por la ley \u00f3mnibus: represi\u00f3n a manifestantes y periodistas - Diario Textual","robots":{"index":"index","follow":"follow","max-snippet":"max-snippet:-1","max-image-preview":"max-image-preview:large","max-video-preview":"max-video-preview:-1"},"canonical":"https:\/\/diariotextual.com\/inicio\/index.php\/2024\/02\/01\/palos-balas-de-goma-y-gas-represion-a-manifestantes-fotografos-y-periodistas\/","og_locale":"es_ES","og_type":"article","og_title":"Palos, balas de goma y gas por la ley \u00f3mnibus: represi\u00f3n a manifestantes y periodistas - Diario Textual","og_description":"Una violent\u00edsima represi\u00f3n est\u00e1 ejerciendo la Polic\u00eda Federal y la Gendarmer\u00eda contra manifestantes, periodistas y fot\u00f3grafos, frente al Congreso nacional, mientras se debate la ley \u00f3mnibus. Nuevos choques entre polic\u00edas&hellip;","og_url":"https:\/\/diariotextual.com\/inicio\/index.php\/2024\/02\/01\/palos-balas-de-goma-y-gas-represion-a-manifestantes-fotografos-y-periodistas\/","og_site_name":"Diario Textual","article_publisher":"https:\/\/www.facebook.com\/eltextual","article_published_time":"2024-02-01T22:52:22+00:00","article_modified_time":"2024-02-02T07:49:04+00:00","og_image":[{"width":960,"height":640,"url":"https:\/\/diariotextual.com\/inicio\/wp-content\/uploads\/2024\/02\/leybasesleyomnibusrepresion2024-56.jpg","type":"image\/jpeg"}],"author":"Diario1 Diario1","twitter_card":"summary_large_image","twitter_creator":"@eltextual","twitter_site":"@eltextual","twitter_misc":{"Escrito por":"Diario1 Diario1","Tiempo de lectura":"2 minutos"},"schema":{"@context":"https:\/\/schema.org","@graph":[{"@type":"Article","@id":"https:\/\/diariotextual.com\/inicio\/index.php\/2024\/02\/01\/palos-balas-de-goma-y-gas-represion-a-manifestantes-fotografos-y-periodistas\/#article","isPartOf":{"@id":"https:\/\/diariotextual.com\/inicio\/index.php\/2024\/02\/01\/palos-balas-de-goma-y-gas-represion-a-manifestantes-fotografos-y-periodistas\/"},"author":{"name":"Diario1 Diario1","@id":"https:\/\/diariotextual.com\/inicio\/#\/schema\/person\/418fc4093c33e86ed41562db3508f958"},"headline":"Palos, balas de goma y gas por la ley \u00f3mnibus: represi\u00f3n a manifestantes y periodistas","datePublished":"2024-02-01T22:52:22+00:00","dateModified":"2024-02-02T07:49:04+00:00","mainEntityOfPage":{"@id":"https:\/\/diariotextual.com\/inicio\/index.php\/2024\/02\/01\/palos-balas-de-goma-y-gas-represion-a-manifestantes-fotografos-y-periodistas\/"},"wordCount":230,"publisher":{"@id":"https:\/\/diariotextual.com\/inicio\/#organization"},"image":{"@id":"https:\/\/diariotextual.com\/inicio\/index.php\/2024\/02\/01\/palos-balas-de-goma-y-gas-represion-a-manifestantes-fotografos-y-periodistas\/#primaryimage"},"thumbnailUrl":"https:\/\/diariotextual.com\/inicio\/wp-content\/uploads\/2024\/02\/leybasesleyomnibusrepresion2024-56.jpg","articleSection":["A - ES NOTICIA (van abajo)","POLITICA"],"inLanguage":"es"},{"@type":"WebPage","@id":"https:\/\/diariotextual.com\/inicio\/index.php\/2024\/02\/01\/palos-balas-de-goma-y-gas-represion-a-manifestantes-fotografos-y-periodistas\/","url":"https:\/\/diariotextual.com\/inicio\/index.php\/2024\/02\/01\/palos-balas-de-goma-y-gas-represion-a-manifestantes-fotografos-y-periodistas\/","name":"Palos, balas de goma y gas por la ley \u00f3mnibus: represi\u00f3n a manifestantes y periodistas - Diario Textual","isPartOf":{"@id":"https:\/\/diariotextual.com\/inicio\/#website"},"primaryImageOfPage":{"@id":"https:\/\/diariotextual.com\/inicio\/index.php\/2024\/02\/01\/palos-balas-de-goma-y-gas-represion-a-manifestantes-fotografos-y-periodistas\/#primaryimage"},"image":{"@id":"https:\/\/diariotextual.com\/inicio\/index.php\/2024\/02\/01\/palos-balas-de-goma-y-gas-represion-a-manifestantes-fotografos-y-periodistas\/#primaryimage"},"thumbnailUrl":"https:\/\/diariotextual.com\/inicio\/wp-content\/uploads\/2024\/02\/leybasesleyomnibusrepresion2024-56.jpg","datePublished":"2024-02-01T22:52:22+00:00","dateModified":"2024-02-02T07:49:04+00:00","breadcrumb":{"@id":"https:\/\/diariotextual.com\/inicio\/index.php\/2024\/02\/01\/palos-balas-de-goma-y-gas-represion-a-manifestantes-fotografos-y-periodistas\/#breadcrumb"},"inLanguage":"es","potentialAction":[{"@type":"ReadAction","target":["https:\/\/diariotextual.com\/inicio\/index.php\/2024\/02\/01\/palos-balas-de-goma-y-gas-represion-a-manifestantes-fotografos-y-periodistas\/"]}]},{"@type":"ImageObject","inLanguage":"es","@id":"https:\/\/diariotextual.com\/inicio\/index.php\/2024\/02\/01\/palos-balas-de-goma-y-gas-represion-a-manifestantes-fotografos-y-periodistas\/#primaryimage","url":"https:\/\/diariotextual.com\/inicio\/wp-content\/uploads\/2024\/02\/leybasesleyomnibusrepresion2024-56.jpg","contentUrl":"https:\/\/diariotextual.com\/inicio\/wp-content\/uploads\/2024\/02\/leybasesleyomnibusrepresion2024-56.jpg","width":960,"height":640},{"@type":"BreadcrumbList","@id":"https:\/\/diariotextual.com\/inicio\/index.php\/2024\/02\/01\/palos-balas-de-goma-y-gas-represion-a-manifestantes-fotografos-y-periodistas\/#breadcrumb","itemListElement":[{"@type":"ListItem","position":1,"name":"Portada","item":"https:\/\/diariotextual.com\/inicio\/"},{"@type":"ListItem","position":2,"name":"Palos, balas de goma y gas por la ley \u00f3mnibus: represi\u00f3n a manifestantes y periodistas"}]},{"@type":"WebSite","@id":"https:\/\/diariotextual.com\/inicio\/#website","url":"https:\/\/diariotextual.com\/inicio\/","name":"Diario Textual","description":"","publisher":{"@id":"https:\/\/diariotextual.com\/inicio\/#organization"},"potentialAction":[{"@type":"SearchAction","target":{"@type":"EntryPoint","urlTemplate":"https:\/\/diariotextual.com\/inicio\/?s={search_term_string}"},"query-input":{"@type":"PropertyValueSpecification","valueRequired":true,"valueName":"search_term_string"}}],"inLanguage":"es"},{"@type":"Organization","@id":"https:\/\/diariotextual.com\/inicio\/#organization","name":"Diario Textual","url":"https:\/\/diariotextual.com\/inicio\/","logo":{"@type":"ImageObject","inLanguage":"es","@id":"https:\/\/diariotextual.com\/inicio\/#\/schema\/logo\/image\/","url":"https:\/\/diariotextual.com\/inicio\/wp-content\/uploads\/2023\/05\/logotextual1.jpg","contentUrl":"https:\/\/diariotextual.com\/inicio\/wp-content\/uploads\/2023\/05\/logotextual1.jpg","width":516,"height":76,"caption":"Diario Textual"},"image":{"@id":"https:\/\/diariotextual.com\/inicio\/#\/schema\/logo\/image\/"},"sameAs":["https:\/\/www.facebook.com\/eltextual","https:\/\/x.com\/eltextual","http:\/\/www.instagram.com\/eltextual"]},{"@type":"Person","@id":"https:\/\/diariotextual.com\/inicio\/#\/schema\/person\/418fc4093c33e86ed41562db3508f958","name":"Diario1 Diario1","image":{"@type":"ImageObject","inLanguage":"es","@id":"https:\/\/secure.gravatar.com\/avatar\/9167d280179c85bc18be67aa7eda765854300033af4896dd779b608640f2ef7a?s=96&d=mm&r=g","url":"https:\/\/secure.gravatar.com\/avatar\/9167d280179c85bc18be67aa7eda765854300033af4896dd779b608640f2ef7a?s=96&d=mm&r=g","contentUrl":"https:\/\/secure.gravatar.com\/avatar\/9167d280179c85bc18be67aa7eda765854300033af4896dd779b608640f2ef7a?s=96&d=mm&r=g","caption":"Diario1 Diario1"},"url":"https:\/\/diariotextual.com\/inicio\/index.php\/author\/diario1\/"}]}},"_links":{"self":[{"href":"https:\/\/diariotextual.com\/inicio\/index.php\/wp-json\/wp\/v2\/posts\/252895","targetHints":{"allow":["GET"]}}],"collection":[{"href":"https:\/\/diariotextual.com\/inicio\/index.php\/wp-json\/wp\/v2\/posts"}],"about":[{"href":"https:\/\/diariotextual.com\/inicio\/index.php\/wp-json\/wp\/v2\/types\/post"}],"author":[{"embeddable":true,"href":"https:\/\/diariotextual.com\/inicio\/index.php\/wp-json\/wp\/v2\/users\/3"}],"replies":[{"embeddable":true,"href":"https:\/\/diariotextual.com\/inicio\/index.php\/wp-json\/wp\/v2\/comments?post=252895"}],"version-history":[{"count":6,"href":"https:\/\/diariotextual.com\/inicio\/index.php\/wp-json\/wp\/v2\/posts\/252895\/revisions"}],"predecessor-version":[{"id":252912,"href":"https:\/\/diariotextual.com\/inicio\/index.php\/wp-json\/wp\/v2\/posts\/252895\/revisions\/252912"}],"wp:featuredmedia":[{"embeddable":true,"href":"https:\/\/diariotextual.com\/inicio\/index.php\/wp-json\/wp\/v2\/media\/252900"}],"wp:attachment":[{"href":"https:\/\/diariotextual.com\/inicio\/index.php\/wp-json\/wp\/v2\/media?parent=252895"}],"wp:term":[{"taxonomy":"category","embeddable":true,"href":"https:\/\/diariotextual.com\/inicio\/index.php\/wp-json\/wp\/v2\/categories?post=252895"},{"taxonomy":"post_tag","embeddable":true,"href":"https:\/\/diariotextual.com\/inicio\/index.php\/wp-json\/wp\/v2\/tags?post=252895"}],"curies":[{"name":"wp","href":"https:\/\/api.w.org\/{rel}","templated":true}]}}