{"id":252913,"date":"2024-02-01T22:31:08","date_gmt":"2024-02-02T01:31:08","guid":{"rendered":"https:\/\/diariotextual.com\/inicio\/?p=252913"},"modified":"2024-02-02T16:48:51","modified_gmt":"2024-02-02T19:48:51","slug":"privatizaciones-y-facultades-delegadas-el-gobierno-propuso-mas-cambios-para-destrabar-la-ley-omnibus","status":"publish","type":"post","link":"https:\/\/diariotextual.com\/inicio\/index.php\/2024\/02\/01\/privatizaciones-y-facultades-delegadas-el-gobierno-propuso-mas-cambios-para-destrabar-la-ley-omnibus\/","title":{"rendered":"Privatizaciones y facultades delegadas: el Gobierno propuso m\u00e1s cambios y se pas\u00f3 a otro cuarto intermedio"},"content":{"rendered":"\n<p>Durante el segundo d\u00eda de debate de la\u00a0<strong>Ley \u00d3mnibus\u00a0<\/strong>en la C\u00e1mara de Diputados, el Gobierno envi\u00f3\u00a0<strong>un nuevo texto<\/strong>\u00a0con modificaciones para destrabar dos de los puntos que corr\u00edan riesgo de caer rechazados:\u00a0<strong>privatizaciones y facultades delegadas.<\/strong> En tanto, Diputados pas\u00f3 a un cuarto intermedio hasta este viernes a las 10.<\/p>\n\n\n\n<p>Seg\u00fan public\u00f3 Infobae, la nueva redacci\u00f3n, que incluye varios art\u00edculos nuevos, atiende muchos de los planteos de la oposici\u00f3n dialoguista. En el caso de las privatizaciones,&nbsp;<strong>el listado final de empresas que pueden ser vendidas baj\u00f3 de 39 a 30.<\/strong>&nbsp;Estas incluyen&nbsp;<strong>tres&nbsp;<\/strong>empresas que solo podr\u00e1n ser&nbsp;<strong>privatizadas parcialmente<\/strong>:&nbsp;<strong>Banco Naci\u00f3n, Nucleoel\u00e9ctrica Argentina y ARSAT<\/strong>, muy resistidas por la oposici\u00f3n dado que son consideradas estrat\u00e9gicas.<\/p>\n\n\n\n<p>Entre las empresas que&nbsp;<strong>quedaron fuera<\/strong>&nbsp;de la lista se destacan Fabricaciones Militares, Banco de Inversi\u00f3n y Comercio Exterior (BICE), Dioxitek, F\u00e1brica Argentina de Aviones, Casa de Moneda, Radio Nacional de Universidad del Litoral, Servicio de Radio y Televisi\u00f3n de la Universidad de C\u00f3rdoba, Veh\u00edculo Espacial Nueva Generaci\u00f3n y Yacimiento Minero de Agua de Dionisio.<a href=\"https:\/\/www.infobae.com\/politica\/2024\/02\/01\/debate-de-la-ley-omnibus-de-milei-en-vivo-las-ultimas-noticias-sobre-la-votacion-en-la-camara-de-diputados\/\" target=\"_blank\" rel=\"noreferrer noopener\"><\/a><\/p>\n\n\n\n<p>Por otro lado, el nuevo cap\u00edtulo se divide en<strong>&nbsp;tres art\u00edculos<\/strong>, con sus&nbsp;<strong>respectivos anexos<\/strong>, con listados de empresas sujetas a privatizaci\u00f3n total y&nbsp;<strong>uno de privatizaciones parciales<\/strong>. Esta divisi\u00f3n puede facilitar que la oposici\u00f3n pueda&nbsp;<strong>votar negativamente en casos acotados<\/strong>, sin hacer caer todo el paquete. Por lo tanto, se acerca a la posici\u00f3n de quienes propon\u00edan aprobar \u201cempresa por empresa\u201d las privatizaciones.<\/p>\n\n\n\n<p>Para reforzar la transparencia del proceso de privatizaci\u00f3n, una&nbsp;<strong>Comisi\u00f3n Bicameral<\/strong>&nbsp;compuesta por seis diputados y seis senadores deber\u00e1 ser informada por el Ejecutivo de la modalidad y el procedimiento escogido para vender las empresas, del pliego de condiciones 15 d\u00edas antes de su publicaci\u00f3n y cualquier circunstancia relevante que se produzca. En tanto, se\u00f1ala que la Sindicatura General de la Naci\u00f3n (<strong>SIGEN<\/strong>) y la Auditor\u00eda General de la Naci\u00f3n (<strong>AGN<\/strong>) actuar\u00e1n en colaboraci\u00f3n permanente con la bicameral.<\/p>\n\n\n\n<p>Adem\u00e1s, antes de que se inicie el proceso de privatizaci\u00f3n la&nbsp;<strong>Secretar\u00eda de Empresas y Sociedades del Estado<\/strong>&nbsp;de la Jefatura de Gabinete de Ministros, en coordinaci\u00f3n con el&nbsp;<strong>Sindicatura General de la Naci\u00f3n,<\/strong>&nbsp;deber\u00e1 elaborar y hacer p\u00fablico un&nbsp;<strong>informe integral&nbsp;<\/strong>sobre la empresa que contendr\u00e1 informaci\u00f3n detallada sobre sus aspectos patrimoniales, econ\u00f3micos, financieros, y operativos. Este informe deber\u00e1 ser remitido a la Comisi\u00f3n Bicameral.<\/p>\n\n\n\n<p>En cuanto a las emergencias y las facultades delegadas, desde los sectores dialoguistas reconocieron que las posiciones se acercaron cuando el oficialismo&nbsp;<strong>elimin\u00f3 la emergencia fiscal y previsional.<\/strong><\/p>\n\n\n\n<p>El proyecto declara la emergencia p\u00fablica en&nbsp;<strong>materia econ\u00f3mica, financiera, de seguridad, tarifaria, energ\u00e9tica y administrativa<\/strong>&nbsp;hasta el 31 de diciembre de 2024. Este plazo podr\u00e1 ser prorrogado por el Congreso por el plazo m\u00e1ximo de un a\u00f1o.<\/p>\n\n\n\n<p>Por otro lado, el oficialismo decidi\u00f3 mantener -en el art\u00edculo 73- la derogaci\u00f3n del art\u00edculo 1 de la Ley de Fortalecimiento de la sostenibilidad de la deuda p\u00fablica (N\u00b0 27.612), conocida como \u201cLey Guzm\u00e1n\u201d, que pon\u00eda<strong>&nbsp;l\u00edmites a la toma de deuda en d\u00f3lares<\/strong>&nbsp;con legislaci\u00f3n extranjera. Sin acuerdo con el&nbsp;<strong>radicalismo&nbsp;<\/strong>y&nbsp;<strong>HCF<\/strong>, ese punto se encamina a ser rechazado ya que defienden la potestad del Congreso de controlar al Ejecutivo.<\/p>\n\n\n\n<p><\/p>\n","protected":false},"excerpt":{"rendered":"<p>Durante el segundo d\u00eda de debate de la\u00a0Ley \u00d3mnibus\u00a0en la C\u00e1mara de Diputados, el Gobierno envi\u00f3\u00a0un nuevo texto\u00a0con modificaciones para destrabar dos de los puntos que corr\u00edan riesgo de caer&hellip;<\/p>\n","protected":false},"author":3,"featured_media":252917,"comment_status":"closed","ping_status":"open","sticky":false,"template":"","format":"standard","meta":{"_acf_changed":false,"footnotes":""},"categories":[8],"tags":[],"class_list":["post-252913","post","type-post","status-publish","format-standard","has-post-thumbnail","hentry","category-politica"],"acf":[],"yoast_head":"<!-- This site is optimized with the Yoast SEO plugin v27.5 - https:\/\/yoast.com\/product\/yoast-seo-wordpress\/ -->\n<title>Privatizaciones y facultades delegadas: el Gobierno propuso m\u00e1s cambios y se pas\u00f3 a otro cuarto intermedio - Diario Textual<\/title>\n<meta name=\"robots\" content=\"index, follow, max-snippet:-1, max-image-preview:large, max-video-preview:-1\" \/>\n<link rel=\"canonical\" href=\"https:\/\/diariotextual.com\/inicio\/index.php\/2024\/02\/01\/privatizaciones-y-facultades-delegadas-el-gobierno-propuso-mas-cambios-para-destrabar-la-ley-omnibus\/\" \/>\n<meta property=\"og:locale\" content=\"es_ES\" \/>\n<meta property=\"og:type\" content=\"article\" \/>\n<meta property=\"og:title\" content=\"Privatizaciones y facultades delegadas: el Gobierno propuso m\u00e1s cambios y se pas\u00f3 a otro cuarto intermedio - Diario Textual\" \/>\n<meta property=\"og:description\" content=\"Durante el segundo d\u00eda de debate de la\u00a0Ley \u00d3mnibus\u00a0en la C\u00e1mara de Diputados, el Gobierno envi\u00f3\u00a0un nuevo texto\u00a0con modificaciones para destrabar dos de los puntos que corr\u00edan riesgo de caer&hellip;\" \/>\n<meta property=\"og:url\" content=\"https:\/\/diariotextual.com\/inicio\/index.php\/2024\/02\/01\/privatizaciones-y-facultades-delegadas-el-gobierno-propuso-mas-cambios-para-destrabar-la-ley-omnibus\/\" \/>\n<meta property=\"og:site_name\" content=\"Diario Textual\" \/>\n<meta property=\"article:publisher\" content=\"https:\/\/www.facebook.com\/eltextual\" \/>\n<meta property=\"article:published_time\" content=\"2024-02-02T01:31:08+00:00\" \/>\n<meta property=\"article:modified_time\" content=\"2024-02-02T19:48:51+00:00\" \/>\n<meta property=\"og:image\" content=\"https:\/\/diariotextual.com\/inicio\/wp-content\/uploads\/2024\/02\/leybasesleyomnibustelam2024-9888.jpg\" \/>\n\t<meta property=\"og:image:width\" content=\"1200\" \/>\n\t<meta property=\"og:image:height\" content=\"675\" \/>\n\t<meta property=\"og:image:type\" content=\"image\/jpeg\" \/>\n<meta name=\"author\" content=\"Diario1 Diario1\" \/>\n<meta name=\"twitter:card\" content=\"summary_large_image\" \/>\n<meta name=\"twitter:creator\" content=\"@eltextual\" \/>\n<meta name=\"twitter:site\" content=\"@eltextual\" \/>\n<meta name=\"twitter:label1\" content=\"Escrito por\" \/>\n\t<meta name=\"twitter:data1\" content=\"Diario1 Diario1\" \/>\n\t<meta name=\"twitter:label2\" content=\"Tiempo de lectura\" \/>\n\t<meta name=\"twitter:data2\" content=\"3 minutos\" \/>\n<script type=\"application\/ld+json\" class=\"yoast-schema-graph\">{\"@context\":\"https:\\\/\\\/schema.org\",\"@graph\":[{\"@type\":\"Article\",\"@id\":\"https:\\\/\\\/diariotextual.com\\\/inicio\\\/index.php\\\/2024\\\/02\\\/01\\\/privatizaciones-y-facultades-delegadas-el-gobierno-propuso-mas-cambios-para-destrabar-la-ley-omnibus\\\/#article\",\"isPartOf\":{\"@id\":\"https:\\\/\\\/diariotextual.com\\\/inicio\\\/index.php\\\/2024\\\/02\\\/01\\\/privatizaciones-y-facultades-delegadas-el-gobierno-propuso-mas-cambios-para-destrabar-la-ley-omnibus\\\/\"},\"author\":{\"name\":\"Diario1 Diario1\",\"@id\":\"https:\\\/\\\/diariotextual.com\\\/inicio\\\/#\\\/schema\\\/person\\\/418fc4093c33e86ed41562db3508f958\"},\"headline\":\"Privatizaciones y facultades delegadas: el Gobierno propuso m\u00e1s cambios y se pas\u00f3 a otro cuarto intermedio\",\"datePublished\":\"2024-02-02T01:31:08+00:00\",\"dateModified\":\"2024-02-02T19:48:51+00:00\",\"mainEntityOfPage\":{\"@id\":\"https:\\\/\\\/diariotextual.com\\\/inicio\\\/index.php\\\/2024\\\/02\\\/01\\\/privatizaciones-y-facultades-delegadas-el-gobierno-propuso-mas-cambios-para-destrabar-la-ley-omnibus\\\/\"},\"wordCount\":615,\"publisher\":{\"@id\":\"https:\\\/\\\/diariotextual.com\\\/inicio\\\/#organization\"},\"image\":{\"@id\":\"https:\\\/\\\/diariotextual.com\\\/inicio\\\/index.php\\\/2024\\\/02\\\/01\\\/privatizaciones-y-facultades-delegadas-el-gobierno-propuso-mas-cambios-para-destrabar-la-ley-omnibus\\\/#primaryimage\"},\"thumbnailUrl\":\"https:\\\/\\\/diariotextual.com\\\/inicio\\\/wp-content\\\/uploads\\\/2024\\\/02\\\/leybasesleyomnibustelam2024-9888.jpg\",\"articleSection\":[\"POLITICA\"],\"inLanguage\":\"es\"},{\"@type\":\"WebPage\",\"@id\":\"https:\\\/\\\/diariotextual.com\\\/inicio\\\/index.php\\\/2024\\\/02\\\/01\\\/privatizaciones-y-facultades-delegadas-el-gobierno-propuso-mas-cambios-para-destrabar-la-ley-omnibus\\\/\",\"url\":\"https:\\\/\\\/diariotextual.com\\\/inicio\\\/index.php\\\/2024\\\/02\\\/01\\\/privatizaciones-y-facultades-delegadas-el-gobierno-propuso-mas-cambios-para-destrabar-la-ley-omnibus\\\/\",\"name\":\"Privatizaciones y facultades delegadas: el Gobierno propuso m\u00e1s cambios y se pas\u00f3 a otro cuarto intermedio - Diario Textual\",\"isPartOf\":{\"@id\":\"https:\\\/\\\/diariotextual.com\\\/inicio\\\/#website\"},\"primaryImageOfPage\":{\"@id\":\"https:\\\/\\\/diariotextual.com\\\/inicio\\\/index.php\\\/2024\\\/02\\\/01\\\/privatizaciones-y-facultades-delegadas-el-gobierno-propuso-mas-cambios-para-destrabar-la-ley-omnibus\\\/#primaryimage\"},\"image\":{\"@id\":\"https:\\\/\\\/diariotextual.com\\\/inicio\\\/index.php\\\/2024\\\/02\\\/01\\\/privatizaciones-y-facultades-delegadas-el-gobierno-propuso-mas-cambios-para-destrabar-la-ley-omnibus\\\/#primaryimage\"},\"thumbnailUrl\":\"https:\\\/\\\/diariotextual.com\\\/inicio\\\/wp-content\\\/uploads\\\/2024\\\/02\\\/leybasesleyomnibustelam2024-9888.jpg\",\"datePublished\":\"2024-02-02T01:31:08+00:00\",\"dateModified\":\"2024-02-02T19:48:51+00:00\",\"breadcrumb\":{\"@id\":\"https:\\\/\\\/diariotextual.com\\\/inicio\\\/index.php\\\/2024\\\/02\\\/01\\\/privatizaciones-y-facultades-delegadas-el-gobierno-propuso-mas-cambios-para-destrabar-la-ley-omnibus\\\/#breadcrumb\"},\"inLanguage\":\"es\",\"potentialAction\":[{\"@type\":\"ReadAction\",\"target\":[\"https:\\\/\\\/diariotextual.com\\\/inicio\\\/index.php\\\/2024\\\/02\\\/01\\\/privatizaciones-y-facultades-delegadas-el-gobierno-propuso-mas-cambios-para-destrabar-la-ley-omnibus\\\/\"]}]},{\"@type\":\"ImageObject\",\"inLanguage\":\"es\",\"@id\":\"https:\\\/\\\/diariotextual.com\\\/inicio\\\/index.php\\\/2024\\\/02\\\/01\\\/privatizaciones-y-facultades-delegadas-el-gobierno-propuso-mas-cambios-para-destrabar-la-ley-omnibus\\\/#primaryimage\",\"url\":\"https:\\\/\\\/diariotextual.com\\\/inicio\\\/wp-content\\\/uploads\\\/2024\\\/02\\\/leybasesleyomnibustelam2024-9888.jpg\",\"contentUrl\":\"https:\\\/\\\/diariotextual.com\\\/inicio\\\/wp-content\\\/uploads\\\/2024\\\/02\\\/leybasesleyomnibustelam2024-9888.jpg\",\"width\":1200,\"height\":675},{\"@type\":\"BreadcrumbList\",\"@id\":\"https:\\\/\\\/diariotextual.com\\\/inicio\\\/index.php\\\/2024\\\/02\\\/01\\\/privatizaciones-y-facultades-delegadas-el-gobierno-propuso-mas-cambios-para-destrabar-la-ley-omnibus\\\/#breadcrumb\",\"itemListElement\":[{\"@type\":\"ListItem\",\"position\":1,\"name\":\"Portada\",\"item\":\"https:\\\/\\\/diariotextual.com\\\/inicio\\\/\"},{\"@type\":\"ListItem\",\"position\":2,\"name\":\"Privatizaciones y facultades delegadas: el Gobierno propuso m\u00e1s cambios y se pas\u00f3 a otro cuarto intermedio\"}]},{\"@type\":\"WebSite\",\"@id\":\"https:\\\/\\\/diariotextual.com\\\/inicio\\\/#website\",\"url\":\"https:\\\/\\\/diariotextual.com\\\/inicio\\\/\",\"name\":\"Diario Textual\",\"description\":\"\",\"publisher\":{\"@id\":\"https:\\\/\\\/diariotextual.com\\\/inicio\\\/#organization\"},\"potentialAction\":[{\"@type\":\"SearchAction\",\"target\":{\"@type\":\"EntryPoint\",\"urlTemplate\":\"https:\\\/\\\/diariotextual.com\\\/inicio\\\/?s={search_term_string}\"},\"query-input\":{\"@type\":\"PropertyValueSpecification\",\"valueRequired\":true,\"valueName\":\"search_term_string\"}}],\"inLanguage\":\"es\"},{\"@type\":\"Organization\",\"@id\":\"https:\\\/\\\/diariotextual.com\\\/inicio\\\/#organization\",\"name\":\"Diario Textual\",\"url\":\"https:\\\/\\\/diariotextual.com\\\/inicio\\\/\",\"logo\":{\"@type\":\"ImageObject\",\"inLanguage\":\"es\",\"@id\":\"https:\\\/\\\/diariotextual.com\\\/inicio\\\/#\\\/schema\\\/logo\\\/image\\\/\",\"url\":\"https:\\\/\\\/diariotextual.com\\\/inicio\\\/wp-content\\\/uploads\\\/2023\\\/05\\\/logotextual1.jpg\",\"contentUrl\":\"https:\\\/\\\/diariotextual.com\\\/inicio\\\/wp-content\\\/uploads\\\/2023\\\/05\\\/logotextual1.jpg\",\"width\":516,\"height\":76,\"caption\":\"Diario Textual\"},\"image\":{\"@id\":\"https:\\\/\\\/diariotextual.com\\\/inicio\\\/#\\\/schema\\\/logo\\\/image\\\/\"},\"sameAs\":[\"https:\\\/\\\/www.facebook.com\\\/eltextual\",\"https:\\\/\\\/x.com\\\/eltextual\",\"http:\\\/\\\/www.instagram.com\\\/eltextual\"]},{\"@type\":\"Person\",\"@id\":\"https:\\\/\\\/diariotextual.com\\\/inicio\\\/#\\\/schema\\\/person\\\/418fc4093c33e86ed41562db3508f958\",\"name\":\"Diario1 Diario1\",\"image\":{\"@type\":\"ImageObject\",\"inLanguage\":\"es\",\"@id\":\"https:\\\/\\\/secure.gravatar.com\\\/avatar\\\/9167d280179c85bc18be67aa7eda765854300033af4896dd779b608640f2ef7a?s=96&d=mm&r=g\",\"url\":\"https:\\\/\\\/secure.gravatar.com\\\/avatar\\\/9167d280179c85bc18be67aa7eda765854300033af4896dd779b608640f2ef7a?s=96&d=mm&r=g\",\"contentUrl\":\"https:\\\/\\\/secure.gravatar.com\\\/avatar\\\/9167d280179c85bc18be67aa7eda765854300033af4896dd779b608640f2ef7a?s=96&d=mm&r=g\",\"caption\":\"Diario1 Diario1\"},\"url\":\"https:\\\/\\\/diariotextual.com\\\/inicio\\\/index.php\\\/author\\\/diario1\\\/\"}]}<\/script>\n<!-- \/ Yoast SEO plugin. -->","yoast_head_json":{"title":"Privatizaciones y facultades delegadas: el Gobierno propuso m\u00e1s cambios y se pas\u00f3 a otro cuarto intermedio - Diario Textual","robots":{"index":"index","follow":"follow","max-snippet":"max-snippet:-1","max-image-preview":"max-image-preview:large","max-video-preview":"max-video-preview:-1"},"canonical":"https:\/\/diariotextual.com\/inicio\/index.php\/2024\/02\/01\/privatizaciones-y-facultades-delegadas-el-gobierno-propuso-mas-cambios-para-destrabar-la-ley-omnibus\/","og_locale":"es_ES","og_type":"article","og_title":"Privatizaciones y facultades delegadas: el Gobierno propuso m\u00e1s cambios y se pas\u00f3 a otro cuarto intermedio - Diario Textual","og_description":"Durante el segundo d\u00eda de debate de la\u00a0Ley \u00d3mnibus\u00a0en la C\u00e1mara de Diputados, el Gobierno envi\u00f3\u00a0un nuevo texto\u00a0con modificaciones para destrabar dos de los puntos que corr\u00edan riesgo de caer&hellip;","og_url":"https:\/\/diariotextual.com\/inicio\/index.php\/2024\/02\/01\/privatizaciones-y-facultades-delegadas-el-gobierno-propuso-mas-cambios-para-destrabar-la-ley-omnibus\/","og_site_name":"Diario Textual","article_publisher":"https:\/\/www.facebook.com\/eltextual","article_published_time":"2024-02-02T01:31:08+00:00","article_modified_time":"2024-02-02T19:48:51+00:00","og_image":[{"width":1200,"height":675,"url":"https:\/\/diariotextual.com\/inicio\/wp-content\/uploads\/2024\/02\/leybasesleyomnibustelam2024-9888.jpg","type":"image\/jpeg"}],"author":"Diario1 Diario1","twitter_card":"summary_large_image","twitter_creator":"@eltextual","twitter_site":"@eltextual","twitter_misc":{"Escrito por":"Diario1 Diario1","Tiempo de lectura":"3 minutos"},"schema":{"@context":"https:\/\/schema.org","@graph":[{"@type":"Article","@id":"https:\/\/diariotextual.com\/inicio\/index.php\/2024\/02\/01\/privatizaciones-y-facultades-delegadas-el-gobierno-propuso-mas-cambios-para-destrabar-la-ley-omnibus\/#article","isPartOf":{"@id":"https:\/\/diariotextual.com\/inicio\/index.php\/2024\/02\/01\/privatizaciones-y-facultades-delegadas-el-gobierno-propuso-mas-cambios-para-destrabar-la-ley-omnibus\/"},"author":{"name":"Diario1 Diario1","@id":"https:\/\/diariotextual.com\/inicio\/#\/schema\/person\/418fc4093c33e86ed41562db3508f958"},"headline":"Privatizaciones y facultades delegadas: el Gobierno propuso m\u00e1s cambios y se pas\u00f3 a otro cuarto intermedio","datePublished":"2024-02-02T01:31:08+00:00","dateModified":"2024-02-02T19:48:51+00:00","mainEntityOfPage":{"@id":"https:\/\/diariotextual.com\/inicio\/index.php\/2024\/02\/01\/privatizaciones-y-facultades-delegadas-el-gobierno-propuso-mas-cambios-para-destrabar-la-ley-omnibus\/"},"wordCount":615,"publisher":{"@id":"https:\/\/diariotextual.com\/inicio\/#organization"},"image":{"@id":"https:\/\/diariotextual.com\/inicio\/index.php\/2024\/02\/01\/privatizaciones-y-facultades-delegadas-el-gobierno-propuso-mas-cambios-para-destrabar-la-ley-omnibus\/#primaryimage"},"thumbnailUrl":"https:\/\/diariotextual.com\/inicio\/wp-content\/uploads\/2024\/02\/leybasesleyomnibustelam2024-9888.jpg","articleSection":["POLITICA"],"inLanguage":"es"},{"@type":"WebPage","@id":"https:\/\/diariotextual.com\/inicio\/index.php\/2024\/02\/01\/privatizaciones-y-facultades-delegadas-el-gobierno-propuso-mas-cambios-para-destrabar-la-ley-omnibus\/","url":"https:\/\/diariotextual.com\/inicio\/index.php\/2024\/02\/01\/privatizaciones-y-facultades-delegadas-el-gobierno-propuso-mas-cambios-para-destrabar-la-ley-omnibus\/","name":"Privatizaciones y facultades delegadas: el Gobierno propuso m\u00e1s cambios y se pas\u00f3 a otro cuarto intermedio - Diario Textual","isPartOf":{"@id":"https:\/\/diariotextual.com\/inicio\/#website"},"primaryImageOfPage":{"@id":"https:\/\/diariotextual.com\/inicio\/index.php\/2024\/02\/01\/privatizaciones-y-facultades-delegadas-el-gobierno-propuso-mas-cambios-para-destrabar-la-ley-omnibus\/#primaryimage"},"image":{"@id":"https:\/\/diariotextual.com\/inicio\/index.php\/2024\/02\/01\/privatizaciones-y-facultades-delegadas-el-gobierno-propuso-mas-cambios-para-destrabar-la-ley-omnibus\/#primaryimage"},"thumbnailUrl":"https:\/\/diariotextual.com\/inicio\/wp-content\/uploads\/2024\/02\/leybasesleyomnibustelam2024-9888.jpg","datePublished":"2024-02-02T01:31:08+00:00","dateModified":"2024-02-02T19:48:51+00:00","breadcrumb":{"@id":"https:\/\/diariotextual.com\/inicio\/index.php\/2024\/02\/01\/privatizaciones-y-facultades-delegadas-el-gobierno-propuso-mas-cambios-para-destrabar-la-ley-omnibus\/#breadcrumb"},"inLanguage":"es","potentialAction":[{"@type":"ReadAction","target":["https:\/\/diariotextual.com\/inicio\/index.php\/2024\/02\/01\/privatizaciones-y-facultades-delegadas-el-gobierno-propuso-mas-cambios-para-destrabar-la-ley-omnibus\/"]}]},{"@type":"ImageObject","inLanguage":"es","@id":"https:\/\/diariotextual.com\/inicio\/index.php\/2024\/02\/01\/privatizaciones-y-facultades-delegadas-el-gobierno-propuso-mas-cambios-para-destrabar-la-ley-omnibus\/#primaryimage","url":"https:\/\/diariotextual.com\/inicio\/wp-content\/uploads\/2024\/02\/leybasesleyomnibustelam2024-9888.jpg","contentUrl":"https:\/\/diariotextual.com\/inicio\/wp-content\/uploads\/2024\/02\/leybasesleyomnibustelam2024-9888.jpg","width":1200,"height":675},{"@type":"BreadcrumbList","@id":"https:\/\/diariotextual.com\/inicio\/index.php\/2024\/02\/01\/privatizaciones-y-facultades-delegadas-el-gobierno-propuso-mas-cambios-para-destrabar-la-ley-omnibus\/#breadcrumb","itemListElement":[{"@type":"ListItem","position":1,"name":"Portada","item":"https:\/\/diariotextual.com\/inicio\/"},{"@type":"ListItem","position":2,"name":"Privatizaciones y facultades delegadas: el Gobierno propuso m\u00e1s cambios y se pas\u00f3 a otro cuarto intermedio"}]},{"@type":"WebSite","@id":"https:\/\/diariotextual.com\/inicio\/#website","url":"https:\/\/diariotextual.com\/inicio\/","name":"Diario Textual","description":"","publisher":{"@id":"https:\/\/diariotextual.com\/inicio\/#organization"},"potentialAction":[{"@type":"SearchAction","target":{"@type":"EntryPoint","urlTemplate":"https:\/\/diariotextual.com\/inicio\/?s={search_term_string}"},"query-input":{"@type":"PropertyValueSpecification","valueRequired":true,"valueName":"search_term_string"}}],"inLanguage":"es"},{"@type":"Organization","@id":"https:\/\/diariotextual.com\/inicio\/#organization","name":"Diario Textual","url":"https:\/\/diariotextual.com\/inicio\/","logo":{"@type":"ImageObject","inLanguage":"es","@id":"https:\/\/diariotextual.com\/inicio\/#\/schema\/logo\/image\/","url":"https:\/\/diariotextual.com\/inicio\/wp-content\/uploads\/2023\/05\/logotextual1.jpg","contentUrl":"https:\/\/diariotextual.com\/inicio\/wp-content\/uploads\/2023\/05\/logotextual1.jpg","width":516,"height":76,"caption":"Diario Textual"},"image":{"@id":"https:\/\/diariotextual.com\/inicio\/#\/schema\/logo\/image\/"},"sameAs":["https:\/\/www.facebook.com\/eltextual","https:\/\/x.com\/eltextual","http:\/\/www.instagram.com\/eltextual"]},{"@type":"Person","@id":"https:\/\/diariotextual.com\/inicio\/#\/schema\/person\/418fc4093c33e86ed41562db3508f958","name":"Diario1 Diario1","image":{"@type":"ImageObject","inLanguage":"es","@id":"https:\/\/secure.gravatar.com\/avatar\/9167d280179c85bc18be67aa7eda765854300033af4896dd779b608640f2ef7a?s=96&d=mm&r=g","url":"https:\/\/secure.gravatar.com\/avatar\/9167d280179c85bc18be67aa7eda765854300033af4896dd779b608640f2ef7a?s=96&d=mm&r=g","contentUrl":"https:\/\/secure.gravatar.com\/avatar\/9167d280179c85bc18be67aa7eda765854300033af4896dd779b608640f2ef7a?s=96&d=mm&r=g","caption":"Diario1 Diario1"},"url":"https:\/\/diariotextual.com\/inicio\/index.php\/author\/diario1\/"}]}},"_links":{"self":[{"href":"https:\/\/diariotextual.com\/inicio\/index.php\/wp-json\/wp\/v2\/posts\/252913","targetHints":{"allow":["GET"]}}],"collection":[{"href":"https:\/\/diariotextual.com\/inicio\/index.php\/wp-json\/wp\/v2\/posts"}],"about":[{"href":"https:\/\/diariotextual.com\/inicio\/index.php\/wp-json\/wp\/v2\/types\/post"}],"author":[{"embeddable":true,"href":"https:\/\/diariotextual.com\/inicio\/index.php\/wp-json\/wp\/v2\/users\/3"}],"replies":[{"embeddable":true,"href":"https:\/\/diariotextual.com\/inicio\/index.php\/wp-json\/wp\/v2\/comments?post=252913"}],"version-history":[{"count":4,"href":"https:\/\/diariotextual.com\/inicio\/index.php\/wp-json\/wp\/v2\/posts\/252913\/revisions"}],"predecessor-version":[{"id":252927,"href":"https:\/\/diariotextual.com\/inicio\/index.php\/wp-json\/wp\/v2\/posts\/252913\/revisions\/252927"}],"wp:featuredmedia":[{"embeddable":true,"href":"https:\/\/diariotextual.com\/inicio\/index.php\/wp-json\/wp\/v2\/media\/252917"}],"wp:attachment":[{"href":"https:\/\/diariotextual.com\/inicio\/index.php\/wp-json\/wp\/v2\/media?parent=252913"}],"wp:term":[{"taxonomy":"category","embeddable":true,"href":"https:\/\/diariotextual.com\/inicio\/index.php\/wp-json\/wp\/v2\/categories?post=252913"},{"taxonomy":"post_tag","embeddable":true,"href":"https:\/\/diariotextual.com\/inicio\/index.php\/wp-json\/wp\/v2\/tags?post=252913"}],"curies":[{"name":"wp","href":"https:\/\/api.w.org\/{rel}","templated":true}]}}