{"id":253076,"date":"2024-02-05T08:00:00","date_gmt":"2024-02-05T11:00:00","guid":{"rendered":"https:\/\/diariotextual.com\/inicio\/?p=253076"},"modified":"2024-02-05T22:44:52","modified_gmt":"2024-02-06T01:44:52","slug":"en-medio-de-la-guerra-con-hamas-milei-viaja-este-lunes-a-israel","status":"publish","type":"post","link":"https:\/\/diariotextual.com\/inicio\/index.php\/2024\/02\/05\/en-medio-de-la-guerra-con-hamas-milei-viaja-este-lunes-a-israel\/","title":{"rendered":"Milei emprende su primera gira internacional por Israel, Roma y el Vaticano en una semana clave por la ley \u00f3mnibus"},"content":{"rendered":"\n<p>El presidente&nbsp;<strong>Javier Milei&nbsp;<\/strong>emprender\u00e1 este lunes su primera gira internacional por&nbsp;<strong>Israel, Roma y El Vaticano<\/strong>&nbsp;que lo alejar\u00e1 del pa\u00eds por m\u00e1s de una semana. Lo har\u00e1 en el marco de los d\u00edas m\u00e1s importantes de la gesti\u00f3n libertaria, mientras&nbsp;<strong>se debate en el Congreso la Ley \u00d3mnibus<\/strong>.<\/p>\n\n\n\n<p>Con la aprobaci\u00f3n en general del proyecto en Diputados, el mandatario conquist\u00f3 su primera victoria de la gesti\u00f3n aunque todav\u00eda resta votar&nbsp;cada uno de los cap\u00edtulos. Adem\u00e1s tiene plena consciencia de que le espera la prueba m\u00e1s dif\u00edcil:&nbsp;<strong>el Senado, donde su espacio es mucho m\u00e1s d\u00e9bil.&nbsp;<\/strong><\/p>\n\n\n\n<p>Para lo que viene, desde la administraci\u00f3n libertaria saben que deber\u00e1&nbsp;<strong>afinar las negociaciones con la oposici\u00f3n dialoguista y los gobernadores c<\/strong>on intenci\u00f3n de avanzar a buen puerto. Para eso, los delfines pol\u00edticos de La Libertad Avanza trabajan a destajo y deber\u00e1n redoblar su actividad esta semana, en la que el jefe de Estado deber\u00e1 cumplir con sus obligaciones en el exterior.&nbsp;<\/p>\n\n\n\n<p>La delegaci\u00f3n presidencial partir\u00e1 este lunes 5 para aterrizar al d\u00eda siguiente en Israel, viaje que se convertir\u00e1 en su primera gira internacional, y culminar\u00e1 el 12 con una audiencia con el <strong>papa Francisco<\/strong>, en el Vaticano, y una entrevista con su par italiana<strong> Giorgia Meloni<\/strong>, en Roma.<\/p>\n\n\n\n<p><strong>Javier Milei tiene previsto visitar Jerusal\u00e9n y Tel Aviv, con el objetivo de mostrar su apoyo pol\u00edtico, en el medio de la guerra con el grupo Ham\u00e1s.<\/strong><\/p>\n\n\n\n<p>Para ello, pidi\u00f3 visitar el Kibutz Nir Oz, ubicado en la zona sur y uno de los atacados durante la intrusi\u00f3n de Ham\u00e1s en territorio israel\u00ed.<\/p>\n\n\n\n<p>Luego d arribar al aeropuerto David Ben Guri\u00f3n, en Tel Aviv,&nbsp;<strong>Javier Milei<\/strong>&nbsp;pasar\u00e1 primero por el&nbsp;<strong>Muro de los Lamentos<\/strong>&nbsp;y se espera que m\u00e1s tarde -o al d\u00eda siguiente- tenga un encuentro oficial con el primer ministro local, Benjam\u00edn Netanyahu.<\/p>\n\n\n\n<p>Tambi\u00e9n est\u00e1 previsto que visite el Museo del Holocausto y el Bosque de las Naciones, un lugar donde los presidentes del mundo suelen plantar un \u00e1rbol, como gesto de amistad con el pa\u00eds anfitri\u00f3n.<\/p>\n\n\n\n<p>El mandatario nacional viajar\u00e1 con su hermana, la secretaria general de la Presidencia,&nbsp;<strong>Karina Milei<\/strong>, y la canciller&nbsp;<strong>Diana Mondino<\/strong>.<\/p>\n\n\n\n<p>Luego se sumar\u00e1n los ministros del Interior,&nbsp;<strong>Guillermo Francos<\/strong>, y de Capital Humano,&nbsp;<strong>Sandra Petovello<\/strong>, quienes estar\u00e1n en el encuentro con el Santo Padre, el 12 de febrero.<\/p>\n\n\n\n<p>Un d\u00eda antes, el 11 de febrero, todos asistir\u00e1n a la misa que oficiar\u00e1 el&nbsp;<strong>papa Francisco<\/strong>&nbsp;en El Vaticano, en la que se canonizar\u00e1 a Mam\u00e1 Antula, la monja santiague\u00f1a que se convertir\u00e1 en la primera santa argentina.<\/p>\n\n\n\n<p>Al igual que su viaje al Foro de Davos, el jefe de Estado ir\u00e1 en un vuelo comercial y no utilizar\u00e1 el avi\u00f3n presidencial ARG-01.<\/p>\n\n\n\n<p><\/p>\n","protected":false},"excerpt":{"rendered":"<p>El presidente&nbsp;Javier Milei&nbsp;emprender\u00e1 este lunes su primera gira internacional por&nbsp;Israel, Roma y El Vaticano&nbsp;que lo alejar\u00e1 del pa\u00eds por m\u00e1s de una semana. Lo har\u00e1 en el marco de los&hellip;<\/p>\n","protected":false},"author":3,"featured_media":251145,"comment_status":"closed","ping_status":"open","sticky":false,"template":"","format":"standard","meta":{"_acf_changed":false,"footnotes":""},"categories":[8],"tags":[],"class_list":["post-253076","post","type-post","status-publish","format-standard","has-post-thumbnail","hentry","category-politica"],"acf":[],"yoast_head":"<!-- This site is optimized with the Yoast SEO plugin v27.5 - https:\/\/yoast.com\/product\/yoast-seo-wordpress\/ -->\n<title>Milei emprende su primera gira internacional por Israel, Roma y el Vaticano en una semana clave por la ley \u00f3mnibus - Diario Textual<\/title>\n<meta name=\"robots\" content=\"index, follow, max-snippet:-1, max-image-preview:large, max-video-preview:-1\" \/>\n<link rel=\"canonical\" href=\"https:\/\/diariotextual.com\/inicio\/index.php\/2024\/02\/05\/en-medio-de-la-guerra-con-hamas-milei-viaja-este-lunes-a-israel\/\" \/>\n<meta property=\"og:locale\" content=\"es_ES\" \/>\n<meta property=\"og:type\" content=\"article\" \/>\n<meta property=\"og:title\" content=\"Milei emprende su primera gira internacional por Israel, Roma y el Vaticano en una semana clave por la ley \u00f3mnibus - Diario Textual\" \/>\n<meta property=\"og:description\" content=\"El presidente&nbsp;Javier Milei&nbsp;emprender\u00e1 este lunes su primera gira internacional por&nbsp;Israel, Roma y El Vaticano&nbsp;que lo alejar\u00e1 del pa\u00eds por m\u00e1s de una semana. Lo har\u00e1 en el marco de los&hellip;\" \/>\n<meta property=\"og:url\" content=\"https:\/\/diariotextual.com\/inicio\/index.php\/2024\/02\/05\/en-medio-de-la-guerra-con-hamas-milei-viaja-este-lunes-a-israel\/\" \/>\n<meta property=\"og:site_name\" content=\"Diario Textual\" \/>\n<meta property=\"article:publisher\" content=\"https:\/\/www.facebook.com\/eltextual\" \/>\n<meta property=\"article:published_time\" content=\"2024-02-05T11:00:00+00:00\" \/>\n<meta property=\"article:modified_time\" content=\"2024-02-06T01:44:52+00:00\" \/>\n<meta property=\"og:image\" content=\"https:\/\/diariotextual.com\/inicio\/wp-content\/uploads\/2024\/01\/mileijavierdavs2024-78.jpg\" \/>\n\t<meta property=\"og:image:width\" content=\"1522\" \/>\n\t<meta property=\"og:image:height\" content=\"999\" \/>\n\t<meta property=\"og:image:type\" content=\"image\/jpeg\" \/>\n<meta name=\"author\" content=\"Diario1 Diario1\" \/>\n<meta name=\"twitter:card\" content=\"summary_large_image\" \/>\n<meta name=\"twitter:creator\" content=\"@eltextual\" \/>\n<meta name=\"twitter:site\" content=\"@eltextual\" \/>\n<meta name=\"twitter:label1\" content=\"Escrito por\" \/>\n\t<meta name=\"twitter:data1\" content=\"Diario1 Diario1\" \/>\n\t<meta name=\"twitter:label2\" content=\"Tiempo de lectura\" \/>\n\t<meta name=\"twitter:data2\" content=\"3 minutos\" \/>\n<script type=\"application\/ld+json\" class=\"yoast-schema-graph\">{\"@context\":\"https:\\\/\\\/schema.org\",\"@graph\":[{\"@type\":\"Article\",\"@id\":\"https:\\\/\\\/diariotextual.com\\\/inicio\\\/index.php\\\/2024\\\/02\\\/05\\\/en-medio-de-la-guerra-con-hamas-milei-viaja-este-lunes-a-israel\\\/#article\",\"isPartOf\":{\"@id\":\"https:\\\/\\\/diariotextual.com\\\/inicio\\\/index.php\\\/2024\\\/02\\\/05\\\/en-medio-de-la-guerra-con-hamas-milei-viaja-este-lunes-a-israel\\\/\"},\"author\":{\"name\":\"Diario1 Diario1\",\"@id\":\"https:\\\/\\\/diariotextual.com\\\/inicio\\\/#\\\/schema\\\/person\\\/418fc4093c33e86ed41562db3508f958\"},\"headline\":\"Milei emprende su primera gira internacional por Israel, Roma y el Vaticano en una semana clave por la ley \u00f3mnibus\",\"datePublished\":\"2024-02-05T11:00:00+00:00\",\"dateModified\":\"2024-02-06T01:44:52+00:00\",\"mainEntityOfPage\":{\"@id\":\"https:\\\/\\\/diariotextual.com\\\/inicio\\\/index.php\\\/2024\\\/02\\\/05\\\/en-medio-de-la-guerra-con-hamas-milei-viaja-este-lunes-a-israel\\\/\"},\"wordCount\":524,\"publisher\":{\"@id\":\"https:\\\/\\\/diariotextual.com\\\/inicio\\\/#organization\"},\"image\":{\"@id\":\"https:\\\/\\\/diariotextual.com\\\/inicio\\\/index.php\\\/2024\\\/02\\\/05\\\/en-medio-de-la-guerra-con-hamas-milei-viaja-este-lunes-a-israel\\\/#primaryimage\"},\"thumbnailUrl\":\"https:\\\/\\\/diariotextual.com\\\/inicio\\\/wp-content\\\/uploads\\\/2024\\\/01\\\/mileijavierdavs2024-78.jpg\",\"articleSection\":[\"POLITICA\"],\"inLanguage\":\"es\"},{\"@type\":\"WebPage\",\"@id\":\"https:\\\/\\\/diariotextual.com\\\/inicio\\\/index.php\\\/2024\\\/02\\\/05\\\/en-medio-de-la-guerra-con-hamas-milei-viaja-este-lunes-a-israel\\\/\",\"url\":\"https:\\\/\\\/diariotextual.com\\\/inicio\\\/index.php\\\/2024\\\/02\\\/05\\\/en-medio-de-la-guerra-con-hamas-milei-viaja-este-lunes-a-israel\\\/\",\"name\":\"Milei emprende su primera gira internacional por Israel, Roma y el Vaticano en una semana clave por la ley \u00f3mnibus - Diario Textual\",\"isPartOf\":{\"@id\":\"https:\\\/\\\/diariotextual.com\\\/inicio\\\/#website\"},\"primaryImageOfPage\":{\"@id\":\"https:\\\/\\\/diariotextual.com\\\/inicio\\\/index.php\\\/2024\\\/02\\\/05\\\/en-medio-de-la-guerra-con-hamas-milei-viaja-este-lunes-a-israel\\\/#primaryimage\"},\"image\":{\"@id\":\"https:\\\/\\\/diariotextual.com\\\/inicio\\\/index.php\\\/2024\\\/02\\\/05\\\/en-medio-de-la-guerra-con-hamas-milei-viaja-este-lunes-a-israel\\\/#primaryimage\"},\"thumbnailUrl\":\"https:\\\/\\\/diariotextual.com\\\/inicio\\\/wp-content\\\/uploads\\\/2024\\\/01\\\/mileijavierdavs2024-78.jpg\",\"datePublished\":\"2024-02-05T11:00:00+00:00\",\"dateModified\":\"2024-02-06T01:44:52+00:00\",\"breadcrumb\":{\"@id\":\"https:\\\/\\\/diariotextual.com\\\/inicio\\\/index.php\\\/2024\\\/02\\\/05\\\/en-medio-de-la-guerra-con-hamas-milei-viaja-este-lunes-a-israel\\\/#breadcrumb\"},\"inLanguage\":\"es\",\"potentialAction\":[{\"@type\":\"ReadAction\",\"target\":[\"https:\\\/\\\/diariotextual.com\\\/inicio\\\/index.php\\\/2024\\\/02\\\/05\\\/en-medio-de-la-guerra-con-hamas-milei-viaja-este-lunes-a-israel\\\/\"]}]},{\"@type\":\"ImageObject\",\"inLanguage\":\"es\",\"@id\":\"https:\\\/\\\/diariotextual.com\\\/inicio\\\/index.php\\\/2024\\\/02\\\/05\\\/en-medio-de-la-guerra-con-hamas-milei-viaja-este-lunes-a-israel\\\/#primaryimage\",\"url\":\"https:\\\/\\\/diariotextual.com\\\/inicio\\\/wp-content\\\/uploads\\\/2024\\\/01\\\/mileijavierdavs2024-78.jpg\",\"contentUrl\":\"https:\\\/\\\/diariotextual.com\\\/inicio\\\/wp-content\\\/uploads\\\/2024\\\/01\\\/mileijavierdavs2024-78.jpg\",\"width\":1522,\"height\":999},{\"@type\":\"BreadcrumbList\",\"@id\":\"https:\\\/\\\/diariotextual.com\\\/inicio\\\/index.php\\\/2024\\\/02\\\/05\\\/en-medio-de-la-guerra-con-hamas-milei-viaja-este-lunes-a-israel\\\/#breadcrumb\",\"itemListElement\":[{\"@type\":\"ListItem\",\"position\":1,\"name\":\"Portada\",\"item\":\"https:\\\/\\\/diariotextual.com\\\/inicio\\\/\"},{\"@type\":\"ListItem\",\"position\":2,\"name\":\"Milei emprende su primera gira internacional por Israel, Roma y el Vaticano en una semana clave por la ley \u00f3mnibus\"}]},{\"@type\":\"WebSite\",\"@id\":\"https:\\\/\\\/diariotextual.com\\\/inicio\\\/#website\",\"url\":\"https:\\\/\\\/diariotextual.com\\\/inicio\\\/\",\"name\":\"Diario Textual\",\"description\":\"\",\"publisher\":{\"@id\":\"https:\\\/\\\/diariotextual.com\\\/inicio\\\/#organization\"},\"potentialAction\":[{\"@type\":\"SearchAction\",\"target\":{\"@type\":\"EntryPoint\",\"urlTemplate\":\"https:\\\/\\\/diariotextual.com\\\/inicio\\\/?s={search_term_string}\"},\"query-input\":{\"@type\":\"PropertyValueSpecification\",\"valueRequired\":true,\"valueName\":\"search_term_string\"}}],\"inLanguage\":\"es\"},{\"@type\":\"Organization\",\"@id\":\"https:\\\/\\\/diariotextual.com\\\/inicio\\\/#organization\",\"name\":\"Diario Textual\",\"url\":\"https:\\\/\\\/diariotextual.com\\\/inicio\\\/\",\"logo\":{\"@type\":\"ImageObject\",\"inLanguage\":\"es\",\"@id\":\"https:\\\/\\\/diariotextual.com\\\/inicio\\\/#\\\/schema\\\/logo\\\/image\\\/\",\"url\":\"https:\\\/\\\/diariotextual.com\\\/inicio\\\/wp-content\\\/uploads\\\/2023\\\/05\\\/logotextual1.jpg\",\"contentUrl\":\"https:\\\/\\\/diariotextual.com\\\/inicio\\\/wp-content\\\/uploads\\\/2023\\\/05\\\/logotextual1.jpg\",\"width\":516,\"height\":76,\"caption\":\"Diario Textual\"},\"image\":{\"@id\":\"https:\\\/\\\/diariotextual.com\\\/inicio\\\/#\\\/schema\\\/logo\\\/image\\\/\"},\"sameAs\":[\"https:\\\/\\\/www.facebook.com\\\/eltextual\",\"https:\\\/\\\/x.com\\\/eltextual\",\"http:\\\/\\\/www.instagram.com\\\/eltextual\"]},{\"@type\":\"Person\",\"@id\":\"https:\\\/\\\/diariotextual.com\\\/inicio\\\/#\\\/schema\\\/person\\\/418fc4093c33e86ed41562db3508f958\",\"name\":\"Diario1 Diario1\",\"image\":{\"@type\":\"ImageObject\",\"inLanguage\":\"es\",\"@id\":\"https:\\\/\\\/secure.gravatar.com\\\/avatar\\\/9167d280179c85bc18be67aa7eda765854300033af4896dd779b608640f2ef7a?s=96&d=mm&r=g\",\"url\":\"https:\\\/\\\/secure.gravatar.com\\\/avatar\\\/9167d280179c85bc18be67aa7eda765854300033af4896dd779b608640f2ef7a?s=96&d=mm&r=g\",\"contentUrl\":\"https:\\\/\\\/secure.gravatar.com\\\/avatar\\\/9167d280179c85bc18be67aa7eda765854300033af4896dd779b608640f2ef7a?s=96&d=mm&r=g\",\"caption\":\"Diario1 Diario1\"},\"url\":\"https:\\\/\\\/diariotextual.com\\\/inicio\\\/index.php\\\/author\\\/diario1\\\/\"}]}<\/script>\n<!-- \/ Yoast SEO plugin. -->","yoast_head_json":{"title":"Milei emprende su primera gira internacional por Israel, Roma y el Vaticano en una semana clave por la ley \u00f3mnibus - Diario Textual","robots":{"index":"index","follow":"follow","max-snippet":"max-snippet:-1","max-image-preview":"max-image-preview:large","max-video-preview":"max-video-preview:-1"},"canonical":"https:\/\/diariotextual.com\/inicio\/index.php\/2024\/02\/05\/en-medio-de-la-guerra-con-hamas-milei-viaja-este-lunes-a-israel\/","og_locale":"es_ES","og_type":"article","og_title":"Milei emprende su primera gira internacional por Israel, Roma y el Vaticano en una semana clave por la ley \u00f3mnibus - Diario Textual","og_description":"El presidente&nbsp;Javier Milei&nbsp;emprender\u00e1 este lunes su primera gira internacional por&nbsp;Israel, Roma y El Vaticano&nbsp;que lo alejar\u00e1 del pa\u00eds por m\u00e1s de una semana. Lo har\u00e1 en el marco de los&hellip;","og_url":"https:\/\/diariotextual.com\/inicio\/index.php\/2024\/02\/05\/en-medio-de-la-guerra-con-hamas-milei-viaja-este-lunes-a-israel\/","og_site_name":"Diario Textual","article_publisher":"https:\/\/www.facebook.com\/eltextual","article_published_time":"2024-02-05T11:00:00+00:00","article_modified_time":"2024-02-06T01:44:52+00:00","og_image":[{"width":1522,"height":999,"url":"https:\/\/diariotextual.com\/inicio\/wp-content\/uploads\/2024\/01\/mileijavierdavs2024-78.jpg","type":"image\/jpeg"}],"author":"Diario1 Diario1","twitter_card":"summary_large_image","twitter_creator":"@eltextual","twitter_site":"@eltextual","twitter_misc":{"Escrito por":"Diario1 Diario1","Tiempo de lectura":"3 minutos"},"schema":{"@context":"https:\/\/schema.org","@graph":[{"@type":"Article","@id":"https:\/\/diariotextual.com\/inicio\/index.php\/2024\/02\/05\/en-medio-de-la-guerra-con-hamas-milei-viaja-este-lunes-a-israel\/#article","isPartOf":{"@id":"https:\/\/diariotextual.com\/inicio\/index.php\/2024\/02\/05\/en-medio-de-la-guerra-con-hamas-milei-viaja-este-lunes-a-israel\/"},"author":{"name":"Diario1 Diario1","@id":"https:\/\/diariotextual.com\/inicio\/#\/schema\/person\/418fc4093c33e86ed41562db3508f958"},"headline":"Milei emprende su primera gira internacional por Israel, Roma y el Vaticano en una semana clave por la ley \u00f3mnibus","datePublished":"2024-02-05T11:00:00+00:00","dateModified":"2024-02-06T01:44:52+00:00","mainEntityOfPage":{"@id":"https:\/\/diariotextual.com\/inicio\/index.php\/2024\/02\/05\/en-medio-de-la-guerra-con-hamas-milei-viaja-este-lunes-a-israel\/"},"wordCount":524,"publisher":{"@id":"https:\/\/diariotextual.com\/inicio\/#organization"},"image":{"@id":"https:\/\/diariotextual.com\/inicio\/index.php\/2024\/02\/05\/en-medio-de-la-guerra-con-hamas-milei-viaja-este-lunes-a-israel\/#primaryimage"},"thumbnailUrl":"https:\/\/diariotextual.com\/inicio\/wp-content\/uploads\/2024\/01\/mileijavierdavs2024-78.jpg","articleSection":["POLITICA"],"inLanguage":"es"},{"@type":"WebPage","@id":"https:\/\/diariotextual.com\/inicio\/index.php\/2024\/02\/05\/en-medio-de-la-guerra-con-hamas-milei-viaja-este-lunes-a-israel\/","url":"https:\/\/diariotextual.com\/inicio\/index.php\/2024\/02\/05\/en-medio-de-la-guerra-con-hamas-milei-viaja-este-lunes-a-israel\/","name":"Milei emprende su primera gira internacional por Israel, Roma y el Vaticano en una semana clave por la ley \u00f3mnibus - Diario Textual","isPartOf":{"@id":"https:\/\/diariotextual.com\/inicio\/#website"},"primaryImageOfPage":{"@id":"https:\/\/diariotextual.com\/inicio\/index.php\/2024\/02\/05\/en-medio-de-la-guerra-con-hamas-milei-viaja-este-lunes-a-israel\/#primaryimage"},"image":{"@id":"https:\/\/diariotextual.com\/inicio\/index.php\/2024\/02\/05\/en-medio-de-la-guerra-con-hamas-milei-viaja-este-lunes-a-israel\/#primaryimage"},"thumbnailUrl":"https:\/\/diariotextual.com\/inicio\/wp-content\/uploads\/2024\/01\/mileijavierdavs2024-78.jpg","datePublished":"2024-02-05T11:00:00+00:00","dateModified":"2024-02-06T01:44:52+00:00","breadcrumb":{"@id":"https:\/\/diariotextual.com\/inicio\/index.php\/2024\/02\/05\/en-medio-de-la-guerra-con-hamas-milei-viaja-este-lunes-a-israel\/#breadcrumb"},"inLanguage":"es","potentialAction":[{"@type":"ReadAction","target":["https:\/\/diariotextual.com\/inicio\/index.php\/2024\/02\/05\/en-medio-de-la-guerra-con-hamas-milei-viaja-este-lunes-a-israel\/"]}]},{"@type":"ImageObject","inLanguage":"es","@id":"https:\/\/diariotextual.com\/inicio\/index.php\/2024\/02\/05\/en-medio-de-la-guerra-con-hamas-milei-viaja-este-lunes-a-israel\/#primaryimage","url":"https:\/\/diariotextual.com\/inicio\/wp-content\/uploads\/2024\/01\/mileijavierdavs2024-78.jpg","contentUrl":"https:\/\/diariotextual.com\/inicio\/wp-content\/uploads\/2024\/01\/mileijavierdavs2024-78.jpg","width":1522,"height":999},{"@type":"BreadcrumbList","@id":"https:\/\/diariotextual.com\/inicio\/index.php\/2024\/02\/05\/en-medio-de-la-guerra-con-hamas-milei-viaja-este-lunes-a-israel\/#breadcrumb","itemListElement":[{"@type":"ListItem","position":1,"name":"Portada","item":"https:\/\/diariotextual.com\/inicio\/"},{"@type":"ListItem","position":2,"name":"Milei emprende su primera gira internacional por Israel, Roma y el Vaticano en una semana clave por la ley \u00f3mnibus"}]},{"@type":"WebSite","@id":"https:\/\/diariotextual.com\/inicio\/#website","url":"https:\/\/diariotextual.com\/inicio\/","name":"Diario Textual","description":"","publisher":{"@id":"https:\/\/diariotextual.com\/inicio\/#organization"},"potentialAction":[{"@type":"SearchAction","target":{"@type":"EntryPoint","urlTemplate":"https:\/\/diariotextual.com\/inicio\/?s={search_term_string}"},"query-input":{"@type":"PropertyValueSpecification","valueRequired":true,"valueName":"search_term_string"}}],"inLanguage":"es"},{"@type":"Organization","@id":"https:\/\/diariotextual.com\/inicio\/#organization","name":"Diario Textual","url":"https:\/\/diariotextual.com\/inicio\/","logo":{"@type":"ImageObject","inLanguage":"es","@id":"https:\/\/diariotextual.com\/inicio\/#\/schema\/logo\/image\/","url":"https:\/\/diariotextual.com\/inicio\/wp-content\/uploads\/2023\/05\/logotextual1.jpg","contentUrl":"https:\/\/diariotextual.com\/inicio\/wp-content\/uploads\/2023\/05\/logotextual1.jpg","width":516,"height":76,"caption":"Diario Textual"},"image":{"@id":"https:\/\/diariotextual.com\/inicio\/#\/schema\/logo\/image\/"},"sameAs":["https:\/\/www.facebook.com\/eltextual","https:\/\/x.com\/eltextual","http:\/\/www.instagram.com\/eltextual"]},{"@type":"Person","@id":"https:\/\/diariotextual.com\/inicio\/#\/schema\/person\/418fc4093c33e86ed41562db3508f958","name":"Diario1 Diario1","image":{"@type":"ImageObject","inLanguage":"es","@id":"https:\/\/secure.gravatar.com\/avatar\/9167d280179c85bc18be67aa7eda765854300033af4896dd779b608640f2ef7a?s=96&d=mm&r=g","url":"https:\/\/secure.gravatar.com\/avatar\/9167d280179c85bc18be67aa7eda765854300033af4896dd779b608640f2ef7a?s=96&d=mm&r=g","contentUrl":"https:\/\/secure.gravatar.com\/avatar\/9167d280179c85bc18be67aa7eda765854300033af4896dd779b608640f2ef7a?s=96&d=mm&r=g","caption":"Diario1 Diario1"},"url":"https:\/\/diariotextual.com\/inicio\/index.php\/author\/diario1\/"}]}},"_links":{"self":[{"href":"https:\/\/diariotextual.com\/inicio\/index.php\/wp-json\/wp\/v2\/posts\/253076","targetHints":{"allow":["GET"]}}],"collection":[{"href":"https:\/\/diariotextual.com\/inicio\/index.php\/wp-json\/wp\/v2\/posts"}],"about":[{"href":"https:\/\/diariotextual.com\/inicio\/index.php\/wp-json\/wp\/v2\/types\/post"}],"author":[{"embeddable":true,"href":"https:\/\/diariotextual.com\/inicio\/index.php\/wp-json\/wp\/v2\/users\/3"}],"replies":[{"embeddable":true,"href":"https:\/\/diariotextual.com\/inicio\/index.php\/wp-json\/wp\/v2\/comments?post=253076"}],"version-history":[{"count":3,"href":"https:\/\/diariotextual.com\/inicio\/index.php\/wp-json\/wp\/v2\/posts\/253076\/revisions"}],"predecessor-version":[{"id":253113,"href":"https:\/\/diariotextual.com\/inicio\/index.php\/wp-json\/wp\/v2\/posts\/253076\/revisions\/253113"}],"wp:featuredmedia":[{"embeddable":true,"href":"https:\/\/diariotextual.com\/inicio\/index.php\/wp-json\/wp\/v2\/media\/251145"}],"wp:attachment":[{"href":"https:\/\/diariotextual.com\/inicio\/index.php\/wp-json\/wp\/v2\/media?parent=253076"}],"wp:term":[{"taxonomy":"category","embeddable":true,"href":"https:\/\/diariotextual.com\/inicio\/index.php\/wp-json\/wp\/v2\/categories?post=253076"},{"taxonomy":"post_tag","embeddable":true,"href":"https:\/\/diariotextual.com\/inicio\/index.php\/wp-json\/wp\/v2\/tags?post=253076"}],"curies":[{"name":"wp","href":"https:\/\/api.w.org\/{rel}","templated":true}]}}