{"id":253298,"date":"2024-02-06T12:01:44","date_gmt":"2024-02-06T15:01:44","guid":{"rendered":"https:\/\/diariotextual.com\/inicio\/?p=253298"},"modified":"2024-02-06T17:28:54","modified_gmt":"2024-02-06T20:28:54","slug":"alberto-fernandez-inicio-el-tramite-de-jubilacion-como-expresidente-cuanto-cobraria","status":"publish","type":"post","link":"https:\/\/diariotextual.com\/inicio\/index.php\/2024\/02\/06\/alberto-fernandez-inicio-el-tramite-de-jubilacion-como-expresidente-cuanto-cobraria\/","title":{"rendered":"Alberto Fern\u00e1ndez inici\u00f3 el tr\u00e1mite de jubilaci\u00f3n como expresidente: \u00bfcu\u00e1nto cobrar\u00eda?"},"content":{"rendered":"\n<p><strong>Alberto Fern\u00e1ndez<\/strong> inici\u00f3 el tr\u00e1mite para acceder a la jubilaci\u00f3n como expresidente de Argentina y, seg\u00fan se especul\u00f3, el beneficio alcanzar\u00eda los 7 millones de pesos por mes.<\/p>\n\n\n\n<p>Luego del traspaso de mando, Fern\u00e1ndez viaj\u00f3 a Espa\u00f1a con las intenciones de instalarse en ese pa\u00eds por un tiempo y dar clases en distintas universidades.<\/p>\n\n\n\n<p>Para la legisladora de la Ciudad de Buenos Aires y presidenta de Confianza P\u00fablica, Graciela Oca\u00f1a, este punto ser\u00eda un impedimento para que el expresidente acceda a la pensi\u00f3n.<\/p>\n\n\n\n<p>\u201cNo cumplir\u00eda una de las dos condiciones que es la de residir en Argentina porque \u00e9l dijo que se radicar\u00eda en Espa\u00f1a. Desde el 21 de diciembre se fue a ese pa\u00eds, entendemos que abri\u00f3 cuentas all\u00ed, alquila un departamento y a todas luces parece que est\u00e1 radicado all\u00ed. Creemos que el Anses no deber\u00eda dar curso a este tr\u00e1mite iniciado\u201d, expres\u00f3 Oca\u00f1a a Cadena 3.<\/p>\n\n\n\n<p>Por otra parte, la ley \u00f3mnibus que se debate en el Congreso plantea la eliminaci\u00f3n de las pensiones comprendidas por la ley 24.018 y aunque se llegase a aprobar ese punto, el mismo no alcanzar\u00eda a Alberto Fern\u00e1ndez.<\/p>\n\n\n\n<p>Al respecto, Oca\u00f1a opin\u00f3 que \u201chay que quitar los privilegios de estas jubilaciones\u201d. En rigor, es tambi\u00e9n lo que cobran otros expresidentes, como Mauricio Macri.<\/p>\n\n\n\n<p>\u201cHoy un jubilado de a pie cobra 160.000 pesos con bonos y la m\u00ednima es de 106.000 pesos. Es algo que no se puede sostener en Argentina\u201d, lament\u00f3.<\/p>\n\n\n\n<p>\u201cLos 7 millones que cobrar\u00eda Alberto Fern\u00e1ndez son el equivalente a 64 jubilaciones m\u00ednimas por mes\u201d, detall\u00f3 Oca\u00f1a.<\/p>\n\n\n\n<p>Seg\u00fan datos de Espa\u00f1a, Fern\u00e1ndez solicit\u00f3 la pensi\u00f3n el d\u00eda 7 de diciembre de 2023, antes de viajar a Espa\u00f1a. En tanto que el viernes 19 de enero se reuni\u00f3 con el presidente espa\u00f1ol Pedro S\u00e1nchez, para el lunes 23 de enero el exmandatario anunci\u00f3 su contrato con Proeduca, propietaria de la universidad a distancia de La Rioja (Espa\u00f1a) por lo que puede trabajar residiendo en Madrid o en Buenos Aires.<\/p>\n","protected":false},"excerpt":{"rendered":"<p>Alberto Fern\u00e1ndez inici\u00f3 el tr\u00e1mite para acceder a la jubilaci\u00f3n como expresidente de Argentina y, seg\u00fan se especul\u00f3, el beneficio alcanzar\u00eda los 7 millones de pesos por mes. Luego del&hellip;<\/p>\n","protected":false},"author":3,"featured_media":205483,"comment_status":"closed","ping_status":"open","sticky":false,"template":"","format":"standard","meta":{"_acf_changed":false,"footnotes":""},"categories":[1,8],"tags":[],"class_list":["post-253298","post","type-post","status-publish","format-standard","has-post-thumbnail","hentry","category-es-noticia","category-politica"],"acf":[],"yoast_head":"<!-- This site is optimized with the Yoast SEO plugin v27.5 - https:\/\/yoast.com\/product\/yoast-seo-wordpress\/ -->\n<title>Alberto Fern\u00e1ndez inici\u00f3 el tr\u00e1mite de jubilaci\u00f3n como expresidente: \u00bfcu\u00e1nto cobrar\u00eda? - Diario Textual<\/title>\n<meta name=\"robots\" content=\"index, follow, max-snippet:-1, max-image-preview:large, max-video-preview:-1\" \/>\n<link rel=\"canonical\" href=\"https:\/\/diariotextual.com\/inicio\/index.php\/2024\/02\/06\/alberto-fernandez-inicio-el-tramite-de-jubilacion-como-expresidente-cuanto-cobraria\/\" \/>\n<meta property=\"og:locale\" content=\"es_ES\" \/>\n<meta property=\"og:type\" content=\"article\" \/>\n<meta property=\"og:title\" content=\"Alberto Fern\u00e1ndez inici\u00f3 el tr\u00e1mite de jubilaci\u00f3n como expresidente: \u00bfcu\u00e1nto cobrar\u00eda? - Diario Textual\" \/>\n<meta property=\"og:description\" content=\"Alberto Fern\u00e1ndez inici\u00f3 el tr\u00e1mite para acceder a la jubilaci\u00f3n como expresidente de Argentina y, seg\u00fan se especul\u00f3, el beneficio alcanzar\u00eda los 7 millones de pesos por mes. Luego del&hellip;\" \/>\n<meta property=\"og:url\" content=\"https:\/\/diariotextual.com\/inicio\/index.php\/2024\/02\/06\/alberto-fernandez-inicio-el-tramite-de-jubilacion-como-expresidente-cuanto-cobraria\/\" \/>\n<meta property=\"og:site_name\" content=\"Diario Textual\" \/>\n<meta property=\"article:publisher\" content=\"https:\/\/www.facebook.com\/eltextual\" \/>\n<meta property=\"article:published_time\" content=\"2024-02-06T15:01:44+00:00\" \/>\n<meta property=\"article:modified_time\" content=\"2024-02-06T20:28:54+00:00\" \/>\n<meta property=\"og:image\" content=\"https:\/\/diariotextual.com\/inicio\/wp-content\/uploads\/2022\/10\/fernandezalbertoavion2022-10-scaled.jpg\" \/>\n\t<meta property=\"og:image:width\" content=\"2560\" \/>\n\t<meta property=\"og:image:height\" content=\"1708\" \/>\n\t<meta property=\"og:image:type\" content=\"image\/jpeg\" \/>\n<meta name=\"author\" content=\"Diario1 Diario1\" \/>\n<meta name=\"twitter:card\" content=\"summary_large_image\" \/>\n<meta name=\"twitter:creator\" content=\"@eltextual\" \/>\n<meta name=\"twitter:site\" content=\"@eltextual\" \/>\n<meta name=\"twitter:label1\" content=\"Escrito por\" \/>\n\t<meta name=\"twitter:data1\" content=\"Diario1 Diario1\" \/>\n\t<meta name=\"twitter:label2\" content=\"Tiempo de lectura\" \/>\n\t<meta name=\"twitter:data2\" content=\"2 minutos\" \/>\n<script type=\"application\/ld+json\" class=\"yoast-schema-graph\">{\"@context\":\"https:\\\/\\\/schema.org\",\"@graph\":[{\"@type\":\"Article\",\"@id\":\"https:\\\/\\\/diariotextual.com\\\/inicio\\\/index.php\\\/2024\\\/02\\\/06\\\/alberto-fernandez-inicio-el-tramite-de-jubilacion-como-expresidente-cuanto-cobraria\\\/#article\",\"isPartOf\":{\"@id\":\"https:\\\/\\\/diariotextual.com\\\/inicio\\\/index.php\\\/2024\\\/02\\\/06\\\/alberto-fernandez-inicio-el-tramite-de-jubilacion-como-expresidente-cuanto-cobraria\\\/\"},\"author\":{\"name\":\"Diario1 Diario1\",\"@id\":\"https:\\\/\\\/diariotextual.com\\\/inicio\\\/#\\\/schema\\\/person\\\/418fc4093c33e86ed41562db3508f958\"},\"headline\":\"Alberto Fern\u00e1ndez inici\u00f3 el tr\u00e1mite de jubilaci\u00f3n como expresidente: \u00bfcu\u00e1nto cobrar\u00eda?\",\"datePublished\":\"2024-02-06T15:01:44+00:00\",\"dateModified\":\"2024-02-06T20:28:54+00:00\",\"mainEntityOfPage\":{\"@id\":\"https:\\\/\\\/diariotextual.com\\\/inicio\\\/index.php\\\/2024\\\/02\\\/06\\\/alberto-fernandez-inicio-el-tramite-de-jubilacion-como-expresidente-cuanto-cobraria\\\/\"},\"wordCount\":371,\"publisher\":{\"@id\":\"https:\\\/\\\/diariotextual.com\\\/inicio\\\/#organization\"},\"image\":{\"@id\":\"https:\\\/\\\/diariotextual.com\\\/inicio\\\/index.php\\\/2024\\\/02\\\/06\\\/alberto-fernandez-inicio-el-tramite-de-jubilacion-como-expresidente-cuanto-cobraria\\\/#primaryimage\"},\"thumbnailUrl\":\"https:\\\/\\\/diariotextual.com\\\/inicio\\\/wp-content\\\/uploads\\\/2022\\\/10\\\/fernandezalbertoavion2022-10-scaled.jpg\",\"articleSection\":[\"A - ES NOTICIA (van abajo)\",\"POLITICA\"],\"inLanguage\":\"es\"},{\"@type\":\"WebPage\",\"@id\":\"https:\\\/\\\/diariotextual.com\\\/inicio\\\/index.php\\\/2024\\\/02\\\/06\\\/alberto-fernandez-inicio-el-tramite-de-jubilacion-como-expresidente-cuanto-cobraria\\\/\",\"url\":\"https:\\\/\\\/diariotextual.com\\\/inicio\\\/index.php\\\/2024\\\/02\\\/06\\\/alberto-fernandez-inicio-el-tramite-de-jubilacion-como-expresidente-cuanto-cobraria\\\/\",\"name\":\"Alberto Fern\u00e1ndez inici\u00f3 el tr\u00e1mite de jubilaci\u00f3n como expresidente: \u00bfcu\u00e1nto cobrar\u00eda? - Diario Textual\",\"isPartOf\":{\"@id\":\"https:\\\/\\\/diariotextual.com\\\/inicio\\\/#website\"},\"primaryImageOfPage\":{\"@id\":\"https:\\\/\\\/diariotextual.com\\\/inicio\\\/index.php\\\/2024\\\/02\\\/06\\\/alberto-fernandez-inicio-el-tramite-de-jubilacion-como-expresidente-cuanto-cobraria\\\/#primaryimage\"},\"image\":{\"@id\":\"https:\\\/\\\/diariotextual.com\\\/inicio\\\/index.php\\\/2024\\\/02\\\/06\\\/alberto-fernandez-inicio-el-tramite-de-jubilacion-como-expresidente-cuanto-cobraria\\\/#primaryimage\"},\"thumbnailUrl\":\"https:\\\/\\\/diariotextual.com\\\/inicio\\\/wp-content\\\/uploads\\\/2022\\\/10\\\/fernandezalbertoavion2022-10-scaled.jpg\",\"datePublished\":\"2024-02-06T15:01:44+00:00\",\"dateModified\":\"2024-02-06T20:28:54+00:00\",\"breadcrumb\":{\"@id\":\"https:\\\/\\\/diariotextual.com\\\/inicio\\\/index.php\\\/2024\\\/02\\\/06\\\/alberto-fernandez-inicio-el-tramite-de-jubilacion-como-expresidente-cuanto-cobraria\\\/#breadcrumb\"},\"inLanguage\":\"es\",\"potentialAction\":[{\"@type\":\"ReadAction\",\"target\":[\"https:\\\/\\\/diariotextual.com\\\/inicio\\\/index.php\\\/2024\\\/02\\\/06\\\/alberto-fernandez-inicio-el-tramite-de-jubilacion-como-expresidente-cuanto-cobraria\\\/\"]}]},{\"@type\":\"ImageObject\",\"inLanguage\":\"es\",\"@id\":\"https:\\\/\\\/diariotextual.com\\\/inicio\\\/index.php\\\/2024\\\/02\\\/06\\\/alberto-fernandez-inicio-el-tramite-de-jubilacion-como-expresidente-cuanto-cobraria\\\/#primaryimage\",\"url\":\"https:\\\/\\\/diariotextual.com\\\/inicio\\\/wp-content\\\/uploads\\\/2022\\\/10\\\/fernandezalbertoavion2022-10-scaled.jpg\",\"contentUrl\":\"https:\\\/\\\/diariotextual.com\\\/inicio\\\/wp-content\\\/uploads\\\/2022\\\/10\\\/fernandezalbertoavion2022-10-scaled.jpg\",\"width\":2560,\"height\":1708},{\"@type\":\"BreadcrumbList\",\"@id\":\"https:\\\/\\\/diariotextual.com\\\/inicio\\\/index.php\\\/2024\\\/02\\\/06\\\/alberto-fernandez-inicio-el-tramite-de-jubilacion-como-expresidente-cuanto-cobraria\\\/#breadcrumb\",\"itemListElement\":[{\"@type\":\"ListItem\",\"position\":1,\"name\":\"Portada\",\"item\":\"https:\\\/\\\/diariotextual.com\\\/inicio\\\/\"},{\"@type\":\"ListItem\",\"position\":2,\"name\":\"Alberto Fern\u00e1ndez inici\u00f3 el tr\u00e1mite de jubilaci\u00f3n como expresidente: \u00bfcu\u00e1nto cobrar\u00eda?\"}]},{\"@type\":\"WebSite\",\"@id\":\"https:\\\/\\\/diariotextual.com\\\/inicio\\\/#website\",\"url\":\"https:\\\/\\\/diariotextual.com\\\/inicio\\\/\",\"name\":\"Diario Textual\",\"description\":\"\",\"publisher\":{\"@id\":\"https:\\\/\\\/diariotextual.com\\\/inicio\\\/#organization\"},\"potentialAction\":[{\"@type\":\"SearchAction\",\"target\":{\"@type\":\"EntryPoint\",\"urlTemplate\":\"https:\\\/\\\/diariotextual.com\\\/inicio\\\/?s={search_term_string}\"},\"query-input\":{\"@type\":\"PropertyValueSpecification\",\"valueRequired\":true,\"valueName\":\"search_term_string\"}}],\"inLanguage\":\"es\"},{\"@type\":\"Organization\",\"@id\":\"https:\\\/\\\/diariotextual.com\\\/inicio\\\/#organization\",\"name\":\"Diario Textual\",\"url\":\"https:\\\/\\\/diariotextual.com\\\/inicio\\\/\",\"logo\":{\"@type\":\"ImageObject\",\"inLanguage\":\"es\",\"@id\":\"https:\\\/\\\/diariotextual.com\\\/inicio\\\/#\\\/schema\\\/logo\\\/image\\\/\",\"url\":\"https:\\\/\\\/diariotextual.com\\\/inicio\\\/wp-content\\\/uploads\\\/2023\\\/05\\\/logotextual1.jpg\",\"contentUrl\":\"https:\\\/\\\/diariotextual.com\\\/inicio\\\/wp-content\\\/uploads\\\/2023\\\/05\\\/logotextual1.jpg\",\"width\":516,\"height\":76,\"caption\":\"Diario Textual\"},\"image\":{\"@id\":\"https:\\\/\\\/diariotextual.com\\\/inicio\\\/#\\\/schema\\\/logo\\\/image\\\/\"},\"sameAs\":[\"https:\\\/\\\/www.facebook.com\\\/eltextual\",\"https:\\\/\\\/x.com\\\/eltextual\",\"http:\\\/\\\/www.instagram.com\\\/eltextual\"]},{\"@type\":\"Person\",\"@id\":\"https:\\\/\\\/diariotextual.com\\\/inicio\\\/#\\\/schema\\\/person\\\/418fc4093c33e86ed41562db3508f958\",\"name\":\"Diario1 Diario1\",\"image\":{\"@type\":\"ImageObject\",\"inLanguage\":\"es\",\"@id\":\"https:\\\/\\\/secure.gravatar.com\\\/avatar\\\/9167d280179c85bc18be67aa7eda765854300033af4896dd779b608640f2ef7a?s=96&d=mm&r=g\",\"url\":\"https:\\\/\\\/secure.gravatar.com\\\/avatar\\\/9167d280179c85bc18be67aa7eda765854300033af4896dd779b608640f2ef7a?s=96&d=mm&r=g\",\"contentUrl\":\"https:\\\/\\\/secure.gravatar.com\\\/avatar\\\/9167d280179c85bc18be67aa7eda765854300033af4896dd779b608640f2ef7a?s=96&d=mm&r=g\",\"caption\":\"Diario1 Diario1\"},\"url\":\"https:\\\/\\\/diariotextual.com\\\/inicio\\\/index.php\\\/author\\\/diario1\\\/\"}]}<\/script>\n<!-- \/ Yoast SEO plugin. -->","yoast_head_json":{"title":"Alberto Fern\u00e1ndez inici\u00f3 el tr\u00e1mite de jubilaci\u00f3n como expresidente: \u00bfcu\u00e1nto cobrar\u00eda? - Diario Textual","robots":{"index":"index","follow":"follow","max-snippet":"max-snippet:-1","max-image-preview":"max-image-preview:large","max-video-preview":"max-video-preview:-1"},"canonical":"https:\/\/diariotextual.com\/inicio\/index.php\/2024\/02\/06\/alberto-fernandez-inicio-el-tramite-de-jubilacion-como-expresidente-cuanto-cobraria\/","og_locale":"es_ES","og_type":"article","og_title":"Alberto Fern\u00e1ndez inici\u00f3 el tr\u00e1mite de jubilaci\u00f3n como expresidente: \u00bfcu\u00e1nto cobrar\u00eda? - Diario Textual","og_description":"Alberto Fern\u00e1ndez inici\u00f3 el tr\u00e1mite para acceder a la jubilaci\u00f3n como expresidente de Argentina y, seg\u00fan se especul\u00f3, el beneficio alcanzar\u00eda los 7 millones de pesos por mes. Luego del&hellip;","og_url":"https:\/\/diariotextual.com\/inicio\/index.php\/2024\/02\/06\/alberto-fernandez-inicio-el-tramite-de-jubilacion-como-expresidente-cuanto-cobraria\/","og_site_name":"Diario Textual","article_publisher":"https:\/\/www.facebook.com\/eltextual","article_published_time":"2024-02-06T15:01:44+00:00","article_modified_time":"2024-02-06T20:28:54+00:00","og_image":[{"width":2560,"height":1708,"url":"https:\/\/diariotextual.com\/inicio\/wp-content\/uploads\/2022\/10\/fernandezalbertoavion2022-10-scaled.jpg","type":"image\/jpeg"}],"author":"Diario1 Diario1","twitter_card":"summary_large_image","twitter_creator":"@eltextual","twitter_site":"@eltextual","twitter_misc":{"Escrito por":"Diario1 Diario1","Tiempo de lectura":"2 minutos"},"schema":{"@context":"https:\/\/schema.org","@graph":[{"@type":"Article","@id":"https:\/\/diariotextual.com\/inicio\/index.php\/2024\/02\/06\/alberto-fernandez-inicio-el-tramite-de-jubilacion-como-expresidente-cuanto-cobraria\/#article","isPartOf":{"@id":"https:\/\/diariotextual.com\/inicio\/index.php\/2024\/02\/06\/alberto-fernandez-inicio-el-tramite-de-jubilacion-como-expresidente-cuanto-cobraria\/"},"author":{"name":"Diario1 Diario1","@id":"https:\/\/diariotextual.com\/inicio\/#\/schema\/person\/418fc4093c33e86ed41562db3508f958"},"headline":"Alberto Fern\u00e1ndez inici\u00f3 el tr\u00e1mite de jubilaci\u00f3n como expresidente: \u00bfcu\u00e1nto cobrar\u00eda?","datePublished":"2024-02-06T15:01:44+00:00","dateModified":"2024-02-06T20:28:54+00:00","mainEntityOfPage":{"@id":"https:\/\/diariotextual.com\/inicio\/index.php\/2024\/02\/06\/alberto-fernandez-inicio-el-tramite-de-jubilacion-como-expresidente-cuanto-cobraria\/"},"wordCount":371,"publisher":{"@id":"https:\/\/diariotextual.com\/inicio\/#organization"},"image":{"@id":"https:\/\/diariotextual.com\/inicio\/index.php\/2024\/02\/06\/alberto-fernandez-inicio-el-tramite-de-jubilacion-como-expresidente-cuanto-cobraria\/#primaryimage"},"thumbnailUrl":"https:\/\/diariotextual.com\/inicio\/wp-content\/uploads\/2022\/10\/fernandezalbertoavion2022-10-scaled.jpg","articleSection":["A - ES NOTICIA (van abajo)","POLITICA"],"inLanguage":"es"},{"@type":"WebPage","@id":"https:\/\/diariotextual.com\/inicio\/index.php\/2024\/02\/06\/alberto-fernandez-inicio-el-tramite-de-jubilacion-como-expresidente-cuanto-cobraria\/","url":"https:\/\/diariotextual.com\/inicio\/index.php\/2024\/02\/06\/alberto-fernandez-inicio-el-tramite-de-jubilacion-como-expresidente-cuanto-cobraria\/","name":"Alberto Fern\u00e1ndez inici\u00f3 el tr\u00e1mite de jubilaci\u00f3n como expresidente: \u00bfcu\u00e1nto cobrar\u00eda? - Diario Textual","isPartOf":{"@id":"https:\/\/diariotextual.com\/inicio\/#website"},"primaryImageOfPage":{"@id":"https:\/\/diariotextual.com\/inicio\/index.php\/2024\/02\/06\/alberto-fernandez-inicio-el-tramite-de-jubilacion-como-expresidente-cuanto-cobraria\/#primaryimage"},"image":{"@id":"https:\/\/diariotextual.com\/inicio\/index.php\/2024\/02\/06\/alberto-fernandez-inicio-el-tramite-de-jubilacion-como-expresidente-cuanto-cobraria\/#primaryimage"},"thumbnailUrl":"https:\/\/diariotextual.com\/inicio\/wp-content\/uploads\/2022\/10\/fernandezalbertoavion2022-10-scaled.jpg","datePublished":"2024-02-06T15:01:44+00:00","dateModified":"2024-02-06T20:28:54+00:00","breadcrumb":{"@id":"https:\/\/diariotextual.com\/inicio\/index.php\/2024\/02\/06\/alberto-fernandez-inicio-el-tramite-de-jubilacion-como-expresidente-cuanto-cobraria\/#breadcrumb"},"inLanguage":"es","potentialAction":[{"@type":"ReadAction","target":["https:\/\/diariotextual.com\/inicio\/index.php\/2024\/02\/06\/alberto-fernandez-inicio-el-tramite-de-jubilacion-como-expresidente-cuanto-cobraria\/"]}]},{"@type":"ImageObject","inLanguage":"es","@id":"https:\/\/diariotextual.com\/inicio\/index.php\/2024\/02\/06\/alberto-fernandez-inicio-el-tramite-de-jubilacion-como-expresidente-cuanto-cobraria\/#primaryimage","url":"https:\/\/diariotextual.com\/inicio\/wp-content\/uploads\/2022\/10\/fernandezalbertoavion2022-10-scaled.jpg","contentUrl":"https:\/\/diariotextual.com\/inicio\/wp-content\/uploads\/2022\/10\/fernandezalbertoavion2022-10-scaled.jpg","width":2560,"height":1708},{"@type":"BreadcrumbList","@id":"https:\/\/diariotextual.com\/inicio\/index.php\/2024\/02\/06\/alberto-fernandez-inicio-el-tramite-de-jubilacion-como-expresidente-cuanto-cobraria\/#breadcrumb","itemListElement":[{"@type":"ListItem","position":1,"name":"Portada","item":"https:\/\/diariotextual.com\/inicio\/"},{"@type":"ListItem","position":2,"name":"Alberto Fern\u00e1ndez inici\u00f3 el tr\u00e1mite de jubilaci\u00f3n como expresidente: \u00bfcu\u00e1nto cobrar\u00eda?"}]},{"@type":"WebSite","@id":"https:\/\/diariotextual.com\/inicio\/#website","url":"https:\/\/diariotextual.com\/inicio\/","name":"Diario Textual","description":"","publisher":{"@id":"https:\/\/diariotextual.com\/inicio\/#organization"},"potentialAction":[{"@type":"SearchAction","target":{"@type":"EntryPoint","urlTemplate":"https:\/\/diariotextual.com\/inicio\/?s={search_term_string}"},"query-input":{"@type":"PropertyValueSpecification","valueRequired":true,"valueName":"search_term_string"}}],"inLanguage":"es"},{"@type":"Organization","@id":"https:\/\/diariotextual.com\/inicio\/#organization","name":"Diario Textual","url":"https:\/\/diariotextual.com\/inicio\/","logo":{"@type":"ImageObject","inLanguage":"es","@id":"https:\/\/diariotextual.com\/inicio\/#\/schema\/logo\/image\/","url":"https:\/\/diariotextual.com\/inicio\/wp-content\/uploads\/2023\/05\/logotextual1.jpg","contentUrl":"https:\/\/diariotextual.com\/inicio\/wp-content\/uploads\/2023\/05\/logotextual1.jpg","width":516,"height":76,"caption":"Diario Textual"},"image":{"@id":"https:\/\/diariotextual.com\/inicio\/#\/schema\/logo\/image\/"},"sameAs":["https:\/\/www.facebook.com\/eltextual","https:\/\/x.com\/eltextual","http:\/\/www.instagram.com\/eltextual"]},{"@type":"Person","@id":"https:\/\/diariotextual.com\/inicio\/#\/schema\/person\/418fc4093c33e86ed41562db3508f958","name":"Diario1 Diario1","image":{"@type":"ImageObject","inLanguage":"es","@id":"https:\/\/secure.gravatar.com\/avatar\/9167d280179c85bc18be67aa7eda765854300033af4896dd779b608640f2ef7a?s=96&d=mm&r=g","url":"https:\/\/secure.gravatar.com\/avatar\/9167d280179c85bc18be67aa7eda765854300033af4896dd779b608640f2ef7a?s=96&d=mm&r=g","contentUrl":"https:\/\/secure.gravatar.com\/avatar\/9167d280179c85bc18be67aa7eda765854300033af4896dd779b608640f2ef7a?s=96&d=mm&r=g","caption":"Diario1 Diario1"},"url":"https:\/\/diariotextual.com\/inicio\/index.php\/author\/diario1\/"}]}},"_links":{"self":[{"href":"https:\/\/diariotextual.com\/inicio\/index.php\/wp-json\/wp\/v2\/posts\/253298","targetHints":{"allow":["GET"]}}],"collection":[{"href":"https:\/\/diariotextual.com\/inicio\/index.php\/wp-json\/wp\/v2\/posts"}],"about":[{"href":"https:\/\/diariotextual.com\/inicio\/index.php\/wp-json\/wp\/v2\/types\/post"}],"author":[{"embeddable":true,"href":"https:\/\/diariotextual.com\/inicio\/index.php\/wp-json\/wp\/v2\/users\/3"}],"replies":[{"embeddable":true,"href":"https:\/\/diariotextual.com\/inicio\/index.php\/wp-json\/wp\/v2\/comments?post=253298"}],"version-history":[{"count":2,"href":"https:\/\/diariotextual.com\/inicio\/index.php\/wp-json\/wp\/v2\/posts\/253298\/revisions"}],"predecessor-version":[{"id":253300,"href":"https:\/\/diariotextual.com\/inicio\/index.php\/wp-json\/wp\/v2\/posts\/253298\/revisions\/253300"}],"wp:featuredmedia":[{"embeddable":true,"href":"https:\/\/diariotextual.com\/inicio\/index.php\/wp-json\/wp\/v2\/media\/205483"}],"wp:attachment":[{"href":"https:\/\/diariotextual.com\/inicio\/index.php\/wp-json\/wp\/v2\/media?parent=253298"}],"wp:term":[{"taxonomy":"category","embeddable":true,"href":"https:\/\/diariotextual.com\/inicio\/index.php\/wp-json\/wp\/v2\/categories?post=253298"},{"taxonomy":"post_tag","embeddable":true,"href":"https:\/\/diariotextual.com\/inicio\/index.php\/wp-json\/wp\/v2\/tags?post=253298"}],"curies":[{"name":"wp","href":"https:\/\/api.w.org\/{rel}","templated":true}]}}