{"id":253364,"date":"2024-02-06T22:08:00","date_gmt":"2024-02-07T01:08:00","guid":{"rendered":"https:\/\/diariotextual.com\/inicio\/?p=253364"},"modified":"2024-02-07T09:00:44","modified_gmt":"2024-02-07T12:00:44","slug":"ley-omnibus-perez-araujo-dice-que-legisladores-del-pro-y-la-ucr-quedaron-colgados-del-pincel","status":"publish","type":"post","link":"https:\/\/diariotextual.com\/inicio\/index.php\/2024\/02\/06\/ley-omnibus-perez-araujo-dice-que-legisladores-del-pro-y-la-ucr-quedaron-colgados-del-pincel\/","title":{"rendered":"Ley \u00f3mnibus: en el PJ dicen que legisladores pampeanos del PRO y la UCR quedaron \u201ccolgados del pincel\u201d"},"content":{"rendered":"\n<p>El diputado provincial <strong>Hern\u00e1n P\u00e9rez Araujo (PJ) se mof\u00f3 de Mart\u00edn Maquieyra (PRO), Mart\u00edn Ardohain (PRO) y Marcela Coli (UCR)<\/strong>, los<strong> tres pampeanos <\/strong>que votaron en general -y algunos art\u00edculos en particular- de la <strong>Ley Bases <\/strong>o tambi\u00e9n conocida como <strong>ley \u00f3mnibus<\/strong>.<\/p>\n\n\n\n<p>\u201cComo en el campito, cuando va perdiendo, el nene caprichoso se empaca y se lleva la pelota. O sea, digamos, vuelta a Comisi\u00f3n. \u00bfLos que la votaron? colgados del pincel. La ley \u00f3mnibus \u00a1afuera!\u201d, escribi\u00f3 en X el diputado peronista.<\/p>\n\n\n\n<p>Este martes por la tarde, <strong>la Ley de Bases y Puntos de Partida para La Libertad de los Argentinos, o tambi\u00e9n conocida como ley \u00f3mnibus, cay\u00f3:\u00a0<\/strong>el Gobierno decidi\u00f3\u00a0<strong>enviarla nuevamente a comisi\u00f3n<\/strong>\u00a0y de esa manera\u00a0<strong>deber\u00e1 comenzarse una discusi\u00f3n de cero.<\/strong>\u00a0Es una\u00a0<strong>dura derrota parlamentaria<\/strong>\u00a0del Gobierno de\u00a0<strong>Javier Milei.<\/strong>\u00a0Hab\u00eda, entre otros,<strong>\u00a0desacuerdos en el cap\u00edtulo de privatizaciones.<\/strong><\/p>\n\n\n\n<p><strong>La ca\u00edda de la ley es completa<\/strong>: la aprobaci\u00f3n en general pierde efecto. Es decir, el proceso vuelve a empezar de cero.<\/p>\n\n\n\n<p>El presidente del bloque oficialista de La Libertad Avanza, Oscar Zago, intent\u00f3 explicar el sorpresivo levantamiento de la sesi\u00f3n para tratar los art\u00edculos en particular de la ley \u00f3mnibus y le apunt\u00f3 a los mandatarios provinciales. \u201cHay diputados que se hab\u00edan comprometido a acompa\u00f1ar a trav\u00e9s de los gobernadores y los gobernadores no cumplieron con su palabra as\u00ed que el tratamiento vuelve a comisi\u00f3n para seguir dialogando\u201d, dijo.<\/p>\n\n\n\n<figure class=\"wp-block-embed is-type-wp-embed is-provider-diario-textual wp-block-embed-diario-textual\"><div class=\"wp-block-embed__wrapper\">\n<blockquote class=\"wp-embedded-content\" data-secret=\"Rk28gy28LT\"><a href=\"https:\/\/diariotextual.com\/inicio\/index.php\/2024\/02\/06\/derrota-parlamentaria-de-milei-el-gobierno-mando-la-ley-omnibus-de-nuevo-a-comision\/\">Cay\u00f3 la ley \u00f3mnibus: el Gobierno la mand\u00f3 de nuevo a comisi\u00f3n<\/a><\/blockquote><iframe class=\"wp-embedded-content\" sandbox=\"allow-scripts\" security=\"restricted\" style=\"position: absolute; clip: rect(1px, 1px, 1px, 1px);\" title=\"\u00abCay\u00f3 la ley \u00f3mnibus: el Gobierno la mand\u00f3 de nuevo a comisi\u00f3n\u00bb \u2014 Diario Textual\" src=\"https:\/\/diariotextual.com\/inicio\/index.php\/2024\/02\/06\/derrota-parlamentaria-de-milei-el-gobierno-mando-la-ley-omnibus-de-nuevo-a-comision\/embed\/#?secret=MsDkmsID4d#?secret=Rk28gy28LT\" data-secret=\"Rk28gy28LT\" width=\"600\" height=\"338\" frameborder=\"0\" marginwidth=\"0\" marginheight=\"0\" scrolling=\"no\"><\/iframe>\n<\/div><\/figure>\n","protected":false},"excerpt":{"rendered":"<p>El diputado provincial Hern\u00e1n P\u00e9rez Araujo (PJ) se mof\u00f3 de Mart\u00edn Maquieyra (PRO), Mart\u00edn Ardohain (PRO) y Marcela Coli (UCR), los tres pampeanos que votaron en general -y algunos art\u00edculos&hellip;<\/p>\n","protected":false},"author":3,"featured_media":217910,"comment_status":"closed","ping_status":"open","sticky":false,"template":"","format":"standard","meta":{"_acf_changed":false,"footnotes":""},"categories":[1,8],"tags":[],"class_list":["post-253364","post","type-post","status-publish","format-standard","has-post-thumbnail","hentry","category-es-noticia","category-politica"],"acf":[],"yoast_head":"<!-- This site is optimized with the Yoast SEO plugin v27.5 - https:\/\/yoast.com\/product\/yoast-seo-wordpress\/ -->\n<title>Ley \u00f3mnibus: en el PJ dicen que legisladores pampeanos del PRO y la UCR quedaron \u201ccolgados del pincel\u201d - Diario Textual<\/title>\n<meta name=\"robots\" content=\"index, follow, max-snippet:-1, max-image-preview:large, max-video-preview:-1\" \/>\n<link rel=\"canonical\" href=\"https:\/\/diariotextual.com\/inicio\/index.php\/2024\/02\/06\/ley-omnibus-perez-araujo-dice-que-legisladores-del-pro-y-la-ucr-quedaron-colgados-del-pincel\/\" \/>\n<meta property=\"og:locale\" content=\"es_ES\" \/>\n<meta property=\"og:type\" content=\"article\" \/>\n<meta property=\"og:title\" content=\"Ley \u00f3mnibus: en el PJ dicen que legisladores pampeanos del PRO y la UCR quedaron \u201ccolgados del pincel\u201d - Diario Textual\" \/>\n<meta property=\"og:description\" content=\"El diputado provincial Hern\u00e1n P\u00e9rez Araujo (PJ) se mof\u00f3 de Mart\u00edn Maquieyra (PRO), Mart\u00edn Ardohain (PRO) y Marcela Coli (UCR), los tres pampeanos que votaron en general -y algunos art\u00edculos&hellip;\" \/>\n<meta property=\"og:url\" content=\"https:\/\/diariotextual.com\/inicio\/index.php\/2024\/02\/06\/ley-omnibus-perez-araujo-dice-que-legisladores-del-pro-y-la-ucr-quedaron-colgados-del-pincel\/\" \/>\n<meta property=\"og:site_name\" content=\"Diario Textual\" \/>\n<meta property=\"article:publisher\" content=\"https:\/\/www.facebook.com\/eltextual\" \/>\n<meta property=\"article:published_time\" content=\"2024-02-07T01:08:00+00:00\" \/>\n<meta property=\"article:modified_time\" content=\"2024-02-07T12:00:44+00:00\" \/>\n<meta property=\"og:image\" content=\"https:\/\/diariotextual.com\/inicio\/wp-content\/uploads\/2023\/03\/perezaraujohernan2023-10.jpeg\" \/>\n\t<meta property=\"og:image:width\" content=\"1600\" \/>\n\t<meta property=\"og:image:height\" content=\"1066\" \/>\n\t<meta property=\"og:image:type\" content=\"image\/jpeg\" \/>\n<meta name=\"author\" content=\"Diario1 Diario1\" \/>\n<meta name=\"twitter:card\" content=\"summary_large_image\" \/>\n<meta name=\"twitter:creator\" content=\"@eltextual\" \/>\n<meta name=\"twitter:site\" content=\"@eltextual\" \/>\n<meta name=\"twitter:label1\" content=\"Escrito por\" \/>\n\t<meta name=\"twitter:data1\" content=\"Diario1 Diario1\" \/>\n\t<meta name=\"twitter:label2\" content=\"Tiempo de lectura\" \/>\n\t<meta name=\"twitter:data2\" content=\"2 minutos\" \/>\n<script type=\"application\/ld+json\" class=\"yoast-schema-graph\">{\"@context\":\"https:\\\/\\\/schema.org\",\"@graph\":[{\"@type\":\"Article\",\"@id\":\"https:\\\/\\\/diariotextual.com\\\/inicio\\\/index.php\\\/2024\\\/02\\\/06\\\/ley-omnibus-perez-araujo-dice-que-legisladores-del-pro-y-la-ucr-quedaron-colgados-del-pincel\\\/#article\",\"isPartOf\":{\"@id\":\"https:\\\/\\\/diariotextual.com\\\/inicio\\\/index.php\\\/2024\\\/02\\\/06\\\/ley-omnibus-perez-araujo-dice-que-legisladores-del-pro-y-la-ucr-quedaron-colgados-del-pincel\\\/\"},\"author\":{\"name\":\"Diario1 Diario1\",\"@id\":\"https:\\\/\\\/diariotextual.com\\\/inicio\\\/#\\\/schema\\\/person\\\/418fc4093c33e86ed41562db3508f958\"},\"headline\":\"Ley \u00f3mnibus: en el PJ dicen que legisladores pampeanos del PRO y la UCR quedaron \u201ccolgados del pincel\u201d\",\"datePublished\":\"2024-02-07T01:08:00+00:00\",\"dateModified\":\"2024-02-07T12:00:44+00:00\",\"mainEntityOfPage\":{\"@id\":\"https:\\\/\\\/diariotextual.com\\\/inicio\\\/index.php\\\/2024\\\/02\\\/06\\\/ley-omnibus-perez-araujo-dice-que-legisladores-del-pro-y-la-ucr-quedaron-colgados-del-pincel\\\/\"},\"wordCount\":279,\"publisher\":{\"@id\":\"https:\\\/\\\/diariotextual.com\\\/inicio\\\/#organization\"},\"image\":{\"@id\":\"https:\\\/\\\/diariotextual.com\\\/inicio\\\/index.php\\\/2024\\\/02\\\/06\\\/ley-omnibus-perez-araujo-dice-que-legisladores-del-pro-y-la-ucr-quedaron-colgados-del-pincel\\\/#primaryimage\"},\"thumbnailUrl\":\"https:\\\/\\\/diariotextual.com\\\/inicio\\\/wp-content\\\/uploads\\\/2023\\\/03\\\/perezaraujohernan2023-10.jpeg\",\"articleSection\":[\"A - ES NOTICIA (van abajo)\",\"POLITICA\"],\"inLanguage\":\"es\"},{\"@type\":\"WebPage\",\"@id\":\"https:\\\/\\\/diariotextual.com\\\/inicio\\\/index.php\\\/2024\\\/02\\\/06\\\/ley-omnibus-perez-araujo-dice-que-legisladores-del-pro-y-la-ucr-quedaron-colgados-del-pincel\\\/\",\"url\":\"https:\\\/\\\/diariotextual.com\\\/inicio\\\/index.php\\\/2024\\\/02\\\/06\\\/ley-omnibus-perez-araujo-dice-que-legisladores-del-pro-y-la-ucr-quedaron-colgados-del-pincel\\\/\",\"name\":\"Ley \u00f3mnibus: en el PJ dicen que legisladores pampeanos del PRO y la UCR quedaron \u201ccolgados del pincel\u201d - Diario Textual\",\"isPartOf\":{\"@id\":\"https:\\\/\\\/diariotextual.com\\\/inicio\\\/#website\"},\"primaryImageOfPage\":{\"@id\":\"https:\\\/\\\/diariotextual.com\\\/inicio\\\/index.php\\\/2024\\\/02\\\/06\\\/ley-omnibus-perez-araujo-dice-que-legisladores-del-pro-y-la-ucr-quedaron-colgados-del-pincel\\\/#primaryimage\"},\"image\":{\"@id\":\"https:\\\/\\\/diariotextual.com\\\/inicio\\\/index.php\\\/2024\\\/02\\\/06\\\/ley-omnibus-perez-araujo-dice-que-legisladores-del-pro-y-la-ucr-quedaron-colgados-del-pincel\\\/#primaryimage\"},\"thumbnailUrl\":\"https:\\\/\\\/diariotextual.com\\\/inicio\\\/wp-content\\\/uploads\\\/2023\\\/03\\\/perezaraujohernan2023-10.jpeg\",\"datePublished\":\"2024-02-07T01:08:00+00:00\",\"dateModified\":\"2024-02-07T12:00:44+00:00\",\"breadcrumb\":{\"@id\":\"https:\\\/\\\/diariotextual.com\\\/inicio\\\/index.php\\\/2024\\\/02\\\/06\\\/ley-omnibus-perez-araujo-dice-que-legisladores-del-pro-y-la-ucr-quedaron-colgados-del-pincel\\\/#breadcrumb\"},\"inLanguage\":\"es\",\"potentialAction\":[{\"@type\":\"ReadAction\",\"target\":[\"https:\\\/\\\/diariotextual.com\\\/inicio\\\/index.php\\\/2024\\\/02\\\/06\\\/ley-omnibus-perez-araujo-dice-que-legisladores-del-pro-y-la-ucr-quedaron-colgados-del-pincel\\\/\"]}]},{\"@type\":\"ImageObject\",\"inLanguage\":\"es\",\"@id\":\"https:\\\/\\\/diariotextual.com\\\/inicio\\\/index.php\\\/2024\\\/02\\\/06\\\/ley-omnibus-perez-araujo-dice-que-legisladores-del-pro-y-la-ucr-quedaron-colgados-del-pincel\\\/#primaryimage\",\"url\":\"https:\\\/\\\/diariotextual.com\\\/inicio\\\/wp-content\\\/uploads\\\/2023\\\/03\\\/perezaraujohernan2023-10.jpeg\",\"contentUrl\":\"https:\\\/\\\/diariotextual.com\\\/inicio\\\/wp-content\\\/uploads\\\/2023\\\/03\\\/perezaraujohernan2023-10.jpeg\",\"width\":1600,\"height\":1066},{\"@type\":\"BreadcrumbList\",\"@id\":\"https:\\\/\\\/diariotextual.com\\\/inicio\\\/index.php\\\/2024\\\/02\\\/06\\\/ley-omnibus-perez-araujo-dice-que-legisladores-del-pro-y-la-ucr-quedaron-colgados-del-pincel\\\/#breadcrumb\",\"itemListElement\":[{\"@type\":\"ListItem\",\"position\":1,\"name\":\"Portada\",\"item\":\"https:\\\/\\\/diariotextual.com\\\/inicio\\\/\"},{\"@type\":\"ListItem\",\"position\":2,\"name\":\"Ley \u00f3mnibus: en el PJ dicen que legisladores pampeanos del PRO y la UCR quedaron \u201ccolgados del pincel\u201d\"}]},{\"@type\":\"WebSite\",\"@id\":\"https:\\\/\\\/diariotextual.com\\\/inicio\\\/#website\",\"url\":\"https:\\\/\\\/diariotextual.com\\\/inicio\\\/\",\"name\":\"Diario Textual\",\"description\":\"\",\"publisher\":{\"@id\":\"https:\\\/\\\/diariotextual.com\\\/inicio\\\/#organization\"},\"potentialAction\":[{\"@type\":\"SearchAction\",\"target\":{\"@type\":\"EntryPoint\",\"urlTemplate\":\"https:\\\/\\\/diariotextual.com\\\/inicio\\\/?s={search_term_string}\"},\"query-input\":{\"@type\":\"PropertyValueSpecification\",\"valueRequired\":true,\"valueName\":\"search_term_string\"}}],\"inLanguage\":\"es\"},{\"@type\":\"Organization\",\"@id\":\"https:\\\/\\\/diariotextual.com\\\/inicio\\\/#organization\",\"name\":\"Diario Textual\",\"url\":\"https:\\\/\\\/diariotextual.com\\\/inicio\\\/\",\"logo\":{\"@type\":\"ImageObject\",\"inLanguage\":\"es\",\"@id\":\"https:\\\/\\\/diariotextual.com\\\/inicio\\\/#\\\/schema\\\/logo\\\/image\\\/\",\"url\":\"https:\\\/\\\/diariotextual.com\\\/inicio\\\/wp-content\\\/uploads\\\/2023\\\/05\\\/logotextual1.jpg\",\"contentUrl\":\"https:\\\/\\\/diariotextual.com\\\/inicio\\\/wp-content\\\/uploads\\\/2023\\\/05\\\/logotextual1.jpg\",\"width\":516,\"height\":76,\"caption\":\"Diario Textual\"},\"image\":{\"@id\":\"https:\\\/\\\/diariotextual.com\\\/inicio\\\/#\\\/schema\\\/logo\\\/image\\\/\"},\"sameAs\":[\"https:\\\/\\\/www.facebook.com\\\/eltextual\",\"https:\\\/\\\/x.com\\\/eltextual\",\"http:\\\/\\\/www.instagram.com\\\/eltextual\"]},{\"@type\":\"Person\",\"@id\":\"https:\\\/\\\/diariotextual.com\\\/inicio\\\/#\\\/schema\\\/person\\\/418fc4093c33e86ed41562db3508f958\",\"name\":\"Diario1 Diario1\",\"image\":{\"@type\":\"ImageObject\",\"inLanguage\":\"es\",\"@id\":\"https:\\\/\\\/secure.gravatar.com\\\/avatar\\\/9167d280179c85bc18be67aa7eda765854300033af4896dd779b608640f2ef7a?s=96&d=mm&r=g\",\"url\":\"https:\\\/\\\/secure.gravatar.com\\\/avatar\\\/9167d280179c85bc18be67aa7eda765854300033af4896dd779b608640f2ef7a?s=96&d=mm&r=g\",\"contentUrl\":\"https:\\\/\\\/secure.gravatar.com\\\/avatar\\\/9167d280179c85bc18be67aa7eda765854300033af4896dd779b608640f2ef7a?s=96&d=mm&r=g\",\"caption\":\"Diario1 Diario1\"},\"url\":\"https:\\\/\\\/diariotextual.com\\\/inicio\\\/index.php\\\/author\\\/diario1\\\/\"}]}<\/script>\n<!-- \/ Yoast SEO plugin. -->","yoast_head_json":{"title":"Ley \u00f3mnibus: en el PJ dicen que legisladores pampeanos del PRO y la UCR quedaron \u201ccolgados del pincel\u201d - Diario Textual","robots":{"index":"index","follow":"follow","max-snippet":"max-snippet:-1","max-image-preview":"max-image-preview:large","max-video-preview":"max-video-preview:-1"},"canonical":"https:\/\/diariotextual.com\/inicio\/index.php\/2024\/02\/06\/ley-omnibus-perez-araujo-dice-que-legisladores-del-pro-y-la-ucr-quedaron-colgados-del-pincel\/","og_locale":"es_ES","og_type":"article","og_title":"Ley \u00f3mnibus: en el PJ dicen que legisladores pampeanos del PRO y la UCR quedaron \u201ccolgados del pincel\u201d - Diario Textual","og_description":"El diputado provincial Hern\u00e1n P\u00e9rez Araujo (PJ) se mof\u00f3 de Mart\u00edn Maquieyra (PRO), Mart\u00edn Ardohain (PRO) y Marcela Coli (UCR), los tres pampeanos que votaron en general -y algunos art\u00edculos&hellip;","og_url":"https:\/\/diariotextual.com\/inicio\/index.php\/2024\/02\/06\/ley-omnibus-perez-araujo-dice-que-legisladores-del-pro-y-la-ucr-quedaron-colgados-del-pincel\/","og_site_name":"Diario Textual","article_publisher":"https:\/\/www.facebook.com\/eltextual","article_published_time":"2024-02-07T01:08:00+00:00","article_modified_time":"2024-02-07T12:00:44+00:00","og_image":[{"width":1600,"height":1066,"url":"https:\/\/diariotextual.com\/inicio\/wp-content\/uploads\/2023\/03\/perezaraujohernan2023-10.jpeg","type":"image\/jpeg"}],"author":"Diario1 Diario1","twitter_card":"summary_large_image","twitter_creator":"@eltextual","twitter_site":"@eltextual","twitter_misc":{"Escrito por":"Diario1 Diario1","Tiempo de lectura":"2 minutos"},"schema":{"@context":"https:\/\/schema.org","@graph":[{"@type":"Article","@id":"https:\/\/diariotextual.com\/inicio\/index.php\/2024\/02\/06\/ley-omnibus-perez-araujo-dice-que-legisladores-del-pro-y-la-ucr-quedaron-colgados-del-pincel\/#article","isPartOf":{"@id":"https:\/\/diariotextual.com\/inicio\/index.php\/2024\/02\/06\/ley-omnibus-perez-araujo-dice-que-legisladores-del-pro-y-la-ucr-quedaron-colgados-del-pincel\/"},"author":{"name":"Diario1 Diario1","@id":"https:\/\/diariotextual.com\/inicio\/#\/schema\/person\/418fc4093c33e86ed41562db3508f958"},"headline":"Ley \u00f3mnibus: en el PJ dicen que legisladores pampeanos del PRO y la UCR quedaron \u201ccolgados del pincel\u201d","datePublished":"2024-02-07T01:08:00+00:00","dateModified":"2024-02-07T12:00:44+00:00","mainEntityOfPage":{"@id":"https:\/\/diariotextual.com\/inicio\/index.php\/2024\/02\/06\/ley-omnibus-perez-araujo-dice-que-legisladores-del-pro-y-la-ucr-quedaron-colgados-del-pincel\/"},"wordCount":279,"publisher":{"@id":"https:\/\/diariotextual.com\/inicio\/#organization"},"image":{"@id":"https:\/\/diariotextual.com\/inicio\/index.php\/2024\/02\/06\/ley-omnibus-perez-araujo-dice-que-legisladores-del-pro-y-la-ucr-quedaron-colgados-del-pincel\/#primaryimage"},"thumbnailUrl":"https:\/\/diariotextual.com\/inicio\/wp-content\/uploads\/2023\/03\/perezaraujohernan2023-10.jpeg","articleSection":["A - ES NOTICIA (van abajo)","POLITICA"],"inLanguage":"es"},{"@type":"WebPage","@id":"https:\/\/diariotextual.com\/inicio\/index.php\/2024\/02\/06\/ley-omnibus-perez-araujo-dice-que-legisladores-del-pro-y-la-ucr-quedaron-colgados-del-pincel\/","url":"https:\/\/diariotextual.com\/inicio\/index.php\/2024\/02\/06\/ley-omnibus-perez-araujo-dice-que-legisladores-del-pro-y-la-ucr-quedaron-colgados-del-pincel\/","name":"Ley \u00f3mnibus: en el PJ dicen que legisladores pampeanos del PRO y la UCR quedaron \u201ccolgados del pincel\u201d - Diario Textual","isPartOf":{"@id":"https:\/\/diariotextual.com\/inicio\/#website"},"primaryImageOfPage":{"@id":"https:\/\/diariotextual.com\/inicio\/index.php\/2024\/02\/06\/ley-omnibus-perez-araujo-dice-que-legisladores-del-pro-y-la-ucr-quedaron-colgados-del-pincel\/#primaryimage"},"image":{"@id":"https:\/\/diariotextual.com\/inicio\/index.php\/2024\/02\/06\/ley-omnibus-perez-araujo-dice-que-legisladores-del-pro-y-la-ucr-quedaron-colgados-del-pincel\/#primaryimage"},"thumbnailUrl":"https:\/\/diariotextual.com\/inicio\/wp-content\/uploads\/2023\/03\/perezaraujohernan2023-10.jpeg","datePublished":"2024-02-07T01:08:00+00:00","dateModified":"2024-02-07T12:00:44+00:00","breadcrumb":{"@id":"https:\/\/diariotextual.com\/inicio\/index.php\/2024\/02\/06\/ley-omnibus-perez-araujo-dice-que-legisladores-del-pro-y-la-ucr-quedaron-colgados-del-pincel\/#breadcrumb"},"inLanguage":"es","potentialAction":[{"@type":"ReadAction","target":["https:\/\/diariotextual.com\/inicio\/index.php\/2024\/02\/06\/ley-omnibus-perez-araujo-dice-que-legisladores-del-pro-y-la-ucr-quedaron-colgados-del-pincel\/"]}]},{"@type":"ImageObject","inLanguage":"es","@id":"https:\/\/diariotextual.com\/inicio\/index.php\/2024\/02\/06\/ley-omnibus-perez-araujo-dice-que-legisladores-del-pro-y-la-ucr-quedaron-colgados-del-pincel\/#primaryimage","url":"https:\/\/diariotextual.com\/inicio\/wp-content\/uploads\/2023\/03\/perezaraujohernan2023-10.jpeg","contentUrl":"https:\/\/diariotextual.com\/inicio\/wp-content\/uploads\/2023\/03\/perezaraujohernan2023-10.jpeg","width":1600,"height":1066},{"@type":"BreadcrumbList","@id":"https:\/\/diariotextual.com\/inicio\/index.php\/2024\/02\/06\/ley-omnibus-perez-araujo-dice-que-legisladores-del-pro-y-la-ucr-quedaron-colgados-del-pincel\/#breadcrumb","itemListElement":[{"@type":"ListItem","position":1,"name":"Portada","item":"https:\/\/diariotextual.com\/inicio\/"},{"@type":"ListItem","position":2,"name":"Ley \u00f3mnibus: en el PJ dicen que legisladores pampeanos del PRO y la UCR quedaron \u201ccolgados del pincel\u201d"}]},{"@type":"WebSite","@id":"https:\/\/diariotextual.com\/inicio\/#website","url":"https:\/\/diariotextual.com\/inicio\/","name":"Diario Textual","description":"","publisher":{"@id":"https:\/\/diariotextual.com\/inicio\/#organization"},"potentialAction":[{"@type":"SearchAction","target":{"@type":"EntryPoint","urlTemplate":"https:\/\/diariotextual.com\/inicio\/?s={search_term_string}"},"query-input":{"@type":"PropertyValueSpecification","valueRequired":true,"valueName":"search_term_string"}}],"inLanguage":"es"},{"@type":"Organization","@id":"https:\/\/diariotextual.com\/inicio\/#organization","name":"Diario Textual","url":"https:\/\/diariotextual.com\/inicio\/","logo":{"@type":"ImageObject","inLanguage":"es","@id":"https:\/\/diariotextual.com\/inicio\/#\/schema\/logo\/image\/","url":"https:\/\/diariotextual.com\/inicio\/wp-content\/uploads\/2023\/05\/logotextual1.jpg","contentUrl":"https:\/\/diariotextual.com\/inicio\/wp-content\/uploads\/2023\/05\/logotextual1.jpg","width":516,"height":76,"caption":"Diario Textual"},"image":{"@id":"https:\/\/diariotextual.com\/inicio\/#\/schema\/logo\/image\/"},"sameAs":["https:\/\/www.facebook.com\/eltextual","https:\/\/x.com\/eltextual","http:\/\/www.instagram.com\/eltextual"]},{"@type":"Person","@id":"https:\/\/diariotextual.com\/inicio\/#\/schema\/person\/418fc4093c33e86ed41562db3508f958","name":"Diario1 Diario1","image":{"@type":"ImageObject","inLanguage":"es","@id":"https:\/\/secure.gravatar.com\/avatar\/9167d280179c85bc18be67aa7eda765854300033af4896dd779b608640f2ef7a?s=96&d=mm&r=g","url":"https:\/\/secure.gravatar.com\/avatar\/9167d280179c85bc18be67aa7eda765854300033af4896dd779b608640f2ef7a?s=96&d=mm&r=g","contentUrl":"https:\/\/secure.gravatar.com\/avatar\/9167d280179c85bc18be67aa7eda765854300033af4896dd779b608640f2ef7a?s=96&d=mm&r=g","caption":"Diario1 Diario1"},"url":"https:\/\/diariotextual.com\/inicio\/index.php\/author\/diario1\/"}]}},"_links":{"self":[{"href":"https:\/\/diariotextual.com\/inicio\/index.php\/wp-json\/wp\/v2\/posts\/253364","targetHints":{"allow":["GET"]}}],"collection":[{"href":"https:\/\/diariotextual.com\/inicio\/index.php\/wp-json\/wp\/v2\/posts"}],"about":[{"href":"https:\/\/diariotextual.com\/inicio\/index.php\/wp-json\/wp\/v2\/types\/post"}],"author":[{"embeddable":true,"href":"https:\/\/diariotextual.com\/inicio\/index.php\/wp-json\/wp\/v2\/users\/3"}],"replies":[{"embeddable":true,"href":"https:\/\/diariotextual.com\/inicio\/index.php\/wp-json\/wp\/v2\/comments?post=253364"}],"version-history":[{"count":3,"href":"https:\/\/diariotextual.com\/inicio\/index.php\/wp-json\/wp\/v2\/posts\/253364\/revisions"}],"predecessor-version":[{"id":253383,"href":"https:\/\/diariotextual.com\/inicio\/index.php\/wp-json\/wp\/v2\/posts\/253364\/revisions\/253383"}],"wp:featuredmedia":[{"embeddable":true,"href":"https:\/\/diariotextual.com\/inicio\/index.php\/wp-json\/wp\/v2\/media\/217910"}],"wp:attachment":[{"href":"https:\/\/diariotextual.com\/inicio\/index.php\/wp-json\/wp\/v2\/media?parent=253364"}],"wp:term":[{"taxonomy":"category","embeddable":true,"href":"https:\/\/diariotextual.com\/inicio\/index.php\/wp-json\/wp\/v2\/categories?post=253364"},{"taxonomy":"post_tag","embeddable":true,"href":"https:\/\/diariotextual.com\/inicio\/index.php\/wp-json\/wp\/v2\/tags?post=253364"}],"curies":[{"name":"wp","href":"https:\/\/api.w.org\/{rel}","templated":true}]}}