{"id":253529,"date":"2024-02-08T05:22:13","date_gmt":"2024-02-08T08:22:13","guid":{"rendered":"https:\/\/diariotextual.com\/inicio\/?p=253529"},"modified":"2024-02-08T09:54:06","modified_gmt":"2024-02-08T12:54:06","slug":"confirmado-milei-decidio-que-la-ley-omnibus-no-vuelve-al-congreso","status":"publish","type":"post","link":"https:\/\/diariotextual.com\/inicio\/index.php\/2024\/02\/08\/confirmado-milei-decidio-que-la-ley-omnibus-no-vuelve-al-congreso\/","title":{"rendered":"Confirmado: Milei decidi\u00f3 que la ley \u00f3mnibus no vuelve al Congreso"},"content":{"rendered":"\n<p>En medio de crecientes rumores tras el traspi\u00e9 de la ley \u00f3mnibus en el Congreso, el jefe de la bancada oficialista en la C\u00e1mara Baja confirm\u00f3 que <strong>Javier Milei<\/strong> dio la orden para que el proyecto no se vuelva a tratar en el Palacio Legislativo.<br><\/p>\n\n\n\n<p>\u201cLa ley no se vuelve a tratar as\u00ed como se mand\u00f3 en el Congreso de la Naci\u00f3n\u201d, confirm\u00f3 Oscar Zago en di\u00e1logo con La Naci\u00f3n M\u00e1s. Seg\u00fan revel\u00f3, el mandatario consider\u00f3 que \u201cno vale la pena\u201d enviarla nuevamente a comisi\u00f3n \u201cpara que la destrocen\u201d los legisladores.<br><\/p>\n\n\n\n<p>En ese sentido, el legislador revel\u00f3 que hubo una comunicaci\u00f3n telef\u00f3nica con Milei, que se encuentra en Israel, y sostuvo que la decisi\u00f3n que le dio a su bloque es que el proyecto \u201cno sea tratado de vuelta en comisi\u00f3n\u201d de Diputados.<\/p>\n\n\n\n<p>\u201cVolver\u00e1 a analizar el Gobierno como manda la ley, si la vamos a fraccionar o no, que se pueden ampliar o no. Eso lo va a decidir el Gobierno en su conjunto la semana que viene cuando se encuentre el presidente con todo su Gabinete\u201d, concluy\u00f3.<\/p>\n\n\n\n<p>La confirmaci\u00f3n de Zago se suma a otras declaraciones de La Libertad Avanza, donde aseguraron que el Gobierno no va a enviar ning\u00fan proyecto m\u00e1s al Congreso durante el 2024.<\/p>\n\n\n\n<p>\u201cRecibimos noticias de que no piensan, desde el Ejecutivo, enviar ninguna ley durante el corriente a\u00f1o\u201d, dijo m\u00e1s temprano el diputado Carlos D&#8217;Alessandro en comunicaci\u00f3n con Radio 10.<\/p>\n\n\n\n<p><\/p>\n","protected":false},"excerpt":{"rendered":"<p>En medio de crecientes rumores tras el traspi\u00e9 de la ley \u00f3mnibus en el Congreso, el jefe de la bancada oficialista en la C\u00e1mara Baja confirm\u00f3 que Javier Milei dio&hellip;<\/p>\n","protected":false},"author":3,"featured_media":253371,"comment_status":"closed","ping_status":"open","sticky":false,"template":"","format":"standard","meta":{"_acf_changed":false,"footnotes":""},"categories":[1,8],"tags":[],"class_list":["post-253529","post","type-post","status-publish","format-standard","has-post-thumbnail","hentry","category-es-noticia","category-politica"],"acf":[],"yoast_head":"<!-- This site is optimized with the Yoast SEO plugin v27.5 - https:\/\/yoast.com\/product\/yoast-seo-wordpress\/ -->\n<title>Confirmado: Milei decidi\u00f3 que la ley \u00f3mnibus no vuelve al Congreso - Diario Textual<\/title>\n<meta name=\"robots\" content=\"index, follow, max-snippet:-1, max-image-preview:large, max-video-preview:-1\" \/>\n<link rel=\"canonical\" href=\"https:\/\/diariotextual.com\/inicio\/index.php\/2024\/02\/08\/confirmado-milei-decidio-que-la-ley-omnibus-no-vuelve-al-congreso\/\" \/>\n<meta property=\"og:locale\" content=\"es_ES\" \/>\n<meta property=\"og:type\" content=\"article\" \/>\n<meta property=\"og:title\" content=\"Confirmado: Milei decidi\u00f3 que la ley \u00f3mnibus no vuelve al Congreso - Diario Textual\" \/>\n<meta property=\"og:description\" content=\"En medio de crecientes rumores tras el traspi\u00e9 de la ley \u00f3mnibus en el Congreso, el jefe de la bancada oficialista en la C\u00e1mara Baja confirm\u00f3 que Javier Milei dio&hellip;\" \/>\n<meta property=\"og:url\" content=\"https:\/\/diariotextual.com\/inicio\/index.php\/2024\/02\/08\/confirmado-milei-decidio-que-la-ley-omnibus-no-vuelve-al-congreso\/\" \/>\n<meta property=\"og:site_name\" content=\"Diario Textual\" \/>\n<meta property=\"article:publisher\" content=\"https:\/\/www.facebook.com\/eltextual\" \/>\n<meta property=\"article:published_time\" content=\"2024-02-08T08:22:13+00:00\" \/>\n<meta property=\"article:modified_time\" content=\"2024-02-08T12:54:06+00:00\" \/>\n<meta property=\"og:image\" content=\"https:\/\/diariotextual.com\/inicio\/wp-content\/uploads\/2024\/02\/mileijaviermurodeloslamentos2024-1.jpg\" \/>\n\t<meta property=\"og:image:width\" content=\"1200\" \/>\n\t<meta property=\"og:image:height\" content=\"675\" \/>\n\t<meta property=\"og:image:type\" content=\"image\/jpeg\" \/>\n<meta name=\"author\" content=\"Diario1 Diario1\" \/>\n<meta name=\"twitter:card\" content=\"summary_large_image\" \/>\n<meta name=\"twitter:creator\" content=\"@eltextual\" \/>\n<meta name=\"twitter:site\" content=\"@eltextual\" \/>\n<meta name=\"twitter:label1\" content=\"Escrito por\" \/>\n\t<meta name=\"twitter:data1\" content=\"Diario1 Diario1\" \/>\n\t<meta name=\"twitter:label2\" content=\"Tiempo de lectura\" \/>\n\t<meta name=\"twitter:data2\" content=\"2 minutos\" \/>\n<script type=\"application\/ld+json\" class=\"yoast-schema-graph\">{\"@context\":\"https:\\\/\\\/schema.org\",\"@graph\":[{\"@type\":\"Article\",\"@id\":\"https:\\\/\\\/diariotextual.com\\\/inicio\\\/index.php\\\/2024\\\/02\\\/08\\\/confirmado-milei-decidio-que-la-ley-omnibus-no-vuelve-al-congreso\\\/#article\",\"isPartOf\":{\"@id\":\"https:\\\/\\\/diariotextual.com\\\/inicio\\\/index.php\\\/2024\\\/02\\\/08\\\/confirmado-milei-decidio-que-la-ley-omnibus-no-vuelve-al-congreso\\\/\"},\"author\":{\"name\":\"Diario1 Diario1\",\"@id\":\"https:\\\/\\\/diariotextual.com\\\/inicio\\\/#\\\/schema\\\/person\\\/418fc4093c33e86ed41562db3508f958\"},\"headline\":\"Confirmado: Milei decidi\u00f3 que la ley \u00f3mnibus no vuelve al Congreso\",\"datePublished\":\"2024-02-08T08:22:13+00:00\",\"dateModified\":\"2024-02-08T12:54:06+00:00\",\"mainEntityOfPage\":{\"@id\":\"https:\\\/\\\/diariotextual.com\\\/inicio\\\/index.php\\\/2024\\\/02\\\/08\\\/confirmado-milei-decidio-que-la-ley-omnibus-no-vuelve-al-congreso\\\/\"},\"wordCount\":263,\"publisher\":{\"@id\":\"https:\\\/\\\/diariotextual.com\\\/inicio\\\/#organization\"},\"image\":{\"@id\":\"https:\\\/\\\/diariotextual.com\\\/inicio\\\/index.php\\\/2024\\\/02\\\/08\\\/confirmado-milei-decidio-que-la-ley-omnibus-no-vuelve-al-congreso\\\/#primaryimage\"},\"thumbnailUrl\":\"https:\\\/\\\/diariotextual.com\\\/inicio\\\/wp-content\\\/uploads\\\/2024\\\/02\\\/mileijaviermurodeloslamentos2024-1.jpg\",\"articleSection\":[\"A - ES NOTICIA (van abajo)\",\"POLITICA\"],\"inLanguage\":\"es\"},{\"@type\":\"WebPage\",\"@id\":\"https:\\\/\\\/diariotextual.com\\\/inicio\\\/index.php\\\/2024\\\/02\\\/08\\\/confirmado-milei-decidio-que-la-ley-omnibus-no-vuelve-al-congreso\\\/\",\"url\":\"https:\\\/\\\/diariotextual.com\\\/inicio\\\/index.php\\\/2024\\\/02\\\/08\\\/confirmado-milei-decidio-que-la-ley-omnibus-no-vuelve-al-congreso\\\/\",\"name\":\"Confirmado: Milei decidi\u00f3 que la ley \u00f3mnibus no vuelve al Congreso - Diario Textual\",\"isPartOf\":{\"@id\":\"https:\\\/\\\/diariotextual.com\\\/inicio\\\/#website\"},\"primaryImageOfPage\":{\"@id\":\"https:\\\/\\\/diariotextual.com\\\/inicio\\\/index.php\\\/2024\\\/02\\\/08\\\/confirmado-milei-decidio-que-la-ley-omnibus-no-vuelve-al-congreso\\\/#primaryimage\"},\"image\":{\"@id\":\"https:\\\/\\\/diariotextual.com\\\/inicio\\\/index.php\\\/2024\\\/02\\\/08\\\/confirmado-milei-decidio-que-la-ley-omnibus-no-vuelve-al-congreso\\\/#primaryimage\"},\"thumbnailUrl\":\"https:\\\/\\\/diariotextual.com\\\/inicio\\\/wp-content\\\/uploads\\\/2024\\\/02\\\/mileijaviermurodeloslamentos2024-1.jpg\",\"datePublished\":\"2024-02-08T08:22:13+00:00\",\"dateModified\":\"2024-02-08T12:54:06+00:00\",\"breadcrumb\":{\"@id\":\"https:\\\/\\\/diariotextual.com\\\/inicio\\\/index.php\\\/2024\\\/02\\\/08\\\/confirmado-milei-decidio-que-la-ley-omnibus-no-vuelve-al-congreso\\\/#breadcrumb\"},\"inLanguage\":\"es\",\"potentialAction\":[{\"@type\":\"ReadAction\",\"target\":[\"https:\\\/\\\/diariotextual.com\\\/inicio\\\/index.php\\\/2024\\\/02\\\/08\\\/confirmado-milei-decidio-que-la-ley-omnibus-no-vuelve-al-congreso\\\/\"]}]},{\"@type\":\"ImageObject\",\"inLanguage\":\"es\",\"@id\":\"https:\\\/\\\/diariotextual.com\\\/inicio\\\/index.php\\\/2024\\\/02\\\/08\\\/confirmado-milei-decidio-que-la-ley-omnibus-no-vuelve-al-congreso\\\/#primaryimage\",\"url\":\"https:\\\/\\\/diariotextual.com\\\/inicio\\\/wp-content\\\/uploads\\\/2024\\\/02\\\/mileijaviermurodeloslamentos2024-1.jpg\",\"contentUrl\":\"https:\\\/\\\/diariotextual.com\\\/inicio\\\/wp-content\\\/uploads\\\/2024\\\/02\\\/mileijaviermurodeloslamentos2024-1.jpg\",\"width\":1200,\"height\":675},{\"@type\":\"BreadcrumbList\",\"@id\":\"https:\\\/\\\/diariotextual.com\\\/inicio\\\/index.php\\\/2024\\\/02\\\/08\\\/confirmado-milei-decidio-que-la-ley-omnibus-no-vuelve-al-congreso\\\/#breadcrumb\",\"itemListElement\":[{\"@type\":\"ListItem\",\"position\":1,\"name\":\"Portada\",\"item\":\"https:\\\/\\\/diariotextual.com\\\/inicio\\\/\"},{\"@type\":\"ListItem\",\"position\":2,\"name\":\"Confirmado: Milei decidi\u00f3 que la ley \u00f3mnibus no vuelve al Congreso\"}]},{\"@type\":\"WebSite\",\"@id\":\"https:\\\/\\\/diariotextual.com\\\/inicio\\\/#website\",\"url\":\"https:\\\/\\\/diariotextual.com\\\/inicio\\\/\",\"name\":\"Diario Textual\",\"description\":\"\",\"publisher\":{\"@id\":\"https:\\\/\\\/diariotextual.com\\\/inicio\\\/#organization\"},\"potentialAction\":[{\"@type\":\"SearchAction\",\"target\":{\"@type\":\"EntryPoint\",\"urlTemplate\":\"https:\\\/\\\/diariotextual.com\\\/inicio\\\/?s={search_term_string}\"},\"query-input\":{\"@type\":\"PropertyValueSpecification\",\"valueRequired\":true,\"valueName\":\"search_term_string\"}}],\"inLanguage\":\"es\"},{\"@type\":\"Organization\",\"@id\":\"https:\\\/\\\/diariotextual.com\\\/inicio\\\/#organization\",\"name\":\"Diario Textual\",\"url\":\"https:\\\/\\\/diariotextual.com\\\/inicio\\\/\",\"logo\":{\"@type\":\"ImageObject\",\"inLanguage\":\"es\",\"@id\":\"https:\\\/\\\/diariotextual.com\\\/inicio\\\/#\\\/schema\\\/logo\\\/image\\\/\",\"url\":\"https:\\\/\\\/diariotextual.com\\\/inicio\\\/wp-content\\\/uploads\\\/2023\\\/05\\\/logotextual1.jpg\",\"contentUrl\":\"https:\\\/\\\/diariotextual.com\\\/inicio\\\/wp-content\\\/uploads\\\/2023\\\/05\\\/logotextual1.jpg\",\"width\":516,\"height\":76,\"caption\":\"Diario Textual\"},\"image\":{\"@id\":\"https:\\\/\\\/diariotextual.com\\\/inicio\\\/#\\\/schema\\\/logo\\\/image\\\/\"},\"sameAs\":[\"https:\\\/\\\/www.facebook.com\\\/eltextual\",\"https:\\\/\\\/x.com\\\/eltextual\",\"http:\\\/\\\/www.instagram.com\\\/eltextual\"]},{\"@type\":\"Person\",\"@id\":\"https:\\\/\\\/diariotextual.com\\\/inicio\\\/#\\\/schema\\\/person\\\/418fc4093c33e86ed41562db3508f958\",\"name\":\"Diario1 Diario1\",\"image\":{\"@type\":\"ImageObject\",\"inLanguage\":\"es\",\"@id\":\"https:\\\/\\\/secure.gravatar.com\\\/avatar\\\/9167d280179c85bc18be67aa7eda765854300033af4896dd779b608640f2ef7a?s=96&d=mm&r=g\",\"url\":\"https:\\\/\\\/secure.gravatar.com\\\/avatar\\\/9167d280179c85bc18be67aa7eda765854300033af4896dd779b608640f2ef7a?s=96&d=mm&r=g\",\"contentUrl\":\"https:\\\/\\\/secure.gravatar.com\\\/avatar\\\/9167d280179c85bc18be67aa7eda765854300033af4896dd779b608640f2ef7a?s=96&d=mm&r=g\",\"caption\":\"Diario1 Diario1\"},\"url\":\"https:\\\/\\\/diariotextual.com\\\/inicio\\\/index.php\\\/author\\\/diario1\\\/\"}]}<\/script>\n<!-- \/ Yoast SEO plugin. -->","yoast_head_json":{"title":"Confirmado: Milei decidi\u00f3 que la ley \u00f3mnibus no vuelve al Congreso - Diario Textual","robots":{"index":"index","follow":"follow","max-snippet":"max-snippet:-1","max-image-preview":"max-image-preview:large","max-video-preview":"max-video-preview:-1"},"canonical":"https:\/\/diariotextual.com\/inicio\/index.php\/2024\/02\/08\/confirmado-milei-decidio-que-la-ley-omnibus-no-vuelve-al-congreso\/","og_locale":"es_ES","og_type":"article","og_title":"Confirmado: Milei decidi\u00f3 que la ley \u00f3mnibus no vuelve al Congreso - Diario Textual","og_description":"En medio de crecientes rumores tras el traspi\u00e9 de la ley \u00f3mnibus en el Congreso, el jefe de la bancada oficialista en la C\u00e1mara Baja confirm\u00f3 que Javier Milei dio&hellip;","og_url":"https:\/\/diariotextual.com\/inicio\/index.php\/2024\/02\/08\/confirmado-milei-decidio-que-la-ley-omnibus-no-vuelve-al-congreso\/","og_site_name":"Diario Textual","article_publisher":"https:\/\/www.facebook.com\/eltextual","article_published_time":"2024-02-08T08:22:13+00:00","article_modified_time":"2024-02-08T12:54:06+00:00","og_image":[{"width":1200,"height":675,"url":"https:\/\/diariotextual.com\/inicio\/wp-content\/uploads\/2024\/02\/mileijaviermurodeloslamentos2024-1.jpg","type":"image\/jpeg"}],"author":"Diario1 Diario1","twitter_card":"summary_large_image","twitter_creator":"@eltextual","twitter_site":"@eltextual","twitter_misc":{"Escrito por":"Diario1 Diario1","Tiempo de lectura":"2 minutos"},"schema":{"@context":"https:\/\/schema.org","@graph":[{"@type":"Article","@id":"https:\/\/diariotextual.com\/inicio\/index.php\/2024\/02\/08\/confirmado-milei-decidio-que-la-ley-omnibus-no-vuelve-al-congreso\/#article","isPartOf":{"@id":"https:\/\/diariotextual.com\/inicio\/index.php\/2024\/02\/08\/confirmado-milei-decidio-que-la-ley-omnibus-no-vuelve-al-congreso\/"},"author":{"name":"Diario1 Diario1","@id":"https:\/\/diariotextual.com\/inicio\/#\/schema\/person\/418fc4093c33e86ed41562db3508f958"},"headline":"Confirmado: Milei decidi\u00f3 que la ley \u00f3mnibus no vuelve al Congreso","datePublished":"2024-02-08T08:22:13+00:00","dateModified":"2024-02-08T12:54:06+00:00","mainEntityOfPage":{"@id":"https:\/\/diariotextual.com\/inicio\/index.php\/2024\/02\/08\/confirmado-milei-decidio-que-la-ley-omnibus-no-vuelve-al-congreso\/"},"wordCount":263,"publisher":{"@id":"https:\/\/diariotextual.com\/inicio\/#organization"},"image":{"@id":"https:\/\/diariotextual.com\/inicio\/index.php\/2024\/02\/08\/confirmado-milei-decidio-que-la-ley-omnibus-no-vuelve-al-congreso\/#primaryimage"},"thumbnailUrl":"https:\/\/diariotextual.com\/inicio\/wp-content\/uploads\/2024\/02\/mileijaviermurodeloslamentos2024-1.jpg","articleSection":["A - ES NOTICIA (van abajo)","POLITICA"],"inLanguage":"es"},{"@type":"WebPage","@id":"https:\/\/diariotextual.com\/inicio\/index.php\/2024\/02\/08\/confirmado-milei-decidio-que-la-ley-omnibus-no-vuelve-al-congreso\/","url":"https:\/\/diariotextual.com\/inicio\/index.php\/2024\/02\/08\/confirmado-milei-decidio-que-la-ley-omnibus-no-vuelve-al-congreso\/","name":"Confirmado: Milei decidi\u00f3 que la ley \u00f3mnibus no vuelve al Congreso - Diario Textual","isPartOf":{"@id":"https:\/\/diariotextual.com\/inicio\/#website"},"primaryImageOfPage":{"@id":"https:\/\/diariotextual.com\/inicio\/index.php\/2024\/02\/08\/confirmado-milei-decidio-que-la-ley-omnibus-no-vuelve-al-congreso\/#primaryimage"},"image":{"@id":"https:\/\/diariotextual.com\/inicio\/index.php\/2024\/02\/08\/confirmado-milei-decidio-que-la-ley-omnibus-no-vuelve-al-congreso\/#primaryimage"},"thumbnailUrl":"https:\/\/diariotextual.com\/inicio\/wp-content\/uploads\/2024\/02\/mileijaviermurodeloslamentos2024-1.jpg","datePublished":"2024-02-08T08:22:13+00:00","dateModified":"2024-02-08T12:54:06+00:00","breadcrumb":{"@id":"https:\/\/diariotextual.com\/inicio\/index.php\/2024\/02\/08\/confirmado-milei-decidio-que-la-ley-omnibus-no-vuelve-al-congreso\/#breadcrumb"},"inLanguage":"es","potentialAction":[{"@type":"ReadAction","target":["https:\/\/diariotextual.com\/inicio\/index.php\/2024\/02\/08\/confirmado-milei-decidio-que-la-ley-omnibus-no-vuelve-al-congreso\/"]}]},{"@type":"ImageObject","inLanguage":"es","@id":"https:\/\/diariotextual.com\/inicio\/index.php\/2024\/02\/08\/confirmado-milei-decidio-que-la-ley-omnibus-no-vuelve-al-congreso\/#primaryimage","url":"https:\/\/diariotextual.com\/inicio\/wp-content\/uploads\/2024\/02\/mileijaviermurodeloslamentos2024-1.jpg","contentUrl":"https:\/\/diariotextual.com\/inicio\/wp-content\/uploads\/2024\/02\/mileijaviermurodeloslamentos2024-1.jpg","width":1200,"height":675},{"@type":"BreadcrumbList","@id":"https:\/\/diariotextual.com\/inicio\/index.php\/2024\/02\/08\/confirmado-milei-decidio-que-la-ley-omnibus-no-vuelve-al-congreso\/#breadcrumb","itemListElement":[{"@type":"ListItem","position":1,"name":"Portada","item":"https:\/\/diariotextual.com\/inicio\/"},{"@type":"ListItem","position":2,"name":"Confirmado: Milei decidi\u00f3 que la ley \u00f3mnibus no vuelve al Congreso"}]},{"@type":"WebSite","@id":"https:\/\/diariotextual.com\/inicio\/#website","url":"https:\/\/diariotextual.com\/inicio\/","name":"Diario Textual","description":"","publisher":{"@id":"https:\/\/diariotextual.com\/inicio\/#organization"},"potentialAction":[{"@type":"SearchAction","target":{"@type":"EntryPoint","urlTemplate":"https:\/\/diariotextual.com\/inicio\/?s={search_term_string}"},"query-input":{"@type":"PropertyValueSpecification","valueRequired":true,"valueName":"search_term_string"}}],"inLanguage":"es"},{"@type":"Organization","@id":"https:\/\/diariotextual.com\/inicio\/#organization","name":"Diario Textual","url":"https:\/\/diariotextual.com\/inicio\/","logo":{"@type":"ImageObject","inLanguage":"es","@id":"https:\/\/diariotextual.com\/inicio\/#\/schema\/logo\/image\/","url":"https:\/\/diariotextual.com\/inicio\/wp-content\/uploads\/2023\/05\/logotextual1.jpg","contentUrl":"https:\/\/diariotextual.com\/inicio\/wp-content\/uploads\/2023\/05\/logotextual1.jpg","width":516,"height":76,"caption":"Diario Textual"},"image":{"@id":"https:\/\/diariotextual.com\/inicio\/#\/schema\/logo\/image\/"},"sameAs":["https:\/\/www.facebook.com\/eltextual","https:\/\/x.com\/eltextual","http:\/\/www.instagram.com\/eltextual"]},{"@type":"Person","@id":"https:\/\/diariotextual.com\/inicio\/#\/schema\/person\/418fc4093c33e86ed41562db3508f958","name":"Diario1 Diario1","image":{"@type":"ImageObject","inLanguage":"es","@id":"https:\/\/secure.gravatar.com\/avatar\/9167d280179c85bc18be67aa7eda765854300033af4896dd779b608640f2ef7a?s=96&d=mm&r=g","url":"https:\/\/secure.gravatar.com\/avatar\/9167d280179c85bc18be67aa7eda765854300033af4896dd779b608640f2ef7a?s=96&d=mm&r=g","contentUrl":"https:\/\/secure.gravatar.com\/avatar\/9167d280179c85bc18be67aa7eda765854300033af4896dd779b608640f2ef7a?s=96&d=mm&r=g","caption":"Diario1 Diario1"},"url":"https:\/\/diariotextual.com\/inicio\/index.php\/author\/diario1\/"}]}},"_links":{"self":[{"href":"https:\/\/diariotextual.com\/inicio\/index.php\/wp-json\/wp\/v2\/posts\/253529","targetHints":{"allow":["GET"]}}],"collection":[{"href":"https:\/\/diariotextual.com\/inicio\/index.php\/wp-json\/wp\/v2\/posts"}],"about":[{"href":"https:\/\/diariotextual.com\/inicio\/index.php\/wp-json\/wp\/v2\/types\/post"}],"author":[{"embeddable":true,"href":"https:\/\/diariotextual.com\/inicio\/index.php\/wp-json\/wp\/v2\/users\/3"}],"replies":[{"embeddable":true,"href":"https:\/\/diariotextual.com\/inicio\/index.php\/wp-json\/wp\/v2\/comments?post=253529"}],"version-history":[{"count":2,"href":"https:\/\/diariotextual.com\/inicio\/index.php\/wp-json\/wp\/v2\/posts\/253529\/revisions"}],"predecessor-version":[{"id":253531,"href":"https:\/\/diariotextual.com\/inicio\/index.php\/wp-json\/wp\/v2\/posts\/253529\/revisions\/253531"}],"wp:featuredmedia":[{"embeddable":true,"href":"https:\/\/diariotextual.com\/inicio\/index.php\/wp-json\/wp\/v2\/media\/253371"}],"wp:attachment":[{"href":"https:\/\/diariotextual.com\/inicio\/index.php\/wp-json\/wp\/v2\/media?parent=253529"}],"wp:term":[{"taxonomy":"category","embeddable":true,"href":"https:\/\/diariotextual.com\/inicio\/index.php\/wp-json\/wp\/v2\/categories?post=253529"},{"taxonomy":"post_tag","embeddable":true,"href":"https:\/\/diariotextual.com\/inicio\/index.php\/wp-json\/wp\/v2\/tags?post=253529"}],"curies":[{"name":"wp","href":"https:\/\/api.w.org\/{rel}","templated":true}]}}