{"id":253581,"date":"2024-02-08T11:46:09","date_gmt":"2024-02-08T14:46:09","guid":{"rendered":"https:\/\/diariotextual.com\/inicio\/?p=253581"},"modified":"2024-02-09T10:32:37","modified_gmt":"2024-02-09T13:32:37","slug":"reunion-del-consejo-federal-la-pampa-reclama-que-nacion-envie-fondos-para-educacion","status":"publish","type":"post","link":"https:\/\/diariotextual.com\/inicio\/index.php\/2024\/02\/08\/reunion-del-consejo-federal-la-pampa-reclama-que-nacion-envie-fondos-para-educacion\/","title":{"rendered":"Reuni\u00f3n del Consejo Federal: La Pampa reclama que Naci\u00f3n env\u00ede fondos para Educaci\u00f3n"},"content":{"rendered":"\n<p>La ministra de Educaci\u00f3n de La Pampa, <strong>Marcela Feuerschvenger<\/strong>, participar\u00e1 en la tarde de este jueves de una reuni\u00f3n del <strong>Consejo Federal de Educaci\u00f3n<\/strong>, donde -pudo saber Diario Textual- reclamar\u00e1 para que Naci\u00f3n gire el dinero del <strong>Fondo Nacional de Inventivo Docente (Fonid)<\/strong>, que perciben todas las maestras y maestros del pa\u00eds. <\/p>\n\n\n\n<p>La funcionaria tiene la directiva de no avanzar con otros temas si no se resuelve qu\u00e9 pasar\u00e1 con ese dinero.<strong> Este fondo se constituye de un impuesto interno especial que se aplica a autos y motos, con asignaci\u00f3n espec\u00edfica y por ello entra del universo de las transferencias no autom\u00e1ticas.<\/strong><\/p>\n\n\n\n<p>Naci\u00f3n est\u00e1 incumpliendo con las transferencias a La Pampa y el resto de las jurisdicciones. Recauda el dinero, pero no lo transfiere.<\/p>\n\n\n\n<p>Hay preocupaci\u00f3n en Casa de Gobierno, adem\u00e1s, porque sospechan que esos fondos, que son de asignaci\u00f3n espec\u00edfica, los podr\u00edan estar utilizando con otros fines. En ese marco se habla hasta de presunta malversaci\u00f3n de fondos p\u00fablicos.<\/p>\n\n\n\n<p>De acuerdo con datos de la consultora Politikon Chaco, el gasto devengado para el Fonid fue de $46.855 millones. <\/p>\n\n\n\n<p>El informe distingue el gasto<strong>&nbsp;\u201cdevengado\u201d es decir, cuando se genera la obligaci\u00f3n del pago<\/strong>, del momento en que se cancela la obligaci\u00f3n.<\/p>\n\n\n\n<p>As\u00ed se plantea que\u00a0<strong>el mes pasado solo se transfiri\u00f3 a los gobernadores menos del 1% del importe para el concepto Educaci\u00f3n<\/strong>, que es el que integra el FONID. En t\u00e9rminos estad\u00edsticos fueron unos\u00a0<strong>12 millones de pesos para repartir entre m\u00e1s de 1,2 millones de maestros\u00a0<\/strong>en todo el pa\u00eds (datos del portal Argentinos por la Educaci\u00f3n).<\/p>\n\n\n\n<p>Cuando se liquiden los salarios<strong>\u00a0de enero, los gobiernos provinciales deber\u00e1n compensar ese adicional\u00a0<\/strong>o los docentes ver\u00e1n en sus recibos de sueldo una disminuci\u00f3n de sus ingresos.<\/p>\n\n\n\n<p>En tanto, a\u00a0<strong>Uni\u00f3n Trabajadores de la Educaci\u00f3n de La Pampa<\/strong>\u00a0adhiri\u00f3 a un comunicado de la junta ejecutiva de\u00a0<strong>Ctera<\/strong>, el gremio docente madre a nivel nacional, en el que exige al Gobierno de\u00a0<strong>Javier Milei<\/strong>\u00a0que en forma urgente env\u00ede a las provincias los\u00a0<strong>fondos espec\u00edficos destinados a la docencia.\u00a0<\/strong>Esta situaci\u00f3n conflictiva genera m\u00e1s\u00a0<strong>incertidumbre sobre el inicio del ciclo lectivo 2024.<\/strong><\/p>\n\n\n\n<figure class=\"wp-block-embed is-type-wp-embed is-provider-diario-textual wp-block-embed-diario-textual\"><div class=\"wp-block-embed__wrapper\">\n<blockquote class=\"wp-embedded-content\" data-secret=\"HOPlqy6CQK\"><a href=\"https:\/\/diariotextual.com\/inicio\/index.php\/2024\/02\/08\/mas-incertidumbre-sobre-el-inicio-de-clases-docente-reclaman-a-nacion-envio-de-fondos-especificos-a-las-provincias\/\">M\u00e1s incertidumbre sobre el inicio de clases: docentes reclaman a Naci\u00f3n env\u00edo de fondos espec\u00edficos a las provincias<\/a><\/blockquote><iframe class=\"wp-embedded-content\" sandbox=\"allow-scripts\" security=\"restricted\" style=\"position: absolute; clip: rect(1px, 1px, 1px, 1px);\" title=\"\u00abM\u00e1s incertidumbre sobre el inicio de clases: docentes reclaman a Naci\u00f3n env\u00edo de fondos espec\u00edficos a las provincias\u00bb \u2014 Diario Textual\" src=\"https:\/\/diariotextual.com\/inicio\/index.php\/2024\/02\/08\/mas-incertidumbre-sobre-el-inicio-de-clases-docente-reclaman-a-nacion-envio-de-fondos-especificos-a-las-provincias\/embed\/#?secret=YgX8e74wtv#?secret=HOPlqy6CQK\" data-secret=\"HOPlqy6CQK\" width=\"600\" height=\"338\" frameborder=\"0\" marginwidth=\"0\" marginheight=\"0\" scrolling=\"no\"><\/iframe>\n<\/div><\/figure>\n","protected":false},"excerpt":{"rendered":"<p>La ministra de Educaci\u00f3n de La Pampa, Marcela Feuerschvenger, participar\u00e1 en la tarde de este jueves de una reuni\u00f3n del Consejo Federal de Educaci\u00f3n, donde -pudo saber Diario Textual- reclamar\u00e1&hellip;<\/p>\n","protected":false},"author":3,"featured_media":253586,"comment_status":"closed","ping_status":"open","sticky":false,"template":"","format":"standard","meta":{"_acf_changed":false,"footnotes":""},"categories":[8],"tags":[],"class_list":["post-253581","post","type-post","status-publish","format-standard","has-post-thumbnail","hentry","category-politica"],"acf":[],"yoast_head":"<!-- This site is optimized with the Yoast SEO plugin v27.5 - https:\/\/yoast.com\/product\/yoast-seo-wordpress\/ -->\n<title>Reuni\u00f3n del Consejo Federal: La Pampa reclama que Naci\u00f3n env\u00ede fondos para Educaci\u00f3n - Diario Textual<\/title>\n<meta name=\"robots\" content=\"index, follow, max-snippet:-1, max-image-preview:large, max-video-preview:-1\" \/>\n<link rel=\"canonical\" href=\"https:\/\/diariotextual.com\/inicio\/index.php\/2024\/02\/08\/reunion-del-consejo-federal-la-pampa-reclama-que-nacion-envie-fondos-para-educacion\/\" \/>\n<meta property=\"og:locale\" content=\"es_ES\" \/>\n<meta property=\"og:type\" content=\"article\" \/>\n<meta property=\"og:title\" content=\"Reuni\u00f3n del Consejo Federal: La Pampa reclama que Naci\u00f3n env\u00ede fondos para Educaci\u00f3n - Diario Textual\" \/>\n<meta property=\"og:description\" content=\"La ministra de Educaci\u00f3n de La Pampa, Marcela Feuerschvenger, participar\u00e1 en la tarde de este jueves de una reuni\u00f3n del Consejo Federal de Educaci\u00f3n, donde -pudo saber Diario Textual- reclamar\u00e1&hellip;\" \/>\n<meta property=\"og:url\" content=\"https:\/\/diariotextual.com\/inicio\/index.php\/2024\/02\/08\/reunion-del-consejo-federal-la-pampa-reclama-que-nacion-envie-fondos-para-educacion\/\" \/>\n<meta property=\"og:site_name\" content=\"Diario Textual\" \/>\n<meta property=\"article:publisher\" content=\"https:\/\/www.facebook.com\/eltextual\" \/>\n<meta property=\"article:published_time\" content=\"2024-02-08T14:46:09+00:00\" \/>\n<meta property=\"article:modified_time\" content=\"2024-02-09T13:32:37+00:00\" \/>\n<meta property=\"og:image\" content=\"https:\/\/diariotextual.com\/inicio\/wp-content\/uploads\/2024\/02\/feuerschvengermarcela2024-5.jpg\" \/>\n\t<meta property=\"og:image:width\" content=\"900\" \/>\n\t<meta property=\"og:image:height\" content=\"507\" \/>\n\t<meta property=\"og:image:type\" content=\"image\/jpeg\" \/>\n<meta name=\"author\" content=\"Diario1 Diario1\" \/>\n<meta name=\"twitter:card\" content=\"summary_large_image\" \/>\n<meta name=\"twitter:creator\" content=\"@eltextual\" \/>\n<meta name=\"twitter:site\" content=\"@eltextual\" \/>\n<meta name=\"twitter:label1\" content=\"Escrito por\" \/>\n\t<meta name=\"twitter:data1\" content=\"Diario1 Diario1\" \/>\n\t<meta name=\"twitter:label2\" content=\"Tiempo de lectura\" \/>\n\t<meta name=\"twitter:data2\" content=\"2 minutos\" \/>\n<script type=\"application\/ld+json\" class=\"yoast-schema-graph\">{\"@context\":\"https:\\\/\\\/schema.org\",\"@graph\":[{\"@type\":\"Article\",\"@id\":\"https:\\\/\\\/diariotextual.com\\\/inicio\\\/index.php\\\/2024\\\/02\\\/08\\\/reunion-del-consejo-federal-la-pampa-reclama-que-nacion-envie-fondos-para-educacion\\\/#article\",\"isPartOf\":{\"@id\":\"https:\\\/\\\/diariotextual.com\\\/inicio\\\/index.php\\\/2024\\\/02\\\/08\\\/reunion-del-consejo-federal-la-pampa-reclama-que-nacion-envie-fondos-para-educacion\\\/\"},\"author\":{\"name\":\"Diario1 Diario1\",\"@id\":\"https:\\\/\\\/diariotextual.com\\\/inicio\\\/#\\\/schema\\\/person\\\/418fc4093c33e86ed41562db3508f958\"},\"headline\":\"Reuni\u00f3n del Consejo Federal: La Pampa reclama que Naci\u00f3n env\u00ede fondos para Educaci\u00f3n\",\"datePublished\":\"2024-02-08T14:46:09+00:00\",\"dateModified\":\"2024-02-09T13:32:37+00:00\",\"mainEntityOfPage\":{\"@id\":\"https:\\\/\\\/diariotextual.com\\\/inicio\\\/index.php\\\/2024\\\/02\\\/08\\\/reunion-del-consejo-federal-la-pampa-reclama-que-nacion-envie-fondos-para-educacion\\\/\"},\"wordCount\":406,\"publisher\":{\"@id\":\"https:\\\/\\\/diariotextual.com\\\/inicio\\\/#organization\"},\"image\":{\"@id\":\"https:\\\/\\\/diariotextual.com\\\/inicio\\\/index.php\\\/2024\\\/02\\\/08\\\/reunion-del-consejo-federal-la-pampa-reclama-que-nacion-envie-fondos-para-educacion\\\/#primaryimage\"},\"thumbnailUrl\":\"https:\\\/\\\/diariotextual.com\\\/inicio\\\/wp-content\\\/uploads\\\/2024\\\/02\\\/feuerschvengermarcela2024-5.jpg\",\"articleSection\":[\"POLITICA\"],\"inLanguage\":\"es\"},{\"@type\":\"WebPage\",\"@id\":\"https:\\\/\\\/diariotextual.com\\\/inicio\\\/index.php\\\/2024\\\/02\\\/08\\\/reunion-del-consejo-federal-la-pampa-reclama-que-nacion-envie-fondos-para-educacion\\\/\",\"url\":\"https:\\\/\\\/diariotextual.com\\\/inicio\\\/index.php\\\/2024\\\/02\\\/08\\\/reunion-del-consejo-federal-la-pampa-reclama-que-nacion-envie-fondos-para-educacion\\\/\",\"name\":\"Reuni\u00f3n del Consejo Federal: La Pampa reclama que Naci\u00f3n env\u00ede fondos para Educaci\u00f3n - Diario Textual\",\"isPartOf\":{\"@id\":\"https:\\\/\\\/diariotextual.com\\\/inicio\\\/#website\"},\"primaryImageOfPage\":{\"@id\":\"https:\\\/\\\/diariotextual.com\\\/inicio\\\/index.php\\\/2024\\\/02\\\/08\\\/reunion-del-consejo-federal-la-pampa-reclama-que-nacion-envie-fondos-para-educacion\\\/#primaryimage\"},\"image\":{\"@id\":\"https:\\\/\\\/diariotextual.com\\\/inicio\\\/index.php\\\/2024\\\/02\\\/08\\\/reunion-del-consejo-federal-la-pampa-reclama-que-nacion-envie-fondos-para-educacion\\\/#primaryimage\"},\"thumbnailUrl\":\"https:\\\/\\\/diariotextual.com\\\/inicio\\\/wp-content\\\/uploads\\\/2024\\\/02\\\/feuerschvengermarcela2024-5.jpg\",\"datePublished\":\"2024-02-08T14:46:09+00:00\",\"dateModified\":\"2024-02-09T13:32:37+00:00\",\"breadcrumb\":{\"@id\":\"https:\\\/\\\/diariotextual.com\\\/inicio\\\/index.php\\\/2024\\\/02\\\/08\\\/reunion-del-consejo-federal-la-pampa-reclama-que-nacion-envie-fondos-para-educacion\\\/#breadcrumb\"},\"inLanguage\":\"es\",\"potentialAction\":[{\"@type\":\"ReadAction\",\"target\":[\"https:\\\/\\\/diariotextual.com\\\/inicio\\\/index.php\\\/2024\\\/02\\\/08\\\/reunion-del-consejo-federal-la-pampa-reclama-que-nacion-envie-fondos-para-educacion\\\/\"]}]},{\"@type\":\"ImageObject\",\"inLanguage\":\"es\",\"@id\":\"https:\\\/\\\/diariotextual.com\\\/inicio\\\/index.php\\\/2024\\\/02\\\/08\\\/reunion-del-consejo-federal-la-pampa-reclama-que-nacion-envie-fondos-para-educacion\\\/#primaryimage\",\"url\":\"https:\\\/\\\/diariotextual.com\\\/inicio\\\/wp-content\\\/uploads\\\/2024\\\/02\\\/feuerschvengermarcela2024-5.jpg\",\"contentUrl\":\"https:\\\/\\\/diariotextual.com\\\/inicio\\\/wp-content\\\/uploads\\\/2024\\\/02\\\/feuerschvengermarcela2024-5.jpg\",\"width\":900,\"height\":507},{\"@type\":\"BreadcrumbList\",\"@id\":\"https:\\\/\\\/diariotextual.com\\\/inicio\\\/index.php\\\/2024\\\/02\\\/08\\\/reunion-del-consejo-federal-la-pampa-reclama-que-nacion-envie-fondos-para-educacion\\\/#breadcrumb\",\"itemListElement\":[{\"@type\":\"ListItem\",\"position\":1,\"name\":\"Portada\",\"item\":\"https:\\\/\\\/diariotextual.com\\\/inicio\\\/\"},{\"@type\":\"ListItem\",\"position\":2,\"name\":\"Reuni\u00f3n del Consejo Federal: La Pampa reclama que Naci\u00f3n env\u00ede fondos para Educaci\u00f3n\"}]},{\"@type\":\"WebSite\",\"@id\":\"https:\\\/\\\/diariotextual.com\\\/inicio\\\/#website\",\"url\":\"https:\\\/\\\/diariotextual.com\\\/inicio\\\/\",\"name\":\"Diario Textual\",\"description\":\"\",\"publisher\":{\"@id\":\"https:\\\/\\\/diariotextual.com\\\/inicio\\\/#organization\"},\"potentialAction\":[{\"@type\":\"SearchAction\",\"target\":{\"@type\":\"EntryPoint\",\"urlTemplate\":\"https:\\\/\\\/diariotextual.com\\\/inicio\\\/?s={search_term_string}\"},\"query-input\":{\"@type\":\"PropertyValueSpecification\",\"valueRequired\":true,\"valueName\":\"search_term_string\"}}],\"inLanguage\":\"es\"},{\"@type\":\"Organization\",\"@id\":\"https:\\\/\\\/diariotextual.com\\\/inicio\\\/#organization\",\"name\":\"Diario Textual\",\"url\":\"https:\\\/\\\/diariotextual.com\\\/inicio\\\/\",\"logo\":{\"@type\":\"ImageObject\",\"inLanguage\":\"es\",\"@id\":\"https:\\\/\\\/diariotextual.com\\\/inicio\\\/#\\\/schema\\\/logo\\\/image\\\/\",\"url\":\"https:\\\/\\\/diariotextual.com\\\/inicio\\\/wp-content\\\/uploads\\\/2023\\\/05\\\/logotextual1.jpg\",\"contentUrl\":\"https:\\\/\\\/diariotextual.com\\\/inicio\\\/wp-content\\\/uploads\\\/2023\\\/05\\\/logotextual1.jpg\",\"width\":516,\"height\":76,\"caption\":\"Diario Textual\"},\"image\":{\"@id\":\"https:\\\/\\\/diariotextual.com\\\/inicio\\\/#\\\/schema\\\/logo\\\/image\\\/\"},\"sameAs\":[\"https:\\\/\\\/www.facebook.com\\\/eltextual\",\"https:\\\/\\\/x.com\\\/eltextual\",\"http:\\\/\\\/www.instagram.com\\\/eltextual\"]},{\"@type\":\"Person\",\"@id\":\"https:\\\/\\\/diariotextual.com\\\/inicio\\\/#\\\/schema\\\/person\\\/418fc4093c33e86ed41562db3508f958\",\"name\":\"Diario1 Diario1\",\"image\":{\"@type\":\"ImageObject\",\"inLanguage\":\"es\",\"@id\":\"https:\\\/\\\/secure.gravatar.com\\\/avatar\\\/9167d280179c85bc18be67aa7eda765854300033af4896dd779b608640f2ef7a?s=96&d=mm&r=g\",\"url\":\"https:\\\/\\\/secure.gravatar.com\\\/avatar\\\/9167d280179c85bc18be67aa7eda765854300033af4896dd779b608640f2ef7a?s=96&d=mm&r=g\",\"contentUrl\":\"https:\\\/\\\/secure.gravatar.com\\\/avatar\\\/9167d280179c85bc18be67aa7eda765854300033af4896dd779b608640f2ef7a?s=96&d=mm&r=g\",\"caption\":\"Diario1 Diario1\"},\"url\":\"https:\\\/\\\/diariotextual.com\\\/inicio\\\/index.php\\\/author\\\/diario1\\\/\"}]}<\/script>\n<!-- \/ Yoast SEO plugin. -->","yoast_head_json":{"title":"Reuni\u00f3n del Consejo Federal: La Pampa reclama que Naci\u00f3n env\u00ede fondos para Educaci\u00f3n - Diario Textual","robots":{"index":"index","follow":"follow","max-snippet":"max-snippet:-1","max-image-preview":"max-image-preview:large","max-video-preview":"max-video-preview:-1"},"canonical":"https:\/\/diariotextual.com\/inicio\/index.php\/2024\/02\/08\/reunion-del-consejo-federal-la-pampa-reclama-que-nacion-envie-fondos-para-educacion\/","og_locale":"es_ES","og_type":"article","og_title":"Reuni\u00f3n del Consejo Federal: La Pampa reclama que Naci\u00f3n env\u00ede fondos para Educaci\u00f3n - Diario Textual","og_description":"La ministra de Educaci\u00f3n de La Pampa, Marcela Feuerschvenger, participar\u00e1 en la tarde de este jueves de una reuni\u00f3n del Consejo Federal de Educaci\u00f3n, donde -pudo saber Diario Textual- reclamar\u00e1&hellip;","og_url":"https:\/\/diariotextual.com\/inicio\/index.php\/2024\/02\/08\/reunion-del-consejo-federal-la-pampa-reclama-que-nacion-envie-fondos-para-educacion\/","og_site_name":"Diario Textual","article_publisher":"https:\/\/www.facebook.com\/eltextual","article_published_time":"2024-02-08T14:46:09+00:00","article_modified_time":"2024-02-09T13:32:37+00:00","og_image":[{"width":900,"height":507,"url":"https:\/\/diariotextual.com\/inicio\/wp-content\/uploads\/2024\/02\/feuerschvengermarcela2024-5.jpg","type":"image\/jpeg"}],"author":"Diario1 Diario1","twitter_card":"summary_large_image","twitter_creator":"@eltextual","twitter_site":"@eltextual","twitter_misc":{"Escrito por":"Diario1 Diario1","Tiempo de lectura":"2 minutos"},"schema":{"@context":"https:\/\/schema.org","@graph":[{"@type":"Article","@id":"https:\/\/diariotextual.com\/inicio\/index.php\/2024\/02\/08\/reunion-del-consejo-federal-la-pampa-reclama-que-nacion-envie-fondos-para-educacion\/#article","isPartOf":{"@id":"https:\/\/diariotextual.com\/inicio\/index.php\/2024\/02\/08\/reunion-del-consejo-federal-la-pampa-reclama-que-nacion-envie-fondos-para-educacion\/"},"author":{"name":"Diario1 Diario1","@id":"https:\/\/diariotextual.com\/inicio\/#\/schema\/person\/418fc4093c33e86ed41562db3508f958"},"headline":"Reuni\u00f3n del Consejo Federal: La Pampa reclama que Naci\u00f3n env\u00ede fondos para Educaci\u00f3n","datePublished":"2024-02-08T14:46:09+00:00","dateModified":"2024-02-09T13:32:37+00:00","mainEntityOfPage":{"@id":"https:\/\/diariotextual.com\/inicio\/index.php\/2024\/02\/08\/reunion-del-consejo-federal-la-pampa-reclama-que-nacion-envie-fondos-para-educacion\/"},"wordCount":406,"publisher":{"@id":"https:\/\/diariotextual.com\/inicio\/#organization"},"image":{"@id":"https:\/\/diariotextual.com\/inicio\/index.php\/2024\/02\/08\/reunion-del-consejo-federal-la-pampa-reclama-que-nacion-envie-fondos-para-educacion\/#primaryimage"},"thumbnailUrl":"https:\/\/diariotextual.com\/inicio\/wp-content\/uploads\/2024\/02\/feuerschvengermarcela2024-5.jpg","articleSection":["POLITICA"],"inLanguage":"es"},{"@type":"WebPage","@id":"https:\/\/diariotextual.com\/inicio\/index.php\/2024\/02\/08\/reunion-del-consejo-federal-la-pampa-reclama-que-nacion-envie-fondos-para-educacion\/","url":"https:\/\/diariotextual.com\/inicio\/index.php\/2024\/02\/08\/reunion-del-consejo-federal-la-pampa-reclama-que-nacion-envie-fondos-para-educacion\/","name":"Reuni\u00f3n del Consejo Federal: La Pampa reclama que Naci\u00f3n env\u00ede fondos para Educaci\u00f3n - Diario Textual","isPartOf":{"@id":"https:\/\/diariotextual.com\/inicio\/#website"},"primaryImageOfPage":{"@id":"https:\/\/diariotextual.com\/inicio\/index.php\/2024\/02\/08\/reunion-del-consejo-federal-la-pampa-reclama-que-nacion-envie-fondos-para-educacion\/#primaryimage"},"image":{"@id":"https:\/\/diariotextual.com\/inicio\/index.php\/2024\/02\/08\/reunion-del-consejo-federal-la-pampa-reclama-que-nacion-envie-fondos-para-educacion\/#primaryimage"},"thumbnailUrl":"https:\/\/diariotextual.com\/inicio\/wp-content\/uploads\/2024\/02\/feuerschvengermarcela2024-5.jpg","datePublished":"2024-02-08T14:46:09+00:00","dateModified":"2024-02-09T13:32:37+00:00","breadcrumb":{"@id":"https:\/\/diariotextual.com\/inicio\/index.php\/2024\/02\/08\/reunion-del-consejo-federal-la-pampa-reclama-que-nacion-envie-fondos-para-educacion\/#breadcrumb"},"inLanguage":"es","potentialAction":[{"@type":"ReadAction","target":["https:\/\/diariotextual.com\/inicio\/index.php\/2024\/02\/08\/reunion-del-consejo-federal-la-pampa-reclama-que-nacion-envie-fondos-para-educacion\/"]}]},{"@type":"ImageObject","inLanguage":"es","@id":"https:\/\/diariotextual.com\/inicio\/index.php\/2024\/02\/08\/reunion-del-consejo-federal-la-pampa-reclama-que-nacion-envie-fondos-para-educacion\/#primaryimage","url":"https:\/\/diariotextual.com\/inicio\/wp-content\/uploads\/2024\/02\/feuerschvengermarcela2024-5.jpg","contentUrl":"https:\/\/diariotextual.com\/inicio\/wp-content\/uploads\/2024\/02\/feuerschvengermarcela2024-5.jpg","width":900,"height":507},{"@type":"BreadcrumbList","@id":"https:\/\/diariotextual.com\/inicio\/index.php\/2024\/02\/08\/reunion-del-consejo-federal-la-pampa-reclama-que-nacion-envie-fondos-para-educacion\/#breadcrumb","itemListElement":[{"@type":"ListItem","position":1,"name":"Portada","item":"https:\/\/diariotextual.com\/inicio\/"},{"@type":"ListItem","position":2,"name":"Reuni\u00f3n del Consejo Federal: La Pampa reclama que Naci\u00f3n env\u00ede fondos para Educaci\u00f3n"}]},{"@type":"WebSite","@id":"https:\/\/diariotextual.com\/inicio\/#website","url":"https:\/\/diariotextual.com\/inicio\/","name":"Diario Textual","description":"","publisher":{"@id":"https:\/\/diariotextual.com\/inicio\/#organization"},"potentialAction":[{"@type":"SearchAction","target":{"@type":"EntryPoint","urlTemplate":"https:\/\/diariotextual.com\/inicio\/?s={search_term_string}"},"query-input":{"@type":"PropertyValueSpecification","valueRequired":true,"valueName":"search_term_string"}}],"inLanguage":"es"},{"@type":"Organization","@id":"https:\/\/diariotextual.com\/inicio\/#organization","name":"Diario Textual","url":"https:\/\/diariotextual.com\/inicio\/","logo":{"@type":"ImageObject","inLanguage":"es","@id":"https:\/\/diariotextual.com\/inicio\/#\/schema\/logo\/image\/","url":"https:\/\/diariotextual.com\/inicio\/wp-content\/uploads\/2023\/05\/logotextual1.jpg","contentUrl":"https:\/\/diariotextual.com\/inicio\/wp-content\/uploads\/2023\/05\/logotextual1.jpg","width":516,"height":76,"caption":"Diario Textual"},"image":{"@id":"https:\/\/diariotextual.com\/inicio\/#\/schema\/logo\/image\/"},"sameAs":["https:\/\/www.facebook.com\/eltextual","https:\/\/x.com\/eltextual","http:\/\/www.instagram.com\/eltextual"]},{"@type":"Person","@id":"https:\/\/diariotextual.com\/inicio\/#\/schema\/person\/418fc4093c33e86ed41562db3508f958","name":"Diario1 Diario1","image":{"@type":"ImageObject","inLanguage":"es","@id":"https:\/\/secure.gravatar.com\/avatar\/9167d280179c85bc18be67aa7eda765854300033af4896dd779b608640f2ef7a?s=96&d=mm&r=g","url":"https:\/\/secure.gravatar.com\/avatar\/9167d280179c85bc18be67aa7eda765854300033af4896dd779b608640f2ef7a?s=96&d=mm&r=g","contentUrl":"https:\/\/secure.gravatar.com\/avatar\/9167d280179c85bc18be67aa7eda765854300033af4896dd779b608640f2ef7a?s=96&d=mm&r=g","caption":"Diario1 Diario1"},"url":"https:\/\/diariotextual.com\/inicio\/index.php\/author\/diario1\/"}]}},"_links":{"self":[{"href":"https:\/\/diariotextual.com\/inicio\/index.php\/wp-json\/wp\/v2\/posts\/253581","targetHints":{"allow":["GET"]}}],"collection":[{"href":"https:\/\/diariotextual.com\/inicio\/index.php\/wp-json\/wp\/v2\/posts"}],"about":[{"href":"https:\/\/diariotextual.com\/inicio\/index.php\/wp-json\/wp\/v2\/types\/post"}],"author":[{"embeddable":true,"href":"https:\/\/diariotextual.com\/inicio\/index.php\/wp-json\/wp\/v2\/users\/3"}],"replies":[{"embeddable":true,"href":"https:\/\/diariotextual.com\/inicio\/index.php\/wp-json\/wp\/v2\/comments?post=253581"}],"version-history":[{"count":4,"href":"https:\/\/diariotextual.com\/inicio\/index.php\/wp-json\/wp\/v2\/posts\/253581\/revisions"}],"predecessor-version":[{"id":253591,"href":"https:\/\/diariotextual.com\/inicio\/index.php\/wp-json\/wp\/v2\/posts\/253581\/revisions\/253591"}],"wp:featuredmedia":[{"embeddable":true,"href":"https:\/\/diariotextual.com\/inicio\/index.php\/wp-json\/wp\/v2\/media\/253586"}],"wp:attachment":[{"href":"https:\/\/diariotextual.com\/inicio\/index.php\/wp-json\/wp\/v2\/media?parent=253581"}],"wp:term":[{"taxonomy":"category","embeddable":true,"href":"https:\/\/diariotextual.com\/inicio\/index.php\/wp-json\/wp\/v2\/categories?post=253581"},{"taxonomy":"post_tag","embeddable":true,"href":"https:\/\/diariotextual.com\/inicio\/index.php\/wp-json\/wp\/v2\/tags?post=253581"}],"curies":[{"name":"wp","href":"https:\/\/api.w.org\/{rel}","templated":true}]}}