{"id":253605,"date":"2024-02-08T13:14:27","date_gmt":"2024-02-08T16:14:27","guid":{"rendered":"https:\/\/diariotextual.com\/inicio\/?p=253605"},"modified":"2024-02-08T13:14:29","modified_gmt":"2024-02-08T16:14:29","slug":"balsa-a-ardohain-no-se-hagan-los-sotas-gobiernan-con-milei","status":"publish","type":"post","link":"https:\/\/diariotextual.com\/inicio\/index.php\/2024\/02\/08\/balsa-a-ardohain-no-se-hagan-los-sotas-gobiernan-con-milei\/","title":{"rendered":"Balsa a Ardohain: \u201cNo se hagan los sotas, gobiernan con Milei\u201d"},"content":{"rendered":"\n<p><strong>Mart\u00edn Balsa, diputado provincial del Frejupa<\/strong>, le contest\u00f3 al <strong>legislador nacional Mart\u00edn Ardohain (PRO<\/strong>) y lo <strong>cuestion\u00f3 por su voto para quitar el beneficio de la zona fr\u00eda para el gas natural a nuestra provincia<\/strong>, adem\u00e1s de dar su voto a los superpoderes.<\/p>\n\n\n\n<p>\u201c<strong>Votaron para quitarle a La Pampa el beneficio de la zona fr\u00eda para el gas, le dieron superpoderes a un presidente que quiere fundir a la provincia<\/strong> y no le ha girado un solo peso desde que asumi\u00f3, porque gobiernan con Milei, que no se hagan los sotas, que en La Pampa nos conocemos todos. Milei no estar\u00eda donde est\u00e1 si ellos no lo hubieran apoyado en el ballotage, as\u00ed que h\u00e1ganse responsables. Y <strong>este gobierno es m\u00e1s de ellos que de Milei, porque sus principales figuras vienen del macrismo: Caputo, Bullrich, \u00bfson libertarios ahora?<\/strong>\u201d, expres\u00f3 el legislador de Nuevo Encuentro.<\/p>\n\n\n\n<p>Tambi\u00e9n se pregunt\u00f3: \u201c\u00bfCu\u00e1ntas otras cosas le hubieran votado si la Ley \u00d3mnibus hubiera seguido su tr\u00e1mite en el Congreso? \u00bf<strong>C\u00f3mo le explican a los pampeanos que tambi\u00e9n estaban dispuestos a apoyar que no existieran m\u00e1s lo beneficios para los jubilados patag\u00f3nicos? \u00bfC\u00f3mo le explican que votaron a favor de quitarnos los beneficios de la zona petrolera que hacen que tengamos la nafta un 25 por ciento m\u00e1s barata?\u201d.<\/strong><\/p>\n\n\n\n<p>\u201c<strong>Que no diga Ardohain que lo hizo por el pa\u00eds, porque eso no se lo cree nadie, lo hizo porque se lo orden\u00f3 su jefe pol\u00edtico, Mauricio Macri y eso para \u00e9l y para Mart\u00edn Maquieyra vale m\u00e1s que la defensa de los derechos de La Pampa<\/strong>. Ya lo demostraron en m\u00e1s de una ocasi\u00f3n\u201d, sostuvo Balsa.<\/p>\n\n\n\n<p>Por \u00faltimo, el diputado del Frejupa lament\u00f3: \u201c<strong>Desde su posici\u00f3n acomodada, Ardohain habla de \u2018bolsillos de payasos\u2019 y le pide a la gente que elija si quiere irse de vacaciones o quiere ir al supermercado<\/strong>. Cuando la realidad es que, con esta inflaci\u00f3n descontrolada, que el propio gobierno fomenta con su megadevaluaci\u00f3n y con su liberaci\u00f3n total de los precios de todo, la gente est\u00e1 eligiendo, en muchos casos, si va a comer o si va a comprar medicamentos, si va a comer o si se va a poder comprar ropa, si va a comer o si le puede cambiar las zapatillas viejas a los pibes. Es muy dram\u00e1tico lo que est\u00e1 pasando, como para que este se\u00f1or venga y diga: \u00a1aj\u00fastense, no pueden seguir as\u00ed! Mientras el presidente le sigue regalando todos los d\u00edas a las grandes empresas la oportunidad de hacer lo que se les canta con los precios de todo: de los medicamentos, de la comida, de los combustibles\u201d.<\/p>\n","protected":false},"excerpt":{"rendered":"<p>Mart\u00edn Balsa, diputado provincial del Frejupa, le contest\u00f3 al legislador nacional Mart\u00edn Ardohain (PRO) y lo cuestion\u00f3 por su voto para quitar el beneficio de la zona fr\u00eda para el&hellip;<\/p>\n","protected":false},"author":5,"featured_media":209972,"comment_status":"closed","ping_status":"open","sticky":false,"template":"","format":"standard","meta":{"_acf_changed":false,"footnotes":""},"categories":[1,8],"tags":[],"class_list":["post-253605","post","type-post","status-publish","format-standard","has-post-thumbnail","hentry","category-es-noticia","category-politica"],"acf":[],"yoast_head":"<!-- This site is optimized with the Yoast SEO plugin v27.5 - https:\/\/yoast.com\/product\/yoast-seo-wordpress\/ -->\n<title>Balsa a Ardohain: \u201cNo se hagan los sotas, gobiernan con Milei\u201d - Diario Textual<\/title>\n<meta name=\"robots\" content=\"index, follow, max-snippet:-1, max-image-preview:large, max-video-preview:-1\" \/>\n<link rel=\"canonical\" href=\"https:\/\/diariotextual.com\/inicio\/index.php\/2024\/02\/08\/balsa-a-ardohain-no-se-hagan-los-sotas-gobiernan-con-milei\/\" \/>\n<meta property=\"og:locale\" content=\"es_ES\" \/>\n<meta property=\"og:type\" content=\"article\" \/>\n<meta property=\"og:title\" content=\"Balsa a Ardohain: \u201cNo se hagan los sotas, gobiernan con Milei\u201d - Diario Textual\" \/>\n<meta property=\"og:description\" content=\"Mart\u00edn Balsa, diputado provincial del Frejupa, le contest\u00f3 al legislador nacional Mart\u00edn Ardohain (PRO) y lo cuestion\u00f3 por su voto para quitar el beneficio de la zona fr\u00eda para el&hellip;\" \/>\n<meta property=\"og:url\" content=\"https:\/\/diariotextual.com\/inicio\/index.php\/2024\/02\/08\/balsa-a-ardohain-no-se-hagan-los-sotas-gobiernan-con-milei\/\" \/>\n<meta property=\"og:site_name\" content=\"Diario Textual\" \/>\n<meta property=\"article:publisher\" content=\"https:\/\/www.facebook.com\/eltextual\" \/>\n<meta property=\"article:published_time\" content=\"2024-02-08T16:14:27+00:00\" \/>\n<meta property=\"article:modified_time\" content=\"2024-02-08T16:14:29+00:00\" \/>\n<meta property=\"og:image\" content=\"https:\/\/diariotextual.com\/inicio\/wp-content\/uploads\/2022\/12\/balsamartin2022-1.jpg\" \/>\n\t<meta property=\"og:image:width\" content=\"738\" \/>\n\t<meta property=\"og:image:height\" content=\"585\" \/>\n\t<meta property=\"og:image:type\" content=\"image\/jpeg\" \/>\n<meta name=\"author\" content=\"diario3\" \/>\n<meta name=\"twitter:card\" content=\"summary_large_image\" \/>\n<meta name=\"twitter:creator\" content=\"@eltextual\" \/>\n<meta name=\"twitter:site\" content=\"@eltextual\" \/>\n<meta name=\"twitter:label1\" content=\"Escrito por\" \/>\n\t<meta name=\"twitter:data1\" content=\"diario3\" \/>\n\t<meta name=\"twitter:label2\" content=\"Tiempo de lectura\" \/>\n\t<meta name=\"twitter:data2\" content=\"3 minutos\" \/>\n<script type=\"application\/ld+json\" class=\"yoast-schema-graph\">{\"@context\":\"https:\\\/\\\/schema.org\",\"@graph\":[{\"@type\":\"Article\",\"@id\":\"https:\\\/\\\/diariotextual.com\\\/inicio\\\/index.php\\\/2024\\\/02\\\/08\\\/balsa-a-ardohain-no-se-hagan-los-sotas-gobiernan-con-milei\\\/#article\",\"isPartOf\":{\"@id\":\"https:\\\/\\\/diariotextual.com\\\/inicio\\\/index.php\\\/2024\\\/02\\\/08\\\/balsa-a-ardohain-no-se-hagan-los-sotas-gobiernan-con-milei\\\/\"},\"author\":{\"name\":\"diario3\",\"@id\":\"https:\\\/\\\/diariotextual.com\\\/inicio\\\/#\\\/schema\\\/person\\\/a1b6f563e0ee944c60f98119389a4d9f\"},\"headline\":\"Balsa a Ardohain: \u201cNo se hagan los sotas, gobiernan con Milei\u201d\",\"datePublished\":\"2024-02-08T16:14:27+00:00\",\"dateModified\":\"2024-02-08T16:14:29+00:00\",\"mainEntityOfPage\":{\"@id\":\"https:\\\/\\\/diariotextual.com\\\/inicio\\\/index.php\\\/2024\\\/02\\\/08\\\/balsa-a-ardohain-no-se-hagan-los-sotas-gobiernan-con-milei\\\/\"},\"wordCount\":473,\"publisher\":{\"@id\":\"https:\\\/\\\/diariotextual.com\\\/inicio\\\/#organization\"},\"image\":{\"@id\":\"https:\\\/\\\/diariotextual.com\\\/inicio\\\/index.php\\\/2024\\\/02\\\/08\\\/balsa-a-ardohain-no-se-hagan-los-sotas-gobiernan-con-milei\\\/#primaryimage\"},\"thumbnailUrl\":\"https:\\\/\\\/diariotextual.com\\\/inicio\\\/wp-content\\\/uploads\\\/2022\\\/12\\\/balsamartin2022-1.jpg\",\"articleSection\":[\"A - ES NOTICIA (van abajo)\",\"POLITICA\"],\"inLanguage\":\"es\"},{\"@type\":\"WebPage\",\"@id\":\"https:\\\/\\\/diariotextual.com\\\/inicio\\\/index.php\\\/2024\\\/02\\\/08\\\/balsa-a-ardohain-no-se-hagan-los-sotas-gobiernan-con-milei\\\/\",\"url\":\"https:\\\/\\\/diariotextual.com\\\/inicio\\\/index.php\\\/2024\\\/02\\\/08\\\/balsa-a-ardohain-no-se-hagan-los-sotas-gobiernan-con-milei\\\/\",\"name\":\"Balsa a Ardohain: \u201cNo se hagan los sotas, gobiernan con Milei\u201d - Diario Textual\",\"isPartOf\":{\"@id\":\"https:\\\/\\\/diariotextual.com\\\/inicio\\\/#website\"},\"primaryImageOfPage\":{\"@id\":\"https:\\\/\\\/diariotextual.com\\\/inicio\\\/index.php\\\/2024\\\/02\\\/08\\\/balsa-a-ardohain-no-se-hagan-los-sotas-gobiernan-con-milei\\\/#primaryimage\"},\"image\":{\"@id\":\"https:\\\/\\\/diariotextual.com\\\/inicio\\\/index.php\\\/2024\\\/02\\\/08\\\/balsa-a-ardohain-no-se-hagan-los-sotas-gobiernan-con-milei\\\/#primaryimage\"},\"thumbnailUrl\":\"https:\\\/\\\/diariotextual.com\\\/inicio\\\/wp-content\\\/uploads\\\/2022\\\/12\\\/balsamartin2022-1.jpg\",\"datePublished\":\"2024-02-08T16:14:27+00:00\",\"dateModified\":\"2024-02-08T16:14:29+00:00\",\"breadcrumb\":{\"@id\":\"https:\\\/\\\/diariotextual.com\\\/inicio\\\/index.php\\\/2024\\\/02\\\/08\\\/balsa-a-ardohain-no-se-hagan-los-sotas-gobiernan-con-milei\\\/#breadcrumb\"},\"inLanguage\":\"es\",\"potentialAction\":[{\"@type\":\"ReadAction\",\"target\":[\"https:\\\/\\\/diariotextual.com\\\/inicio\\\/index.php\\\/2024\\\/02\\\/08\\\/balsa-a-ardohain-no-se-hagan-los-sotas-gobiernan-con-milei\\\/\"]}]},{\"@type\":\"ImageObject\",\"inLanguage\":\"es\",\"@id\":\"https:\\\/\\\/diariotextual.com\\\/inicio\\\/index.php\\\/2024\\\/02\\\/08\\\/balsa-a-ardohain-no-se-hagan-los-sotas-gobiernan-con-milei\\\/#primaryimage\",\"url\":\"https:\\\/\\\/diariotextual.com\\\/inicio\\\/wp-content\\\/uploads\\\/2022\\\/12\\\/balsamartin2022-1.jpg\",\"contentUrl\":\"https:\\\/\\\/diariotextual.com\\\/inicio\\\/wp-content\\\/uploads\\\/2022\\\/12\\\/balsamartin2022-1.jpg\",\"width\":738,\"height\":585},{\"@type\":\"BreadcrumbList\",\"@id\":\"https:\\\/\\\/diariotextual.com\\\/inicio\\\/index.php\\\/2024\\\/02\\\/08\\\/balsa-a-ardohain-no-se-hagan-los-sotas-gobiernan-con-milei\\\/#breadcrumb\",\"itemListElement\":[{\"@type\":\"ListItem\",\"position\":1,\"name\":\"Portada\",\"item\":\"https:\\\/\\\/diariotextual.com\\\/inicio\\\/\"},{\"@type\":\"ListItem\",\"position\":2,\"name\":\"Balsa a Ardohain: \u201cNo se hagan los sotas, gobiernan con Milei\u201d\"}]},{\"@type\":\"WebSite\",\"@id\":\"https:\\\/\\\/diariotextual.com\\\/inicio\\\/#website\",\"url\":\"https:\\\/\\\/diariotextual.com\\\/inicio\\\/\",\"name\":\"Diario Textual\",\"description\":\"\",\"publisher\":{\"@id\":\"https:\\\/\\\/diariotextual.com\\\/inicio\\\/#organization\"},\"potentialAction\":[{\"@type\":\"SearchAction\",\"target\":{\"@type\":\"EntryPoint\",\"urlTemplate\":\"https:\\\/\\\/diariotextual.com\\\/inicio\\\/?s={search_term_string}\"},\"query-input\":{\"@type\":\"PropertyValueSpecification\",\"valueRequired\":true,\"valueName\":\"search_term_string\"}}],\"inLanguage\":\"es\"},{\"@type\":\"Organization\",\"@id\":\"https:\\\/\\\/diariotextual.com\\\/inicio\\\/#organization\",\"name\":\"Diario Textual\",\"url\":\"https:\\\/\\\/diariotextual.com\\\/inicio\\\/\",\"logo\":{\"@type\":\"ImageObject\",\"inLanguage\":\"es\",\"@id\":\"https:\\\/\\\/diariotextual.com\\\/inicio\\\/#\\\/schema\\\/logo\\\/image\\\/\",\"url\":\"https:\\\/\\\/diariotextual.com\\\/inicio\\\/wp-content\\\/uploads\\\/2023\\\/05\\\/logotextual1.jpg\",\"contentUrl\":\"https:\\\/\\\/diariotextual.com\\\/inicio\\\/wp-content\\\/uploads\\\/2023\\\/05\\\/logotextual1.jpg\",\"width\":516,\"height\":76,\"caption\":\"Diario Textual\"},\"image\":{\"@id\":\"https:\\\/\\\/diariotextual.com\\\/inicio\\\/#\\\/schema\\\/logo\\\/image\\\/\"},\"sameAs\":[\"https:\\\/\\\/www.facebook.com\\\/eltextual\",\"https:\\\/\\\/x.com\\\/eltextual\",\"http:\\\/\\\/www.instagram.com\\\/eltextual\"]},{\"@type\":\"Person\",\"@id\":\"https:\\\/\\\/diariotextual.com\\\/inicio\\\/#\\\/schema\\\/person\\\/a1b6f563e0ee944c60f98119389a4d9f\",\"name\":\"diario3\",\"image\":{\"@type\":\"ImageObject\",\"inLanguage\":\"es\",\"@id\":\"https:\\\/\\\/secure.gravatar.com\\\/avatar\\\/5e7ee62c82fc04d9dd79d746a390d93c69c43223e5faeeb3ea9461ef752bfc5d?s=96&d=mm&r=g\",\"url\":\"https:\\\/\\\/secure.gravatar.com\\\/avatar\\\/5e7ee62c82fc04d9dd79d746a390d93c69c43223e5faeeb3ea9461ef752bfc5d?s=96&d=mm&r=g\",\"contentUrl\":\"https:\\\/\\\/secure.gravatar.com\\\/avatar\\\/5e7ee62c82fc04d9dd79d746a390d93c69c43223e5faeeb3ea9461ef752bfc5d?s=96&d=mm&r=g\",\"caption\":\"diario3\"},\"url\":\"https:\\\/\\\/diariotextual.com\\\/inicio\\\/index.php\\\/author\\\/diario3\\\/\"}]}<\/script>\n<!-- \/ Yoast SEO plugin. -->","yoast_head_json":{"title":"Balsa a Ardohain: \u201cNo se hagan los sotas, gobiernan con Milei\u201d - Diario Textual","robots":{"index":"index","follow":"follow","max-snippet":"max-snippet:-1","max-image-preview":"max-image-preview:large","max-video-preview":"max-video-preview:-1"},"canonical":"https:\/\/diariotextual.com\/inicio\/index.php\/2024\/02\/08\/balsa-a-ardohain-no-se-hagan-los-sotas-gobiernan-con-milei\/","og_locale":"es_ES","og_type":"article","og_title":"Balsa a Ardohain: \u201cNo se hagan los sotas, gobiernan con Milei\u201d - Diario Textual","og_description":"Mart\u00edn Balsa, diputado provincial del Frejupa, le contest\u00f3 al legislador nacional Mart\u00edn Ardohain (PRO) y lo cuestion\u00f3 por su voto para quitar el beneficio de la zona fr\u00eda para el&hellip;","og_url":"https:\/\/diariotextual.com\/inicio\/index.php\/2024\/02\/08\/balsa-a-ardohain-no-se-hagan-los-sotas-gobiernan-con-milei\/","og_site_name":"Diario Textual","article_publisher":"https:\/\/www.facebook.com\/eltextual","article_published_time":"2024-02-08T16:14:27+00:00","article_modified_time":"2024-02-08T16:14:29+00:00","og_image":[{"width":738,"height":585,"url":"https:\/\/diariotextual.com\/inicio\/wp-content\/uploads\/2022\/12\/balsamartin2022-1.jpg","type":"image\/jpeg"}],"author":"diario3","twitter_card":"summary_large_image","twitter_creator":"@eltextual","twitter_site":"@eltextual","twitter_misc":{"Escrito por":"diario3","Tiempo de lectura":"3 minutos"},"schema":{"@context":"https:\/\/schema.org","@graph":[{"@type":"Article","@id":"https:\/\/diariotextual.com\/inicio\/index.php\/2024\/02\/08\/balsa-a-ardohain-no-se-hagan-los-sotas-gobiernan-con-milei\/#article","isPartOf":{"@id":"https:\/\/diariotextual.com\/inicio\/index.php\/2024\/02\/08\/balsa-a-ardohain-no-se-hagan-los-sotas-gobiernan-con-milei\/"},"author":{"name":"diario3","@id":"https:\/\/diariotextual.com\/inicio\/#\/schema\/person\/a1b6f563e0ee944c60f98119389a4d9f"},"headline":"Balsa a Ardohain: \u201cNo se hagan los sotas, gobiernan con Milei\u201d","datePublished":"2024-02-08T16:14:27+00:00","dateModified":"2024-02-08T16:14:29+00:00","mainEntityOfPage":{"@id":"https:\/\/diariotextual.com\/inicio\/index.php\/2024\/02\/08\/balsa-a-ardohain-no-se-hagan-los-sotas-gobiernan-con-milei\/"},"wordCount":473,"publisher":{"@id":"https:\/\/diariotextual.com\/inicio\/#organization"},"image":{"@id":"https:\/\/diariotextual.com\/inicio\/index.php\/2024\/02\/08\/balsa-a-ardohain-no-se-hagan-los-sotas-gobiernan-con-milei\/#primaryimage"},"thumbnailUrl":"https:\/\/diariotextual.com\/inicio\/wp-content\/uploads\/2022\/12\/balsamartin2022-1.jpg","articleSection":["A - ES NOTICIA (van abajo)","POLITICA"],"inLanguage":"es"},{"@type":"WebPage","@id":"https:\/\/diariotextual.com\/inicio\/index.php\/2024\/02\/08\/balsa-a-ardohain-no-se-hagan-los-sotas-gobiernan-con-milei\/","url":"https:\/\/diariotextual.com\/inicio\/index.php\/2024\/02\/08\/balsa-a-ardohain-no-se-hagan-los-sotas-gobiernan-con-milei\/","name":"Balsa a Ardohain: \u201cNo se hagan los sotas, gobiernan con Milei\u201d - Diario Textual","isPartOf":{"@id":"https:\/\/diariotextual.com\/inicio\/#website"},"primaryImageOfPage":{"@id":"https:\/\/diariotextual.com\/inicio\/index.php\/2024\/02\/08\/balsa-a-ardohain-no-se-hagan-los-sotas-gobiernan-con-milei\/#primaryimage"},"image":{"@id":"https:\/\/diariotextual.com\/inicio\/index.php\/2024\/02\/08\/balsa-a-ardohain-no-se-hagan-los-sotas-gobiernan-con-milei\/#primaryimage"},"thumbnailUrl":"https:\/\/diariotextual.com\/inicio\/wp-content\/uploads\/2022\/12\/balsamartin2022-1.jpg","datePublished":"2024-02-08T16:14:27+00:00","dateModified":"2024-02-08T16:14:29+00:00","breadcrumb":{"@id":"https:\/\/diariotextual.com\/inicio\/index.php\/2024\/02\/08\/balsa-a-ardohain-no-se-hagan-los-sotas-gobiernan-con-milei\/#breadcrumb"},"inLanguage":"es","potentialAction":[{"@type":"ReadAction","target":["https:\/\/diariotextual.com\/inicio\/index.php\/2024\/02\/08\/balsa-a-ardohain-no-se-hagan-los-sotas-gobiernan-con-milei\/"]}]},{"@type":"ImageObject","inLanguage":"es","@id":"https:\/\/diariotextual.com\/inicio\/index.php\/2024\/02\/08\/balsa-a-ardohain-no-se-hagan-los-sotas-gobiernan-con-milei\/#primaryimage","url":"https:\/\/diariotextual.com\/inicio\/wp-content\/uploads\/2022\/12\/balsamartin2022-1.jpg","contentUrl":"https:\/\/diariotextual.com\/inicio\/wp-content\/uploads\/2022\/12\/balsamartin2022-1.jpg","width":738,"height":585},{"@type":"BreadcrumbList","@id":"https:\/\/diariotextual.com\/inicio\/index.php\/2024\/02\/08\/balsa-a-ardohain-no-se-hagan-los-sotas-gobiernan-con-milei\/#breadcrumb","itemListElement":[{"@type":"ListItem","position":1,"name":"Portada","item":"https:\/\/diariotextual.com\/inicio\/"},{"@type":"ListItem","position":2,"name":"Balsa a Ardohain: \u201cNo se hagan los sotas, gobiernan con Milei\u201d"}]},{"@type":"WebSite","@id":"https:\/\/diariotextual.com\/inicio\/#website","url":"https:\/\/diariotextual.com\/inicio\/","name":"Diario Textual","description":"","publisher":{"@id":"https:\/\/diariotextual.com\/inicio\/#organization"},"potentialAction":[{"@type":"SearchAction","target":{"@type":"EntryPoint","urlTemplate":"https:\/\/diariotextual.com\/inicio\/?s={search_term_string}"},"query-input":{"@type":"PropertyValueSpecification","valueRequired":true,"valueName":"search_term_string"}}],"inLanguage":"es"},{"@type":"Organization","@id":"https:\/\/diariotextual.com\/inicio\/#organization","name":"Diario Textual","url":"https:\/\/diariotextual.com\/inicio\/","logo":{"@type":"ImageObject","inLanguage":"es","@id":"https:\/\/diariotextual.com\/inicio\/#\/schema\/logo\/image\/","url":"https:\/\/diariotextual.com\/inicio\/wp-content\/uploads\/2023\/05\/logotextual1.jpg","contentUrl":"https:\/\/diariotextual.com\/inicio\/wp-content\/uploads\/2023\/05\/logotextual1.jpg","width":516,"height":76,"caption":"Diario Textual"},"image":{"@id":"https:\/\/diariotextual.com\/inicio\/#\/schema\/logo\/image\/"},"sameAs":["https:\/\/www.facebook.com\/eltextual","https:\/\/x.com\/eltextual","http:\/\/www.instagram.com\/eltextual"]},{"@type":"Person","@id":"https:\/\/diariotextual.com\/inicio\/#\/schema\/person\/a1b6f563e0ee944c60f98119389a4d9f","name":"diario3","image":{"@type":"ImageObject","inLanguage":"es","@id":"https:\/\/secure.gravatar.com\/avatar\/5e7ee62c82fc04d9dd79d746a390d93c69c43223e5faeeb3ea9461ef752bfc5d?s=96&d=mm&r=g","url":"https:\/\/secure.gravatar.com\/avatar\/5e7ee62c82fc04d9dd79d746a390d93c69c43223e5faeeb3ea9461ef752bfc5d?s=96&d=mm&r=g","contentUrl":"https:\/\/secure.gravatar.com\/avatar\/5e7ee62c82fc04d9dd79d746a390d93c69c43223e5faeeb3ea9461ef752bfc5d?s=96&d=mm&r=g","caption":"diario3"},"url":"https:\/\/diariotextual.com\/inicio\/index.php\/author\/diario3\/"}]}},"_links":{"self":[{"href":"https:\/\/diariotextual.com\/inicio\/index.php\/wp-json\/wp\/v2\/posts\/253605","targetHints":{"allow":["GET"]}}],"collection":[{"href":"https:\/\/diariotextual.com\/inicio\/index.php\/wp-json\/wp\/v2\/posts"}],"about":[{"href":"https:\/\/diariotextual.com\/inicio\/index.php\/wp-json\/wp\/v2\/types\/post"}],"author":[{"embeddable":true,"href":"https:\/\/diariotextual.com\/inicio\/index.php\/wp-json\/wp\/v2\/users\/5"}],"replies":[{"embeddable":true,"href":"https:\/\/diariotextual.com\/inicio\/index.php\/wp-json\/wp\/v2\/comments?post=253605"}],"version-history":[{"count":1,"href":"https:\/\/diariotextual.com\/inicio\/index.php\/wp-json\/wp\/v2\/posts\/253605\/revisions"}],"predecessor-version":[{"id":253606,"href":"https:\/\/diariotextual.com\/inicio\/index.php\/wp-json\/wp\/v2\/posts\/253605\/revisions\/253606"}],"wp:featuredmedia":[{"embeddable":true,"href":"https:\/\/diariotextual.com\/inicio\/index.php\/wp-json\/wp\/v2\/media\/209972"}],"wp:attachment":[{"href":"https:\/\/diariotextual.com\/inicio\/index.php\/wp-json\/wp\/v2\/media?parent=253605"}],"wp:term":[{"taxonomy":"category","embeddable":true,"href":"https:\/\/diariotextual.com\/inicio\/index.php\/wp-json\/wp\/v2\/categories?post=253605"},{"taxonomy":"post_tag","embeddable":true,"href":"https:\/\/diariotextual.com\/inicio\/index.php\/wp-json\/wp\/v2\/tags?post=253605"}],"curies":[{"name":"wp","href":"https:\/\/api.w.org\/{rel}","templated":true}]}}