{"id":253607,"date":"2024-02-08T13:30:29","date_gmt":"2024-02-08T16:30:29","guid":{"rendered":"https:\/\/diariotextual.com\/inicio\/?p=253607"},"modified":"2024-02-08T13:30:32","modified_gmt":"2024-02-08T16:30:32","slug":"rechazo-al-proyecto-para-derogar-la-ley-de-ive-de-la-libertad-avanza","status":"publish","type":"post","link":"https:\/\/diariotextual.com\/inicio\/index.php\/2024\/02\/08\/rechazo-al-proyecto-para-derogar-la-ley-de-ive-de-la-libertad-avanza\/","title":{"rendered":"Rechazo al proyecto para derogar la ley de IVE de La Libertad Avanza"},"content":{"rendered":"\n<p>Diputados opositores expresaron este jueves su rechazo al proyecto de ley presentado por diputados de La Libertad Avanza (LLA) que busca derogar la ley de Interrupci\u00f3n Voluntaria del Embarazo (IVE).<\/p>\n\n\n\n<p>La <strong>diputada nacional Margarita Stolbizer (partido GEN) consider\u00f3 este jueves una \u201cprovocaci\u00f3n\u201d<\/strong> el proyecto y a\u00f1adi\u00f3 que desde el oficialismo \u201cbuscan pudrir cada vez m\u00e1s\u201d la situaci\u00f3n pol\u00edtica y social.<\/p>\n\n\n\n<p>\u201cEs una provocaci\u00f3n que en medio de lo que se est\u00e1 discutiendo el oficialismo busque derogar la Ley IVE. <strong>Buscan pudrir cada vez m\u00e1s<\/strong>\u201d, interpret\u00f3 la legisladora en la ma\u00f1ana de este jueves en declaraciones a Radio Con Vos.<\/p>\n\n\n\n<p>En el mismo sentido, a\u00f1adi\u00f3: \u201cEsta escalada de los discursos violentos es acompa\u00f1ada por una provocaci\u00f3n como esta porque entendamos que la ley IVE fue una conquista y un derecho\u201d.<\/p>\n\n\n\n<p>\u201c<strong>Los derechos humanos no pueden ser regresivos, todos estos proyectos que tienen y ni que hablar este nuevo (derogaci\u00f3n del IVE) implican una regresi\u00f3n en materia de protecci\u00f3n de derechos fundamentales<\/strong> y no estamos dispuestos a tolerarlos\u201d, advirti\u00f3.<\/p>\n\n\n\n<p>Desde el Frente de Todos, la diputada nacional por la provincia de Buenos Aires, <strong>Carolina Gaillard, se pronunci\u00f3 en el mismo sentido y expres\u00f3: \u201cNo daremos un solo paso atr\u00e1s en materia de derechos de las mujeres\u201d.<\/strong><\/p>\n\n\n\n<p>Desde su cuenta su cuenta personal de la plataforma X, Gaillard dijo que las mujeres est\u00e1n \u201cm\u00e1s firmes que nunca para defender una ley que se construy\u00f3 a fuerza de militancia, participaci\u00f3n activa del feminismo organismos de derechos humanos y el cuerpo de miles de mujeres que murieron por la clandestinidad\u201d.<\/p>\n\n\n\n<p>En tanto, destac\u00f3 que la ley que contempla la interrupci\u00f3n voluntaria del embarazo \u201cvino a dar una respuesta a un problema de salud p\u00fablica\u201d; y concluy\u00f3 con la consigna: \u201cNi un paso atr\u00e1s con aborto legal\u201d.<\/p>\n\n\n\n<p>Del mismo modo, <strong>la parlamentaria del Parlasur Victoria Donda public\u00f3 en X: \u201cAs\u00ed sacamos la ley\/ as\u00ed la defendemos\u201d<\/strong>, junto a una foto donde se observa la multitud con pa\u00f1uelo verde tomada desde un dron al momento de la sanci\u00f3n de la norma que intenta ahora ser derogada.<\/p>\n\n\n\n<p>Por su parte, <strong>la diputada nacional Myriam Bregman (PTS\/Frente de Izquierda) manifest\u00f3 que con la iniciativa contra el aborto legal \u201cse ve a diputados de La Libertad Avanza desesperados por volver a usar a la reacci\u00f3n patriarcal como elemento aglutinador<\/strong>, ahora, siendo gobierno y en medio de tarifazos, ajustes y una inflaci\u00f3n desatada\u201d.<\/p>\n\n\n\n<p>El <strong>proyecto fue presentado el lunes, con la autor\u00eda de la diputada Roc\u00edo Bel\u00e9n Bonacci, <\/strong>y pide la derogaci\u00f3n de la Ley 27.610 de Interrupci\u00f3n Voluntaria del Embarazo (IVE), adem\u00e1s de retrotraer los art\u00edculos del C\u00f3digo Penal que la ley aprobada en 2020 modificaba.<\/p>\n\n\n\n<p>La iniciativa fue acompa\u00f1ada por los diputados Benedit Beltr\u00e1n, Mar\u00eda Fernanda Araujo, Lilia Lemoine, Manuel Quintar y el presidente del bloque libertario, Oscar Zago.<\/p>\n\n\n\n<p>La ley de Interrupci\u00f3n Voluntaria del Embarazo (IVE) fue sancionada a fines del 2020 y en el proyecto de Bonacci se solicita la derogaci\u00f3n de la norma adem\u00e1s de retrotraer los art\u00edculos del C\u00f3digo Penal que la ley modificaba.<\/p>\n\n\n\n<p>En un posteo que realiz\u00f3 en X en las \u00faltimas horas, Bonacci aclar\u00f3 que el proyecto para derogar la ley IVE es una iniciativa propia y \u201cno del Poder Ejecutivo\u201d que encabeza Javier Milei.<\/p>\n\n\n\n<p>\u201cEl proyecto es mi iniciativa no del Ejecutivo y ha sido puesto a la consideraci\u00f3n del cuerpo que integro. Defiendo la vida. Ni m\u00e1s, ni menos\u201d, public\u00f3 la diputada esta madrugada en su cuenta de la plataforma X.<\/p>\n","protected":false},"excerpt":{"rendered":"<p>Diputados opositores expresaron este jueves su rechazo al proyecto de ley presentado por diputados de La Libertad Avanza (LLA) que busca derogar la ley de Interrupci\u00f3n Voluntaria del Embarazo (IVE).&hellip;<\/p>\n","protected":false},"author":5,"featured_media":147898,"comment_status":"closed","ping_status":"open","sticky":false,"template":"","format":"standard","meta":{"_acf_changed":false,"footnotes":""},"categories":[1,8],"tags":[28],"class_list":["post-253607","post","type-post","status-publish","format-standard","has-post-thumbnail","hentry","category-es-noticia","category-politica","tag-aborto"],"acf":[],"yoast_head":"<!-- This site is optimized with the Yoast SEO plugin v27.5 - https:\/\/yoast.com\/product\/yoast-seo-wordpress\/ -->\n<title>Rechazo al proyecto para derogar la ley de IVE de La Libertad Avanza - Diario Textual<\/title>\n<meta name=\"robots\" content=\"index, follow, max-snippet:-1, max-image-preview:large, max-video-preview:-1\" \/>\n<link rel=\"canonical\" href=\"https:\/\/diariotextual.com\/inicio\/index.php\/2024\/02\/08\/rechazo-al-proyecto-para-derogar-la-ley-de-ive-de-la-libertad-avanza\/\" \/>\n<meta property=\"og:locale\" content=\"es_ES\" \/>\n<meta property=\"og:type\" content=\"article\" \/>\n<meta property=\"og:title\" content=\"Rechazo al proyecto para derogar la ley de IVE de La Libertad Avanza - Diario Textual\" \/>\n<meta property=\"og:description\" content=\"Diputados opositores expresaron este jueves su rechazo al proyecto de ley presentado por diputados de La Libertad Avanza (LLA) que busca derogar la ley de Interrupci\u00f3n Voluntaria del Embarazo (IVE).&hellip;\" \/>\n<meta property=\"og:url\" content=\"https:\/\/diariotextual.com\/inicio\/index.php\/2024\/02\/08\/rechazo-al-proyecto-para-derogar-la-ley-de-ive-de-la-libertad-avanza\/\" \/>\n<meta property=\"og:site_name\" content=\"Diario Textual\" \/>\n<meta property=\"article:publisher\" content=\"https:\/\/www.facebook.com\/eltextual\" \/>\n<meta property=\"article:published_time\" content=\"2024-02-08T16:30:29+00:00\" \/>\n<meta property=\"article:modified_time\" content=\"2024-02-08T16:30:32+00:00\" \/>\n<meta property=\"og:image\" content=\"https:\/\/diariotextual.com\/inicio\/wp-content\/uploads\/2021\/05\/abortolegalbandera2021.jpg\" \/>\n\t<meta property=\"og:image:width\" content=\"700\" \/>\n\t<meta property=\"og:image:height\" content=\"440\" \/>\n\t<meta property=\"og:image:type\" content=\"image\/jpeg\" \/>\n<meta name=\"author\" content=\"diario3\" \/>\n<meta name=\"twitter:card\" content=\"summary_large_image\" \/>\n<meta name=\"twitter:creator\" content=\"@eltextual\" \/>\n<meta name=\"twitter:site\" content=\"@eltextual\" \/>\n<meta name=\"twitter:label1\" content=\"Escrito por\" \/>\n\t<meta name=\"twitter:data1\" content=\"diario3\" \/>\n\t<meta name=\"twitter:label2\" content=\"Tiempo de lectura\" \/>\n\t<meta name=\"twitter:data2\" content=\"3 minutos\" \/>\n<script type=\"application\/ld+json\" class=\"yoast-schema-graph\">{\"@context\":\"https:\\\/\\\/schema.org\",\"@graph\":[{\"@type\":\"Article\",\"@id\":\"https:\\\/\\\/diariotextual.com\\\/inicio\\\/index.php\\\/2024\\\/02\\\/08\\\/rechazo-al-proyecto-para-derogar-la-ley-de-ive-de-la-libertad-avanza\\\/#article\",\"isPartOf\":{\"@id\":\"https:\\\/\\\/diariotextual.com\\\/inicio\\\/index.php\\\/2024\\\/02\\\/08\\\/rechazo-al-proyecto-para-derogar-la-ley-de-ive-de-la-libertad-avanza\\\/\"},\"author\":{\"name\":\"diario3\",\"@id\":\"https:\\\/\\\/diariotextual.com\\\/inicio\\\/#\\\/schema\\\/person\\\/a1b6f563e0ee944c60f98119389a4d9f\"},\"headline\":\"Rechazo al proyecto para derogar la ley de IVE de La Libertad Avanza\",\"datePublished\":\"2024-02-08T16:30:29+00:00\",\"dateModified\":\"2024-02-08T16:30:32+00:00\",\"mainEntityOfPage\":{\"@id\":\"https:\\\/\\\/diariotextual.com\\\/inicio\\\/index.php\\\/2024\\\/02\\\/08\\\/rechazo-al-proyecto-para-derogar-la-ley-de-ive-de-la-libertad-avanza\\\/\"},\"wordCount\":626,\"publisher\":{\"@id\":\"https:\\\/\\\/diariotextual.com\\\/inicio\\\/#organization\"},\"image\":{\"@id\":\"https:\\\/\\\/diariotextual.com\\\/inicio\\\/index.php\\\/2024\\\/02\\\/08\\\/rechazo-al-proyecto-para-derogar-la-ley-de-ive-de-la-libertad-avanza\\\/#primaryimage\"},\"thumbnailUrl\":\"https:\\\/\\\/diariotextual.com\\\/inicio\\\/wp-content\\\/uploads\\\/2021\\\/05\\\/abortolegalbandera2021.jpg\",\"keywords\":[\"aborto\"],\"articleSection\":[\"A - ES NOTICIA (van abajo)\",\"POLITICA\"],\"inLanguage\":\"es\"},{\"@type\":\"WebPage\",\"@id\":\"https:\\\/\\\/diariotextual.com\\\/inicio\\\/index.php\\\/2024\\\/02\\\/08\\\/rechazo-al-proyecto-para-derogar-la-ley-de-ive-de-la-libertad-avanza\\\/\",\"url\":\"https:\\\/\\\/diariotextual.com\\\/inicio\\\/index.php\\\/2024\\\/02\\\/08\\\/rechazo-al-proyecto-para-derogar-la-ley-de-ive-de-la-libertad-avanza\\\/\",\"name\":\"Rechazo al proyecto para derogar la ley de IVE de La Libertad Avanza - Diario Textual\",\"isPartOf\":{\"@id\":\"https:\\\/\\\/diariotextual.com\\\/inicio\\\/#website\"},\"primaryImageOfPage\":{\"@id\":\"https:\\\/\\\/diariotextual.com\\\/inicio\\\/index.php\\\/2024\\\/02\\\/08\\\/rechazo-al-proyecto-para-derogar-la-ley-de-ive-de-la-libertad-avanza\\\/#primaryimage\"},\"image\":{\"@id\":\"https:\\\/\\\/diariotextual.com\\\/inicio\\\/index.php\\\/2024\\\/02\\\/08\\\/rechazo-al-proyecto-para-derogar-la-ley-de-ive-de-la-libertad-avanza\\\/#primaryimage\"},\"thumbnailUrl\":\"https:\\\/\\\/diariotextual.com\\\/inicio\\\/wp-content\\\/uploads\\\/2021\\\/05\\\/abortolegalbandera2021.jpg\",\"datePublished\":\"2024-02-08T16:30:29+00:00\",\"dateModified\":\"2024-02-08T16:30:32+00:00\",\"breadcrumb\":{\"@id\":\"https:\\\/\\\/diariotextual.com\\\/inicio\\\/index.php\\\/2024\\\/02\\\/08\\\/rechazo-al-proyecto-para-derogar-la-ley-de-ive-de-la-libertad-avanza\\\/#breadcrumb\"},\"inLanguage\":\"es\",\"potentialAction\":[{\"@type\":\"ReadAction\",\"target\":[\"https:\\\/\\\/diariotextual.com\\\/inicio\\\/index.php\\\/2024\\\/02\\\/08\\\/rechazo-al-proyecto-para-derogar-la-ley-de-ive-de-la-libertad-avanza\\\/\"]}]},{\"@type\":\"ImageObject\",\"inLanguage\":\"es\",\"@id\":\"https:\\\/\\\/diariotextual.com\\\/inicio\\\/index.php\\\/2024\\\/02\\\/08\\\/rechazo-al-proyecto-para-derogar-la-ley-de-ive-de-la-libertad-avanza\\\/#primaryimage\",\"url\":\"https:\\\/\\\/diariotextual.com\\\/inicio\\\/wp-content\\\/uploads\\\/2021\\\/05\\\/abortolegalbandera2021.jpg\",\"contentUrl\":\"https:\\\/\\\/diariotextual.com\\\/inicio\\\/wp-content\\\/uploads\\\/2021\\\/05\\\/abortolegalbandera2021.jpg\",\"width\":700,\"height\":440,\"caption\":\"TELAM 28\\\/05\\\/2021 Buenos Aires: Presentaron el protocolo IVE para equipos de salud con nueva reivindicaci\u00f3n a lucha de mujeres. Foto Archivo V\u00edctor Carreira VC\"},{\"@type\":\"BreadcrumbList\",\"@id\":\"https:\\\/\\\/diariotextual.com\\\/inicio\\\/index.php\\\/2024\\\/02\\\/08\\\/rechazo-al-proyecto-para-derogar-la-ley-de-ive-de-la-libertad-avanza\\\/#breadcrumb\",\"itemListElement\":[{\"@type\":\"ListItem\",\"position\":1,\"name\":\"Portada\",\"item\":\"https:\\\/\\\/diariotextual.com\\\/inicio\\\/\"},{\"@type\":\"ListItem\",\"position\":2,\"name\":\"Rechazo al proyecto para derogar la ley de IVE de La Libertad Avanza\"}]},{\"@type\":\"WebSite\",\"@id\":\"https:\\\/\\\/diariotextual.com\\\/inicio\\\/#website\",\"url\":\"https:\\\/\\\/diariotextual.com\\\/inicio\\\/\",\"name\":\"Diario Textual\",\"description\":\"\",\"publisher\":{\"@id\":\"https:\\\/\\\/diariotextual.com\\\/inicio\\\/#organization\"},\"potentialAction\":[{\"@type\":\"SearchAction\",\"target\":{\"@type\":\"EntryPoint\",\"urlTemplate\":\"https:\\\/\\\/diariotextual.com\\\/inicio\\\/?s={search_term_string}\"},\"query-input\":{\"@type\":\"PropertyValueSpecification\",\"valueRequired\":true,\"valueName\":\"search_term_string\"}}],\"inLanguage\":\"es\"},{\"@type\":\"Organization\",\"@id\":\"https:\\\/\\\/diariotextual.com\\\/inicio\\\/#organization\",\"name\":\"Diario Textual\",\"url\":\"https:\\\/\\\/diariotextual.com\\\/inicio\\\/\",\"logo\":{\"@type\":\"ImageObject\",\"inLanguage\":\"es\",\"@id\":\"https:\\\/\\\/diariotextual.com\\\/inicio\\\/#\\\/schema\\\/logo\\\/image\\\/\",\"url\":\"https:\\\/\\\/diariotextual.com\\\/inicio\\\/wp-content\\\/uploads\\\/2023\\\/05\\\/logotextual1.jpg\",\"contentUrl\":\"https:\\\/\\\/diariotextual.com\\\/inicio\\\/wp-content\\\/uploads\\\/2023\\\/05\\\/logotextual1.jpg\",\"width\":516,\"height\":76,\"caption\":\"Diario Textual\"},\"image\":{\"@id\":\"https:\\\/\\\/diariotextual.com\\\/inicio\\\/#\\\/schema\\\/logo\\\/image\\\/\"},\"sameAs\":[\"https:\\\/\\\/www.facebook.com\\\/eltextual\",\"https:\\\/\\\/x.com\\\/eltextual\",\"http:\\\/\\\/www.instagram.com\\\/eltextual\"]},{\"@type\":\"Person\",\"@id\":\"https:\\\/\\\/diariotextual.com\\\/inicio\\\/#\\\/schema\\\/person\\\/a1b6f563e0ee944c60f98119389a4d9f\",\"name\":\"diario3\",\"image\":{\"@type\":\"ImageObject\",\"inLanguage\":\"es\",\"@id\":\"https:\\\/\\\/secure.gravatar.com\\\/avatar\\\/5e7ee62c82fc04d9dd79d746a390d93c69c43223e5faeeb3ea9461ef752bfc5d?s=96&d=mm&r=g\",\"url\":\"https:\\\/\\\/secure.gravatar.com\\\/avatar\\\/5e7ee62c82fc04d9dd79d746a390d93c69c43223e5faeeb3ea9461ef752bfc5d?s=96&d=mm&r=g\",\"contentUrl\":\"https:\\\/\\\/secure.gravatar.com\\\/avatar\\\/5e7ee62c82fc04d9dd79d746a390d93c69c43223e5faeeb3ea9461ef752bfc5d?s=96&d=mm&r=g\",\"caption\":\"diario3\"},\"url\":\"https:\\\/\\\/diariotextual.com\\\/inicio\\\/index.php\\\/author\\\/diario3\\\/\"}]}<\/script>\n<!-- \/ Yoast SEO plugin. -->","yoast_head_json":{"title":"Rechazo al proyecto para derogar la ley de IVE de La Libertad Avanza - Diario Textual","robots":{"index":"index","follow":"follow","max-snippet":"max-snippet:-1","max-image-preview":"max-image-preview:large","max-video-preview":"max-video-preview:-1"},"canonical":"https:\/\/diariotextual.com\/inicio\/index.php\/2024\/02\/08\/rechazo-al-proyecto-para-derogar-la-ley-de-ive-de-la-libertad-avanza\/","og_locale":"es_ES","og_type":"article","og_title":"Rechazo al proyecto para derogar la ley de IVE de La Libertad Avanza - Diario Textual","og_description":"Diputados opositores expresaron este jueves su rechazo al proyecto de ley presentado por diputados de La Libertad Avanza (LLA) que busca derogar la ley de Interrupci\u00f3n Voluntaria del Embarazo (IVE).&hellip;","og_url":"https:\/\/diariotextual.com\/inicio\/index.php\/2024\/02\/08\/rechazo-al-proyecto-para-derogar-la-ley-de-ive-de-la-libertad-avanza\/","og_site_name":"Diario Textual","article_publisher":"https:\/\/www.facebook.com\/eltextual","article_published_time":"2024-02-08T16:30:29+00:00","article_modified_time":"2024-02-08T16:30:32+00:00","og_image":[{"width":700,"height":440,"url":"https:\/\/diariotextual.com\/inicio\/wp-content\/uploads\/2021\/05\/abortolegalbandera2021.jpg","type":"image\/jpeg"}],"author":"diario3","twitter_card":"summary_large_image","twitter_creator":"@eltextual","twitter_site":"@eltextual","twitter_misc":{"Escrito por":"diario3","Tiempo de lectura":"3 minutos"},"schema":{"@context":"https:\/\/schema.org","@graph":[{"@type":"Article","@id":"https:\/\/diariotextual.com\/inicio\/index.php\/2024\/02\/08\/rechazo-al-proyecto-para-derogar-la-ley-de-ive-de-la-libertad-avanza\/#article","isPartOf":{"@id":"https:\/\/diariotextual.com\/inicio\/index.php\/2024\/02\/08\/rechazo-al-proyecto-para-derogar-la-ley-de-ive-de-la-libertad-avanza\/"},"author":{"name":"diario3","@id":"https:\/\/diariotextual.com\/inicio\/#\/schema\/person\/a1b6f563e0ee944c60f98119389a4d9f"},"headline":"Rechazo al proyecto para derogar la ley de IVE de La Libertad Avanza","datePublished":"2024-02-08T16:30:29+00:00","dateModified":"2024-02-08T16:30:32+00:00","mainEntityOfPage":{"@id":"https:\/\/diariotextual.com\/inicio\/index.php\/2024\/02\/08\/rechazo-al-proyecto-para-derogar-la-ley-de-ive-de-la-libertad-avanza\/"},"wordCount":626,"publisher":{"@id":"https:\/\/diariotextual.com\/inicio\/#organization"},"image":{"@id":"https:\/\/diariotextual.com\/inicio\/index.php\/2024\/02\/08\/rechazo-al-proyecto-para-derogar-la-ley-de-ive-de-la-libertad-avanza\/#primaryimage"},"thumbnailUrl":"https:\/\/diariotextual.com\/inicio\/wp-content\/uploads\/2021\/05\/abortolegalbandera2021.jpg","keywords":["aborto"],"articleSection":["A - ES NOTICIA (van abajo)","POLITICA"],"inLanguage":"es"},{"@type":"WebPage","@id":"https:\/\/diariotextual.com\/inicio\/index.php\/2024\/02\/08\/rechazo-al-proyecto-para-derogar-la-ley-de-ive-de-la-libertad-avanza\/","url":"https:\/\/diariotextual.com\/inicio\/index.php\/2024\/02\/08\/rechazo-al-proyecto-para-derogar-la-ley-de-ive-de-la-libertad-avanza\/","name":"Rechazo al proyecto para derogar la ley de IVE de La Libertad Avanza - Diario Textual","isPartOf":{"@id":"https:\/\/diariotextual.com\/inicio\/#website"},"primaryImageOfPage":{"@id":"https:\/\/diariotextual.com\/inicio\/index.php\/2024\/02\/08\/rechazo-al-proyecto-para-derogar-la-ley-de-ive-de-la-libertad-avanza\/#primaryimage"},"image":{"@id":"https:\/\/diariotextual.com\/inicio\/index.php\/2024\/02\/08\/rechazo-al-proyecto-para-derogar-la-ley-de-ive-de-la-libertad-avanza\/#primaryimage"},"thumbnailUrl":"https:\/\/diariotextual.com\/inicio\/wp-content\/uploads\/2021\/05\/abortolegalbandera2021.jpg","datePublished":"2024-02-08T16:30:29+00:00","dateModified":"2024-02-08T16:30:32+00:00","breadcrumb":{"@id":"https:\/\/diariotextual.com\/inicio\/index.php\/2024\/02\/08\/rechazo-al-proyecto-para-derogar-la-ley-de-ive-de-la-libertad-avanza\/#breadcrumb"},"inLanguage":"es","potentialAction":[{"@type":"ReadAction","target":["https:\/\/diariotextual.com\/inicio\/index.php\/2024\/02\/08\/rechazo-al-proyecto-para-derogar-la-ley-de-ive-de-la-libertad-avanza\/"]}]},{"@type":"ImageObject","inLanguage":"es","@id":"https:\/\/diariotextual.com\/inicio\/index.php\/2024\/02\/08\/rechazo-al-proyecto-para-derogar-la-ley-de-ive-de-la-libertad-avanza\/#primaryimage","url":"https:\/\/diariotextual.com\/inicio\/wp-content\/uploads\/2021\/05\/abortolegalbandera2021.jpg","contentUrl":"https:\/\/diariotextual.com\/inicio\/wp-content\/uploads\/2021\/05\/abortolegalbandera2021.jpg","width":700,"height":440,"caption":"TELAM 28\/05\/2021 Buenos Aires: Presentaron el protocolo IVE para equipos de salud con nueva reivindicaci\u00f3n a lucha de mujeres. Foto Archivo V\u00edctor Carreira VC"},{"@type":"BreadcrumbList","@id":"https:\/\/diariotextual.com\/inicio\/index.php\/2024\/02\/08\/rechazo-al-proyecto-para-derogar-la-ley-de-ive-de-la-libertad-avanza\/#breadcrumb","itemListElement":[{"@type":"ListItem","position":1,"name":"Portada","item":"https:\/\/diariotextual.com\/inicio\/"},{"@type":"ListItem","position":2,"name":"Rechazo al proyecto para derogar la ley de IVE de La Libertad Avanza"}]},{"@type":"WebSite","@id":"https:\/\/diariotextual.com\/inicio\/#website","url":"https:\/\/diariotextual.com\/inicio\/","name":"Diario Textual","description":"","publisher":{"@id":"https:\/\/diariotextual.com\/inicio\/#organization"},"potentialAction":[{"@type":"SearchAction","target":{"@type":"EntryPoint","urlTemplate":"https:\/\/diariotextual.com\/inicio\/?s={search_term_string}"},"query-input":{"@type":"PropertyValueSpecification","valueRequired":true,"valueName":"search_term_string"}}],"inLanguage":"es"},{"@type":"Organization","@id":"https:\/\/diariotextual.com\/inicio\/#organization","name":"Diario Textual","url":"https:\/\/diariotextual.com\/inicio\/","logo":{"@type":"ImageObject","inLanguage":"es","@id":"https:\/\/diariotextual.com\/inicio\/#\/schema\/logo\/image\/","url":"https:\/\/diariotextual.com\/inicio\/wp-content\/uploads\/2023\/05\/logotextual1.jpg","contentUrl":"https:\/\/diariotextual.com\/inicio\/wp-content\/uploads\/2023\/05\/logotextual1.jpg","width":516,"height":76,"caption":"Diario Textual"},"image":{"@id":"https:\/\/diariotextual.com\/inicio\/#\/schema\/logo\/image\/"},"sameAs":["https:\/\/www.facebook.com\/eltextual","https:\/\/x.com\/eltextual","http:\/\/www.instagram.com\/eltextual"]},{"@type":"Person","@id":"https:\/\/diariotextual.com\/inicio\/#\/schema\/person\/a1b6f563e0ee944c60f98119389a4d9f","name":"diario3","image":{"@type":"ImageObject","inLanguage":"es","@id":"https:\/\/secure.gravatar.com\/avatar\/5e7ee62c82fc04d9dd79d746a390d93c69c43223e5faeeb3ea9461ef752bfc5d?s=96&d=mm&r=g","url":"https:\/\/secure.gravatar.com\/avatar\/5e7ee62c82fc04d9dd79d746a390d93c69c43223e5faeeb3ea9461ef752bfc5d?s=96&d=mm&r=g","contentUrl":"https:\/\/secure.gravatar.com\/avatar\/5e7ee62c82fc04d9dd79d746a390d93c69c43223e5faeeb3ea9461ef752bfc5d?s=96&d=mm&r=g","caption":"diario3"},"url":"https:\/\/diariotextual.com\/inicio\/index.php\/author\/diario3\/"}]}},"_links":{"self":[{"href":"https:\/\/diariotextual.com\/inicio\/index.php\/wp-json\/wp\/v2\/posts\/253607","targetHints":{"allow":["GET"]}}],"collection":[{"href":"https:\/\/diariotextual.com\/inicio\/index.php\/wp-json\/wp\/v2\/posts"}],"about":[{"href":"https:\/\/diariotextual.com\/inicio\/index.php\/wp-json\/wp\/v2\/types\/post"}],"author":[{"embeddable":true,"href":"https:\/\/diariotextual.com\/inicio\/index.php\/wp-json\/wp\/v2\/users\/5"}],"replies":[{"embeddable":true,"href":"https:\/\/diariotextual.com\/inicio\/index.php\/wp-json\/wp\/v2\/comments?post=253607"}],"version-history":[{"count":1,"href":"https:\/\/diariotextual.com\/inicio\/index.php\/wp-json\/wp\/v2\/posts\/253607\/revisions"}],"predecessor-version":[{"id":253608,"href":"https:\/\/diariotextual.com\/inicio\/index.php\/wp-json\/wp\/v2\/posts\/253607\/revisions\/253608"}],"wp:featuredmedia":[{"embeddable":true,"href":"https:\/\/diariotextual.com\/inicio\/index.php\/wp-json\/wp\/v2\/media\/147898"}],"wp:attachment":[{"href":"https:\/\/diariotextual.com\/inicio\/index.php\/wp-json\/wp\/v2\/media?parent=253607"}],"wp:term":[{"taxonomy":"category","embeddable":true,"href":"https:\/\/diariotextual.com\/inicio\/index.php\/wp-json\/wp\/v2\/categories?post=253607"},{"taxonomy":"post_tag","embeddable":true,"href":"https:\/\/diariotextual.com\/inicio\/index.php\/wp-json\/wp\/v2\/tags?post=253607"}],"curies":[{"name":"wp","href":"https:\/\/api.w.org\/{rel}","templated":true}]}}