{"id":253620,"date":"2024-02-08T18:39:39","date_gmt":"2024-02-08T21:39:39","guid":{"rendered":"https:\/\/diariotextual.com\/inicio\/?p=253620"},"modified":"2024-02-09T09:37:29","modified_gmt":"2024-02-09T12:37:29","slug":"rauschenberger-acuso-al-oficialismo-de-soberbia-e-improvisacion","status":"publish","type":"post","link":"https:\/\/diariotextual.com\/inicio\/index.php\/2024\/02\/08\/rauschenberger-acuso-al-oficialismo-de-soberbia-e-improvisacion\/","title":{"rendered":"Rauschenberger acus\u00f3 al oficialismo de soberbia e improvisaci\u00f3n"},"content":{"rendered":"\n<p>El diputado nacional por La Pampa, Ariel Rauschenberger (UxP), consider\u00f3 que <strong>el proyecto de ley \u00f3mnibus \u201ctermin\u00f3 como ten\u00eda que terminar\u201d<\/strong> en funci\u00f3n de c\u00f3mo se dio su discusi\u00f3n desde un principio, que fue \u201catropellando\u201d y yendo por \u201ctodo o nada\u201d. Ahora, pidi\u00f3 trabajar para detener el DNU 70\/2023.<\/p>\n\n\n\n<p>\u201c<strong>Sin di\u00e1logo ni consensos y sin buscar acuerdos pol\u00edticos en lo m\u00e1s m\u00ednimo, finaliz\u00f3 siendo nada<\/strong>\u201d, remarc\u00f3 y agreg\u00f3: \u201cLa impericia, improvisaci\u00f3n y soberbia del oficialismo fueron algunos de los factores claves para el fracaso de la ley\u201d.<\/p>\n\n\n\n<p>En las \u00faltimas horas, despu\u00e9s de una serie de trascendidos y versiones, emanadas desde el propio bloque de diputados oficialistas, fue el presidente Javier Milei quien orden\u00f3 que se retire el citado proyecto de ley porque as\u00ed como est\u00e1 no se va a tratar. \u201cEn rigor, da verg\u00fcenza ajena todo el tr\u00e1mite (\u2026) que se le dio a esto desde el oficialismo, b\u00e1sicamente por la falta de di\u00e1logo y consensos\u201d, redund\u00f3.<\/p>\n\n\n\n<p>El legislador pampeano record\u00f3 que<strong> el gobierno debe entender que hay una divisi\u00f3n de poderes en el Estado donde existe un presidente, legitimado por el voto, pero tambi\u00e9n se encuentran diputados y diputadas y gobernadores elegidos a trav\u00e9s del sufragio popular<\/strong> que tambi\u00e9n deben ser respetados. As\u00ed como el federalismo; porque en el interior, en las provincias, viven personas que est\u00e1n siendo perjudicadas por este tipo de iniciativas.<\/p>\n\n\n\n<p>El diputado anticip\u00f3 que ahora le preocupa la vigencia del DNU 70\/2023, dictado por Milei el 29 de diciembre, porque est\u00e1 \u201ccausando efectos muy perjudiciales\u201d para los argentinos por lo que hay que lograr las \u201cmayor\u00edas necesarias para detenerlo\u201d.<\/p>\n\n\n\n<p>En ese sentido, legisladores de Uni\u00f3n por la Patria buscan promover una sesi\u00f3n especial en el Senado con el prop\u00f3sito de rechazar el decreto y as\u00ed dejarlo sin vigencia, iniciativa que por ahora es en vano dada la negativa de la vicepresidenta de la Naci\u00f3n, Victoria Villarruel, a darle curso a la convocatoria.<\/p>\n","protected":false},"excerpt":{"rendered":"<p>El diputado nacional por La Pampa, Ariel Rauschenberger (UxP), consider\u00f3 que el proyecto de ley \u00f3mnibus \u201ctermin\u00f3 como ten\u00eda que terminar\u201d en funci\u00f3n de c\u00f3mo se dio su discusi\u00f3n desde&hellip;<\/p>\n","protected":false},"author":5,"featured_media":253335,"comment_status":"closed","ping_status":"open","sticky":false,"template":"","format":"standard","meta":{"_acf_changed":false,"footnotes":""},"categories":[1,8],"tags":[7772,6313],"class_list":["post-253620","post","type-post","status-publish","format-standard","has-post-thumbnail","hentry","category-es-noticia","category-politica","tag-ley-omnibus","tag-milei"],"acf":[],"yoast_head":"<!-- This site is optimized with the Yoast SEO plugin v27.5 - https:\/\/yoast.com\/product\/yoast-seo-wordpress\/ -->\n<title>Rauschenberger acus\u00f3 al oficialismo de soberbia e improvisaci\u00f3n - Diario Textual<\/title>\n<meta name=\"robots\" content=\"index, follow, max-snippet:-1, max-image-preview:large, max-video-preview:-1\" \/>\n<link rel=\"canonical\" href=\"https:\/\/diariotextual.com\/inicio\/index.php\/2024\/02\/08\/rauschenberger-acuso-al-oficialismo-de-soberbia-e-improvisacion\/\" \/>\n<meta property=\"og:locale\" content=\"es_ES\" \/>\n<meta property=\"og:type\" content=\"article\" \/>\n<meta property=\"og:title\" content=\"Rauschenberger acus\u00f3 al oficialismo de soberbia e improvisaci\u00f3n - Diario Textual\" \/>\n<meta property=\"og:description\" content=\"El diputado nacional por La Pampa, Ariel Rauschenberger (UxP), consider\u00f3 que el proyecto de ley \u00f3mnibus \u201ctermin\u00f3 como ten\u00eda que terminar\u201d en funci\u00f3n de c\u00f3mo se dio su discusi\u00f3n desde&hellip;\" \/>\n<meta property=\"og:url\" content=\"https:\/\/diariotextual.com\/inicio\/index.php\/2024\/02\/08\/rauschenberger-acuso-al-oficialismo-de-soberbia-e-improvisacion\/\" \/>\n<meta property=\"og:site_name\" content=\"Diario Textual\" \/>\n<meta property=\"article:publisher\" content=\"https:\/\/www.facebook.com\/eltextual\" \/>\n<meta property=\"article:published_time\" content=\"2024-02-08T21:39:39+00:00\" \/>\n<meta property=\"article:modified_time\" content=\"2024-02-09T12:37:29+00:00\" \/>\n<meta property=\"og:image\" content=\"https:\/\/diariotextual.com\/inicio\/wp-content\/uploads\/2024\/02\/rauschenbergerarielleyombnibusbases2024-4.jpg\" \/>\n\t<meta property=\"og:image:width\" content=\"2000\" \/>\n\t<meta property=\"og:image:height\" content=\"1333\" \/>\n\t<meta property=\"og:image:type\" content=\"image\/jpeg\" \/>\n<meta name=\"author\" content=\"diario3\" \/>\n<meta name=\"twitter:card\" content=\"summary_large_image\" \/>\n<meta name=\"twitter:creator\" content=\"@eltextual\" \/>\n<meta name=\"twitter:site\" content=\"@eltextual\" \/>\n<meta name=\"twitter:label1\" content=\"Escrito por\" \/>\n\t<meta name=\"twitter:data1\" content=\"diario3\" \/>\n\t<meta name=\"twitter:label2\" content=\"Tiempo de lectura\" \/>\n\t<meta name=\"twitter:data2\" content=\"2 minutos\" \/>\n<script type=\"application\/ld+json\" class=\"yoast-schema-graph\">{\"@context\":\"https:\\\/\\\/schema.org\",\"@graph\":[{\"@type\":\"Article\",\"@id\":\"https:\\\/\\\/diariotextual.com\\\/inicio\\\/index.php\\\/2024\\\/02\\\/08\\\/rauschenberger-acuso-al-oficialismo-de-soberbia-e-improvisacion\\\/#article\",\"isPartOf\":{\"@id\":\"https:\\\/\\\/diariotextual.com\\\/inicio\\\/index.php\\\/2024\\\/02\\\/08\\\/rauschenberger-acuso-al-oficialismo-de-soberbia-e-improvisacion\\\/\"},\"author\":{\"name\":\"diario3\",\"@id\":\"https:\\\/\\\/diariotextual.com\\\/inicio\\\/#\\\/schema\\\/person\\\/a1b6f563e0ee944c60f98119389a4d9f\"},\"headline\":\"Rauschenberger acus\u00f3 al oficialismo de soberbia e improvisaci\u00f3n\",\"datePublished\":\"2024-02-08T21:39:39+00:00\",\"dateModified\":\"2024-02-09T12:37:29+00:00\",\"mainEntityOfPage\":{\"@id\":\"https:\\\/\\\/diariotextual.com\\\/inicio\\\/index.php\\\/2024\\\/02\\\/08\\\/rauschenberger-acuso-al-oficialismo-de-soberbia-e-improvisacion\\\/\"},\"wordCount\":347,\"publisher\":{\"@id\":\"https:\\\/\\\/diariotextual.com\\\/inicio\\\/#organization\"},\"image\":{\"@id\":\"https:\\\/\\\/diariotextual.com\\\/inicio\\\/index.php\\\/2024\\\/02\\\/08\\\/rauschenberger-acuso-al-oficialismo-de-soberbia-e-improvisacion\\\/#primaryimage\"},\"thumbnailUrl\":\"https:\\\/\\\/diariotextual.com\\\/inicio\\\/wp-content\\\/uploads\\\/2024\\\/02\\\/rauschenbergerarielleyombnibusbases2024-4.jpg\",\"keywords\":[\"ley omnibus\",\"milei\"],\"articleSection\":[\"A - ES NOTICIA (van abajo)\",\"POLITICA\"],\"inLanguage\":\"es\"},{\"@type\":\"WebPage\",\"@id\":\"https:\\\/\\\/diariotextual.com\\\/inicio\\\/index.php\\\/2024\\\/02\\\/08\\\/rauschenberger-acuso-al-oficialismo-de-soberbia-e-improvisacion\\\/\",\"url\":\"https:\\\/\\\/diariotextual.com\\\/inicio\\\/index.php\\\/2024\\\/02\\\/08\\\/rauschenberger-acuso-al-oficialismo-de-soberbia-e-improvisacion\\\/\",\"name\":\"Rauschenberger acus\u00f3 al oficialismo de soberbia e improvisaci\u00f3n - Diario Textual\",\"isPartOf\":{\"@id\":\"https:\\\/\\\/diariotextual.com\\\/inicio\\\/#website\"},\"primaryImageOfPage\":{\"@id\":\"https:\\\/\\\/diariotextual.com\\\/inicio\\\/index.php\\\/2024\\\/02\\\/08\\\/rauschenberger-acuso-al-oficialismo-de-soberbia-e-improvisacion\\\/#primaryimage\"},\"image\":{\"@id\":\"https:\\\/\\\/diariotextual.com\\\/inicio\\\/index.php\\\/2024\\\/02\\\/08\\\/rauschenberger-acuso-al-oficialismo-de-soberbia-e-improvisacion\\\/#primaryimage\"},\"thumbnailUrl\":\"https:\\\/\\\/diariotextual.com\\\/inicio\\\/wp-content\\\/uploads\\\/2024\\\/02\\\/rauschenbergerarielleyombnibusbases2024-4.jpg\",\"datePublished\":\"2024-02-08T21:39:39+00:00\",\"dateModified\":\"2024-02-09T12:37:29+00:00\",\"breadcrumb\":{\"@id\":\"https:\\\/\\\/diariotextual.com\\\/inicio\\\/index.php\\\/2024\\\/02\\\/08\\\/rauschenberger-acuso-al-oficialismo-de-soberbia-e-improvisacion\\\/#breadcrumb\"},\"inLanguage\":\"es\",\"potentialAction\":[{\"@type\":\"ReadAction\",\"target\":[\"https:\\\/\\\/diariotextual.com\\\/inicio\\\/index.php\\\/2024\\\/02\\\/08\\\/rauschenberger-acuso-al-oficialismo-de-soberbia-e-improvisacion\\\/\"]}]},{\"@type\":\"ImageObject\",\"inLanguage\":\"es\",\"@id\":\"https:\\\/\\\/diariotextual.com\\\/inicio\\\/index.php\\\/2024\\\/02\\\/08\\\/rauschenberger-acuso-al-oficialismo-de-soberbia-e-improvisacion\\\/#primaryimage\",\"url\":\"https:\\\/\\\/diariotextual.com\\\/inicio\\\/wp-content\\\/uploads\\\/2024\\\/02\\\/rauschenbergerarielleyombnibusbases2024-4.jpg\",\"contentUrl\":\"https:\\\/\\\/diariotextual.com\\\/inicio\\\/wp-content\\\/uploads\\\/2024\\\/02\\\/rauschenbergerarielleyombnibusbases2024-4.jpg\",\"width\":2000,\"height\":1333},{\"@type\":\"BreadcrumbList\",\"@id\":\"https:\\\/\\\/diariotextual.com\\\/inicio\\\/index.php\\\/2024\\\/02\\\/08\\\/rauschenberger-acuso-al-oficialismo-de-soberbia-e-improvisacion\\\/#breadcrumb\",\"itemListElement\":[{\"@type\":\"ListItem\",\"position\":1,\"name\":\"Portada\",\"item\":\"https:\\\/\\\/diariotextual.com\\\/inicio\\\/\"},{\"@type\":\"ListItem\",\"position\":2,\"name\":\"Rauschenberger acus\u00f3 al oficialismo de soberbia e improvisaci\u00f3n\"}]},{\"@type\":\"WebSite\",\"@id\":\"https:\\\/\\\/diariotextual.com\\\/inicio\\\/#website\",\"url\":\"https:\\\/\\\/diariotextual.com\\\/inicio\\\/\",\"name\":\"Diario Textual\",\"description\":\"\",\"publisher\":{\"@id\":\"https:\\\/\\\/diariotextual.com\\\/inicio\\\/#organization\"},\"potentialAction\":[{\"@type\":\"SearchAction\",\"target\":{\"@type\":\"EntryPoint\",\"urlTemplate\":\"https:\\\/\\\/diariotextual.com\\\/inicio\\\/?s={search_term_string}\"},\"query-input\":{\"@type\":\"PropertyValueSpecification\",\"valueRequired\":true,\"valueName\":\"search_term_string\"}}],\"inLanguage\":\"es\"},{\"@type\":\"Organization\",\"@id\":\"https:\\\/\\\/diariotextual.com\\\/inicio\\\/#organization\",\"name\":\"Diario Textual\",\"url\":\"https:\\\/\\\/diariotextual.com\\\/inicio\\\/\",\"logo\":{\"@type\":\"ImageObject\",\"inLanguage\":\"es\",\"@id\":\"https:\\\/\\\/diariotextual.com\\\/inicio\\\/#\\\/schema\\\/logo\\\/image\\\/\",\"url\":\"https:\\\/\\\/diariotextual.com\\\/inicio\\\/wp-content\\\/uploads\\\/2023\\\/05\\\/logotextual1.jpg\",\"contentUrl\":\"https:\\\/\\\/diariotextual.com\\\/inicio\\\/wp-content\\\/uploads\\\/2023\\\/05\\\/logotextual1.jpg\",\"width\":516,\"height\":76,\"caption\":\"Diario Textual\"},\"image\":{\"@id\":\"https:\\\/\\\/diariotextual.com\\\/inicio\\\/#\\\/schema\\\/logo\\\/image\\\/\"},\"sameAs\":[\"https:\\\/\\\/www.facebook.com\\\/eltextual\",\"https:\\\/\\\/x.com\\\/eltextual\",\"http:\\\/\\\/www.instagram.com\\\/eltextual\"]},{\"@type\":\"Person\",\"@id\":\"https:\\\/\\\/diariotextual.com\\\/inicio\\\/#\\\/schema\\\/person\\\/a1b6f563e0ee944c60f98119389a4d9f\",\"name\":\"diario3\",\"image\":{\"@type\":\"ImageObject\",\"inLanguage\":\"es\",\"@id\":\"https:\\\/\\\/secure.gravatar.com\\\/avatar\\\/5e7ee62c82fc04d9dd79d746a390d93c69c43223e5faeeb3ea9461ef752bfc5d?s=96&d=mm&r=g\",\"url\":\"https:\\\/\\\/secure.gravatar.com\\\/avatar\\\/5e7ee62c82fc04d9dd79d746a390d93c69c43223e5faeeb3ea9461ef752bfc5d?s=96&d=mm&r=g\",\"contentUrl\":\"https:\\\/\\\/secure.gravatar.com\\\/avatar\\\/5e7ee62c82fc04d9dd79d746a390d93c69c43223e5faeeb3ea9461ef752bfc5d?s=96&d=mm&r=g\",\"caption\":\"diario3\"},\"url\":\"https:\\\/\\\/diariotextual.com\\\/inicio\\\/index.php\\\/author\\\/diario3\\\/\"}]}<\/script>\n<!-- \/ Yoast SEO plugin. -->","yoast_head_json":{"title":"Rauschenberger acus\u00f3 al oficialismo de soberbia e improvisaci\u00f3n - Diario Textual","robots":{"index":"index","follow":"follow","max-snippet":"max-snippet:-1","max-image-preview":"max-image-preview:large","max-video-preview":"max-video-preview:-1"},"canonical":"https:\/\/diariotextual.com\/inicio\/index.php\/2024\/02\/08\/rauschenberger-acuso-al-oficialismo-de-soberbia-e-improvisacion\/","og_locale":"es_ES","og_type":"article","og_title":"Rauschenberger acus\u00f3 al oficialismo de soberbia e improvisaci\u00f3n - Diario Textual","og_description":"El diputado nacional por La Pampa, Ariel Rauschenberger (UxP), consider\u00f3 que el proyecto de ley \u00f3mnibus \u201ctermin\u00f3 como ten\u00eda que terminar\u201d en funci\u00f3n de c\u00f3mo se dio su discusi\u00f3n desde&hellip;","og_url":"https:\/\/diariotextual.com\/inicio\/index.php\/2024\/02\/08\/rauschenberger-acuso-al-oficialismo-de-soberbia-e-improvisacion\/","og_site_name":"Diario Textual","article_publisher":"https:\/\/www.facebook.com\/eltextual","article_published_time":"2024-02-08T21:39:39+00:00","article_modified_time":"2024-02-09T12:37:29+00:00","og_image":[{"width":2000,"height":1333,"url":"https:\/\/diariotextual.com\/inicio\/wp-content\/uploads\/2024\/02\/rauschenbergerarielleyombnibusbases2024-4.jpg","type":"image\/jpeg"}],"author":"diario3","twitter_card":"summary_large_image","twitter_creator":"@eltextual","twitter_site":"@eltextual","twitter_misc":{"Escrito por":"diario3","Tiempo de lectura":"2 minutos"},"schema":{"@context":"https:\/\/schema.org","@graph":[{"@type":"Article","@id":"https:\/\/diariotextual.com\/inicio\/index.php\/2024\/02\/08\/rauschenberger-acuso-al-oficialismo-de-soberbia-e-improvisacion\/#article","isPartOf":{"@id":"https:\/\/diariotextual.com\/inicio\/index.php\/2024\/02\/08\/rauschenberger-acuso-al-oficialismo-de-soberbia-e-improvisacion\/"},"author":{"name":"diario3","@id":"https:\/\/diariotextual.com\/inicio\/#\/schema\/person\/a1b6f563e0ee944c60f98119389a4d9f"},"headline":"Rauschenberger acus\u00f3 al oficialismo de soberbia e improvisaci\u00f3n","datePublished":"2024-02-08T21:39:39+00:00","dateModified":"2024-02-09T12:37:29+00:00","mainEntityOfPage":{"@id":"https:\/\/diariotextual.com\/inicio\/index.php\/2024\/02\/08\/rauschenberger-acuso-al-oficialismo-de-soberbia-e-improvisacion\/"},"wordCount":347,"publisher":{"@id":"https:\/\/diariotextual.com\/inicio\/#organization"},"image":{"@id":"https:\/\/diariotextual.com\/inicio\/index.php\/2024\/02\/08\/rauschenberger-acuso-al-oficialismo-de-soberbia-e-improvisacion\/#primaryimage"},"thumbnailUrl":"https:\/\/diariotextual.com\/inicio\/wp-content\/uploads\/2024\/02\/rauschenbergerarielleyombnibusbases2024-4.jpg","keywords":["ley omnibus","milei"],"articleSection":["A - ES NOTICIA (van abajo)","POLITICA"],"inLanguage":"es"},{"@type":"WebPage","@id":"https:\/\/diariotextual.com\/inicio\/index.php\/2024\/02\/08\/rauschenberger-acuso-al-oficialismo-de-soberbia-e-improvisacion\/","url":"https:\/\/diariotextual.com\/inicio\/index.php\/2024\/02\/08\/rauschenberger-acuso-al-oficialismo-de-soberbia-e-improvisacion\/","name":"Rauschenberger acus\u00f3 al oficialismo de soberbia e improvisaci\u00f3n - Diario Textual","isPartOf":{"@id":"https:\/\/diariotextual.com\/inicio\/#website"},"primaryImageOfPage":{"@id":"https:\/\/diariotextual.com\/inicio\/index.php\/2024\/02\/08\/rauschenberger-acuso-al-oficialismo-de-soberbia-e-improvisacion\/#primaryimage"},"image":{"@id":"https:\/\/diariotextual.com\/inicio\/index.php\/2024\/02\/08\/rauschenberger-acuso-al-oficialismo-de-soberbia-e-improvisacion\/#primaryimage"},"thumbnailUrl":"https:\/\/diariotextual.com\/inicio\/wp-content\/uploads\/2024\/02\/rauschenbergerarielleyombnibusbases2024-4.jpg","datePublished":"2024-02-08T21:39:39+00:00","dateModified":"2024-02-09T12:37:29+00:00","breadcrumb":{"@id":"https:\/\/diariotextual.com\/inicio\/index.php\/2024\/02\/08\/rauschenberger-acuso-al-oficialismo-de-soberbia-e-improvisacion\/#breadcrumb"},"inLanguage":"es","potentialAction":[{"@type":"ReadAction","target":["https:\/\/diariotextual.com\/inicio\/index.php\/2024\/02\/08\/rauschenberger-acuso-al-oficialismo-de-soberbia-e-improvisacion\/"]}]},{"@type":"ImageObject","inLanguage":"es","@id":"https:\/\/diariotextual.com\/inicio\/index.php\/2024\/02\/08\/rauschenberger-acuso-al-oficialismo-de-soberbia-e-improvisacion\/#primaryimage","url":"https:\/\/diariotextual.com\/inicio\/wp-content\/uploads\/2024\/02\/rauschenbergerarielleyombnibusbases2024-4.jpg","contentUrl":"https:\/\/diariotextual.com\/inicio\/wp-content\/uploads\/2024\/02\/rauschenbergerarielleyombnibusbases2024-4.jpg","width":2000,"height":1333},{"@type":"BreadcrumbList","@id":"https:\/\/diariotextual.com\/inicio\/index.php\/2024\/02\/08\/rauschenberger-acuso-al-oficialismo-de-soberbia-e-improvisacion\/#breadcrumb","itemListElement":[{"@type":"ListItem","position":1,"name":"Portada","item":"https:\/\/diariotextual.com\/inicio\/"},{"@type":"ListItem","position":2,"name":"Rauschenberger acus\u00f3 al oficialismo de soberbia e improvisaci\u00f3n"}]},{"@type":"WebSite","@id":"https:\/\/diariotextual.com\/inicio\/#website","url":"https:\/\/diariotextual.com\/inicio\/","name":"Diario Textual","description":"","publisher":{"@id":"https:\/\/diariotextual.com\/inicio\/#organization"},"potentialAction":[{"@type":"SearchAction","target":{"@type":"EntryPoint","urlTemplate":"https:\/\/diariotextual.com\/inicio\/?s={search_term_string}"},"query-input":{"@type":"PropertyValueSpecification","valueRequired":true,"valueName":"search_term_string"}}],"inLanguage":"es"},{"@type":"Organization","@id":"https:\/\/diariotextual.com\/inicio\/#organization","name":"Diario Textual","url":"https:\/\/diariotextual.com\/inicio\/","logo":{"@type":"ImageObject","inLanguage":"es","@id":"https:\/\/diariotextual.com\/inicio\/#\/schema\/logo\/image\/","url":"https:\/\/diariotextual.com\/inicio\/wp-content\/uploads\/2023\/05\/logotextual1.jpg","contentUrl":"https:\/\/diariotextual.com\/inicio\/wp-content\/uploads\/2023\/05\/logotextual1.jpg","width":516,"height":76,"caption":"Diario Textual"},"image":{"@id":"https:\/\/diariotextual.com\/inicio\/#\/schema\/logo\/image\/"},"sameAs":["https:\/\/www.facebook.com\/eltextual","https:\/\/x.com\/eltextual","http:\/\/www.instagram.com\/eltextual"]},{"@type":"Person","@id":"https:\/\/diariotextual.com\/inicio\/#\/schema\/person\/a1b6f563e0ee944c60f98119389a4d9f","name":"diario3","image":{"@type":"ImageObject","inLanguage":"es","@id":"https:\/\/secure.gravatar.com\/avatar\/5e7ee62c82fc04d9dd79d746a390d93c69c43223e5faeeb3ea9461ef752bfc5d?s=96&d=mm&r=g","url":"https:\/\/secure.gravatar.com\/avatar\/5e7ee62c82fc04d9dd79d746a390d93c69c43223e5faeeb3ea9461ef752bfc5d?s=96&d=mm&r=g","contentUrl":"https:\/\/secure.gravatar.com\/avatar\/5e7ee62c82fc04d9dd79d746a390d93c69c43223e5faeeb3ea9461ef752bfc5d?s=96&d=mm&r=g","caption":"diario3"},"url":"https:\/\/diariotextual.com\/inicio\/index.php\/author\/diario3\/"}]}},"_links":{"self":[{"href":"https:\/\/diariotextual.com\/inicio\/index.php\/wp-json\/wp\/v2\/posts\/253620","targetHints":{"allow":["GET"]}}],"collection":[{"href":"https:\/\/diariotextual.com\/inicio\/index.php\/wp-json\/wp\/v2\/posts"}],"about":[{"href":"https:\/\/diariotextual.com\/inicio\/index.php\/wp-json\/wp\/v2\/types\/post"}],"author":[{"embeddable":true,"href":"https:\/\/diariotextual.com\/inicio\/index.php\/wp-json\/wp\/v2\/users\/5"}],"replies":[{"embeddable":true,"href":"https:\/\/diariotextual.com\/inicio\/index.php\/wp-json\/wp\/v2\/comments?post=253620"}],"version-history":[{"count":1,"href":"https:\/\/diariotextual.com\/inicio\/index.php\/wp-json\/wp\/v2\/posts\/253620\/revisions"}],"predecessor-version":[{"id":253621,"href":"https:\/\/diariotextual.com\/inicio\/index.php\/wp-json\/wp\/v2\/posts\/253620\/revisions\/253621"}],"wp:featuredmedia":[{"embeddable":true,"href":"https:\/\/diariotextual.com\/inicio\/index.php\/wp-json\/wp\/v2\/media\/253335"}],"wp:attachment":[{"href":"https:\/\/diariotextual.com\/inicio\/index.php\/wp-json\/wp\/v2\/media?parent=253620"}],"wp:term":[{"taxonomy":"category","embeddable":true,"href":"https:\/\/diariotextual.com\/inicio\/index.php\/wp-json\/wp\/v2\/categories?post=253620"},{"taxonomy":"post_tag","embeddable":true,"href":"https:\/\/diariotextual.com\/inicio\/index.php\/wp-json\/wp\/v2\/tags?post=253620"}],"curies":[{"name":"wp","href":"https:\/\/api.w.org\/{rel}","templated":true}]}}