{"id":253935,"date":"2024-02-13T11:01:05","date_gmt":"2024-02-13T14:01:05","guid":{"rendered":"https:\/\/diariotextual.com\/inicio\/?p=253935"},"modified":"2024-02-14T11:18:05","modified_gmt":"2024-02-14T14:18:05","slug":"coooorrecto-profesor-de-la-unlpam-pide-dolarizar-y-milei-le-da-me-gusta","status":"publish","type":"post","link":"https:\/\/diariotextual.com\/inicio\/index.php\/2024\/02\/13\/coooorrecto-profesor-de-la-unlpam-pide-dolarizar-y-milei-le-da-me-gusta\/","title":{"rendered":"\u201cCoooorrecto\u201d: profesor de la UNLPam pide dolarizar y Milei le da \u201cme gusta\u201d"},"content":{"rendered":"\n<p>El presidente <strong>Javier Milei<\/strong>, en otra jornada fren\u00e9tica de actividad en X, aprob\u00f3 un comentario de un docente de la<strong> Universidad Nacional de La Pampa (UNLPam)<\/strong> y<strong> fallido candidato a legislador nacional<\/strong> por la Libertad Avanza, <strong>Adri\u00e1n Ravier<\/strong>, sobre la dolarizaci\u00f3n.<\/p>\n\n\n\n<p>El jefe de Estado dio \u201cme gusta\u201d y escribi\u00f3 \u201ccorrectooo\u201d a una apreciaci\u00f3n del pampeano Ravier.<\/p>\n\n\n\n<p>\u201cEntiendo la idea del \u2018ancla fiscal\u2019\u201d, escribi\u00f3 Ravier. \u201cIncluso \u2018creo\u2019 que tendr\u00e1 vigencia durante 4 a\u00f1os. Pero qu\u00e9 pasa post-Milei. Nada es m\u00e1s transitorio que el equilibrio fiscal. <strong>Argentina necesita dolarizar. El plan econ\u00f3mico debe tener elementos de irreversibilidad para que el mercado conf\u00ede<\/strong>\u201d, sostuvo el doctor en Econom\u00eda.<\/p>\n\n\n\n<p><strong>\u201cCoooorrecto\u201d<\/strong>, escribi\u00f3 Milei, en un claro respaldo a Ravier.<\/p>\n\n\n\n<p><\/p>\n","protected":false},"excerpt":{"rendered":"<p>El presidente Javier Milei, en otra jornada fren\u00e9tica de actividad en X, aprob\u00f3 un comentario de un docente de la Universidad Nacional de La Pampa (UNLPam) y fallido candidato a&hellip;<\/p>\n","protected":false},"author":3,"featured_media":253939,"comment_status":"closed","ping_status":"open","sticky":false,"template":"","format":"standard","meta":{"_acf_changed":false,"footnotes":""},"categories":[1,8],"tags":[],"class_list":["post-253935","post","type-post","status-publish","format-standard","has-post-thumbnail","hentry","category-es-noticia","category-politica"],"acf":[],"yoast_head":"<!-- This site is optimized with the Yoast SEO plugin v27.5 - https:\/\/yoast.com\/product\/yoast-seo-wordpress\/ -->\n<title>\u201cCoooorrecto\u201d: profesor de la UNLPam pide dolarizar y Milei le da \u201cme gusta\u201d - Diario Textual<\/title>\n<meta name=\"robots\" content=\"index, follow, max-snippet:-1, max-image-preview:large, max-video-preview:-1\" \/>\n<link rel=\"canonical\" href=\"https:\/\/diariotextual.com\/inicio\/index.php\/2024\/02\/13\/coooorrecto-profesor-de-la-unlpam-pide-dolarizar-y-milei-le-da-me-gusta\/\" \/>\n<meta property=\"og:locale\" content=\"es_ES\" \/>\n<meta property=\"og:type\" content=\"article\" \/>\n<meta property=\"og:title\" content=\"\u201cCoooorrecto\u201d: profesor de la UNLPam pide dolarizar y Milei le da \u201cme gusta\u201d - Diario Textual\" \/>\n<meta property=\"og:description\" content=\"El presidente Javier Milei, en otra jornada fren\u00e9tica de actividad en X, aprob\u00f3 un comentario de un docente de la Universidad Nacional de La Pampa (UNLPam) y fallido candidato a&hellip;\" \/>\n<meta property=\"og:url\" content=\"https:\/\/diariotextual.com\/inicio\/index.php\/2024\/02\/13\/coooorrecto-profesor-de-la-unlpam-pide-dolarizar-y-milei-le-da-me-gusta\/\" \/>\n<meta property=\"og:site_name\" content=\"Diario Textual\" \/>\n<meta property=\"article:publisher\" content=\"https:\/\/www.facebook.com\/eltextual\" \/>\n<meta property=\"article:published_time\" content=\"2024-02-13T14:01:05+00:00\" \/>\n<meta property=\"article:modified_time\" content=\"2024-02-14T14:18:05+00:00\" \/>\n<meta property=\"og:image\" content=\"https:\/\/diariotextual.com\/inicio\/wp-content\/uploads\/2024\/02\/ravieradrianpostmilei2024-12.jpg\" \/>\n\t<meta property=\"og:image:width\" content=\"1414\" \/>\n\t<meta property=\"og:image:height\" content=\"985\" \/>\n\t<meta property=\"og:image:type\" content=\"image\/jpeg\" \/>\n<meta name=\"author\" content=\"Diario1 Diario1\" \/>\n<meta name=\"twitter:card\" content=\"summary_large_image\" \/>\n<meta name=\"twitter:creator\" content=\"@eltextual\" \/>\n<meta name=\"twitter:site\" content=\"@eltextual\" \/>\n<meta name=\"twitter:label1\" content=\"Escrito por\" \/>\n\t<meta name=\"twitter:data1\" content=\"Diario1 Diario1\" \/>\n\t<meta name=\"twitter:label2\" content=\"Tiempo de lectura\" \/>\n\t<meta name=\"twitter:data2\" content=\"1 minuto\" \/>\n<script type=\"application\/ld+json\" class=\"yoast-schema-graph\">{\"@context\":\"https:\\\/\\\/schema.org\",\"@graph\":[{\"@type\":\"Article\",\"@id\":\"https:\\\/\\\/diariotextual.com\\\/inicio\\\/index.php\\\/2024\\\/02\\\/13\\\/coooorrecto-profesor-de-la-unlpam-pide-dolarizar-y-milei-le-da-me-gusta\\\/#article\",\"isPartOf\":{\"@id\":\"https:\\\/\\\/diariotextual.com\\\/inicio\\\/index.php\\\/2024\\\/02\\\/13\\\/coooorrecto-profesor-de-la-unlpam-pide-dolarizar-y-milei-le-da-me-gusta\\\/\"},\"author\":{\"name\":\"Diario1 Diario1\",\"@id\":\"https:\\\/\\\/diariotextual.com\\\/inicio\\\/#\\\/schema\\\/person\\\/418fc4093c33e86ed41562db3508f958\"},\"headline\":\"\u201cCoooorrecto\u201d: profesor de la UNLPam pide dolarizar y Milei le da \u201cme gusta\u201d\",\"datePublished\":\"2024-02-13T14:01:05+00:00\",\"dateModified\":\"2024-02-14T14:18:05+00:00\",\"mainEntityOfPage\":{\"@id\":\"https:\\\/\\\/diariotextual.com\\\/inicio\\\/index.php\\\/2024\\\/02\\\/13\\\/coooorrecto-profesor-de-la-unlpam-pide-dolarizar-y-milei-le-da-me-gusta\\\/\"},\"wordCount\":136,\"publisher\":{\"@id\":\"https:\\\/\\\/diariotextual.com\\\/inicio\\\/#organization\"},\"image\":{\"@id\":\"https:\\\/\\\/diariotextual.com\\\/inicio\\\/index.php\\\/2024\\\/02\\\/13\\\/coooorrecto-profesor-de-la-unlpam-pide-dolarizar-y-milei-le-da-me-gusta\\\/#primaryimage\"},\"thumbnailUrl\":\"https:\\\/\\\/diariotextual.com\\\/inicio\\\/wp-content\\\/uploads\\\/2024\\\/02\\\/ravieradrianpostmilei2024-12.jpg\",\"articleSection\":[\"A - ES NOTICIA (van abajo)\",\"POLITICA\"],\"inLanguage\":\"es\"},{\"@type\":\"WebPage\",\"@id\":\"https:\\\/\\\/diariotextual.com\\\/inicio\\\/index.php\\\/2024\\\/02\\\/13\\\/coooorrecto-profesor-de-la-unlpam-pide-dolarizar-y-milei-le-da-me-gusta\\\/\",\"url\":\"https:\\\/\\\/diariotextual.com\\\/inicio\\\/index.php\\\/2024\\\/02\\\/13\\\/coooorrecto-profesor-de-la-unlpam-pide-dolarizar-y-milei-le-da-me-gusta\\\/\",\"name\":\"\u201cCoooorrecto\u201d: profesor de la UNLPam pide dolarizar y Milei le da \u201cme gusta\u201d - Diario Textual\",\"isPartOf\":{\"@id\":\"https:\\\/\\\/diariotextual.com\\\/inicio\\\/#website\"},\"primaryImageOfPage\":{\"@id\":\"https:\\\/\\\/diariotextual.com\\\/inicio\\\/index.php\\\/2024\\\/02\\\/13\\\/coooorrecto-profesor-de-la-unlpam-pide-dolarizar-y-milei-le-da-me-gusta\\\/#primaryimage\"},\"image\":{\"@id\":\"https:\\\/\\\/diariotextual.com\\\/inicio\\\/index.php\\\/2024\\\/02\\\/13\\\/coooorrecto-profesor-de-la-unlpam-pide-dolarizar-y-milei-le-da-me-gusta\\\/#primaryimage\"},\"thumbnailUrl\":\"https:\\\/\\\/diariotextual.com\\\/inicio\\\/wp-content\\\/uploads\\\/2024\\\/02\\\/ravieradrianpostmilei2024-12.jpg\",\"datePublished\":\"2024-02-13T14:01:05+00:00\",\"dateModified\":\"2024-02-14T14:18:05+00:00\",\"breadcrumb\":{\"@id\":\"https:\\\/\\\/diariotextual.com\\\/inicio\\\/index.php\\\/2024\\\/02\\\/13\\\/coooorrecto-profesor-de-la-unlpam-pide-dolarizar-y-milei-le-da-me-gusta\\\/#breadcrumb\"},\"inLanguage\":\"es\",\"potentialAction\":[{\"@type\":\"ReadAction\",\"target\":[\"https:\\\/\\\/diariotextual.com\\\/inicio\\\/index.php\\\/2024\\\/02\\\/13\\\/coooorrecto-profesor-de-la-unlpam-pide-dolarizar-y-milei-le-da-me-gusta\\\/\"]}]},{\"@type\":\"ImageObject\",\"inLanguage\":\"es\",\"@id\":\"https:\\\/\\\/diariotextual.com\\\/inicio\\\/index.php\\\/2024\\\/02\\\/13\\\/coooorrecto-profesor-de-la-unlpam-pide-dolarizar-y-milei-le-da-me-gusta\\\/#primaryimage\",\"url\":\"https:\\\/\\\/diariotextual.com\\\/inicio\\\/wp-content\\\/uploads\\\/2024\\\/02\\\/ravieradrianpostmilei2024-12.jpg\",\"contentUrl\":\"https:\\\/\\\/diariotextual.com\\\/inicio\\\/wp-content\\\/uploads\\\/2024\\\/02\\\/ravieradrianpostmilei2024-12.jpg\",\"width\":1414,\"height\":985,\"caption\":\"Volante Nueva Colecci\u00f3n Deco Simple Blanco - 1\"},{\"@type\":\"BreadcrumbList\",\"@id\":\"https:\\\/\\\/diariotextual.com\\\/inicio\\\/index.php\\\/2024\\\/02\\\/13\\\/coooorrecto-profesor-de-la-unlpam-pide-dolarizar-y-milei-le-da-me-gusta\\\/#breadcrumb\",\"itemListElement\":[{\"@type\":\"ListItem\",\"position\":1,\"name\":\"Portada\",\"item\":\"https:\\\/\\\/diariotextual.com\\\/inicio\\\/\"},{\"@type\":\"ListItem\",\"position\":2,\"name\":\"\u201cCoooorrecto\u201d: profesor de la UNLPam pide dolarizar y Milei le da \u201cme gusta\u201d\"}]},{\"@type\":\"WebSite\",\"@id\":\"https:\\\/\\\/diariotextual.com\\\/inicio\\\/#website\",\"url\":\"https:\\\/\\\/diariotextual.com\\\/inicio\\\/\",\"name\":\"Diario Textual\",\"description\":\"\",\"publisher\":{\"@id\":\"https:\\\/\\\/diariotextual.com\\\/inicio\\\/#organization\"},\"potentialAction\":[{\"@type\":\"SearchAction\",\"target\":{\"@type\":\"EntryPoint\",\"urlTemplate\":\"https:\\\/\\\/diariotextual.com\\\/inicio\\\/?s={search_term_string}\"},\"query-input\":{\"@type\":\"PropertyValueSpecification\",\"valueRequired\":true,\"valueName\":\"search_term_string\"}}],\"inLanguage\":\"es\"},{\"@type\":\"Organization\",\"@id\":\"https:\\\/\\\/diariotextual.com\\\/inicio\\\/#organization\",\"name\":\"Diario Textual\",\"url\":\"https:\\\/\\\/diariotextual.com\\\/inicio\\\/\",\"logo\":{\"@type\":\"ImageObject\",\"inLanguage\":\"es\",\"@id\":\"https:\\\/\\\/diariotextual.com\\\/inicio\\\/#\\\/schema\\\/logo\\\/image\\\/\",\"url\":\"https:\\\/\\\/diariotextual.com\\\/inicio\\\/wp-content\\\/uploads\\\/2023\\\/05\\\/logotextual1.jpg\",\"contentUrl\":\"https:\\\/\\\/diariotextual.com\\\/inicio\\\/wp-content\\\/uploads\\\/2023\\\/05\\\/logotextual1.jpg\",\"width\":516,\"height\":76,\"caption\":\"Diario Textual\"},\"image\":{\"@id\":\"https:\\\/\\\/diariotextual.com\\\/inicio\\\/#\\\/schema\\\/logo\\\/image\\\/\"},\"sameAs\":[\"https:\\\/\\\/www.facebook.com\\\/eltextual\",\"https:\\\/\\\/x.com\\\/eltextual\",\"http:\\\/\\\/www.instagram.com\\\/eltextual\"]},{\"@type\":\"Person\",\"@id\":\"https:\\\/\\\/diariotextual.com\\\/inicio\\\/#\\\/schema\\\/person\\\/418fc4093c33e86ed41562db3508f958\",\"name\":\"Diario1 Diario1\",\"image\":{\"@type\":\"ImageObject\",\"inLanguage\":\"es\",\"@id\":\"https:\\\/\\\/secure.gravatar.com\\\/avatar\\\/9167d280179c85bc18be67aa7eda765854300033af4896dd779b608640f2ef7a?s=96&d=mm&r=g\",\"url\":\"https:\\\/\\\/secure.gravatar.com\\\/avatar\\\/9167d280179c85bc18be67aa7eda765854300033af4896dd779b608640f2ef7a?s=96&d=mm&r=g\",\"contentUrl\":\"https:\\\/\\\/secure.gravatar.com\\\/avatar\\\/9167d280179c85bc18be67aa7eda765854300033af4896dd779b608640f2ef7a?s=96&d=mm&r=g\",\"caption\":\"Diario1 Diario1\"},\"url\":\"https:\\\/\\\/diariotextual.com\\\/inicio\\\/index.php\\\/author\\\/diario1\\\/\"}]}<\/script>\n<!-- \/ Yoast SEO plugin. -->","yoast_head_json":{"title":"\u201cCoooorrecto\u201d: profesor de la UNLPam pide dolarizar y Milei le da \u201cme gusta\u201d - Diario Textual","robots":{"index":"index","follow":"follow","max-snippet":"max-snippet:-1","max-image-preview":"max-image-preview:large","max-video-preview":"max-video-preview:-1"},"canonical":"https:\/\/diariotextual.com\/inicio\/index.php\/2024\/02\/13\/coooorrecto-profesor-de-la-unlpam-pide-dolarizar-y-milei-le-da-me-gusta\/","og_locale":"es_ES","og_type":"article","og_title":"\u201cCoooorrecto\u201d: profesor de la UNLPam pide dolarizar y Milei le da \u201cme gusta\u201d - Diario Textual","og_description":"El presidente Javier Milei, en otra jornada fren\u00e9tica de actividad en X, aprob\u00f3 un comentario de un docente de la Universidad Nacional de La Pampa (UNLPam) y fallido candidato a&hellip;","og_url":"https:\/\/diariotextual.com\/inicio\/index.php\/2024\/02\/13\/coooorrecto-profesor-de-la-unlpam-pide-dolarizar-y-milei-le-da-me-gusta\/","og_site_name":"Diario Textual","article_publisher":"https:\/\/www.facebook.com\/eltextual","article_published_time":"2024-02-13T14:01:05+00:00","article_modified_time":"2024-02-14T14:18:05+00:00","og_image":[{"width":1414,"height":985,"url":"https:\/\/diariotextual.com\/inicio\/wp-content\/uploads\/2024\/02\/ravieradrianpostmilei2024-12.jpg","type":"image\/jpeg"}],"author":"Diario1 Diario1","twitter_card":"summary_large_image","twitter_creator":"@eltextual","twitter_site":"@eltextual","twitter_misc":{"Escrito por":"Diario1 Diario1","Tiempo de lectura":"1 minuto"},"schema":{"@context":"https:\/\/schema.org","@graph":[{"@type":"Article","@id":"https:\/\/diariotextual.com\/inicio\/index.php\/2024\/02\/13\/coooorrecto-profesor-de-la-unlpam-pide-dolarizar-y-milei-le-da-me-gusta\/#article","isPartOf":{"@id":"https:\/\/diariotextual.com\/inicio\/index.php\/2024\/02\/13\/coooorrecto-profesor-de-la-unlpam-pide-dolarizar-y-milei-le-da-me-gusta\/"},"author":{"name":"Diario1 Diario1","@id":"https:\/\/diariotextual.com\/inicio\/#\/schema\/person\/418fc4093c33e86ed41562db3508f958"},"headline":"\u201cCoooorrecto\u201d: profesor de la UNLPam pide dolarizar y Milei le da \u201cme gusta\u201d","datePublished":"2024-02-13T14:01:05+00:00","dateModified":"2024-02-14T14:18:05+00:00","mainEntityOfPage":{"@id":"https:\/\/diariotextual.com\/inicio\/index.php\/2024\/02\/13\/coooorrecto-profesor-de-la-unlpam-pide-dolarizar-y-milei-le-da-me-gusta\/"},"wordCount":136,"publisher":{"@id":"https:\/\/diariotextual.com\/inicio\/#organization"},"image":{"@id":"https:\/\/diariotextual.com\/inicio\/index.php\/2024\/02\/13\/coooorrecto-profesor-de-la-unlpam-pide-dolarizar-y-milei-le-da-me-gusta\/#primaryimage"},"thumbnailUrl":"https:\/\/diariotextual.com\/inicio\/wp-content\/uploads\/2024\/02\/ravieradrianpostmilei2024-12.jpg","articleSection":["A - ES NOTICIA (van abajo)","POLITICA"],"inLanguage":"es"},{"@type":"WebPage","@id":"https:\/\/diariotextual.com\/inicio\/index.php\/2024\/02\/13\/coooorrecto-profesor-de-la-unlpam-pide-dolarizar-y-milei-le-da-me-gusta\/","url":"https:\/\/diariotextual.com\/inicio\/index.php\/2024\/02\/13\/coooorrecto-profesor-de-la-unlpam-pide-dolarizar-y-milei-le-da-me-gusta\/","name":"\u201cCoooorrecto\u201d: profesor de la UNLPam pide dolarizar y Milei le da \u201cme gusta\u201d - Diario Textual","isPartOf":{"@id":"https:\/\/diariotextual.com\/inicio\/#website"},"primaryImageOfPage":{"@id":"https:\/\/diariotextual.com\/inicio\/index.php\/2024\/02\/13\/coooorrecto-profesor-de-la-unlpam-pide-dolarizar-y-milei-le-da-me-gusta\/#primaryimage"},"image":{"@id":"https:\/\/diariotextual.com\/inicio\/index.php\/2024\/02\/13\/coooorrecto-profesor-de-la-unlpam-pide-dolarizar-y-milei-le-da-me-gusta\/#primaryimage"},"thumbnailUrl":"https:\/\/diariotextual.com\/inicio\/wp-content\/uploads\/2024\/02\/ravieradrianpostmilei2024-12.jpg","datePublished":"2024-02-13T14:01:05+00:00","dateModified":"2024-02-14T14:18:05+00:00","breadcrumb":{"@id":"https:\/\/diariotextual.com\/inicio\/index.php\/2024\/02\/13\/coooorrecto-profesor-de-la-unlpam-pide-dolarizar-y-milei-le-da-me-gusta\/#breadcrumb"},"inLanguage":"es","potentialAction":[{"@type":"ReadAction","target":["https:\/\/diariotextual.com\/inicio\/index.php\/2024\/02\/13\/coooorrecto-profesor-de-la-unlpam-pide-dolarizar-y-milei-le-da-me-gusta\/"]}]},{"@type":"ImageObject","inLanguage":"es","@id":"https:\/\/diariotextual.com\/inicio\/index.php\/2024\/02\/13\/coooorrecto-profesor-de-la-unlpam-pide-dolarizar-y-milei-le-da-me-gusta\/#primaryimage","url":"https:\/\/diariotextual.com\/inicio\/wp-content\/uploads\/2024\/02\/ravieradrianpostmilei2024-12.jpg","contentUrl":"https:\/\/diariotextual.com\/inicio\/wp-content\/uploads\/2024\/02\/ravieradrianpostmilei2024-12.jpg","width":1414,"height":985,"caption":"Volante Nueva Colecci\u00f3n Deco Simple Blanco - 1"},{"@type":"BreadcrumbList","@id":"https:\/\/diariotextual.com\/inicio\/index.php\/2024\/02\/13\/coooorrecto-profesor-de-la-unlpam-pide-dolarizar-y-milei-le-da-me-gusta\/#breadcrumb","itemListElement":[{"@type":"ListItem","position":1,"name":"Portada","item":"https:\/\/diariotextual.com\/inicio\/"},{"@type":"ListItem","position":2,"name":"\u201cCoooorrecto\u201d: profesor de la UNLPam pide dolarizar y Milei le da \u201cme gusta\u201d"}]},{"@type":"WebSite","@id":"https:\/\/diariotextual.com\/inicio\/#website","url":"https:\/\/diariotextual.com\/inicio\/","name":"Diario Textual","description":"","publisher":{"@id":"https:\/\/diariotextual.com\/inicio\/#organization"},"potentialAction":[{"@type":"SearchAction","target":{"@type":"EntryPoint","urlTemplate":"https:\/\/diariotextual.com\/inicio\/?s={search_term_string}"},"query-input":{"@type":"PropertyValueSpecification","valueRequired":true,"valueName":"search_term_string"}}],"inLanguage":"es"},{"@type":"Organization","@id":"https:\/\/diariotextual.com\/inicio\/#organization","name":"Diario Textual","url":"https:\/\/diariotextual.com\/inicio\/","logo":{"@type":"ImageObject","inLanguage":"es","@id":"https:\/\/diariotextual.com\/inicio\/#\/schema\/logo\/image\/","url":"https:\/\/diariotextual.com\/inicio\/wp-content\/uploads\/2023\/05\/logotextual1.jpg","contentUrl":"https:\/\/diariotextual.com\/inicio\/wp-content\/uploads\/2023\/05\/logotextual1.jpg","width":516,"height":76,"caption":"Diario Textual"},"image":{"@id":"https:\/\/diariotextual.com\/inicio\/#\/schema\/logo\/image\/"},"sameAs":["https:\/\/www.facebook.com\/eltextual","https:\/\/x.com\/eltextual","http:\/\/www.instagram.com\/eltextual"]},{"@type":"Person","@id":"https:\/\/diariotextual.com\/inicio\/#\/schema\/person\/418fc4093c33e86ed41562db3508f958","name":"Diario1 Diario1","image":{"@type":"ImageObject","inLanguage":"es","@id":"https:\/\/secure.gravatar.com\/avatar\/9167d280179c85bc18be67aa7eda765854300033af4896dd779b608640f2ef7a?s=96&d=mm&r=g","url":"https:\/\/secure.gravatar.com\/avatar\/9167d280179c85bc18be67aa7eda765854300033af4896dd779b608640f2ef7a?s=96&d=mm&r=g","contentUrl":"https:\/\/secure.gravatar.com\/avatar\/9167d280179c85bc18be67aa7eda765854300033af4896dd779b608640f2ef7a?s=96&d=mm&r=g","caption":"Diario1 Diario1"},"url":"https:\/\/diariotextual.com\/inicio\/index.php\/author\/diario1\/"}]}},"_links":{"self":[{"href":"https:\/\/diariotextual.com\/inicio\/index.php\/wp-json\/wp\/v2\/posts\/253935","targetHints":{"allow":["GET"]}}],"collection":[{"href":"https:\/\/diariotextual.com\/inicio\/index.php\/wp-json\/wp\/v2\/posts"}],"about":[{"href":"https:\/\/diariotextual.com\/inicio\/index.php\/wp-json\/wp\/v2\/types\/post"}],"author":[{"embeddable":true,"href":"https:\/\/diariotextual.com\/inicio\/index.php\/wp-json\/wp\/v2\/users\/3"}],"replies":[{"embeddable":true,"href":"https:\/\/diariotextual.com\/inicio\/index.php\/wp-json\/wp\/v2\/comments?post=253935"}],"version-history":[{"count":3,"href":"https:\/\/diariotextual.com\/inicio\/index.php\/wp-json\/wp\/v2\/posts\/253935\/revisions"}],"predecessor-version":[{"id":253938,"href":"https:\/\/diariotextual.com\/inicio\/index.php\/wp-json\/wp\/v2\/posts\/253935\/revisions\/253938"}],"wp:featuredmedia":[{"embeddable":true,"href":"https:\/\/diariotextual.com\/inicio\/index.php\/wp-json\/wp\/v2\/media\/253939"}],"wp:attachment":[{"href":"https:\/\/diariotextual.com\/inicio\/index.php\/wp-json\/wp\/v2\/media?parent=253935"}],"wp:term":[{"taxonomy":"category","embeddable":true,"href":"https:\/\/diariotextual.com\/inicio\/index.php\/wp-json\/wp\/v2\/categories?post=253935"},{"taxonomy":"post_tag","embeddable":true,"href":"https:\/\/diariotextual.com\/inicio\/index.php\/wp-json\/wp\/v2\/tags?post=253935"}],"curies":[{"name":"wp","href":"https:\/\/api.w.org\/{rel}","templated":true}]}}