{"id":254050,"date":"2024-02-14T18:21:35","date_gmt":"2024-02-14T21:21:35","guid":{"rendered":"https:\/\/diariotextual.com\/inicio\/?p=254050"},"modified":"2024-02-15T18:44:42","modified_gmt":"2024-02-15T21:44:42","slug":"guidugli-la-ucr-pampeana-no-piensa-en-una-alianza-con-los-libertarios","status":"publish","type":"post","link":"https:\/\/diariotextual.com\/inicio\/index.php\/2024\/02\/14\/guidugli-la-ucr-pampeana-no-piensa-en-una-alianza-con-los-libertarios\/","title":{"rendered":"Guidugli: la UCR pampeana no piensa en una alianza con los libertarios"},"content":{"rendered":"\n<p>El presidente de la UCR pampeana, <strong>Federico Guidugli<\/strong>, dijo que<strong> el radicalismo no piensa en una alianza con La Libertad Avanza<\/strong> como s\u00ed lo hace parte de la dirigencia del PRO pampeana. Se quej\u00f3 de que <strong>\u201cning\u00fan funcionario del Gobierno nacional hasta el momento se ha comunicado con los intendentes\u201d<\/strong> y que<strong> Javier Milei \u201cest\u00e1 con su postura de atacar al que piensa distinto, de atacar much\u00edsimo al radicalismo y de no dar ning\u00fan tipo de soluci\u00f3n a los graves problemas\u201d<\/strong> del pa\u00eds.<\/p>\n\n\n\n<p>\u201cCon respecto a una posible alianza entre el PRO y La Libertad Avanza a nivel nacional, en principio no me sorprende, porque<strong> la verdad que parte de la dirigencia provincial del PRO, no toda, pero parte, empez\u00f3 a ser m\u00e1s de LLA que del PRO desde que comenz\u00f3 este gobierno nacional. <\/strong>Y m\u00e1s aun teniendo en cuenta el programa de gobierno que hoy tiene LLA y que hasta el momento ha sido en detrimento de la clase media y la clase baja de la Argentina, eso por un lado\u201d, dijo.<\/p>\n\n\n\n<p>\u201c<strong>Desde el radicalismo y desde los intendentes radicales con los que vengo hablando, entendemos que la preocupaci\u00f3n no pasa por si hay que hacer alianza con LLA, la preocupaci\u00f3n que tienen pasa por garantizar los derechos que hoy tienen las localidades de La Pampa\u201d<\/strong>, sostuvo Guidugli. \u201cCada uno de los intendentes est\u00e1 con su responsabilidad en cada uno de esos pueblos y la realidad, que no es nada m\u00e1s que la verdad, es que ning\u00fan funcionario del gobierno nacional hasta el momento se ha comunicado con ning\u00fan intendente de ning\u00fan signo pol\u00edtico, ni siquiera del PRO, del radicalismo o del peronismo\u201d.<\/p>\n\n\n\n<p>\u201cEso habla tambi\u00e9n del equipo de gobierno que es inexistente en el gobierno nacional, que est\u00e1n alejados de la realidad. Convengamos que el presidente ni siquiera conoce La Pampa y que adem\u00e1s hasta ahora ha demostrado que gobierna como vive: en soledad, rodeado solamente de tres o cuatro personas y que no tiene la capacidad de di\u00e1logo, consensos y acuerdos pol\u00edticos que se necesitan para sacar el pa\u00eds adelante\u201d, complet\u00f3.<\/p>\n\n\n\n<p>\u201cMilei est\u00e1 con su postura de atacar al que piensa distinto, de atacar much\u00edsimo al radicalismo y de no dar ning\u00fan tipo de soluci\u00f3n a los graves problemas que no son de ahora sino que vienen de antes, pero que hasta el momento solamente lo que ha conseguido es profundizar los problemas econ\u00f3micos que tiene el pa\u00eds\u201d, dijo.<\/p>\n\n\n\n<p>\u201cA pesar de todo esto, el radicalismo ha demostrado, en la C\u00e1mara Baja del Congreso, con la diputada (Marcela) Coli, que hemos tenido predisposici\u00f3n para otorgarle mejoras al proyecto de ley que&nbsp; present\u00f3 Milei, el proyecto de ley \u00f3mnibus, pero fueron ellos los mismos responsables de bajarlo. Fue decisi\u00f3n de La Libertad Avanza que volviera a comisi\u00f3n. Eso habla tambi\u00e9n un poco de la inexperiencia y de la soberbia que est\u00e1n manejando, en cuanto a consulta con el resto de los partidos pol\u00edticos que integran el Congreso\u201d, dijo el presidente del radicalismo pampeano.<\/p>\n","protected":false},"excerpt":{"rendered":"<p>El presidente de la UCR pampeana, Federico Guidugli, dijo que el radicalismo no piensa en una alianza con La Libertad Avanza como s\u00ed lo hace parte de la dirigencia del&hellip;<\/p>\n","protected":false},"author":3,"featured_media":245891,"comment_status":"closed","ping_status":"open","sticky":false,"template":"","format":"standard","meta":{"_acf_changed":false,"footnotes":""},"categories":[1,8],"tags":[],"class_list":["post-254050","post","type-post","status-publish","format-standard","has-post-thumbnail","hentry","category-es-noticia","category-politica"],"acf":[],"yoast_head":"<!-- This site is optimized with the Yoast SEO plugin v27.5 - https:\/\/yoast.com\/product\/yoast-seo-wordpress\/ -->\n<title>Guidugli: la UCR pampeana no piensa en una alianza con los libertarios - Diario Textual<\/title>\n<meta name=\"robots\" content=\"index, follow, max-snippet:-1, max-image-preview:large, max-video-preview:-1\" \/>\n<link rel=\"canonical\" href=\"https:\/\/diariotextual.com\/inicio\/index.php\/2024\/02\/14\/guidugli-la-ucr-pampeana-no-piensa-en-una-alianza-con-los-libertarios\/\" \/>\n<meta property=\"og:locale\" content=\"es_ES\" \/>\n<meta property=\"og:type\" content=\"article\" \/>\n<meta property=\"og:title\" content=\"Guidugli: la UCR pampeana no piensa en una alianza con los libertarios - Diario Textual\" \/>\n<meta property=\"og:description\" content=\"El presidente de la UCR pampeana, Federico Guidugli, dijo que el radicalismo no piensa en una alianza con La Libertad Avanza como s\u00ed lo hace parte de la dirigencia del&hellip;\" \/>\n<meta property=\"og:url\" content=\"https:\/\/diariotextual.com\/inicio\/index.php\/2024\/02\/14\/guidugli-la-ucr-pampeana-no-piensa-en-una-alianza-con-los-libertarios\/\" \/>\n<meta property=\"og:site_name\" content=\"Diario Textual\" \/>\n<meta property=\"article:publisher\" content=\"https:\/\/www.facebook.com\/eltextual\" \/>\n<meta property=\"article:published_time\" content=\"2024-02-14T21:21:35+00:00\" \/>\n<meta property=\"article:modified_time\" content=\"2024-02-15T21:44:42+00:00\" \/>\n<meta property=\"og:image\" content=\"https:\/\/diariotextual.com\/inicio\/wp-content\/uploads\/2023\/11\/guiduglifederico2023-1.jpg\" \/>\n\t<meta property=\"og:image:width\" content=\"1194\" \/>\n\t<meta property=\"og:image:height\" content=\"725\" \/>\n\t<meta property=\"og:image:type\" content=\"image\/jpeg\" \/>\n<meta name=\"author\" content=\"Diario1 Diario1\" \/>\n<meta name=\"twitter:card\" content=\"summary_large_image\" \/>\n<meta name=\"twitter:creator\" content=\"@eltextual\" \/>\n<meta name=\"twitter:site\" content=\"@eltextual\" \/>\n<meta name=\"twitter:label1\" content=\"Escrito por\" \/>\n\t<meta name=\"twitter:data1\" content=\"Diario1 Diario1\" \/>\n\t<meta name=\"twitter:label2\" content=\"Tiempo de lectura\" \/>\n\t<meta name=\"twitter:data2\" content=\"3 minutos\" \/>\n<script type=\"application\/ld+json\" class=\"yoast-schema-graph\">{\"@context\":\"https:\\\/\\\/schema.org\",\"@graph\":[{\"@type\":\"Article\",\"@id\":\"https:\\\/\\\/diariotextual.com\\\/inicio\\\/index.php\\\/2024\\\/02\\\/14\\\/guidugli-la-ucr-pampeana-no-piensa-en-una-alianza-con-los-libertarios\\\/#article\",\"isPartOf\":{\"@id\":\"https:\\\/\\\/diariotextual.com\\\/inicio\\\/index.php\\\/2024\\\/02\\\/14\\\/guidugli-la-ucr-pampeana-no-piensa-en-una-alianza-con-los-libertarios\\\/\"},\"author\":{\"name\":\"Diario1 Diario1\",\"@id\":\"https:\\\/\\\/diariotextual.com\\\/inicio\\\/#\\\/schema\\\/person\\\/418fc4093c33e86ed41562db3508f958\"},\"headline\":\"Guidugli: la UCR pampeana no piensa en una alianza con los libertarios\",\"datePublished\":\"2024-02-14T21:21:35+00:00\",\"dateModified\":\"2024-02-15T21:44:42+00:00\",\"mainEntityOfPage\":{\"@id\":\"https:\\\/\\\/diariotextual.com\\\/inicio\\\/index.php\\\/2024\\\/02\\\/14\\\/guidugli-la-ucr-pampeana-no-piensa-en-una-alianza-con-los-libertarios\\\/\"},\"wordCount\":540,\"publisher\":{\"@id\":\"https:\\\/\\\/diariotextual.com\\\/inicio\\\/#organization\"},\"image\":{\"@id\":\"https:\\\/\\\/diariotextual.com\\\/inicio\\\/index.php\\\/2024\\\/02\\\/14\\\/guidugli-la-ucr-pampeana-no-piensa-en-una-alianza-con-los-libertarios\\\/#primaryimage\"},\"thumbnailUrl\":\"https:\\\/\\\/diariotextual.com\\\/inicio\\\/wp-content\\\/uploads\\\/2023\\\/11\\\/guiduglifederico2023-1.jpg\",\"articleSection\":[\"A - ES NOTICIA (van abajo)\",\"POLITICA\"],\"inLanguage\":\"es\"},{\"@type\":\"WebPage\",\"@id\":\"https:\\\/\\\/diariotextual.com\\\/inicio\\\/index.php\\\/2024\\\/02\\\/14\\\/guidugli-la-ucr-pampeana-no-piensa-en-una-alianza-con-los-libertarios\\\/\",\"url\":\"https:\\\/\\\/diariotextual.com\\\/inicio\\\/index.php\\\/2024\\\/02\\\/14\\\/guidugli-la-ucr-pampeana-no-piensa-en-una-alianza-con-los-libertarios\\\/\",\"name\":\"Guidugli: la UCR pampeana no piensa en una alianza con los libertarios - Diario Textual\",\"isPartOf\":{\"@id\":\"https:\\\/\\\/diariotextual.com\\\/inicio\\\/#website\"},\"primaryImageOfPage\":{\"@id\":\"https:\\\/\\\/diariotextual.com\\\/inicio\\\/index.php\\\/2024\\\/02\\\/14\\\/guidugli-la-ucr-pampeana-no-piensa-en-una-alianza-con-los-libertarios\\\/#primaryimage\"},\"image\":{\"@id\":\"https:\\\/\\\/diariotextual.com\\\/inicio\\\/index.php\\\/2024\\\/02\\\/14\\\/guidugli-la-ucr-pampeana-no-piensa-en-una-alianza-con-los-libertarios\\\/#primaryimage\"},\"thumbnailUrl\":\"https:\\\/\\\/diariotextual.com\\\/inicio\\\/wp-content\\\/uploads\\\/2023\\\/11\\\/guiduglifederico2023-1.jpg\",\"datePublished\":\"2024-02-14T21:21:35+00:00\",\"dateModified\":\"2024-02-15T21:44:42+00:00\",\"breadcrumb\":{\"@id\":\"https:\\\/\\\/diariotextual.com\\\/inicio\\\/index.php\\\/2024\\\/02\\\/14\\\/guidugli-la-ucr-pampeana-no-piensa-en-una-alianza-con-los-libertarios\\\/#breadcrumb\"},\"inLanguage\":\"es\",\"potentialAction\":[{\"@type\":\"ReadAction\",\"target\":[\"https:\\\/\\\/diariotextual.com\\\/inicio\\\/index.php\\\/2024\\\/02\\\/14\\\/guidugli-la-ucr-pampeana-no-piensa-en-una-alianza-con-los-libertarios\\\/\"]}]},{\"@type\":\"ImageObject\",\"inLanguage\":\"es\",\"@id\":\"https:\\\/\\\/diariotextual.com\\\/inicio\\\/index.php\\\/2024\\\/02\\\/14\\\/guidugli-la-ucr-pampeana-no-piensa-en-una-alianza-con-los-libertarios\\\/#primaryimage\",\"url\":\"https:\\\/\\\/diariotextual.com\\\/inicio\\\/wp-content\\\/uploads\\\/2023\\\/11\\\/guiduglifederico2023-1.jpg\",\"contentUrl\":\"https:\\\/\\\/diariotextual.com\\\/inicio\\\/wp-content\\\/uploads\\\/2023\\\/11\\\/guiduglifederico2023-1.jpg\",\"width\":1194,\"height\":725},{\"@type\":\"BreadcrumbList\",\"@id\":\"https:\\\/\\\/diariotextual.com\\\/inicio\\\/index.php\\\/2024\\\/02\\\/14\\\/guidugli-la-ucr-pampeana-no-piensa-en-una-alianza-con-los-libertarios\\\/#breadcrumb\",\"itemListElement\":[{\"@type\":\"ListItem\",\"position\":1,\"name\":\"Portada\",\"item\":\"https:\\\/\\\/diariotextual.com\\\/inicio\\\/\"},{\"@type\":\"ListItem\",\"position\":2,\"name\":\"Guidugli: la UCR pampeana no piensa en una alianza con los libertarios\"}]},{\"@type\":\"WebSite\",\"@id\":\"https:\\\/\\\/diariotextual.com\\\/inicio\\\/#website\",\"url\":\"https:\\\/\\\/diariotextual.com\\\/inicio\\\/\",\"name\":\"Diario Textual\",\"description\":\"\",\"publisher\":{\"@id\":\"https:\\\/\\\/diariotextual.com\\\/inicio\\\/#organization\"},\"potentialAction\":[{\"@type\":\"SearchAction\",\"target\":{\"@type\":\"EntryPoint\",\"urlTemplate\":\"https:\\\/\\\/diariotextual.com\\\/inicio\\\/?s={search_term_string}\"},\"query-input\":{\"@type\":\"PropertyValueSpecification\",\"valueRequired\":true,\"valueName\":\"search_term_string\"}}],\"inLanguage\":\"es\"},{\"@type\":\"Organization\",\"@id\":\"https:\\\/\\\/diariotextual.com\\\/inicio\\\/#organization\",\"name\":\"Diario Textual\",\"url\":\"https:\\\/\\\/diariotextual.com\\\/inicio\\\/\",\"logo\":{\"@type\":\"ImageObject\",\"inLanguage\":\"es\",\"@id\":\"https:\\\/\\\/diariotextual.com\\\/inicio\\\/#\\\/schema\\\/logo\\\/image\\\/\",\"url\":\"https:\\\/\\\/diariotextual.com\\\/inicio\\\/wp-content\\\/uploads\\\/2023\\\/05\\\/logotextual1.jpg\",\"contentUrl\":\"https:\\\/\\\/diariotextual.com\\\/inicio\\\/wp-content\\\/uploads\\\/2023\\\/05\\\/logotextual1.jpg\",\"width\":516,\"height\":76,\"caption\":\"Diario Textual\"},\"image\":{\"@id\":\"https:\\\/\\\/diariotextual.com\\\/inicio\\\/#\\\/schema\\\/logo\\\/image\\\/\"},\"sameAs\":[\"https:\\\/\\\/www.facebook.com\\\/eltextual\",\"https:\\\/\\\/x.com\\\/eltextual\",\"http:\\\/\\\/www.instagram.com\\\/eltextual\"]},{\"@type\":\"Person\",\"@id\":\"https:\\\/\\\/diariotextual.com\\\/inicio\\\/#\\\/schema\\\/person\\\/418fc4093c33e86ed41562db3508f958\",\"name\":\"Diario1 Diario1\",\"image\":{\"@type\":\"ImageObject\",\"inLanguage\":\"es\",\"@id\":\"https:\\\/\\\/secure.gravatar.com\\\/avatar\\\/9167d280179c85bc18be67aa7eda765854300033af4896dd779b608640f2ef7a?s=96&d=mm&r=g\",\"url\":\"https:\\\/\\\/secure.gravatar.com\\\/avatar\\\/9167d280179c85bc18be67aa7eda765854300033af4896dd779b608640f2ef7a?s=96&d=mm&r=g\",\"contentUrl\":\"https:\\\/\\\/secure.gravatar.com\\\/avatar\\\/9167d280179c85bc18be67aa7eda765854300033af4896dd779b608640f2ef7a?s=96&d=mm&r=g\",\"caption\":\"Diario1 Diario1\"},\"url\":\"https:\\\/\\\/diariotextual.com\\\/inicio\\\/index.php\\\/author\\\/diario1\\\/\"}]}<\/script>\n<!-- \/ Yoast SEO plugin. -->","yoast_head_json":{"title":"Guidugli: la UCR pampeana no piensa en una alianza con los libertarios - Diario Textual","robots":{"index":"index","follow":"follow","max-snippet":"max-snippet:-1","max-image-preview":"max-image-preview:large","max-video-preview":"max-video-preview:-1"},"canonical":"https:\/\/diariotextual.com\/inicio\/index.php\/2024\/02\/14\/guidugli-la-ucr-pampeana-no-piensa-en-una-alianza-con-los-libertarios\/","og_locale":"es_ES","og_type":"article","og_title":"Guidugli: la UCR pampeana no piensa en una alianza con los libertarios - Diario Textual","og_description":"El presidente de la UCR pampeana, Federico Guidugli, dijo que el radicalismo no piensa en una alianza con La Libertad Avanza como s\u00ed lo hace parte de la dirigencia del&hellip;","og_url":"https:\/\/diariotextual.com\/inicio\/index.php\/2024\/02\/14\/guidugli-la-ucr-pampeana-no-piensa-en-una-alianza-con-los-libertarios\/","og_site_name":"Diario Textual","article_publisher":"https:\/\/www.facebook.com\/eltextual","article_published_time":"2024-02-14T21:21:35+00:00","article_modified_time":"2024-02-15T21:44:42+00:00","og_image":[{"width":1194,"height":725,"url":"https:\/\/diariotextual.com\/inicio\/wp-content\/uploads\/2023\/11\/guiduglifederico2023-1.jpg","type":"image\/jpeg"}],"author":"Diario1 Diario1","twitter_card":"summary_large_image","twitter_creator":"@eltextual","twitter_site":"@eltextual","twitter_misc":{"Escrito por":"Diario1 Diario1","Tiempo de lectura":"3 minutos"},"schema":{"@context":"https:\/\/schema.org","@graph":[{"@type":"Article","@id":"https:\/\/diariotextual.com\/inicio\/index.php\/2024\/02\/14\/guidugli-la-ucr-pampeana-no-piensa-en-una-alianza-con-los-libertarios\/#article","isPartOf":{"@id":"https:\/\/diariotextual.com\/inicio\/index.php\/2024\/02\/14\/guidugli-la-ucr-pampeana-no-piensa-en-una-alianza-con-los-libertarios\/"},"author":{"name":"Diario1 Diario1","@id":"https:\/\/diariotextual.com\/inicio\/#\/schema\/person\/418fc4093c33e86ed41562db3508f958"},"headline":"Guidugli: la UCR pampeana no piensa en una alianza con los libertarios","datePublished":"2024-02-14T21:21:35+00:00","dateModified":"2024-02-15T21:44:42+00:00","mainEntityOfPage":{"@id":"https:\/\/diariotextual.com\/inicio\/index.php\/2024\/02\/14\/guidugli-la-ucr-pampeana-no-piensa-en-una-alianza-con-los-libertarios\/"},"wordCount":540,"publisher":{"@id":"https:\/\/diariotextual.com\/inicio\/#organization"},"image":{"@id":"https:\/\/diariotextual.com\/inicio\/index.php\/2024\/02\/14\/guidugli-la-ucr-pampeana-no-piensa-en-una-alianza-con-los-libertarios\/#primaryimage"},"thumbnailUrl":"https:\/\/diariotextual.com\/inicio\/wp-content\/uploads\/2023\/11\/guiduglifederico2023-1.jpg","articleSection":["A - ES NOTICIA (van abajo)","POLITICA"],"inLanguage":"es"},{"@type":"WebPage","@id":"https:\/\/diariotextual.com\/inicio\/index.php\/2024\/02\/14\/guidugli-la-ucr-pampeana-no-piensa-en-una-alianza-con-los-libertarios\/","url":"https:\/\/diariotextual.com\/inicio\/index.php\/2024\/02\/14\/guidugli-la-ucr-pampeana-no-piensa-en-una-alianza-con-los-libertarios\/","name":"Guidugli: la UCR pampeana no piensa en una alianza con los libertarios - Diario Textual","isPartOf":{"@id":"https:\/\/diariotextual.com\/inicio\/#website"},"primaryImageOfPage":{"@id":"https:\/\/diariotextual.com\/inicio\/index.php\/2024\/02\/14\/guidugli-la-ucr-pampeana-no-piensa-en-una-alianza-con-los-libertarios\/#primaryimage"},"image":{"@id":"https:\/\/diariotextual.com\/inicio\/index.php\/2024\/02\/14\/guidugli-la-ucr-pampeana-no-piensa-en-una-alianza-con-los-libertarios\/#primaryimage"},"thumbnailUrl":"https:\/\/diariotextual.com\/inicio\/wp-content\/uploads\/2023\/11\/guiduglifederico2023-1.jpg","datePublished":"2024-02-14T21:21:35+00:00","dateModified":"2024-02-15T21:44:42+00:00","breadcrumb":{"@id":"https:\/\/diariotextual.com\/inicio\/index.php\/2024\/02\/14\/guidugli-la-ucr-pampeana-no-piensa-en-una-alianza-con-los-libertarios\/#breadcrumb"},"inLanguage":"es","potentialAction":[{"@type":"ReadAction","target":["https:\/\/diariotextual.com\/inicio\/index.php\/2024\/02\/14\/guidugli-la-ucr-pampeana-no-piensa-en-una-alianza-con-los-libertarios\/"]}]},{"@type":"ImageObject","inLanguage":"es","@id":"https:\/\/diariotextual.com\/inicio\/index.php\/2024\/02\/14\/guidugli-la-ucr-pampeana-no-piensa-en-una-alianza-con-los-libertarios\/#primaryimage","url":"https:\/\/diariotextual.com\/inicio\/wp-content\/uploads\/2023\/11\/guiduglifederico2023-1.jpg","contentUrl":"https:\/\/diariotextual.com\/inicio\/wp-content\/uploads\/2023\/11\/guiduglifederico2023-1.jpg","width":1194,"height":725},{"@type":"BreadcrumbList","@id":"https:\/\/diariotextual.com\/inicio\/index.php\/2024\/02\/14\/guidugli-la-ucr-pampeana-no-piensa-en-una-alianza-con-los-libertarios\/#breadcrumb","itemListElement":[{"@type":"ListItem","position":1,"name":"Portada","item":"https:\/\/diariotextual.com\/inicio\/"},{"@type":"ListItem","position":2,"name":"Guidugli: la UCR pampeana no piensa en una alianza con los libertarios"}]},{"@type":"WebSite","@id":"https:\/\/diariotextual.com\/inicio\/#website","url":"https:\/\/diariotextual.com\/inicio\/","name":"Diario Textual","description":"","publisher":{"@id":"https:\/\/diariotextual.com\/inicio\/#organization"},"potentialAction":[{"@type":"SearchAction","target":{"@type":"EntryPoint","urlTemplate":"https:\/\/diariotextual.com\/inicio\/?s={search_term_string}"},"query-input":{"@type":"PropertyValueSpecification","valueRequired":true,"valueName":"search_term_string"}}],"inLanguage":"es"},{"@type":"Organization","@id":"https:\/\/diariotextual.com\/inicio\/#organization","name":"Diario Textual","url":"https:\/\/diariotextual.com\/inicio\/","logo":{"@type":"ImageObject","inLanguage":"es","@id":"https:\/\/diariotextual.com\/inicio\/#\/schema\/logo\/image\/","url":"https:\/\/diariotextual.com\/inicio\/wp-content\/uploads\/2023\/05\/logotextual1.jpg","contentUrl":"https:\/\/diariotextual.com\/inicio\/wp-content\/uploads\/2023\/05\/logotextual1.jpg","width":516,"height":76,"caption":"Diario Textual"},"image":{"@id":"https:\/\/diariotextual.com\/inicio\/#\/schema\/logo\/image\/"},"sameAs":["https:\/\/www.facebook.com\/eltextual","https:\/\/x.com\/eltextual","http:\/\/www.instagram.com\/eltextual"]},{"@type":"Person","@id":"https:\/\/diariotextual.com\/inicio\/#\/schema\/person\/418fc4093c33e86ed41562db3508f958","name":"Diario1 Diario1","image":{"@type":"ImageObject","inLanguage":"es","@id":"https:\/\/secure.gravatar.com\/avatar\/9167d280179c85bc18be67aa7eda765854300033af4896dd779b608640f2ef7a?s=96&d=mm&r=g","url":"https:\/\/secure.gravatar.com\/avatar\/9167d280179c85bc18be67aa7eda765854300033af4896dd779b608640f2ef7a?s=96&d=mm&r=g","contentUrl":"https:\/\/secure.gravatar.com\/avatar\/9167d280179c85bc18be67aa7eda765854300033af4896dd779b608640f2ef7a?s=96&d=mm&r=g","caption":"Diario1 Diario1"},"url":"https:\/\/diariotextual.com\/inicio\/index.php\/author\/diario1\/"}]}},"_links":{"self":[{"href":"https:\/\/diariotextual.com\/inicio\/index.php\/wp-json\/wp\/v2\/posts\/254050","targetHints":{"allow":["GET"]}}],"collection":[{"href":"https:\/\/diariotextual.com\/inicio\/index.php\/wp-json\/wp\/v2\/posts"}],"about":[{"href":"https:\/\/diariotextual.com\/inicio\/index.php\/wp-json\/wp\/v2\/types\/post"}],"author":[{"embeddable":true,"href":"https:\/\/diariotextual.com\/inicio\/index.php\/wp-json\/wp\/v2\/users\/3"}],"replies":[{"embeddable":true,"href":"https:\/\/diariotextual.com\/inicio\/index.php\/wp-json\/wp\/v2\/comments?post=254050"}],"version-history":[{"count":1,"href":"https:\/\/diariotextual.com\/inicio\/index.php\/wp-json\/wp\/v2\/posts\/254050\/revisions"}],"predecessor-version":[{"id":254051,"href":"https:\/\/diariotextual.com\/inicio\/index.php\/wp-json\/wp\/v2\/posts\/254050\/revisions\/254051"}],"wp:featuredmedia":[{"embeddable":true,"href":"https:\/\/diariotextual.com\/inicio\/index.php\/wp-json\/wp\/v2\/media\/245891"}],"wp:attachment":[{"href":"https:\/\/diariotextual.com\/inicio\/index.php\/wp-json\/wp\/v2\/media?parent=254050"}],"wp:term":[{"taxonomy":"category","embeddable":true,"href":"https:\/\/diariotextual.com\/inicio\/index.php\/wp-json\/wp\/v2\/categories?post=254050"},{"taxonomy":"post_tag","embeddable":true,"href":"https:\/\/diariotextual.com\/inicio\/index.php\/wp-json\/wp\/v2\/tags?post=254050"}],"curies":[{"name":"wp","href":"https:\/\/api.w.org\/{rel}","templated":true}]}}