{"id":254064,"date":"2024-02-14T22:14:09","date_gmt":"2024-02-15T01:14:09","guid":{"rendered":"https:\/\/diariotextual.com\/inicio\/?p=254064"},"modified":"2024-02-14T22:14:12","modified_gmt":"2024-02-15T01:14:12","slug":"sin-brillar-boca-le-gano-2-a-0-como-local-a-central-cordoba","status":"publish","type":"post","link":"https:\/\/diariotextual.com\/inicio\/index.php\/2024\/02\/14\/sin-brillar-boca-le-gano-2-a-0-como-local-a-central-cordoba\/","title":{"rendered":"Sin brillar, Boca le gan\u00f3 2 a 0 como local a Central C\u00f3rdoba"},"content":{"rendered":"\n<p>Boca Juniors, de opaca campa\u00f1a en la Copa de la Liga Profesional de F\u00fatbol, le gan\u00f3 2 a 0 a Central C\u00f3rdoba de Santiago del Estero, en un partido v\u00e1lido por la quinta fecha del torneo de la Zona B.<\/p>\n\n\n\n<p>El Xeneize tard\u00f3 ocho minutos de juego en abrir el marcador. Lucas Janson recuper\u00f3 la pelota en campo de Central C\u00f3rdoba y abri\u00f3 al medio para Ezequiel Bullaude que, a pasos de la medialuna del \u00e1rea, se la abri\u00f3 a la derecha a Kevin Zen\u00f3n que defini\u00f3 por debajo del arquero Andr\u00e9s Mehring y Miguel Merentiel, en la l\u00ednea del arco, asegur\u00f3 el gol.<\/p>\n\n\n\n<p>Sin embargo, tras la ventaja, el conjunto de Diego Mart\u00ednez se nubl\u00f3 y no gener\u00f3 nada m\u00e1s, Otra primera etapa floj\u00edsima.<\/p>\n\n\n\n<p>Ya en el segundo tiempo, a partir de los cambios con los ingresos de Saralegui y Langoni, el local ampli\u00f3 la cuenta a los 29 minutos por intermedio de Kevin Zen\u00f3n.<\/p>\n\n\n\n<p>El partido se jug\u00f3 en la Bombonera, con el arbitraje de Nicol\u00e1s Lamolina.<\/p>\n\n\n\n<p>Boca es una de las decepciones del actual torneo, suma 9 puntos en 5 partidos, ahora con dos triunfos (el de esta noche y 2-0 de visitante al alica\u00eddo Tigre) y tres empates desabridos contra Platense (0-0), Sarmiento (1-1) y otra igualdad sin tantos contra Defensa y Justicia en el regreso del \u00abXeneize\u00bb a la Bombonera el s\u00e1bado pasado.<\/p>\n\n\n\n<p>Sin el uruguayo Edinson Cavani entre los convocados (qued\u00f3 descartado para ingresar en la consideraci\u00f3n del DT Diego Mart\u00ednez por un problema estomacal), el entrenador boquense har\u00e1 retoques en el equipo para intentar otro esquema, con m\u00e1s peso en el ataque.<\/p>\n\n\n\n<p>En cuanto a Cavani, podr\u00eda estar en la consideraci\u00f3n del DT de cara al partido del domingo pr\u00f3ximo ante Lan\u00fas, en la Fortaleza Granate, por la sexta jornada.<\/p>\n\n\n\n<p>En cuanto a los j\u00f3venes Leandro Brey, Nicol\u00e1s Valentini, Ezequiel Fern\u00e1ndez y Cristian Medina, quienes integraron recientemente el seleccionado argentino Sub 23, que alcanz\u00f3 el pasaje a los Juegos Ol\u00edmpicos Par\u00eds 2024, tendr\u00e1n unos d\u00edas de descanso, pero es posible que el \u00abEqui\u00bb y Medina est\u00e9n entre los convocados contra Lan\u00fas.<\/p>\n\n\n\n<p>Por el lado de Central C\u00f3rdoba, el equipo que dirige Abel Balbo sum\u00f3 en la fecha pasada sus primeros tres puntos en el torneo, tras golear 3-0 a Sarmiento, y despu\u00e9s de tres derrotas en fila contra Newell&#8217;s, Godoy Cruz y Platense.<\/p>\n","protected":false},"excerpt":{"rendered":"<p>Boca Juniors, de opaca campa\u00f1a en la Copa de la Liga Profesional de F\u00fatbol, le gan\u00f3 2 a 0 a Central C\u00f3rdoba de Santiago del Estero, en un partido v\u00e1lido&hellip;<\/p>\n","protected":false},"author":3,"featured_media":254066,"comment_status":"closed","ping_status":"open","sticky":false,"template":"","format":"standard","meta":{"_acf_changed":false,"footnotes":""},"categories":[1,3],"tags":[],"class_list":["post-254064","post","type-post","status-publish","format-standard","has-post-thumbnail","hentry","category-es-noticia","category-deportes"],"acf":[],"yoast_head":"<!-- This site is optimized with the Yoast SEO plugin v27.5 - https:\/\/yoast.com\/product\/yoast-seo-wordpress\/ -->\n<title>Sin brillar, Boca le gan\u00f3 2 a 0 como local a Central C\u00f3rdoba - Diario Textual<\/title>\n<meta name=\"robots\" content=\"index, follow, max-snippet:-1, max-image-preview:large, max-video-preview:-1\" \/>\n<link rel=\"canonical\" href=\"https:\/\/diariotextual.com\/inicio\/index.php\/2024\/02\/14\/sin-brillar-boca-le-gano-2-a-0-como-local-a-central-cordoba\/\" \/>\n<meta property=\"og:locale\" content=\"es_ES\" \/>\n<meta property=\"og:type\" content=\"article\" \/>\n<meta property=\"og:title\" content=\"Sin brillar, Boca le gan\u00f3 2 a 0 como local a Central C\u00f3rdoba - Diario Textual\" \/>\n<meta property=\"og:description\" content=\"Boca Juniors, de opaca campa\u00f1a en la Copa de la Liga Profesional de F\u00fatbol, le gan\u00f3 2 a 0 a Central C\u00f3rdoba de Santiago del Estero, en un partido v\u00e1lido&hellip;\" \/>\n<meta property=\"og:url\" content=\"https:\/\/diariotextual.com\/inicio\/index.php\/2024\/02\/14\/sin-brillar-boca-le-gano-2-a-0-como-local-a-central-cordoba\/\" \/>\n<meta property=\"og:site_name\" content=\"Diario Textual\" \/>\n<meta property=\"article:publisher\" content=\"https:\/\/www.facebook.com\/eltextual\" \/>\n<meta property=\"article:published_time\" content=\"2024-02-15T01:14:09+00:00\" \/>\n<meta property=\"article:modified_time\" content=\"2024-02-15T01:14:12+00:00\" \/>\n<meta property=\"og:image\" content=\"https:\/\/diariotextual.com\/inicio\/wp-content\/uploads\/2024\/02\/bocajuniors2024-9000.jpg\" \/>\n\t<meta property=\"og:image:width\" content=\"1500\" \/>\n\t<meta property=\"og:image:height\" content=\"1000\" \/>\n\t<meta property=\"og:image:type\" content=\"image\/jpeg\" \/>\n<meta name=\"author\" content=\"Diario1 Diario1\" \/>\n<meta name=\"twitter:card\" content=\"summary_large_image\" \/>\n<meta name=\"twitter:creator\" content=\"@eltextual\" \/>\n<meta name=\"twitter:site\" content=\"@eltextual\" \/>\n<meta name=\"twitter:label1\" content=\"Escrito por\" \/>\n\t<meta name=\"twitter:data1\" content=\"Diario1 Diario1\" \/>\n\t<meta name=\"twitter:label2\" content=\"Tiempo de lectura\" \/>\n\t<meta name=\"twitter:data2\" content=\"2 minutos\" \/>\n<script type=\"application\/ld+json\" class=\"yoast-schema-graph\">{\"@context\":\"https:\\\/\\\/schema.org\",\"@graph\":[{\"@type\":\"Article\",\"@id\":\"https:\\\/\\\/diariotextual.com\\\/inicio\\\/index.php\\\/2024\\\/02\\\/14\\\/sin-brillar-boca-le-gano-2-a-0-como-local-a-central-cordoba\\\/#article\",\"isPartOf\":{\"@id\":\"https:\\\/\\\/diariotextual.com\\\/inicio\\\/index.php\\\/2024\\\/02\\\/14\\\/sin-brillar-boca-le-gano-2-a-0-como-local-a-central-cordoba\\\/\"},\"author\":{\"name\":\"Diario1 Diario1\",\"@id\":\"https:\\\/\\\/diariotextual.com\\\/inicio\\\/#\\\/schema\\\/person\\\/418fc4093c33e86ed41562db3508f958\"},\"headline\":\"Sin brillar, Boca le gan\u00f3 2 a 0 como local a Central C\u00f3rdoba\",\"datePublished\":\"2024-02-15T01:14:09+00:00\",\"dateModified\":\"2024-02-15T01:14:12+00:00\",\"mainEntityOfPage\":{\"@id\":\"https:\\\/\\\/diariotextual.com\\\/inicio\\\/index.php\\\/2024\\\/02\\\/14\\\/sin-brillar-boca-le-gano-2-a-0-como-local-a-central-cordoba\\\/\"},\"wordCount\":428,\"publisher\":{\"@id\":\"https:\\\/\\\/diariotextual.com\\\/inicio\\\/#organization\"},\"image\":{\"@id\":\"https:\\\/\\\/diariotextual.com\\\/inicio\\\/index.php\\\/2024\\\/02\\\/14\\\/sin-brillar-boca-le-gano-2-a-0-como-local-a-central-cordoba\\\/#primaryimage\"},\"thumbnailUrl\":\"https:\\\/\\\/diariotextual.com\\\/inicio\\\/wp-content\\\/uploads\\\/2024\\\/02\\\/bocajuniors2024-9000.jpg\",\"articleSection\":[\"A - ES NOTICIA (van abajo)\",\"DEPORTES\"],\"inLanguage\":\"es\"},{\"@type\":\"WebPage\",\"@id\":\"https:\\\/\\\/diariotextual.com\\\/inicio\\\/index.php\\\/2024\\\/02\\\/14\\\/sin-brillar-boca-le-gano-2-a-0-como-local-a-central-cordoba\\\/\",\"url\":\"https:\\\/\\\/diariotextual.com\\\/inicio\\\/index.php\\\/2024\\\/02\\\/14\\\/sin-brillar-boca-le-gano-2-a-0-como-local-a-central-cordoba\\\/\",\"name\":\"Sin brillar, Boca le gan\u00f3 2 a 0 como local a Central C\u00f3rdoba - Diario Textual\",\"isPartOf\":{\"@id\":\"https:\\\/\\\/diariotextual.com\\\/inicio\\\/#website\"},\"primaryImageOfPage\":{\"@id\":\"https:\\\/\\\/diariotextual.com\\\/inicio\\\/index.php\\\/2024\\\/02\\\/14\\\/sin-brillar-boca-le-gano-2-a-0-como-local-a-central-cordoba\\\/#primaryimage\"},\"image\":{\"@id\":\"https:\\\/\\\/diariotextual.com\\\/inicio\\\/index.php\\\/2024\\\/02\\\/14\\\/sin-brillar-boca-le-gano-2-a-0-como-local-a-central-cordoba\\\/#primaryimage\"},\"thumbnailUrl\":\"https:\\\/\\\/diariotextual.com\\\/inicio\\\/wp-content\\\/uploads\\\/2024\\\/02\\\/bocajuniors2024-9000.jpg\",\"datePublished\":\"2024-02-15T01:14:09+00:00\",\"dateModified\":\"2024-02-15T01:14:12+00:00\",\"breadcrumb\":{\"@id\":\"https:\\\/\\\/diariotextual.com\\\/inicio\\\/index.php\\\/2024\\\/02\\\/14\\\/sin-brillar-boca-le-gano-2-a-0-como-local-a-central-cordoba\\\/#breadcrumb\"},\"inLanguage\":\"es\",\"potentialAction\":[{\"@type\":\"ReadAction\",\"target\":[\"https:\\\/\\\/diariotextual.com\\\/inicio\\\/index.php\\\/2024\\\/02\\\/14\\\/sin-brillar-boca-le-gano-2-a-0-como-local-a-central-cordoba\\\/\"]}]},{\"@type\":\"ImageObject\",\"inLanguage\":\"es\",\"@id\":\"https:\\\/\\\/diariotextual.com\\\/inicio\\\/index.php\\\/2024\\\/02\\\/14\\\/sin-brillar-boca-le-gano-2-a-0-como-local-a-central-cordoba\\\/#primaryimage\",\"url\":\"https:\\\/\\\/diariotextual.com\\\/inicio\\\/wp-content\\\/uploads\\\/2024\\\/02\\\/bocajuniors2024-9000.jpg\",\"contentUrl\":\"https:\\\/\\\/diariotextual.com\\\/inicio\\\/wp-content\\\/uploads\\\/2024\\\/02\\\/bocajuniors2024-9000.jpg\",\"width\":1500,\"height\":1000},{\"@type\":\"BreadcrumbList\",\"@id\":\"https:\\\/\\\/diariotextual.com\\\/inicio\\\/index.php\\\/2024\\\/02\\\/14\\\/sin-brillar-boca-le-gano-2-a-0-como-local-a-central-cordoba\\\/#breadcrumb\",\"itemListElement\":[{\"@type\":\"ListItem\",\"position\":1,\"name\":\"Portada\",\"item\":\"https:\\\/\\\/diariotextual.com\\\/inicio\\\/\"},{\"@type\":\"ListItem\",\"position\":2,\"name\":\"Sin brillar, Boca le gan\u00f3 2 a 0 como local a Central C\u00f3rdoba\"}]},{\"@type\":\"WebSite\",\"@id\":\"https:\\\/\\\/diariotextual.com\\\/inicio\\\/#website\",\"url\":\"https:\\\/\\\/diariotextual.com\\\/inicio\\\/\",\"name\":\"Diario Textual\",\"description\":\"\",\"publisher\":{\"@id\":\"https:\\\/\\\/diariotextual.com\\\/inicio\\\/#organization\"},\"potentialAction\":[{\"@type\":\"SearchAction\",\"target\":{\"@type\":\"EntryPoint\",\"urlTemplate\":\"https:\\\/\\\/diariotextual.com\\\/inicio\\\/?s={search_term_string}\"},\"query-input\":{\"@type\":\"PropertyValueSpecification\",\"valueRequired\":true,\"valueName\":\"search_term_string\"}}],\"inLanguage\":\"es\"},{\"@type\":\"Organization\",\"@id\":\"https:\\\/\\\/diariotextual.com\\\/inicio\\\/#organization\",\"name\":\"Diario Textual\",\"url\":\"https:\\\/\\\/diariotextual.com\\\/inicio\\\/\",\"logo\":{\"@type\":\"ImageObject\",\"inLanguage\":\"es\",\"@id\":\"https:\\\/\\\/diariotextual.com\\\/inicio\\\/#\\\/schema\\\/logo\\\/image\\\/\",\"url\":\"https:\\\/\\\/diariotextual.com\\\/inicio\\\/wp-content\\\/uploads\\\/2023\\\/05\\\/logotextual1.jpg\",\"contentUrl\":\"https:\\\/\\\/diariotextual.com\\\/inicio\\\/wp-content\\\/uploads\\\/2023\\\/05\\\/logotextual1.jpg\",\"width\":516,\"height\":76,\"caption\":\"Diario Textual\"},\"image\":{\"@id\":\"https:\\\/\\\/diariotextual.com\\\/inicio\\\/#\\\/schema\\\/logo\\\/image\\\/\"},\"sameAs\":[\"https:\\\/\\\/www.facebook.com\\\/eltextual\",\"https:\\\/\\\/x.com\\\/eltextual\",\"http:\\\/\\\/www.instagram.com\\\/eltextual\"]},{\"@type\":\"Person\",\"@id\":\"https:\\\/\\\/diariotextual.com\\\/inicio\\\/#\\\/schema\\\/person\\\/418fc4093c33e86ed41562db3508f958\",\"name\":\"Diario1 Diario1\",\"image\":{\"@type\":\"ImageObject\",\"inLanguage\":\"es\",\"@id\":\"https:\\\/\\\/secure.gravatar.com\\\/avatar\\\/9167d280179c85bc18be67aa7eda765854300033af4896dd779b608640f2ef7a?s=96&d=mm&r=g\",\"url\":\"https:\\\/\\\/secure.gravatar.com\\\/avatar\\\/9167d280179c85bc18be67aa7eda765854300033af4896dd779b608640f2ef7a?s=96&d=mm&r=g\",\"contentUrl\":\"https:\\\/\\\/secure.gravatar.com\\\/avatar\\\/9167d280179c85bc18be67aa7eda765854300033af4896dd779b608640f2ef7a?s=96&d=mm&r=g\",\"caption\":\"Diario1 Diario1\"},\"url\":\"https:\\\/\\\/diariotextual.com\\\/inicio\\\/index.php\\\/author\\\/diario1\\\/\"}]}<\/script>\n<!-- \/ Yoast SEO plugin. -->","yoast_head_json":{"title":"Sin brillar, Boca le gan\u00f3 2 a 0 como local a Central C\u00f3rdoba - Diario Textual","robots":{"index":"index","follow":"follow","max-snippet":"max-snippet:-1","max-image-preview":"max-image-preview:large","max-video-preview":"max-video-preview:-1"},"canonical":"https:\/\/diariotextual.com\/inicio\/index.php\/2024\/02\/14\/sin-brillar-boca-le-gano-2-a-0-como-local-a-central-cordoba\/","og_locale":"es_ES","og_type":"article","og_title":"Sin brillar, Boca le gan\u00f3 2 a 0 como local a Central C\u00f3rdoba - Diario Textual","og_description":"Boca Juniors, de opaca campa\u00f1a en la Copa de la Liga Profesional de F\u00fatbol, le gan\u00f3 2 a 0 a Central C\u00f3rdoba de Santiago del Estero, en un partido v\u00e1lido&hellip;","og_url":"https:\/\/diariotextual.com\/inicio\/index.php\/2024\/02\/14\/sin-brillar-boca-le-gano-2-a-0-como-local-a-central-cordoba\/","og_site_name":"Diario Textual","article_publisher":"https:\/\/www.facebook.com\/eltextual","article_published_time":"2024-02-15T01:14:09+00:00","article_modified_time":"2024-02-15T01:14:12+00:00","og_image":[{"width":1500,"height":1000,"url":"https:\/\/diariotextual.com\/inicio\/wp-content\/uploads\/2024\/02\/bocajuniors2024-9000.jpg","type":"image\/jpeg"}],"author":"Diario1 Diario1","twitter_card":"summary_large_image","twitter_creator":"@eltextual","twitter_site":"@eltextual","twitter_misc":{"Escrito por":"Diario1 Diario1","Tiempo de lectura":"2 minutos"},"schema":{"@context":"https:\/\/schema.org","@graph":[{"@type":"Article","@id":"https:\/\/diariotextual.com\/inicio\/index.php\/2024\/02\/14\/sin-brillar-boca-le-gano-2-a-0-como-local-a-central-cordoba\/#article","isPartOf":{"@id":"https:\/\/diariotextual.com\/inicio\/index.php\/2024\/02\/14\/sin-brillar-boca-le-gano-2-a-0-como-local-a-central-cordoba\/"},"author":{"name":"Diario1 Diario1","@id":"https:\/\/diariotextual.com\/inicio\/#\/schema\/person\/418fc4093c33e86ed41562db3508f958"},"headline":"Sin brillar, Boca le gan\u00f3 2 a 0 como local a Central C\u00f3rdoba","datePublished":"2024-02-15T01:14:09+00:00","dateModified":"2024-02-15T01:14:12+00:00","mainEntityOfPage":{"@id":"https:\/\/diariotextual.com\/inicio\/index.php\/2024\/02\/14\/sin-brillar-boca-le-gano-2-a-0-como-local-a-central-cordoba\/"},"wordCount":428,"publisher":{"@id":"https:\/\/diariotextual.com\/inicio\/#organization"},"image":{"@id":"https:\/\/diariotextual.com\/inicio\/index.php\/2024\/02\/14\/sin-brillar-boca-le-gano-2-a-0-como-local-a-central-cordoba\/#primaryimage"},"thumbnailUrl":"https:\/\/diariotextual.com\/inicio\/wp-content\/uploads\/2024\/02\/bocajuniors2024-9000.jpg","articleSection":["A - ES NOTICIA (van abajo)","DEPORTES"],"inLanguage":"es"},{"@type":"WebPage","@id":"https:\/\/diariotextual.com\/inicio\/index.php\/2024\/02\/14\/sin-brillar-boca-le-gano-2-a-0-como-local-a-central-cordoba\/","url":"https:\/\/diariotextual.com\/inicio\/index.php\/2024\/02\/14\/sin-brillar-boca-le-gano-2-a-0-como-local-a-central-cordoba\/","name":"Sin brillar, Boca le gan\u00f3 2 a 0 como local a Central C\u00f3rdoba - Diario Textual","isPartOf":{"@id":"https:\/\/diariotextual.com\/inicio\/#website"},"primaryImageOfPage":{"@id":"https:\/\/diariotextual.com\/inicio\/index.php\/2024\/02\/14\/sin-brillar-boca-le-gano-2-a-0-como-local-a-central-cordoba\/#primaryimage"},"image":{"@id":"https:\/\/diariotextual.com\/inicio\/index.php\/2024\/02\/14\/sin-brillar-boca-le-gano-2-a-0-como-local-a-central-cordoba\/#primaryimage"},"thumbnailUrl":"https:\/\/diariotextual.com\/inicio\/wp-content\/uploads\/2024\/02\/bocajuniors2024-9000.jpg","datePublished":"2024-02-15T01:14:09+00:00","dateModified":"2024-02-15T01:14:12+00:00","breadcrumb":{"@id":"https:\/\/diariotextual.com\/inicio\/index.php\/2024\/02\/14\/sin-brillar-boca-le-gano-2-a-0-como-local-a-central-cordoba\/#breadcrumb"},"inLanguage":"es","potentialAction":[{"@type":"ReadAction","target":["https:\/\/diariotextual.com\/inicio\/index.php\/2024\/02\/14\/sin-brillar-boca-le-gano-2-a-0-como-local-a-central-cordoba\/"]}]},{"@type":"ImageObject","inLanguage":"es","@id":"https:\/\/diariotextual.com\/inicio\/index.php\/2024\/02\/14\/sin-brillar-boca-le-gano-2-a-0-como-local-a-central-cordoba\/#primaryimage","url":"https:\/\/diariotextual.com\/inicio\/wp-content\/uploads\/2024\/02\/bocajuniors2024-9000.jpg","contentUrl":"https:\/\/diariotextual.com\/inicio\/wp-content\/uploads\/2024\/02\/bocajuniors2024-9000.jpg","width":1500,"height":1000},{"@type":"BreadcrumbList","@id":"https:\/\/diariotextual.com\/inicio\/index.php\/2024\/02\/14\/sin-brillar-boca-le-gano-2-a-0-como-local-a-central-cordoba\/#breadcrumb","itemListElement":[{"@type":"ListItem","position":1,"name":"Portada","item":"https:\/\/diariotextual.com\/inicio\/"},{"@type":"ListItem","position":2,"name":"Sin brillar, Boca le gan\u00f3 2 a 0 como local a Central C\u00f3rdoba"}]},{"@type":"WebSite","@id":"https:\/\/diariotextual.com\/inicio\/#website","url":"https:\/\/diariotextual.com\/inicio\/","name":"Diario Textual","description":"","publisher":{"@id":"https:\/\/diariotextual.com\/inicio\/#organization"},"potentialAction":[{"@type":"SearchAction","target":{"@type":"EntryPoint","urlTemplate":"https:\/\/diariotextual.com\/inicio\/?s={search_term_string}"},"query-input":{"@type":"PropertyValueSpecification","valueRequired":true,"valueName":"search_term_string"}}],"inLanguage":"es"},{"@type":"Organization","@id":"https:\/\/diariotextual.com\/inicio\/#organization","name":"Diario Textual","url":"https:\/\/diariotextual.com\/inicio\/","logo":{"@type":"ImageObject","inLanguage":"es","@id":"https:\/\/diariotextual.com\/inicio\/#\/schema\/logo\/image\/","url":"https:\/\/diariotextual.com\/inicio\/wp-content\/uploads\/2023\/05\/logotextual1.jpg","contentUrl":"https:\/\/diariotextual.com\/inicio\/wp-content\/uploads\/2023\/05\/logotextual1.jpg","width":516,"height":76,"caption":"Diario Textual"},"image":{"@id":"https:\/\/diariotextual.com\/inicio\/#\/schema\/logo\/image\/"},"sameAs":["https:\/\/www.facebook.com\/eltextual","https:\/\/x.com\/eltextual","http:\/\/www.instagram.com\/eltextual"]},{"@type":"Person","@id":"https:\/\/diariotextual.com\/inicio\/#\/schema\/person\/418fc4093c33e86ed41562db3508f958","name":"Diario1 Diario1","image":{"@type":"ImageObject","inLanguage":"es","@id":"https:\/\/secure.gravatar.com\/avatar\/9167d280179c85bc18be67aa7eda765854300033af4896dd779b608640f2ef7a?s=96&d=mm&r=g","url":"https:\/\/secure.gravatar.com\/avatar\/9167d280179c85bc18be67aa7eda765854300033af4896dd779b608640f2ef7a?s=96&d=mm&r=g","contentUrl":"https:\/\/secure.gravatar.com\/avatar\/9167d280179c85bc18be67aa7eda765854300033af4896dd779b608640f2ef7a?s=96&d=mm&r=g","caption":"Diario1 Diario1"},"url":"https:\/\/diariotextual.com\/inicio\/index.php\/author\/diario1\/"}]}},"_links":{"self":[{"href":"https:\/\/diariotextual.com\/inicio\/index.php\/wp-json\/wp\/v2\/posts\/254064","targetHints":{"allow":["GET"]}}],"collection":[{"href":"https:\/\/diariotextual.com\/inicio\/index.php\/wp-json\/wp\/v2\/posts"}],"about":[{"href":"https:\/\/diariotextual.com\/inicio\/index.php\/wp-json\/wp\/v2\/types\/post"}],"author":[{"embeddable":true,"href":"https:\/\/diariotextual.com\/inicio\/index.php\/wp-json\/wp\/v2\/users\/3"}],"replies":[{"embeddable":true,"href":"https:\/\/diariotextual.com\/inicio\/index.php\/wp-json\/wp\/v2\/comments?post=254064"}],"version-history":[{"count":1,"href":"https:\/\/diariotextual.com\/inicio\/index.php\/wp-json\/wp\/v2\/posts\/254064\/revisions"}],"predecessor-version":[{"id":254065,"href":"https:\/\/diariotextual.com\/inicio\/index.php\/wp-json\/wp\/v2\/posts\/254064\/revisions\/254065"}],"wp:featuredmedia":[{"embeddable":true,"href":"https:\/\/diariotextual.com\/inicio\/index.php\/wp-json\/wp\/v2\/media\/254066"}],"wp:attachment":[{"href":"https:\/\/diariotextual.com\/inicio\/index.php\/wp-json\/wp\/v2\/media?parent=254064"}],"wp:term":[{"taxonomy":"category","embeddable":true,"href":"https:\/\/diariotextual.com\/inicio\/index.php\/wp-json\/wp\/v2\/categories?post=254064"},{"taxonomy":"post_tag","embeddable":true,"href":"https:\/\/diariotextual.com\/inicio\/index.php\/wp-json\/wp\/v2\/tags?post=254064"}],"curies":[{"name":"wp","href":"https:\/\/api.w.org\/{rel}","templated":true}]}}